{"id":17878,"date":"2020-01-30T09:14:52","date_gmt":"2020-01-30T13:14:52","guid":{"rendered":"http:\/\/www.mpppst.gob.ve\/mpppstweb\/?p=17878"},"modified":"2020-01-30T09:14:53","modified_gmt":"2020-01-30T13:14:53","slug":"venezuela-esta-dispuesta-a-restablecer-relaciones-consulares-con-colombia-previa-rectificacion-de-duque","status":"publish","type":"post","link":"https:\/\/www.mpppst.gob.ve\/mpppstweb\/index.php\/2020\/01\/30\/venezuela-esta-dispuesta-a-restablecer-relaciones-consulares-con-colombia-previa-rectificacion-de-duque\/","title":{"rendered":"Venezuela est\u00e1 dispuesta a restablecer relaciones consulares con Colombia previa rectificaci\u00f3n de Duque"},"content":{"rendered":"\n<p class=\"wp-block-paragraph\">Este mi\u00e9rcoles el presidente de la <strong>Rep\u00fablica Bolivariana de Venezuela<\/strong>,\u00a0<strong>Nicol\u00e1s Maduro<\/strong>, asegur\u00f3 que <strong>Venezuela<\/strong> est\u00e1 dispuesta a restablecer relaciones consulares con Colombia previa rectificaci\u00f3n del presidente Iv\u00e1n Duque.<\/p>\n\n\n\n<p class=\"wp-block-paragraph\">\u201cYo estoy dispuesto a restablecer las relaciones a nivel consular con el gobierno de Colombia y que todos estos temas se puedan llevar a trav\u00e9s de los c\u00f3nsules. Iv\u00e1n Duque, esc\u00fachame!\u201d, expres\u00f3 el Mandatario Nacional.<\/p>\n\n\n\n<p class=\"wp-block-paragraph\">En ese sentido, asegur\u00f3 que el presidente colombiano llev\u00f3 las relaciones bilaterales entre <strong>Venezuela<\/strong> y Colombia por el extremismo y a un punto jam\u00e1s visto en las leyes internacionales.<\/p>\n\n\n\n<p class=\"wp-block-paragraph\">\u201cEl 90% de las relaciones fueron de cooperaci\u00f3n. <strong>Venezuela<\/strong> ha capturado a capos de la droga y se los envi\u00e1bamos a Colombia de inmediato, porque hab\u00eda comunicaci\u00f3n a pesar de las diferencias. Iv\u00e1n Duque ha demostrado que no es un estadista y que no est\u00e1 a la altura de dirigir un Estado\u201d, lament\u00f3 el presidente Maduro.<\/p>\n\n\n\n<p class=\"wp-block-paragraph\">Detall\u00f3 que <strong>Venezuela<\/strong>, cumpliendo leyes internacionales, procedi\u00f3 a hacer un allanamiento para capturar a unos ciudadanos colombianos, acci\u00f3n en la que fue\u00a0 aprehendida una senadora de un partido de derecha del Atl\u00e1ntico colombiano de nombre Aida Merlano y de inmediato participaron a Interpol de Colombia y a las autoridades de esa naci\u00f3n.\u00a0\u00a0<\/p>\n\n\n\n<p class=\"wp-block-paragraph\">\u201cIv\u00e1n Duque volvi\u00f3 a decir que va a solicitar la senadora a Juan Guaid\u00f3. Es un mal chiste la intenci\u00f3n del gobierno colombiano de pedir la extradici\u00f3n de la senadora Aida Merlano al autoproclamado Juan Guaid\u00f3\u201d.<\/p>\n\n\n\n<p class=\"wp-block-paragraph\">\u201c<strong>Venezuela<\/strong> y Colombia son pa\u00edses vecinos y no importa la diferencia que tengamos los presidentes o los gobiernos, tenemos m\u00e1s de 30 personas capturadas solicitadas por Interpol Colombia y no sabemos a qui\u00e9n entreg\u00e1rselas porque el Gobierno de Iv\u00e1n Duque no las ha solicitado\u201d, especific\u00f3 el presidente <strong>Maduro<\/strong>.<\/p>\n\n\n\n<p class=\"wp-block-paragraph\">Prensa Web VTV<\/p>\n","protected":false},"excerpt":{"rendered":"<p>Este mi\u00e9rcoles el presidente de la Rep\u00fablica Bolivariana de Venezuela,\u00a0Nicol\u00e1s Maduro, asegur\u00f3 que Venezuela est\u00e1 dispuesta &hellip; <a title=\"Venezuela est\u00e1 dispuesta a restablecer relaciones consulares con Colombia previa rectificaci\u00f3n de Duque\" class=\"hm-read-more\" href=\"https:\/\/www.mpppst.gob.ve\/mpppstweb\/index.php\/2020\/01\/30\/venezuela-esta-dispuesta-a-restablecer-relaciones-consulares-con-colombia-previa-rectificacion-de-duque\/\"><span class=\"screen-reader-text\">Venezuela est\u00e1 dispuesta a restablecer relaciones consulares con Colombia previa rectificaci\u00f3n de Duque<\/span>Leer m\u00e1s<\/a><\/p>\n","protected":false},"author":25,"featured_media":17879,"comment_status":"closed","ping_status":"closed","sticky":false,"template":"","format":"standard","meta":{"footnotes":""},"categories":[82,163],"tags":[341,224,335],"class_list":["post-17878","post","type-post","status-publish","format-standard","has-post-thumbnail","hentry","category-gobierno-nacional","category-noticias","tag-nicolas-maduro","tag-revolucion-bolivariana","tag-venezuela"],"yoast_head":"<!-- This site is optimized with the Yoast SEO plugin v28.4 - https:\/\/yoast.com\/product\/yoast-seo-wordpress\/ -->\n<title>Venezuela est\u00e1 dispuesta a restablecer relaciones consulares con Colombia previa rectificaci\u00f3n de Duque - MPPPST<\/title>\n<meta name=\"robots\" content=\"index, follow, max-snippet:-1, max-image-preview:large, max-video-preview:-1\" \/>\n<link rel=\"canonical\" href=\"https:\/\/www.mpppst.gob.ve\/mpppstweb\/index.php\/2020\/01\/30\/venezuela-esta-dispuesta-a-restablecer-relaciones-consulares-con-colombia-previa-rectificacion-de-duque\/\" \/>\n<meta property=\"og:locale\" content=\"es_ES\" \/>\n<meta property=\"og:type\" content=\"article\" \/>\n<meta property=\"og:title\" content=\"Venezuela est\u00e1 dispuesta a restablecer relaciones consulares con Colombia previa rectificaci\u00f3n de Duque - MPPPST\" \/>\n<meta property=\"og:description\" content=\"Este mi\u00e9rcoles el presidente de la Rep\u00fablica Bolivariana de Venezuela,\u00a0Nicol\u00e1s Maduro, asegur\u00f3 que Venezuela est\u00e1 dispuesta &hellip; Venezuela est\u00e1 dispuesta a restablecer relaciones consulares con Colombia previa rectificaci\u00f3n de DuqueLeer m\u00e1s\" \/>\n<meta property=\"og:url\" content=\"https:\/\/www.mpppst.gob.ve\/mpppstweb\/index.php\/2020\/01\/30\/venezuela-esta-dispuesta-a-restablecer-relaciones-consulares-con-colombia-previa-rectificacion-de-duque\/\" \/>\n<meta property=\"og:site_name\" content=\"MPPPST\" \/>\n<meta property=\"article:publisher\" content=\"https:\/\/www.facebook.com\/mintrabajo_ve\" \/>\n<meta property=\"article:published_time\" content=\"2020-01-30T13:14:52+00:00\" \/>\n<meta property=\"article:modified_time\" content=\"2020-01-30T13:14:53+00:00\" \/>\n<meta property=\"og:image\" content=\"https:\/\/www.mpppst.gob.ve\/mpppstweb\/wp-content\/uploads\/2020\/01\/presidente.jpg\" \/>\n\t<meta property=\"og:image:width\" content=\"800\" \/>\n\t<meta property=\"og:image:height\" content=\"445\" \/>\n\t<meta property=\"og:image:type\" content=\"image\/jpeg\" \/>\n<meta name=\"author\" content=\"MPPPST Prensa\" \/>\n<meta name=\"twitter:card\" content=\"summary_large_image\" \/>\n<script type=\"application\/ld+json\" class=\"yoast-schema-graph\">{\"@context\":\"https:\\\/\\\/schema.org\",\"@graph\":[{\"@type\":\"Article\",\"@id\":\"https:\\\/\\\/www.mpppst.gob.ve\\\/mpppstweb\\\/index.php\\\/2020\\\/01\\\/30\\\/venezuela-esta-dispuesta-a-restablecer-relaciones-consulares-con-colombia-previa-rectificacion-de-duque\\\/#article\",\"isPartOf\":{\"@id\":\"https:\\\/\\\/www.mpppst.gob.ve\\\/mpppstweb\\\/index.php\\\/2020\\\/01\\\/30\\\/venezuela-esta-dispuesta-a-restablecer-relaciones-consulares-con-colombia-previa-rectificacion-de-duque\\\/\"},\"author\":{\"name\":\"MPPPST Prensa\",\"@id\":\"https:\\\/\\\/www.mpppst.gob.ve\\\/mpppstweb\\\/#\\\/schema\\\/person\\\/fc187ee8ead412bd4c9304b62f900ea4\"},\"headline\":\"Venezuela est\u00e1 dispuesta a restablecer relaciones consulares con Colombia previa rectificaci\u00f3n de Duque\",\"datePublished\":\"2020-01-30T13:14:52+00:00\",\"dateModified\":\"2020-01-30T13:14:53+00:00\",\"mainEntityOfPage\":{\"@id\":\"https:\\\/\\\/www.mpppst.gob.ve\\\/mpppstweb\\\/index.php\\\/2020\\\/01\\\/30\\\/venezuela-esta-dispuesta-a-restablecer-relaciones-consulares-con-colombia-previa-rectificacion-de-duque\\\/\"},\"wordCount\":326,\"publisher\":{\"@id\":\"https:\\\/\\\/www.mpppst.gob.ve\\\/mpppstweb\\\/#organization\"},\"image\":{\"@id\":\"https:\\\/\\\/www.mpppst.gob.ve\\\/mpppstweb\\\/index.php\\\/2020\\\/01\\\/30\\\/venezuela-esta-dispuesta-a-restablecer-relaciones-consulares-con-colombia-previa-rectificacion-de-duque\\\/#primaryimage\"},\"thumbnailUrl\":\"https:\\\/\\\/www.mpppst.gob.ve\\\/mpppstweb\\\/wp-content\\\/uploads\\\/2020\\\/01\\\/presidente.jpg\",\"keywords\":[\"Nicol\u00e1s Maduro\",\"Revoluci\u00f3n Bolivariana\",\"Venezuela\"],\"articleSection\":[\"Gobierno Nacional\",\"Noticias\"],\"inLanguage\":\"es\"},{\"@type\":\"WebPage\",\"@id\":\"https:\\\/\\\/www.mpppst.gob.ve\\\/mpppstweb\\\/index.php\\\/2020\\\/01\\\/30\\\/venezuela-esta-dispuesta-a-restablecer-relaciones-consulares-con-colombia-previa-rectificacion-de-duque\\\/\",\"url\":\"https:\\\/\\\/www.mpppst.gob.ve\\\/mpppstweb\\\/index.php\\\/2020\\\/01\\\/30\\\/venezuela-esta-dispuesta-a-restablecer-relaciones-consulares-con-colombia-previa-rectificacion-de-duque\\\/\",\"name\":\"Venezuela est\u00e1 dispuesta a restablecer relaciones consulares con Colombia previa rectificaci\u00f3n de Duque - MPPPST\",\"isPartOf\":{\"@id\":\"https:\\\/\\\/www.mpppst.gob.ve\\\/mpppstweb\\\/#website\"},\"primaryImageOfPage\":{\"@id\":\"https:\\\/\\\/www.mpppst.gob.ve\\\/mpppstweb\\\/index.php\\\/2020\\\/01\\\/30\\\/venezuela-esta-dispuesta-a-restablecer-relaciones-consulares-con-colombia-previa-rectificacion-de-duque\\\/#primaryimage\"},\"image\":{\"@id\":\"https:\\\/\\\/www.mpppst.gob.ve\\\/mpppstweb\\\/index.php\\\/2020\\\/01\\\/30\\\/venezuela-esta-dispuesta-a-restablecer-relaciones-consulares-con-colombia-previa-rectificacion-de-duque\\\/#primaryimage\"},\"thumbnailUrl\":\"https:\\\/\\\/www.mpppst.gob.ve\\\/mpppstweb\\\/wp-content\\\/uploads\\\/2020\\\/01\\\/presidente.jpg\",\"datePublished\":\"2020-01-30T13:14:52+00:00\",\"dateModified\":\"2020-01-30T13:14:53+00:00\",\"breadcrumb\":{\"@id\":\"https:\\\/\\\/www.mpppst.gob.ve\\\/mpppstweb\\\/index.php\\\/2020\\\/01\\\/30\\\/venezuela-esta-dispuesta-a-restablecer-relaciones-consulares-con-colombia-previa-rectificacion-de-duque\\\/#breadcrumb\"},\"inLanguage\":\"es\",\"potentialAction\":[{\"@type\":\"ReadAction\",\"target\":[\"https:\\\/\\\/www.mpppst.gob.ve\\\/mpppstweb\\\/index.php\\\/2020\\\/01\\\/30\\\/venezuela-esta-dispuesta-a-restablecer-relaciones-consulares-con-colombia-previa-rectificacion-de-duque\\\/\"]}]},{\"@type\":\"ImageObject\",\"inLanguage\":\"es\",\"@id\":\"https:\\\/\\\/www.mpppst.gob.ve\\\/mpppstweb\\\/index.php\\\/2020\\\/01\\\/30\\\/venezuela-esta-dispuesta-a-restablecer-relaciones-consulares-con-colombia-previa-rectificacion-de-duque\\\/#primaryimage\",\"url\":\"https:\\\/\\\/www.mpppst.gob.ve\\\/mpppstweb\\\/wp-content\\\/uploads\\\/2020\\\/01\\\/presidente.jpg\",\"contentUrl\":\"https:\\\/\\\/www.mpppst.gob.ve\\\/mpppstweb\\\/wp-content\\\/uploads\\\/2020\\\/01\\\/presidente.jpg\",\"width\":800,\"height\":445},{\"@type\":\"BreadcrumbList\",\"@id\":\"https:\\\/\\\/www.mpppst.gob.ve\\\/mpppstweb\\\/index.php\\\/2020\\\/01\\\/30\\\/venezuela-esta-dispuesta-a-restablecer-relaciones-consulares-con-colombia-previa-rectificacion-de-duque\\\/#breadcrumb\",\"itemListElement\":[{\"@type\":\"ListItem\",\"position\":1,\"name\":\"Home\",\"item\":\"https:\\\/\\\/www.mpppst.gob.ve\\\/mpppstweb\\\/\"},{\"@type\":\"ListItem\",\"position\":2,\"name\":\"Venezuela est\u00e1 dispuesta a restablecer relaciones consulares con Colombia previa rectificaci\u00f3n de Duque\"}]},{\"@type\":\"WebSite\",\"@id\":\"https:\\\/\\\/www.mpppst.gob.ve\\\/mpppstweb\\\/#website\",\"url\":\"https:\\\/\\\/www.mpppst.gob.ve\\\/mpppstweb\\\/\",\"name\":\"MPPPST\",\"description\":\"Sitio web oficial del Ministerio del Poder Popular para el Proceso Social de Trabajo\",\"publisher\":{\"@id\":\"https:\\\/\\\/www.mpppst.gob.ve\\\/mpppstweb\\\/#organization\"},\"alternateName\":\"Ministerio del Poder Popular para el Proceso Social de Trabajo\",\"potentialAction\":[{\"@type\":\"SearchAction\",\"target\":{\"@type\":\"EntryPoint\",\"urlTemplate\":\"https:\\\/\\\/www.mpppst.gob.ve\\\/mpppstweb\\\/?s={search_term_string}\"},\"query-input\":{\"@type\":\"PropertyValueSpecification\",\"valueRequired\":true,\"valueName\":\"search_term_string\"}}],\"inLanguage\":\"es\"},{\"@type\":\"Organization\",\"@id\":\"https:\\\/\\\/www.mpppst.gob.ve\\\/mpppstweb\\\/#organization\",\"name\":\"Ministerio del Poder Popular para el Proceso Social de Trabajo\",\"alternateName\":\"MPPPST\",\"url\":\"https:\\\/\\\/www.mpppst.gob.ve\\\/mpppstweb\\\/\",\"logo\":{\"@type\":\"ImageObject\",\"inLanguage\":\"es\",\"@id\":\"https:\\\/\\\/www.mpppst.gob.ve\\\/mpppstweb\\\/#\\\/schema\\\/logo\\\/image\\\/\",\"url\":\"https:\\\/\\\/www.mpppst.gob.ve\\\/mpppstweb\\\/wp-content\\\/uploads\\\/2025\\\/07\\\/cropped-cropped-g910.png\",\"contentUrl\":\"https:\\\/\\\/www.mpppst.gob.ve\\\/mpppstweb\\\/wp-content\\\/uploads\\\/2025\\\/07\\\/cropped-cropped-g910.png\",\"width\":1080,\"height\":241,\"caption\":\"Ministerio del Poder Popular para el Proceso Social de Trabajo\"},\"image\":{\"@id\":\"https:\\\/\\\/www.mpppst.gob.ve\\\/mpppstweb\\\/#\\\/schema\\\/logo\\\/image\\\/\"},\"sameAs\":[\"https:\\\/\\\/www.facebook.com\\\/mintrabajo_ve\",\"https:\\\/\\\/www.instagram.com\\\/mintrabajo_ve\\\/\",\"https:\\\/\\\/www.tiktok.com\\\/@mintrabajo_ve\",\"https:\\\/\\\/t.me\\\/mpppst\"]},{\"@type\":\"Person\",\"@id\":\"https:\\\/\\\/www.mpppst.gob.ve\\\/mpppstweb\\\/#\\\/schema\\\/person\\\/fc187ee8ead412bd4c9304b62f900ea4\",\"name\":\"MPPPST Prensa\",\"url\":\"https:\\\/\\\/www.mpppst.gob.ve\\\/mpppstweb\\\/index.php\\\/author\\\/prensa-mpppst\\\/\"}]}<\/script>\n<!-- \/ Yoast SEO plugin. -->","yoast_head_json":{"title":"Venezuela est\u00e1 dispuesta a restablecer relaciones consulares con Colombia previa rectificaci\u00f3n de Duque - MPPPST","robots":{"index":"index","follow":"follow","max-snippet":"max-snippet:-1","max-image-preview":"max-image-preview:large","max-video-preview":"max-video-preview:-1"},"canonical":"https:\/\/www.mpppst.gob.ve\/mpppstweb\/index.php\/2020\/01\/30\/venezuela-esta-dispuesta-a-restablecer-relaciones-consulares-con-colombia-previa-rectificacion-de-duque\/","og_locale":"es_ES","og_type":"article","og_title":"Venezuela est\u00e1 dispuesta a restablecer relaciones consulares con Colombia previa rectificaci\u00f3n de Duque - MPPPST","og_description":"Este mi\u00e9rcoles el presidente de la Rep\u00fablica Bolivariana de Venezuela,\u00a0Nicol\u00e1s Maduro, asegur\u00f3 que Venezuela est\u00e1 dispuesta &hellip; Venezuela est\u00e1 dispuesta a restablecer relaciones consulares con Colombia previa rectificaci\u00f3n de DuqueLeer m\u00e1s","og_url":"https:\/\/www.mpppst.gob.ve\/mpppstweb\/index.php\/2020\/01\/30\/venezuela-esta-dispuesta-a-restablecer-relaciones-consulares-con-colombia-previa-rectificacion-de-duque\/","og_site_name":"MPPPST","article_publisher":"https:\/\/www.facebook.com\/mintrabajo_ve","article_published_time":"2020-01-30T13:14:52+00:00","article_modified_time":"2020-01-30T13:14:53+00:00","og_image":[{"width":800,"height":445,"url":"https:\/\/www.mpppst.gob.ve\/mpppstweb\/wp-content\/uploads\/2020\/01\/presidente.jpg","type":"image\/jpeg"}],"author":"MPPPST Prensa","twitter_card":"summary_large_image","schema":{"@context":"https:\/\/schema.org","@graph":[{"@type":"Article","@id":"https:\/\/www.mpppst.gob.ve\/mpppstweb\/index.php\/2020\/01\/30\/venezuela-esta-dispuesta-a-restablecer-relaciones-consulares-con-colombia-previa-rectificacion-de-duque\/#article","isPartOf":{"@id":"https:\/\/www.mpppst.gob.ve\/mpppstweb\/index.php\/2020\/01\/30\/venezuela-esta-dispuesta-a-restablecer-relaciones-consulares-con-colombia-previa-rectificacion-de-duque\/"},"author":{"name":"MPPPST Prensa","@id":"https:\/\/www.mpppst.gob.ve\/mpppstweb\/#\/schema\/person\/fc187ee8ead412bd4c9304b62f900ea4"},"headline":"Venezuela est\u00e1 dispuesta a restablecer relaciones consulares con Colombia previa rectificaci\u00f3n de Duque","datePublished":"2020-01-30T13:14:52+00:00","dateModified":"2020-01-30T13:14:53+00:00","mainEntityOfPage":{"@id":"https:\/\/www.mpppst.gob.ve\/mpppstweb\/index.php\/2020\/01\/30\/venezuela-esta-dispuesta-a-restablecer-relaciones-consulares-con-colombia-previa-rectificacion-de-duque\/"},"wordCount":326,"publisher":{"@id":"https:\/\/www.mpppst.gob.ve\/mpppstweb\/#organization"},"image":{"@id":"https:\/\/www.mpppst.gob.ve\/mpppstweb\/index.php\/2020\/01\/30\/venezuela-esta-dispuesta-a-restablecer-relaciones-consulares-con-colombia-previa-rectificacion-de-duque\/#primaryimage"},"thumbnailUrl":"https:\/\/www.mpppst.gob.ve\/mpppstweb\/wp-content\/uploads\/2020\/01\/presidente.jpg","keywords":["Nicol\u00e1s Maduro","Revoluci\u00f3n Bolivariana","Venezuela"],"articleSection":["Gobierno Nacional","Noticias"],"inLanguage":"es"},{"@type":"WebPage","@id":"https:\/\/www.mpppst.gob.ve\/mpppstweb\/index.php\/2020\/01\/30\/venezuela-esta-dispuesta-a-restablecer-relaciones-consulares-con-colombia-previa-rectificacion-de-duque\/","url":"https:\/\/www.mpppst.gob.ve\/mpppstweb\/index.php\/2020\/01\/30\/venezuela-esta-dispuesta-a-restablecer-relaciones-consulares-con-colombia-previa-rectificacion-de-duque\/","name":"Venezuela est\u00e1 dispuesta a restablecer relaciones consulares con Colombia previa rectificaci\u00f3n de Duque - MPPPST","isPartOf":{"@id":"https:\/\/www.mpppst.gob.ve\/mpppstweb\/#website"},"primaryImageOfPage":{"@id":"https:\/\/www.mpppst.gob.ve\/mpppstweb\/index.php\/2020\/01\/30\/venezuela-esta-dispuesta-a-restablecer-relaciones-consulares-con-colombia-previa-rectificacion-de-duque\/#primaryimage"},"image":{"@id":"https:\/\/www.mpppst.gob.ve\/mpppstweb\/index.php\/2020\/01\/30\/venezuela-esta-dispuesta-a-restablecer-relaciones-consulares-con-colombia-previa-rectificacion-de-duque\/#primaryimage"},"thumbnailUrl":"https:\/\/www.mpppst.gob.ve\/mpppstweb\/wp-content\/uploads\/2020\/01\/presidente.jpg","datePublished":"2020-01-30T13:14:52+00:00","dateModified":"2020-01-30T13:14:53+00:00","breadcrumb":{"@id":"https:\/\/www.mpppst.gob.ve\/mpppstweb\/index.php\/2020\/01\/30\/venezuela-esta-dispuesta-a-restablecer-relaciones-consulares-con-colombia-previa-rectificacion-de-duque\/#breadcrumb"},"inLanguage":"es","potentialAction":[{"@type":"ReadAction","target":["https:\/\/www.mpppst.gob.ve\/mpppstweb\/index.php\/2020\/01\/30\/venezuela-esta-dispuesta-a-restablecer-relaciones-consulares-con-colombia-previa-rectificacion-de-duque\/"]}]},{"@type":"ImageObject","inLanguage":"es","@id":"https:\/\/www.mpppst.gob.ve\/mpppstweb\/index.php\/2020\/01\/30\/venezuela-esta-dispuesta-a-restablecer-relaciones-consulares-con-colombia-previa-rectificacion-de-duque\/#primaryimage","url":"https:\/\/www.mpppst.gob.ve\/mpppstweb\/wp-content\/uploads\/2020\/01\/presidente.jpg","contentUrl":"https:\/\/www.mpppst.gob.ve\/mpppstweb\/wp-content\/uploads\/2020\/01\/presidente.jpg","width":800,"height":445},{"@type":"BreadcrumbList","@id":"https:\/\/www.mpppst.gob.ve\/mpppstweb\/index.php\/2020\/01\/30\/venezuela-esta-dispuesta-a-restablecer-relaciones-consulares-con-colombia-previa-rectificacion-de-duque\/#breadcrumb","itemListElement":[{"@type":"ListItem","position":1,"name":"Home","item":"https:\/\/www.mpppst.gob.ve\/mpppstweb\/"},{"@type":"ListItem","position":2,"name":"Venezuela est\u00e1 dispuesta a restablecer relaciones consulares con Colombia previa rectificaci\u00f3n de Duque"}]},{"@type":"WebSite","@id":"https:\/\/www.mpppst.gob.ve\/mpppstweb\/#website","url":"https:\/\/www.mpppst.gob.ve\/mpppstweb\/","name":"MPPPST","description":"Sitio web oficial del Ministerio del Poder Popular para el Proceso Social de Trabajo","publisher":{"@id":"https:\/\/www.mpppst.gob.ve\/mpppstweb\/#organization"},"alternateName":"Ministerio del Poder Popular para el Proceso Social de Trabajo","potentialAction":[{"@type":"SearchAction","target":{"@type":"EntryPoint","urlTemplate":"https:\/\/www.mpppst.gob.ve\/mpppstweb\/?s={search_term_string}"},"query-input":{"@type":"PropertyValueSpecification","valueRequired":true,"valueName":"search_term_string"}}],"inLanguage":"es"},{"@type":"Organization","@id":"https:\/\/www.mpppst.gob.ve\/mpppstweb\/#organization","name":"Ministerio del Poder Popular para el Proceso Social de Trabajo","alternateName":"MPPPST","url":"https:\/\/www.mpppst.gob.ve\/mpppstweb\/","logo":{"@type":"ImageObject","inLanguage":"es","@id":"https:\/\/www.mpppst.gob.ve\/mpppstweb\/#\/schema\/logo\/image\/","url":"https:\/\/www.mpppst.gob.ve\/mpppstweb\/wp-content\/uploads\/2025\/07\/cropped-cropped-g910.png","contentUrl":"https:\/\/www.mpppst.gob.ve\/mpppstweb\/wp-content\/uploads\/2025\/07\/cropped-cropped-g910.png","width":1080,"height":241,"caption":"Ministerio del Poder Popular para el Proceso Social de Trabajo"},"image":{"@id":"https:\/\/www.mpppst.gob.ve\/mpppstweb\/#\/schema\/logo\/image\/"},"sameAs":["https:\/\/www.facebook.com\/mintrabajo_ve","https:\/\/www.instagram.com\/mintrabajo_ve\/","https:\/\/www.tiktok.com\/@mintrabajo_ve","https:\/\/t.me\/mpppst"]},{"@type":"Person","@id":"https:\/\/www.mpppst.gob.ve\/mpppstweb\/#\/schema\/person\/fc187ee8ead412bd4c9304b62f900ea4","name":"MPPPST Prensa","url":"https:\/\/www.mpppst.gob.ve\/mpppstweb\/index.php\/author\/prensa-mpppst\/"}]}},"_links":{"self":[{"href":"https:\/\/www.mpppst.gob.ve\/mpppstweb\/index.php\/wp-json\/wp\/v2\/posts\/17878","targetHints":{"allow":["GET"]}}],"collection":[{"href":"https:\/\/www.mpppst.gob.ve\/mpppstweb\/index.php\/wp-json\/wp\/v2\/posts"}],"about":[{"href":"https:\/\/www.mpppst.gob.ve\/mpppstweb\/index.php\/wp-json\/wp\/v2\/types\/post"}],"author":[{"embeddable":true,"href":"https:\/\/www.mpppst.gob.ve\/mpppstweb\/index.php\/wp-json\/wp\/v2\/users\/25"}],"replies":[{"embeddable":true,"href":"https:\/\/www.mpppst.gob.ve\/mpppstweb\/index.php\/wp-json\/wp\/v2\/comments?post=17878"}],"version-history":[{"count":1,"href":"https:\/\/www.mpppst.gob.ve\/mpppstweb\/index.php\/wp-json\/wp\/v2\/posts\/17878\/revisions"}],"predecessor-version":[{"id":17880,"href":"https:\/\/www.mpppst.gob.ve\/mpppstweb\/index.php\/wp-json\/wp\/v2\/posts\/17878\/revisions\/17880"}],"wp:featuredmedia":[{"embeddable":true,"href":"https:\/\/www.mpppst.gob.ve\/mpppstweb\/index.php\/wp-json\/wp\/v2\/media\/17879"}],"wp:attachment":[{"href":"https:\/\/www.mpppst.gob.ve\/mpppstweb\/index.php\/wp-json\/wp\/v2\/media?parent=17878"}],"wp:term":[{"taxonomy":"category","embeddable":true,"href":"https:\/\/www.mpppst.gob.ve\/mpppstweb\/index.php\/wp-json\/wp\/v2\/categories?post=17878"},{"taxonomy":"post_tag","embeddable":true,"href":"https:\/\/www.mpppst.gob.ve\/mpppstweb\/index.php\/wp-json\/wp\/v2\/tags?post=17878"}],"curies":[{"name":"wp","href":"https:\/\/api.w.org\/{rel}","templated":true}]}}