{"id":17904,"date":"2020-01-31T09:39:36","date_gmt":"2020-01-31T13:39:36","guid":{"rendered":"http:\/\/www.mpppst.gob.ve\/mpppstweb\/?p=17904"},"modified":"2020-01-31T09:39:37","modified_gmt":"2020-01-31T13:39:37","slug":"presidente-maduro-instruye-incorporacion-de-todas-las-brigadas-de-trabajo-a-las-bricop","status":"publish","type":"post","link":"https:\/\/www.mpppst.gob.ve\/mpppstweb\/index.php\/2020\/01\/31\/presidente-maduro-instruye-incorporacion-de-todas-las-brigadas-de-trabajo-a-las-bricop\/","title":{"rendered":"Presidente Maduro instruye incorporaci\u00f3n de todas las brigadas de trabajo a las Bricop"},"content":{"rendered":"\n<p class=\"wp-block-paragraph\">El presidente de la Rep\u00fablica Bolivariana de Venezuela,&nbsp;<strong>Nicolas Maduro<\/strong>, instruy\u00f3 la incorporaci\u00f3n y unificaci\u00f3n de todas las&nbsp;<strong>Brigadas Comunales de Obras P\u00fablicas<\/strong>&nbsp;(Bricop) en un solo esfuerzo para darle al&nbsp;<strong>Poder Popular<\/strong>&nbsp;la capacidad de acci\u00f3n, de reconstrucci\u00f3n y reparaci\u00f3n.<\/p>\n\n\n\n<p class=\"wp-block-paragraph\">As\u00ed lo dio a conocer este jueves, desde el C\u00edrculo Militar en Caracas, en el contexto del primer aniversario de la&nbsp;<strong>Misi\u00f3n Venezuela Bella<\/strong>. &nbsp;<\/p>\n\n\n\n<p class=\"wp-block-paragraph\">De esta manera, el Jefe de Estado, expres\u00f3 que hay 300 brigadas de la&nbsp;<strong>Misi\u00f3n Bella Venezuela<\/strong>&nbsp;y 300&nbsp;<strong>Bricop<\/strong>&nbsp;e instruy\u00f3 que a partir de la presente fecha se conviertan en 600.<\/p>\n\n\n\n<p class=\"wp-block-paragraph\">\u201cApoyadas, respaldadas y en avance porque yo estudi\u00e9 a fondo y aprob\u00e9 el concepto de las&nbsp;<strong>Bricop<\/strong>&nbsp;para darle al&nbsp;<strong>Poder Popular<\/strong>&nbsp;capacidad de acci\u00f3n, de reconstrucci\u00f3n y reparaci\u00f3n, para darle los materiales, los recursos y que las Bricop se encarguen de recuperar su comunidad que es lo m\u00e1s importante para nosotros\u201d.<\/p>\n\n\n\n<p class=\"wp-block-paragraph\">Asimismo, que se encargar\u00e1n de recuperar las avenidas, plazas, comunidades y espacios p\u00fablicos. \u201c\u00bfQui\u00e9n lo puede hacer? el&nbsp;<strong>Poder Popular,<\/strong>&nbsp;en el contexto de las 7 l\u00edneas estrat\u00e9gicas; en los pr\u00f3ximos d\u00edas voy a mostrar todos los anuncios de las metas y avances de la&nbsp;<strong>Misi\u00f3n Venezuela Bella<\/strong>&nbsp;y el empoderamiento del&nbsp;<strong>Poder Popular<\/strong>&nbsp;para la reparaci\u00f3n, mejor\u00eda de espacios p\u00fablicos y comunidades\u201d, dijo el Mandatario Nacional.<\/p>\n\n\n\n<p class=\"wp-block-paragraph\">\u201cYo quiero que todo mejore, avance y le pido al<strong>\u00a0Poder Popular<\/strong>\u00a0m\u00e1s vigilancia, participaci\u00f3n, cr\u00edtica y que le exijan a los gobernantes y a nosotros. La Misi\u00f3n Venezuela bella tiene que brillar y con las 7 l\u00edneas estrat\u00e9gicas vamos a convertir al a\u00f1o 2020 en nuestro a\u00f1o\u201d, asever\u00f3<\/p>\n\n\n\n<p class=\"wp-block-paragraph\">Prensa VTV<\/p>\n","protected":false},"excerpt":{"rendered":"<p>El presidente de la Rep\u00fablica Bolivariana de Venezuela,&nbsp;Nicolas Maduro, instruy\u00f3 la incorporaci\u00f3n y unificaci\u00f3n de todas &hellip; <a title=\"Presidente Maduro instruye incorporaci\u00f3n de todas las brigadas de trabajo a las Bricop\" class=\"hm-read-more\" href=\"https:\/\/www.mpppst.gob.ve\/mpppstweb\/index.php\/2020\/01\/31\/presidente-maduro-instruye-incorporacion-de-todas-las-brigadas-de-trabajo-a-las-bricop\/\"><span class=\"screen-reader-text\">Presidente Maduro instruye incorporaci\u00f3n de todas las brigadas de trabajo a las Bricop<\/span>Leer m\u00e1s<\/a><\/p>\n","protected":false},"author":25,"featured_media":17905,"comment_status":"closed","ping_status":"closed","sticky":false,"template":"","format":"standard","meta":{"footnotes":""},"categories":[82,163],"tags":[341,335],"class_list":["post-17904","post","type-post","status-publish","format-standard","has-post-thumbnail","hentry","category-gobierno-nacional","category-noticias","tag-nicolas-maduro","tag-venezuela"],"yoast_head":"<!-- This site is optimized with the Yoast SEO plugin v28.4 - https:\/\/yoast.com\/product\/yoast-seo-wordpress\/ -->\n<title>Presidente Maduro instruye incorporaci\u00f3n de todas las brigadas de trabajo a las Bricop - MPPPST<\/title>\n<meta name=\"robots\" content=\"index, follow, max-snippet:-1, max-image-preview:large, max-video-preview:-1\" \/>\n<link rel=\"canonical\" href=\"https:\/\/www.mpppst.gob.ve\/mpppstweb\/index.php\/2020\/01\/31\/presidente-maduro-instruye-incorporacion-de-todas-las-brigadas-de-trabajo-a-las-bricop\/\" \/>\n<meta property=\"og:locale\" content=\"es_ES\" \/>\n<meta property=\"og:type\" content=\"article\" \/>\n<meta property=\"og:title\" content=\"Presidente Maduro instruye incorporaci\u00f3n de todas las brigadas de trabajo a las Bricop - MPPPST\" \/>\n<meta property=\"og:description\" content=\"El presidente de la Rep\u00fablica Bolivariana de Venezuela,&nbsp;Nicolas Maduro, instruy\u00f3 la incorporaci\u00f3n y unificaci\u00f3n de todas &hellip; Presidente Maduro instruye incorporaci\u00f3n de todas las brigadas de trabajo a las BricopLeer m\u00e1s\" \/>\n<meta property=\"og:url\" content=\"https:\/\/www.mpppst.gob.ve\/mpppstweb\/index.php\/2020\/01\/31\/presidente-maduro-instruye-incorporacion-de-todas-las-brigadas-de-trabajo-a-las-bricop\/\" \/>\n<meta property=\"og:site_name\" content=\"MPPPST\" \/>\n<meta property=\"article:publisher\" content=\"https:\/\/www.facebook.com\/mintrabajo_ve\" \/>\n<meta property=\"article:published_time\" content=\"2020-01-31T13:39:36+00:00\" \/>\n<meta property=\"article:modified_time\" content=\"2020-01-31T13:39:37+00:00\" \/>\n<meta property=\"og:image\" content=\"https:\/\/www.mpppst.gob.ve\/mpppstweb\/wp-content\/uploads\/2020\/01\/maduro-5.jpg\" \/>\n\t<meta property=\"og:image:width\" content=\"800\" \/>\n\t<meta property=\"og:image:height\" content=\"445\" \/>\n\t<meta property=\"og:image:type\" content=\"image\/jpeg\" \/>\n<meta name=\"author\" content=\"MPPPST Prensa\" \/>\n<meta name=\"twitter:card\" content=\"summary_large_image\" \/>\n<script type=\"application\/ld+json\" class=\"yoast-schema-graph\">{\"@context\":\"https:\\\/\\\/schema.org\",\"@graph\":[{\"@type\":\"Article\",\"@id\":\"https:\\\/\\\/www.mpppst.gob.ve\\\/mpppstweb\\\/index.php\\\/2020\\\/01\\\/31\\\/presidente-maduro-instruye-incorporacion-de-todas-las-brigadas-de-trabajo-a-las-bricop\\\/#article\",\"isPartOf\":{\"@id\":\"https:\\\/\\\/www.mpppst.gob.ve\\\/mpppstweb\\\/index.php\\\/2020\\\/01\\\/31\\\/presidente-maduro-instruye-incorporacion-de-todas-las-brigadas-de-trabajo-a-las-bricop\\\/\"},\"author\":{\"name\":\"MPPPST Prensa\",\"@id\":\"https:\\\/\\\/www.mpppst.gob.ve\\\/mpppstweb\\\/#\\\/schema\\\/person\\\/fc187ee8ead412bd4c9304b62f900ea4\"},\"headline\":\"Presidente Maduro instruye incorporaci\u00f3n de todas las brigadas de trabajo a las Bricop\",\"datePublished\":\"2020-01-31T13:39:36+00:00\",\"dateModified\":\"2020-01-31T13:39:37+00:00\",\"mainEntityOfPage\":{\"@id\":\"https:\\\/\\\/www.mpppst.gob.ve\\\/mpppstweb\\\/index.php\\\/2020\\\/01\\\/31\\\/presidente-maduro-instruye-incorporacion-de-todas-las-brigadas-de-trabajo-a-las-bricop\\\/\"},\"wordCount\":330,\"publisher\":{\"@id\":\"https:\\\/\\\/www.mpppst.gob.ve\\\/mpppstweb\\\/#organization\"},\"image\":{\"@id\":\"https:\\\/\\\/www.mpppst.gob.ve\\\/mpppstweb\\\/index.php\\\/2020\\\/01\\\/31\\\/presidente-maduro-instruye-incorporacion-de-todas-las-brigadas-de-trabajo-a-las-bricop\\\/#primaryimage\"},\"thumbnailUrl\":\"https:\\\/\\\/www.mpppst.gob.ve\\\/mpppstweb\\\/wp-content\\\/uploads\\\/2020\\\/01\\\/maduro-5.jpg\",\"keywords\":[\"Nicol\u00e1s Maduro\",\"Venezuela\"],\"articleSection\":[\"Gobierno Nacional\",\"Noticias\"],\"inLanguage\":\"es\"},{\"@type\":\"WebPage\",\"@id\":\"https:\\\/\\\/www.mpppst.gob.ve\\\/mpppstweb\\\/index.php\\\/2020\\\/01\\\/31\\\/presidente-maduro-instruye-incorporacion-de-todas-las-brigadas-de-trabajo-a-las-bricop\\\/\",\"url\":\"https:\\\/\\\/www.mpppst.gob.ve\\\/mpppstweb\\\/index.php\\\/2020\\\/01\\\/31\\\/presidente-maduro-instruye-incorporacion-de-todas-las-brigadas-de-trabajo-a-las-bricop\\\/\",\"name\":\"Presidente Maduro instruye incorporaci\u00f3n de todas las brigadas de trabajo a las Bricop - MPPPST\",\"isPartOf\":{\"@id\":\"https:\\\/\\\/www.mpppst.gob.ve\\\/mpppstweb\\\/#website\"},\"primaryImageOfPage\":{\"@id\":\"https:\\\/\\\/www.mpppst.gob.ve\\\/mpppstweb\\\/index.php\\\/2020\\\/01\\\/31\\\/presidente-maduro-instruye-incorporacion-de-todas-las-brigadas-de-trabajo-a-las-bricop\\\/#primaryimage\"},\"image\":{\"@id\":\"https:\\\/\\\/www.mpppst.gob.ve\\\/mpppstweb\\\/index.php\\\/2020\\\/01\\\/31\\\/presidente-maduro-instruye-incorporacion-de-todas-las-brigadas-de-trabajo-a-las-bricop\\\/#primaryimage\"},\"thumbnailUrl\":\"https:\\\/\\\/www.mpppst.gob.ve\\\/mpppstweb\\\/wp-content\\\/uploads\\\/2020\\\/01\\\/maduro-5.jpg\",\"datePublished\":\"2020-01-31T13:39:36+00:00\",\"dateModified\":\"2020-01-31T13:39:37+00:00\",\"breadcrumb\":{\"@id\":\"https:\\\/\\\/www.mpppst.gob.ve\\\/mpppstweb\\\/index.php\\\/2020\\\/01\\\/31\\\/presidente-maduro-instruye-incorporacion-de-todas-las-brigadas-de-trabajo-a-las-bricop\\\/#breadcrumb\"},\"inLanguage\":\"es\",\"potentialAction\":[{\"@type\":\"ReadAction\",\"target\":[\"https:\\\/\\\/www.mpppst.gob.ve\\\/mpppstweb\\\/index.php\\\/2020\\\/01\\\/31\\\/presidente-maduro-instruye-incorporacion-de-todas-las-brigadas-de-trabajo-a-las-bricop\\\/\"]}]},{\"@type\":\"ImageObject\",\"inLanguage\":\"es\",\"@id\":\"https:\\\/\\\/www.mpppst.gob.ve\\\/mpppstweb\\\/index.php\\\/2020\\\/01\\\/31\\\/presidente-maduro-instruye-incorporacion-de-todas-las-brigadas-de-trabajo-a-las-bricop\\\/#primaryimage\",\"url\":\"https:\\\/\\\/www.mpppst.gob.ve\\\/mpppstweb\\\/wp-content\\\/uploads\\\/2020\\\/01\\\/maduro-5.jpg\",\"contentUrl\":\"https:\\\/\\\/www.mpppst.gob.ve\\\/mpppstweb\\\/wp-content\\\/uploads\\\/2020\\\/01\\\/maduro-5.jpg\",\"width\":800,\"height\":445},{\"@type\":\"BreadcrumbList\",\"@id\":\"https:\\\/\\\/www.mpppst.gob.ve\\\/mpppstweb\\\/index.php\\\/2020\\\/01\\\/31\\\/presidente-maduro-instruye-incorporacion-de-todas-las-brigadas-de-trabajo-a-las-bricop\\\/#breadcrumb\",\"itemListElement\":[{\"@type\":\"ListItem\",\"position\":1,\"name\":\"Home\",\"item\":\"https:\\\/\\\/www.mpppst.gob.ve\\\/mpppstweb\\\/\"},{\"@type\":\"ListItem\",\"position\":2,\"name\":\"Presidente Maduro instruye incorporaci\u00f3n de todas las brigadas de trabajo a las Bricop\"}]},{\"@type\":\"WebSite\",\"@id\":\"https:\\\/\\\/www.mpppst.gob.ve\\\/mpppstweb\\\/#website\",\"url\":\"https:\\\/\\\/www.mpppst.gob.ve\\\/mpppstweb\\\/\",\"name\":\"MPPPST\",\"description\":\"Sitio web oficial del Ministerio del Poder Popular para el Proceso Social de Trabajo\",\"publisher\":{\"@id\":\"https:\\\/\\\/www.mpppst.gob.ve\\\/mpppstweb\\\/#organization\"},\"alternateName\":\"Ministerio del Poder Popular para el Proceso Social de Trabajo\",\"potentialAction\":[{\"@type\":\"SearchAction\",\"target\":{\"@type\":\"EntryPoint\",\"urlTemplate\":\"https:\\\/\\\/www.mpppst.gob.ve\\\/mpppstweb\\\/?s={search_term_string}\"},\"query-input\":{\"@type\":\"PropertyValueSpecification\",\"valueRequired\":true,\"valueName\":\"search_term_string\"}}],\"inLanguage\":\"es\"},{\"@type\":\"Organization\",\"@id\":\"https:\\\/\\\/www.mpppst.gob.ve\\\/mpppstweb\\\/#organization\",\"name\":\"Ministerio del Poder Popular para el Proceso Social de Trabajo\",\"alternateName\":\"MPPPST\",\"url\":\"https:\\\/\\\/www.mpppst.gob.ve\\\/mpppstweb\\\/\",\"logo\":{\"@type\":\"ImageObject\",\"inLanguage\":\"es\",\"@id\":\"https:\\\/\\\/www.mpppst.gob.ve\\\/mpppstweb\\\/#\\\/schema\\\/logo\\\/image\\\/\",\"url\":\"https:\\\/\\\/www.mpppst.gob.ve\\\/mpppstweb\\\/wp-content\\\/uploads\\\/2025\\\/07\\\/cropped-cropped-g910.png\",\"contentUrl\":\"https:\\\/\\\/www.mpppst.gob.ve\\\/mpppstweb\\\/wp-content\\\/uploads\\\/2025\\\/07\\\/cropped-cropped-g910.png\",\"width\":1080,\"height\":241,\"caption\":\"Ministerio del Poder Popular para el Proceso Social de Trabajo\"},\"image\":{\"@id\":\"https:\\\/\\\/www.mpppst.gob.ve\\\/mpppstweb\\\/#\\\/schema\\\/logo\\\/image\\\/\"},\"sameAs\":[\"https:\\\/\\\/www.facebook.com\\\/mintrabajo_ve\",\"https:\\\/\\\/www.instagram.com\\\/mintrabajo_ve\\\/\",\"https:\\\/\\\/www.tiktok.com\\\/@mintrabajo_ve\",\"https:\\\/\\\/t.me\\\/mpppst\"]},{\"@type\":\"Person\",\"@id\":\"https:\\\/\\\/www.mpppst.gob.ve\\\/mpppstweb\\\/#\\\/schema\\\/person\\\/fc187ee8ead412bd4c9304b62f900ea4\",\"name\":\"MPPPST Prensa\",\"url\":\"https:\\\/\\\/www.mpppst.gob.ve\\\/mpppstweb\\\/index.php\\\/author\\\/prensa-mpppst\\\/\"}]}<\/script>\n<!-- \/ Yoast SEO plugin. -->","yoast_head_json":{"title":"Presidente Maduro instruye incorporaci\u00f3n de todas las brigadas de trabajo a las Bricop - MPPPST","robots":{"index":"index","follow":"follow","max-snippet":"max-snippet:-1","max-image-preview":"max-image-preview:large","max-video-preview":"max-video-preview:-1"},"canonical":"https:\/\/www.mpppst.gob.ve\/mpppstweb\/index.php\/2020\/01\/31\/presidente-maduro-instruye-incorporacion-de-todas-las-brigadas-de-trabajo-a-las-bricop\/","og_locale":"es_ES","og_type":"article","og_title":"Presidente Maduro instruye incorporaci\u00f3n de todas las brigadas de trabajo a las Bricop - MPPPST","og_description":"El presidente de la Rep\u00fablica Bolivariana de Venezuela,&nbsp;Nicolas Maduro, instruy\u00f3 la incorporaci\u00f3n y unificaci\u00f3n de todas &hellip; Presidente Maduro instruye incorporaci\u00f3n de todas las brigadas de trabajo a las BricopLeer m\u00e1s","og_url":"https:\/\/www.mpppst.gob.ve\/mpppstweb\/index.php\/2020\/01\/31\/presidente-maduro-instruye-incorporacion-de-todas-las-brigadas-de-trabajo-a-las-bricop\/","og_site_name":"MPPPST","article_publisher":"https:\/\/www.facebook.com\/mintrabajo_ve","article_published_time":"2020-01-31T13:39:36+00:00","article_modified_time":"2020-01-31T13:39:37+00:00","og_image":[{"width":800,"height":445,"url":"https:\/\/www.mpppst.gob.ve\/mpppstweb\/wp-content\/uploads\/2020\/01\/maduro-5.jpg","type":"image\/jpeg"}],"author":"MPPPST Prensa","twitter_card":"summary_large_image","schema":{"@context":"https:\/\/schema.org","@graph":[{"@type":"Article","@id":"https:\/\/www.mpppst.gob.ve\/mpppstweb\/index.php\/2020\/01\/31\/presidente-maduro-instruye-incorporacion-de-todas-las-brigadas-de-trabajo-a-las-bricop\/#article","isPartOf":{"@id":"https:\/\/www.mpppst.gob.ve\/mpppstweb\/index.php\/2020\/01\/31\/presidente-maduro-instruye-incorporacion-de-todas-las-brigadas-de-trabajo-a-las-bricop\/"},"author":{"name":"MPPPST Prensa","@id":"https:\/\/www.mpppst.gob.ve\/mpppstweb\/#\/schema\/person\/fc187ee8ead412bd4c9304b62f900ea4"},"headline":"Presidente Maduro instruye incorporaci\u00f3n de todas las brigadas de trabajo a las Bricop","datePublished":"2020-01-31T13:39:36+00:00","dateModified":"2020-01-31T13:39:37+00:00","mainEntityOfPage":{"@id":"https:\/\/www.mpppst.gob.ve\/mpppstweb\/index.php\/2020\/01\/31\/presidente-maduro-instruye-incorporacion-de-todas-las-brigadas-de-trabajo-a-las-bricop\/"},"wordCount":330,"publisher":{"@id":"https:\/\/www.mpppst.gob.ve\/mpppstweb\/#organization"},"image":{"@id":"https:\/\/www.mpppst.gob.ve\/mpppstweb\/index.php\/2020\/01\/31\/presidente-maduro-instruye-incorporacion-de-todas-las-brigadas-de-trabajo-a-las-bricop\/#primaryimage"},"thumbnailUrl":"https:\/\/www.mpppst.gob.ve\/mpppstweb\/wp-content\/uploads\/2020\/01\/maduro-5.jpg","keywords":["Nicol\u00e1s Maduro","Venezuela"],"articleSection":["Gobierno Nacional","Noticias"],"inLanguage":"es"},{"@type":"WebPage","@id":"https:\/\/www.mpppst.gob.ve\/mpppstweb\/index.php\/2020\/01\/31\/presidente-maduro-instruye-incorporacion-de-todas-las-brigadas-de-trabajo-a-las-bricop\/","url":"https:\/\/www.mpppst.gob.ve\/mpppstweb\/index.php\/2020\/01\/31\/presidente-maduro-instruye-incorporacion-de-todas-las-brigadas-de-trabajo-a-las-bricop\/","name":"Presidente Maduro instruye incorporaci\u00f3n de todas las brigadas de trabajo a las Bricop - MPPPST","isPartOf":{"@id":"https:\/\/www.mpppst.gob.ve\/mpppstweb\/#website"},"primaryImageOfPage":{"@id":"https:\/\/www.mpppst.gob.ve\/mpppstweb\/index.php\/2020\/01\/31\/presidente-maduro-instruye-incorporacion-de-todas-las-brigadas-de-trabajo-a-las-bricop\/#primaryimage"},"image":{"@id":"https:\/\/www.mpppst.gob.ve\/mpppstweb\/index.php\/2020\/01\/31\/presidente-maduro-instruye-incorporacion-de-todas-las-brigadas-de-trabajo-a-las-bricop\/#primaryimage"},"thumbnailUrl":"https:\/\/www.mpppst.gob.ve\/mpppstweb\/wp-content\/uploads\/2020\/01\/maduro-5.jpg","datePublished":"2020-01-31T13:39:36+00:00","dateModified":"2020-01-31T13:39:37+00:00","breadcrumb":{"@id":"https:\/\/www.mpppst.gob.ve\/mpppstweb\/index.php\/2020\/01\/31\/presidente-maduro-instruye-incorporacion-de-todas-las-brigadas-de-trabajo-a-las-bricop\/#breadcrumb"},"inLanguage":"es","potentialAction":[{"@type":"ReadAction","target":["https:\/\/www.mpppst.gob.ve\/mpppstweb\/index.php\/2020\/01\/31\/presidente-maduro-instruye-incorporacion-de-todas-las-brigadas-de-trabajo-a-las-bricop\/"]}]},{"@type":"ImageObject","inLanguage":"es","@id":"https:\/\/www.mpppst.gob.ve\/mpppstweb\/index.php\/2020\/01\/31\/presidente-maduro-instruye-incorporacion-de-todas-las-brigadas-de-trabajo-a-las-bricop\/#primaryimage","url":"https:\/\/www.mpppst.gob.ve\/mpppstweb\/wp-content\/uploads\/2020\/01\/maduro-5.jpg","contentUrl":"https:\/\/www.mpppst.gob.ve\/mpppstweb\/wp-content\/uploads\/2020\/01\/maduro-5.jpg","width":800,"height":445},{"@type":"BreadcrumbList","@id":"https:\/\/www.mpppst.gob.ve\/mpppstweb\/index.php\/2020\/01\/31\/presidente-maduro-instruye-incorporacion-de-todas-las-brigadas-de-trabajo-a-las-bricop\/#breadcrumb","itemListElement":[{"@type":"ListItem","position":1,"name":"Home","item":"https:\/\/www.mpppst.gob.ve\/mpppstweb\/"},{"@type":"ListItem","position":2,"name":"Presidente Maduro instruye incorporaci\u00f3n de todas las brigadas de trabajo a las Bricop"}]},{"@type":"WebSite","@id":"https:\/\/www.mpppst.gob.ve\/mpppstweb\/#website","url":"https:\/\/www.mpppst.gob.ve\/mpppstweb\/","name":"MPPPST","description":"Sitio web oficial del Ministerio del Poder Popular para el Proceso Social de Trabajo","publisher":{"@id":"https:\/\/www.mpppst.gob.ve\/mpppstweb\/#organization"},"alternateName":"Ministerio del Poder Popular para el Proceso Social de Trabajo","potentialAction":[{"@type":"SearchAction","target":{"@type":"EntryPoint","urlTemplate":"https:\/\/www.mpppst.gob.ve\/mpppstweb\/?s={search_term_string}"},"query-input":{"@type":"PropertyValueSpecification","valueRequired":true,"valueName":"search_term_string"}}],"inLanguage":"es"},{"@type":"Organization","@id":"https:\/\/www.mpppst.gob.ve\/mpppstweb\/#organization","name":"Ministerio del Poder Popular para el Proceso Social de Trabajo","alternateName":"MPPPST","url":"https:\/\/www.mpppst.gob.ve\/mpppstweb\/","logo":{"@type":"ImageObject","inLanguage":"es","@id":"https:\/\/www.mpppst.gob.ve\/mpppstweb\/#\/schema\/logo\/image\/","url":"https:\/\/www.mpppst.gob.ve\/mpppstweb\/wp-content\/uploads\/2025\/07\/cropped-cropped-g910.png","contentUrl":"https:\/\/www.mpppst.gob.ve\/mpppstweb\/wp-content\/uploads\/2025\/07\/cropped-cropped-g910.png","width":1080,"height":241,"caption":"Ministerio del Poder Popular para el Proceso Social de Trabajo"},"image":{"@id":"https:\/\/www.mpppst.gob.ve\/mpppstweb\/#\/schema\/logo\/image\/"},"sameAs":["https:\/\/www.facebook.com\/mintrabajo_ve","https:\/\/www.instagram.com\/mintrabajo_ve\/","https:\/\/www.tiktok.com\/@mintrabajo_ve","https:\/\/t.me\/mpppst"]},{"@type":"Person","@id":"https:\/\/www.mpppst.gob.ve\/mpppstweb\/#\/schema\/person\/fc187ee8ead412bd4c9304b62f900ea4","name":"MPPPST Prensa","url":"https:\/\/www.mpppst.gob.ve\/mpppstweb\/index.php\/author\/prensa-mpppst\/"}]}},"_links":{"self":[{"href":"https:\/\/www.mpppst.gob.ve\/mpppstweb\/index.php\/wp-json\/wp\/v2\/posts\/17904","targetHints":{"allow":["GET"]}}],"collection":[{"href":"https:\/\/www.mpppst.gob.ve\/mpppstweb\/index.php\/wp-json\/wp\/v2\/posts"}],"about":[{"href":"https:\/\/www.mpppst.gob.ve\/mpppstweb\/index.php\/wp-json\/wp\/v2\/types\/post"}],"author":[{"embeddable":true,"href":"https:\/\/www.mpppst.gob.ve\/mpppstweb\/index.php\/wp-json\/wp\/v2\/users\/25"}],"replies":[{"embeddable":true,"href":"https:\/\/www.mpppst.gob.ve\/mpppstweb\/index.php\/wp-json\/wp\/v2\/comments?post=17904"}],"version-history":[{"count":1,"href":"https:\/\/www.mpppst.gob.ve\/mpppstweb\/index.php\/wp-json\/wp\/v2\/posts\/17904\/revisions"}],"predecessor-version":[{"id":17906,"href":"https:\/\/www.mpppst.gob.ve\/mpppstweb\/index.php\/wp-json\/wp\/v2\/posts\/17904\/revisions\/17906"}],"wp:featuredmedia":[{"embeddable":true,"href":"https:\/\/www.mpppst.gob.ve\/mpppstweb\/index.php\/wp-json\/wp\/v2\/media\/17905"}],"wp:attachment":[{"href":"https:\/\/www.mpppst.gob.ve\/mpppstweb\/index.php\/wp-json\/wp\/v2\/media?parent=17904"}],"wp:term":[{"taxonomy":"category","embeddable":true,"href":"https:\/\/www.mpppst.gob.ve\/mpppstweb\/index.php\/wp-json\/wp\/v2\/categories?post=17904"},{"taxonomy":"post_tag","embeddable":true,"href":"https:\/\/www.mpppst.gob.ve\/mpppstweb\/index.php\/wp-json\/wp\/v2\/tags?post=17904"}],"curies":[{"name":"wp","href":"https:\/\/api.w.org\/{rel}","templated":true}]}}