{"id":18213,"date":"2020-02-26T09:58:10","date_gmt":"2020-02-26T13:58:10","guid":{"rendered":"http:\/\/www.mpppst.gob.ve\/mpppstweb\/?p=18213"},"modified":"2020-02-26T09:58:11","modified_gmt":"2020-02-26T13:58:11","slug":"carnavales-felices-y-seguros-2020-se-desarrollaron-a-escala-nacional-en-total-normalidad","status":"publish","type":"post","link":"https:\/\/www.mpppst.gob.ve\/mpppstweb\/index.php\/2020\/02\/26\/carnavales-felices-y-seguros-2020-se-desarrollaron-a-escala-nacional-en-total-normalidad\/","title":{"rendered":"Carnavales Felices y Seguros 2020 se desarrollaron a escala nacional en total normalidad"},"content":{"rendered":"\n<p><em><strong>El pueblo disfrut\u00f3 en paz de los d\u00edas de asueto; y La Guaira fue una de las entidades del pa\u00eds m\u00e1s visitadas, donde se realiz\u00f3 exitosamente el XIX Festival Deportivo, Cultural y Recreativo de Parques, Playas, R\u00edos y Balnearios, destac\u00f3 el ministro para Relaciones Interiores, N\u00e9stor Reverol<\/strong><\/em><\/p>\n\n\n\n<p>_______________________________________________________________________________<\/p>\n\n\n\n<p>Con total normalidad, en un ambiente festivo de celebraci\u00f3n y alegr\u00eda, y sin hechos que lamentar se desarrollaron en el pa\u00eds Carnavales Felices y Seguros 2020, y hoy proseguir\u00e1 el retorno de los temporadistas.<\/p>\n\n\n\n<p>Al respecto, el ministro del <strong>Poder Popular para Relaciones Interiores, Justicia y Paz, N\u00e9stor Reverol,<\/strong> al referirse al dispositivo <strong>Carnavales Felices y Seguros 2020<\/strong>, durante un recorrido en <strong>Playa Coral,<\/strong> estado La Guaira, donde supervis\u00f3 el despliegue de estas fiestas, precis\u00f3 que no se hab\u00edan reportados hechos que lamentar.<\/p>\n\n\n\n<p>\u201cTodos los reportes que se han recibido hasta el momento a trav\u00e9s de la <strong>Sala Situacional<\/strong> han sido verdaderamente alentadores, y no se han registrados hechos que lamentar\u201d, destac\u00f3. Record\u00f3 que se encuentran desplegados en el pa\u00eds m\u00e1s de 184 mil hombres y mujeres para garantizar la seguridad del pueblo durante estas fiestas carnestolendas.<\/p>\n\n\n\n<p>Reverol afirm\u00f3 que el pueblo disfrut\u00f3 en paz de los d\u00edas de asueto, y que el estado <strong>La Guaira<\/strong> fue unos de las entidades m\u00e1s visitadas, donde se realiz\u00f3 exitosamente el <strong>XIX Festival Deportivo, Cultural y Recreativo de Parques, Playas, R\u00edos y Balnearios<\/strong>, por medio del cual se brind\u00f3 a los temporadistas diversas actividades recreativas.<\/p>\n\n\n\n<p>Por su parte, el gobernador del estado <strong>La Guaira<\/strong>, <strong>Jorge Luis Garc\u00eda Carneiro<\/strong>, inform\u00f3 que culmin\u00f3 el itinerario de conciertos de los<strong> Carnavales 2020 <\/strong>que se llev\u00f3 a cabo en la cinta costera de esta entidad.<\/p>\n\n\n\n<p>Estos conciertos cerraron con una amplia participaci\u00f3n de temporadistas que acudieron a <strong>La Guaira<\/strong> para disfrutar de la m\u00fasica latina con la actuaci\u00f3n de agrupaciones como Porfi Jim\u00e9nez, Los Adolescentes, la Orquesta Arag\u00f3n, Maelito y Juan Miguel.<\/p>\n\n\n\n<p>Manifest\u00f3 que desde ayer se aseguraba un feliz retorno de los temporadistas, y que los puntos de control seguir\u00e1n colocados en la v\u00eda, balnearios y playas para garantizar que todo termine de la mejor manera. \u201cEs pertinente agradecer a los cuerpos preventivos y de seguridad por el trabajo brindado en estos d\u00edas de asueto\u00bb, resalt\u00f3.<\/p>\n\n\n\n<p>Tambi\u00e9n, destac\u00f3 el civismo de los asistentes a la actividad de cierre de conciertos que se realizaron durante los d\u00edas de asueto en la cinta costera. Adelant\u00f3 que hasta el pasado lunes se hab\u00eda superado la cifra del mill\u00f3n de temporadistas en las playas y balnearios de <strong>La Guaira.<\/strong><\/p>\n\n\n\n<h4 class=\"wp-block-heading\">Organizar carnavales con pocos recursos<\/h4>\n\n\n\n<p>Asimismo, el ministro del <strong>Poder Popular para la Cultura, Ernesto Villegas,<\/strong> se\u00f1al\u00f3 que el inter\u00e9s superior del ni\u00f1o se ha expresado gracias a la cultura, y \u201cnos obliga a que organicemos con todos nuestros esfuerzos, con pocos recursos, e incluso con ning\u00fan recurso adicional, un carnaval que quede en la memoria de nuestras ni\u00f1as y ni\u00f1os\u201d.<\/p>\n\n\n\n<p>Seg\u00fan rese\u00f1a de VTV, Villegas inform\u00f3 que en varios estados del pa\u00eds estaban desplegados artistas, cultores y creadores \u201cllevando adelante ese inter\u00e9s superior del ni\u00f1o, para que las y los venezolanos del ma\u00f1ana reconozcan con alegr\u00eda sus ra\u00edces e identidad\u201d<\/p>\n\n\n\n<h4 class=\"wp-block-heading\">Carrozas y fantas\u00eda<\/h4>\n\n\n\n<p>En todas las regiones del pa\u00eds, el cierre de los <strong>Carnavales Felices y Seguros 2020, <\/strong>destacaron por los desfiles, las carrozas, el colorido y la alegr\u00eda general del pueblo venezolano.<\/p>\n\n\n\n<p>En ese sentido, en reporte de AVN, en el estado Miranda, como parte de la programaci\u00f3n de los Carnavales Tur\u00edsticos del municipio Urdaneta 2020, ayer se realiz\u00f3 el desfile de carrozas dise\u00f1adas por las diferentes comunidades de la localidad, entre ellas La Vega, Cruz Verde, Las Brisas, Quebrada de C\u00faa y Villa Falc\u00f3n.<\/p>\n\n\n\n<p>El desfile se inici\u00f3 en la entrada de la urbanizaci\u00f3n de Lecumberry, con un recorrido por la avenida Perimetral, hasta el parque Paula Correa, donde se encontraba la tarima principal.<\/p>\n\n\n\n<p>Los habitantes del sector se disfrazaron para acompa\u00f1ar a sus carrozas y representantes de las fantas\u00edas, con alegr\u00eda, j\u00fabilo y exaltaci\u00f3n, en medio de bailes, cantos y samba. En el punto de llegada se encontraba Yulmer Mart\u00ednez, como animador del evento y Henry Black como DJ. Tambi\u00e9n se pudo disfrutar de las presentaciones de Rey Rosendo (por el g\u00e9nero salsa), Jota (representante del g\u00e9nero urbano) y agrupaciones de samba que colocaron el ritmo y marcaron el rumbo de la noche latina.<\/p>\n\n\n\n<p>En el estado Anzo\u00e1tegui, cerca de 10 mil atletas formaron parte de la carrera \u00ab5K Carnaval Barcelona\u00bb, que cerr\u00f3 las festividades en honor al Rey Momo en esta entidad.<\/p>\n\n\n\n<p>Durante la noche del pasado lunes, los participantes llegaron a la plaza Cuatro Caras, donde disfrutaron de m\u00fasica, bailoterapia, presentaci\u00f3n del Dj Crish y eventos recreativos, luego de un recorrido de m\u00e1s de 5 kil\u00f3metros, que inici\u00f3 a las 5:00 pm en el sector Venecia.<\/p>\n\n\n\n<p>El alcalde de Bol\u00edvar, Luis Jos\u00e9 Marcano, indic\u00f3 que la carrera por el reciclaje tambi\u00e9n permiti\u00f3 la recolecci\u00f3n de 30 toneladas de material reutilizable como cart\u00f3n y pl\u00e1stico.<\/p>\n\n\n\n<p>Marcano indic\u00f3 que en este a\u00f1o realizaron el recorrido \u00ab21K San Celestino\u00bb, en honor al patrono de la capital anzoatiguense.<\/p>\n\n\n\n<p>Prensa Correo del Orinoco<\/p>\n","protected":false},"excerpt":{"rendered":"<p>El pueblo disfrut\u00f3 en paz de los d\u00edas de asueto; y La Guaira fue una de &hellip; <a title=\"Carnavales Felices y Seguros 2020 se desarrollaron a escala nacional en total normalidad\" class=\"hm-read-more\" href=\"https:\/\/www.mpppst.gob.ve\/mpppstweb\/index.php\/2020\/02\/26\/carnavales-felices-y-seguros-2020-se-desarrollaron-a-escala-nacional-en-total-normalidad\/\"><span class=\"screen-reader-text\">Carnavales Felices y Seguros 2020 se desarrollaron a escala nacional en total normalidad<\/span>Read more<\/a><\/p>\n","protected":false},"author":25,"featured_media":18214,"comment_status":"closed","ping_status":"closed","sticky":false,"template":"","format":"standard","meta":{"footnotes":""},"categories":[82,163],"tags":[358,222,335],"yoast_head":"<!-- This site is optimized with the Yoast SEO plugin v22.5 - https:\/\/yoast.com\/wordpress\/plugins\/seo\/ -->\n<title>Carnavales Felices y Seguros 2020 se desarrollaron a escala nacional en total normalidad - MPPPST<\/title>\n<meta name=\"robots\" content=\"index, follow, max-snippet:-1, max-image-preview:large, max-video-preview:-1\" \/>\n<link rel=\"canonical\" href=\"https:\/\/www.mpppst.gob.ve\/mpppstweb\/index.php\/2020\/02\/26\/carnavales-felices-y-seguros-2020-se-desarrollaron-a-escala-nacional-en-total-normalidad\/\" \/>\n<meta property=\"og:locale\" content=\"es_ES\" \/>\n<meta property=\"og:type\" content=\"article\" \/>\n<meta property=\"og:title\" content=\"Carnavales Felices y Seguros 2020 se desarrollaron a escala nacional en total normalidad - MPPPST\" \/>\n<meta property=\"og:description\" content=\"El pueblo disfrut\u00f3 en paz de los d\u00edas de asueto; y La Guaira fue una de &hellip; Carnavales Felices y Seguros 2020 se desarrollaron a escala nacional en total normalidadRead more\" \/>\n<meta property=\"og:url\" content=\"https:\/\/www.mpppst.gob.ve\/mpppstweb\/index.php\/2020\/02\/26\/carnavales-felices-y-seguros-2020-se-desarrollaron-a-escala-nacional-en-total-normalidad\/\" \/>\n<meta property=\"og:site_name\" content=\"MPPPST\" \/>\n<meta property=\"article:published_time\" content=\"2020-02-26T13:58:10+00:00\" \/>\n<meta property=\"article:modified_time\" content=\"2020-02-26T13:58:11+00:00\" \/>\n<meta property=\"og:image\" content=\"https:\/\/www.mpppst.gob.ve\/mpppstweb\/wp-content\/uploads\/2020\/02\/Carnavales-1.jpeg\" \/>\n\t<meta property=\"og:image:width\" content=\"1320\" \/>\n\t<meta property=\"og:image:height\" content=\"880\" \/>\n\t<meta property=\"og:image:type\" content=\"image\/jpeg\" \/>\n<meta name=\"author\" content=\"MPPPST Prensa\" \/>\n<meta name=\"twitter:card\" content=\"summary_large_image\" \/>\n<meta name=\"twitter:label1\" content=\"Escrito por\" \/>\n\t<meta name=\"twitter:data1\" content=\"MPPPST Prensa\" \/>\n\t<meta name=\"twitter:label2\" content=\"Tiempo de lectura\" \/>\n\t<meta name=\"twitter:data2\" content=\"5 minutos\" \/>\n<script type=\"application\/ld+json\" class=\"yoast-schema-graph\">{\"@context\":\"https:\/\/schema.org\",\"@graph\":[{\"@type\":\"Article\",\"@id\":\"https:\/\/www.mpppst.gob.ve\/mpppstweb\/index.php\/2020\/02\/26\/carnavales-felices-y-seguros-2020-se-desarrollaron-a-escala-nacional-en-total-normalidad\/#article\",\"isPartOf\":{\"@id\":\"https:\/\/www.mpppst.gob.ve\/mpppstweb\/index.php\/2020\/02\/26\/carnavales-felices-y-seguros-2020-se-desarrollaron-a-escala-nacional-en-total-normalidad\/\"},\"author\":{\"name\":\"MPPPST Prensa\",\"@id\":\"https:\/\/www.mpppst.gob.ve\/mpppstweb\/#\/schema\/person\/fc187ee8ead412bd4c9304b62f900ea4\"},\"headline\":\"Carnavales Felices y Seguros 2020 se desarrollaron a escala nacional en total normalidad\",\"datePublished\":\"2020-02-26T13:58:10+00:00\",\"dateModified\":\"2020-02-26T13:58:11+00:00\",\"mainEntityOfPage\":{\"@id\":\"https:\/\/www.mpppst.gob.ve\/mpppstweb\/index.php\/2020\/02\/26\/carnavales-felices-y-seguros-2020-se-desarrollaron-a-escala-nacional-en-total-normalidad\/\"},\"wordCount\":914,\"publisher\":{\"@id\":\"https:\/\/www.mpppst.gob.ve\/mpppstweb\/#organization\"},\"image\":{\"@id\":\"https:\/\/www.mpppst.gob.ve\/mpppstweb\/index.php\/2020\/02\/26\/carnavales-felices-y-seguros-2020-se-desarrollaron-a-escala-nacional-en-total-normalidad\/#primaryimage\"},\"thumbnailUrl\":\"https:\/\/www.mpppst.gob.ve\/mpppstweb\/wp-content\/uploads\/2020\/02\/Carnavales-1.jpeg\",\"keywords\":[\"Carnavales\",\"Gobierno Bolivariano\",\"Venezuela\"],\"articleSection\":[\"Gobierno Nacional\",\"Noticias\"],\"inLanguage\":\"es\"},{\"@type\":\"WebPage\",\"@id\":\"https:\/\/www.mpppst.gob.ve\/mpppstweb\/index.php\/2020\/02\/26\/carnavales-felices-y-seguros-2020-se-desarrollaron-a-escala-nacional-en-total-normalidad\/\",\"url\":\"https:\/\/www.mpppst.gob.ve\/mpppstweb\/index.php\/2020\/02\/26\/carnavales-felices-y-seguros-2020-se-desarrollaron-a-escala-nacional-en-total-normalidad\/\",\"name\":\"Carnavales Felices y Seguros 2020 se desarrollaron a escala nacional en total normalidad - MPPPST\",\"isPartOf\":{\"@id\":\"https:\/\/www.mpppst.gob.ve\/mpppstweb\/#website\"},\"primaryImageOfPage\":{\"@id\":\"https:\/\/www.mpppst.gob.ve\/mpppstweb\/index.php\/2020\/02\/26\/carnavales-felices-y-seguros-2020-se-desarrollaron-a-escala-nacional-en-total-normalidad\/#primaryimage\"},\"image\":{\"@id\":\"https:\/\/www.mpppst.gob.ve\/mpppstweb\/index.php\/2020\/02\/26\/carnavales-felices-y-seguros-2020-se-desarrollaron-a-escala-nacional-en-total-normalidad\/#primaryimage\"},\"thumbnailUrl\":\"https:\/\/www.mpppst.gob.ve\/mpppstweb\/wp-content\/uploads\/2020\/02\/Carnavales-1.jpeg\",\"datePublished\":\"2020-02-26T13:58:10+00:00\",\"dateModified\":\"2020-02-26T13:58:11+00:00\",\"breadcrumb\":{\"@id\":\"https:\/\/www.mpppst.gob.ve\/mpppstweb\/index.php\/2020\/02\/26\/carnavales-felices-y-seguros-2020-se-desarrollaron-a-escala-nacional-en-total-normalidad\/#breadcrumb\"},\"inLanguage\":\"es\",\"potentialAction\":[{\"@type\":\"ReadAction\",\"target\":[\"https:\/\/www.mpppst.gob.ve\/mpppstweb\/index.php\/2020\/02\/26\/carnavales-felices-y-seguros-2020-se-desarrollaron-a-escala-nacional-en-total-normalidad\/\"]}]},{\"@type\":\"ImageObject\",\"inLanguage\":\"es\",\"@id\":\"https:\/\/www.mpppst.gob.ve\/mpppstweb\/index.php\/2020\/02\/26\/carnavales-felices-y-seguros-2020-se-desarrollaron-a-escala-nacional-en-total-normalidad\/#primaryimage\",\"url\":\"https:\/\/www.mpppst.gob.ve\/mpppstweb\/wp-content\/uploads\/2020\/02\/Carnavales-1.jpeg\",\"contentUrl\":\"https:\/\/www.mpppst.gob.ve\/mpppstweb\/wp-content\/uploads\/2020\/02\/Carnavales-1.jpeg\",\"width\":1320,\"height\":880},{\"@type\":\"BreadcrumbList\",\"@id\":\"https:\/\/www.mpppst.gob.ve\/mpppstweb\/index.php\/2020\/02\/26\/carnavales-felices-y-seguros-2020-se-desarrollaron-a-escala-nacional-en-total-normalidad\/#breadcrumb\",\"itemListElement\":[{\"@type\":\"ListItem\",\"position\":1,\"name\":\"Home\",\"item\":\"https:\/\/www.mpppst.gob.ve\/mpppstweb\/\"},{\"@type\":\"ListItem\",\"position\":2,\"name\":\"Carnavales Felices y Seguros 2020 se desarrollaron a escala nacional en total normalidad\"}]},{\"@type\":\"WebSite\",\"@id\":\"https:\/\/www.mpppst.gob.ve\/mpppstweb\/#website\",\"url\":\"https:\/\/www.mpppst.gob.ve\/mpppstweb\/\",\"name\":\"MPPPST\",\"description\":\"Ministerio del Poder Popular para el Proceso Social de Trabajo\",\"publisher\":{\"@id\":\"https:\/\/www.mpppst.gob.ve\/mpppstweb\/#organization\"},\"potentialAction\":[{\"@type\":\"SearchAction\",\"target\":{\"@type\":\"EntryPoint\",\"urlTemplate\":\"https:\/\/www.mpppst.gob.ve\/mpppstweb\/?s={search_term_string}\"},\"query-input\":\"required name=search_term_string\"}],\"inLanguage\":\"es\"},{\"@type\":\"Organization\",\"@id\":\"https:\/\/www.mpppst.gob.ve\/mpppstweb\/#organization\",\"name\":\"mpppst\",\"url\":\"https:\/\/www.mpppst.gob.ve\/mpppstweb\/\",\"logo\":{\"@type\":\"ImageObject\",\"inLanguage\":\"es\",\"@id\":\"https:\/\/www.mpppst.gob.ve\/mpppstweb\/#\/schema\/logo\/image\/\",\"url\":\"https:\/\/www.mpppst.gob.ve\/mpppstweb\/wp-content\/uploads\/2025\/07\/cropped-cropped-g910.png\",\"contentUrl\":\"https:\/\/www.mpppst.gob.ve\/mpppstweb\/wp-content\/uploads\/2025\/07\/cropped-cropped-g910.png\",\"width\":1080,\"height\":241,\"caption\":\"mpppst\"},\"image\":{\"@id\":\"https:\/\/www.mpppst.gob.ve\/mpppstweb\/#\/schema\/logo\/image\/\"}},{\"@type\":\"Person\",\"@id\":\"https:\/\/www.mpppst.gob.ve\/mpppstweb\/#\/schema\/person\/fc187ee8ead412bd4c9304b62f900ea4\",\"name\":\"MPPPST Prensa\",\"url\":\"https:\/\/www.mpppst.gob.ve\/mpppstweb\/index.php\/author\/prensa-mpppst\/\"}]}<\/script>\n<!-- \/ Yoast SEO plugin. -->","yoast_head_json":{"title":"Carnavales Felices y Seguros 2020 se desarrollaron a escala nacional en total normalidad - MPPPST","robots":{"index":"index","follow":"follow","max-snippet":"max-snippet:-1","max-image-preview":"max-image-preview:large","max-video-preview":"max-video-preview:-1"},"canonical":"https:\/\/www.mpppst.gob.ve\/mpppstweb\/index.php\/2020\/02\/26\/carnavales-felices-y-seguros-2020-se-desarrollaron-a-escala-nacional-en-total-normalidad\/","og_locale":"es_ES","og_type":"article","og_title":"Carnavales Felices y Seguros 2020 se desarrollaron a escala nacional en total normalidad - MPPPST","og_description":"El pueblo disfrut\u00f3 en paz de los d\u00edas de asueto; y La Guaira fue una de &hellip; Carnavales Felices y Seguros 2020 se desarrollaron a escala nacional en total normalidadRead more","og_url":"https:\/\/www.mpppst.gob.ve\/mpppstweb\/index.php\/2020\/02\/26\/carnavales-felices-y-seguros-2020-se-desarrollaron-a-escala-nacional-en-total-normalidad\/","og_site_name":"MPPPST","article_published_time":"2020-02-26T13:58:10+00:00","article_modified_time":"2020-02-26T13:58:11+00:00","og_image":[{"width":1320,"height":880,"url":"https:\/\/www.mpppst.gob.ve\/mpppstweb\/wp-content\/uploads\/2020\/02\/Carnavales-1.jpeg","type":"image\/jpeg"}],"author":"MPPPST Prensa","twitter_card":"summary_large_image","twitter_misc":{"Escrito por":"MPPPST Prensa","Tiempo de lectura":"5 minutos"},"schema":{"@context":"https:\/\/schema.org","@graph":[{"@type":"Article","@id":"https:\/\/www.mpppst.gob.ve\/mpppstweb\/index.php\/2020\/02\/26\/carnavales-felices-y-seguros-2020-se-desarrollaron-a-escala-nacional-en-total-normalidad\/#article","isPartOf":{"@id":"https:\/\/www.mpppst.gob.ve\/mpppstweb\/index.php\/2020\/02\/26\/carnavales-felices-y-seguros-2020-se-desarrollaron-a-escala-nacional-en-total-normalidad\/"},"author":{"name":"MPPPST Prensa","@id":"https:\/\/www.mpppst.gob.ve\/mpppstweb\/#\/schema\/person\/fc187ee8ead412bd4c9304b62f900ea4"},"headline":"Carnavales Felices y Seguros 2020 se desarrollaron a escala nacional en total normalidad","datePublished":"2020-02-26T13:58:10+00:00","dateModified":"2020-02-26T13:58:11+00:00","mainEntityOfPage":{"@id":"https:\/\/www.mpppst.gob.ve\/mpppstweb\/index.php\/2020\/02\/26\/carnavales-felices-y-seguros-2020-se-desarrollaron-a-escala-nacional-en-total-normalidad\/"},"wordCount":914,"publisher":{"@id":"https:\/\/www.mpppst.gob.ve\/mpppstweb\/#organization"},"image":{"@id":"https:\/\/www.mpppst.gob.ve\/mpppstweb\/index.php\/2020\/02\/26\/carnavales-felices-y-seguros-2020-se-desarrollaron-a-escala-nacional-en-total-normalidad\/#primaryimage"},"thumbnailUrl":"https:\/\/www.mpppst.gob.ve\/mpppstweb\/wp-content\/uploads\/2020\/02\/Carnavales-1.jpeg","keywords":["Carnavales","Gobierno Bolivariano","Venezuela"],"articleSection":["Gobierno Nacional","Noticias"],"inLanguage":"es"},{"@type":"WebPage","@id":"https:\/\/www.mpppst.gob.ve\/mpppstweb\/index.php\/2020\/02\/26\/carnavales-felices-y-seguros-2020-se-desarrollaron-a-escala-nacional-en-total-normalidad\/","url":"https:\/\/www.mpppst.gob.ve\/mpppstweb\/index.php\/2020\/02\/26\/carnavales-felices-y-seguros-2020-se-desarrollaron-a-escala-nacional-en-total-normalidad\/","name":"Carnavales Felices y Seguros 2020 se desarrollaron a escala nacional en total normalidad - MPPPST","isPartOf":{"@id":"https:\/\/www.mpppst.gob.ve\/mpppstweb\/#website"},"primaryImageOfPage":{"@id":"https:\/\/www.mpppst.gob.ve\/mpppstweb\/index.php\/2020\/02\/26\/carnavales-felices-y-seguros-2020-se-desarrollaron-a-escala-nacional-en-total-normalidad\/#primaryimage"},"image":{"@id":"https:\/\/www.mpppst.gob.ve\/mpppstweb\/index.php\/2020\/02\/26\/carnavales-felices-y-seguros-2020-se-desarrollaron-a-escala-nacional-en-total-normalidad\/#primaryimage"},"thumbnailUrl":"https:\/\/www.mpppst.gob.ve\/mpppstweb\/wp-content\/uploads\/2020\/02\/Carnavales-1.jpeg","datePublished":"2020-02-26T13:58:10+00:00","dateModified":"2020-02-26T13:58:11+00:00","breadcrumb":{"@id":"https:\/\/www.mpppst.gob.ve\/mpppstweb\/index.php\/2020\/02\/26\/carnavales-felices-y-seguros-2020-se-desarrollaron-a-escala-nacional-en-total-normalidad\/#breadcrumb"},"inLanguage":"es","potentialAction":[{"@type":"ReadAction","target":["https:\/\/www.mpppst.gob.ve\/mpppstweb\/index.php\/2020\/02\/26\/carnavales-felices-y-seguros-2020-se-desarrollaron-a-escala-nacional-en-total-normalidad\/"]}]},{"@type":"ImageObject","inLanguage":"es","@id":"https:\/\/www.mpppst.gob.ve\/mpppstweb\/index.php\/2020\/02\/26\/carnavales-felices-y-seguros-2020-se-desarrollaron-a-escala-nacional-en-total-normalidad\/#primaryimage","url":"https:\/\/www.mpppst.gob.ve\/mpppstweb\/wp-content\/uploads\/2020\/02\/Carnavales-1.jpeg","contentUrl":"https:\/\/www.mpppst.gob.ve\/mpppstweb\/wp-content\/uploads\/2020\/02\/Carnavales-1.jpeg","width":1320,"height":880},{"@type":"BreadcrumbList","@id":"https:\/\/www.mpppst.gob.ve\/mpppstweb\/index.php\/2020\/02\/26\/carnavales-felices-y-seguros-2020-se-desarrollaron-a-escala-nacional-en-total-normalidad\/#breadcrumb","itemListElement":[{"@type":"ListItem","position":1,"name":"Home","item":"https:\/\/www.mpppst.gob.ve\/mpppstweb\/"},{"@type":"ListItem","position":2,"name":"Carnavales Felices y Seguros 2020 se desarrollaron a escala nacional en total normalidad"}]},{"@type":"WebSite","@id":"https:\/\/www.mpppst.gob.ve\/mpppstweb\/#website","url":"https:\/\/www.mpppst.gob.ve\/mpppstweb\/","name":"MPPPST","description":"Ministerio del Poder Popular para el Proceso Social de Trabajo","publisher":{"@id":"https:\/\/www.mpppst.gob.ve\/mpppstweb\/#organization"},"potentialAction":[{"@type":"SearchAction","target":{"@type":"EntryPoint","urlTemplate":"https:\/\/www.mpppst.gob.ve\/mpppstweb\/?s={search_term_string}"},"query-input":"required name=search_term_string"}],"inLanguage":"es"},{"@type":"Organization","@id":"https:\/\/www.mpppst.gob.ve\/mpppstweb\/#organization","name":"mpppst","url":"https:\/\/www.mpppst.gob.ve\/mpppstweb\/","logo":{"@type":"ImageObject","inLanguage":"es","@id":"https:\/\/www.mpppst.gob.ve\/mpppstweb\/#\/schema\/logo\/image\/","url":"https:\/\/www.mpppst.gob.ve\/mpppstweb\/wp-content\/uploads\/2025\/07\/cropped-cropped-g910.png","contentUrl":"https:\/\/www.mpppst.gob.ve\/mpppstweb\/wp-content\/uploads\/2025\/07\/cropped-cropped-g910.png","width":1080,"height":241,"caption":"mpppst"},"image":{"@id":"https:\/\/www.mpppst.gob.ve\/mpppstweb\/#\/schema\/logo\/image\/"}},{"@type":"Person","@id":"https:\/\/www.mpppst.gob.ve\/mpppstweb\/#\/schema\/person\/fc187ee8ead412bd4c9304b62f900ea4","name":"MPPPST Prensa","url":"https:\/\/www.mpppst.gob.ve\/mpppstweb\/index.php\/author\/prensa-mpppst\/"}]}},"_links":{"self":[{"href":"https:\/\/www.mpppst.gob.ve\/mpppstweb\/index.php\/wp-json\/wp\/v2\/posts\/18213"}],"collection":[{"href":"https:\/\/www.mpppst.gob.ve\/mpppstweb\/index.php\/wp-json\/wp\/v2\/posts"}],"about":[{"href":"https:\/\/www.mpppst.gob.ve\/mpppstweb\/index.php\/wp-json\/wp\/v2\/types\/post"}],"author":[{"embeddable":true,"href":"https:\/\/www.mpppst.gob.ve\/mpppstweb\/index.php\/wp-json\/wp\/v2\/users\/25"}],"replies":[{"embeddable":true,"href":"https:\/\/www.mpppst.gob.ve\/mpppstweb\/index.php\/wp-json\/wp\/v2\/comments?post=18213"}],"version-history":[{"count":1,"href":"https:\/\/www.mpppst.gob.ve\/mpppstweb\/index.php\/wp-json\/wp\/v2\/posts\/18213\/revisions"}],"predecessor-version":[{"id":18215,"href":"https:\/\/www.mpppst.gob.ve\/mpppstweb\/index.php\/wp-json\/wp\/v2\/posts\/18213\/revisions\/18215"}],"wp:featuredmedia":[{"embeddable":true,"href":"https:\/\/www.mpppst.gob.ve\/mpppstweb\/index.php\/wp-json\/wp\/v2\/media\/18214"}],"wp:attachment":[{"href":"https:\/\/www.mpppst.gob.ve\/mpppstweb\/index.php\/wp-json\/wp\/v2\/media?parent=18213"}],"wp:term":[{"taxonomy":"category","embeddable":true,"href":"https:\/\/www.mpppst.gob.ve\/mpppstweb\/index.php\/wp-json\/wp\/v2\/categories?post=18213"},{"taxonomy":"post_tag","embeddable":true,"href":"https:\/\/www.mpppst.gob.ve\/mpppstweb\/index.php\/wp-json\/wp\/v2\/tags?post=18213"}],"curies":[{"name":"wp","href":"https:\/\/api.w.org\/{rel}","templated":true}]}}