{"id":18224,"date":"2020-02-27T08:33:46","date_gmt":"2020-02-27T12:33:46","guid":{"rendered":"http:\/\/www.mpppst.gob.ve\/mpppstweb\/?p=18224"},"modified":"2020-02-27T08:33:47","modified_gmt":"2020-02-27T12:33:47","slug":"mesa-de-dialogo-nacional-logra-consenso-con-miras-a-nombrar-un-nuevo-cne","status":"publish","type":"post","link":"https:\/\/www.mpppst.gob.ve\/mpppstweb\/index.php\/2020\/02\/27\/mesa-de-dialogo-nacional-logra-consenso-con-miras-a-nombrar-un-nuevo-cne\/","title":{"rendered":"Mesa de di\u00e1logo nacional logra consenso con miras a nombrar un nuevo CNE"},"content":{"rendered":"\n<p><strong>Palacio de Miraflores, Caracas.-\u00a0<\/strong>El presidente constitucional de la <strong>Rep\u00fablica Bolivariana de Venezuela, Nicol\u00e1s Maduro Moro<\/strong>s, felicit\u00f3 el consenso obtenido este mi\u00e9rcoles por la mesa de di\u00e1logo nacional, donde se escogi\u00f3 a 10 representantes de la sociedad civil que integrar\u00e1n el <strong>Comit\u00e9 de Postulaci\u00f3n Electoral<\/strong> con miras a renovar las autoridades del <strong>Consejo Nacional Electoral (CNE).<\/strong><\/p>\n\n\n\n<p>\u201cPor consenso se sentaron los siete miembros de la oposici\u00f3n y los cinco del chavismo y por unanimidad votaron los diez nombres de la sociedad civil que conformar\u00e1n el <strong>Comit\u00e9 de Postulaciones<\/strong> del <strong>CNE<\/strong>, estas son buenas se\u00f1ales del resultado del di\u00e1logo pol\u00edtico\u201d enfatiz\u00f3 el <strong>Dignatario<\/strong>, durante una jornada de trabajo productivo en el Palacio de Miraflores.<\/p>\n\n\n\n<p>El <strong>Jefe de Estado <\/strong>manifest\u00f3 estar de acuerdo con las se\u00f1ales de paz y entendimiento entre los venezolanos, arrojadas por la mesa de di\u00e1logo nacional.<\/p>\n\n\n\n<p>Los integrantes del mencionado Comit\u00e9 son: Eduardo Casta\u00f1eda, Alexis Corredor, Gussi Galeano, Mercedes Guti\u00e9rrez, Guillermo Miguelena, Orlando P\u00e9rez, Luis Alberto Rodr\u00edguez, Carolina Rodr\u00edguez, Luis Serrano y Petra Tovar y ser\u00e1n juramentados por la Asamblea Nacional en los pr\u00f3ximos d\u00edas para posteriormente comenzar los pasos\u00a0 para elegir el nuevo <strong>Poder Electoral.<\/strong><\/p>\n\n\n\n<p>La mesa de di\u00e1logo , instalada desde septiembre del 2019, agrupa una comisi\u00f3n del gobierno nacional liderada por el vicepresidente sectorial de Comunicaci\u00f3n, Cultura y Turismo, Jorge Rodr\u00edguez y diversos sectores de la oposici\u00f3n venezolana en busca acuerdos que garanticen la estabilidad pol\u00edtica, social y econ\u00f3mica del pa\u00eds.<\/p>\n\n\n\n<p>Prensa Presidencia <\/p>\n","protected":false},"excerpt":{"rendered":"<p>Palacio de Miraflores, Caracas.-\u00a0El presidente constitucional de la Rep\u00fablica Bolivariana de Venezuela, Nicol\u00e1s Maduro Moros, felicit\u00f3 &hellip; <a title=\"Mesa de di\u00e1logo nacional logra consenso con miras a nombrar un nuevo CNE\" class=\"hm-read-more\" href=\"https:\/\/www.mpppst.gob.ve\/mpppstweb\/index.php\/2020\/02\/27\/mesa-de-dialogo-nacional-logra-consenso-con-miras-a-nombrar-un-nuevo-cne\/\"><span class=\"screen-reader-text\">Mesa de di\u00e1logo nacional logra consenso con miras a nombrar un nuevo CNE<\/span>Read more<\/a><\/p>\n","protected":false},"author":25,"featured_media":18225,"comment_status":"closed","ping_status":"closed","sticky":false,"template":"","format":"standard","meta":{"footnotes":""},"categories":[360,163],"tags":[393,341,335],"yoast_head":"<!-- This site is optimized with the Yoast SEO plugin v22.5 - https:\/\/yoast.com\/wordpress\/plugins\/seo\/ -->\n<title>Mesa de di\u00e1logo nacional logra consenso con miras a nombrar un nuevo CNE - MPPPST<\/title>\n<meta name=\"robots\" content=\"index, follow, max-snippet:-1, max-image-preview:large, max-video-preview:-1\" \/>\n<link rel=\"canonical\" href=\"https:\/\/www.mpppst.gob.ve\/mpppstweb\/index.php\/2020\/02\/27\/mesa-de-dialogo-nacional-logra-consenso-con-miras-a-nombrar-un-nuevo-cne\/\" \/>\n<meta property=\"og:locale\" content=\"es_ES\" \/>\n<meta property=\"og:type\" content=\"article\" \/>\n<meta property=\"og:title\" content=\"Mesa de di\u00e1logo nacional logra consenso con miras a nombrar un nuevo CNE - MPPPST\" \/>\n<meta property=\"og:description\" content=\"Palacio de Miraflores, Caracas.-\u00a0El presidente constitucional de la Rep\u00fablica Bolivariana de Venezuela, Nicol\u00e1s Maduro Moros, felicit\u00f3 &hellip; Mesa de di\u00e1logo nacional logra consenso con miras a nombrar un nuevo CNERead more\" \/>\n<meta property=\"og:url\" content=\"https:\/\/www.mpppst.gob.ve\/mpppstweb\/index.php\/2020\/02\/27\/mesa-de-dialogo-nacional-logra-consenso-con-miras-a-nombrar-un-nuevo-cne\/\" \/>\n<meta property=\"og:site_name\" content=\"MPPPST\" \/>\n<meta property=\"article:published_time\" content=\"2020-02-27T12:33:46+00:00\" \/>\n<meta property=\"article:modified_time\" content=\"2020-02-27T12:33:47+00:00\" \/>\n<meta property=\"og:image\" content=\"https:\/\/www.mpppst.gob.ve\/mpppstweb\/wp-content\/uploads\/2020\/02\/02FS__3763_FS_W.jpg\" \/>\n\t<meta property=\"og:image:width\" content=\"900\" \/>\n\t<meta property=\"og:image:height\" content=\"600\" \/>\n\t<meta property=\"og:image:type\" content=\"image\/jpeg\" \/>\n<meta name=\"author\" content=\"MPPPST Prensa\" \/>\n<meta name=\"twitter:card\" content=\"summary_large_image\" \/>\n<meta name=\"twitter:label1\" content=\"Escrito por\" \/>\n\t<meta name=\"twitter:data1\" content=\"MPPPST Prensa\" \/>\n\t<meta name=\"twitter:label2\" content=\"Tiempo de lectura\" \/>\n\t<meta name=\"twitter:data2\" content=\"1 minuto\" \/>\n<script type=\"application\/ld+json\" class=\"yoast-schema-graph\">{\"@context\":\"https:\/\/schema.org\",\"@graph\":[{\"@type\":\"Article\",\"@id\":\"https:\/\/www.mpppst.gob.ve\/mpppstweb\/index.php\/2020\/02\/27\/mesa-de-dialogo-nacional-logra-consenso-con-miras-a-nombrar-un-nuevo-cne\/#article\",\"isPartOf\":{\"@id\":\"https:\/\/www.mpppst.gob.ve\/mpppstweb\/index.php\/2020\/02\/27\/mesa-de-dialogo-nacional-logra-consenso-con-miras-a-nombrar-un-nuevo-cne\/\"},\"author\":{\"name\":\"MPPPST Prensa\",\"@id\":\"https:\/\/www.mpppst.gob.ve\/mpppstweb\/#\/schema\/person\/fc187ee8ead412bd4c9304b62f900ea4\"},\"headline\":\"Mesa de di\u00e1logo nacional logra consenso con miras a nombrar un nuevo CNE\",\"datePublished\":\"2020-02-27T12:33:46+00:00\",\"dateModified\":\"2020-02-27T12:33:47+00:00\",\"mainEntityOfPage\":{\"@id\":\"https:\/\/www.mpppst.gob.ve\/mpppstweb\/index.php\/2020\/02\/27\/mesa-de-dialogo-nacional-logra-consenso-con-miras-a-nombrar-un-nuevo-cne\/\"},\"wordCount\":279,\"publisher\":{\"@id\":\"https:\/\/www.mpppst.gob.ve\/mpppstweb\/#organization\"},\"image\":{\"@id\":\"https:\/\/www.mpppst.gob.ve\/mpppstweb\/index.php\/2020\/02\/27\/mesa-de-dialogo-nacional-logra-consenso-con-miras-a-nombrar-un-nuevo-cne\/#primaryimage\"},\"thumbnailUrl\":\"https:\/\/www.mpppst.gob.ve\/mpppstweb\/wp-content\/uploads\/2020\/02\/02FS__3763_FS_W.jpg\",\"keywords\":[\"CNE\",\"Nicol\u00e1s Maduro\",\"Venezuela\"],\"articleSection\":[\"Movimientos Sociales\",\"Noticias\"],\"inLanguage\":\"es\"},{\"@type\":\"WebPage\",\"@id\":\"https:\/\/www.mpppst.gob.ve\/mpppstweb\/index.php\/2020\/02\/27\/mesa-de-dialogo-nacional-logra-consenso-con-miras-a-nombrar-un-nuevo-cne\/\",\"url\":\"https:\/\/www.mpppst.gob.ve\/mpppstweb\/index.php\/2020\/02\/27\/mesa-de-dialogo-nacional-logra-consenso-con-miras-a-nombrar-un-nuevo-cne\/\",\"name\":\"Mesa de di\u00e1logo nacional logra consenso con miras a nombrar un nuevo CNE - MPPPST\",\"isPartOf\":{\"@id\":\"https:\/\/www.mpppst.gob.ve\/mpppstweb\/#website\"},\"primaryImageOfPage\":{\"@id\":\"https:\/\/www.mpppst.gob.ve\/mpppstweb\/index.php\/2020\/02\/27\/mesa-de-dialogo-nacional-logra-consenso-con-miras-a-nombrar-un-nuevo-cne\/#primaryimage\"},\"image\":{\"@id\":\"https:\/\/www.mpppst.gob.ve\/mpppstweb\/index.php\/2020\/02\/27\/mesa-de-dialogo-nacional-logra-consenso-con-miras-a-nombrar-un-nuevo-cne\/#primaryimage\"},\"thumbnailUrl\":\"https:\/\/www.mpppst.gob.ve\/mpppstweb\/wp-content\/uploads\/2020\/02\/02FS__3763_FS_W.jpg\",\"datePublished\":\"2020-02-27T12:33:46+00:00\",\"dateModified\":\"2020-02-27T12:33:47+00:00\",\"breadcrumb\":{\"@id\":\"https:\/\/www.mpppst.gob.ve\/mpppstweb\/index.php\/2020\/02\/27\/mesa-de-dialogo-nacional-logra-consenso-con-miras-a-nombrar-un-nuevo-cne\/#breadcrumb\"},\"inLanguage\":\"es\",\"potentialAction\":[{\"@type\":\"ReadAction\",\"target\":[\"https:\/\/www.mpppst.gob.ve\/mpppstweb\/index.php\/2020\/02\/27\/mesa-de-dialogo-nacional-logra-consenso-con-miras-a-nombrar-un-nuevo-cne\/\"]}]},{\"@type\":\"ImageObject\",\"inLanguage\":\"es\",\"@id\":\"https:\/\/www.mpppst.gob.ve\/mpppstweb\/index.php\/2020\/02\/27\/mesa-de-dialogo-nacional-logra-consenso-con-miras-a-nombrar-un-nuevo-cne\/#primaryimage\",\"url\":\"https:\/\/www.mpppst.gob.ve\/mpppstweb\/wp-content\/uploads\/2020\/02\/02FS__3763_FS_W.jpg\",\"contentUrl\":\"https:\/\/www.mpppst.gob.ve\/mpppstweb\/wp-content\/uploads\/2020\/02\/02FS__3763_FS_W.jpg\",\"width\":900,\"height\":600},{\"@type\":\"BreadcrumbList\",\"@id\":\"https:\/\/www.mpppst.gob.ve\/mpppstweb\/index.php\/2020\/02\/27\/mesa-de-dialogo-nacional-logra-consenso-con-miras-a-nombrar-un-nuevo-cne\/#breadcrumb\",\"itemListElement\":[{\"@type\":\"ListItem\",\"position\":1,\"name\":\"Home\",\"item\":\"https:\/\/www.mpppst.gob.ve\/mpppstweb\/\"},{\"@type\":\"ListItem\",\"position\":2,\"name\":\"Mesa de di\u00e1logo nacional logra consenso con miras a nombrar un nuevo CNE\"}]},{\"@type\":\"WebSite\",\"@id\":\"https:\/\/www.mpppst.gob.ve\/mpppstweb\/#website\",\"url\":\"https:\/\/www.mpppst.gob.ve\/mpppstweb\/\",\"name\":\"MPPPST\",\"description\":\"Ministerio del Poder Popular para el Proceso Social de Trabajo\",\"publisher\":{\"@id\":\"https:\/\/www.mpppst.gob.ve\/mpppstweb\/#organization\"},\"potentialAction\":[{\"@type\":\"SearchAction\",\"target\":{\"@type\":\"EntryPoint\",\"urlTemplate\":\"https:\/\/www.mpppst.gob.ve\/mpppstweb\/?s={search_term_string}\"},\"query-input\":\"required name=search_term_string\"}],\"inLanguage\":\"es\"},{\"@type\":\"Organization\",\"@id\":\"https:\/\/www.mpppst.gob.ve\/mpppstweb\/#organization\",\"name\":\"mpppst\",\"url\":\"https:\/\/www.mpppst.gob.ve\/mpppstweb\/\",\"logo\":{\"@type\":\"ImageObject\",\"inLanguage\":\"es\",\"@id\":\"https:\/\/www.mpppst.gob.ve\/mpppstweb\/#\/schema\/logo\/image\/\",\"url\":\"https:\/\/www.mpppst.gob.ve\/mpppstweb\/wp-content\/uploads\/2025\/07\/cropped-cropped-g910.png\",\"contentUrl\":\"https:\/\/www.mpppst.gob.ve\/mpppstweb\/wp-content\/uploads\/2025\/07\/cropped-cropped-g910.png\",\"width\":1080,\"height\":241,\"caption\":\"mpppst\"},\"image\":{\"@id\":\"https:\/\/www.mpppst.gob.ve\/mpppstweb\/#\/schema\/logo\/image\/\"}},{\"@type\":\"Person\",\"@id\":\"https:\/\/www.mpppst.gob.ve\/mpppstweb\/#\/schema\/person\/fc187ee8ead412bd4c9304b62f900ea4\",\"name\":\"MPPPST Prensa\",\"url\":\"https:\/\/www.mpppst.gob.ve\/mpppstweb\/index.php\/author\/prensa-mpppst\/\"}]}<\/script>\n<!-- \/ Yoast SEO plugin. -->","yoast_head_json":{"title":"Mesa de di\u00e1logo nacional logra consenso con miras a nombrar un nuevo CNE - MPPPST","robots":{"index":"index","follow":"follow","max-snippet":"max-snippet:-1","max-image-preview":"max-image-preview:large","max-video-preview":"max-video-preview:-1"},"canonical":"https:\/\/www.mpppst.gob.ve\/mpppstweb\/index.php\/2020\/02\/27\/mesa-de-dialogo-nacional-logra-consenso-con-miras-a-nombrar-un-nuevo-cne\/","og_locale":"es_ES","og_type":"article","og_title":"Mesa de di\u00e1logo nacional logra consenso con miras a nombrar un nuevo CNE - MPPPST","og_description":"Palacio de Miraflores, Caracas.-\u00a0El presidente constitucional de la Rep\u00fablica Bolivariana de Venezuela, Nicol\u00e1s Maduro Moros, felicit\u00f3 &hellip; Mesa de di\u00e1logo nacional logra consenso con miras a nombrar un nuevo CNERead more","og_url":"https:\/\/www.mpppst.gob.ve\/mpppstweb\/index.php\/2020\/02\/27\/mesa-de-dialogo-nacional-logra-consenso-con-miras-a-nombrar-un-nuevo-cne\/","og_site_name":"MPPPST","article_published_time":"2020-02-27T12:33:46+00:00","article_modified_time":"2020-02-27T12:33:47+00:00","og_image":[{"width":900,"height":600,"url":"https:\/\/www.mpppst.gob.ve\/mpppstweb\/wp-content\/uploads\/2020\/02\/02FS__3763_FS_W.jpg","type":"image\/jpeg"}],"author":"MPPPST Prensa","twitter_card":"summary_large_image","twitter_misc":{"Escrito por":"MPPPST Prensa","Tiempo de lectura":"1 minuto"},"schema":{"@context":"https:\/\/schema.org","@graph":[{"@type":"Article","@id":"https:\/\/www.mpppst.gob.ve\/mpppstweb\/index.php\/2020\/02\/27\/mesa-de-dialogo-nacional-logra-consenso-con-miras-a-nombrar-un-nuevo-cne\/#article","isPartOf":{"@id":"https:\/\/www.mpppst.gob.ve\/mpppstweb\/index.php\/2020\/02\/27\/mesa-de-dialogo-nacional-logra-consenso-con-miras-a-nombrar-un-nuevo-cne\/"},"author":{"name":"MPPPST Prensa","@id":"https:\/\/www.mpppst.gob.ve\/mpppstweb\/#\/schema\/person\/fc187ee8ead412bd4c9304b62f900ea4"},"headline":"Mesa de di\u00e1logo nacional logra consenso con miras a nombrar un nuevo CNE","datePublished":"2020-02-27T12:33:46+00:00","dateModified":"2020-02-27T12:33:47+00:00","mainEntityOfPage":{"@id":"https:\/\/www.mpppst.gob.ve\/mpppstweb\/index.php\/2020\/02\/27\/mesa-de-dialogo-nacional-logra-consenso-con-miras-a-nombrar-un-nuevo-cne\/"},"wordCount":279,"publisher":{"@id":"https:\/\/www.mpppst.gob.ve\/mpppstweb\/#organization"},"image":{"@id":"https:\/\/www.mpppst.gob.ve\/mpppstweb\/index.php\/2020\/02\/27\/mesa-de-dialogo-nacional-logra-consenso-con-miras-a-nombrar-un-nuevo-cne\/#primaryimage"},"thumbnailUrl":"https:\/\/www.mpppst.gob.ve\/mpppstweb\/wp-content\/uploads\/2020\/02\/02FS__3763_FS_W.jpg","keywords":["CNE","Nicol\u00e1s Maduro","Venezuela"],"articleSection":["Movimientos Sociales","Noticias"],"inLanguage":"es"},{"@type":"WebPage","@id":"https:\/\/www.mpppst.gob.ve\/mpppstweb\/index.php\/2020\/02\/27\/mesa-de-dialogo-nacional-logra-consenso-con-miras-a-nombrar-un-nuevo-cne\/","url":"https:\/\/www.mpppst.gob.ve\/mpppstweb\/index.php\/2020\/02\/27\/mesa-de-dialogo-nacional-logra-consenso-con-miras-a-nombrar-un-nuevo-cne\/","name":"Mesa de di\u00e1logo nacional logra consenso con miras a nombrar un nuevo CNE - MPPPST","isPartOf":{"@id":"https:\/\/www.mpppst.gob.ve\/mpppstweb\/#website"},"primaryImageOfPage":{"@id":"https:\/\/www.mpppst.gob.ve\/mpppstweb\/index.php\/2020\/02\/27\/mesa-de-dialogo-nacional-logra-consenso-con-miras-a-nombrar-un-nuevo-cne\/#primaryimage"},"image":{"@id":"https:\/\/www.mpppst.gob.ve\/mpppstweb\/index.php\/2020\/02\/27\/mesa-de-dialogo-nacional-logra-consenso-con-miras-a-nombrar-un-nuevo-cne\/#primaryimage"},"thumbnailUrl":"https:\/\/www.mpppst.gob.ve\/mpppstweb\/wp-content\/uploads\/2020\/02\/02FS__3763_FS_W.jpg","datePublished":"2020-02-27T12:33:46+00:00","dateModified":"2020-02-27T12:33:47+00:00","breadcrumb":{"@id":"https:\/\/www.mpppst.gob.ve\/mpppstweb\/index.php\/2020\/02\/27\/mesa-de-dialogo-nacional-logra-consenso-con-miras-a-nombrar-un-nuevo-cne\/#breadcrumb"},"inLanguage":"es","potentialAction":[{"@type":"ReadAction","target":["https:\/\/www.mpppst.gob.ve\/mpppstweb\/index.php\/2020\/02\/27\/mesa-de-dialogo-nacional-logra-consenso-con-miras-a-nombrar-un-nuevo-cne\/"]}]},{"@type":"ImageObject","inLanguage":"es","@id":"https:\/\/www.mpppst.gob.ve\/mpppstweb\/index.php\/2020\/02\/27\/mesa-de-dialogo-nacional-logra-consenso-con-miras-a-nombrar-un-nuevo-cne\/#primaryimage","url":"https:\/\/www.mpppst.gob.ve\/mpppstweb\/wp-content\/uploads\/2020\/02\/02FS__3763_FS_W.jpg","contentUrl":"https:\/\/www.mpppst.gob.ve\/mpppstweb\/wp-content\/uploads\/2020\/02\/02FS__3763_FS_W.jpg","width":900,"height":600},{"@type":"BreadcrumbList","@id":"https:\/\/www.mpppst.gob.ve\/mpppstweb\/index.php\/2020\/02\/27\/mesa-de-dialogo-nacional-logra-consenso-con-miras-a-nombrar-un-nuevo-cne\/#breadcrumb","itemListElement":[{"@type":"ListItem","position":1,"name":"Home","item":"https:\/\/www.mpppst.gob.ve\/mpppstweb\/"},{"@type":"ListItem","position":2,"name":"Mesa de di\u00e1logo nacional logra consenso con miras a nombrar un nuevo CNE"}]},{"@type":"WebSite","@id":"https:\/\/www.mpppst.gob.ve\/mpppstweb\/#website","url":"https:\/\/www.mpppst.gob.ve\/mpppstweb\/","name":"MPPPST","description":"Ministerio del Poder Popular para el Proceso Social de Trabajo","publisher":{"@id":"https:\/\/www.mpppst.gob.ve\/mpppstweb\/#organization"},"potentialAction":[{"@type":"SearchAction","target":{"@type":"EntryPoint","urlTemplate":"https:\/\/www.mpppst.gob.ve\/mpppstweb\/?s={search_term_string}"},"query-input":"required name=search_term_string"}],"inLanguage":"es"},{"@type":"Organization","@id":"https:\/\/www.mpppst.gob.ve\/mpppstweb\/#organization","name":"mpppst","url":"https:\/\/www.mpppst.gob.ve\/mpppstweb\/","logo":{"@type":"ImageObject","inLanguage":"es","@id":"https:\/\/www.mpppst.gob.ve\/mpppstweb\/#\/schema\/logo\/image\/","url":"https:\/\/www.mpppst.gob.ve\/mpppstweb\/wp-content\/uploads\/2025\/07\/cropped-cropped-g910.png","contentUrl":"https:\/\/www.mpppst.gob.ve\/mpppstweb\/wp-content\/uploads\/2025\/07\/cropped-cropped-g910.png","width":1080,"height":241,"caption":"mpppst"},"image":{"@id":"https:\/\/www.mpppst.gob.ve\/mpppstweb\/#\/schema\/logo\/image\/"}},{"@type":"Person","@id":"https:\/\/www.mpppst.gob.ve\/mpppstweb\/#\/schema\/person\/fc187ee8ead412bd4c9304b62f900ea4","name":"MPPPST Prensa","url":"https:\/\/www.mpppst.gob.ve\/mpppstweb\/index.php\/author\/prensa-mpppst\/"}]}},"_links":{"self":[{"href":"https:\/\/www.mpppst.gob.ve\/mpppstweb\/index.php\/wp-json\/wp\/v2\/posts\/18224"}],"collection":[{"href":"https:\/\/www.mpppst.gob.ve\/mpppstweb\/index.php\/wp-json\/wp\/v2\/posts"}],"about":[{"href":"https:\/\/www.mpppst.gob.ve\/mpppstweb\/index.php\/wp-json\/wp\/v2\/types\/post"}],"author":[{"embeddable":true,"href":"https:\/\/www.mpppst.gob.ve\/mpppstweb\/index.php\/wp-json\/wp\/v2\/users\/25"}],"replies":[{"embeddable":true,"href":"https:\/\/www.mpppst.gob.ve\/mpppstweb\/index.php\/wp-json\/wp\/v2\/comments?post=18224"}],"version-history":[{"count":1,"href":"https:\/\/www.mpppst.gob.ve\/mpppstweb\/index.php\/wp-json\/wp\/v2\/posts\/18224\/revisions"}],"predecessor-version":[{"id":18226,"href":"https:\/\/www.mpppst.gob.ve\/mpppstweb\/index.php\/wp-json\/wp\/v2\/posts\/18224\/revisions\/18226"}],"wp:featuredmedia":[{"embeddable":true,"href":"https:\/\/www.mpppst.gob.ve\/mpppstweb\/index.php\/wp-json\/wp\/v2\/media\/18225"}],"wp:attachment":[{"href":"https:\/\/www.mpppst.gob.ve\/mpppstweb\/index.php\/wp-json\/wp\/v2\/media?parent=18224"}],"wp:term":[{"taxonomy":"category","embeddable":true,"href":"https:\/\/www.mpppst.gob.ve\/mpppstweb\/index.php\/wp-json\/wp\/v2\/categories?post=18224"},{"taxonomy":"post_tag","embeddable":true,"href":"https:\/\/www.mpppst.gob.ve\/mpppstweb\/index.php\/wp-json\/wp\/v2\/tags?post=18224"}],"curies":[{"name":"wp","href":"https:\/\/api.w.org\/{rel}","templated":true}]}}