{"id":18306,"date":"2020-03-04T08:18:07","date_gmt":"2020-03-04T12:18:07","guid":{"rendered":"http:\/\/www.mpppst.gob.ve\/mpppstweb\/?p=18306"},"modified":"2020-03-04T08:18:08","modified_gmt":"2020-03-04T12:18:08","slug":"jefe-de-estado-parto-humanizado-debe-ser-un-plan-priorizado-del-poder-comunal","status":"publish","type":"post","link":"https:\/\/www.mpppst.gob.ve\/mpppstweb\/index.php\/2020\/03\/04\/jefe-de-estado-parto-humanizado-debe-ser-un-plan-priorizado-del-poder-comunal\/","title":{"rendered":"Jefe de Estado: Parto Humanizado debe ser un plan priorizado del poder comunal"},"content":{"rendered":"\n<p class=\"wp-block-paragraph\">El presidente de la Rep\u00fablica Bolivariana de Venezuela,&nbsp;<strong>Nicol\u00e1s Maduro Moros<\/strong>, pidi\u00f3 este martes al vicepresidente sectorial de Desarrollo Social y Territorial,&nbsp;<strong>Arist\u00f3bulo Ist\u00fariz<\/strong>, que el&nbsp;<strong>Plan Parto Humanizado<\/strong>&nbsp;debe ser uno de los planes priorizados del poder comunal, del Poder Popular, Consejos Comunales y de todas las comunas del pa\u00eds.<\/p>\n\n\n\n<p class=\"wp-block-paragraph\">En un encuentro con integrantes del Plan Nacional de Parto Humanizado y Lactancia Materna, el Jefe de Estado tambi\u00e9n solicit\u00f3 a Ist\u00fariz, al ministro del Poder Popular para la Salud,&nbsp;<strong>Carlos Alvarado,<\/strong>&nbsp;y a la Misi\u00f3n M\u00e9dica Cubana articular 100% con Barrio Adentro Salud y pidi\u00f3 formar a 30 mil nuevas promotoras.<\/p>\n\n\n\n<p class=\"wp-block-paragraph\">El Mandatario Nacional expres\u00f3 que el Plan Parto humanizado \u201cdebe ganarse por su masividad, calidad, eficiencia y por su impacto en la sociedad el rango de ser misi\u00f3n m\u00e1s temprano que tarde. Eso depende de ti, Asia Villegas, Blanca Eekhout, Mervin Maldonado y Arist\u00f3bulo Ist\u00fariz. Una Misi\u00f3n se construye con propuestas te\u00f3ricas, pr\u00e1cticas, que van surgiendo con experiencias\u201d.<\/p>\n\n\n\n<p class=\"wp-block-paragraph\">Por otra parte, el presidente <strong>Maduro<\/strong> plante\u00f3 que la educaci\u00f3n debe incluir el Parto Humanizado para que ni\u00f1os, ni\u00f1as y j\u00f3venes reciban formaci\u00f3n en escuelas y liceos.<\/p>\n\n\n\n<p class=\"wp-block-paragraph\">Prensa VTV<\/p>\n","protected":false},"excerpt":{"rendered":"<p>El presidente de la Rep\u00fablica Bolivariana de Venezuela,&nbsp;Nicol\u00e1s Maduro Moros, pidi\u00f3 este martes al vicepresidente sectorial &hellip; <a title=\"Jefe de Estado: Parto Humanizado debe ser un plan priorizado del poder comunal\" class=\"hm-read-more\" href=\"https:\/\/www.mpppst.gob.ve\/mpppstweb\/index.php\/2020\/03\/04\/jefe-de-estado-parto-humanizado-debe-ser-un-plan-priorizado-del-poder-comunal\/\"><span class=\"screen-reader-text\">Jefe de Estado: Parto Humanizado debe ser un plan priorizado del poder comunal<\/span>Leer m\u00e1s<\/a><\/p>\n","protected":false},"author":25,"featured_media":18307,"comment_status":"closed","ping_status":"closed","sticky":false,"template":"","format":"standard","meta":{"footnotes":""},"categories":[82,163],"tags":[251,222,223,341],"class_list":["post-18306","post","type-post","status-publish","format-standard","has-post-thumbnail","hentry","category-gobierno-nacional","category-noticias","tag-base-de-misiones","tag-gobierno-bolivariano","tag-mpppst","tag-nicolas-maduro"],"yoast_head":"<!-- This site is optimized with the Yoast SEO plugin v28.4 - https:\/\/yoast.com\/product\/yoast-seo-wordpress\/ -->\n<title>Jefe de Estado: Parto Humanizado debe ser un plan priorizado del poder comunal - MPPPST<\/title>\n<meta name=\"robots\" content=\"index, follow, max-snippet:-1, max-image-preview:large, max-video-preview:-1\" \/>\n<link rel=\"canonical\" href=\"https:\/\/www.mpppst.gob.ve\/mpppstweb\/index.php\/2020\/03\/04\/jefe-de-estado-parto-humanizado-debe-ser-un-plan-priorizado-del-poder-comunal\/\" \/>\n<meta property=\"og:locale\" content=\"es_ES\" \/>\n<meta property=\"og:type\" content=\"article\" \/>\n<meta property=\"og:title\" content=\"Jefe de Estado: Parto Humanizado debe ser un plan priorizado del poder comunal - MPPPST\" \/>\n<meta property=\"og:description\" content=\"El presidente de la Rep\u00fablica Bolivariana de Venezuela,&nbsp;Nicol\u00e1s Maduro Moros, pidi\u00f3 este martes al vicepresidente sectorial &hellip; Jefe de Estado: Parto Humanizado debe ser un plan priorizado del poder comunalLeer m\u00e1s\" \/>\n<meta property=\"og:url\" content=\"https:\/\/www.mpppst.gob.ve\/mpppstweb\/index.php\/2020\/03\/04\/jefe-de-estado-parto-humanizado-debe-ser-un-plan-priorizado-del-poder-comunal\/\" \/>\n<meta property=\"og:site_name\" content=\"MPPPST\" \/>\n<meta property=\"article:publisher\" content=\"https:\/\/www.facebook.com\/mintrabajo_ve\" \/>\n<meta property=\"article:published_time\" content=\"2020-03-04T12:18:07+00:00\" \/>\n<meta property=\"article:modified_time\" content=\"2020-03-04T12:18:08+00:00\" \/>\n<meta property=\"og:image\" content=\"https:\/\/www.mpppst.gob.ve\/mpppstweb\/wp-content\/uploads\/2020\/03\/Presidente-Nicol\u00e1s-Maduro.jpg\" \/>\n\t<meta property=\"og:image:width\" content=\"800\" \/>\n\t<meta property=\"og:image:height\" content=\"445\" \/>\n\t<meta property=\"og:image:type\" content=\"image\/jpeg\" \/>\n<meta name=\"author\" content=\"MPPPST Prensa\" \/>\n<meta name=\"twitter:card\" content=\"summary_large_image\" \/>\n<script type=\"application\/ld+json\" class=\"yoast-schema-graph\">{\"@context\":\"https:\\\/\\\/schema.org\",\"@graph\":[{\"@type\":\"Article\",\"@id\":\"https:\\\/\\\/www.mpppst.gob.ve\\\/mpppstweb\\\/index.php\\\/2020\\\/03\\\/04\\\/jefe-de-estado-parto-humanizado-debe-ser-un-plan-priorizado-del-poder-comunal\\\/#article\",\"isPartOf\":{\"@id\":\"https:\\\/\\\/www.mpppst.gob.ve\\\/mpppstweb\\\/index.php\\\/2020\\\/03\\\/04\\\/jefe-de-estado-parto-humanizado-debe-ser-un-plan-priorizado-del-poder-comunal\\\/\"},\"author\":{\"name\":\"MPPPST Prensa\",\"@id\":\"https:\\\/\\\/www.mpppst.gob.ve\\\/mpppstweb\\\/#\\\/schema\\\/person\\\/fc187ee8ead412bd4c9304b62f900ea4\"},\"headline\":\"Jefe de Estado: Parto Humanizado debe ser un plan priorizado del poder comunal\",\"datePublished\":\"2020-03-04T12:18:07+00:00\",\"dateModified\":\"2020-03-04T12:18:08+00:00\",\"mainEntityOfPage\":{\"@id\":\"https:\\\/\\\/www.mpppst.gob.ve\\\/mpppstweb\\\/index.php\\\/2020\\\/03\\\/04\\\/jefe-de-estado-parto-humanizado-debe-ser-un-plan-priorizado-del-poder-comunal\\\/\"},\"wordCount\":228,\"publisher\":{\"@id\":\"https:\\\/\\\/www.mpppst.gob.ve\\\/mpppstweb\\\/#organization\"},\"image\":{\"@id\":\"https:\\\/\\\/www.mpppst.gob.ve\\\/mpppstweb\\\/index.php\\\/2020\\\/03\\\/04\\\/jefe-de-estado-parto-humanizado-debe-ser-un-plan-priorizado-del-poder-comunal\\\/#primaryimage\"},\"thumbnailUrl\":\"https:\\\/\\\/www.mpppst.gob.ve\\\/mpppstweb\\\/wp-content\\\/uploads\\\/2020\\\/03\\\/Presidente-Nicol\u00e1s-Maduro.jpg\",\"keywords\":[\"Base de Misiones\",\"Gobierno Bolivariano\",\"MPPPST\",\"Nicol\u00e1s Maduro\"],\"articleSection\":[\"Gobierno Nacional\",\"Noticias\"],\"inLanguage\":\"es\"},{\"@type\":\"WebPage\",\"@id\":\"https:\\\/\\\/www.mpppst.gob.ve\\\/mpppstweb\\\/index.php\\\/2020\\\/03\\\/04\\\/jefe-de-estado-parto-humanizado-debe-ser-un-plan-priorizado-del-poder-comunal\\\/\",\"url\":\"https:\\\/\\\/www.mpppst.gob.ve\\\/mpppstweb\\\/index.php\\\/2020\\\/03\\\/04\\\/jefe-de-estado-parto-humanizado-debe-ser-un-plan-priorizado-del-poder-comunal\\\/\",\"name\":\"Jefe de Estado: Parto Humanizado debe ser un plan priorizado del poder comunal - MPPPST\",\"isPartOf\":{\"@id\":\"https:\\\/\\\/www.mpppst.gob.ve\\\/mpppstweb\\\/#website\"},\"primaryImageOfPage\":{\"@id\":\"https:\\\/\\\/www.mpppst.gob.ve\\\/mpppstweb\\\/index.php\\\/2020\\\/03\\\/04\\\/jefe-de-estado-parto-humanizado-debe-ser-un-plan-priorizado-del-poder-comunal\\\/#primaryimage\"},\"image\":{\"@id\":\"https:\\\/\\\/www.mpppst.gob.ve\\\/mpppstweb\\\/index.php\\\/2020\\\/03\\\/04\\\/jefe-de-estado-parto-humanizado-debe-ser-un-plan-priorizado-del-poder-comunal\\\/#primaryimage\"},\"thumbnailUrl\":\"https:\\\/\\\/www.mpppst.gob.ve\\\/mpppstweb\\\/wp-content\\\/uploads\\\/2020\\\/03\\\/Presidente-Nicol\u00e1s-Maduro.jpg\",\"datePublished\":\"2020-03-04T12:18:07+00:00\",\"dateModified\":\"2020-03-04T12:18:08+00:00\",\"breadcrumb\":{\"@id\":\"https:\\\/\\\/www.mpppst.gob.ve\\\/mpppstweb\\\/index.php\\\/2020\\\/03\\\/04\\\/jefe-de-estado-parto-humanizado-debe-ser-un-plan-priorizado-del-poder-comunal\\\/#breadcrumb\"},\"inLanguage\":\"es\",\"potentialAction\":[{\"@type\":\"ReadAction\",\"target\":[\"https:\\\/\\\/www.mpppst.gob.ve\\\/mpppstweb\\\/index.php\\\/2020\\\/03\\\/04\\\/jefe-de-estado-parto-humanizado-debe-ser-un-plan-priorizado-del-poder-comunal\\\/\"]}]},{\"@type\":\"ImageObject\",\"inLanguage\":\"es\",\"@id\":\"https:\\\/\\\/www.mpppst.gob.ve\\\/mpppstweb\\\/index.php\\\/2020\\\/03\\\/04\\\/jefe-de-estado-parto-humanizado-debe-ser-un-plan-priorizado-del-poder-comunal\\\/#primaryimage\",\"url\":\"https:\\\/\\\/www.mpppst.gob.ve\\\/mpppstweb\\\/wp-content\\\/uploads\\\/2020\\\/03\\\/Presidente-Nicol\u00e1s-Maduro.jpg\",\"contentUrl\":\"https:\\\/\\\/www.mpppst.gob.ve\\\/mpppstweb\\\/wp-content\\\/uploads\\\/2020\\\/03\\\/Presidente-Nicol\u00e1s-Maduro.jpg\",\"width\":800,\"height\":445},{\"@type\":\"BreadcrumbList\",\"@id\":\"https:\\\/\\\/www.mpppst.gob.ve\\\/mpppstweb\\\/index.php\\\/2020\\\/03\\\/04\\\/jefe-de-estado-parto-humanizado-debe-ser-un-plan-priorizado-del-poder-comunal\\\/#breadcrumb\",\"itemListElement\":[{\"@type\":\"ListItem\",\"position\":1,\"name\":\"Home\",\"item\":\"https:\\\/\\\/www.mpppst.gob.ve\\\/mpppstweb\\\/\"},{\"@type\":\"ListItem\",\"position\":2,\"name\":\"Jefe de Estado: Parto Humanizado debe ser un plan priorizado del poder comunal\"}]},{\"@type\":\"WebSite\",\"@id\":\"https:\\\/\\\/www.mpppst.gob.ve\\\/mpppstweb\\\/#website\",\"url\":\"https:\\\/\\\/www.mpppst.gob.ve\\\/mpppstweb\\\/\",\"name\":\"MPPPST\",\"description\":\"Sitio web oficial del Ministerio del Poder Popular para el Proceso Social de Trabajo\",\"publisher\":{\"@id\":\"https:\\\/\\\/www.mpppst.gob.ve\\\/mpppstweb\\\/#organization\"},\"alternateName\":\"Ministerio del Poder Popular para el Proceso Social de Trabajo\",\"potentialAction\":[{\"@type\":\"SearchAction\",\"target\":{\"@type\":\"EntryPoint\",\"urlTemplate\":\"https:\\\/\\\/www.mpppst.gob.ve\\\/mpppstweb\\\/?s={search_term_string}\"},\"query-input\":{\"@type\":\"PropertyValueSpecification\",\"valueRequired\":true,\"valueName\":\"search_term_string\"}}],\"inLanguage\":\"es\"},{\"@type\":\"Organization\",\"@id\":\"https:\\\/\\\/www.mpppst.gob.ve\\\/mpppstweb\\\/#organization\",\"name\":\"Ministerio del Poder Popular para el Proceso Social de Trabajo\",\"alternateName\":\"MPPPST\",\"url\":\"https:\\\/\\\/www.mpppst.gob.ve\\\/mpppstweb\\\/\",\"logo\":{\"@type\":\"ImageObject\",\"inLanguage\":\"es\",\"@id\":\"https:\\\/\\\/www.mpppst.gob.ve\\\/mpppstweb\\\/#\\\/schema\\\/logo\\\/image\\\/\",\"url\":\"https:\\\/\\\/www.mpppst.gob.ve\\\/mpppstweb\\\/wp-content\\\/uploads\\\/2025\\\/07\\\/cropped-cropped-g910.png\",\"contentUrl\":\"https:\\\/\\\/www.mpppst.gob.ve\\\/mpppstweb\\\/wp-content\\\/uploads\\\/2025\\\/07\\\/cropped-cropped-g910.png\",\"width\":1080,\"height\":241,\"caption\":\"Ministerio del Poder Popular para el Proceso Social de Trabajo\"},\"image\":{\"@id\":\"https:\\\/\\\/www.mpppst.gob.ve\\\/mpppstweb\\\/#\\\/schema\\\/logo\\\/image\\\/\"},\"sameAs\":[\"https:\\\/\\\/www.facebook.com\\\/mintrabajo_ve\",\"https:\\\/\\\/www.instagram.com\\\/mintrabajo_ve\\\/\",\"https:\\\/\\\/www.tiktok.com\\\/@mintrabajo_ve\",\"https:\\\/\\\/t.me\\\/mpppst\"]},{\"@type\":\"Person\",\"@id\":\"https:\\\/\\\/www.mpppst.gob.ve\\\/mpppstweb\\\/#\\\/schema\\\/person\\\/fc187ee8ead412bd4c9304b62f900ea4\",\"name\":\"MPPPST Prensa\",\"url\":\"https:\\\/\\\/www.mpppst.gob.ve\\\/mpppstweb\\\/index.php\\\/author\\\/prensa-mpppst\\\/\"}]}<\/script>\n<!-- \/ Yoast SEO plugin. -->","yoast_head_json":{"title":"Jefe de Estado: Parto Humanizado debe ser un plan priorizado del poder comunal - MPPPST","robots":{"index":"index","follow":"follow","max-snippet":"max-snippet:-1","max-image-preview":"max-image-preview:large","max-video-preview":"max-video-preview:-1"},"canonical":"https:\/\/www.mpppst.gob.ve\/mpppstweb\/index.php\/2020\/03\/04\/jefe-de-estado-parto-humanizado-debe-ser-un-plan-priorizado-del-poder-comunal\/","og_locale":"es_ES","og_type":"article","og_title":"Jefe de Estado: Parto Humanizado debe ser un plan priorizado del poder comunal - MPPPST","og_description":"El presidente de la Rep\u00fablica Bolivariana de Venezuela,&nbsp;Nicol\u00e1s Maduro Moros, pidi\u00f3 este martes al vicepresidente sectorial &hellip; Jefe de Estado: Parto Humanizado debe ser un plan priorizado del poder comunalLeer m\u00e1s","og_url":"https:\/\/www.mpppst.gob.ve\/mpppstweb\/index.php\/2020\/03\/04\/jefe-de-estado-parto-humanizado-debe-ser-un-plan-priorizado-del-poder-comunal\/","og_site_name":"MPPPST","article_publisher":"https:\/\/www.facebook.com\/mintrabajo_ve","article_published_time":"2020-03-04T12:18:07+00:00","article_modified_time":"2020-03-04T12:18:08+00:00","og_image":[{"width":800,"height":445,"url":"https:\/\/www.mpppst.gob.ve\/mpppstweb\/wp-content\/uploads\/2020\/03\/Presidente-Nicol\u00e1s-Maduro.jpg","type":"image\/jpeg"}],"author":"MPPPST Prensa","twitter_card":"summary_large_image","schema":{"@context":"https:\/\/schema.org","@graph":[{"@type":"Article","@id":"https:\/\/www.mpppst.gob.ve\/mpppstweb\/index.php\/2020\/03\/04\/jefe-de-estado-parto-humanizado-debe-ser-un-plan-priorizado-del-poder-comunal\/#article","isPartOf":{"@id":"https:\/\/www.mpppst.gob.ve\/mpppstweb\/index.php\/2020\/03\/04\/jefe-de-estado-parto-humanizado-debe-ser-un-plan-priorizado-del-poder-comunal\/"},"author":{"name":"MPPPST Prensa","@id":"https:\/\/www.mpppst.gob.ve\/mpppstweb\/#\/schema\/person\/fc187ee8ead412bd4c9304b62f900ea4"},"headline":"Jefe de Estado: Parto Humanizado debe ser un plan priorizado del poder comunal","datePublished":"2020-03-04T12:18:07+00:00","dateModified":"2020-03-04T12:18:08+00:00","mainEntityOfPage":{"@id":"https:\/\/www.mpppst.gob.ve\/mpppstweb\/index.php\/2020\/03\/04\/jefe-de-estado-parto-humanizado-debe-ser-un-plan-priorizado-del-poder-comunal\/"},"wordCount":228,"publisher":{"@id":"https:\/\/www.mpppst.gob.ve\/mpppstweb\/#organization"},"image":{"@id":"https:\/\/www.mpppst.gob.ve\/mpppstweb\/index.php\/2020\/03\/04\/jefe-de-estado-parto-humanizado-debe-ser-un-plan-priorizado-del-poder-comunal\/#primaryimage"},"thumbnailUrl":"https:\/\/www.mpppst.gob.ve\/mpppstweb\/wp-content\/uploads\/2020\/03\/Presidente-Nicol\u00e1s-Maduro.jpg","keywords":["Base de Misiones","Gobierno Bolivariano","MPPPST","Nicol\u00e1s Maduro"],"articleSection":["Gobierno Nacional","Noticias"],"inLanguage":"es"},{"@type":"WebPage","@id":"https:\/\/www.mpppst.gob.ve\/mpppstweb\/index.php\/2020\/03\/04\/jefe-de-estado-parto-humanizado-debe-ser-un-plan-priorizado-del-poder-comunal\/","url":"https:\/\/www.mpppst.gob.ve\/mpppstweb\/index.php\/2020\/03\/04\/jefe-de-estado-parto-humanizado-debe-ser-un-plan-priorizado-del-poder-comunal\/","name":"Jefe de Estado: Parto Humanizado debe ser un plan priorizado del poder comunal - MPPPST","isPartOf":{"@id":"https:\/\/www.mpppst.gob.ve\/mpppstweb\/#website"},"primaryImageOfPage":{"@id":"https:\/\/www.mpppst.gob.ve\/mpppstweb\/index.php\/2020\/03\/04\/jefe-de-estado-parto-humanizado-debe-ser-un-plan-priorizado-del-poder-comunal\/#primaryimage"},"image":{"@id":"https:\/\/www.mpppst.gob.ve\/mpppstweb\/index.php\/2020\/03\/04\/jefe-de-estado-parto-humanizado-debe-ser-un-plan-priorizado-del-poder-comunal\/#primaryimage"},"thumbnailUrl":"https:\/\/www.mpppst.gob.ve\/mpppstweb\/wp-content\/uploads\/2020\/03\/Presidente-Nicol\u00e1s-Maduro.jpg","datePublished":"2020-03-04T12:18:07+00:00","dateModified":"2020-03-04T12:18:08+00:00","breadcrumb":{"@id":"https:\/\/www.mpppst.gob.ve\/mpppstweb\/index.php\/2020\/03\/04\/jefe-de-estado-parto-humanizado-debe-ser-un-plan-priorizado-del-poder-comunal\/#breadcrumb"},"inLanguage":"es","potentialAction":[{"@type":"ReadAction","target":["https:\/\/www.mpppst.gob.ve\/mpppstweb\/index.php\/2020\/03\/04\/jefe-de-estado-parto-humanizado-debe-ser-un-plan-priorizado-del-poder-comunal\/"]}]},{"@type":"ImageObject","inLanguage":"es","@id":"https:\/\/www.mpppst.gob.ve\/mpppstweb\/index.php\/2020\/03\/04\/jefe-de-estado-parto-humanizado-debe-ser-un-plan-priorizado-del-poder-comunal\/#primaryimage","url":"https:\/\/www.mpppst.gob.ve\/mpppstweb\/wp-content\/uploads\/2020\/03\/Presidente-Nicol\u00e1s-Maduro.jpg","contentUrl":"https:\/\/www.mpppst.gob.ve\/mpppstweb\/wp-content\/uploads\/2020\/03\/Presidente-Nicol\u00e1s-Maduro.jpg","width":800,"height":445},{"@type":"BreadcrumbList","@id":"https:\/\/www.mpppst.gob.ve\/mpppstweb\/index.php\/2020\/03\/04\/jefe-de-estado-parto-humanizado-debe-ser-un-plan-priorizado-del-poder-comunal\/#breadcrumb","itemListElement":[{"@type":"ListItem","position":1,"name":"Home","item":"https:\/\/www.mpppst.gob.ve\/mpppstweb\/"},{"@type":"ListItem","position":2,"name":"Jefe de Estado: Parto Humanizado debe ser un plan priorizado del poder comunal"}]},{"@type":"WebSite","@id":"https:\/\/www.mpppst.gob.ve\/mpppstweb\/#website","url":"https:\/\/www.mpppst.gob.ve\/mpppstweb\/","name":"MPPPST","description":"Sitio web oficial del Ministerio del Poder Popular para el Proceso Social de Trabajo","publisher":{"@id":"https:\/\/www.mpppst.gob.ve\/mpppstweb\/#organization"},"alternateName":"Ministerio del Poder Popular para el Proceso Social de Trabajo","potentialAction":[{"@type":"SearchAction","target":{"@type":"EntryPoint","urlTemplate":"https:\/\/www.mpppst.gob.ve\/mpppstweb\/?s={search_term_string}"},"query-input":{"@type":"PropertyValueSpecification","valueRequired":true,"valueName":"search_term_string"}}],"inLanguage":"es"},{"@type":"Organization","@id":"https:\/\/www.mpppst.gob.ve\/mpppstweb\/#organization","name":"Ministerio del Poder Popular para el Proceso Social de Trabajo","alternateName":"MPPPST","url":"https:\/\/www.mpppst.gob.ve\/mpppstweb\/","logo":{"@type":"ImageObject","inLanguage":"es","@id":"https:\/\/www.mpppst.gob.ve\/mpppstweb\/#\/schema\/logo\/image\/","url":"https:\/\/www.mpppst.gob.ve\/mpppstweb\/wp-content\/uploads\/2025\/07\/cropped-cropped-g910.png","contentUrl":"https:\/\/www.mpppst.gob.ve\/mpppstweb\/wp-content\/uploads\/2025\/07\/cropped-cropped-g910.png","width":1080,"height":241,"caption":"Ministerio del Poder Popular para el Proceso Social de Trabajo"},"image":{"@id":"https:\/\/www.mpppst.gob.ve\/mpppstweb\/#\/schema\/logo\/image\/"},"sameAs":["https:\/\/www.facebook.com\/mintrabajo_ve","https:\/\/www.instagram.com\/mintrabajo_ve\/","https:\/\/www.tiktok.com\/@mintrabajo_ve","https:\/\/t.me\/mpppst"]},{"@type":"Person","@id":"https:\/\/www.mpppst.gob.ve\/mpppstweb\/#\/schema\/person\/fc187ee8ead412bd4c9304b62f900ea4","name":"MPPPST Prensa","url":"https:\/\/www.mpppst.gob.ve\/mpppstweb\/index.php\/author\/prensa-mpppst\/"}]}},"_links":{"self":[{"href":"https:\/\/www.mpppst.gob.ve\/mpppstweb\/index.php\/wp-json\/wp\/v2\/posts\/18306","targetHints":{"allow":["GET"]}}],"collection":[{"href":"https:\/\/www.mpppst.gob.ve\/mpppstweb\/index.php\/wp-json\/wp\/v2\/posts"}],"about":[{"href":"https:\/\/www.mpppst.gob.ve\/mpppstweb\/index.php\/wp-json\/wp\/v2\/types\/post"}],"author":[{"embeddable":true,"href":"https:\/\/www.mpppst.gob.ve\/mpppstweb\/index.php\/wp-json\/wp\/v2\/users\/25"}],"replies":[{"embeddable":true,"href":"https:\/\/www.mpppst.gob.ve\/mpppstweb\/index.php\/wp-json\/wp\/v2\/comments?post=18306"}],"version-history":[{"count":1,"href":"https:\/\/www.mpppst.gob.ve\/mpppstweb\/index.php\/wp-json\/wp\/v2\/posts\/18306\/revisions"}],"predecessor-version":[{"id":18308,"href":"https:\/\/www.mpppst.gob.ve\/mpppstweb\/index.php\/wp-json\/wp\/v2\/posts\/18306\/revisions\/18308"}],"wp:featuredmedia":[{"embeddable":true,"href":"https:\/\/www.mpppst.gob.ve\/mpppstweb\/index.php\/wp-json\/wp\/v2\/media\/18307"}],"wp:attachment":[{"href":"https:\/\/www.mpppst.gob.ve\/mpppstweb\/index.php\/wp-json\/wp\/v2\/media?parent=18306"}],"wp:term":[{"taxonomy":"category","embeddable":true,"href":"https:\/\/www.mpppst.gob.ve\/mpppstweb\/index.php\/wp-json\/wp\/v2\/categories?post=18306"},{"taxonomy":"post_tag","embeddable":true,"href":"https:\/\/www.mpppst.gob.ve\/mpppstweb\/index.php\/wp-json\/wp\/v2\/tags?post=18306"}],"curies":[{"name":"wp","href":"https:\/\/api.w.org\/{rel}","templated":true}]}}