{"id":18332,"date":"2020-03-05T13:40:24","date_gmt":"2020-03-05T17:40:24","guid":{"rendered":"http:\/\/www.mpppst.gob.ve\/mpppstweb\/?p=18332"},"modified":"2020-03-05T13:40:25","modified_gmt":"2020-03-05T17:40:25","slug":"lula-da-silva-respalda-disposicion-al-dialogo-del-presidente-maduro","status":"publish","type":"post","link":"https:\/\/www.mpppst.gob.ve\/mpppstweb\/index.php\/2020\/03\/05\/lula-da-silva-respalda-disposicion-al-dialogo-del-presidente-maduro\/","title":{"rendered":"Lula da Silva respalda disposici\u00f3n al di\u00e1logo del Presidente Maduro"},"content":{"rendered":"\n<p class=\"wp-block-paragraph\">El ex mandatario de Brasil, Luiz In\u00e1cio <strong>\u201cLula\u201d da Silva<\/strong>, sali\u00f3 este jueves en defensa del presidente constitucional de Venezuela, <strong>Nicol\u00e1s Maduro<\/strong>, por su persistente inter\u00e9s en establecer un di\u00e1logo constructivo con todos los factores pol\u00edticos, a la vez que rechaz\u00f3 el apoyo incondicional que han ofrecido Estados Unidos y Europa al dirigente opositor Juan Guaid\u00f3, rese\u00f1a la Agencia Venezolana de Noticias (AVN).<\/p>\n\n\n\n<p class=\"wp-block-paragraph\">El ex mandatario brasile\u00f1o (2003-2011) ha defendido al presidente de Venezuela, <strong>Nicol\u00e1s Maduro<\/strong>, y ha asegurado que \u00abEuropa y Estados Unidos no deber\u00edan haber reconocido a un farsante que se autoproclam\u00f3 presidente\u00bb, en relaci\u00f3n al l\u00edder de la oposici\u00f3n Juan Guaid\u00f3, de quien ha dicho que \u00abdeber\u00eda haber sido detenido\u00bb.<\/p>\n\n\n\n<p class=\"wp-block-paragraph\">\u00abNo es correcto porque si la moda se agarra a la democracia va a la basura, y cualquier impresentable se puede autoproclamar presidente\u00bb, declar\u00f3, al ser citado por el portal Europapress.<\/p>\n\n\n\n<p class=\"wp-block-paragraph\">Por otra parte, destac\u00f3 el empe\u00f1o del Presidente <strong>Maduro<\/strong> en impulsar la Mesa de Di\u00e1logo Nacional, con el prop\u00f3sito de superar los conflictos pol\u00edticos en el pa\u00eds.<\/p>\n\n\n\n<p class=\"wp-block-paragraph\">\u00abQuien est\u00e1 tomando la iniciativa de hablar es <strong>Maduro<\/strong>, no Guaid\u00f3\u00bb quien \u00abhasta intent\u00f3 forzar que los americanos invadiesen Venezuela, \u00e9l deber\u00eda estar preso y Maduro es tan democr\u00e1tico que no le detuvo cuando \u00e9l se fue a Colombia a intentar instigar la invasi\u00f3n de Venezuela\u00bb, enfatiz\u00f3.<\/p>\n\n\n\n<p class=\"wp-block-paragraph\"> <strong>Prensa Digital MIppCI\u00a0<\/strong> <\/p>\n","protected":false},"excerpt":{"rendered":"<p>El ex mandatario de Brasil, Luiz In\u00e1cio \u201cLula\u201d da Silva, sali\u00f3 este jueves en defensa del &hellip; <a title=\"Lula da Silva respalda disposici\u00f3n al di\u00e1logo del Presidente Maduro\" class=\"hm-read-more\" href=\"https:\/\/www.mpppst.gob.ve\/mpppstweb\/index.php\/2020\/03\/05\/lula-da-silva-respalda-disposicion-al-dialogo-del-presidente-maduro\/\"><span class=\"screen-reader-text\">Lula da Silva respalda disposici\u00f3n al di\u00e1logo del Presidente Maduro<\/span>Leer m\u00e1s<\/a><\/p>\n","protected":false},"author":25,"featured_media":18333,"comment_status":"closed","ping_status":"closed","sticky":false,"template":"","format":"standard","meta":{"footnotes":""},"categories":[82,163],"tags":[222,223,341],"class_list":["post-18332","post","type-post","status-publish","format-standard","has-post-thumbnail","hentry","category-gobierno-nacional","category-noticias","tag-gobierno-bolivariano","tag-mpppst","tag-nicolas-maduro"],"yoast_head":"<!-- This site is optimized with the Yoast SEO plugin v28.4 - https:\/\/yoast.com\/product\/yoast-seo-wordpress\/ -->\n<title>Lula da Silva respalda disposici\u00f3n al di\u00e1logo del Presidente Maduro - MPPPST<\/title>\n<meta name=\"robots\" content=\"index, follow, max-snippet:-1, max-image-preview:large, max-video-preview:-1\" \/>\n<link rel=\"canonical\" href=\"https:\/\/www.mpppst.gob.ve\/mpppstweb\/index.php\/2020\/03\/05\/lula-da-silva-respalda-disposicion-al-dialogo-del-presidente-maduro\/\" \/>\n<meta property=\"og:locale\" content=\"es_ES\" \/>\n<meta property=\"og:type\" content=\"article\" \/>\n<meta property=\"og:title\" content=\"Lula da Silva respalda disposici\u00f3n al di\u00e1logo del Presidente Maduro - MPPPST\" \/>\n<meta property=\"og:description\" content=\"El ex mandatario de Brasil, Luiz In\u00e1cio \u201cLula\u201d da Silva, sali\u00f3 este jueves en defensa del &hellip; Lula da Silva respalda disposici\u00f3n al di\u00e1logo del Presidente MaduroLeer m\u00e1s\" \/>\n<meta property=\"og:url\" content=\"https:\/\/www.mpppst.gob.ve\/mpppstweb\/index.php\/2020\/03\/05\/lula-da-silva-respalda-disposicion-al-dialogo-del-presidente-maduro\/\" \/>\n<meta property=\"og:site_name\" content=\"MPPPST\" \/>\n<meta property=\"article:publisher\" content=\"https:\/\/www.facebook.com\/mintrabajo_ve\" \/>\n<meta property=\"article:published_time\" content=\"2020-03-05T17:40:24+00:00\" \/>\n<meta property=\"article:modified_time\" content=\"2020-03-05T17:40:25+00:00\" \/>\n<meta property=\"og:image\" content=\"https:\/\/www.mpppst.gob.ve\/mpppstweb\/wp-content\/uploads\/2020\/03\/05-MAR-INTERNACIONAL-EX-PRESIDENTE-LULA.jpg\" \/>\n\t<meta property=\"og:image:width\" content=\"857\" \/>\n\t<meta property=\"og:image:height\" content=\"600\" \/>\n\t<meta property=\"og:image:type\" content=\"image\/jpeg\" \/>\n<meta name=\"author\" content=\"MPPPST Prensa\" \/>\n<meta name=\"twitter:card\" content=\"summary_large_image\" \/>\n<script type=\"application\/ld+json\" class=\"yoast-schema-graph\">{\"@context\":\"https:\\\/\\\/schema.org\",\"@graph\":[{\"@type\":\"Article\",\"@id\":\"https:\\\/\\\/www.mpppst.gob.ve\\\/mpppstweb\\\/index.php\\\/2020\\\/03\\\/05\\\/lula-da-silva-respalda-disposicion-al-dialogo-del-presidente-maduro\\\/#article\",\"isPartOf\":{\"@id\":\"https:\\\/\\\/www.mpppst.gob.ve\\\/mpppstweb\\\/index.php\\\/2020\\\/03\\\/05\\\/lula-da-silva-respalda-disposicion-al-dialogo-del-presidente-maduro\\\/\"},\"author\":{\"name\":\"MPPPST Prensa\",\"@id\":\"https:\\\/\\\/www.mpppst.gob.ve\\\/mpppstweb\\\/#\\\/schema\\\/person\\\/fc187ee8ead412bd4c9304b62f900ea4\"},\"headline\":\"Lula da Silva respalda disposici\u00f3n al di\u00e1logo del Presidente Maduro\",\"datePublished\":\"2020-03-05T17:40:24+00:00\",\"dateModified\":\"2020-03-05T17:40:25+00:00\",\"mainEntityOfPage\":{\"@id\":\"https:\\\/\\\/www.mpppst.gob.ve\\\/mpppstweb\\\/index.php\\\/2020\\\/03\\\/05\\\/lula-da-silva-respalda-disposicion-al-dialogo-del-presidente-maduro\\\/\"},\"wordCount\":254,\"publisher\":{\"@id\":\"https:\\\/\\\/www.mpppst.gob.ve\\\/mpppstweb\\\/#organization\"},\"image\":{\"@id\":\"https:\\\/\\\/www.mpppst.gob.ve\\\/mpppstweb\\\/index.php\\\/2020\\\/03\\\/05\\\/lula-da-silva-respalda-disposicion-al-dialogo-del-presidente-maduro\\\/#primaryimage\"},\"thumbnailUrl\":\"https:\\\/\\\/www.mpppst.gob.ve\\\/mpppstweb\\\/wp-content\\\/uploads\\\/2020\\\/03\\\/05-MAR-INTERNACIONAL-EX-PRESIDENTE-LULA.jpg\",\"keywords\":[\"Gobierno Bolivariano\",\"MPPPST\",\"Nicol\u00e1s Maduro\"],\"articleSection\":[\"Gobierno Nacional\",\"Noticias\"],\"inLanguage\":\"es\"},{\"@type\":\"WebPage\",\"@id\":\"https:\\\/\\\/www.mpppst.gob.ve\\\/mpppstweb\\\/index.php\\\/2020\\\/03\\\/05\\\/lula-da-silva-respalda-disposicion-al-dialogo-del-presidente-maduro\\\/\",\"url\":\"https:\\\/\\\/www.mpppst.gob.ve\\\/mpppstweb\\\/index.php\\\/2020\\\/03\\\/05\\\/lula-da-silva-respalda-disposicion-al-dialogo-del-presidente-maduro\\\/\",\"name\":\"Lula da Silva respalda disposici\u00f3n al di\u00e1logo del Presidente Maduro - MPPPST\",\"isPartOf\":{\"@id\":\"https:\\\/\\\/www.mpppst.gob.ve\\\/mpppstweb\\\/#website\"},\"primaryImageOfPage\":{\"@id\":\"https:\\\/\\\/www.mpppst.gob.ve\\\/mpppstweb\\\/index.php\\\/2020\\\/03\\\/05\\\/lula-da-silva-respalda-disposicion-al-dialogo-del-presidente-maduro\\\/#primaryimage\"},\"image\":{\"@id\":\"https:\\\/\\\/www.mpppst.gob.ve\\\/mpppstweb\\\/index.php\\\/2020\\\/03\\\/05\\\/lula-da-silva-respalda-disposicion-al-dialogo-del-presidente-maduro\\\/#primaryimage\"},\"thumbnailUrl\":\"https:\\\/\\\/www.mpppst.gob.ve\\\/mpppstweb\\\/wp-content\\\/uploads\\\/2020\\\/03\\\/05-MAR-INTERNACIONAL-EX-PRESIDENTE-LULA.jpg\",\"datePublished\":\"2020-03-05T17:40:24+00:00\",\"dateModified\":\"2020-03-05T17:40:25+00:00\",\"breadcrumb\":{\"@id\":\"https:\\\/\\\/www.mpppst.gob.ve\\\/mpppstweb\\\/index.php\\\/2020\\\/03\\\/05\\\/lula-da-silva-respalda-disposicion-al-dialogo-del-presidente-maduro\\\/#breadcrumb\"},\"inLanguage\":\"es\",\"potentialAction\":[{\"@type\":\"ReadAction\",\"target\":[\"https:\\\/\\\/www.mpppst.gob.ve\\\/mpppstweb\\\/index.php\\\/2020\\\/03\\\/05\\\/lula-da-silva-respalda-disposicion-al-dialogo-del-presidente-maduro\\\/\"]}]},{\"@type\":\"ImageObject\",\"inLanguage\":\"es\",\"@id\":\"https:\\\/\\\/www.mpppst.gob.ve\\\/mpppstweb\\\/index.php\\\/2020\\\/03\\\/05\\\/lula-da-silva-respalda-disposicion-al-dialogo-del-presidente-maduro\\\/#primaryimage\",\"url\":\"https:\\\/\\\/www.mpppst.gob.ve\\\/mpppstweb\\\/wp-content\\\/uploads\\\/2020\\\/03\\\/05-MAR-INTERNACIONAL-EX-PRESIDENTE-LULA.jpg\",\"contentUrl\":\"https:\\\/\\\/www.mpppst.gob.ve\\\/mpppstweb\\\/wp-content\\\/uploads\\\/2020\\\/03\\\/05-MAR-INTERNACIONAL-EX-PRESIDENTE-LULA.jpg\",\"width\":857,\"height\":600},{\"@type\":\"BreadcrumbList\",\"@id\":\"https:\\\/\\\/www.mpppst.gob.ve\\\/mpppstweb\\\/index.php\\\/2020\\\/03\\\/05\\\/lula-da-silva-respalda-disposicion-al-dialogo-del-presidente-maduro\\\/#breadcrumb\",\"itemListElement\":[{\"@type\":\"ListItem\",\"position\":1,\"name\":\"Home\",\"item\":\"https:\\\/\\\/www.mpppst.gob.ve\\\/mpppstweb\\\/\"},{\"@type\":\"ListItem\",\"position\":2,\"name\":\"Lula da Silva respalda disposici\u00f3n al di\u00e1logo del Presidente Maduro\"}]},{\"@type\":\"WebSite\",\"@id\":\"https:\\\/\\\/www.mpppst.gob.ve\\\/mpppstweb\\\/#website\",\"url\":\"https:\\\/\\\/www.mpppst.gob.ve\\\/mpppstweb\\\/\",\"name\":\"MPPPST\",\"description\":\"Sitio web oficial del Ministerio del Poder Popular para el Proceso Social de Trabajo\",\"publisher\":{\"@id\":\"https:\\\/\\\/www.mpppst.gob.ve\\\/mpppstweb\\\/#organization\"},\"alternateName\":\"Ministerio del Poder Popular para el Proceso Social de Trabajo\",\"potentialAction\":[{\"@type\":\"SearchAction\",\"target\":{\"@type\":\"EntryPoint\",\"urlTemplate\":\"https:\\\/\\\/www.mpppst.gob.ve\\\/mpppstweb\\\/?s={search_term_string}\"},\"query-input\":{\"@type\":\"PropertyValueSpecification\",\"valueRequired\":true,\"valueName\":\"search_term_string\"}}],\"inLanguage\":\"es\"},{\"@type\":\"Organization\",\"@id\":\"https:\\\/\\\/www.mpppst.gob.ve\\\/mpppstweb\\\/#organization\",\"name\":\"Ministerio del Poder Popular para el Proceso Social de Trabajo\",\"alternateName\":\"MPPPST\",\"url\":\"https:\\\/\\\/www.mpppst.gob.ve\\\/mpppstweb\\\/\",\"logo\":{\"@type\":\"ImageObject\",\"inLanguage\":\"es\",\"@id\":\"https:\\\/\\\/www.mpppst.gob.ve\\\/mpppstweb\\\/#\\\/schema\\\/logo\\\/image\\\/\",\"url\":\"https:\\\/\\\/www.mpppst.gob.ve\\\/mpppstweb\\\/wp-content\\\/uploads\\\/2025\\\/07\\\/cropped-cropped-g910.png\",\"contentUrl\":\"https:\\\/\\\/www.mpppst.gob.ve\\\/mpppstweb\\\/wp-content\\\/uploads\\\/2025\\\/07\\\/cropped-cropped-g910.png\",\"width\":1080,\"height\":241,\"caption\":\"Ministerio del Poder Popular para el Proceso Social de Trabajo\"},\"image\":{\"@id\":\"https:\\\/\\\/www.mpppst.gob.ve\\\/mpppstweb\\\/#\\\/schema\\\/logo\\\/image\\\/\"},\"sameAs\":[\"https:\\\/\\\/www.facebook.com\\\/mintrabajo_ve\",\"https:\\\/\\\/www.instagram.com\\\/mintrabajo_ve\\\/\",\"https:\\\/\\\/www.tiktok.com\\\/@mintrabajo_ve\",\"https:\\\/\\\/t.me\\\/mpppst\"]},{\"@type\":\"Person\",\"@id\":\"https:\\\/\\\/www.mpppst.gob.ve\\\/mpppstweb\\\/#\\\/schema\\\/person\\\/fc187ee8ead412bd4c9304b62f900ea4\",\"name\":\"MPPPST Prensa\",\"url\":\"https:\\\/\\\/www.mpppst.gob.ve\\\/mpppstweb\\\/index.php\\\/author\\\/prensa-mpppst\\\/\"}]}<\/script>\n<!-- \/ Yoast SEO plugin. -->","yoast_head_json":{"title":"Lula da Silva respalda disposici\u00f3n al di\u00e1logo del Presidente Maduro - MPPPST","robots":{"index":"index","follow":"follow","max-snippet":"max-snippet:-1","max-image-preview":"max-image-preview:large","max-video-preview":"max-video-preview:-1"},"canonical":"https:\/\/www.mpppst.gob.ve\/mpppstweb\/index.php\/2020\/03\/05\/lula-da-silva-respalda-disposicion-al-dialogo-del-presidente-maduro\/","og_locale":"es_ES","og_type":"article","og_title":"Lula da Silva respalda disposici\u00f3n al di\u00e1logo del Presidente Maduro - MPPPST","og_description":"El ex mandatario de Brasil, Luiz In\u00e1cio \u201cLula\u201d da Silva, sali\u00f3 este jueves en defensa del &hellip; Lula da Silva respalda disposici\u00f3n al di\u00e1logo del Presidente MaduroLeer m\u00e1s","og_url":"https:\/\/www.mpppst.gob.ve\/mpppstweb\/index.php\/2020\/03\/05\/lula-da-silva-respalda-disposicion-al-dialogo-del-presidente-maduro\/","og_site_name":"MPPPST","article_publisher":"https:\/\/www.facebook.com\/mintrabajo_ve","article_published_time":"2020-03-05T17:40:24+00:00","article_modified_time":"2020-03-05T17:40:25+00:00","og_image":[{"width":857,"height":600,"url":"https:\/\/www.mpppst.gob.ve\/mpppstweb\/wp-content\/uploads\/2020\/03\/05-MAR-INTERNACIONAL-EX-PRESIDENTE-LULA.jpg","type":"image\/jpeg"}],"author":"MPPPST Prensa","twitter_card":"summary_large_image","schema":{"@context":"https:\/\/schema.org","@graph":[{"@type":"Article","@id":"https:\/\/www.mpppst.gob.ve\/mpppstweb\/index.php\/2020\/03\/05\/lula-da-silva-respalda-disposicion-al-dialogo-del-presidente-maduro\/#article","isPartOf":{"@id":"https:\/\/www.mpppst.gob.ve\/mpppstweb\/index.php\/2020\/03\/05\/lula-da-silva-respalda-disposicion-al-dialogo-del-presidente-maduro\/"},"author":{"name":"MPPPST Prensa","@id":"https:\/\/www.mpppst.gob.ve\/mpppstweb\/#\/schema\/person\/fc187ee8ead412bd4c9304b62f900ea4"},"headline":"Lula da Silva respalda disposici\u00f3n al di\u00e1logo del Presidente Maduro","datePublished":"2020-03-05T17:40:24+00:00","dateModified":"2020-03-05T17:40:25+00:00","mainEntityOfPage":{"@id":"https:\/\/www.mpppst.gob.ve\/mpppstweb\/index.php\/2020\/03\/05\/lula-da-silva-respalda-disposicion-al-dialogo-del-presidente-maduro\/"},"wordCount":254,"publisher":{"@id":"https:\/\/www.mpppst.gob.ve\/mpppstweb\/#organization"},"image":{"@id":"https:\/\/www.mpppst.gob.ve\/mpppstweb\/index.php\/2020\/03\/05\/lula-da-silva-respalda-disposicion-al-dialogo-del-presidente-maduro\/#primaryimage"},"thumbnailUrl":"https:\/\/www.mpppst.gob.ve\/mpppstweb\/wp-content\/uploads\/2020\/03\/05-MAR-INTERNACIONAL-EX-PRESIDENTE-LULA.jpg","keywords":["Gobierno Bolivariano","MPPPST","Nicol\u00e1s Maduro"],"articleSection":["Gobierno Nacional","Noticias"],"inLanguage":"es"},{"@type":"WebPage","@id":"https:\/\/www.mpppst.gob.ve\/mpppstweb\/index.php\/2020\/03\/05\/lula-da-silva-respalda-disposicion-al-dialogo-del-presidente-maduro\/","url":"https:\/\/www.mpppst.gob.ve\/mpppstweb\/index.php\/2020\/03\/05\/lula-da-silva-respalda-disposicion-al-dialogo-del-presidente-maduro\/","name":"Lula da Silva respalda disposici\u00f3n al di\u00e1logo del Presidente Maduro - MPPPST","isPartOf":{"@id":"https:\/\/www.mpppst.gob.ve\/mpppstweb\/#website"},"primaryImageOfPage":{"@id":"https:\/\/www.mpppst.gob.ve\/mpppstweb\/index.php\/2020\/03\/05\/lula-da-silva-respalda-disposicion-al-dialogo-del-presidente-maduro\/#primaryimage"},"image":{"@id":"https:\/\/www.mpppst.gob.ve\/mpppstweb\/index.php\/2020\/03\/05\/lula-da-silva-respalda-disposicion-al-dialogo-del-presidente-maduro\/#primaryimage"},"thumbnailUrl":"https:\/\/www.mpppst.gob.ve\/mpppstweb\/wp-content\/uploads\/2020\/03\/05-MAR-INTERNACIONAL-EX-PRESIDENTE-LULA.jpg","datePublished":"2020-03-05T17:40:24+00:00","dateModified":"2020-03-05T17:40:25+00:00","breadcrumb":{"@id":"https:\/\/www.mpppst.gob.ve\/mpppstweb\/index.php\/2020\/03\/05\/lula-da-silva-respalda-disposicion-al-dialogo-del-presidente-maduro\/#breadcrumb"},"inLanguage":"es","potentialAction":[{"@type":"ReadAction","target":["https:\/\/www.mpppst.gob.ve\/mpppstweb\/index.php\/2020\/03\/05\/lula-da-silva-respalda-disposicion-al-dialogo-del-presidente-maduro\/"]}]},{"@type":"ImageObject","inLanguage":"es","@id":"https:\/\/www.mpppst.gob.ve\/mpppstweb\/index.php\/2020\/03\/05\/lula-da-silva-respalda-disposicion-al-dialogo-del-presidente-maduro\/#primaryimage","url":"https:\/\/www.mpppst.gob.ve\/mpppstweb\/wp-content\/uploads\/2020\/03\/05-MAR-INTERNACIONAL-EX-PRESIDENTE-LULA.jpg","contentUrl":"https:\/\/www.mpppst.gob.ve\/mpppstweb\/wp-content\/uploads\/2020\/03\/05-MAR-INTERNACIONAL-EX-PRESIDENTE-LULA.jpg","width":857,"height":600},{"@type":"BreadcrumbList","@id":"https:\/\/www.mpppst.gob.ve\/mpppstweb\/index.php\/2020\/03\/05\/lula-da-silva-respalda-disposicion-al-dialogo-del-presidente-maduro\/#breadcrumb","itemListElement":[{"@type":"ListItem","position":1,"name":"Home","item":"https:\/\/www.mpppst.gob.ve\/mpppstweb\/"},{"@type":"ListItem","position":2,"name":"Lula da Silva respalda disposici\u00f3n al di\u00e1logo del Presidente Maduro"}]},{"@type":"WebSite","@id":"https:\/\/www.mpppst.gob.ve\/mpppstweb\/#website","url":"https:\/\/www.mpppst.gob.ve\/mpppstweb\/","name":"MPPPST","description":"Sitio web oficial del Ministerio del Poder Popular para el Proceso Social de Trabajo","publisher":{"@id":"https:\/\/www.mpppst.gob.ve\/mpppstweb\/#organization"},"alternateName":"Ministerio del Poder Popular para el Proceso Social de Trabajo","potentialAction":[{"@type":"SearchAction","target":{"@type":"EntryPoint","urlTemplate":"https:\/\/www.mpppst.gob.ve\/mpppstweb\/?s={search_term_string}"},"query-input":{"@type":"PropertyValueSpecification","valueRequired":true,"valueName":"search_term_string"}}],"inLanguage":"es"},{"@type":"Organization","@id":"https:\/\/www.mpppst.gob.ve\/mpppstweb\/#organization","name":"Ministerio del Poder Popular para el Proceso Social de Trabajo","alternateName":"MPPPST","url":"https:\/\/www.mpppst.gob.ve\/mpppstweb\/","logo":{"@type":"ImageObject","inLanguage":"es","@id":"https:\/\/www.mpppst.gob.ve\/mpppstweb\/#\/schema\/logo\/image\/","url":"https:\/\/www.mpppst.gob.ve\/mpppstweb\/wp-content\/uploads\/2025\/07\/cropped-cropped-g910.png","contentUrl":"https:\/\/www.mpppst.gob.ve\/mpppstweb\/wp-content\/uploads\/2025\/07\/cropped-cropped-g910.png","width":1080,"height":241,"caption":"Ministerio del Poder Popular para el Proceso Social de Trabajo"},"image":{"@id":"https:\/\/www.mpppst.gob.ve\/mpppstweb\/#\/schema\/logo\/image\/"},"sameAs":["https:\/\/www.facebook.com\/mintrabajo_ve","https:\/\/www.instagram.com\/mintrabajo_ve\/","https:\/\/www.tiktok.com\/@mintrabajo_ve","https:\/\/t.me\/mpppst"]},{"@type":"Person","@id":"https:\/\/www.mpppst.gob.ve\/mpppstweb\/#\/schema\/person\/fc187ee8ead412bd4c9304b62f900ea4","name":"MPPPST Prensa","url":"https:\/\/www.mpppst.gob.ve\/mpppstweb\/index.php\/author\/prensa-mpppst\/"}]}},"_links":{"self":[{"href":"https:\/\/www.mpppst.gob.ve\/mpppstweb\/index.php\/wp-json\/wp\/v2\/posts\/18332","targetHints":{"allow":["GET"]}}],"collection":[{"href":"https:\/\/www.mpppst.gob.ve\/mpppstweb\/index.php\/wp-json\/wp\/v2\/posts"}],"about":[{"href":"https:\/\/www.mpppst.gob.ve\/mpppstweb\/index.php\/wp-json\/wp\/v2\/types\/post"}],"author":[{"embeddable":true,"href":"https:\/\/www.mpppst.gob.ve\/mpppstweb\/index.php\/wp-json\/wp\/v2\/users\/25"}],"replies":[{"embeddable":true,"href":"https:\/\/www.mpppst.gob.ve\/mpppstweb\/index.php\/wp-json\/wp\/v2\/comments?post=18332"}],"version-history":[{"count":1,"href":"https:\/\/www.mpppst.gob.ve\/mpppstweb\/index.php\/wp-json\/wp\/v2\/posts\/18332\/revisions"}],"predecessor-version":[{"id":18334,"href":"https:\/\/www.mpppst.gob.ve\/mpppstweb\/index.php\/wp-json\/wp\/v2\/posts\/18332\/revisions\/18334"}],"wp:featuredmedia":[{"embeddable":true,"href":"https:\/\/www.mpppst.gob.ve\/mpppstweb\/index.php\/wp-json\/wp\/v2\/media\/18333"}],"wp:attachment":[{"href":"https:\/\/www.mpppst.gob.ve\/mpppstweb\/index.php\/wp-json\/wp\/v2\/media?parent=18332"}],"wp:term":[{"taxonomy":"category","embeddable":true,"href":"https:\/\/www.mpppst.gob.ve\/mpppstweb\/index.php\/wp-json\/wp\/v2\/categories?post=18332"},{"taxonomy":"post_tag","embeddable":true,"href":"https:\/\/www.mpppst.gob.ve\/mpppstweb\/index.php\/wp-json\/wp\/v2\/tags?post=18332"}],"curies":[{"name":"wp","href":"https:\/\/api.w.org\/{rel}","templated":true}]}}