{"id":18342,"date":"2020-03-06T09:36:46","date_gmt":"2020-03-06T13:36:46","guid":{"rendered":"http:\/\/www.mpppst.gob.ve\/mpppstweb\/?p=18342"},"modified":"2020-03-06T09:36:47","modified_gmt":"2020-03-06T13:36:47","slug":"presidente-maduro-conmemora-7-anos-de-la-siembra-del-comandante-chavez","status":"publish","type":"post","link":"https:\/\/www.mpppst.gob.ve\/mpppstweb\/index.php\/2020\/03\/06\/presidente-maduro-conmemora-7-anos-de-la-siembra-del-comandante-chavez\/","title":{"rendered":"Presidente Maduro conmemora 7 a\u00f1os de la siembra del Comandante Ch\u00e1vez"},"content":{"rendered":"\n<p class=\"wp-block-paragraph\"><strong>Palacio de Miraflores, Caracas.-<\/strong>\u00a0El presidente constitucional de la Rep\u00fablica, <strong>Nicol\u00e1s Maduro Moros,<\/strong> conmemora la noche de este jueves el <strong>7\u00b0 aniversario <\/strong>de la partida f\u00edsica del fundador y l\u00edder de la <strong>Revoluci\u00f3n Bolivariana, Hugo Ch\u00e1vez Fr\u00edas.<\/strong><\/p>\n\n\n\n<p class=\"wp-block-paragraph\">Con una actividad cultural denominada \u201c<strong>Canto a Ch\u00e1vez<\/strong>\u201d, el Jefe de <strong>Estado <\/strong>-en compa\u00f1\u00eda de la primera combatiente,<strong> Cilia Flores <\/strong>de Maduro, la vicepresidenta Ejecutiva, <strong>Delcy Rodr\u00edguez <\/strong>y otros miembros del Gabinete Ejecutivo- rinde homenaje al impulsor del <strong>Socialismo Bolivariano<\/strong> y del proceso de integraci\u00f3n latinoamericano.<\/p>\n\n\n\n<p class=\"wp-block-paragraph\">La actividad cuenta con la participaci\u00f3n del <strong>Movimiento Teatral C\u00e9sar Rengifo<\/strong>, la<strong> Compa\u00f1\u00eda Nacional de Danza<\/strong> y <strong>Coraz\u00f3n Llanero.<\/strong><\/p>\n\n\n\n<p class=\"wp-block-paragraph\">M\u00e1s temprano, el <strong>Mandatario <\/strong>nacional reiter\u00f3 su compromiso por seguir el camino emprendido por el<strong> L\u00edder Supremo<\/strong> desde 1999, cuando encamin\u00f3 las riendas de la <strong>Naci\u00f3n<\/strong> hacia una <strong>Patria<\/strong> libre, independiente y soberana.<\/p>\n\n\n\n<p class=\"wp-block-paragraph\">\u00abA 7 a\u00f1os de su siembra ratifico mi amor y lealtad absoluta hacia el legado y ejemplo de nuestro <strong>Comandante Eterno.<\/strong> Junto al pueblo seguiremos el rumbo que nos trazaste para tener una Patria libre, soberana y pr\u00f3spera. \u00a1Nada ni nadie nos sacar\u00e1 de ese camino!\u00bb, expres\u00f3 a trav\u00e9s de su cuenta en la red social Twitter, <strong>Nicol\u00e1s Maduro.<\/strong><\/p>\n\n\n\n<p class=\"wp-block-paragraph\">El <strong>Comandante Hugo Rafael Ch\u00e1vez Fr\u00edas <\/strong>emprendi\u00f3 el camino a la inmortalidad el 5 de marzo de 2013 en <strong>Caracas<\/strong>, y con \u00e9l llev\u00f3 la fuerza combativa y el amor del pueblo.<\/p>\n\n\n\n<p class=\"wp-block-paragraph\">Prensa Presidencial<\/p>\n","protected":false},"excerpt":{"rendered":"<p>Palacio de Miraflores, Caracas.-\u00a0El presidente constitucional de la Rep\u00fablica, Nicol\u00e1s Maduro Moros, conmemora la noche de &hellip; <a title=\"Presidente Maduro conmemora 7 a\u00f1os de la siembra del Comandante Ch\u00e1vez\" class=\"hm-read-more\" href=\"https:\/\/www.mpppst.gob.ve\/mpppstweb\/index.php\/2020\/03\/06\/presidente-maduro-conmemora-7-anos-de-la-siembra-del-comandante-chavez\/\"><span class=\"screen-reader-text\">Presidente Maduro conmemora 7 a\u00f1os de la siembra del Comandante Ch\u00e1vez<\/span>Leer m\u00e1s<\/a><\/p>\n","protected":false},"author":25,"featured_media":18343,"comment_status":"closed","ping_status":"closed","sticky":false,"template":"","format":"standard","meta":{"footnotes":""},"categories":[82,163],"tags":[222,341,224,335],"class_list":["post-18342","post","type-post","status-publish","format-standard","has-post-thumbnail","hentry","category-gobierno-nacional","category-noticias","tag-gobierno-bolivariano","tag-nicolas-maduro","tag-revolucion-bolivariana","tag-venezuela"],"yoast_head":"<!-- This site is optimized with the Yoast SEO plugin v28.4 - https:\/\/yoast.com\/product\/yoast-seo-wordpress\/ -->\n<title>Presidente Maduro conmemora 7 a\u00f1os de la siembra del Comandante Ch\u00e1vez - MPPPST<\/title>\n<meta name=\"robots\" content=\"index, follow, max-snippet:-1, max-image-preview:large, max-video-preview:-1\" \/>\n<link rel=\"canonical\" href=\"https:\/\/www.mpppst.gob.ve\/mpppstweb\/index.php\/2020\/03\/06\/presidente-maduro-conmemora-7-anos-de-la-siembra-del-comandante-chavez\/\" \/>\n<meta property=\"og:locale\" content=\"es_ES\" \/>\n<meta property=\"og:type\" content=\"article\" \/>\n<meta property=\"og:title\" content=\"Presidente Maduro conmemora 7 a\u00f1os de la siembra del Comandante Ch\u00e1vez - MPPPST\" \/>\n<meta property=\"og:description\" content=\"Palacio de Miraflores, Caracas.-\u00a0El presidente constitucional de la Rep\u00fablica, Nicol\u00e1s Maduro Moros, conmemora la noche de &hellip; Presidente Maduro conmemora 7 a\u00f1os de la siembra del Comandante Ch\u00e1vezLeer m\u00e1s\" \/>\n<meta property=\"og:url\" content=\"https:\/\/www.mpppst.gob.ve\/mpppstweb\/index.php\/2020\/03\/06\/presidente-maduro-conmemora-7-anos-de-la-siembra-del-comandante-chavez\/\" \/>\n<meta property=\"og:site_name\" content=\"MPPPST\" \/>\n<meta property=\"article:publisher\" content=\"https:\/\/www.facebook.com\/mintrabajo_ve\" \/>\n<meta property=\"article:published_time\" content=\"2020-03-06T13:36:46+00:00\" \/>\n<meta property=\"article:modified_time\" content=\"2020-03-06T13:36:47+00:00\" \/>\n<meta property=\"og:image\" content=\"https:\/\/www.mpppst.gob.ve\/mpppstweb\/wp-content\/uploads\/2020\/03\/003_007_MG3952_P_W.jpg\" \/>\n\t<meta property=\"og:image:width\" content=\"900\" \/>\n\t<meta property=\"og:image:height\" content=\"600\" \/>\n\t<meta property=\"og:image:type\" content=\"image\/jpeg\" \/>\n<meta name=\"author\" content=\"MPPPST Prensa\" \/>\n<meta name=\"twitter:card\" content=\"summary_large_image\" \/>\n<script type=\"application\/ld+json\" class=\"yoast-schema-graph\">{\"@context\":\"https:\\\/\\\/schema.org\",\"@graph\":[{\"@type\":\"Article\",\"@id\":\"https:\\\/\\\/www.mpppst.gob.ve\\\/mpppstweb\\\/index.php\\\/2020\\\/03\\\/06\\\/presidente-maduro-conmemora-7-anos-de-la-siembra-del-comandante-chavez\\\/#article\",\"isPartOf\":{\"@id\":\"https:\\\/\\\/www.mpppst.gob.ve\\\/mpppstweb\\\/index.php\\\/2020\\\/03\\\/06\\\/presidente-maduro-conmemora-7-anos-de-la-siembra-del-comandante-chavez\\\/\"},\"author\":{\"name\":\"MPPPST Prensa\",\"@id\":\"https:\\\/\\\/www.mpppst.gob.ve\\\/mpppstweb\\\/#\\\/schema\\\/person\\\/fc187ee8ead412bd4c9304b62f900ea4\"},\"headline\":\"Presidente Maduro conmemora 7 a\u00f1os de la siembra del Comandante Ch\u00e1vez\",\"datePublished\":\"2020-03-06T13:36:46+00:00\",\"dateModified\":\"2020-03-06T13:36:47+00:00\",\"mainEntityOfPage\":{\"@id\":\"https:\\\/\\\/www.mpppst.gob.ve\\\/mpppstweb\\\/index.php\\\/2020\\\/03\\\/06\\\/presidente-maduro-conmemora-7-anos-de-la-siembra-del-comandante-chavez\\\/\"},\"wordCount\":260,\"publisher\":{\"@id\":\"https:\\\/\\\/www.mpppst.gob.ve\\\/mpppstweb\\\/#organization\"},\"image\":{\"@id\":\"https:\\\/\\\/www.mpppst.gob.ve\\\/mpppstweb\\\/index.php\\\/2020\\\/03\\\/06\\\/presidente-maduro-conmemora-7-anos-de-la-siembra-del-comandante-chavez\\\/#primaryimage\"},\"thumbnailUrl\":\"https:\\\/\\\/www.mpppst.gob.ve\\\/mpppstweb\\\/wp-content\\\/uploads\\\/2020\\\/03\\\/003_007_MG3952_P_W.jpg\",\"keywords\":[\"Gobierno Bolivariano\",\"Nicol\u00e1s Maduro\",\"Revoluci\u00f3n Bolivariana\",\"Venezuela\"],\"articleSection\":[\"Gobierno Nacional\",\"Noticias\"],\"inLanguage\":\"es\"},{\"@type\":\"WebPage\",\"@id\":\"https:\\\/\\\/www.mpppst.gob.ve\\\/mpppstweb\\\/index.php\\\/2020\\\/03\\\/06\\\/presidente-maduro-conmemora-7-anos-de-la-siembra-del-comandante-chavez\\\/\",\"url\":\"https:\\\/\\\/www.mpppst.gob.ve\\\/mpppstweb\\\/index.php\\\/2020\\\/03\\\/06\\\/presidente-maduro-conmemora-7-anos-de-la-siembra-del-comandante-chavez\\\/\",\"name\":\"Presidente Maduro conmemora 7 a\u00f1os de la siembra del Comandante Ch\u00e1vez - MPPPST\",\"isPartOf\":{\"@id\":\"https:\\\/\\\/www.mpppst.gob.ve\\\/mpppstweb\\\/#website\"},\"primaryImageOfPage\":{\"@id\":\"https:\\\/\\\/www.mpppst.gob.ve\\\/mpppstweb\\\/index.php\\\/2020\\\/03\\\/06\\\/presidente-maduro-conmemora-7-anos-de-la-siembra-del-comandante-chavez\\\/#primaryimage\"},\"image\":{\"@id\":\"https:\\\/\\\/www.mpppst.gob.ve\\\/mpppstweb\\\/index.php\\\/2020\\\/03\\\/06\\\/presidente-maduro-conmemora-7-anos-de-la-siembra-del-comandante-chavez\\\/#primaryimage\"},\"thumbnailUrl\":\"https:\\\/\\\/www.mpppst.gob.ve\\\/mpppstweb\\\/wp-content\\\/uploads\\\/2020\\\/03\\\/003_007_MG3952_P_W.jpg\",\"datePublished\":\"2020-03-06T13:36:46+00:00\",\"dateModified\":\"2020-03-06T13:36:47+00:00\",\"breadcrumb\":{\"@id\":\"https:\\\/\\\/www.mpppst.gob.ve\\\/mpppstweb\\\/index.php\\\/2020\\\/03\\\/06\\\/presidente-maduro-conmemora-7-anos-de-la-siembra-del-comandante-chavez\\\/#breadcrumb\"},\"inLanguage\":\"es\",\"potentialAction\":[{\"@type\":\"ReadAction\",\"target\":[\"https:\\\/\\\/www.mpppst.gob.ve\\\/mpppstweb\\\/index.php\\\/2020\\\/03\\\/06\\\/presidente-maduro-conmemora-7-anos-de-la-siembra-del-comandante-chavez\\\/\"]}]},{\"@type\":\"ImageObject\",\"inLanguage\":\"es\",\"@id\":\"https:\\\/\\\/www.mpppst.gob.ve\\\/mpppstweb\\\/index.php\\\/2020\\\/03\\\/06\\\/presidente-maduro-conmemora-7-anos-de-la-siembra-del-comandante-chavez\\\/#primaryimage\",\"url\":\"https:\\\/\\\/www.mpppst.gob.ve\\\/mpppstweb\\\/wp-content\\\/uploads\\\/2020\\\/03\\\/003_007_MG3952_P_W.jpg\",\"contentUrl\":\"https:\\\/\\\/www.mpppst.gob.ve\\\/mpppstweb\\\/wp-content\\\/uploads\\\/2020\\\/03\\\/003_007_MG3952_P_W.jpg\",\"width\":900,\"height\":600},{\"@type\":\"BreadcrumbList\",\"@id\":\"https:\\\/\\\/www.mpppst.gob.ve\\\/mpppstweb\\\/index.php\\\/2020\\\/03\\\/06\\\/presidente-maduro-conmemora-7-anos-de-la-siembra-del-comandante-chavez\\\/#breadcrumb\",\"itemListElement\":[{\"@type\":\"ListItem\",\"position\":1,\"name\":\"Home\",\"item\":\"https:\\\/\\\/www.mpppst.gob.ve\\\/mpppstweb\\\/\"},{\"@type\":\"ListItem\",\"position\":2,\"name\":\"Presidente Maduro conmemora 7 a\u00f1os de la siembra del Comandante Ch\u00e1vez\"}]},{\"@type\":\"WebSite\",\"@id\":\"https:\\\/\\\/www.mpppst.gob.ve\\\/mpppstweb\\\/#website\",\"url\":\"https:\\\/\\\/www.mpppst.gob.ve\\\/mpppstweb\\\/\",\"name\":\"MPPPST\",\"description\":\"Sitio web oficial del Ministerio del Poder Popular para el Proceso Social de Trabajo\",\"publisher\":{\"@id\":\"https:\\\/\\\/www.mpppst.gob.ve\\\/mpppstweb\\\/#organization\"},\"alternateName\":\"Ministerio del Poder Popular para el Proceso Social de Trabajo\",\"potentialAction\":[{\"@type\":\"SearchAction\",\"target\":{\"@type\":\"EntryPoint\",\"urlTemplate\":\"https:\\\/\\\/www.mpppst.gob.ve\\\/mpppstweb\\\/?s={search_term_string}\"},\"query-input\":{\"@type\":\"PropertyValueSpecification\",\"valueRequired\":true,\"valueName\":\"search_term_string\"}}],\"inLanguage\":\"es\"},{\"@type\":\"Organization\",\"@id\":\"https:\\\/\\\/www.mpppst.gob.ve\\\/mpppstweb\\\/#organization\",\"name\":\"Ministerio del Poder Popular para el Proceso Social de Trabajo\",\"alternateName\":\"MPPPST\",\"url\":\"https:\\\/\\\/www.mpppst.gob.ve\\\/mpppstweb\\\/\",\"logo\":{\"@type\":\"ImageObject\",\"inLanguage\":\"es\",\"@id\":\"https:\\\/\\\/www.mpppst.gob.ve\\\/mpppstweb\\\/#\\\/schema\\\/logo\\\/image\\\/\",\"url\":\"https:\\\/\\\/www.mpppst.gob.ve\\\/mpppstweb\\\/wp-content\\\/uploads\\\/2025\\\/07\\\/cropped-cropped-g910.png\",\"contentUrl\":\"https:\\\/\\\/www.mpppst.gob.ve\\\/mpppstweb\\\/wp-content\\\/uploads\\\/2025\\\/07\\\/cropped-cropped-g910.png\",\"width\":1080,\"height\":241,\"caption\":\"Ministerio del Poder Popular para el Proceso Social de Trabajo\"},\"image\":{\"@id\":\"https:\\\/\\\/www.mpppst.gob.ve\\\/mpppstweb\\\/#\\\/schema\\\/logo\\\/image\\\/\"},\"sameAs\":[\"https:\\\/\\\/www.facebook.com\\\/mintrabajo_ve\",\"https:\\\/\\\/www.instagram.com\\\/mintrabajo_ve\\\/\",\"https:\\\/\\\/www.tiktok.com\\\/@mintrabajo_ve\",\"https:\\\/\\\/t.me\\\/mpppst\"]},{\"@type\":\"Person\",\"@id\":\"https:\\\/\\\/www.mpppst.gob.ve\\\/mpppstweb\\\/#\\\/schema\\\/person\\\/fc187ee8ead412bd4c9304b62f900ea4\",\"name\":\"MPPPST Prensa\",\"url\":\"https:\\\/\\\/www.mpppst.gob.ve\\\/mpppstweb\\\/index.php\\\/author\\\/prensa-mpppst\\\/\"}]}<\/script>\n<!-- \/ Yoast SEO plugin. -->","yoast_head_json":{"title":"Presidente Maduro conmemora 7 a\u00f1os de la siembra del Comandante Ch\u00e1vez - MPPPST","robots":{"index":"index","follow":"follow","max-snippet":"max-snippet:-1","max-image-preview":"max-image-preview:large","max-video-preview":"max-video-preview:-1"},"canonical":"https:\/\/www.mpppst.gob.ve\/mpppstweb\/index.php\/2020\/03\/06\/presidente-maduro-conmemora-7-anos-de-la-siembra-del-comandante-chavez\/","og_locale":"es_ES","og_type":"article","og_title":"Presidente Maduro conmemora 7 a\u00f1os de la siembra del Comandante Ch\u00e1vez - MPPPST","og_description":"Palacio de Miraflores, Caracas.-\u00a0El presidente constitucional de la Rep\u00fablica, Nicol\u00e1s Maduro Moros, conmemora la noche de &hellip; Presidente Maduro conmemora 7 a\u00f1os de la siembra del Comandante Ch\u00e1vezLeer m\u00e1s","og_url":"https:\/\/www.mpppst.gob.ve\/mpppstweb\/index.php\/2020\/03\/06\/presidente-maduro-conmemora-7-anos-de-la-siembra-del-comandante-chavez\/","og_site_name":"MPPPST","article_publisher":"https:\/\/www.facebook.com\/mintrabajo_ve","article_published_time":"2020-03-06T13:36:46+00:00","article_modified_time":"2020-03-06T13:36:47+00:00","og_image":[{"width":900,"height":600,"url":"https:\/\/www.mpppst.gob.ve\/mpppstweb\/wp-content\/uploads\/2020\/03\/003_007_MG3952_P_W.jpg","type":"image\/jpeg"}],"author":"MPPPST Prensa","twitter_card":"summary_large_image","schema":{"@context":"https:\/\/schema.org","@graph":[{"@type":"Article","@id":"https:\/\/www.mpppst.gob.ve\/mpppstweb\/index.php\/2020\/03\/06\/presidente-maduro-conmemora-7-anos-de-la-siembra-del-comandante-chavez\/#article","isPartOf":{"@id":"https:\/\/www.mpppst.gob.ve\/mpppstweb\/index.php\/2020\/03\/06\/presidente-maduro-conmemora-7-anos-de-la-siembra-del-comandante-chavez\/"},"author":{"name":"MPPPST Prensa","@id":"https:\/\/www.mpppst.gob.ve\/mpppstweb\/#\/schema\/person\/fc187ee8ead412bd4c9304b62f900ea4"},"headline":"Presidente Maduro conmemora 7 a\u00f1os de la siembra del Comandante Ch\u00e1vez","datePublished":"2020-03-06T13:36:46+00:00","dateModified":"2020-03-06T13:36:47+00:00","mainEntityOfPage":{"@id":"https:\/\/www.mpppst.gob.ve\/mpppstweb\/index.php\/2020\/03\/06\/presidente-maduro-conmemora-7-anos-de-la-siembra-del-comandante-chavez\/"},"wordCount":260,"publisher":{"@id":"https:\/\/www.mpppst.gob.ve\/mpppstweb\/#organization"},"image":{"@id":"https:\/\/www.mpppst.gob.ve\/mpppstweb\/index.php\/2020\/03\/06\/presidente-maduro-conmemora-7-anos-de-la-siembra-del-comandante-chavez\/#primaryimage"},"thumbnailUrl":"https:\/\/www.mpppst.gob.ve\/mpppstweb\/wp-content\/uploads\/2020\/03\/003_007_MG3952_P_W.jpg","keywords":["Gobierno Bolivariano","Nicol\u00e1s Maduro","Revoluci\u00f3n Bolivariana","Venezuela"],"articleSection":["Gobierno Nacional","Noticias"],"inLanguage":"es"},{"@type":"WebPage","@id":"https:\/\/www.mpppst.gob.ve\/mpppstweb\/index.php\/2020\/03\/06\/presidente-maduro-conmemora-7-anos-de-la-siembra-del-comandante-chavez\/","url":"https:\/\/www.mpppst.gob.ve\/mpppstweb\/index.php\/2020\/03\/06\/presidente-maduro-conmemora-7-anos-de-la-siembra-del-comandante-chavez\/","name":"Presidente Maduro conmemora 7 a\u00f1os de la siembra del Comandante Ch\u00e1vez - MPPPST","isPartOf":{"@id":"https:\/\/www.mpppst.gob.ve\/mpppstweb\/#website"},"primaryImageOfPage":{"@id":"https:\/\/www.mpppst.gob.ve\/mpppstweb\/index.php\/2020\/03\/06\/presidente-maduro-conmemora-7-anos-de-la-siembra-del-comandante-chavez\/#primaryimage"},"image":{"@id":"https:\/\/www.mpppst.gob.ve\/mpppstweb\/index.php\/2020\/03\/06\/presidente-maduro-conmemora-7-anos-de-la-siembra-del-comandante-chavez\/#primaryimage"},"thumbnailUrl":"https:\/\/www.mpppst.gob.ve\/mpppstweb\/wp-content\/uploads\/2020\/03\/003_007_MG3952_P_W.jpg","datePublished":"2020-03-06T13:36:46+00:00","dateModified":"2020-03-06T13:36:47+00:00","breadcrumb":{"@id":"https:\/\/www.mpppst.gob.ve\/mpppstweb\/index.php\/2020\/03\/06\/presidente-maduro-conmemora-7-anos-de-la-siembra-del-comandante-chavez\/#breadcrumb"},"inLanguage":"es","potentialAction":[{"@type":"ReadAction","target":["https:\/\/www.mpppst.gob.ve\/mpppstweb\/index.php\/2020\/03\/06\/presidente-maduro-conmemora-7-anos-de-la-siembra-del-comandante-chavez\/"]}]},{"@type":"ImageObject","inLanguage":"es","@id":"https:\/\/www.mpppst.gob.ve\/mpppstweb\/index.php\/2020\/03\/06\/presidente-maduro-conmemora-7-anos-de-la-siembra-del-comandante-chavez\/#primaryimage","url":"https:\/\/www.mpppst.gob.ve\/mpppstweb\/wp-content\/uploads\/2020\/03\/003_007_MG3952_P_W.jpg","contentUrl":"https:\/\/www.mpppst.gob.ve\/mpppstweb\/wp-content\/uploads\/2020\/03\/003_007_MG3952_P_W.jpg","width":900,"height":600},{"@type":"BreadcrumbList","@id":"https:\/\/www.mpppst.gob.ve\/mpppstweb\/index.php\/2020\/03\/06\/presidente-maduro-conmemora-7-anos-de-la-siembra-del-comandante-chavez\/#breadcrumb","itemListElement":[{"@type":"ListItem","position":1,"name":"Home","item":"https:\/\/www.mpppst.gob.ve\/mpppstweb\/"},{"@type":"ListItem","position":2,"name":"Presidente Maduro conmemora 7 a\u00f1os de la siembra del Comandante Ch\u00e1vez"}]},{"@type":"WebSite","@id":"https:\/\/www.mpppst.gob.ve\/mpppstweb\/#website","url":"https:\/\/www.mpppst.gob.ve\/mpppstweb\/","name":"MPPPST","description":"Sitio web oficial del Ministerio del Poder Popular para el Proceso Social de Trabajo","publisher":{"@id":"https:\/\/www.mpppst.gob.ve\/mpppstweb\/#organization"},"alternateName":"Ministerio del Poder Popular para el Proceso Social de Trabajo","potentialAction":[{"@type":"SearchAction","target":{"@type":"EntryPoint","urlTemplate":"https:\/\/www.mpppst.gob.ve\/mpppstweb\/?s={search_term_string}"},"query-input":{"@type":"PropertyValueSpecification","valueRequired":true,"valueName":"search_term_string"}}],"inLanguage":"es"},{"@type":"Organization","@id":"https:\/\/www.mpppst.gob.ve\/mpppstweb\/#organization","name":"Ministerio del Poder Popular para el Proceso Social de Trabajo","alternateName":"MPPPST","url":"https:\/\/www.mpppst.gob.ve\/mpppstweb\/","logo":{"@type":"ImageObject","inLanguage":"es","@id":"https:\/\/www.mpppst.gob.ve\/mpppstweb\/#\/schema\/logo\/image\/","url":"https:\/\/www.mpppst.gob.ve\/mpppstweb\/wp-content\/uploads\/2025\/07\/cropped-cropped-g910.png","contentUrl":"https:\/\/www.mpppst.gob.ve\/mpppstweb\/wp-content\/uploads\/2025\/07\/cropped-cropped-g910.png","width":1080,"height":241,"caption":"Ministerio del Poder Popular para el Proceso Social de Trabajo"},"image":{"@id":"https:\/\/www.mpppst.gob.ve\/mpppstweb\/#\/schema\/logo\/image\/"},"sameAs":["https:\/\/www.facebook.com\/mintrabajo_ve","https:\/\/www.instagram.com\/mintrabajo_ve\/","https:\/\/www.tiktok.com\/@mintrabajo_ve","https:\/\/t.me\/mpppst"]},{"@type":"Person","@id":"https:\/\/www.mpppst.gob.ve\/mpppstweb\/#\/schema\/person\/fc187ee8ead412bd4c9304b62f900ea4","name":"MPPPST Prensa","url":"https:\/\/www.mpppst.gob.ve\/mpppstweb\/index.php\/author\/prensa-mpppst\/"}]}},"_links":{"self":[{"href":"https:\/\/www.mpppst.gob.ve\/mpppstweb\/index.php\/wp-json\/wp\/v2\/posts\/18342","targetHints":{"allow":["GET"]}}],"collection":[{"href":"https:\/\/www.mpppst.gob.ve\/mpppstweb\/index.php\/wp-json\/wp\/v2\/posts"}],"about":[{"href":"https:\/\/www.mpppst.gob.ve\/mpppstweb\/index.php\/wp-json\/wp\/v2\/types\/post"}],"author":[{"embeddable":true,"href":"https:\/\/www.mpppst.gob.ve\/mpppstweb\/index.php\/wp-json\/wp\/v2\/users\/25"}],"replies":[{"embeddable":true,"href":"https:\/\/www.mpppst.gob.ve\/mpppstweb\/index.php\/wp-json\/wp\/v2\/comments?post=18342"}],"version-history":[{"count":1,"href":"https:\/\/www.mpppst.gob.ve\/mpppstweb\/index.php\/wp-json\/wp\/v2\/posts\/18342\/revisions"}],"predecessor-version":[{"id":18344,"href":"https:\/\/www.mpppst.gob.ve\/mpppstweb\/index.php\/wp-json\/wp\/v2\/posts\/18342\/revisions\/18344"}],"wp:featuredmedia":[{"embeddable":true,"href":"https:\/\/www.mpppst.gob.ve\/mpppstweb\/index.php\/wp-json\/wp\/v2\/media\/18343"}],"wp:attachment":[{"href":"https:\/\/www.mpppst.gob.ve\/mpppstweb\/index.php\/wp-json\/wp\/v2\/media?parent=18342"}],"wp:term":[{"taxonomy":"category","embeddable":true,"href":"https:\/\/www.mpppst.gob.ve\/mpppstweb\/index.php\/wp-json\/wp\/v2\/categories?post=18342"},{"taxonomy":"post_tag","embeddable":true,"href":"https:\/\/www.mpppst.gob.ve\/mpppstweb\/index.php\/wp-json\/wp\/v2\/tags?post=18342"}],"curies":[{"name":"wp","href":"https:\/\/api.w.org\/{rel}","templated":true}]}}