{"id":18415,"date":"2020-03-12T14:37:32","date_gmt":"2020-03-12T18:37:32","guid":{"rendered":"http:\/\/www.mpppst.gob.ve\/mpppstweb\/?p=18415"},"modified":"2020-03-12T14:37:33","modified_gmt":"2020-03-12T18:37:33","slug":"gobierno-nacional-revela-evidencias-de-acciones-terroristas-en-incendio-a-galpones-del-cne","status":"publish","type":"post","link":"https:\/\/www.mpppst.gob.ve\/mpppstweb\/index.php\/2020\/03\/12\/gobierno-nacional-revela-evidencias-de-acciones-terroristas-en-incendio-a-galpones-del-cne\/","title":{"rendered":"Gobierno Nacional revela evidencias de acciones terroristas en incendio a galpones del CNE"},"content":{"rendered":"\n<p class=\"wp-block-paragraph\">Este jueves, el ministro del Poder Popular para Relaciones Interiores, Justicia y Paz,\u00a0<strong>N\u00e9stor Reverol<\/strong>, revel\u00f3 evidencias de acciones terroristas en incendio a galpones del <strong>Consejo Nacional Electoral (CNE), <\/strong>ubicado en Fila de Mariche, municipio Sucre, del estado <strong>Miranda<\/strong>.\u00a0<\/p>\n\n\n\n<p class=\"wp-block-paragraph\"><strong>El titular de la cartera de Interiores, Justicia y Paz<\/strong> detall\u00f3 que esta acci\u00f3n ocurrida el pasado 7 de marzo, fue provocada por un grupo terrorista con el fin de desestabilizar el funcionamiento del <strong>Poder Electoral <\/strong>venezolano.\u00a0<\/p>\n\n\n\n<p class=\"wp-block-paragraph\">Desde la sede principal del <strong>Mpprijp<\/strong>, Reverol destac\u00f3 tras las evidencias arrojadas por las investigaciones que fueron identificados tres puntos de inicio del fuego.\u00a0 \u00a0<\/p>\n\n\n\n<p class=\"wp-block-paragraph\">\u201cDe manera intencionada se produjo un incendio en un \u00e1rea de m\u00e1s de 6 metros cuadrados lo que caus\u00f3 la destrucci\u00f3n de esta instalaci\u00f3n del <strong>Poder Electoral,<\/strong> y en el que se encontraban m\u00e1s de 49 mil m\u00e1quinas de votaci\u00f3n, adem\u00e1s de diferentes sistemas de auto identificaci\u00f3n, as\u00ed como otros componentes\u201d, inform\u00f3 <strong>Reverol.<\/strong><\/p>\n\n\n\n<p class=\"wp-block-paragraph\">En este sentido, el ministro indic\u00f3 que en las pesquisas realizadas por los funcionarios del <strong>CICPC <\/strong>se localizaron los tres puntos en donde se provoc\u00f3 el fuego en el galp\u00f3n \u201cUn n\u00famero importante de membranas pl\u00e1sticas electorales se encontraban depositadas y fueron rociadas con un material acelerante; originando un comportamiento agresivo y de gran magnitud\u201d, puntualiz\u00f3.\u00a0 <\/p>\n\n\n\n<p class=\"wp-block-paragraph\">Prensa VTV\u00a0<\/p>\n","protected":false},"excerpt":{"rendered":"<p>Este jueves, el ministro del Poder Popular para Relaciones Interiores, Justicia y Paz,\u00a0N\u00e9stor Reverol, revel\u00f3 evidencias &hellip; <a title=\"Gobierno Nacional revela evidencias de acciones terroristas en incendio a galpones del CNE\" class=\"hm-read-more\" href=\"https:\/\/www.mpppst.gob.ve\/mpppstweb\/index.php\/2020\/03\/12\/gobierno-nacional-revela-evidencias-de-acciones-terroristas-en-incendio-a-galpones-del-cne\/\"><span class=\"screen-reader-text\">Gobierno Nacional revela evidencias de acciones terroristas en incendio a galpones del CNE<\/span>Leer m\u00e1s<\/a><\/p>\n","protected":false},"author":25,"featured_media":18416,"comment_status":"closed","ping_status":"closed","sticky":false,"template":"","format":"standard","meta":{"footnotes":""},"categories":[82,163],"tags":[],"class_list":["post-18415","post","type-post","status-publish","format-standard","has-post-thumbnail","hentry","category-gobierno-nacional","category-noticias"],"yoast_head":"<!-- This site is optimized with the Yoast SEO plugin v28.4 - https:\/\/yoast.com\/product\/yoast-seo-wordpress\/ -->\n<title>Gobierno Nacional revela evidencias de acciones terroristas en incendio a galpones del CNE - MPPPST<\/title>\n<meta name=\"robots\" content=\"index, follow, max-snippet:-1, max-image-preview:large, max-video-preview:-1\" \/>\n<link rel=\"canonical\" href=\"https:\/\/www.mpppst.gob.ve\/mpppstweb\/index.php\/2020\/03\/12\/gobierno-nacional-revela-evidencias-de-acciones-terroristas-en-incendio-a-galpones-del-cne\/\" \/>\n<meta property=\"og:locale\" content=\"es_ES\" \/>\n<meta property=\"og:type\" content=\"article\" \/>\n<meta property=\"og:title\" content=\"Gobierno Nacional revela evidencias de acciones terroristas en incendio a galpones del CNE - MPPPST\" \/>\n<meta property=\"og:description\" content=\"Este jueves, el ministro del Poder Popular para Relaciones Interiores, Justicia y Paz,\u00a0N\u00e9stor Reverol, revel\u00f3 evidencias &hellip; Gobierno Nacional revela evidencias de acciones terroristas en incendio a galpones del CNELeer m\u00e1s\" \/>\n<meta property=\"og:url\" content=\"https:\/\/www.mpppst.gob.ve\/mpppstweb\/index.php\/2020\/03\/12\/gobierno-nacional-revela-evidencias-de-acciones-terroristas-en-incendio-a-galpones-del-cne\/\" \/>\n<meta property=\"og:site_name\" content=\"MPPPST\" \/>\n<meta property=\"article:publisher\" content=\"https:\/\/www.facebook.com\/mintrabajo_ve\" \/>\n<meta property=\"article:published_time\" content=\"2020-03-12T18:37:32+00:00\" \/>\n<meta property=\"article:modified_time\" content=\"2020-03-12T18:37:33+00:00\" \/>\n<meta property=\"og:image\" content=\"https:\/\/www.mpppst.gob.ve\/mpppstweb\/wp-content\/uploads\/2020\/03\/Cortes\u00eda-El-Arague\u00f1o.jpg\" \/>\n\t<meta property=\"og:image:width\" content=\"800\" \/>\n\t<meta property=\"og:image:height\" content=\"445\" \/>\n\t<meta property=\"og:image:type\" content=\"image\/jpeg\" \/>\n<meta name=\"author\" content=\"MPPPST Prensa\" \/>\n<meta name=\"twitter:card\" content=\"summary_large_image\" \/>\n<script type=\"application\/ld+json\" class=\"yoast-schema-graph\">{\"@context\":\"https:\\\/\\\/schema.org\",\"@graph\":[{\"@type\":\"Article\",\"@id\":\"https:\\\/\\\/www.mpppst.gob.ve\\\/mpppstweb\\\/index.php\\\/2020\\\/03\\\/12\\\/gobierno-nacional-revela-evidencias-de-acciones-terroristas-en-incendio-a-galpones-del-cne\\\/#article\",\"isPartOf\":{\"@id\":\"https:\\\/\\\/www.mpppst.gob.ve\\\/mpppstweb\\\/index.php\\\/2020\\\/03\\\/12\\\/gobierno-nacional-revela-evidencias-de-acciones-terroristas-en-incendio-a-galpones-del-cne\\\/\"},\"author\":{\"name\":\"MPPPST Prensa\",\"@id\":\"https:\\\/\\\/www.mpppst.gob.ve\\\/mpppstweb\\\/#\\\/schema\\\/person\\\/fc187ee8ead412bd4c9304b62f900ea4\"},\"headline\":\"Gobierno Nacional revela evidencias de acciones terroristas en incendio a galpones del CNE\",\"datePublished\":\"2020-03-12T18:37:32+00:00\",\"dateModified\":\"2020-03-12T18:37:33+00:00\",\"mainEntityOfPage\":{\"@id\":\"https:\\\/\\\/www.mpppst.gob.ve\\\/mpppstweb\\\/index.php\\\/2020\\\/03\\\/12\\\/gobierno-nacional-revela-evidencias-de-acciones-terroristas-en-incendio-a-galpones-del-cne\\\/\"},\"wordCount\":234,\"publisher\":{\"@id\":\"https:\\\/\\\/www.mpppst.gob.ve\\\/mpppstweb\\\/#organization\"},\"image\":{\"@id\":\"https:\\\/\\\/www.mpppst.gob.ve\\\/mpppstweb\\\/index.php\\\/2020\\\/03\\\/12\\\/gobierno-nacional-revela-evidencias-de-acciones-terroristas-en-incendio-a-galpones-del-cne\\\/#primaryimage\"},\"thumbnailUrl\":\"https:\\\/\\\/www.mpppst.gob.ve\\\/mpppstweb\\\/wp-content\\\/uploads\\\/2020\\\/03\\\/Cortes\u00eda-El-Arague\u00f1o.jpg\",\"articleSection\":[\"Gobierno Nacional\",\"Noticias\"],\"inLanguage\":\"es\"},{\"@type\":\"WebPage\",\"@id\":\"https:\\\/\\\/www.mpppst.gob.ve\\\/mpppstweb\\\/index.php\\\/2020\\\/03\\\/12\\\/gobierno-nacional-revela-evidencias-de-acciones-terroristas-en-incendio-a-galpones-del-cne\\\/\",\"url\":\"https:\\\/\\\/www.mpppst.gob.ve\\\/mpppstweb\\\/index.php\\\/2020\\\/03\\\/12\\\/gobierno-nacional-revela-evidencias-de-acciones-terroristas-en-incendio-a-galpones-del-cne\\\/\",\"name\":\"Gobierno Nacional revela evidencias de acciones terroristas en incendio a galpones del CNE - MPPPST\",\"isPartOf\":{\"@id\":\"https:\\\/\\\/www.mpppst.gob.ve\\\/mpppstweb\\\/#website\"},\"primaryImageOfPage\":{\"@id\":\"https:\\\/\\\/www.mpppst.gob.ve\\\/mpppstweb\\\/index.php\\\/2020\\\/03\\\/12\\\/gobierno-nacional-revela-evidencias-de-acciones-terroristas-en-incendio-a-galpones-del-cne\\\/#primaryimage\"},\"image\":{\"@id\":\"https:\\\/\\\/www.mpppst.gob.ve\\\/mpppstweb\\\/index.php\\\/2020\\\/03\\\/12\\\/gobierno-nacional-revela-evidencias-de-acciones-terroristas-en-incendio-a-galpones-del-cne\\\/#primaryimage\"},\"thumbnailUrl\":\"https:\\\/\\\/www.mpppst.gob.ve\\\/mpppstweb\\\/wp-content\\\/uploads\\\/2020\\\/03\\\/Cortes\u00eda-El-Arague\u00f1o.jpg\",\"datePublished\":\"2020-03-12T18:37:32+00:00\",\"dateModified\":\"2020-03-12T18:37:33+00:00\",\"breadcrumb\":{\"@id\":\"https:\\\/\\\/www.mpppst.gob.ve\\\/mpppstweb\\\/index.php\\\/2020\\\/03\\\/12\\\/gobierno-nacional-revela-evidencias-de-acciones-terroristas-en-incendio-a-galpones-del-cne\\\/#breadcrumb\"},\"inLanguage\":\"es\",\"potentialAction\":[{\"@type\":\"ReadAction\",\"target\":[\"https:\\\/\\\/www.mpppst.gob.ve\\\/mpppstweb\\\/index.php\\\/2020\\\/03\\\/12\\\/gobierno-nacional-revela-evidencias-de-acciones-terroristas-en-incendio-a-galpones-del-cne\\\/\"]}]},{\"@type\":\"ImageObject\",\"inLanguage\":\"es\",\"@id\":\"https:\\\/\\\/www.mpppst.gob.ve\\\/mpppstweb\\\/index.php\\\/2020\\\/03\\\/12\\\/gobierno-nacional-revela-evidencias-de-acciones-terroristas-en-incendio-a-galpones-del-cne\\\/#primaryimage\",\"url\":\"https:\\\/\\\/www.mpppst.gob.ve\\\/mpppstweb\\\/wp-content\\\/uploads\\\/2020\\\/03\\\/Cortes\u00eda-El-Arague\u00f1o.jpg\",\"contentUrl\":\"https:\\\/\\\/www.mpppst.gob.ve\\\/mpppstweb\\\/wp-content\\\/uploads\\\/2020\\\/03\\\/Cortes\u00eda-El-Arague\u00f1o.jpg\",\"width\":800,\"height\":445},{\"@type\":\"BreadcrumbList\",\"@id\":\"https:\\\/\\\/www.mpppst.gob.ve\\\/mpppstweb\\\/index.php\\\/2020\\\/03\\\/12\\\/gobierno-nacional-revela-evidencias-de-acciones-terroristas-en-incendio-a-galpones-del-cne\\\/#breadcrumb\",\"itemListElement\":[{\"@type\":\"ListItem\",\"position\":1,\"name\":\"Home\",\"item\":\"https:\\\/\\\/www.mpppst.gob.ve\\\/mpppstweb\\\/\"},{\"@type\":\"ListItem\",\"position\":2,\"name\":\"Gobierno Nacional revela evidencias de acciones terroristas en incendio a galpones del CNE\"}]},{\"@type\":\"WebSite\",\"@id\":\"https:\\\/\\\/www.mpppst.gob.ve\\\/mpppstweb\\\/#website\",\"url\":\"https:\\\/\\\/www.mpppst.gob.ve\\\/mpppstweb\\\/\",\"name\":\"MPPPST\",\"description\":\"Sitio web oficial del Ministerio del Poder Popular para el Proceso Social de Trabajo\",\"publisher\":{\"@id\":\"https:\\\/\\\/www.mpppst.gob.ve\\\/mpppstweb\\\/#organization\"},\"alternateName\":\"Ministerio del Poder Popular para el Proceso Social de Trabajo\",\"potentialAction\":[{\"@type\":\"SearchAction\",\"target\":{\"@type\":\"EntryPoint\",\"urlTemplate\":\"https:\\\/\\\/www.mpppst.gob.ve\\\/mpppstweb\\\/?s={search_term_string}\"},\"query-input\":{\"@type\":\"PropertyValueSpecification\",\"valueRequired\":true,\"valueName\":\"search_term_string\"}}],\"inLanguage\":\"es\"},{\"@type\":\"Organization\",\"@id\":\"https:\\\/\\\/www.mpppst.gob.ve\\\/mpppstweb\\\/#organization\",\"name\":\"Ministerio del Poder Popular para el Proceso Social de Trabajo\",\"alternateName\":\"MPPPST\",\"url\":\"https:\\\/\\\/www.mpppst.gob.ve\\\/mpppstweb\\\/\",\"logo\":{\"@type\":\"ImageObject\",\"inLanguage\":\"es\",\"@id\":\"https:\\\/\\\/www.mpppst.gob.ve\\\/mpppstweb\\\/#\\\/schema\\\/logo\\\/image\\\/\",\"url\":\"https:\\\/\\\/www.mpppst.gob.ve\\\/mpppstweb\\\/wp-content\\\/uploads\\\/2025\\\/07\\\/cropped-cropped-g910.png\",\"contentUrl\":\"https:\\\/\\\/www.mpppst.gob.ve\\\/mpppstweb\\\/wp-content\\\/uploads\\\/2025\\\/07\\\/cropped-cropped-g910.png\",\"width\":1080,\"height\":241,\"caption\":\"Ministerio del Poder Popular para el Proceso Social de Trabajo\"},\"image\":{\"@id\":\"https:\\\/\\\/www.mpppst.gob.ve\\\/mpppstweb\\\/#\\\/schema\\\/logo\\\/image\\\/\"},\"sameAs\":[\"https:\\\/\\\/www.facebook.com\\\/mintrabajo_ve\",\"https:\\\/\\\/www.instagram.com\\\/mintrabajo_ve\\\/\",\"https:\\\/\\\/www.tiktok.com\\\/@mintrabajo_ve\",\"https:\\\/\\\/t.me\\\/mpppst\"]},{\"@type\":\"Person\",\"@id\":\"https:\\\/\\\/www.mpppst.gob.ve\\\/mpppstweb\\\/#\\\/schema\\\/person\\\/fc187ee8ead412bd4c9304b62f900ea4\",\"name\":\"MPPPST Prensa\",\"url\":\"https:\\\/\\\/www.mpppst.gob.ve\\\/mpppstweb\\\/index.php\\\/author\\\/prensa-mpppst\\\/\"}]}<\/script>\n<!-- \/ Yoast SEO plugin. -->","yoast_head_json":{"title":"Gobierno Nacional revela evidencias de acciones terroristas en incendio a galpones del CNE - MPPPST","robots":{"index":"index","follow":"follow","max-snippet":"max-snippet:-1","max-image-preview":"max-image-preview:large","max-video-preview":"max-video-preview:-1"},"canonical":"https:\/\/www.mpppst.gob.ve\/mpppstweb\/index.php\/2020\/03\/12\/gobierno-nacional-revela-evidencias-de-acciones-terroristas-en-incendio-a-galpones-del-cne\/","og_locale":"es_ES","og_type":"article","og_title":"Gobierno Nacional revela evidencias de acciones terroristas en incendio a galpones del CNE - MPPPST","og_description":"Este jueves, el ministro del Poder Popular para Relaciones Interiores, Justicia y Paz,\u00a0N\u00e9stor Reverol, revel\u00f3 evidencias &hellip; Gobierno Nacional revela evidencias de acciones terroristas en incendio a galpones del CNELeer m\u00e1s","og_url":"https:\/\/www.mpppst.gob.ve\/mpppstweb\/index.php\/2020\/03\/12\/gobierno-nacional-revela-evidencias-de-acciones-terroristas-en-incendio-a-galpones-del-cne\/","og_site_name":"MPPPST","article_publisher":"https:\/\/www.facebook.com\/mintrabajo_ve","article_published_time":"2020-03-12T18:37:32+00:00","article_modified_time":"2020-03-12T18:37:33+00:00","og_image":[{"width":800,"height":445,"url":"https:\/\/www.mpppst.gob.ve\/mpppstweb\/wp-content\/uploads\/2020\/03\/Cortes\u00eda-El-Arague\u00f1o.jpg","type":"image\/jpeg"}],"author":"MPPPST Prensa","twitter_card":"summary_large_image","schema":{"@context":"https:\/\/schema.org","@graph":[{"@type":"Article","@id":"https:\/\/www.mpppst.gob.ve\/mpppstweb\/index.php\/2020\/03\/12\/gobierno-nacional-revela-evidencias-de-acciones-terroristas-en-incendio-a-galpones-del-cne\/#article","isPartOf":{"@id":"https:\/\/www.mpppst.gob.ve\/mpppstweb\/index.php\/2020\/03\/12\/gobierno-nacional-revela-evidencias-de-acciones-terroristas-en-incendio-a-galpones-del-cne\/"},"author":{"name":"MPPPST Prensa","@id":"https:\/\/www.mpppst.gob.ve\/mpppstweb\/#\/schema\/person\/fc187ee8ead412bd4c9304b62f900ea4"},"headline":"Gobierno Nacional revela evidencias de acciones terroristas en incendio a galpones del CNE","datePublished":"2020-03-12T18:37:32+00:00","dateModified":"2020-03-12T18:37:33+00:00","mainEntityOfPage":{"@id":"https:\/\/www.mpppst.gob.ve\/mpppstweb\/index.php\/2020\/03\/12\/gobierno-nacional-revela-evidencias-de-acciones-terroristas-en-incendio-a-galpones-del-cne\/"},"wordCount":234,"publisher":{"@id":"https:\/\/www.mpppst.gob.ve\/mpppstweb\/#organization"},"image":{"@id":"https:\/\/www.mpppst.gob.ve\/mpppstweb\/index.php\/2020\/03\/12\/gobierno-nacional-revela-evidencias-de-acciones-terroristas-en-incendio-a-galpones-del-cne\/#primaryimage"},"thumbnailUrl":"https:\/\/www.mpppst.gob.ve\/mpppstweb\/wp-content\/uploads\/2020\/03\/Cortes\u00eda-El-Arague\u00f1o.jpg","articleSection":["Gobierno Nacional","Noticias"],"inLanguage":"es"},{"@type":"WebPage","@id":"https:\/\/www.mpppst.gob.ve\/mpppstweb\/index.php\/2020\/03\/12\/gobierno-nacional-revela-evidencias-de-acciones-terroristas-en-incendio-a-galpones-del-cne\/","url":"https:\/\/www.mpppst.gob.ve\/mpppstweb\/index.php\/2020\/03\/12\/gobierno-nacional-revela-evidencias-de-acciones-terroristas-en-incendio-a-galpones-del-cne\/","name":"Gobierno Nacional revela evidencias de acciones terroristas en incendio a galpones del CNE - MPPPST","isPartOf":{"@id":"https:\/\/www.mpppst.gob.ve\/mpppstweb\/#website"},"primaryImageOfPage":{"@id":"https:\/\/www.mpppst.gob.ve\/mpppstweb\/index.php\/2020\/03\/12\/gobierno-nacional-revela-evidencias-de-acciones-terroristas-en-incendio-a-galpones-del-cne\/#primaryimage"},"image":{"@id":"https:\/\/www.mpppst.gob.ve\/mpppstweb\/index.php\/2020\/03\/12\/gobierno-nacional-revela-evidencias-de-acciones-terroristas-en-incendio-a-galpones-del-cne\/#primaryimage"},"thumbnailUrl":"https:\/\/www.mpppst.gob.ve\/mpppstweb\/wp-content\/uploads\/2020\/03\/Cortes\u00eda-El-Arague\u00f1o.jpg","datePublished":"2020-03-12T18:37:32+00:00","dateModified":"2020-03-12T18:37:33+00:00","breadcrumb":{"@id":"https:\/\/www.mpppst.gob.ve\/mpppstweb\/index.php\/2020\/03\/12\/gobierno-nacional-revela-evidencias-de-acciones-terroristas-en-incendio-a-galpones-del-cne\/#breadcrumb"},"inLanguage":"es","potentialAction":[{"@type":"ReadAction","target":["https:\/\/www.mpppst.gob.ve\/mpppstweb\/index.php\/2020\/03\/12\/gobierno-nacional-revela-evidencias-de-acciones-terroristas-en-incendio-a-galpones-del-cne\/"]}]},{"@type":"ImageObject","inLanguage":"es","@id":"https:\/\/www.mpppst.gob.ve\/mpppstweb\/index.php\/2020\/03\/12\/gobierno-nacional-revela-evidencias-de-acciones-terroristas-en-incendio-a-galpones-del-cne\/#primaryimage","url":"https:\/\/www.mpppst.gob.ve\/mpppstweb\/wp-content\/uploads\/2020\/03\/Cortes\u00eda-El-Arague\u00f1o.jpg","contentUrl":"https:\/\/www.mpppst.gob.ve\/mpppstweb\/wp-content\/uploads\/2020\/03\/Cortes\u00eda-El-Arague\u00f1o.jpg","width":800,"height":445},{"@type":"BreadcrumbList","@id":"https:\/\/www.mpppst.gob.ve\/mpppstweb\/index.php\/2020\/03\/12\/gobierno-nacional-revela-evidencias-de-acciones-terroristas-en-incendio-a-galpones-del-cne\/#breadcrumb","itemListElement":[{"@type":"ListItem","position":1,"name":"Home","item":"https:\/\/www.mpppst.gob.ve\/mpppstweb\/"},{"@type":"ListItem","position":2,"name":"Gobierno Nacional revela evidencias de acciones terroristas en incendio a galpones del CNE"}]},{"@type":"WebSite","@id":"https:\/\/www.mpppst.gob.ve\/mpppstweb\/#website","url":"https:\/\/www.mpppst.gob.ve\/mpppstweb\/","name":"MPPPST","description":"Sitio web oficial del Ministerio del Poder Popular para el Proceso Social de Trabajo","publisher":{"@id":"https:\/\/www.mpppst.gob.ve\/mpppstweb\/#organization"},"alternateName":"Ministerio del Poder Popular para el Proceso Social de Trabajo","potentialAction":[{"@type":"SearchAction","target":{"@type":"EntryPoint","urlTemplate":"https:\/\/www.mpppst.gob.ve\/mpppstweb\/?s={search_term_string}"},"query-input":{"@type":"PropertyValueSpecification","valueRequired":true,"valueName":"search_term_string"}}],"inLanguage":"es"},{"@type":"Organization","@id":"https:\/\/www.mpppst.gob.ve\/mpppstweb\/#organization","name":"Ministerio del Poder Popular para el Proceso Social de Trabajo","alternateName":"MPPPST","url":"https:\/\/www.mpppst.gob.ve\/mpppstweb\/","logo":{"@type":"ImageObject","inLanguage":"es","@id":"https:\/\/www.mpppst.gob.ve\/mpppstweb\/#\/schema\/logo\/image\/","url":"https:\/\/www.mpppst.gob.ve\/mpppstweb\/wp-content\/uploads\/2025\/07\/cropped-cropped-g910.png","contentUrl":"https:\/\/www.mpppst.gob.ve\/mpppstweb\/wp-content\/uploads\/2025\/07\/cropped-cropped-g910.png","width":1080,"height":241,"caption":"Ministerio del Poder Popular para el Proceso Social de Trabajo"},"image":{"@id":"https:\/\/www.mpppst.gob.ve\/mpppstweb\/#\/schema\/logo\/image\/"},"sameAs":["https:\/\/www.facebook.com\/mintrabajo_ve","https:\/\/www.instagram.com\/mintrabajo_ve\/","https:\/\/www.tiktok.com\/@mintrabajo_ve","https:\/\/t.me\/mpppst"]},{"@type":"Person","@id":"https:\/\/www.mpppst.gob.ve\/mpppstweb\/#\/schema\/person\/fc187ee8ead412bd4c9304b62f900ea4","name":"MPPPST Prensa","url":"https:\/\/www.mpppst.gob.ve\/mpppstweb\/index.php\/author\/prensa-mpppst\/"}]}},"_links":{"self":[{"href":"https:\/\/www.mpppst.gob.ve\/mpppstweb\/index.php\/wp-json\/wp\/v2\/posts\/18415","targetHints":{"allow":["GET"]}}],"collection":[{"href":"https:\/\/www.mpppst.gob.ve\/mpppstweb\/index.php\/wp-json\/wp\/v2\/posts"}],"about":[{"href":"https:\/\/www.mpppst.gob.ve\/mpppstweb\/index.php\/wp-json\/wp\/v2\/types\/post"}],"author":[{"embeddable":true,"href":"https:\/\/www.mpppst.gob.ve\/mpppstweb\/index.php\/wp-json\/wp\/v2\/users\/25"}],"replies":[{"embeddable":true,"href":"https:\/\/www.mpppst.gob.ve\/mpppstweb\/index.php\/wp-json\/wp\/v2\/comments?post=18415"}],"version-history":[{"count":1,"href":"https:\/\/www.mpppst.gob.ve\/mpppstweb\/index.php\/wp-json\/wp\/v2\/posts\/18415\/revisions"}],"predecessor-version":[{"id":18417,"href":"https:\/\/www.mpppst.gob.ve\/mpppstweb\/index.php\/wp-json\/wp\/v2\/posts\/18415\/revisions\/18417"}],"wp:featuredmedia":[{"embeddable":true,"href":"https:\/\/www.mpppst.gob.ve\/mpppstweb\/index.php\/wp-json\/wp\/v2\/media\/18416"}],"wp:attachment":[{"href":"https:\/\/www.mpppst.gob.ve\/mpppstweb\/index.php\/wp-json\/wp\/v2\/media?parent=18415"}],"wp:term":[{"taxonomy":"category","embeddable":true,"href":"https:\/\/www.mpppst.gob.ve\/mpppstweb\/index.php\/wp-json\/wp\/v2\/categories?post=18415"},{"taxonomy":"post_tag","embeddable":true,"href":"https:\/\/www.mpppst.gob.ve\/mpppstweb\/index.php\/wp-json\/wp\/v2\/tags?post=18415"}],"curies":[{"name":"wp","href":"https:\/\/api.w.org\/{rel}","templated":true}]}}