{"id":18816,"date":"2020-05-25T15:22:00","date_gmt":"2020-05-25T19:22:00","guid":{"rendered":"http:\/\/www.mpppst.gob.ve\/mpppstweb\/?p=18816"},"modified":"2020-05-25T15:22:01","modified_gmt":"2020-05-25T19:22:01","slug":"la-solidaridad-entre-iran-y-venezuela","status":"publish","type":"post","link":"https:\/\/www.mpppst.gob.ve\/mpppstweb\/index.php\/2020\/05\/25\/la-solidaridad-entre-iran-y-venezuela\/","title":{"rendered":"La solidaridad entre Ir\u00e1n y Venezuela"},"content":{"rendered":"\n<p class=\"wp-block-paragraph\">Por: Eduardo Pi\u00f1ate R.<\/p>\n\n\n\n<p class=\"wp-block-paragraph\">En una oportunidad el Comandante Supremo Hugo Ch\u00e1vez escribi\u00f3: \u00abLa Revoluci\u00f3n Iran\u00ed y la Revoluci\u00f3n Bolivariana son hijas de una misma Historia, la de las luchas de nuestros pueblos por su liberaci\u00f3n.\u00bb (Las L\u00edneas de Ch\u00e1vez: \u00abCampeones Bolivarianos\u00bb. 29 de noviembre 2009). Esa misma historia de la lucha de nuestros pueblos, nos ha hermanado en la resistencia contra nuestro enemigo com\u00fan: el imperialismo yanqui y las potencias imperialistas de Europa Occidental, subordinadas a \u00e9l.<\/p>\n\n\n\n<p class=\"wp-block-paragraph\">Desde el momento en que el Comandante Ch\u00e1vez asumi\u00f3 la Presidencia de la Rep\u00fablica, puso en marcha una l\u00ednea de acci\u00f3n estrat\u00e9gica dirigida a fortalecer la presencia de Venezuela en el concierto mundial y avanzar en la configuraci\u00f3n de un mundo nuevo, multic\u00e9ntrico y pluripolar. Armado de esa visi\u00f3n geopol\u00edtica, desarroll\u00f3 una pol\u00edtica de alianzas estrat\u00e9gicas con los pa\u00edses con econom\u00edas emergentes, que disputaban en aquellos a\u00f1os la hegemon\u00eda estadounidense y hoy han consolidado esa posici\u00f3n que cuestiona la unipolaridad yanqui; entre otros China, Rusia, India e Ir\u00e1n y el Caribe Oriental, m\u00e1s la ALBA en Nuestra Am\u00e9rica.<\/p>\n\n\n\n<p class=\"wp-block-paragraph\">Esa l\u00ednea estrat\u00e9gica, dise\u00f1ada y puesta en pr\u00e1ctica por el Comandante Ch\u00e1vez, fue operacionalizada durante seis a\u00f1os por Nicol\u00e1s Maduro cuando era Canciller, y le ha dado continuidad y profundidad en su condici\u00f3n de Presidente de la Rep\u00fablica. Eso explica la respuesta firme y solidaria de la Rep\u00fablica Isl\u00e1mica de Ir\u00e1n, su gobierno y su pueblo, ante la pretensi\u00f3n imperialista de asfixiarnos econ\u00f3micamente y caotizar la vida de nuestro pueblo con el bloqueo criminal, las medidas coercitivas unilaterales, acciones militares y el intento de un bloqueo naval. Desafiar las amenazas imperiales para que la gasolina y los aditivos producidos por el pueblo de un pa\u00eds bloqueado hace 40 a\u00f1os, como el iran\u00ed, llegue a otro pa\u00eds bloqueado que resiste y vence como Venezuela, es cosa de pueblos dignos, valientes y dotados de un profundo humanismo, que demuestran que Jos\u00e9 Mart\u00ed ten\u00eda raz\u00f3n cuando expres\u00f3 que \u00abla solidaridad es la ternura de los pueblos\u00bb. Seguimos venciendo.<br>Caracas, 23 de mayo de 2020<\/p>\n","protected":false},"excerpt":{"rendered":"<p>Por: Eduardo Pi\u00f1ate R. En una oportunidad el Comandante Supremo Hugo Ch\u00e1vez escribi\u00f3: \u00abLa Revoluci\u00f3n Iran\u00ed &hellip; <a title=\"La solidaridad entre Ir\u00e1n y Venezuela\" class=\"hm-read-more\" href=\"https:\/\/www.mpppst.gob.ve\/mpppstweb\/index.php\/2020\/05\/25\/la-solidaridad-entre-iran-y-venezuela\/\"><span class=\"screen-reader-text\">La solidaridad entre Ir\u00e1n y Venezuela<\/span>Leer m\u00e1s<\/a><\/p>\n","protected":false},"author":25,"featured_media":18817,"comment_status":"closed","ping_status":"closed","sticky":false,"template":"","format":"standard","meta":{"footnotes":""},"categories":[82,163],"tags":[],"class_list":["post-18816","post","type-post","status-publish","format-standard","has-post-thumbnail","hentry","category-gobierno-nacional","category-noticias"],"yoast_head":"<!-- This site is optimized with the Yoast SEO plugin v28.4 - https:\/\/yoast.com\/product\/yoast-seo-wordpress\/ -->\n<title>La solidaridad entre Ir\u00e1n y Venezuela - MPPPST<\/title>\n<meta name=\"robots\" content=\"index, follow, max-snippet:-1, max-image-preview:large, max-video-preview:-1\" \/>\n<link rel=\"canonical\" href=\"https:\/\/www.mpppst.gob.ve\/mpppstweb\/index.php\/2020\/05\/25\/la-solidaridad-entre-iran-y-venezuela\/\" \/>\n<meta property=\"og:locale\" content=\"es_ES\" \/>\n<meta property=\"og:type\" content=\"article\" \/>\n<meta property=\"og:title\" content=\"La solidaridad entre Ir\u00e1n y Venezuela - MPPPST\" \/>\n<meta property=\"og:description\" content=\"Por: Eduardo Pi\u00f1ate R. En una oportunidad el Comandante Supremo Hugo Ch\u00e1vez escribi\u00f3: \u00abLa Revoluci\u00f3n Iran\u00ed &hellip; La solidaridad entre Ir\u00e1n y VenezuelaLeer m\u00e1s\" \/>\n<meta property=\"og:url\" content=\"https:\/\/www.mpppst.gob.ve\/mpppstweb\/index.php\/2020\/05\/25\/la-solidaridad-entre-iran-y-venezuela\/\" \/>\n<meta property=\"og:site_name\" content=\"MPPPST\" \/>\n<meta property=\"article:publisher\" content=\"https:\/\/www.facebook.com\/mintrabajo_ve\" \/>\n<meta property=\"article:published_time\" content=\"2020-05-25T19:22:00+00:00\" \/>\n<meta property=\"article:modified_time\" content=\"2020-05-25T19:22:01+00:00\" \/>\n<meta property=\"og:image\" content=\"https:\/\/www.mpppst.gob.ve\/mpppstweb\/wp-content\/uploads\/2020\/05\/20200525_151612.jpg\" \/>\n\t<meta property=\"og:image:width\" content=\"720\" \/>\n\t<meta property=\"og:image:height\" content=\"400\" \/>\n\t<meta property=\"og:image:type\" content=\"image\/jpeg\" \/>\n<meta name=\"author\" content=\"MPPPST Prensa\" \/>\n<meta name=\"twitter:card\" content=\"summary_large_image\" \/>\n<script type=\"application\/ld+json\" class=\"yoast-schema-graph\">{\"@context\":\"https:\\\/\\\/schema.org\",\"@graph\":[{\"@type\":\"Article\",\"@id\":\"https:\\\/\\\/www.mpppst.gob.ve\\\/mpppstweb\\\/index.php\\\/2020\\\/05\\\/25\\\/la-solidaridad-entre-iran-y-venezuela\\\/#article\",\"isPartOf\":{\"@id\":\"https:\\\/\\\/www.mpppst.gob.ve\\\/mpppstweb\\\/index.php\\\/2020\\\/05\\\/25\\\/la-solidaridad-entre-iran-y-venezuela\\\/\"},\"author\":{\"name\":\"MPPPST Prensa\",\"@id\":\"https:\\\/\\\/www.mpppst.gob.ve\\\/mpppstweb\\\/#\\\/schema\\\/person\\\/fc187ee8ead412bd4c9304b62f900ea4\"},\"headline\":\"La solidaridad entre Ir\u00e1n y Venezuela\",\"datePublished\":\"2020-05-25T19:22:00+00:00\",\"dateModified\":\"2020-05-25T19:22:01+00:00\",\"mainEntityOfPage\":{\"@id\":\"https:\\\/\\\/www.mpppst.gob.ve\\\/mpppstweb\\\/index.php\\\/2020\\\/05\\\/25\\\/la-solidaridad-entre-iran-y-venezuela\\\/\"},\"wordCount\":385,\"publisher\":{\"@id\":\"https:\\\/\\\/www.mpppst.gob.ve\\\/mpppstweb\\\/#organization\"},\"image\":{\"@id\":\"https:\\\/\\\/www.mpppst.gob.ve\\\/mpppstweb\\\/index.php\\\/2020\\\/05\\\/25\\\/la-solidaridad-entre-iran-y-venezuela\\\/#primaryimage\"},\"thumbnailUrl\":\"https:\\\/\\\/www.mpppst.gob.ve\\\/mpppstweb\\\/wp-content\\\/uploads\\\/2020\\\/05\\\/20200525_151612.jpg\",\"articleSection\":[\"Gobierno Nacional\",\"Noticias\"],\"inLanguage\":\"es\"},{\"@type\":\"WebPage\",\"@id\":\"https:\\\/\\\/www.mpppst.gob.ve\\\/mpppstweb\\\/index.php\\\/2020\\\/05\\\/25\\\/la-solidaridad-entre-iran-y-venezuela\\\/\",\"url\":\"https:\\\/\\\/www.mpppst.gob.ve\\\/mpppstweb\\\/index.php\\\/2020\\\/05\\\/25\\\/la-solidaridad-entre-iran-y-venezuela\\\/\",\"name\":\"La solidaridad entre Ir\u00e1n y Venezuela - MPPPST\",\"isPartOf\":{\"@id\":\"https:\\\/\\\/www.mpppst.gob.ve\\\/mpppstweb\\\/#website\"},\"primaryImageOfPage\":{\"@id\":\"https:\\\/\\\/www.mpppst.gob.ve\\\/mpppstweb\\\/index.php\\\/2020\\\/05\\\/25\\\/la-solidaridad-entre-iran-y-venezuela\\\/#primaryimage\"},\"image\":{\"@id\":\"https:\\\/\\\/www.mpppst.gob.ve\\\/mpppstweb\\\/index.php\\\/2020\\\/05\\\/25\\\/la-solidaridad-entre-iran-y-venezuela\\\/#primaryimage\"},\"thumbnailUrl\":\"https:\\\/\\\/www.mpppst.gob.ve\\\/mpppstweb\\\/wp-content\\\/uploads\\\/2020\\\/05\\\/20200525_151612.jpg\",\"datePublished\":\"2020-05-25T19:22:00+00:00\",\"dateModified\":\"2020-05-25T19:22:01+00:00\",\"breadcrumb\":{\"@id\":\"https:\\\/\\\/www.mpppst.gob.ve\\\/mpppstweb\\\/index.php\\\/2020\\\/05\\\/25\\\/la-solidaridad-entre-iran-y-venezuela\\\/#breadcrumb\"},\"inLanguage\":\"es\",\"potentialAction\":[{\"@type\":\"ReadAction\",\"target\":[\"https:\\\/\\\/www.mpppst.gob.ve\\\/mpppstweb\\\/index.php\\\/2020\\\/05\\\/25\\\/la-solidaridad-entre-iran-y-venezuela\\\/\"]}]},{\"@type\":\"ImageObject\",\"inLanguage\":\"es\",\"@id\":\"https:\\\/\\\/www.mpppst.gob.ve\\\/mpppstweb\\\/index.php\\\/2020\\\/05\\\/25\\\/la-solidaridad-entre-iran-y-venezuela\\\/#primaryimage\",\"url\":\"https:\\\/\\\/www.mpppst.gob.ve\\\/mpppstweb\\\/wp-content\\\/uploads\\\/2020\\\/05\\\/20200525_151612.jpg\",\"contentUrl\":\"https:\\\/\\\/www.mpppst.gob.ve\\\/mpppstweb\\\/wp-content\\\/uploads\\\/2020\\\/05\\\/20200525_151612.jpg\",\"width\":720,\"height\":400},{\"@type\":\"BreadcrumbList\",\"@id\":\"https:\\\/\\\/www.mpppst.gob.ve\\\/mpppstweb\\\/index.php\\\/2020\\\/05\\\/25\\\/la-solidaridad-entre-iran-y-venezuela\\\/#breadcrumb\",\"itemListElement\":[{\"@type\":\"ListItem\",\"position\":1,\"name\":\"Home\",\"item\":\"https:\\\/\\\/www.mpppst.gob.ve\\\/mpppstweb\\\/\"},{\"@type\":\"ListItem\",\"position\":2,\"name\":\"La solidaridad entre Ir\u00e1n y Venezuela\"}]},{\"@type\":\"WebSite\",\"@id\":\"https:\\\/\\\/www.mpppst.gob.ve\\\/mpppstweb\\\/#website\",\"url\":\"https:\\\/\\\/www.mpppst.gob.ve\\\/mpppstweb\\\/\",\"name\":\"MPPPST\",\"description\":\"Sitio web oficial del Ministerio del Poder Popular para el Proceso Social de Trabajo\",\"publisher\":{\"@id\":\"https:\\\/\\\/www.mpppst.gob.ve\\\/mpppstweb\\\/#organization\"},\"alternateName\":\"Ministerio del Poder Popular para el Proceso Social de Trabajo\",\"potentialAction\":[{\"@type\":\"SearchAction\",\"target\":{\"@type\":\"EntryPoint\",\"urlTemplate\":\"https:\\\/\\\/www.mpppst.gob.ve\\\/mpppstweb\\\/?s={search_term_string}\"},\"query-input\":{\"@type\":\"PropertyValueSpecification\",\"valueRequired\":true,\"valueName\":\"search_term_string\"}}],\"inLanguage\":\"es\"},{\"@type\":\"Organization\",\"@id\":\"https:\\\/\\\/www.mpppst.gob.ve\\\/mpppstweb\\\/#organization\",\"name\":\"Ministerio del Poder Popular para el Proceso Social de Trabajo\",\"alternateName\":\"MPPPST\",\"url\":\"https:\\\/\\\/www.mpppst.gob.ve\\\/mpppstweb\\\/\",\"logo\":{\"@type\":\"ImageObject\",\"inLanguage\":\"es\",\"@id\":\"https:\\\/\\\/www.mpppst.gob.ve\\\/mpppstweb\\\/#\\\/schema\\\/logo\\\/image\\\/\",\"url\":\"https:\\\/\\\/www.mpppst.gob.ve\\\/mpppstweb\\\/wp-content\\\/uploads\\\/2025\\\/07\\\/cropped-cropped-g910.png\",\"contentUrl\":\"https:\\\/\\\/www.mpppst.gob.ve\\\/mpppstweb\\\/wp-content\\\/uploads\\\/2025\\\/07\\\/cropped-cropped-g910.png\",\"width\":1080,\"height\":241,\"caption\":\"Ministerio del Poder Popular para el Proceso Social de Trabajo\"},\"image\":{\"@id\":\"https:\\\/\\\/www.mpppst.gob.ve\\\/mpppstweb\\\/#\\\/schema\\\/logo\\\/image\\\/\"},\"sameAs\":[\"https:\\\/\\\/www.facebook.com\\\/mintrabajo_ve\",\"https:\\\/\\\/www.instagram.com\\\/mintrabajo_ve\\\/\",\"https:\\\/\\\/www.tiktok.com\\\/@mintrabajo_ve\",\"https:\\\/\\\/t.me\\\/mpppst\"]},{\"@type\":\"Person\",\"@id\":\"https:\\\/\\\/www.mpppst.gob.ve\\\/mpppstweb\\\/#\\\/schema\\\/person\\\/fc187ee8ead412bd4c9304b62f900ea4\",\"name\":\"MPPPST Prensa\",\"url\":\"https:\\\/\\\/www.mpppst.gob.ve\\\/mpppstweb\\\/index.php\\\/author\\\/prensa-mpppst\\\/\"}]}<\/script>\n<!-- \/ Yoast SEO plugin. -->","yoast_head_json":{"title":"La solidaridad entre Ir\u00e1n y Venezuela - MPPPST","robots":{"index":"index","follow":"follow","max-snippet":"max-snippet:-1","max-image-preview":"max-image-preview:large","max-video-preview":"max-video-preview:-1"},"canonical":"https:\/\/www.mpppst.gob.ve\/mpppstweb\/index.php\/2020\/05\/25\/la-solidaridad-entre-iran-y-venezuela\/","og_locale":"es_ES","og_type":"article","og_title":"La solidaridad entre Ir\u00e1n y Venezuela - MPPPST","og_description":"Por: Eduardo Pi\u00f1ate R. En una oportunidad el Comandante Supremo Hugo Ch\u00e1vez escribi\u00f3: \u00abLa Revoluci\u00f3n Iran\u00ed &hellip; La solidaridad entre Ir\u00e1n y VenezuelaLeer m\u00e1s","og_url":"https:\/\/www.mpppst.gob.ve\/mpppstweb\/index.php\/2020\/05\/25\/la-solidaridad-entre-iran-y-venezuela\/","og_site_name":"MPPPST","article_publisher":"https:\/\/www.facebook.com\/mintrabajo_ve","article_published_time":"2020-05-25T19:22:00+00:00","article_modified_time":"2020-05-25T19:22:01+00:00","og_image":[{"width":720,"height":400,"url":"https:\/\/www.mpppst.gob.ve\/mpppstweb\/wp-content\/uploads\/2020\/05\/20200525_151612.jpg","type":"image\/jpeg"}],"author":"MPPPST Prensa","twitter_card":"summary_large_image","schema":{"@context":"https:\/\/schema.org","@graph":[{"@type":"Article","@id":"https:\/\/www.mpppst.gob.ve\/mpppstweb\/index.php\/2020\/05\/25\/la-solidaridad-entre-iran-y-venezuela\/#article","isPartOf":{"@id":"https:\/\/www.mpppst.gob.ve\/mpppstweb\/index.php\/2020\/05\/25\/la-solidaridad-entre-iran-y-venezuela\/"},"author":{"name":"MPPPST Prensa","@id":"https:\/\/www.mpppst.gob.ve\/mpppstweb\/#\/schema\/person\/fc187ee8ead412bd4c9304b62f900ea4"},"headline":"La solidaridad entre Ir\u00e1n y Venezuela","datePublished":"2020-05-25T19:22:00+00:00","dateModified":"2020-05-25T19:22:01+00:00","mainEntityOfPage":{"@id":"https:\/\/www.mpppst.gob.ve\/mpppstweb\/index.php\/2020\/05\/25\/la-solidaridad-entre-iran-y-venezuela\/"},"wordCount":385,"publisher":{"@id":"https:\/\/www.mpppst.gob.ve\/mpppstweb\/#organization"},"image":{"@id":"https:\/\/www.mpppst.gob.ve\/mpppstweb\/index.php\/2020\/05\/25\/la-solidaridad-entre-iran-y-venezuela\/#primaryimage"},"thumbnailUrl":"https:\/\/www.mpppst.gob.ve\/mpppstweb\/wp-content\/uploads\/2020\/05\/20200525_151612.jpg","articleSection":["Gobierno Nacional","Noticias"],"inLanguage":"es"},{"@type":"WebPage","@id":"https:\/\/www.mpppst.gob.ve\/mpppstweb\/index.php\/2020\/05\/25\/la-solidaridad-entre-iran-y-venezuela\/","url":"https:\/\/www.mpppst.gob.ve\/mpppstweb\/index.php\/2020\/05\/25\/la-solidaridad-entre-iran-y-venezuela\/","name":"La solidaridad entre Ir\u00e1n y Venezuela - MPPPST","isPartOf":{"@id":"https:\/\/www.mpppst.gob.ve\/mpppstweb\/#website"},"primaryImageOfPage":{"@id":"https:\/\/www.mpppst.gob.ve\/mpppstweb\/index.php\/2020\/05\/25\/la-solidaridad-entre-iran-y-venezuela\/#primaryimage"},"image":{"@id":"https:\/\/www.mpppst.gob.ve\/mpppstweb\/index.php\/2020\/05\/25\/la-solidaridad-entre-iran-y-venezuela\/#primaryimage"},"thumbnailUrl":"https:\/\/www.mpppst.gob.ve\/mpppstweb\/wp-content\/uploads\/2020\/05\/20200525_151612.jpg","datePublished":"2020-05-25T19:22:00+00:00","dateModified":"2020-05-25T19:22:01+00:00","breadcrumb":{"@id":"https:\/\/www.mpppst.gob.ve\/mpppstweb\/index.php\/2020\/05\/25\/la-solidaridad-entre-iran-y-venezuela\/#breadcrumb"},"inLanguage":"es","potentialAction":[{"@type":"ReadAction","target":["https:\/\/www.mpppst.gob.ve\/mpppstweb\/index.php\/2020\/05\/25\/la-solidaridad-entre-iran-y-venezuela\/"]}]},{"@type":"ImageObject","inLanguage":"es","@id":"https:\/\/www.mpppst.gob.ve\/mpppstweb\/index.php\/2020\/05\/25\/la-solidaridad-entre-iran-y-venezuela\/#primaryimage","url":"https:\/\/www.mpppst.gob.ve\/mpppstweb\/wp-content\/uploads\/2020\/05\/20200525_151612.jpg","contentUrl":"https:\/\/www.mpppst.gob.ve\/mpppstweb\/wp-content\/uploads\/2020\/05\/20200525_151612.jpg","width":720,"height":400},{"@type":"BreadcrumbList","@id":"https:\/\/www.mpppst.gob.ve\/mpppstweb\/index.php\/2020\/05\/25\/la-solidaridad-entre-iran-y-venezuela\/#breadcrumb","itemListElement":[{"@type":"ListItem","position":1,"name":"Home","item":"https:\/\/www.mpppst.gob.ve\/mpppstweb\/"},{"@type":"ListItem","position":2,"name":"La solidaridad entre Ir\u00e1n y Venezuela"}]},{"@type":"WebSite","@id":"https:\/\/www.mpppst.gob.ve\/mpppstweb\/#website","url":"https:\/\/www.mpppst.gob.ve\/mpppstweb\/","name":"MPPPST","description":"Sitio web oficial del Ministerio del Poder Popular para el Proceso Social de Trabajo","publisher":{"@id":"https:\/\/www.mpppst.gob.ve\/mpppstweb\/#organization"},"alternateName":"Ministerio del Poder Popular para el Proceso Social de Trabajo","potentialAction":[{"@type":"SearchAction","target":{"@type":"EntryPoint","urlTemplate":"https:\/\/www.mpppst.gob.ve\/mpppstweb\/?s={search_term_string}"},"query-input":{"@type":"PropertyValueSpecification","valueRequired":true,"valueName":"search_term_string"}}],"inLanguage":"es"},{"@type":"Organization","@id":"https:\/\/www.mpppst.gob.ve\/mpppstweb\/#organization","name":"Ministerio del Poder Popular para el Proceso Social de Trabajo","alternateName":"MPPPST","url":"https:\/\/www.mpppst.gob.ve\/mpppstweb\/","logo":{"@type":"ImageObject","inLanguage":"es","@id":"https:\/\/www.mpppst.gob.ve\/mpppstweb\/#\/schema\/logo\/image\/","url":"https:\/\/www.mpppst.gob.ve\/mpppstweb\/wp-content\/uploads\/2025\/07\/cropped-cropped-g910.png","contentUrl":"https:\/\/www.mpppst.gob.ve\/mpppstweb\/wp-content\/uploads\/2025\/07\/cropped-cropped-g910.png","width":1080,"height":241,"caption":"Ministerio del Poder Popular para el Proceso Social de Trabajo"},"image":{"@id":"https:\/\/www.mpppst.gob.ve\/mpppstweb\/#\/schema\/logo\/image\/"},"sameAs":["https:\/\/www.facebook.com\/mintrabajo_ve","https:\/\/www.instagram.com\/mintrabajo_ve\/","https:\/\/www.tiktok.com\/@mintrabajo_ve","https:\/\/t.me\/mpppst"]},{"@type":"Person","@id":"https:\/\/www.mpppst.gob.ve\/mpppstweb\/#\/schema\/person\/fc187ee8ead412bd4c9304b62f900ea4","name":"MPPPST Prensa","url":"https:\/\/www.mpppst.gob.ve\/mpppstweb\/index.php\/author\/prensa-mpppst\/"}]}},"_links":{"self":[{"href":"https:\/\/www.mpppst.gob.ve\/mpppstweb\/index.php\/wp-json\/wp\/v2\/posts\/18816","targetHints":{"allow":["GET"]}}],"collection":[{"href":"https:\/\/www.mpppst.gob.ve\/mpppstweb\/index.php\/wp-json\/wp\/v2\/posts"}],"about":[{"href":"https:\/\/www.mpppst.gob.ve\/mpppstweb\/index.php\/wp-json\/wp\/v2\/types\/post"}],"author":[{"embeddable":true,"href":"https:\/\/www.mpppst.gob.ve\/mpppstweb\/index.php\/wp-json\/wp\/v2\/users\/25"}],"replies":[{"embeddable":true,"href":"https:\/\/www.mpppst.gob.ve\/mpppstweb\/index.php\/wp-json\/wp\/v2\/comments?post=18816"}],"version-history":[{"count":1,"href":"https:\/\/www.mpppst.gob.ve\/mpppstweb\/index.php\/wp-json\/wp\/v2\/posts\/18816\/revisions"}],"predecessor-version":[{"id":18818,"href":"https:\/\/www.mpppst.gob.ve\/mpppstweb\/index.php\/wp-json\/wp\/v2\/posts\/18816\/revisions\/18818"}],"wp:featuredmedia":[{"embeddable":true,"href":"https:\/\/www.mpppst.gob.ve\/mpppstweb\/index.php\/wp-json\/wp\/v2\/media\/18817"}],"wp:attachment":[{"href":"https:\/\/www.mpppst.gob.ve\/mpppstweb\/index.php\/wp-json\/wp\/v2\/media?parent=18816"}],"wp:term":[{"taxonomy":"category","embeddable":true,"href":"https:\/\/www.mpppst.gob.ve\/mpppstweb\/index.php\/wp-json\/wp\/v2\/categories?post=18816"},{"taxonomy":"post_tag","embeddable":true,"href":"https:\/\/www.mpppst.gob.ve\/mpppstweb\/index.php\/wp-json\/wp\/v2\/tags?post=18816"}],"curies":[{"name":"wp","href":"https:\/\/api.w.org\/{rel}","templated":true}]}}