{"id":18889,"date":"2020-06-11T10:50:29","date_gmt":"2020-06-11T14:50:29","guid":{"rendered":"http:\/\/www.mpppst.gob.ve\/mpppstweb\/?p=18889"},"modified":"2020-06-11T10:50:31","modified_gmt":"2020-06-11T14:50:31","slug":"cuba-reitera-solidaridad-con-venezuela-y-rechaza-medidas-coercitivas-imperiales-que-afectan-a-los-pueblos","status":"publish","type":"post","link":"https:\/\/www.mpppst.gob.ve\/mpppstweb\/index.php\/2020\/06\/11\/cuba-reitera-solidaridad-con-venezuela-y-rechaza-medidas-coercitivas-imperiales-que-afectan-a-los-pueblos\/","title":{"rendered":"Cuba reitera solidaridad con Venezuela y rechaza medidas coercitivas imperiales que afectan a los pueblos"},"content":{"rendered":"\n<p class=\"wp-block-paragraph\">Cuba denunci\u00f3 una vez m\u00e1s que el gobierno de los Estados Unidos, a trav\u00e9s de la administraci\u00f3n de Donald Trump, ha recrudecido el bloqueo econ\u00f3mico, comercial y financiero en su contra y otras naciones independientes, que incluye a Venezuela, con nuevas medidas coercitivas dirigidas a dificultar a\u00fan m\u00e1s el esfuerzo de enfrentar a la pandemia.<\/p>\n\n\n\n<p class=\"wp-block-paragraph\">Durante la participaci\u00f3n en el encuentro virtual con representantes de la <strong>Alianza Bolivariana para los Pueblos de Nuestra Am\u00e9rica-Tratado de Comercio de los Pueblos (ALBA-TCP)<\/strong>, el presidente cubano Miguel D\u00edaz-Canel alert\u00f3 que actualmente la paz y la seguridad regional tambi\u00e9n se encuentran amenazadas.<\/p>\n\n\n\n<p class=\"wp-block-paragraph\">En ese sentido, repudi\u00f3 que la administraci\u00f3n norteamericana se rehus\u00f3 a pronunciarse p\u00fablicamente y con claridad ante un acto terrorista ocurrido en la capital de ese pa\u00eds contra la Embajada de Cuba. \u201cConfirma la actitud de complicidad y contubernio con quienes promueven actos violentos contra nuestros pa\u00edses, y ratifica que el lenguaje agresivo e incitador de posiciones extremas y violentas cumple objetivos estrat\u00e9gicos del actual gobierno estadounidense\u201d.<\/p>\n\n\n\n<p class=\"wp-block-paragraph\">\u201cEn lugar de atender las justas demandas de decenas de miles de personas que, dentro y fuera de los Estados Unidos, se pronuncian pac\u00edficamente frente a los abusos policiales, el racismo, la xenofobia y el desprecio presidencial por los excluidos del \u201csue\u00f1o americano\u201d, la actual administraci\u00f3n insiste en dedicar recursos y energ\u00edas a sus maquiav\u00e9licos planes de intervenir en Nuestra Am\u00e9rica\u201d, rechaz\u00f3 D\u00edaz-Canel.<\/p>\n\n\n\n<p class=\"wp-block-paragraph\">Al referirse a <strong>Venezuela<\/strong>, v\u00edctima de m\u00faltiples agresiones en contravenci\u00f3n de las normas y principios del Derecho Internacional, consagrados en la Carta de las Naciones Unidas, y de los postulados de la Proclama de Am\u00e9rica Latina y el Caribe como Zona de Paz, asegur\u00f3 que despierta indignaci\u00f3n el car\u00e1cter despiadado de las medidas econ\u00f3micas coercitivas que unilateralmente aplica el gobierno de los Estados Unidos contra el pueblo venezolano.<\/p>\n\n\n\n<p class=\"wp-block-paragraph\">En tal sentido, reafirm\u00f3 su pleno respaldo al presidente <strong>Nicol\u00e1s Maduro<\/strong> y a la Uni\u00f3n C\u00edvico-Militar del pueblo bolivariano y chavista.<\/p>\n\n\n\n<p class=\"wp-block-paragraph\">\u201cNo menos repudiables son las medidas contra el pueblo de Nicaragua, con el objetivo de impedir su bienestar y seguridad. Expresamos una vez m\u00e1s nuestra solidaridad con el Gobierno de Reconciliaci\u00f3n y de Unidad Nacional de la hermana Rep\u00fablica de Nicaragua, presidido por el comandante Daniel Ortega\u201d.<\/p>\n\n\n\n<p class=\"wp-block-paragraph\">Tambi\u00e9n <strong>Cuba<\/strong> expres\u00f3 su solidaridad con los pa\u00edses caribe\u00f1os, que padecieron los horrores de \u201cla esclavitud, la trata transatl\u00e1ntica y el saqueo colonial y neocolonial y que enfrentan actualmente los retos resultantes del cambio clim\u00e1tico, los desastres naturales, el injusto sistema financiero y la inclusi\u00f3n en listas de jurisdicciones no cooperativas, que ponen en peligro sus peque\u00f1as econom\u00edas\u201d.<\/p>\n\n\n\n<p class=\"wp-block-paragraph\">Demand\u00f3 un tratamiento justo, especial y diferenciado. \u201cEl Caribe encontrar\u00e1 siempre en el <strong>ALBA-TCP<\/strong> una plataforma de articulaci\u00f3n, cooperaci\u00f3n y complementariedad para la defensa de sus leg\u00edtimos reclamos\u201d.<\/p>\n\n\n\n<p class=\"wp-block-paragraph\">Prensa Web VTV<\/p>\n","protected":false},"excerpt":{"rendered":"<p>Cuba denunci\u00f3 una vez m\u00e1s que el gobierno de los Estados Unidos, a trav\u00e9s de la &hellip; <a title=\"Cuba reitera solidaridad con Venezuela y rechaza medidas coercitivas imperiales que afectan a los pueblos\" class=\"hm-read-more\" href=\"https:\/\/www.mpppst.gob.ve\/mpppstweb\/index.php\/2020\/06\/11\/cuba-reitera-solidaridad-con-venezuela-y-rechaza-medidas-coercitivas-imperiales-que-afectan-a-los-pueblos\/\"><span class=\"screen-reader-text\">Cuba reitera solidaridad con Venezuela y rechaza medidas coercitivas imperiales que afectan a los pueblos<\/span>Leer m\u00e1s<\/a><\/p>\n","protected":false},"author":25,"featured_media":18891,"comment_status":"closed","ping_status":"closed","sticky":false,"template":"","format":"standard","meta":{"footnotes":""},"categories":[82,163],"tags":[263,222,341,224,335],"class_list":["post-18889","post","type-post","status-publish","format-standard","has-post-thumbnail","hentry","category-gobierno-nacional","category-noticias","tag-cuba","tag-gobierno-bolivariano","tag-nicolas-maduro","tag-revolucion-bolivariana","tag-venezuela"],"yoast_head":"<!-- This site is optimized with the Yoast SEO plugin v28.4 - https:\/\/yoast.com\/product\/yoast-seo-wordpress\/ -->\n<title>Cuba reitera solidaridad con Venezuela y rechaza medidas coercitivas imperiales que afectan a los pueblos - MPPPST<\/title>\n<meta name=\"robots\" content=\"index, follow, max-snippet:-1, max-image-preview:large, max-video-preview:-1\" \/>\n<link rel=\"canonical\" href=\"https:\/\/www.mpppst.gob.ve\/mpppstweb\/index.php\/2020\/06\/11\/cuba-reitera-solidaridad-con-venezuela-y-rechaza-medidas-coercitivas-imperiales-que-afectan-a-los-pueblos\/\" \/>\n<meta property=\"og:locale\" content=\"es_ES\" \/>\n<meta property=\"og:type\" content=\"article\" \/>\n<meta property=\"og:title\" content=\"Cuba reitera solidaridad con Venezuela y rechaza medidas coercitivas imperiales que afectan a los pueblos - MPPPST\" \/>\n<meta property=\"og:description\" content=\"Cuba denunci\u00f3 una vez m\u00e1s que el gobierno de los Estados Unidos, a trav\u00e9s de la &hellip; Cuba reitera solidaridad con Venezuela y rechaza medidas coercitivas imperiales que afectan a los pueblosLeer m\u00e1s\" \/>\n<meta property=\"og:url\" content=\"https:\/\/www.mpppst.gob.ve\/mpppstweb\/index.php\/2020\/06\/11\/cuba-reitera-solidaridad-con-venezuela-y-rechaza-medidas-coercitivas-imperiales-que-afectan-a-los-pueblos\/\" \/>\n<meta property=\"og:site_name\" content=\"MPPPST\" \/>\n<meta property=\"article:publisher\" content=\"https:\/\/www.facebook.com\/mintrabajo_ve\" \/>\n<meta property=\"article:published_time\" content=\"2020-06-11T14:50:29+00:00\" \/>\n<meta property=\"article:modified_time\" content=\"2020-06-11T14:50:31+00:00\" \/>\n<meta property=\"og:image\" content=\"https:\/\/www.mpppst.gob.ve\/mpppstweb\/wp-content\/uploads\/2020\/06\/cuba.jpg\" \/>\n\t<meta property=\"og:image:width\" content=\"800\" \/>\n\t<meta property=\"og:image:height\" content=\"445\" \/>\n\t<meta property=\"og:image:type\" content=\"image\/jpeg\" \/>\n<meta name=\"author\" content=\"MPPPST Prensa\" \/>\n<meta name=\"twitter:card\" content=\"summary_large_image\" \/>\n<script type=\"application\/ld+json\" class=\"yoast-schema-graph\">{\"@context\":\"https:\\\/\\\/schema.org\",\"@graph\":[{\"@type\":\"Article\",\"@id\":\"https:\\\/\\\/www.mpppst.gob.ve\\\/mpppstweb\\\/index.php\\\/2020\\\/06\\\/11\\\/cuba-reitera-solidaridad-con-venezuela-y-rechaza-medidas-coercitivas-imperiales-que-afectan-a-los-pueblos\\\/#article\",\"isPartOf\":{\"@id\":\"https:\\\/\\\/www.mpppst.gob.ve\\\/mpppstweb\\\/index.php\\\/2020\\\/06\\\/11\\\/cuba-reitera-solidaridad-con-venezuela-y-rechaza-medidas-coercitivas-imperiales-que-afectan-a-los-pueblos\\\/\"},\"author\":{\"name\":\"MPPPST Prensa\",\"@id\":\"https:\\\/\\\/www.mpppst.gob.ve\\\/mpppstweb\\\/#\\\/schema\\\/person\\\/fc187ee8ead412bd4c9304b62f900ea4\"},\"headline\":\"Cuba reitera solidaridad con Venezuela y rechaza medidas coercitivas imperiales que afectan a los pueblos\",\"datePublished\":\"2020-06-11T14:50:29+00:00\",\"dateModified\":\"2020-06-11T14:50:31+00:00\",\"mainEntityOfPage\":{\"@id\":\"https:\\\/\\\/www.mpppst.gob.ve\\\/mpppstweb\\\/index.php\\\/2020\\\/06\\\/11\\\/cuba-reitera-solidaridad-con-venezuela-y-rechaza-medidas-coercitivas-imperiales-que-afectan-a-los-pueblos\\\/\"},\"wordCount\":514,\"publisher\":{\"@id\":\"https:\\\/\\\/www.mpppst.gob.ve\\\/mpppstweb\\\/#organization\"},\"image\":{\"@id\":\"https:\\\/\\\/www.mpppst.gob.ve\\\/mpppstweb\\\/index.php\\\/2020\\\/06\\\/11\\\/cuba-reitera-solidaridad-con-venezuela-y-rechaza-medidas-coercitivas-imperiales-que-afectan-a-los-pueblos\\\/#primaryimage\"},\"thumbnailUrl\":\"https:\\\/\\\/www.mpppst.gob.ve\\\/mpppstweb\\\/wp-content\\\/uploads\\\/2020\\\/06\\\/cuba.jpg\",\"keywords\":[\"Cuba\",\"Gobierno Bolivariano\",\"Nicol\u00e1s Maduro\",\"Revoluci\u00f3n Bolivariana\",\"Venezuela\"],\"articleSection\":[\"Gobierno Nacional\",\"Noticias\"],\"inLanguage\":\"es\"},{\"@type\":\"WebPage\",\"@id\":\"https:\\\/\\\/www.mpppst.gob.ve\\\/mpppstweb\\\/index.php\\\/2020\\\/06\\\/11\\\/cuba-reitera-solidaridad-con-venezuela-y-rechaza-medidas-coercitivas-imperiales-que-afectan-a-los-pueblos\\\/\",\"url\":\"https:\\\/\\\/www.mpppst.gob.ve\\\/mpppstweb\\\/index.php\\\/2020\\\/06\\\/11\\\/cuba-reitera-solidaridad-con-venezuela-y-rechaza-medidas-coercitivas-imperiales-que-afectan-a-los-pueblos\\\/\",\"name\":\"Cuba reitera solidaridad con Venezuela y rechaza medidas coercitivas imperiales que afectan a los pueblos - MPPPST\",\"isPartOf\":{\"@id\":\"https:\\\/\\\/www.mpppst.gob.ve\\\/mpppstweb\\\/#website\"},\"primaryImageOfPage\":{\"@id\":\"https:\\\/\\\/www.mpppst.gob.ve\\\/mpppstweb\\\/index.php\\\/2020\\\/06\\\/11\\\/cuba-reitera-solidaridad-con-venezuela-y-rechaza-medidas-coercitivas-imperiales-que-afectan-a-los-pueblos\\\/#primaryimage\"},\"image\":{\"@id\":\"https:\\\/\\\/www.mpppst.gob.ve\\\/mpppstweb\\\/index.php\\\/2020\\\/06\\\/11\\\/cuba-reitera-solidaridad-con-venezuela-y-rechaza-medidas-coercitivas-imperiales-que-afectan-a-los-pueblos\\\/#primaryimage\"},\"thumbnailUrl\":\"https:\\\/\\\/www.mpppst.gob.ve\\\/mpppstweb\\\/wp-content\\\/uploads\\\/2020\\\/06\\\/cuba.jpg\",\"datePublished\":\"2020-06-11T14:50:29+00:00\",\"dateModified\":\"2020-06-11T14:50:31+00:00\",\"breadcrumb\":{\"@id\":\"https:\\\/\\\/www.mpppst.gob.ve\\\/mpppstweb\\\/index.php\\\/2020\\\/06\\\/11\\\/cuba-reitera-solidaridad-con-venezuela-y-rechaza-medidas-coercitivas-imperiales-que-afectan-a-los-pueblos\\\/#breadcrumb\"},\"inLanguage\":\"es\",\"potentialAction\":[{\"@type\":\"ReadAction\",\"target\":[\"https:\\\/\\\/www.mpppst.gob.ve\\\/mpppstweb\\\/index.php\\\/2020\\\/06\\\/11\\\/cuba-reitera-solidaridad-con-venezuela-y-rechaza-medidas-coercitivas-imperiales-que-afectan-a-los-pueblos\\\/\"]}]},{\"@type\":\"ImageObject\",\"inLanguage\":\"es\",\"@id\":\"https:\\\/\\\/www.mpppst.gob.ve\\\/mpppstweb\\\/index.php\\\/2020\\\/06\\\/11\\\/cuba-reitera-solidaridad-con-venezuela-y-rechaza-medidas-coercitivas-imperiales-que-afectan-a-los-pueblos\\\/#primaryimage\",\"url\":\"https:\\\/\\\/www.mpppst.gob.ve\\\/mpppstweb\\\/wp-content\\\/uploads\\\/2020\\\/06\\\/cuba.jpg\",\"contentUrl\":\"https:\\\/\\\/www.mpppst.gob.ve\\\/mpppstweb\\\/wp-content\\\/uploads\\\/2020\\\/06\\\/cuba.jpg\",\"width\":800,\"height\":445},{\"@type\":\"BreadcrumbList\",\"@id\":\"https:\\\/\\\/www.mpppst.gob.ve\\\/mpppstweb\\\/index.php\\\/2020\\\/06\\\/11\\\/cuba-reitera-solidaridad-con-venezuela-y-rechaza-medidas-coercitivas-imperiales-que-afectan-a-los-pueblos\\\/#breadcrumb\",\"itemListElement\":[{\"@type\":\"ListItem\",\"position\":1,\"name\":\"Home\",\"item\":\"https:\\\/\\\/www.mpppst.gob.ve\\\/mpppstweb\\\/\"},{\"@type\":\"ListItem\",\"position\":2,\"name\":\"Cuba reitera solidaridad con Venezuela y rechaza medidas coercitivas imperiales que afectan a los pueblos\"}]},{\"@type\":\"WebSite\",\"@id\":\"https:\\\/\\\/www.mpppst.gob.ve\\\/mpppstweb\\\/#website\",\"url\":\"https:\\\/\\\/www.mpppst.gob.ve\\\/mpppstweb\\\/\",\"name\":\"MPPPST\",\"description\":\"Sitio web oficial del Ministerio del Poder Popular para el Proceso Social de Trabajo\",\"publisher\":{\"@id\":\"https:\\\/\\\/www.mpppst.gob.ve\\\/mpppstweb\\\/#organization\"},\"alternateName\":\"Ministerio del Poder Popular para el Proceso Social de Trabajo\",\"potentialAction\":[{\"@type\":\"SearchAction\",\"target\":{\"@type\":\"EntryPoint\",\"urlTemplate\":\"https:\\\/\\\/www.mpppst.gob.ve\\\/mpppstweb\\\/?s={search_term_string}\"},\"query-input\":{\"@type\":\"PropertyValueSpecification\",\"valueRequired\":true,\"valueName\":\"search_term_string\"}}],\"inLanguage\":\"es\"},{\"@type\":\"Organization\",\"@id\":\"https:\\\/\\\/www.mpppst.gob.ve\\\/mpppstweb\\\/#organization\",\"name\":\"Ministerio del Poder Popular para el Proceso Social de Trabajo\",\"alternateName\":\"MPPPST\",\"url\":\"https:\\\/\\\/www.mpppst.gob.ve\\\/mpppstweb\\\/\",\"logo\":{\"@type\":\"ImageObject\",\"inLanguage\":\"es\",\"@id\":\"https:\\\/\\\/www.mpppst.gob.ve\\\/mpppstweb\\\/#\\\/schema\\\/logo\\\/image\\\/\",\"url\":\"https:\\\/\\\/www.mpppst.gob.ve\\\/mpppstweb\\\/wp-content\\\/uploads\\\/2025\\\/07\\\/cropped-cropped-g910.png\",\"contentUrl\":\"https:\\\/\\\/www.mpppst.gob.ve\\\/mpppstweb\\\/wp-content\\\/uploads\\\/2025\\\/07\\\/cropped-cropped-g910.png\",\"width\":1080,\"height\":241,\"caption\":\"Ministerio del Poder Popular para el Proceso Social de Trabajo\"},\"image\":{\"@id\":\"https:\\\/\\\/www.mpppst.gob.ve\\\/mpppstweb\\\/#\\\/schema\\\/logo\\\/image\\\/\"},\"sameAs\":[\"https:\\\/\\\/www.facebook.com\\\/mintrabajo_ve\",\"https:\\\/\\\/www.instagram.com\\\/mintrabajo_ve\\\/\",\"https:\\\/\\\/www.tiktok.com\\\/@mintrabajo_ve\",\"https:\\\/\\\/t.me\\\/mpppst\"]},{\"@type\":\"Person\",\"@id\":\"https:\\\/\\\/www.mpppst.gob.ve\\\/mpppstweb\\\/#\\\/schema\\\/person\\\/fc187ee8ead412bd4c9304b62f900ea4\",\"name\":\"MPPPST Prensa\",\"url\":\"https:\\\/\\\/www.mpppst.gob.ve\\\/mpppstweb\\\/index.php\\\/author\\\/prensa-mpppst\\\/\"}]}<\/script>\n<!-- \/ Yoast SEO plugin. -->","yoast_head_json":{"title":"Cuba reitera solidaridad con Venezuela y rechaza medidas coercitivas imperiales que afectan a los pueblos - MPPPST","robots":{"index":"index","follow":"follow","max-snippet":"max-snippet:-1","max-image-preview":"max-image-preview:large","max-video-preview":"max-video-preview:-1"},"canonical":"https:\/\/www.mpppst.gob.ve\/mpppstweb\/index.php\/2020\/06\/11\/cuba-reitera-solidaridad-con-venezuela-y-rechaza-medidas-coercitivas-imperiales-que-afectan-a-los-pueblos\/","og_locale":"es_ES","og_type":"article","og_title":"Cuba reitera solidaridad con Venezuela y rechaza medidas coercitivas imperiales que afectan a los pueblos - MPPPST","og_description":"Cuba denunci\u00f3 una vez m\u00e1s que el gobierno de los Estados Unidos, a trav\u00e9s de la &hellip; Cuba reitera solidaridad con Venezuela y rechaza medidas coercitivas imperiales que afectan a los pueblosLeer m\u00e1s","og_url":"https:\/\/www.mpppst.gob.ve\/mpppstweb\/index.php\/2020\/06\/11\/cuba-reitera-solidaridad-con-venezuela-y-rechaza-medidas-coercitivas-imperiales-que-afectan-a-los-pueblos\/","og_site_name":"MPPPST","article_publisher":"https:\/\/www.facebook.com\/mintrabajo_ve","article_published_time":"2020-06-11T14:50:29+00:00","article_modified_time":"2020-06-11T14:50:31+00:00","og_image":[{"width":800,"height":445,"url":"https:\/\/www.mpppst.gob.ve\/mpppstweb\/wp-content\/uploads\/2020\/06\/cuba.jpg","type":"image\/jpeg"}],"author":"MPPPST Prensa","twitter_card":"summary_large_image","schema":{"@context":"https:\/\/schema.org","@graph":[{"@type":"Article","@id":"https:\/\/www.mpppst.gob.ve\/mpppstweb\/index.php\/2020\/06\/11\/cuba-reitera-solidaridad-con-venezuela-y-rechaza-medidas-coercitivas-imperiales-que-afectan-a-los-pueblos\/#article","isPartOf":{"@id":"https:\/\/www.mpppst.gob.ve\/mpppstweb\/index.php\/2020\/06\/11\/cuba-reitera-solidaridad-con-venezuela-y-rechaza-medidas-coercitivas-imperiales-que-afectan-a-los-pueblos\/"},"author":{"name":"MPPPST Prensa","@id":"https:\/\/www.mpppst.gob.ve\/mpppstweb\/#\/schema\/person\/fc187ee8ead412bd4c9304b62f900ea4"},"headline":"Cuba reitera solidaridad con Venezuela y rechaza medidas coercitivas imperiales que afectan a los pueblos","datePublished":"2020-06-11T14:50:29+00:00","dateModified":"2020-06-11T14:50:31+00:00","mainEntityOfPage":{"@id":"https:\/\/www.mpppst.gob.ve\/mpppstweb\/index.php\/2020\/06\/11\/cuba-reitera-solidaridad-con-venezuela-y-rechaza-medidas-coercitivas-imperiales-que-afectan-a-los-pueblos\/"},"wordCount":514,"publisher":{"@id":"https:\/\/www.mpppst.gob.ve\/mpppstweb\/#organization"},"image":{"@id":"https:\/\/www.mpppst.gob.ve\/mpppstweb\/index.php\/2020\/06\/11\/cuba-reitera-solidaridad-con-venezuela-y-rechaza-medidas-coercitivas-imperiales-que-afectan-a-los-pueblos\/#primaryimage"},"thumbnailUrl":"https:\/\/www.mpppst.gob.ve\/mpppstweb\/wp-content\/uploads\/2020\/06\/cuba.jpg","keywords":["Cuba","Gobierno Bolivariano","Nicol\u00e1s Maduro","Revoluci\u00f3n Bolivariana","Venezuela"],"articleSection":["Gobierno Nacional","Noticias"],"inLanguage":"es"},{"@type":"WebPage","@id":"https:\/\/www.mpppst.gob.ve\/mpppstweb\/index.php\/2020\/06\/11\/cuba-reitera-solidaridad-con-venezuela-y-rechaza-medidas-coercitivas-imperiales-que-afectan-a-los-pueblos\/","url":"https:\/\/www.mpppst.gob.ve\/mpppstweb\/index.php\/2020\/06\/11\/cuba-reitera-solidaridad-con-venezuela-y-rechaza-medidas-coercitivas-imperiales-que-afectan-a-los-pueblos\/","name":"Cuba reitera solidaridad con Venezuela y rechaza medidas coercitivas imperiales que afectan a los pueblos - MPPPST","isPartOf":{"@id":"https:\/\/www.mpppst.gob.ve\/mpppstweb\/#website"},"primaryImageOfPage":{"@id":"https:\/\/www.mpppst.gob.ve\/mpppstweb\/index.php\/2020\/06\/11\/cuba-reitera-solidaridad-con-venezuela-y-rechaza-medidas-coercitivas-imperiales-que-afectan-a-los-pueblos\/#primaryimage"},"image":{"@id":"https:\/\/www.mpppst.gob.ve\/mpppstweb\/index.php\/2020\/06\/11\/cuba-reitera-solidaridad-con-venezuela-y-rechaza-medidas-coercitivas-imperiales-que-afectan-a-los-pueblos\/#primaryimage"},"thumbnailUrl":"https:\/\/www.mpppst.gob.ve\/mpppstweb\/wp-content\/uploads\/2020\/06\/cuba.jpg","datePublished":"2020-06-11T14:50:29+00:00","dateModified":"2020-06-11T14:50:31+00:00","breadcrumb":{"@id":"https:\/\/www.mpppst.gob.ve\/mpppstweb\/index.php\/2020\/06\/11\/cuba-reitera-solidaridad-con-venezuela-y-rechaza-medidas-coercitivas-imperiales-que-afectan-a-los-pueblos\/#breadcrumb"},"inLanguage":"es","potentialAction":[{"@type":"ReadAction","target":["https:\/\/www.mpppst.gob.ve\/mpppstweb\/index.php\/2020\/06\/11\/cuba-reitera-solidaridad-con-venezuela-y-rechaza-medidas-coercitivas-imperiales-que-afectan-a-los-pueblos\/"]}]},{"@type":"ImageObject","inLanguage":"es","@id":"https:\/\/www.mpppst.gob.ve\/mpppstweb\/index.php\/2020\/06\/11\/cuba-reitera-solidaridad-con-venezuela-y-rechaza-medidas-coercitivas-imperiales-que-afectan-a-los-pueblos\/#primaryimage","url":"https:\/\/www.mpppst.gob.ve\/mpppstweb\/wp-content\/uploads\/2020\/06\/cuba.jpg","contentUrl":"https:\/\/www.mpppst.gob.ve\/mpppstweb\/wp-content\/uploads\/2020\/06\/cuba.jpg","width":800,"height":445},{"@type":"BreadcrumbList","@id":"https:\/\/www.mpppst.gob.ve\/mpppstweb\/index.php\/2020\/06\/11\/cuba-reitera-solidaridad-con-venezuela-y-rechaza-medidas-coercitivas-imperiales-que-afectan-a-los-pueblos\/#breadcrumb","itemListElement":[{"@type":"ListItem","position":1,"name":"Home","item":"https:\/\/www.mpppst.gob.ve\/mpppstweb\/"},{"@type":"ListItem","position":2,"name":"Cuba reitera solidaridad con Venezuela y rechaza medidas coercitivas imperiales que afectan a los pueblos"}]},{"@type":"WebSite","@id":"https:\/\/www.mpppst.gob.ve\/mpppstweb\/#website","url":"https:\/\/www.mpppst.gob.ve\/mpppstweb\/","name":"MPPPST","description":"Sitio web oficial del Ministerio del Poder Popular para el Proceso Social de Trabajo","publisher":{"@id":"https:\/\/www.mpppst.gob.ve\/mpppstweb\/#organization"},"alternateName":"Ministerio del Poder Popular para el Proceso Social de Trabajo","potentialAction":[{"@type":"SearchAction","target":{"@type":"EntryPoint","urlTemplate":"https:\/\/www.mpppst.gob.ve\/mpppstweb\/?s={search_term_string}"},"query-input":{"@type":"PropertyValueSpecification","valueRequired":true,"valueName":"search_term_string"}}],"inLanguage":"es"},{"@type":"Organization","@id":"https:\/\/www.mpppst.gob.ve\/mpppstweb\/#organization","name":"Ministerio del Poder Popular para el Proceso Social de Trabajo","alternateName":"MPPPST","url":"https:\/\/www.mpppst.gob.ve\/mpppstweb\/","logo":{"@type":"ImageObject","inLanguage":"es","@id":"https:\/\/www.mpppst.gob.ve\/mpppstweb\/#\/schema\/logo\/image\/","url":"https:\/\/www.mpppst.gob.ve\/mpppstweb\/wp-content\/uploads\/2025\/07\/cropped-cropped-g910.png","contentUrl":"https:\/\/www.mpppst.gob.ve\/mpppstweb\/wp-content\/uploads\/2025\/07\/cropped-cropped-g910.png","width":1080,"height":241,"caption":"Ministerio del Poder Popular para el Proceso Social de Trabajo"},"image":{"@id":"https:\/\/www.mpppst.gob.ve\/mpppstweb\/#\/schema\/logo\/image\/"},"sameAs":["https:\/\/www.facebook.com\/mintrabajo_ve","https:\/\/www.instagram.com\/mintrabajo_ve\/","https:\/\/www.tiktok.com\/@mintrabajo_ve","https:\/\/t.me\/mpppst"]},{"@type":"Person","@id":"https:\/\/www.mpppst.gob.ve\/mpppstweb\/#\/schema\/person\/fc187ee8ead412bd4c9304b62f900ea4","name":"MPPPST Prensa","url":"https:\/\/www.mpppst.gob.ve\/mpppstweb\/index.php\/author\/prensa-mpppst\/"}]}},"_links":{"self":[{"href":"https:\/\/www.mpppst.gob.ve\/mpppstweb\/index.php\/wp-json\/wp\/v2\/posts\/18889","targetHints":{"allow":["GET"]}}],"collection":[{"href":"https:\/\/www.mpppst.gob.ve\/mpppstweb\/index.php\/wp-json\/wp\/v2\/posts"}],"about":[{"href":"https:\/\/www.mpppst.gob.ve\/mpppstweb\/index.php\/wp-json\/wp\/v2\/types\/post"}],"author":[{"embeddable":true,"href":"https:\/\/www.mpppst.gob.ve\/mpppstweb\/index.php\/wp-json\/wp\/v2\/users\/25"}],"replies":[{"embeddable":true,"href":"https:\/\/www.mpppst.gob.ve\/mpppstweb\/index.php\/wp-json\/wp\/v2\/comments?post=18889"}],"version-history":[{"count":1,"href":"https:\/\/www.mpppst.gob.ve\/mpppstweb\/index.php\/wp-json\/wp\/v2\/posts\/18889\/revisions"}],"predecessor-version":[{"id":18892,"href":"https:\/\/www.mpppst.gob.ve\/mpppstweb\/index.php\/wp-json\/wp\/v2\/posts\/18889\/revisions\/18892"}],"wp:featuredmedia":[{"embeddable":true,"href":"https:\/\/www.mpppst.gob.ve\/mpppstweb\/index.php\/wp-json\/wp\/v2\/media\/18891"}],"wp:attachment":[{"href":"https:\/\/www.mpppst.gob.ve\/mpppstweb\/index.php\/wp-json\/wp\/v2\/media?parent=18889"}],"wp:term":[{"taxonomy":"category","embeddable":true,"href":"https:\/\/www.mpppst.gob.ve\/mpppstweb\/index.php\/wp-json\/wp\/v2\/categories?post=18889"},{"taxonomy":"post_tag","embeddable":true,"href":"https:\/\/www.mpppst.gob.ve\/mpppstweb\/index.php\/wp-json\/wp\/v2\/tags?post=18889"}],"curies":[{"name":"wp","href":"https:\/\/api.w.org\/{rel}","templated":true}]}}