{"id":18942,"date":"2020-06-15T09:42:08","date_gmt":"2020-06-15T13:42:08","guid":{"rendered":"http:\/\/www.mpppst.gob.ve\/mpppstweb\/?p=18942"},"modified":"2020-06-15T09:42:08","modified_gmt":"2020-06-15T13:42:08","slug":"catorce-nuevos-sectores-se-suman-a-la-flexibilizacion-77-desde-este-lunes-15-al-domingo-21-de-junio","status":"publish","type":"post","link":"https:\/\/www.mpppst.gob.ve\/mpppstweb\/index.php\/2020\/06\/15\/catorce-nuevos-sectores-se-suman-a-la-flexibilizacion-77-desde-este-lunes-15-al-domingo-21-de-junio\/","title":{"rendered":"Catorce nuevos sectores se suman a la flexibilizaci\u00f3n 7+7 desde este lunes 15 al domingo 21 de junio"},"content":{"rendered":"\n<p class=\"wp-block-paragraph\">El presidente de la Rep\u00fablica Bolivariana de Venezuela,&nbsp;<strong>Nicol\u00e1s Maduro<\/strong>, anunci\u00f3 que 14 nuevos sectores se suman desde este lunes 15 y hasta el pr\u00f3ximo domingo 21 de junio a la etapa de flexibilizaci\u00f3n del esquema venezolano 7+7 como parte de la nueva normalidad vigilada y controlada ante la Covid-19.<\/p>\n\n\n\n<p class=\"wp-block-paragraph\">Durante un contacto con la Comisi\u00f3n Presidencial para el Control y la Prevenci\u00f3n de la Covid-19 reunida en el Palacio de Miraflores, el Jefe de Estado, precis\u00f3 que se activar\u00e1n los sectores:&nbsp;<\/p>\n\n\n\n<ul class=\"wp-block-list\"><li>Autolavados: 1:00pm a 5:00pm<\/li><li>\u00d3pticas: 7:00am a 12:00pm<\/li><li>Reparaciones electr\u00f3nicas: 12:00pm a 5:00pm<\/li><li>Calzado y Textil: 12:00pm a 5:00pm<\/li><li>Papeler\u00eda y Librer\u00edas: 7:00am a 12:00pm<\/li><li>Helader\u00edas y Cafeter\u00edas: 1:00pm a 5:00pm (s\u00f3lo para llevar)<\/li><li>Lavander\u00edas y Tintorer\u00edas: 12:00pm a 5:00pm<\/li><li>Fabricaci\u00f3n de Electrodom\u00e9sticos: 7:00am a 12:00pm<\/li><li>Servicios de Encomiendas: 9:00am a 1:00pm<\/li><li>Registros y Notar\u00edas (Martes, Mi\u00e9rcoles y Jueves): 8:00am a 12:00pm<\/li><li>Eventos Deportivos (sin p\u00fablico) y Gimnasios: 7:00am a 11:00am<\/li><li>Atenci\u00f3n Veterinaria: 1:00pm a 4:00pm<\/li><li>Autocines: 7:00pm a 11:00pm<\/li><li>Centros Comerciales (s\u00f3lo comercios autorizados): 7:00am a 5:00pm<\/li><\/ul>\n\n\n\n<p class=\"wp-block-paragraph\">El Mandatario Nacional dio a conocer que seg\u00fan un estudio realizado sobre el comportamiento de la etapa de cuarentena radicalizada y voluntaria que culmin\u00f3 este domingo como parte del esquema 7+7, se determin\u00f3 que&nbsp; la etapa se cumpli\u00f3 en 60%.<\/p>\n\n\n\n<p class=\"wp-block-paragraph\">Precis\u00f3 adem\u00e1s que durante las horas pico desde las 10:00 am a 1:00 pm solo 40% sal\u00eda a la calle a realizar diligencias o adquirir bienes de primera necesidad. Asimismo, a partir de las 4:00 de la tarde el 70% ya estaba en sus casas y a partir de las 5:00 pm el 90 por ciento ya estaba resguardado en familia.<\/p>\n\n\n\n<p class=\"wp-block-paragraph\">\u201cHa sido positivo y es viable el m\u00e9todo de 7+7 venezolano\u201d, ratific\u00f3 el Jefe de Estado venezolano.<\/p>\n\n\n\n<p class=\"wp-block-paragraph\">Prensa Web VTV<\/p>\n","protected":false},"excerpt":{"rendered":"<p>El presidente de la Rep\u00fablica Bolivariana de Venezuela,&nbsp;Nicol\u00e1s Maduro, anunci\u00f3 que 14 nuevos sectores se suman &hellip; <a title=\"Catorce nuevos sectores se suman a la flexibilizaci\u00f3n 7+7 desde este lunes 15 al domingo 21 de junio\" class=\"hm-read-more\" href=\"https:\/\/www.mpppst.gob.ve\/mpppstweb\/index.php\/2020\/06\/15\/catorce-nuevos-sectores-se-suman-a-la-flexibilizacion-77-desde-este-lunes-15-al-domingo-21-de-junio\/\"><span class=\"screen-reader-text\">Catorce nuevos sectores se suman a la flexibilizaci\u00f3n 7+7 desde este lunes 15 al domingo 21 de junio<\/span>Leer m\u00e1s<\/a><\/p>\n","protected":false},"author":25,"featured_media":18943,"comment_status":"closed","ping_status":"closed","sticky":false,"template":"","format":"standard","meta":{"footnotes":""},"categories":[82,163],"tags":[222,341,335],"class_list":["post-18942","post","type-post","status-publish","format-standard","has-post-thumbnail","hentry","category-gobierno-nacional","category-noticias","tag-gobierno-bolivariano","tag-nicolas-maduro","tag-venezuela"],"yoast_head":"<!-- This site is optimized with the Yoast SEO plugin v28.4 - https:\/\/yoast.com\/product\/yoast-seo-wordpress\/ -->\n<title>Catorce nuevos sectores se suman a la flexibilizaci\u00f3n 7+7 desde este lunes 15 al domingo 21 de junio - MPPPST<\/title>\n<meta name=\"robots\" content=\"index, follow, max-snippet:-1, max-image-preview:large, max-video-preview:-1\" \/>\n<link rel=\"canonical\" href=\"https:\/\/www.mpppst.gob.ve\/mpppstweb\/index.php\/2020\/06\/15\/catorce-nuevos-sectores-se-suman-a-la-flexibilizacion-77-desde-este-lunes-15-al-domingo-21-de-junio\/\" \/>\n<meta property=\"og:locale\" content=\"es_ES\" \/>\n<meta property=\"og:type\" content=\"article\" \/>\n<meta property=\"og:title\" content=\"Catorce nuevos sectores se suman a la flexibilizaci\u00f3n 7+7 desde este lunes 15 al domingo 21 de junio - MPPPST\" \/>\n<meta property=\"og:description\" content=\"El presidente de la Rep\u00fablica Bolivariana de Venezuela,&nbsp;Nicol\u00e1s Maduro, anunci\u00f3 que 14 nuevos sectores se suman &hellip; Catorce nuevos sectores se suman a la flexibilizaci\u00f3n 7+7 desde este lunes 15 al domingo 21 de junioLeer m\u00e1s\" \/>\n<meta property=\"og:url\" content=\"https:\/\/www.mpppst.gob.ve\/mpppstweb\/index.php\/2020\/06\/15\/catorce-nuevos-sectores-se-suman-a-la-flexibilizacion-77-desde-este-lunes-15-al-domingo-21-de-junio\/\" \/>\n<meta property=\"og:site_name\" content=\"MPPPST\" \/>\n<meta property=\"article:publisher\" content=\"https:\/\/www.facebook.com\/mintrabajo_ve\" \/>\n<meta property=\"article:published_time\" content=\"2020-06-15T13:42:08+00:00\" \/>\n<meta property=\"og:image\" content=\"https:\/\/www.mpppst.gob.ve\/mpppstweb\/wp-content\/uploads\/2020\/06\/MADURO-MOROS.png\" \/>\n\t<meta property=\"og:image:width\" content=\"800\" \/>\n\t<meta property=\"og:image:height\" content=\"445\" \/>\n\t<meta property=\"og:image:type\" content=\"image\/png\" \/>\n<meta name=\"author\" content=\"MPPPST Prensa\" \/>\n<meta name=\"twitter:card\" content=\"summary_large_image\" \/>\n<script type=\"application\/ld+json\" class=\"yoast-schema-graph\">{\"@context\":\"https:\\\/\\\/schema.org\",\"@graph\":[{\"@type\":\"Article\",\"@id\":\"https:\\\/\\\/www.mpppst.gob.ve\\\/mpppstweb\\\/index.php\\\/2020\\\/06\\\/15\\\/catorce-nuevos-sectores-se-suman-a-la-flexibilizacion-77-desde-este-lunes-15-al-domingo-21-de-junio\\\/#article\",\"isPartOf\":{\"@id\":\"https:\\\/\\\/www.mpppst.gob.ve\\\/mpppstweb\\\/index.php\\\/2020\\\/06\\\/15\\\/catorce-nuevos-sectores-se-suman-a-la-flexibilizacion-77-desde-este-lunes-15-al-domingo-21-de-junio\\\/\"},\"author\":{\"name\":\"MPPPST Prensa\",\"@id\":\"https:\\\/\\\/www.mpppst.gob.ve\\\/mpppstweb\\\/#\\\/schema\\\/person\\\/fc187ee8ead412bd4c9304b62f900ea4\"},\"headline\":\"Catorce nuevos sectores se suman a la flexibilizaci\u00f3n 7+7 desde este lunes 15 al domingo 21 de junio\",\"datePublished\":\"2020-06-15T13:42:08+00:00\",\"mainEntityOfPage\":{\"@id\":\"https:\\\/\\\/www.mpppst.gob.ve\\\/mpppstweb\\\/index.php\\\/2020\\\/06\\\/15\\\/catorce-nuevos-sectores-se-suman-a-la-flexibilizacion-77-desde-este-lunes-15-al-domingo-21-de-junio\\\/\"},\"wordCount\":322,\"publisher\":{\"@id\":\"https:\\\/\\\/www.mpppst.gob.ve\\\/mpppstweb\\\/#organization\"},\"image\":{\"@id\":\"https:\\\/\\\/www.mpppst.gob.ve\\\/mpppstweb\\\/index.php\\\/2020\\\/06\\\/15\\\/catorce-nuevos-sectores-se-suman-a-la-flexibilizacion-77-desde-este-lunes-15-al-domingo-21-de-junio\\\/#primaryimage\"},\"thumbnailUrl\":\"https:\\\/\\\/www.mpppst.gob.ve\\\/mpppstweb\\\/wp-content\\\/uploads\\\/2020\\\/06\\\/MADURO-MOROS.png\",\"keywords\":[\"Gobierno Bolivariano\",\"Nicol\u00e1s Maduro\",\"Venezuela\"],\"articleSection\":[\"Gobierno Nacional\",\"Noticias\"],\"inLanguage\":\"es\"},{\"@type\":\"WebPage\",\"@id\":\"https:\\\/\\\/www.mpppst.gob.ve\\\/mpppstweb\\\/index.php\\\/2020\\\/06\\\/15\\\/catorce-nuevos-sectores-se-suman-a-la-flexibilizacion-77-desde-este-lunes-15-al-domingo-21-de-junio\\\/\",\"url\":\"https:\\\/\\\/www.mpppst.gob.ve\\\/mpppstweb\\\/index.php\\\/2020\\\/06\\\/15\\\/catorce-nuevos-sectores-se-suman-a-la-flexibilizacion-77-desde-este-lunes-15-al-domingo-21-de-junio\\\/\",\"name\":\"Catorce nuevos sectores se suman a la flexibilizaci\u00f3n 7+7 desde este lunes 15 al domingo 21 de junio - MPPPST\",\"isPartOf\":{\"@id\":\"https:\\\/\\\/www.mpppst.gob.ve\\\/mpppstweb\\\/#website\"},\"primaryImageOfPage\":{\"@id\":\"https:\\\/\\\/www.mpppst.gob.ve\\\/mpppstweb\\\/index.php\\\/2020\\\/06\\\/15\\\/catorce-nuevos-sectores-se-suman-a-la-flexibilizacion-77-desde-este-lunes-15-al-domingo-21-de-junio\\\/#primaryimage\"},\"image\":{\"@id\":\"https:\\\/\\\/www.mpppst.gob.ve\\\/mpppstweb\\\/index.php\\\/2020\\\/06\\\/15\\\/catorce-nuevos-sectores-se-suman-a-la-flexibilizacion-77-desde-este-lunes-15-al-domingo-21-de-junio\\\/#primaryimage\"},\"thumbnailUrl\":\"https:\\\/\\\/www.mpppst.gob.ve\\\/mpppstweb\\\/wp-content\\\/uploads\\\/2020\\\/06\\\/MADURO-MOROS.png\",\"datePublished\":\"2020-06-15T13:42:08+00:00\",\"breadcrumb\":{\"@id\":\"https:\\\/\\\/www.mpppst.gob.ve\\\/mpppstweb\\\/index.php\\\/2020\\\/06\\\/15\\\/catorce-nuevos-sectores-se-suman-a-la-flexibilizacion-77-desde-este-lunes-15-al-domingo-21-de-junio\\\/#breadcrumb\"},\"inLanguage\":\"es\",\"potentialAction\":[{\"@type\":\"ReadAction\",\"target\":[\"https:\\\/\\\/www.mpppst.gob.ve\\\/mpppstweb\\\/index.php\\\/2020\\\/06\\\/15\\\/catorce-nuevos-sectores-se-suman-a-la-flexibilizacion-77-desde-este-lunes-15-al-domingo-21-de-junio\\\/\"]}]},{\"@type\":\"ImageObject\",\"inLanguage\":\"es\",\"@id\":\"https:\\\/\\\/www.mpppst.gob.ve\\\/mpppstweb\\\/index.php\\\/2020\\\/06\\\/15\\\/catorce-nuevos-sectores-se-suman-a-la-flexibilizacion-77-desde-este-lunes-15-al-domingo-21-de-junio\\\/#primaryimage\",\"url\":\"https:\\\/\\\/www.mpppst.gob.ve\\\/mpppstweb\\\/wp-content\\\/uploads\\\/2020\\\/06\\\/MADURO-MOROS.png\",\"contentUrl\":\"https:\\\/\\\/www.mpppst.gob.ve\\\/mpppstweb\\\/wp-content\\\/uploads\\\/2020\\\/06\\\/MADURO-MOROS.png\",\"width\":800,\"height\":445},{\"@type\":\"BreadcrumbList\",\"@id\":\"https:\\\/\\\/www.mpppst.gob.ve\\\/mpppstweb\\\/index.php\\\/2020\\\/06\\\/15\\\/catorce-nuevos-sectores-se-suman-a-la-flexibilizacion-77-desde-este-lunes-15-al-domingo-21-de-junio\\\/#breadcrumb\",\"itemListElement\":[{\"@type\":\"ListItem\",\"position\":1,\"name\":\"Home\",\"item\":\"https:\\\/\\\/www.mpppst.gob.ve\\\/mpppstweb\\\/\"},{\"@type\":\"ListItem\",\"position\":2,\"name\":\"Catorce nuevos sectores se suman a la flexibilizaci\u00f3n 7+7 desde este lunes 15 al domingo 21 de junio\"}]},{\"@type\":\"WebSite\",\"@id\":\"https:\\\/\\\/www.mpppst.gob.ve\\\/mpppstweb\\\/#website\",\"url\":\"https:\\\/\\\/www.mpppst.gob.ve\\\/mpppstweb\\\/\",\"name\":\"MPPPST\",\"description\":\"Sitio web oficial del Ministerio del Poder Popular para el Proceso Social de Trabajo\",\"publisher\":{\"@id\":\"https:\\\/\\\/www.mpppst.gob.ve\\\/mpppstweb\\\/#organization\"},\"alternateName\":\"Ministerio del Poder Popular para el Proceso Social de Trabajo\",\"potentialAction\":[{\"@type\":\"SearchAction\",\"target\":{\"@type\":\"EntryPoint\",\"urlTemplate\":\"https:\\\/\\\/www.mpppst.gob.ve\\\/mpppstweb\\\/?s={search_term_string}\"},\"query-input\":{\"@type\":\"PropertyValueSpecification\",\"valueRequired\":true,\"valueName\":\"search_term_string\"}}],\"inLanguage\":\"es\"},{\"@type\":\"Organization\",\"@id\":\"https:\\\/\\\/www.mpppst.gob.ve\\\/mpppstweb\\\/#organization\",\"name\":\"Ministerio del Poder Popular para el Proceso Social de Trabajo\",\"alternateName\":\"MPPPST\",\"url\":\"https:\\\/\\\/www.mpppst.gob.ve\\\/mpppstweb\\\/\",\"logo\":{\"@type\":\"ImageObject\",\"inLanguage\":\"es\",\"@id\":\"https:\\\/\\\/www.mpppst.gob.ve\\\/mpppstweb\\\/#\\\/schema\\\/logo\\\/image\\\/\",\"url\":\"https:\\\/\\\/www.mpppst.gob.ve\\\/mpppstweb\\\/wp-content\\\/uploads\\\/2025\\\/07\\\/cropped-cropped-g910.png\",\"contentUrl\":\"https:\\\/\\\/www.mpppst.gob.ve\\\/mpppstweb\\\/wp-content\\\/uploads\\\/2025\\\/07\\\/cropped-cropped-g910.png\",\"width\":1080,\"height\":241,\"caption\":\"Ministerio del Poder Popular para el Proceso Social de Trabajo\"},\"image\":{\"@id\":\"https:\\\/\\\/www.mpppst.gob.ve\\\/mpppstweb\\\/#\\\/schema\\\/logo\\\/image\\\/\"},\"sameAs\":[\"https:\\\/\\\/www.facebook.com\\\/mintrabajo_ve\",\"https:\\\/\\\/www.instagram.com\\\/mintrabajo_ve\\\/\",\"https:\\\/\\\/www.tiktok.com\\\/@mintrabajo_ve\",\"https:\\\/\\\/t.me\\\/mpppst\"]},{\"@type\":\"Person\",\"@id\":\"https:\\\/\\\/www.mpppst.gob.ve\\\/mpppstweb\\\/#\\\/schema\\\/person\\\/fc187ee8ead412bd4c9304b62f900ea4\",\"name\":\"MPPPST Prensa\",\"url\":\"https:\\\/\\\/www.mpppst.gob.ve\\\/mpppstweb\\\/index.php\\\/author\\\/prensa-mpppst\\\/\"}]}<\/script>\n<!-- \/ Yoast SEO plugin. -->","yoast_head_json":{"title":"Catorce nuevos sectores se suman a la flexibilizaci\u00f3n 7+7 desde este lunes 15 al domingo 21 de junio - MPPPST","robots":{"index":"index","follow":"follow","max-snippet":"max-snippet:-1","max-image-preview":"max-image-preview:large","max-video-preview":"max-video-preview:-1"},"canonical":"https:\/\/www.mpppst.gob.ve\/mpppstweb\/index.php\/2020\/06\/15\/catorce-nuevos-sectores-se-suman-a-la-flexibilizacion-77-desde-este-lunes-15-al-domingo-21-de-junio\/","og_locale":"es_ES","og_type":"article","og_title":"Catorce nuevos sectores se suman a la flexibilizaci\u00f3n 7+7 desde este lunes 15 al domingo 21 de junio - MPPPST","og_description":"El presidente de la Rep\u00fablica Bolivariana de Venezuela,&nbsp;Nicol\u00e1s Maduro, anunci\u00f3 que 14 nuevos sectores se suman &hellip; Catorce nuevos sectores se suman a la flexibilizaci\u00f3n 7+7 desde este lunes 15 al domingo 21 de junioLeer m\u00e1s","og_url":"https:\/\/www.mpppst.gob.ve\/mpppstweb\/index.php\/2020\/06\/15\/catorce-nuevos-sectores-se-suman-a-la-flexibilizacion-77-desde-este-lunes-15-al-domingo-21-de-junio\/","og_site_name":"MPPPST","article_publisher":"https:\/\/www.facebook.com\/mintrabajo_ve","article_published_time":"2020-06-15T13:42:08+00:00","og_image":[{"width":800,"height":445,"url":"https:\/\/www.mpppst.gob.ve\/mpppstweb\/wp-content\/uploads\/2020\/06\/MADURO-MOROS.png","type":"image\/png"}],"author":"MPPPST Prensa","twitter_card":"summary_large_image","schema":{"@context":"https:\/\/schema.org","@graph":[{"@type":"Article","@id":"https:\/\/www.mpppst.gob.ve\/mpppstweb\/index.php\/2020\/06\/15\/catorce-nuevos-sectores-se-suman-a-la-flexibilizacion-77-desde-este-lunes-15-al-domingo-21-de-junio\/#article","isPartOf":{"@id":"https:\/\/www.mpppst.gob.ve\/mpppstweb\/index.php\/2020\/06\/15\/catorce-nuevos-sectores-se-suman-a-la-flexibilizacion-77-desde-este-lunes-15-al-domingo-21-de-junio\/"},"author":{"name":"MPPPST Prensa","@id":"https:\/\/www.mpppst.gob.ve\/mpppstweb\/#\/schema\/person\/fc187ee8ead412bd4c9304b62f900ea4"},"headline":"Catorce nuevos sectores se suman a la flexibilizaci\u00f3n 7+7 desde este lunes 15 al domingo 21 de junio","datePublished":"2020-06-15T13:42:08+00:00","mainEntityOfPage":{"@id":"https:\/\/www.mpppst.gob.ve\/mpppstweb\/index.php\/2020\/06\/15\/catorce-nuevos-sectores-se-suman-a-la-flexibilizacion-77-desde-este-lunes-15-al-domingo-21-de-junio\/"},"wordCount":322,"publisher":{"@id":"https:\/\/www.mpppst.gob.ve\/mpppstweb\/#organization"},"image":{"@id":"https:\/\/www.mpppst.gob.ve\/mpppstweb\/index.php\/2020\/06\/15\/catorce-nuevos-sectores-se-suman-a-la-flexibilizacion-77-desde-este-lunes-15-al-domingo-21-de-junio\/#primaryimage"},"thumbnailUrl":"https:\/\/www.mpppst.gob.ve\/mpppstweb\/wp-content\/uploads\/2020\/06\/MADURO-MOROS.png","keywords":["Gobierno Bolivariano","Nicol\u00e1s Maduro","Venezuela"],"articleSection":["Gobierno Nacional","Noticias"],"inLanguage":"es"},{"@type":"WebPage","@id":"https:\/\/www.mpppst.gob.ve\/mpppstweb\/index.php\/2020\/06\/15\/catorce-nuevos-sectores-se-suman-a-la-flexibilizacion-77-desde-este-lunes-15-al-domingo-21-de-junio\/","url":"https:\/\/www.mpppst.gob.ve\/mpppstweb\/index.php\/2020\/06\/15\/catorce-nuevos-sectores-se-suman-a-la-flexibilizacion-77-desde-este-lunes-15-al-domingo-21-de-junio\/","name":"Catorce nuevos sectores se suman a la flexibilizaci\u00f3n 7+7 desde este lunes 15 al domingo 21 de junio - MPPPST","isPartOf":{"@id":"https:\/\/www.mpppst.gob.ve\/mpppstweb\/#website"},"primaryImageOfPage":{"@id":"https:\/\/www.mpppst.gob.ve\/mpppstweb\/index.php\/2020\/06\/15\/catorce-nuevos-sectores-se-suman-a-la-flexibilizacion-77-desde-este-lunes-15-al-domingo-21-de-junio\/#primaryimage"},"image":{"@id":"https:\/\/www.mpppst.gob.ve\/mpppstweb\/index.php\/2020\/06\/15\/catorce-nuevos-sectores-se-suman-a-la-flexibilizacion-77-desde-este-lunes-15-al-domingo-21-de-junio\/#primaryimage"},"thumbnailUrl":"https:\/\/www.mpppst.gob.ve\/mpppstweb\/wp-content\/uploads\/2020\/06\/MADURO-MOROS.png","datePublished":"2020-06-15T13:42:08+00:00","breadcrumb":{"@id":"https:\/\/www.mpppst.gob.ve\/mpppstweb\/index.php\/2020\/06\/15\/catorce-nuevos-sectores-se-suman-a-la-flexibilizacion-77-desde-este-lunes-15-al-domingo-21-de-junio\/#breadcrumb"},"inLanguage":"es","potentialAction":[{"@type":"ReadAction","target":["https:\/\/www.mpppst.gob.ve\/mpppstweb\/index.php\/2020\/06\/15\/catorce-nuevos-sectores-se-suman-a-la-flexibilizacion-77-desde-este-lunes-15-al-domingo-21-de-junio\/"]}]},{"@type":"ImageObject","inLanguage":"es","@id":"https:\/\/www.mpppst.gob.ve\/mpppstweb\/index.php\/2020\/06\/15\/catorce-nuevos-sectores-se-suman-a-la-flexibilizacion-77-desde-este-lunes-15-al-domingo-21-de-junio\/#primaryimage","url":"https:\/\/www.mpppst.gob.ve\/mpppstweb\/wp-content\/uploads\/2020\/06\/MADURO-MOROS.png","contentUrl":"https:\/\/www.mpppst.gob.ve\/mpppstweb\/wp-content\/uploads\/2020\/06\/MADURO-MOROS.png","width":800,"height":445},{"@type":"BreadcrumbList","@id":"https:\/\/www.mpppst.gob.ve\/mpppstweb\/index.php\/2020\/06\/15\/catorce-nuevos-sectores-se-suman-a-la-flexibilizacion-77-desde-este-lunes-15-al-domingo-21-de-junio\/#breadcrumb","itemListElement":[{"@type":"ListItem","position":1,"name":"Home","item":"https:\/\/www.mpppst.gob.ve\/mpppstweb\/"},{"@type":"ListItem","position":2,"name":"Catorce nuevos sectores se suman a la flexibilizaci\u00f3n 7+7 desde este lunes 15 al domingo 21 de junio"}]},{"@type":"WebSite","@id":"https:\/\/www.mpppst.gob.ve\/mpppstweb\/#website","url":"https:\/\/www.mpppst.gob.ve\/mpppstweb\/","name":"MPPPST","description":"Sitio web oficial del Ministerio del Poder Popular para el Proceso Social de Trabajo","publisher":{"@id":"https:\/\/www.mpppst.gob.ve\/mpppstweb\/#organization"},"alternateName":"Ministerio del Poder Popular para el Proceso Social de Trabajo","potentialAction":[{"@type":"SearchAction","target":{"@type":"EntryPoint","urlTemplate":"https:\/\/www.mpppst.gob.ve\/mpppstweb\/?s={search_term_string}"},"query-input":{"@type":"PropertyValueSpecification","valueRequired":true,"valueName":"search_term_string"}}],"inLanguage":"es"},{"@type":"Organization","@id":"https:\/\/www.mpppst.gob.ve\/mpppstweb\/#organization","name":"Ministerio del Poder Popular para el Proceso Social de Trabajo","alternateName":"MPPPST","url":"https:\/\/www.mpppst.gob.ve\/mpppstweb\/","logo":{"@type":"ImageObject","inLanguage":"es","@id":"https:\/\/www.mpppst.gob.ve\/mpppstweb\/#\/schema\/logo\/image\/","url":"https:\/\/www.mpppst.gob.ve\/mpppstweb\/wp-content\/uploads\/2025\/07\/cropped-cropped-g910.png","contentUrl":"https:\/\/www.mpppst.gob.ve\/mpppstweb\/wp-content\/uploads\/2025\/07\/cropped-cropped-g910.png","width":1080,"height":241,"caption":"Ministerio del Poder Popular para el Proceso Social de Trabajo"},"image":{"@id":"https:\/\/www.mpppst.gob.ve\/mpppstweb\/#\/schema\/logo\/image\/"},"sameAs":["https:\/\/www.facebook.com\/mintrabajo_ve","https:\/\/www.instagram.com\/mintrabajo_ve\/","https:\/\/www.tiktok.com\/@mintrabajo_ve","https:\/\/t.me\/mpppst"]},{"@type":"Person","@id":"https:\/\/www.mpppst.gob.ve\/mpppstweb\/#\/schema\/person\/fc187ee8ead412bd4c9304b62f900ea4","name":"MPPPST Prensa","url":"https:\/\/www.mpppst.gob.ve\/mpppstweb\/index.php\/author\/prensa-mpppst\/"}]}},"_links":{"self":[{"href":"https:\/\/www.mpppst.gob.ve\/mpppstweb\/index.php\/wp-json\/wp\/v2\/posts\/18942","targetHints":{"allow":["GET"]}}],"collection":[{"href":"https:\/\/www.mpppst.gob.ve\/mpppstweb\/index.php\/wp-json\/wp\/v2\/posts"}],"about":[{"href":"https:\/\/www.mpppst.gob.ve\/mpppstweb\/index.php\/wp-json\/wp\/v2\/types\/post"}],"author":[{"embeddable":true,"href":"https:\/\/www.mpppst.gob.ve\/mpppstweb\/index.php\/wp-json\/wp\/v2\/users\/25"}],"replies":[{"embeddable":true,"href":"https:\/\/www.mpppst.gob.ve\/mpppstweb\/index.php\/wp-json\/wp\/v2\/comments?post=18942"}],"version-history":[{"count":1,"href":"https:\/\/www.mpppst.gob.ve\/mpppstweb\/index.php\/wp-json\/wp\/v2\/posts\/18942\/revisions"}],"predecessor-version":[{"id":18944,"href":"https:\/\/www.mpppst.gob.ve\/mpppstweb\/index.php\/wp-json\/wp\/v2\/posts\/18942\/revisions\/18944"}],"wp:featuredmedia":[{"embeddable":true,"href":"https:\/\/www.mpppst.gob.ve\/mpppstweb\/index.php\/wp-json\/wp\/v2\/media\/18943"}],"wp:attachment":[{"href":"https:\/\/www.mpppst.gob.ve\/mpppstweb\/index.php\/wp-json\/wp\/v2\/media?parent=18942"}],"wp:term":[{"taxonomy":"category","embeddable":true,"href":"https:\/\/www.mpppst.gob.ve\/mpppstweb\/index.php\/wp-json\/wp\/v2\/categories?post=18942"},{"taxonomy":"post_tag","embeddable":true,"href":"https:\/\/www.mpppst.gob.ve\/mpppstweb\/index.php\/wp-json\/wp\/v2\/tags?post=18942"}],"curies":[{"name":"wp","href":"https:\/\/api.w.org\/{rel}","templated":true}]}}