{"id":19506,"date":"2020-08-11T10:28:21","date_gmt":"2020-08-11T14:28:21","guid":{"rendered":"http:\/\/www.mpppst.gob.ve\/mpppstweb\/?p=19506"},"modified":"2020-08-11T10:28:54","modified_gmt":"2020-08-11T14:28:54","slug":"preven-precipitaciones-con-descargas-electricas-en-varias-partes-del-pais","status":"publish","type":"post","link":"https:\/\/www.mpppst.gob.ve\/mpppstweb\/index.php\/2020\/08\/11\/preven-precipitaciones-con-descargas-electricas-en-varias-partes-del-pais\/","title":{"rendered":"Prev\u00e9n precipitaciones con descargas el\u00e9ctricas en varias partes del pa\u00eds"},"content":{"rendered":"\n<p class=\"wp-block-paragraph\">Para este martes se prev\u00e9n precipitaciones con descargas el\u00e9ctricas y eventuales r\u00e1fagas de viento en varias partes del pa\u00eds, de acuerdo al pron\u00f3stico del&nbsp;<strong>Instituto Nacional de Meteorolog\u00eda e Hidrolog\u00eda<\/strong>&nbsp;(<a href=\"https:\/\/www.vtv.gob.ve\/inameh-precipitaciones-variables-venezuela-11082020\/@InamehVenezuela\">Inameh<\/a>) publicada en su cuenta de la red social Twitter @InamehVenezuela.<\/p>\n\n\n\n<p class=\"wp-block-paragraph\">Agrega el reporte que se prev\u00e9 que la Onda Tropical n\u00famero 32, en horas de la tarde, se ubique sobre el Esequibo y en su desplazamiento hacia el oeste, e interact\u00fae con la Zona de Convergencia Intertropical, lo que origina abundante nubosidad, algunas de gran desarrollo vertical acompa\u00f1adas de precipitaciones de intensidad variable, actividad el\u00e9ctrica y eventuales r\u00e1fagas de viento, en gran parte del pa\u00eds, especialmente despu\u00e9s del mediod\u00eda.<\/p>\n\n\n\n<p class=\"wp-block-paragraph\">Estas precipitaciones ser\u00e1n m\u00e1s frecuentes e intensas en \u00e1reas del Zulia, Andes Llanos Centrales y Occidentales, Nororiente, Delta Amacuro, Bol\u00edvar, Amazonas y el Esequibo, estimando acumulados entre 10-50l\/m2<\/p>\n\n\n\n<p class=\"wp-block-paragraph\">La Onda Tropical n\u00famero 32 ubicada en los 56\u00b0 de longitud oeste al sur de 18\u00b0 de altitud norte se desplaza al oeste a 27 km\/h.<\/p>\n","protected":false},"excerpt":{"rendered":"<p>Para este martes se prev\u00e9n precipitaciones con descargas el\u00e9ctricas y eventuales r\u00e1fagas de viento en varias &hellip; <a title=\"Prev\u00e9n precipitaciones con descargas el\u00e9ctricas en varias partes del pa\u00eds\" class=\"hm-read-more\" href=\"https:\/\/www.mpppst.gob.ve\/mpppstweb\/index.php\/2020\/08\/11\/preven-precipitaciones-con-descargas-electricas-en-varias-partes-del-pais\/\"><span class=\"screen-reader-text\">Prev\u00e9n precipitaciones con descargas el\u00e9ctricas en varias partes del pa\u00eds<\/span>Leer m\u00e1s<\/a><\/p>\n","protected":false},"author":25,"featured_media":19507,"comment_status":"closed","ping_status":"closed","sticky":false,"template":"","format":"standard","meta":{"footnotes":""},"categories":[163],"tags":[],"class_list":["post-19506","post","type-post","status-publish","format-standard","has-post-thumbnail","hentry","category-noticias"],"yoast_head":"<!-- This site is optimized with the Yoast SEO plugin v28.4 - https:\/\/yoast.com\/product\/yoast-seo-wordpress\/ -->\n<title>Prev\u00e9n precipitaciones con descargas el\u00e9ctricas en varias partes del pa\u00eds - MPPPST<\/title>\n<meta name=\"robots\" content=\"index, follow, max-snippet:-1, max-image-preview:large, max-video-preview:-1\" \/>\n<link rel=\"canonical\" href=\"https:\/\/www.mpppst.gob.ve\/mpppstweb\/index.php\/2020\/08\/11\/preven-precipitaciones-con-descargas-electricas-en-varias-partes-del-pais\/\" \/>\n<meta property=\"og:locale\" content=\"es_ES\" \/>\n<meta property=\"og:type\" content=\"article\" \/>\n<meta property=\"og:title\" content=\"Prev\u00e9n precipitaciones con descargas el\u00e9ctricas en varias partes del pa\u00eds - MPPPST\" \/>\n<meta property=\"og:description\" content=\"Para este martes se prev\u00e9n precipitaciones con descargas el\u00e9ctricas y eventuales r\u00e1fagas de viento en varias &hellip; Prev\u00e9n precipitaciones con descargas el\u00e9ctricas en varias partes del pa\u00edsLeer m\u00e1s\" \/>\n<meta property=\"og:url\" content=\"https:\/\/www.mpppst.gob.ve\/mpppstweb\/index.php\/2020\/08\/11\/preven-precipitaciones-con-descargas-electricas-en-varias-partes-del-pais\/\" \/>\n<meta property=\"og:site_name\" content=\"MPPPST\" \/>\n<meta property=\"article:publisher\" content=\"https:\/\/www.facebook.com\/mintrabajo_ve\" \/>\n<meta property=\"article:published_time\" content=\"2020-08-11T14:28:21+00:00\" \/>\n<meta property=\"article:modified_time\" content=\"2020-08-11T14:28:54+00:00\" \/>\n<meta property=\"og:image\" content=\"https:\/\/www.mpppst.gob.ve\/mpppstweb\/wp-content\/uploads\/2020\/08\/Cortes\u00eda-1-768x427-1.png\" \/>\n\t<meta property=\"og:image:width\" content=\"768\" \/>\n\t<meta property=\"og:image:height\" content=\"427\" \/>\n\t<meta property=\"og:image:type\" content=\"image\/png\" \/>\n<meta name=\"author\" content=\"MPPPST Prensa\" \/>\n<meta name=\"twitter:card\" content=\"summary_large_image\" \/>\n<script type=\"application\/ld+json\" class=\"yoast-schema-graph\">{\"@context\":\"https:\\\/\\\/schema.org\",\"@graph\":[{\"@type\":\"Article\",\"@id\":\"https:\\\/\\\/www.mpppst.gob.ve\\\/mpppstweb\\\/index.php\\\/2020\\\/08\\\/11\\\/preven-precipitaciones-con-descargas-electricas-en-varias-partes-del-pais\\\/#article\",\"isPartOf\":{\"@id\":\"https:\\\/\\\/www.mpppst.gob.ve\\\/mpppstweb\\\/index.php\\\/2020\\\/08\\\/11\\\/preven-precipitaciones-con-descargas-electricas-en-varias-partes-del-pais\\\/\"},\"author\":{\"name\":\"MPPPST Prensa\",\"@id\":\"https:\\\/\\\/www.mpppst.gob.ve\\\/mpppstweb\\\/#\\\/schema\\\/person\\\/fc187ee8ead412bd4c9304b62f900ea4\"},\"headline\":\"Prev\u00e9n precipitaciones con descargas el\u00e9ctricas en varias partes del pa\u00eds\",\"datePublished\":\"2020-08-11T14:28:21+00:00\",\"dateModified\":\"2020-08-11T14:28:54+00:00\",\"mainEntityOfPage\":{\"@id\":\"https:\\\/\\\/www.mpppst.gob.ve\\\/mpppstweb\\\/index.php\\\/2020\\\/08\\\/11\\\/preven-precipitaciones-con-descargas-electricas-en-varias-partes-del-pais\\\/\"},\"wordCount\":196,\"publisher\":{\"@id\":\"https:\\\/\\\/www.mpppst.gob.ve\\\/mpppstweb\\\/#organization\"},\"image\":{\"@id\":\"https:\\\/\\\/www.mpppst.gob.ve\\\/mpppstweb\\\/index.php\\\/2020\\\/08\\\/11\\\/preven-precipitaciones-con-descargas-electricas-en-varias-partes-del-pais\\\/#primaryimage\"},\"thumbnailUrl\":\"https:\\\/\\\/www.mpppst.gob.ve\\\/mpppstweb\\\/wp-content\\\/uploads\\\/2020\\\/08\\\/Cortes\u00eda-1-768x427-1.png\",\"articleSection\":[\"Noticias\"],\"inLanguage\":\"es\"},{\"@type\":\"WebPage\",\"@id\":\"https:\\\/\\\/www.mpppst.gob.ve\\\/mpppstweb\\\/index.php\\\/2020\\\/08\\\/11\\\/preven-precipitaciones-con-descargas-electricas-en-varias-partes-del-pais\\\/\",\"url\":\"https:\\\/\\\/www.mpppst.gob.ve\\\/mpppstweb\\\/index.php\\\/2020\\\/08\\\/11\\\/preven-precipitaciones-con-descargas-electricas-en-varias-partes-del-pais\\\/\",\"name\":\"Prev\u00e9n precipitaciones con descargas el\u00e9ctricas en varias partes del pa\u00eds - MPPPST\",\"isPartOf\":{\"@id\":\"https:\\\/\\\/www.mpppst.gob.ve\\\/mpppstweb\\\/#website\"},\"primaryImageOfPage\":{\"@id\":\"https:\\\/\\\/www.mpppst.gob.ve\\\/mpppstweb\\\/index.php\\\/2020\\\/08\\\/11\\\/preven-precipitaciones-con-descargas-electricas-en-varias-partes-del-pais\\\/#primaryimage\"},\"image\":{\"@id\":\"https:\\\/\\\/www.mpppst.gob.ve\\\/mpppstweb\\\/index.php\\\/2020\\\/08\\\/11\\\/preven-precipitaciones-con-descargas-electricas-en-varias-partes-del-pais\\\/#primaryimage\"},\"thumbnailUrl\":\"https:\\\/\\\/www.mpppst.gob.ve\\\/mpppstweb\\\/wp-content\\\/uploads\\\/2020\\\/08\\\/Cortes\u00eda-1-768x427-1.png\",\"datePublished\":\"2020-08-11T14:28:21+00:00\",\"dateModified\":\"2020-08-11T14:28:54+00:00\",\"breadcrumb\":{\"@id\":\"https:\\\/\\\/www.mpppst.gob.ve\\\/mpppstweb\\\/index.php\\\/2020\\\/08\\\/11\\\/preven-precipitaciones-con-descargas-electricas-en-varias-partes-del-pais\\\/#breadcrumb\"},\"inLanguage\":\"es\",\"potentialAction\":[{\"@type\":\"ReadAction\",\"target\":[\"https:\\\/\\\/www.mpppst.gob.ve\\\/mpppstweb\\\/index.php\\\/2020\\\/08\\\/11\\\/preven-precipitaciones-con-descargas-electricas-en-varias-partes-del-pais\\\/\"]}]},{\"@type\":\"ImageObject\",\"inLanguage\":\"es\",\"@id\":\"https:\\\/\\\/www.mpppst.gob.ve\\\/mpppstweb\\\/index.php\\\/2020\\\/08\\\/11\\\/preven-precipitaciones-con-descargas-electricas-en-varias-partes-del-pais\\\/#primaryimage\",\"url\":\"https:\\\/\\\/www.mpppst.gob.ve\\\/mpppstweb\\\/wp-content\\\/uploads\\\/2020\\\/08\\\/Cortes\u00eda-1-768x427-1.png\",\"contentUrl\":\"https:\\\/\\\/www.mpppst.gob.ve\\\/mpppstweb\\\/wp-content\\\/uploads\\\/2020\\\/08\\\/Cortes\u00eda-1-768x427-1.png\",\"width\":768,\"height\":427},{\"@type\":\"BreadcrumbList\",\"@id\":\"https:\\\/\\\/www.mpppst.gob.ve\\\/mpppstweb\\\/index.php\\\/2020\\\/08\\\/11\\\/preven-precipitaciones-con-descargas-electricas-en-varias-partes-del-pais\\\/#breadcrumb\",\"itemListElement\":[{\"@type\":\"ListItem\",\"position\":1,\"name\":\"Home\",\"item\":\"https:\\\/\\\/www.mpppst.gob.ve\\\/mpppstweb\\\/\"},{\"@type\":\"ListItem\",\"position\":2,\"name\":\"Prev\u00e9n precipitaciones con descargas el\u00e9ctricas en varias partes del pa\u00eds\"}]},{\"@type\":\"WebSite\",\"@id\":\"https:\\\/\\\/www.mpppst.gob.ve\\\/mpppstweb\\\/#website\",\"url\":\"https:\\\/\\\/www.mpppst.gob.ve\\\/mpppstweb\\\/\",\"name\":\"MPPPST\",\"description\":\"Sitio web oficial del Ministerio del Poder Popular para el Proceso Social de Trabajo\",\"publisher\":{\"@id\":\"https:\\\/\\\/www.mpppst.gob.ve\\\/mpppstweb\\\/#organization\"},\"alternateName\":\"Ministerio del Poder Popular para el Proceso Social de Trabajo\",\"potentialAction\":[{\"@type\":\"SearchAction\",\"target\":{\"@type\":\"EntryPoint\",\"urlTemplate\":\"https:\\\/\\\/www.mpppst.gob.ve\\\/mpppstweb\\\/?s={search_term_string}\"},\"query-input\":{\"@type\":\"PropertyValueSpecification\",\"valueRequired\":true,\"valueName\":\"search_term_string\"}}],\"inLanguage\":\"es\"},{\"@type\":\"Organization\",\"@id\":\"https:\\\/\\\/www.mpppst.gob.ve\\\/mpppstweb\\\/#organization\",\"name\":\"Ministerio del Poder Popular para el Proceso Social de Trabajo\",\"alternateName\":\"MPPPST\",\"url\":\"https:\\\/\\\/www.mpppst.gob.ve\\\/mpppstweb\\\/\",\"logo\":{\"@type\":\"ImageObject\",\"inLanguage\":\"es\",\"@id\":\"https:\\\/\\\/www.mpppst.gob.ve\\\/mpppstweb\\\/#\\\/schema\\\/logo\\\/image\\\/\",\"url\":\"https:\\\/\\\/www.mpppst.gob.ve\\\/mpppstweb\\\/wp-content\\\/uploads\\\/2025\\\/07\\\/cropped-cropped-g910.png\",\"contentUrl\":\"https:\\\/\\\/www.mpppst.gob.ve\\\/mpppstweb\\\/wp-content\\\/uploads\\\/2025\\\/07\\\/cropped-cropped-g910.png\",\"width\":1080,\"height\":241,\"caption\":\"Ministerio del Poder Popular para el Proceso Social de Trabajo\"},\"image\":{\"@id\":\"https:\\\/\\\/www.mpppst.gob.ve\\\/mpppstweb\\\/#\\\/schema\\\/logo\\\/image\\\/\"},\"sameAs\":[\"https:\\\/\\\/www.facebook.com\\\/mintrabajo_ve\",\"https:\\\/\\\/www.instagram.com\\\/mintrabajo_ve\\\/\",\"https:\\\/\\\/www.tiktok.com\\\/@mintrabajo_ve\",\"https:\\\/\\\/t.me\\\/mpppst\"]},{\"@type\":\"Person\",\"@id\":\"https:\\\/\\\/www.mpppst.gob.ve\\\/mpppstweb\\\/#\\\/schema\\\/person\\\/fc187ee8ead412bd4c9304b62f900ea4\",\"name\":\"MPPPST Prensa\",\"url\":\"https:\\\/\\\/www.mpppst.gob.ve\\\/mpppstweb\\\/index.php\\\/author\\\/prensa-mpppst\\\/\"}]}<\/script>\n<!-- \/ Yoast SEO plugin. -->","yoast_head_json":{"title":"Prev\u00e9n precipitaciones con descargas el\u00e9ctricas en varias partes del pa\u00eds - MPPPST","robots":{"index":"index","follow":"follow","max-snippet":"max-snippet:-1","max-image-preview":"max-image-preview:large","max-video-preview":"max-video-preview:-1"},"canonical":"https:\/\/www.mpppst.gob.ve\/mpppstweb\/index.php\/2020\/08\/11\/preven-precipitaciones-con-descargas-electricas-en-varias-partes-del-pais\/","og_locale":"es_ES","og_type":"article","og_title":"Prev\u00e9n precipitaciones con descargas el\u00e9ctricas en varias partes del pa\u00eds - MPPPST","og_description":"Para este martes se prev\u00e9n precipitaciones con descargas el\u00e9ctricas y eventuales r\u00e1fagas de viento en varias &hellip; Prev\u00e9n precipitaciones con descargas el\u00e9ctricas en varias partes del pa\u00edsLeer m\u00e1s","og_url":"https:\/\/www.mpppst.gob.ve\/mpppstweb\/index.php\/2020\/08\/11\/preven-precipitaciones-con-descargas-electricas-en-varias-partes-del-pais\/","og_site_name":"MPPPST","article_publisher":"https:\/\/www.facebook.com\/mintrabajo_ve","article_published_time":"2020-08-11T14:28:21+00:00","article_modified_time":"2020-08-11T14:28:54+00:00","og_image":[{"width":768,"height":427,"url":"https:\/\/www.mpppst.gob.ve\/mpppstweb\/wp-content\/uploads\/2020\/08\/Cortes\u00eda-1-768x427-1.png","type":"image\/png"}],"author":"MPPPST Prensa","twitter_card":"summary_large_image","schema":{"@context":"https:\/\/schema.org","@graph":[{"@type":"Article","@id":"https:\/\/www.mpppst.gob.ve\/mpppstweb\/index.php\/2020\/08\/11\/preven-precipitaciones-con-descargas-electricas-en-varias-partes-del-pais\/#article","isPartOf":{"@id":"https:\/\/www.mpppst.gob.ve\/mpppstweb\/index.php\/2020\/08\/11\/preven-precipitaciones-con-descargas-electricas-en-varias-partes-del-pais\/"},"author":{"name":"MPPPST Prensa","@id":"https:\/\/www.mpppst.gob.ve\/mpppstweb\/#\/schema\/person\/fc187ee8ead412bd4c9304b62f900ea4"},"headline":"Prev\u00e9n precipitaciones con descargas el\u00e9ctricas en varias partes del pa\u00eds","datePublished":"2020-08-11T14:28:21+00:00","dateModified":"2020-08-11T14:28:54+00:00","mainEntityOfPage":{"@id":"https:\/\/www.mpppst.gob.ve\/mpppstweb\/index.php\/2020\/08\/11\/preven-precipitaciones-con-descargas-electricas-en-varias-partes-del-pais\/"},"wordCount":196,"publisher":{"@id":"https:\/\/www.mpppst.gob.ve\/mpppstweb\/#organization"},"image":{"@id":"https:\/\/www.mpppst.gob.ve\/mpppstweb\/index.php\/2020\/08\/11\/preven-precipitaciones-con-descargas-electricas-en-varias-partes-del-pais\/#primaryimage"},"thumbnailUrl":"https:\/\/www.mpppst.gob.ve\/mpppstweb\/wp-content\/uploads\/2020\/08\/Cortes\u00eda-1-768x427-1.png","articleSection":["Noticias"],"inLanguage":"es"},{"@type":"WebPage","@id":"https:\/\/www.mpppst.gob.ve\/mpppstweb\/index.php\/2020\/08\/11\/preven-precipitaciones-con-descargas-electricas-en-varias-partes-del-pais\/","url":"https:\/\/www.mpppst.gob.ve\/mpppstweb\/index.php\/2020\/08\/11\/preven-precipitaciones-con-descargas-electricas-en-varias-partes-del-pais\/","name":"Prev\u00e9n precipitaciones con descargas el\u00e9ctricas en varias partes del pa\u00eds - MPPPST","isPartOf":{"@id":"https:\/\/www.mpppst.gob.ve\/mpppstweb\/#website"},"primaryImageOfPage":{"@id":"https:\/\/www.mpppst.gob.ve\/mpppstweb\/index.php\/2020\/08\/11\/preven-precipitaciones-con-descargas-electricas-en-varias-partes-del-pais\/#primaryimage"},"image":{"@id":"https:\/\/www.mpppst.gob.ve\/mpppstweb\/index.php\/2020\/08\/11\/preven-precipitaciones-con-descargas-electricas-en-varias-partes-del-pais\/#primaryimage"},"thumbnailUrl":"https:\/\/www.mpppst.gob.ve\/mpppstweb\/wp-content\/uploads\/2020\/08\/Cortes\u00eda-1-768x427-1.png","datePublished":"2020-08-11T14:28:21+00:00","dateModified":"2020-08-11T14:28:54+00:00","breadcrumb":{"@id":"https:\/\/www.mpppst.gob.ve\/mpppstweb\/index.php\/2020\/08\/11\/preven-precipitaciones-con-descargas-electricas-en-varias-partes-del-pais\/#breadcrumb"},"inLanguage":"es","potentialAction":[{"@type":"ReadAction","target":["https:\/\/www.mpppst.gob.ve\/mpppstweb\/index.php\/2020\/08\/11\/preven-precipitaciones-con-descargas-electricas-en-varias-partes-del-pais\/"]}]},{"@type":"ImageObject","inLanguage":"es","@id":"https:\/\/www.mpppst.gob.ve\/mpppstweb\/index.php\/2020\/08\/11\/preven-precipitaciones-con-descargas-electricas-en-varias-partes-del-pais\/#primaryimage","url":"https:\/\/www.mpppst.gob.ve\/mpppstweb\/wp-content\/uploads\/2020\/08\/Cortes\u00eda-1-768x427-1.png","contentUrl":"https:\/\/www.mpppst.gob.ve\/mpppstweb\/wp-content\/uploads\/2020\/08\/Cortes\u00eda-1-768x427-1.png","width":768,"height":427},{"@type":"BreadcrumbList","@id":"https:\/\/www.mpppst.gob.ve\/mpppstweb\/index.php\/2020\/08\/11\/preven-precipitaciones-con-descargas-electricas-en-varias-partes-del-pais\/#breadcrumb","itemListElement":[{"@type":"ListItem","position":1,"name":"Home","item":"https:\/\/www.mpppst.gob.ve\/mpppstweb\/"},{"@type":"ListItem","position":2,"name":"Prev\u00e9n precipitaciones con descargas el\u00e9ctricas en varias partes del pa\u00eds"}]},{"@type":"WebSite","@id":"https:\/\/www.mpppst.gob.ve\/mpppstweb\/#website","url":"https:\/\/www.mpppst.gob.ve\/mpppstweb\/","name":"MPPPST","description":"Sitio web oficial del Ministerio del Poder Popular para el Proceso Social de Trabajo","publisher":{"@id":"https:\/\/www.mpppst.gob.ve\/mpppstweb\/#organization"},"alternateName":"Ministerio del Poder Popular para el Proceso Social de Trabajo","potentialAction":[{"@type":"SearchAction","target":{"@type":"EntryPoint","urlTemplate":"https:\/\/www.mpppst.gob.ve\/mpppstweb\/?s={search_term_string}"},"query-input":{"@type":"PropertyValueSpecification","valueRequired":true,"valueName":"search_term_string"}}],"inLanguage":"es"},{"@type":"Organization","@id":"https:\/\/www.mpppst.gob.ve\/mpppstweb\/#organization","name":"Ministerio del Poder Popular para el Proceso Social de Trabajo","alternateName":"MPPPST","url":"https:\/\/www.mpppst.gob.ve\/mpppstweb\/","logo":{"@type":"ImageObject","inLanguage":"es","@id":"https:\/\/www.mpppst.gob.ve\/mpppstweb\/#\/schema\/logo\/image\/","url":"https:\/\/www.mpppst.gob.ve\/mpppstweb\/wp-content\/uploads\/2025\/07\/cropped-cropped-g910.png","contentUrl":"https:\/\/www.mpppst.gob.ve\/mpppstweb\/wp-content\/uploads\/2025\/07\/cropped-cropped-g910.png","width":1080,"height":241,"caption":"Ministerio del Poder Popular para el Proceso Social de Trabajo"},"image":{"@id":"https:\/\/www.mpppst.gob.ve\/mpppstweb\/#\/schema\/logo\/image\/"},"sameAs":["https:\/\/www.facebook.com\/mintrabajo_ve","https:\/\/www.instagram.com\/mintrabajo_ve\/","https:\/\/www.tiktok.com\/@mintrabajo_ve","https:\/\/t.me\/mpppst"]},{"@type":"Person","@id":"https:\/\/www.mpppst.gob.ve\/mpppstweb\/#\/schema\/person\/fc187ee8ead412bd4c9304b62f900ea4","name":"MPPPST Prensa","url":"https:\/\/www.mpppst.gob.ve\/mpppstweb\/index.php\/author\/prensa-mpppst\/"}]}},"_links":{"self":[{"href":"https:\/\/www.mpppst.gob.ve\/mpppstweb\/index.php\/wp-json\/wp\/v2\/posts\/19506","targetHints":{"allow":["GET"]}}],"collection":[{"href":"https:\/\/www.mpppst.gob.ve\/mpppstweb\/index.php\/wp-json\/wp\/v2\/posts"}],"about":[{"href":"https:\/\/www.mpppst.gob.ve\/mpppstweb\/index.php\/wp-json\/wp\/v2\/types\/post"}],"author":[{"embeddable":true,"href":"https:\/\/www.mpppst.gob.ve\/mpppstweb\/index.php\/wp-json\/wp\/v2\/users\/25"}],"replies":[{"embeddable":true,"href":"https:\/\/www.mpppst.gob.ve\/mpppstweb\/index.php\/wp-json\/wp\/v2\/comments?post=19506"}],"version-history":[{"count":2,"href":"https:\/\/www.mpppst.gob.ve\/mpppstweb\/index.php\/wp-json\/wp\/v2\/posts\/19506\/revisions"}],"predecessor-version":[{"id":19509,"href":"https:\/\/www.mpppst.gob.ve\/mpppstweb\/index.php\/wp-json\/wp\/v2\/posts\/19506\/revisions\/19509"}],"wp:featuredmedia":[{"embeddable":true,"href":"https:\/\/www.mpppst.gob.ve\/mpppstweb\/index.php\/wp-json\/wp\/v2\/media\/19507"}],"wp:attachment":[{"href":"https:\/\/www.mpppst.gob.ve\/mpppstweb\/index.php\/wp-json\/wp\/v2\/media?parent=19506"}],"wp:term":[{"taxonomy":"category","embeddable":true,"href":"https:\/\/www.mpppst.gob.ve\/mpppstweb\/index.php\/wp-json\/wp\/v2\/categories?post=19506"},{"taxonomy":"post_tag","embeddable":true,"href":"https:\/\/www.mpppst.gob.ve\/mpppstweb\/index.php\/wp-json\/wp\/v2\/tags?post=19506"}],"curies":[{"name":"wp","href":"https:\/\/api.w.org\/{rel}","templated":true}]}}