{"id":19528,"date":"2020-08-12T10:02:43","date_gmt":"2020-08-12T14:02:43","guid":{"rendered":"http:\/\/www.mpppst.gob.ve\/mpppstweb\/?p=19528"},"modified":"2020-08-12T10:02:45","modified_gmt":"2020-08-12T14:02:45","slug":"brasil-supera-las-103-mil-muertes-de-covid-19-al-sumar-otras-mil-274","status":"publish","type":"post","link":"https:\/\/www.mpppst.gob.ve\/mpppstweb\/index.php\/2020\/08\/12\/brasil-supera-las-103-mil-muertes-de-covid-19-al-sumar-otras-mil-274\/","title":{"rendered":"Brasil supera las 103 mil muertes de Covid-19 al sumar otras mil 274"},"content":{"rendered":"\n<p class=\"wp-block-paragraph\"><strong>Brasil<\/strong>&nbsp;acumul\u00f3 103 mil 26 muertes por&nbsp;<a href=\"https:\/\/www.vtv.gob.ve\/cuatro-lineas-investigacion-cientificos-ivic-covid-19\/\">COVID-19<\/a>, enfermedad causada por el coronavirus SARS-CoV-2, al sumar de lunes para martes otras mil 274, seg\u00fan la actualizaci\u00f3n del&nbsp;<strong>Ministerio de Salud&nbsp;<\/strong>de ese pa\u00eds.<\/p>\n\n\n\n<p class=\"wp-block-paragraph\">La cartera sanitaria inform\u00f3 adem\u00e1s que se contabilizan tres millones 109 mil 630 de contagios, al agregarse 52 mil 160 nuevos casos positivos.<\/p>\n\n\n\n<p class=\"wp-block-paragraph\">El estado de&nbsp;<strong>Sao Paulo c<\/strong>ontin\u00faa siendo el epicentro de la pandemia en el pa\u00eds, al concentrar 25 mil 571 v\u00edctimas mortales y 639 mil 562 contaminados; le sigue R\u00edo de Janeiro con 14 mil 212 p\u00e9rdidas humanas y 182 mil 563 infectados, se\u00f1ala una publicaci\u00f3n de la agencia cubana de noticias Prensa Latina.<\/p>\n\n\n\n<p class=\"wp-block-paragraph\">En enero, Brasil podr\u00eda empezar a vacunar a la poblaci\u00f3n contra la COVID-19 con la vacuna desarrollada por la biofarmace\u00fatica china Sinovac Biotech, seg\u00fan revel\u00f3 el director del Instituto Butantan, de Sao Paulo,&nbsp;<strong>Dimas Covas.<\/strong><\/p>\n\n\n\n<p class=\"wp-block-paragraph\">\u201cCuando digo que podemos tener una vacunaci\u00f3n inicial en enero no es un an\u00e1lisis crudo del escenario; hay mucha gente diciendo que es demasiado optimismo, eso puede que sea para otras vacunas, pero no para \u00e9sta\u201d, afirm\u00f3.<\/p>\n\n\n\n<p class=\"wp-block-paragraph\">Recientemente el gobernador de Sao Paulo,&nbsp;<strong>Joao Doria,<\/strong>&nbsp;tambi\u00e9n confirm\u00f3 que esta vacuna puede estar disponible para Brasil desde enero de 2021:&nbsp;\u2018Para finales de a\u00f1o, si no se producen incidencias en la tercera fase de las pruebas, podremos iniciar la producci\u00f3n de la vacuna en diciembre e iniciar inmediatamente la vacunaci\u00f3n de millones de brasile\u00f1os\u201d.<\/p>\n\n\n\n<p class=\"wp-block-paragraph\">Eso, seg\u00fan la autoridad, depender\u00e1 del \u00e9xito de las pruebas de la vacuna, bautizada CoronaVac.<\/p>\n\n\n\n<p class=\"wp-block-paragraph\">Aclar\u00f3, asimismo, que no toda la poblaci\u00f3n nacional podr\u00eda ser vacunada en enero, pues la producci\u00f3n ser\u00eda a\u00fan insuficiente para inmunizar a todos.<\/p>\n\n\n\n<p class=\"wp-block-paragraph\">La expectativa es que inicialmente 60 millones de personas en el pa\u00eds sean vacunadas.<\/p>\n\n\n\n<p class=\"wp-block-paragraph\">Brasil realiza actualmente la prueba en humanos voluntarios del Distrito Federal (DF) y cinco estados de la potencial vacuna que utiliza c\u00e9lulas virales inactivadas para estimular una respuesta inmune en pacientes.<\/p>\n\n\n\n<p class=\"wp-block-paragraph\">En total, nueve mil personas participan en el examen. Junto al DF los tests se realizan en Sao Paulo, Brasilia, R\u00edo de Janeiro, R\u00edo Grande do Sul y Paran\u00e1.<\/p>\n\n\n\n<p class=\"wp-block-paragraph\">Seg\u00fan Covas, la CoronaVac es una de las m\u00e1s prometedoras del universo, porque utiliza tecnolog\u00eda conocida y ampliamente aplicada en otras. PRENSA Web VTV<\/p>\n","protected":false},"excerpt":{"rendered":"<p>Brasil&nbsp;acumul\u00f3 103 mil 26 muertes por&nbsp;COVID-19, enfermedad causada por el coronavirus SARS-CoV-2, al sumar de lunes &hellip; <a title=\"Brasil supera las 103 mil muertes de Covid-19 al sumar otras mil 274\" class=\"hm-read-more\" href=\"https:\/\/www.mpppst.gob.ve\/mpppstweb\/index.php\/2020\/08\/12\/brasil-supera-las-103-mil-muertes-de-covid-19-al-sumar-otras-mil-274\/\"><span class=\"screen-reader-text\">Brasil supera las 103 mil muertes de Covid-19 al sumar otras mil 274<\/span>Leer m\u00e1s<\/a><\/p>\n","protected":false},"author":25,"featured_media":19529,"comment_status":"closed","ping_status":"closed","sticky":false,"template":"","format":"standard","meta":{"footnotes":""},"categories":[260,163],"tags":[],"class_list":["post-19528","post","type-post","status-publish","format-standard","has-post-thumbnail","hentry","category-internacionales-2","category-noticias"],"yoast_head":"<!-- This site is optimized with the Yoast SEO plugin v28.4 - https:\/\/yoast.com\/product\/yoast-seo-wordpress\/ -->\n<title>Brasil supera las 103 mil muertes de Covid-19 al sumar otras mil 274 - MPPPST<\/title>\n<meta name=\"robots\" content=\"index, follow, max-snippet:-1, max-image-preview:large, max-video-preview:-1\" \/>\n<link rel=\"canonical\" href=\"https:\/\/www.mpppst.gob.ve\/mpppstweb\/index.php\/2020\/08\/12\/brasil-supera-las-103-mil-muertes-de-covid-19-al-sumar-otras-mil-274\/\" \/>\n<meta property=\"og:locale\" content=\"es_ES\" \/>\n<meta property=\"og:type\" content=\"article\" \/>\n<meta property=\"og:title\" content=\"Brasil supera las 103 mil muertes de Covid-19 al sumar otras mil 274 - MPPPST\" \/>\n<meta property=\"og:description\" content=\"Brasil&nbsp;acumul\u00f3 103 mil 26 muertes por&nbsp;COVID-19, enfermedad causada por el coronavirus SARS-CoV-2, al sumar de lunes &hellip; Brasil supera las 103 mil muertes de Covid-19 al sumar otras mil 274Leer m\u00e1s\" \/>\n<meta property=\"og:url\" content=\"https:\/\/www.mpppst.gob.ve\/mpppstweb\/index.php\/2020\/08\/12\/brasil-supera-las-103-mil-muertes-de-covid-19-al-sumar-otras-mil-274\/\" \/>\n<meta property=\"og:site_name\" content=\"MPPPST\" \/>\n<meta property=\"article:publisher\" content=\"https:\/\/www.facebook.com\/mintrabajo_ve\" \/>\n<meta property=\"article:published_time\" content=\"2020-08-12T14:02:43+00:00\" \/>\n<meta property=\"article:modified_time\" content=\"2020-08-12T14:02:45+00:00\" \/>\n<meta property=\"og:image\" content=\"https:\/\/www.mpppst.gob.ve\/mpppstweb\/wp-content\/uploads\/2020\/08\/Brasil-2-768x427-1.jpg\" \/>\n\t<meta property=\"og:image:width\" content=\"768\" \/>\n\t<meta property=\"og:image:height\" content=\"427\" \/>\n\t<meta property=\"og:image:type\" content=\"image\/jpeg\" \/>\n<meta name=\"author\" content=\"MPPPST Prensa\" \/>\n<meta name=\"twitter:card\" content=\"summary_large_image\" \/>\n<script type=\"application\/ld+json\" class=\"yoast-schema-graph\">{\"@context\":\"https:\\\/\\\/schema.org\",\"@graph\":[{\"@type\":\"Article\",\"@id\":\"https:\\\/\\\/www.mpppst.gob.ve\\\/mpppstweb\\\/index.php\\\/2020\\\/08\\\/12\\\/brasil-supera-las-103-mil-muertes-de-covid-19-al-sumar-otras-mil-274\\\/#article\",\"isPartOf\":{\"@id\":\"https:\\\/\\\/www.mpppst.gob.ve\\\/mpppstweb\\\/index.php\\\/2020\\\/08\\\/12\\\/brasil-supera-las-103-mil-muertes-de-covid-19-al-sumar-otras-mil-274\\\/\"},\"author\":{\"name\":\"MPPPST Prensa\",\"@id\":\"https:\\\/\\\/www.mpppst.gob.ve\\\/mpppstweb\\\/#\\\/schema\\\/person\\\/fc187ee8ead412bd4c9304b62f900ea4\"},\"headline\":\"Brasil supera las 103 mil muertes de Covid-19 al sumar otras mil 274\",\"datePublished\":\"2020-08-12T14:02:43+00:00\",\"dateModified\":\"2020-08-12T14:02:45+00:00\",\"mainEntityOfPage\":{\"@id\":\"https:\\\/\\\/www.mpppst.gob.ve\\\/mpppstweb\\\/index.php\\\/2020\\\/08\\\/12\\\/brasil-supera-las-103-mil-muertes-de-covid-19-al-sumar-otras-mil-274\\\/\"},\"wordCount\":412,\"publisher\":{\"@id\":\"https:\\\/\\\/www.mpppst.gob.ve\\\/mpppstweb\\\/#organization\"},\"image\":{\"@id\":\"https:\\\/\\\/www.mpppst.gob.ve\\\/mpppstweb\\\/index.php\\\/2020\\\/08\\\/12\\\/brasil-supera-las-103-mil-muertes-de-covid-19-al-sumar-otras-mil-274\\\/#primaryimage\"},\"thumbnailUrl\":\"https:\\\/\\\/www.mpppst.gob.ve\\\/mpppstweb\\\/wp-content\\\/uploads\\\/2020\\\/08\\\/Brasil-2-768x427-1.jpg\",\"articleSection\":[\"Internacionales\",\"Noticias\"],\"inLanguage\":\"es\"},{\"@type\":\"WebPage\",\"@id\":\"https:\\\/\\\/www.mpppst.gob.ve\\\/mpppstweb\\\/index.php\\\/2020\\\/08\\\/12\\\/brasil-supera-las-103-mil-muertes-de-covid-19-al-sumar-otras-mil-274\\\/\",\"url\":\"https:\\\/\\\/www.mpppst.gob.ve\\\/mpppstweb\\\/index.php\\\/2020\\\/08\\\/12\\\/brasil-supera-las-103-mil-muertes-de-covid-19-al-sumar-otras-mil-274\\\/\",\"name\":\"Brasil supera las 103 mil muertes de Covid-19 al sumar otras mil 274 - MPPPST\",\"isPartOf\":{\"@id\":\"https:\\\/\\\/www.mpppst.gob.ve\\\/mpppstweb\\\/#website\"},\"primaryImageOfPage\":{\"@id\":\"https:\\\/\\\/www.mpppst.gob.ve\\\/mpppstweb\\\/index.php\\\/2020\\\/08\\\/12\\\/brasil-supera-las-103-mil-muertes-de-covid-19-al-sumar-otras-mil-274\\\/#primaryimage\"},\"image\":{\"@id\":\"https:\\\/\\\/www.mpppst.gob.ve\\\/mpppstweb\\\/index.php\\\/2020\\\/08\\\/12\\\/brasil-supera-las-103-mil-muertes-de-covid-19-al-sumar-otras-mil-274\\\/#primaryimage\"},\"thumbnailUrl\":\"https:\\\/\\\/www.mpppst.gob.ve\\\/mpppstweb\\\/wp-content\\\/uploads\\\/2020\\\/08\\\/Brasil-2-768x427-1.jpg\",\"datePublished\":\"2020-08-12T14:02:43+00:00\",\"dateModified\":\"2020-08-12T14:02:45+00:00\",\"breadcrumb\":{\"@id\":\"https:\\\/\\\/www.mpppst.gob.ve\\\/mpppstweb\\\/index.php\\\/2020\\\/08\\\/12\\\/brasil-supera-las-103-mil-muertes-de-covid-19-al-sumar-otras-mil-274\\\/#breadcrumb\"},\"inLanguage\":\"es\",\"potentialAction\":[{\"@type\":\"ReadAction\",\"target\":[\"https:\\\/\\\/www.mpppst.gob.ve\\\/mpppstweb\\\/index.php\\\/2020\\\/08\\\/12\\\/brasil-supera-las-103-mil-muertes-de-covid-19-al-sumar-otras-mil-274\\\/\"]}]},{\"@type\":\"ImageObject\",\"inLanguage\":\"es\",\"@id\":\"https:\\\/\\\/www.mpppst.gob.ve\\\/mpppstweb\\\/index.php\\\/2020\\\/08\\\/12\\\/brasil-supera-las-103-mil-muertes-de-covid-19-al-sumar-otras-mil-274\\\/#primaryimage\",\"url\":\"https:\\\/\\\/www.mpppst.gob.ve\\\/mpppstweb\\\/wp-content\\\/uploads\\\/2020\\\/08\\\/Brasil-2-768x427-1.jpg\",\"contentUrl\":\"https:\\\/\\\/www.mpppst.gob.ve\\\/mpppstweb\\\/wp-content\\\/uploads\\\/2020\\\/08\\\/Brasil-2-768x427-1.jpg\",\"width\":768,\"height\":427},{\"@type\":\"BreadcrumbList\",\"@id\":\"https:\\\/\\\/www.mpppst.gob.ve\\\/mpppstweb\\\/index.php\\\/2020\\\/08\\\/12\\\/brasil-supera-las-103-mil-muertes-de-covid-19-al-sumar-otras-mil-274\\\/#breadcrumb\",\"itemListElement\":[{\"@type\":\"ListItem\",\"position\":1,\"name\":\"Home\",\"item\":\"https:\\\/\\\/www.mpppst.gob.ve\\\/mpppstweb\\\/\"},{\"@type\":\"ListItem\",\"position\":2,\"name\":\"Brasil supera las 103 mil muertes de Covid-19 al sumar otras mil 274\"}]},{\"@type\":\"WebSite\",\"@id\":\"https:\\\/\\\/www.mpppst.gob.ve\\\/mpppstweb\\\/#website\",\"url\":\"https:\\\/\\\/www.mpppst.gob.ve\\\/mpppstweb\\\/\",\"name\":\"MPPPST\",\"description\":\"Sitio web oficial del Ministerio del Poder Popular para el Proceso Social de Trabajo\",\"publisher\":{\"@id\":\"https:\\\/\\\/www.mpppst.gob.ve\\\/mpppstweb\\\/#organization\"},\"alternateName\":\"Ministerio del Poder Popular para el Proceso Social de Trabajo\",\"potentialAction\":[{\"@type\":\"SearchAction\",\"target\":{\"@type\":\"EntryPoint\",\"urlTemplate\":\"https:\\\/\\\/www.mpppst.gob.ve\\\/mpppstweb\\\/?s={search_term_string}\"},\"query-input\":{\"@type\":\"PropertyValueSpecification\",\"valueRequired\":true,\"valueName\":\"search_term_string\"}}],\"inLanguage\":\"es\"},{\"@type\":\"Organization\",\"@id\":\"https:\\\/\\\/www.mpppst.gob.ve\\\/mpppstweb\\\/#organization\",\"name\":\"Ministerio del Poder Popular para el Proceso Social de Trabajo\",\"alternateName\":\"MPPPST\",\"url\":\"https:\\\/\\\/www.mpppst.gob.ve\\\/mpppstweb\\\/\",\"logo\":{\"@type\":\"ImageObject\",\"inLanguage\":\"es\",\"@id\":\"https:\\\/\\\/www.mpppst.gob.ve\\\/mpppstweb\\\/#\\\/schema\\\/logo\\\/image\\\/\",\"url\":\"https:\\\/\\\/www.mpppst.gob.ve\\\/mpppstweb\\\/wp-content\\\/uploads\\\/2025\\\/07\\\/cropped-cropped-g910.png\",\"contentUrl\":\"https:\\\/\\\/www.mpppst.gob.ve\\\/mpppstweb\\\/wp-content\\\/uploads\\\/2025\\\/07\\\/cropped-cropped-g910.png\",\"width\":1080,\"height\":241,\"caption\":\"Ministerio del Poder Popular para el Proceso Social de Trabajo\"},\"image\":{\"@id\":\"https:\\\/\\\/www.mpppst.gob.ve\\\/mpppstweb\\\/#\\\/schema\\\/logo\\\/image\\\/\"},\"sameAs\":[\"https:\\\/\\\/www.facebook.com\\\/mintrabajo_ve\",\"https:\\\/\\\/www.instagram.com\\\/mintrabajo_ve\\\/\",\"https:\\\/\\\/www.tiktok.com\\\/@mintrabajo_ve\",\"https:\\\/\\\/t.me\\\/mpppst\"]},{\"@type\":\"Person\",\"@id\":\"https:\\\/\\\/www.mpppst.gob.ve\\\/mpppstweb\\\/#\\\/schema\\\/person\\\/fc187ee8ead412bd4c9304b62f900ea4\",\"name\":\"MPPPST Prensa\",\"url\":\"https:\\\/\\\/www.mpppst.gob.ve\\\/mpppstweb\\\/index.php\\\/author\\\/prensa-mpppst\\\/\"}]}<\/script>\n<!-- \/ Yoast SEO plugin. -->","yoast_head_json":{"title":"Brasil supera las 103 mil muertes de Covid-19 al sumar otras mil 274 - MPPPST","robots":{"index":"index","follow":"follow","max-snippet":"max-snippet:-1","max-image-preview":"max-image-preview:large","max-video-preview":"max-video-preview:-1"},"canonical":"https:\/\/www.mpppst.gob.ve\/mpppstweb\/index.php\/2020\/08\/12\/brasil-supera-las-103-mil-muertes-de-covid-19-al-sumar-otras-mil-274\/","og_locale":"es_ES","og_type":"article","og_title":"Brasil supera las 103 mil muertes de Covid-19 al sumar otras mil 274 - MPPPST","og_description":"Brasil&nbsp;acumul\u00f3 103 mil 26 muertes por&nbsp;COVID-19, enfermedad causada por el coronavirus SARS-CoV-2, al sumar de lunes &hellip; Brasil supera las 103 mil muertes de Covid-19 al sumar otras mil 274Leer m\u00e1s","og_url":"https:\/\/www.mpppst.gob.ve\/mpppstweb\/index.php\/2020\/08\/12\/brasil-supera-las-103-mil-muertes-de-covid-19-al-sumar-otras-mil-274\/","og_site_name":"MPPPST","article_publisher":"https:\/\/www.facebook.com\/mintrabajo_ve","article_published_time":"2020-08-12T14:02:43+00:00","article_modified_time":"2020-08-12T14:02:45+00:00","og_image":[{"width":768,"height":427,"url":"https:\/\/www.mpppst.gob.ve\/mpppstweb\/wp-content\/uploads\/2020\/08\/Brasil-2-768x427-1.jpg","type":"image\/jpeg"}],"author":"MPPPST Prensa","twitter_card":"summary_large_image","schema":{"@context":"https:\/\/schema.org","@graph":[{"@type":"Article","@id":"https:\/\/www.mpppst.gob.ve\/mpppstweb\/index.php\/2020\/08\/12\/brasil-supera-las-103-mil-muertes-de-covid-19-al-sumar-otras-mil-274\/#article","isPartOf":{"@id":"https:\/\/www.mpppst.gob.ve\/mpppstweb\/index.php\/2020\/08\/12\/brasil-supera-las-103-mil-muertes-de-covid-19-al-sumar-otras-mil-274\/"},"author":{"name":"MPPPST Prensa","@id":"https:\/\/www.mpppst.gob.ve\/mpppstweb\/#\/schema\/person\/fc187ee8ead412bd4c9304b62f900ea4"},"headline":"Brasil supera las 103 mil muertes de Covid-19 al sumar otras mil 274","datePublished":"2020-08-12T14:02:43+00:00","dateModified":"2020-08-12T14:02:45+00:00","mainEntityOfPage":{"@id":"https:\/\/www.mpppst.gob.ve\/mpppstweb\/index.php\/2020\/08\/12\/brasil-supera-las-103-mil-muertes-de-covid-19-al-sumar-otras-mil-274\/"},"wordCount":412,"publisher":{"@id":"https:\/\/www.mpppst.gob.ve\/mpppstweb\/#organization"},"image":{"@id":"https:\/\/www.mpppst.gob.ve\/mpppstweb\/index.php\/2020\/08\/12\/brasil-supera-las-103-mil-muertes-de-covid-19-al-sumar-otras-mil-274\/#primaryimage"},"thumbnailUrl":"https:\/\/www.mpppst.gob.ve\/mpppstweb\/wp-content\/uploads\/2020\/08\/Brasil-2-768x427-1.jpg","articleSection":["Internacionales","Noticias"],"inLanguage":"es"},{"@type":"WebPage","@id":"https:\/\/www.mpppst.gob.ve\/mpppstweb\/index.php\/2020\/08\/12\/brasil-supera-las-103-mil-muertes-de-covid-19-al-sumar-otras-mil-274\/","url":"https:\/\/www.mpppst.gob.ve\/mpppstweb\/index.php\/2020\/08\/12\/brasil-supera-las-103-mil-muertes-de-covid-19-al-sumar-otras-mil-274\/","name":"Brasil supera las 103 mil muertes de Covid-19 al sumar otras mil 274 - MPPPST","isPartOf":{"@id":"https:\/\/www.mpppst.gob.ve\/mpppstweb\/#website"},"primaryImageOfPage":{"@id":"https:\/\/www.mpppst.gob.ve\/mpppstweb\/index.php\/2020\/08\/12\/brasil-supera-las-103-mil-muertes-de-covid-19-al-sumar-otras-mil-274\/#primaryimage"},"image":{"@id":"https:\/\/www.mpppst.gob.ve\/mpppstweb\/index.php\/2020\/08\/12\/brasil-supera-las-103-mil-muertes-de-covid-19-al-sumar-otras-mil-274\/#primaryimage"},"thumbnailUrl":"https:\/\/www.mpppst.gob.ve\/mpppstweb\/wp-content\/uploads\/2020\/08\/Brasil-2-768x427-1.jpg","datePublished":"2020-08-12T14:02:43+00:00","dateModified":"2020-08-12T14:02:45+00:00","breadcrumb":{"@id":"https:\/\/www.mpppst.gob.ve\/mpppstweb\/index.php\/2020\/08\/12\/brasil-supera-las-103-mil-muertes-de-covid-19-al-sumar-otras-mil-274\/#breadcrumb"},"inLanguage":"es","potentialAction":[{"@type":"ReadAction","target":["https:\/\/www.mpppst.gob.ve\/mpppstweb\/index.php\/2020\/08\/12\/brasil-supera-las-103-mil-muertes-de-covid-19-al-sumar-otras-mil-274\/"]}]},{"@type":"ImageObject","inLanguage":"es","@id":"https:\/\/www.mpppst.gob.ve\/mpppstweb\/index.php\/2020\/08\/12\/brasil-supera-las-103-mil-muertes-de-covid-19-al-sumar-otras-mil-274\/#primaryimage","url":"https:\/\/www.mpppst.gob.ve\/mpppstweb\/wp-content\/uploads\/2020\/08\/Brasil-2-768x427-1.jpg","contentUrl":"https:\/\/www.mpppst.gob.ve\/mpppstweb\/wp-content\/uploads\/2020\/08\/Brasil-2-768x427-1.jpg","width":768,"height":427},{"@type":"BreadcrumbList","@id":"https:\/\/www.mpppst.gob.ve\/mpppstweb\/index.php\/2020\/08\/12\/brasil-supera-las-103-mil-muertes-de-covid-19-al-sumar-otras-mil-274\/#breadcrumb","itemListElement":[{"@type":"ListItem","position":1,"name":"Home","item":"https:\/\/www.mpppst.gob.ve\/mpppstweb\/"},{"@type":"ListItem","position":2,"name":"Brasil supera las 103 mil muertes de Covid-19 al sumar otras mil 274"}]},{"@type":"WebSite","@id":"https:\/\/www.mpppst.gob.ve\/mpppstweb\/#website","url":"https:\/\/www.mpppst.gob.ve\/mpppstweb\/","name":"MPPPST","description":"Sitio web oficial del Ministerio del Poder Popular para el Proceso Social de Trabajo","publisher":{"@id":"https:\/\/www.mpppst.gob.ve\/mpppstweb\/#organization"},"alternateName":"Ministerio del Poder Popular para el Proceso Social de Trabajo","potentialAction":[{"@type":"SearchAction","target":{"@type":"EntryPoint","urlTemplate":"https:\/\/www.mpppst.gob.ve\/mpppstweb\/?s={search_term_string}"},"query-input":{"@type":"PropertyValueSpecification","valueRequired":true,"valueName":"search_term_string"}}],"inLanguage":"es"},{"@type":"Organization","@id":"https:\/\/www.mpppst.gob.ve\/mpppstweb\/#organization","name":"Ministerio del Poder Popular para el Proceso Social de Trabajo","alternateName":"MPPPST","url":"https:\/\/www.mpppst.gob.ve\/mpppstweb\/","logo":{"@type":"ImageObject","inLanguage":"es","@id":"https:\/\/www.mpppst.gob.ve\/mpppstweb\/#\/schema\/logo\/image\/","url":"https:\/\/www.mpppst.gob.ve\/mpppstweb\/wp-content\/uploads\/2025\/07\/cropped-cropped-g910.png","contentUrl":"https:\/\/www.mpppst.gob.ve\/mpppstweb\/wp-content\/uploads\/2025\/07\/cropped-cropped-g910.png","width":1080,"height":241,"caption":"Ministerio del Poder Popular para el Proceso Social de Trabajo"},"image":{"@id":"https:\/\/www.mpppst.gob.ve\/mpppstweb\/#\/schema\/logo\/image\/"},"sameAs":["https:\/\/www.facebook.com\/mintrabajo_ve","https:\/\/www.instagram.com\/mintrabajo_ve\/","https:\/\/www.tiktok.com\/@mintrabajo_ve","https:\/\/t.me\/mpppst"]},{"@type":"Person","@id":"https:\/\/www.mpppst.gob.ve\/mpppstweb\/#\/schema\/person\/fc187ee8ead412bd4c9304b62f900ea4","name":"MPPPST Prensa","url":"https:\/\/www.mpppst.gob.ve\/mpppstweb\/index.php\/author\/prensa-mpppst\/"}]}},"_links":{"self":[{"href":"https:\/\/www.mpppst.gob.ve\/mpppstweb\/index.php\/wp-json\/wp\/v2\/posts\/19528","targetHints":{"allow":["GET"]}}],"collection":[{"href":"https:\/\/www.mpppst.gob.ve\/mpppstweb\/index.php\/wp-json\/wp\/v2\/posts"}],"about":[{"href":"https:\/\/www.mpppst.gob.ve\/mpppstweb\/index.php\/wp-json\/wp\/v2\/types\/post"}],"author":[{"embeddable":true,"href":"https:\/\/www.mpppst.gob.ve\/mpppstweb\/index.php\/wp-json\/wp\/v2\/users\/25"}],"replies":[{"embeddable":true,"href":"https:\/\/www.mpppst.gob.ve\/mpppstweb\/index.php\/wp-json\/wp\/v2\/comments?post=19528"}],"version-history":[{"count":1,"href":"https:\/\/www.mpppst.gob.ve\/mpppstweb\/index.php\/wp-json\/wp\/v2\/posts\/19528\/revisions"}],"predecessor-version":[{"id":19530,"href":"https:\/\/www.mpppst.gob.ve\/mpppstweb\/index.php\/wp-json\/wp\/v2\/posts\/19528\/revisions\/19530"}],"wp:featuredmedia":[{"embeddable":true,"href":"https:\/\/www.mpppst.gob.ve\/mpppstweb\/index.php\/wp-json\/wp\/v2\/media\/19529"}],"wp:attachment":[{"href":"https:\/\/www.mpppst.gob.ve\/mpppstweb\/index.php\/wp-json\/wp\/v2\/media?parent=19528"}],"wp:term":[{"taxonomy":"category","embeddable":true,"href":"https:\/\/www.mpppst.gob.ve\/mpppstweb\/index.php\/wp-json\/wp\/v2\/categories?post=19528"},{"taxonomy":"post_tag","embeddable":true,"href":"https:\/\/www.mpppst.gob.ve\/mpppstweb\/index.php\/wp-json\/wp\/v2\/tags?post=19528"}],"curies":[{"name":"wp","href":"https:\/\/api.w.org\/{rel}","templated":true}]}}