{"id":19559,"date":"2020-08-16T13:55:03","date_gmt":"2020-08-16T17:55:03","guid":{"rendered":"http:\/\/www.mpppst.gob.ve\/mpppstweb\/?p=19559"},"modified":"2020-08-16T13:55:05","modified_gmt":"2020-08-16T17:55:05","slug":"opinion-dario-vivas-en-combate-siempre","status":"publish","type":"post","link":"https:\/\/www.mpppst.gob.ve\/mpppstweb\/index.php\/2020\/08\/16\/opinion-dario-vivas-en-combate-siempre\/","title":{"rendered":"Opini\u00f3n: DAR\u00cdO VIVAS EN COMBATE SIEMPRE"},"content":{"rendered":"\n<p class=\"wp-block-paragraph\"><br>Por Eduardo Pi\u00f1ate R.<br>La desaparici\u00f3n f\u00edsica de Dar\u00edo Vivas nos conmovi\u00f3 y conmueve todav\u00eda. Estoy seguro que es un<br>sentimiento que compartimos con la inmensa mayor\u00eda del pueblo venezolano, incluy\u00e9ndonos la<br>totalidad de quienes militamos en las filas del PSUV y de las fuerzas pol\u00edticas y sociales que<br>conforman el Chavismo.<br>Vamos a extra\u00f1ar su presencia permanente, su arenga vibrante y combativa, su inmensa capacidad<br>de trabajo, su atenci\u00f3n por los detalles, la pertinencia de sus intervenciones en los debates del<br>partido y con las organizaciones populares, su don de mando, su visi\u00f3n cr\u00edtica y autocr\u00edtica de los<br>problemas. Tambi\u00e9n extra\u00f1aremos la ternura que escond\u00eda detr\u00e1s de su aparente severidad, su<br>compromiso con los despose\u00eddos traducida en bondad y lucha, esa risa franca con la que celebraba<br>cada broma, cada chanza, cada victoria.<br>Conoc\u00ed a Dar\u00edo Vivas a finales de 1990, y lo conoc\u00ed en combate, lo conoc\u00ed en las calles luchando,<br>dirigente del MAS y vicepresidente del concejo municipal de Caracas. Con Dar\u00edo y otros y otras &#8211; Nicol\u00e1s Maduro, Elio Hern\u00e1ndez, William Mantilla, Victor Belis, Rodulfo P\u00e9rez, una muchachita<br>en aquel momento llamada Erika Far\u00edas, la compa Aurora de San Juan, Jacobo Torres, etc.-<br>organizamos a mediados de 1991 el primer paro c\u00edvico de Caracas, que fue un \u00e9xito y cuyo saldo<br>organizado fue la Coordinadora Popular de Caracas. Luego vendr\u00eda la insurgencia militar del 4 de<br>febrero de 1992 y el pueblo hizo suyo a Ch\u00e1vez como l\u00edder y a su programa bolivariano. En todos<br>esos combates, en todo ese proceso de construcci\u00f3n, de forja de organizaci\u00f3n y conciencia patria,<br>revolucionaria, Dar\u00edo Vivas fue un combatiente de primera l\u00ednea; y luego que el Comandante<br>Ch\u00e1vez lleg\u00f3 al gobierno y la revoluci\u00f3n se hizo poder, ah\u00ed estuvo \u00e9l siempre, organizando,<br>agitando, construyendo, siempre leal y siempre consecuente con Ch\u00e1vez, con Maduro y con la<br>Revoluci\u00f3n Bolivariana.<br>Nunca rehuy\u00f3 el combate, ni eludi\u00f3 las responsabilidades. Personalmente lo vi combatiendo a los<br>fascistas que quer\u00edan invadir nuestra Patria el 23 de febrero de 2019 en el puente Sim\u00f3n Bol\u00edvar, que une a San Antonio del T\u00e1chira con C\u00facuta y el 30 de abril de ese a\u00f1o rodeando Miraflores con<br>el pueblo para protegerlo de los golpistas. Y cuando el presidente Maduro lo llam\u00f3 para que<br>asumiera la Jefatura de Gobierno de Caracas, no vacil\u00f3 un instante para asumir la<br>responsabilidades y los riesgos del cargo con el entusiasmo y la determinaci\u00f3n de siempre.<br>Dar\u00edo se nos va y deja un vac\u00edo dif\u00edcil de llenar, pero en el pueblo hay millones de Dar\u00edos que van<br>a ocupar su lugar. Seguimos venciendo.<\/p>\n","protected":false},"excerpt":{"rendered":"<p>Por Eduardo Pi\u00f1ate R.La desaparici\u00f3n f\u00edsica de Dar\u00edo Vivas nos conmovi\u00f3 y conmueve todav\u00eda. Estoy seguro &hellip; <a title=\"Opini\u00f3n: DAR\u00cdO VIVAS EN COMBATE SIEMPRE\" class=\"hm-read-more\" href=\"https:\/\/www.mpppst.gob.ve\/mpppstweb\/index.php\/2020\/08\/16\/opinion-dario-vivas-en-combate-siempre\/\"><span class=\"screen-reader-text\">Opini\u00f3n: DAR\u00cdO VIVAS EN COMBATE SIEMPRE<\/span>Leer m\u00e1s<\/a><\/p>\n","protected":false},"author":25,"featured_media":19560,"comment_status":"closed","ping_status":"closed","sticky":false,"template":"","format":"standard","meta":{"footnotes":""},"categories":[163,404],"tags":[],"class_list":["post-19559","post","type-post","status-publish","format-standard","has-post-thumbnail","hentry","category-noticias","category-opinion"],"yoast_head":"<!-- This site is optimized with the Yoast SEO plugin v28.4 - https:\/\/yoast.com\/product\/yoast-seo-wordpress\/ -->\n<title>Opini\u00f3n: DAR\u00cdO VIVAS EN COMBATE SIEMPRE - MPPPST<\/title>\n<meta name=\"robots\" content=\"index, follow, max-snippet:-1, max-image-preview:large, max-video-preview:-1\" \/>\n<link rel=\"canonical\" href=\"https:\/\/www.mpppst.gob.ve\/mpppstweb\/index.php\/2020\/08\/16\/opinion-dario-vivas-en-combate-siempre\/\" \/>\n<meta property=\"og:locale\" content=\"es_ES\" \/>\n<meta property=\"og:type\" content=\"article\" \/>\n<meta property=\"og:title\" content=\"Opini\u00f3n: DAR\u00cdO VIVAS EN COMBATE SIEMPRE - MPPPST\" \/>\n<meta property=\"og:description\" content=\"Por Eduardo Pi\u00f1ate R.La desaparici\u00f3n f\u00edsica de Dar\u00edo Vivas nos conmovi\u00f3 y conmueve todav\u00eda. Estoy seguro &hellip; Opini\u00f3n: DAR\u00cdO VIVAS EN COMBATE SIEMPRELeer m\u00e1s\" \/>\n<meta property=\"og:url\" content=\"https:\/\/www.mpppst.gob.ve\/mpppstweb\/index.php\/2020\/08\/16\/opinion-dario-vivas-en-combate-siempre\/\" \/>\n<meta property=\"og:site_name\" content=\"MPPPST\" \/>\n<meta property=\"article:publisher\" content=\"https:\/\/www.facebook.com\/mintrabajo_ve\" \/>\n<meta property=\"article:published_time\" content=\"2020-08-16T17:55:03+00:00\" \/>\n<meta property=\"article:modified_time\" content=\"2020-08-16T17:55:05+00:00\" \/>\n<meta property=\"og:image\" content=\"https:\/\/www.mpppst.gob.ve\/mpppstweb\/wp-content\/uploads\/2020\/08\/IMG-20200813-WA0007.jpg\" \/>\n\t<meta property=\"og:image:width\" content=\"967\" \/>\n\t<meta property=\"og:image:height\" content=\"666\" \/>\n\t<meta property=\"og:image:type\" content=\"image\/jpeg\" \/>\n<meta name=\"author\" content=\"MPPPST Prensa\" \/>\n<meta name=\"twitter:card\" content=\"summary_large_image\" \/>\n<script type=\"application\/ld+json\" class=\"yoast-schema-graph\">{\"@context\":\"https:\\\/\\\/schema.org\",\"@graph\":[{\"@type\":\"Article\",\"@id\":\"https:\\\/\\\/www.mpppst.gob.ve\\\/mpppstweb\\\/index.php\\\/2020\\\/08\\\/16\\\/opinion-dario-vivas-en-combate-siempre\\\/#article\",\"isPartOf\":{\"@id\":\"https:\\\/\\\/www.mpppst.gob.ve\\\/mpppstweb\\\/index.php\\\/2020\\\/08\\\/16\\\/opinion-dario-vivas-en-combate-siempre\\\/\"},\"author\":{\"name\":\"MPPPST Prensa\",\"@id\":\"https:\\\/\\\/www.mpppst.gob.ve\\\/mpppstweb\\\/#\\\/schema\\\/person\\\/fc187ee8ead412bd4c9304b62f900ea4\"},\"headline\":\"Opini\u00f3n: DAR\u00cdO VIVAS EN COMBATE SIEMPRE\",\"datePublished\":\"2020-08-16T17:55:03+00:00\",\"dateModified\":\"2020-08-16T17:55:05+00:00\",\"mainEntityOfPage\":{\"@id\":\"https:\\\/\\\/www.mpppst.gob.ve\\\/mpppstweb\\\/index.php\\\/2020\\\/08\\\/16\\\/opinion-dario-vivas-en-combate-siempre\\\/\"},\"wordCount\":460,\"publisher\":{\"@id\":\"https:\\\/\\\/www.mpppst.gob.ve\\\/mpppstweb\\\/#organization\"},\"image\":{\"@id\":\"https:\\\/\\\/www.mpppst.gob.ve\\\/mpppstweb\\\/index.php\\\/2020\\\/08\\\/16\\\/opinion-dario-vivas-en-combate-siempre\\\/#primaryimage\"},\"thumbnailUrl\":\"https:\\\/\\\/www.mpppst.gob.ve\\\/mpppstweb\\\/wp-content\\\/uploads\\\/2020\\\/08\\\/IMG-20200813-WA0007.jpg\",\"articleSection\":[\"Noticias\",\"Opini\u00f3n\"],\"inLanguage\":\"es\"},{\"@type\":\"WebPage\",\"@id\":\"https:\\\/\\\/www.mpppst.gob.ve\\\/mpppstweb\\\/index.php\\\/2020\\\/08\\\/16\\\/opinion-dario-vivas-en-combate-siempre\\\/\",\"url\":\"https:\\\/\\\/www.mpppst.gob.ve\\\/mpppstweb\\\/index.php\\\/2020\\\/08\\\/16\\\/opinion-dario-vivas-en-combate-siempre\\\/\",\"name\":\"Opini\u00f3n: DAR\u00cdO VIVAS EN COMBATE SIEMPRE - MPPPST\",\"isPartOf\":{\"@id\":\"https:\\\/\\\/www.mpppst.gob.ve\\\/mpppstweb\\\/#website\"},\"primaryImageOfPage\":{\"@id\":\"https:\\\/\\\/www.mpppst.gob.ve\\\/mpppstweb\\\/index.php\\\/2020\\\/08\\\/16\\\/opinion-dario-vivas-en-combate-siempre\\\/#primaryimage\"},\"image\":{\"@id\":\"https:\\\/\\\/www.mpppst.gob.ve\\\/mpppstweb\\\/index.php\\\/2020\\\/08\\\/16\\\/opinion-dario-vivas-en-combate-siempre\\\/#primaryimage\"},\"thumbnailUrl\":\"https:\\\/\\\/www.mpppst.gob.ve\\\/mpppstweb\\\/wp-content\\\/uploads\\\/2020\\\/08\\\/IMG-20200813-WA0007.jpg\",\"datePublished\":\"2020-08-16T17:55:03+00:00\",\"dateModified\":\"2020-08-16T17:55:05+00:00\",\"breadcrumb\":{\"@id\":\"https:\\\/\\\/www.mpppst.gob.ve\\\/mpppstweb\\\/index.php\\\/2020\\\/08\\\/16\\\/opinion-dario-vivas-en-combate-siempre\\\/#breadcrumb\"},\"inLanguage\":\"es\",\"potentialAction\":[{\"@type\":\"ReadAction\",\"target\":[\"https:\\\/\\\/www.mpppst.gob.ve\\\/mpppstweb\\\/index.php\\\/2020\\\/08\\\/16\\\/opinion-dario-vivas-en-combate-siempre\\\/\"]}]},{\"@type\":\"ImageObject\",\"inLanguage\":\"es\",\"@id\":\"https:\\\/\\\/www.mpppst.gob.ve\\\/mpppstweb\\\/index.php\\\/2020\\\/08\\\/16\\\/opinion-dario-vivas-en-combate-siempre\\\/#primaryimage\",\"url\":\"https:\\\/\\\/www.mpppst.gob.ve\\\/mpppstweb\\\/wp-content\\\/uploads\\\/2020\\\/08\\\/IMG-20200813-WA0007.jpg\",\"contentUrl\":\"https:\\\/\\\/www.mpppst.gob.ve\\\/mpppstweb\\\/wp-content\\\/uploads\\\/2020\\\/08\\\/IMG-20200813-WA0007.jpg\",\"width\":967,\"height\":666},{\"@type\":\"BreadcrumbList\",\"@id\":\"https:\\\/\\\/www.mpppst.gob.ve\\\/mpppstweb\\\/index.php\\\/2020\\\/08\\\/16\\\/opinion-dario-vivas-en-combate-siempre\\\/#breadcrumb\",\"itemListElement\":[{\"@type\":\"ListItem\",\"position\":1,\"name\":\"Home\",\"item\":\"https:\\\/\\\/www.mpppst.gob.ve\\\/mpppstweb\\\/\"},{\"@type\":\"ListItem\",\"position\":2,\"name\":\"Opini\u00f3n: DAR\u00cdO VIVAS EN COMBATE SIEMPRE\"}]},{\"@type\":\"WebSite\",\"@id\":\"https:\\\/\\\/www.mpppst.gob.ve\\\/mpppstweb\\\/#website\",\"url\":\"https:\\\/\\\/www.mpppst.gob.ve\\\/mpppstweb\\\/\",\"name\":\"MPPPST\",\"description\":\"Sitio web oficial del Ministerio del Poder Popular para el Proceso Social de Trabajo\",\"publisher\":{\"@id\":\"https:\\\/\\\/www.mpppst.gob.ve\\\/mpppstweb\\\/#organization\"},\"alternateName\":\"Ministerio del Poder Popular para el Proceso Social de Trabajo\",\"potentialAction\":[{\"@type\":\"SearchAction\",\"target\":{\"@type\":\"EntryPoint\",\"urlTemplate\":\"https:\\\/\\\/www.mpppst.gob.ve\\\/mpppstweb\\\/?s={search_term_string}\"},\"query-input\":{\"@type\":\"PropertyValueSpecification\",\"valueRequired\":true,\"valueName\":\"search_term_string\"}}],\"inLanguage\":\"es\"},{\"@type\":\"Organization\",\"@id\":\"https:\\\/\\\/www.mpppst.gob.ve\\\/mpppstweb\\\/#organization\",\"name\":\"Ministerio del Poder Popular para el Proceso Social de Trabajo\",\"alternateName\":\"MPPPST\",\"url\":\"https:\\\/\\\/www.mpppst.gob.ve\\\/mpppstweb\\\/\",\"logo\":{\"@type\":\"ImageObject\",\"inLanguage\":\"es\",\"@id\":\"https:\\\/\\\/www.mpppst.gob.ve\\\/mpppstweb\\\/#\\\/schema\\\/logo\\\/image\\\/\",\"url\":\"https:\\\/\\\/www.mpppst.gob.ve\\\/mpppstweb\\\/wp-content\\\/uploads\\\/2025\\\/07\\\/cropped-cropped-g910.png\",\"contentUrl\":\"https:\\\/\\\/www.mpppst.gob.ve\\\/mpppstweb\\\/wp-content\\\/uploads\\\/2025\\\/07\\\/cropped-cropped-g910.png\",\"width\":1080,\"height\":241,\"caption\":\"Ministerio del Poder Popular para el Proceso Social de Trabajo\"},\"image\":{\"@id\":\"https:\\\/\\\/www.mpppst.gob.ve\\\/mpppstweb\\\/#\\\/schema\\\/logo\\\/image\\\/\"},\"sameAs\":[\"https:\\\/\\\/www.facebook.com\\\/mintrabajo_ve\",\"https:\\\/\\\/www.instagram.com\\\/mintrabajo_ve\\\/\",\"https:\\\/\\\/www.tiktok.com\\\/@mintrabajo_ve\",\"https:\\\/\\\/t.me\\\/mpppst\"]},{\"@type\":\"Person\",\"@id\":\"https:\\\/\\\/www.mpppst.gob.ve\\\/mpppstweb\\\/#\\\/schema\\\/person\\\/fc187ee8ead412bd4c9304b62f900ea4\",\"name\":\"MPPPST Prensa\",\"url\":\"https:\\\/\\\/www.mpppst.gob.ve\\\/mpppstweb\\\/index.php\\\/author\\\/prensa-mpppst\\\/\"}]}<\/script>\n<!-- \/ Yoast SEO plugin. -->","yoast_head_json":{"title":"Opini\u00f3n: DAR\u00cdO VIVAS EN COMBATE SIEMPRE - MPPPST","robots":{"index":"index","follow":"follow","max-snippet":"max-snippet:-1","max-image-preview":"max-image-preview:large","max-video-preview":"max-video-preview:-1"},"canonical":"https:\/\/www.mpppst.gob.ve\/mpppstweb\/index.php\/2020\/08\/16\/opinion-dario-vivas-en-combate-siempre\/","og_locale":"es_ES","og_type":"article","og_title":"Opini\u00f3n: DAR\u00cdO VIVAS EN COMBATE SIEMPRE - MPPPST","og_description":"Por Eduardo Pi\u00f1ate R.La desaparici\u00f3n f\u00edsica de Dar\u00edo Vivas nos conmovi\u00f3 y conmueve todav\u00eda. Estoy seguro &hellip; Opini\u00f3n: DAR\u00cdO VIVAS EN COMBATE SIEMPRELeer m\u00e1s","og_url":"https:\/\/www.mpppst.gob.ve\/mpppstweb\/index.php\/2020\/08\/16\/opinion-dario-vivas-en-combate-siempre\/","og_site_name":"MPPPST","article_publisher":"https:\/\/www.facebook.com\/mintrabajo_ve","article_published_time":"2020-08-16T17:55:03+00:00","article_modified_time":"2020-08-16T17:55:05+00:00","og_image":[{"width":967,"height":666,"url":"https:\/\/www.mpppst.gob.ve\/mpppstweb\/wp-content\/uploads\/2020\/08\/IMG-20200813-WA0007.jpg","type":"image\/jpeg"}],"author":"MPPPST Prensa","twitter_card":"summary_large_image","schema":{"@context":"https:\/\/schema.org","@graph":[{"@type":"Article","@id":"https:\/\/www.mpppst.gob.ve\/mpppstweb\/index.php\/2020\/08\/16\/opinion-dario-vivas-en-combate-siempre\/#article","isPartOf":{"@id":"https:\/\/www.mpppst.gob.ve\/mpppstweb\/index.php\/2020\/08\/16\/opinion-dario-vivas-en-combate-siempre\/"},"author":{"name":"MPPPST Prensa","@id":"https:\/\/www.mpppst.gob.ve\/mpppstweb\/#\/schema\/person\/fc187ee8ead412bd4c9304b62f900ea4"},"headline":"Opini\u00f3n: DAR\u00cdO VIVAS EN COMBATE SIEMPRE","datePublished":"2020-08-16T17:55:03+00:00","dateModified":"2020-08-16T17:55:05+00:00","mainEntityOfPage":{"@id":"https:\/\/www.mpppst.gob.ve\/mpppstweb\/index.php\/2020\/08\/16\/opinion-dario-vivas-en-combate-siempre\/"},"wordCount":460,"publisher":{"@id":"https:\/\/www.mpppst.gob.ve\/mpppstweb\/#organization"},"image":{"@id":"https:\/\/www.mpppst.gob.ve\/mpppstweb\/index.php\/2020\/08\/16\/opinion-dario-vivas-en-combate-siempre\/#primaryimage"},"thumbnailUrl":"https:\/\/www.mpppst.gob.ve\/mpppstweb\/wp-content\/uploads\/2020\/08\/IMG-20200813-WA0007.jpg","articleSection":["Noticias","Opini\u00f3n"],"inLanguage":"es"},{"@type":"WebPage","@id":"https:\/\/www.mpppst.gob.ve\/mpppstweb\/index.php\/2020\/08\/16\/opinion-dario-vivas-en-combate-siempre\/","url":"https:\/\/www.mpppst.gob.ve\/mpppstweb\/index.php\/2020\/08\/16\/opinion-dario-vivas-en-combate-siempre\/","name":"Opini\u00f3n: DAR\u00cdO VIVAS EN COMBATE SIEMPRE - MPPPST","isPartOf":{"@id":"https:\/\/www.mpppst.gob.ve\/mpppstweb\/#website"},"primaryImageOfPage":{"@id":"https:\/\/www.mpppst.gob.ve\/mpppstweb\/index.php\/2020\/08\/16\/opinion-dario-vivas-en-combate-siempre\/#primaryimage"},"image":{"@id":"https:\/\/www.mpppst.gob.ve\/mpppstweb\/index.php\/2020\/08\/16\/opinion-dario-vivas-en-combate-siempre\/#primaryimage"},"thumbnailUrl":"https:\/\/www.mpppst.gob.ve\/mpppstweb\/wp-content\/uploads\/2020\/08\/IMG-20200813-WA0007.jpg","datePublished":"2020-08-16T17:55:03+00:00","dateModified":"2020-08-16T17:55:05+00:00","breadcrumb":{"@id":"https:\/\/www.mpppst.gob.ve\/mpppstweb\/index.php\/2020\/08\/16\/opinion-dario-vivas-en-combate-siempre\/#breadcrumb"},"inLanguage":"es","potentialAction":[{"@type":"ReadAction","target":["https:\/\/www.mpppst.gob.ve\/mpppstweb\/index.php\/2020\/08\/16\/opinion-dario-vivas-en-combate-siempre\/"]}]},{"@type":"ImageObject","inLanguage":"es","@id":"https:\/\/www.mpppst.gob.ve\/mpppstweb\/index.php\/2020\/08\/16\/opinion-dario-vivas-en-combate-siempre\/#primaryimage","url":"https:\/\/www.mpppst.gob.ve\/mpppstweb\/wp-content\/uploads\/2020\/08\/IMG-20200813-WA0007.jpg","contentUrl":"https:\/\/www.mpppst.gob.ve\/mpppstweb\/wp-content\/uploads\/2020\/08\/IMG-20200813-WA0007.jpg","width":967,"height":666},{"@type":"BreadcrumbList","@id":"https:\/\/www.mpppst.gob.ve\/mpppstweb\/index.php\/2020\/08\/16\/opinion-dario-vivas-en-combate-siempre\/#breadcrumb","itemListElement":[{"@type":"ListItem","position":1,"name":"Home","item":"https:\/\/www.mpppst.gob.ve\/mpppstweb\/"},{"@type":"ListItem","position":2,"name":"Opini\u00f3n: DAR\u00cdO VIVAS EN COMBATE SIEMPRE"}]},{"@type":"WebSite","@id":"https:\/\/www.mpppst.gob.ve\/mpppstweb\/#website","url":"https:\/\/www.mpppst.gob.ve\/mpppstweb\/","name":"MPPPST","description":"Sitio web oficial del Ministerio del Poder Popular para el Proceso Social de Trabajo","publisher":{"@id":"https:\/\/www.mpppst.gob.ve\/mpppstweb\/#organization"},"alternateName":"Ministerio del Poder Popular para el Proceso Social de Trabajo","potentialAction":[{"@type":"SearchAction","target":{"@type":"EntryPoint","urlTemplate":"https:\/\/www.mpppst.gob.ve\/mpppstweb\/?s={search_term_string}"},"query-input":{"@type":"PropertyValueSpecification","valueRequired":true,"valueName":"search_term_string"}}],"inLanguage":"es"},{"@type":"Organization","@id":"https:\/\/www.mpppst.gob.ve\/mpppstweb\/#organization","name":"Ministerio del Poder Popular para el Proceso Social de Trabajo","alternateName":"MPPPST","url":"https:\/\/www.mpppst.gob.ve\/mpppstweb\/","logo":{"@type":"ImageObject","inLanguage":"es","@id":"https:\/\/www.mpppst.gob.ve\/mpppstweb\/#\/schema\/logo\/image\/","url":"https:\/\/www.mpppst.gob.ve\/mpppstweb\/wp-content\/uploads\/2025\/07\/cropped-cropped-g910.png","contentUrl":"https:\/\/www.mpppst.gob.ve\/mpppstweb\/wp-content\/uploads\/2025\/07\/cropped-cropped-g910.png","width":1080,"height":241,"caption":"Ministerio del Poder Popular para el Proceso Social de Trabajo"},"image":{"@id":"https:\/\/www.mpppst.gob.ve\/mpppstweb\/#\/schema\/logo\/image\/"},"sameAs":["https:\/\/www.facebook.com\/mintrabajo_ve","https:\/\/www.instagram.com\/mintrabajo_ve\/","https:\/\/www.tiktok.com\/@mintrabajo_ve","https:\/\/t.me\/mpppst"]},{"@type":"Person","@id":"https:\/\/www.mpppst.gob.ve\/mpppstweb\/#\/schema\/person\/fc187ee8ead412bd4c9304b62f900ea4","name":"MPPPST Prensa","url":"https:\/\/www.mpppst.gob.ve\/mpppstweb\/index.php\/author\/prensa-mpppst\/"}]}},"_links":{"self":[{"href":"https:\/\/www.mpppst.gob.ve\/mpppstweb\/index.php\/wp-json\/wp\/v2\/posts\/19559","targetHints":{"allow":["GET"]}}],"collection":[{"href":"https:\/\/www.mpppst.gob.ve\/mpppstweb\/index.php\/wp-json\/wp\/v2\/posts"}],"about":[{"href":"https:\/\/www.mpppst.gob.ve\/mpppstweb\/index.php\/wp-json\/wp\/v2\/types\/post"}],"author":[{"embeddable":true,"href":"https:\/\/www.mpppst.gob.ve\/mpppstweb\/index.php\/wp-json\/wp\/v2\/users\/25"}],"replies":[{"embeddable":true,"href":"https:\/\/www.mpppst.gob.ve\/mpppstweb\/index.php\/wp-json\/wp\/v2\/comments?post=19559"}],"version-history":[{"count":1,"href":"https:\/\/www.mpppst.gob.ve\/mpppstweb\/index.php\/wp-json\/wp\/v2\/posts\/19559\/revisions"}],"predecessor-version":[{"id":19561,"href":"https:\/\/www.mpppst.gob.ve\/mpppstweb\/index.php\/wp-json\/wp\/v2\/posts\/19559\/revisions\/19561"}],"wp:featuredmedia":[{"embeddable":true,"href":"https:\/\/www.mpppst.gob.ve\/mpppstweb\/index.php\/wp-json\/wp\/v2\/media\/19560"}],"wp:attachment":[{"href":"https:\/\/www.mpppst.gob.ve\/mpppstweb\/index.php\/wp-json\/wp\/v2\/media?parent=19559"}],"wp:term":[{"taxonomy":"category","embeddable":true,"href":"https:\/\/www.mpppst.gob.ve\/mpppstweb\/index.php\/wp-json\/wp\/v2\/categories?post=19559"},{"taxonomy":"post_tag","embeddable":true,"href":"https:\/\/www.mpppst.gob.ve\/mpppstweb\/index.php\/wp-json\/wp\/v2\/tags?post=19559"}],"curies":[{"name":"wp","href":"https:\/\/api.w.org\/{rel}","templated":true}]}}