{"id":19562,"date":"2020-08-17T06:46:38","date_gmt":"2020-08-17T10:46:38","guid":{"rendered":"http:\/\/www.mpppst.gob.ve\/mpppstweb\/?p=19562"},"modified":"2020-08-17T06:46:39","modified_gmt":"2020-08-17T10:46:39","slug":"arriban-al-pais-230-medicos-cubanos-para-sumarse-a-la-lucha-contra-la-covid-19","status":"publish","type":"post","link":"https:\/\/www.mpppst.gob.ve\/mpppstweb\/index.php\/2020\/08\/17\/arriban-al-pais-230-medicos-cubanos-para-sumarse-a-la-lucha-contra-la-covid-19\/","title":{"rendered":"Arriban al pa\u00eds 230 m\u00e9dicos cubanos para sumarse a la lucha contra la COVID-19"},"content":{"rendered":"\n<p class=\"wp-block-paragraph\">Un total de 230 m\u00e9dicos cubanos arribaron la noche de este domingo a Venezuela, para sumarse a las brigadas de la Misi\u00f3n Barrio Adentro, que se encuentran desplegadas en el territorio nacional para combatir la pandemia por la COVID-19.&nbsp;<\/p>\n\n\n\n<p class=\"wp-block-paragraph\">La delegaci\u00f3n fue recibida por el ministro para Relaciones Exteriores, Jorge Arreaza, quien agradeci\u00f3 a Cuba por la solidaridad con Venezuela ante la situaci\u00f3n de la pandemia.&nbsp;<\/p>\n\n\n\n<p class=\"wp-block-paragraph\">\u201cAqu\u00ed en Venezuela son h\u00e9roes y hero\u00ednas, que arriesgan sus vidas para atender a nuestro pueblo. Gracias Cuba\u201d, expres\u00f3 el canciller venezolano.<\/p>\n\n\n\n<p class=\"wp-block-paragraph\">En este sentido, indic\u00f3 que esta uni\u00f3n entre la naciones forma parte del legado del l\u00edder de la Revoluci\u00f3n Bolivariana, Hugo Ch\u00e1vez, y de la Revoluci\u00f3n Cubana, Fidel Castro; quienes trabajaron para consolidar la uni\u00f3n de los pueblos.<\/p>\n\n\n\n<p class=\"wp-block-paragraph\">\u201cEsto fue lo que so\u00f1aron y construyeron Ch\u00e1vez y Fidel. Nos corresponde seguir llevando adelante los sue\u00f1os de nuestros Comandantes y demostrar al imperialismo norteamericano que nada ni nadie nos dividir\u00e1\u201d, recalc\u00f3 Arreaza durante la actividad, rese\u00f1ada por la canciller\u00eda venezolana en su cuenta en la red social Twitter.<\/p>\n\n\n\n<p class=\"wp-block-paragraph\">Record\u00f3 que fue hace 17 a\u00f1os que, gracias al convenio Cuba-Venezuela, arribaron al pa\u00eds los primeros m\u00e9dicos cubanos, a pesar de los constantes ataques promovidas por los sectores de la derecha.<\/p>\n\n\n\n<p class=\"wp-block-paragraph\">\u201cFue en el 2003 que llegaron los primeros m\u00e9dicos cubanos y ante los ataques (de la derecha) el pueblo venezolano los recibi\u00f3 con amor\u201d, se\u00f1al\u00f3.<\/p>\n\n\n\n<p class=\"wp-block-paragraph\">La delegaci\u00f3n se sumar\u00e1 a las brigadas que se encuentran en el pa\u00eds, para atender la situaci\u00f3n de la COVID-19 en Venezuela. Prensa Web VTV<\/p>\n","protected":false},"excerpt":{"rendered":"<p>Un total de 230 m\u00e9dicos cubanos arribaron la noche de este domingo a Venezuela, para sumarse &hellip; <a title=\"Arriban al pa\u00eds 230 m\u00e9dicos cubanos para sumarse a la lucha contra la COVID-19\" class=\"hm-read-more\" href=\"https:\/\/www.mpppst.gob.ve\/mpppstweb\/index.php\/2020\/08\/17\/arriban-al-pais-230-medicos-cubanos-para-sumarse-a-la-lucha-contra-la-covid-19\/\"><span class=\"screen-reader-text\">Arriban al pa\u00eds 230 m\u00e9dicos cubanos para sumarse a la lucha contra la COVID-19<\/span>Leer m\u00e1s<\/a><\/p>\n","protected":false},"author":25,"featured_media":19563,"comment_status":"closed","ping_status":"closed","sticky":false,"template":"","format":"standard","meta":{"footnotes":""},"categories":[82,163],"tags":[],"class_list":["post-19562","post","type-post","status-publish","format-standard","has-post-thumbnail","hentry","category-gobierno-nacional","category-noticias"],"yoast_head":"<!-- This site is optimized with the Yoast SEO plugin v28.4 - https:\/\/yoast.com\/product\/yoast-seo-wordpress\/ -->\n<title>Arriban al pa\u00eds 230 m\u00e9dicos cubanos para sumarse a la lucha contra la COVID-19 - MPPPST<\/title>\n<meta name=\"robots\" content=\"index, follow, max-snippet:-1, max-image-preview:large, max-video-preview:-1\" \/>\n<link rel=\"canonical\" href=\"https:\/\/www.mpppst.gob.ve\/mpppstweb\/index.php\/2020\/08\/17\/arriban-al-pais-230-medicos-cubanos-para-sumarse-a-la-lucha-contra-la-covid-19\/\" \/>\n<meta property=\"og:locale\" content=\"es_ES\" \/>\n<meta property=\"og:type\" content=\"article\" \/>\n<meta property=\"og:title\" content=\"Arriban al pa\u00eds 230 m\u00e9dicos cubanos para sumarse a la lucha contra la COVID-19 - MPPPST\" \/>\n<meta property=\"og:description\" content=\"Un total de 230 m\u00e9dicos cubanos arribaron la noche de este domingo a Venezuela, para sumarse &hellip; Arriban al pa\u00eds 230 m\u00e9dicos cubanos para sumarse a la lucha contra la COVID-19Leer m\u00e1s\" \/>\n<meta property=\"og:url\" content=\"https:\/\/www.mpppst.gob.ve\/mpppstweb\/index.php\/2020\/08\/17\/arriban-al-pais-230-medicos-cubanos-para-sumarse-a-la-lucha-contra-la-covid-19\/\" \/>\n<meta property=\"og:site_name\" content=\"MPPPST\" \/>\n<meta property=\"article:publisher\" content=\"https:\/\/www.facebook.com\/mintrabajo_ve\" \/>\n<meta property=\"article:published_time\" content=\"2020-08-17T10:46:38+00:00\" \/>\n<meta property=\"article:modified_time\" content=\"2020-08-17T10:46:39+00:00\" \/>\n<meta property=\"og:image\" content=\"https:\/\/www.mpppst.gob.ve\/mpppstweb\/wp-content\/uploads\/2020\/08\/WhatsApp-Image-2020-08-16-at-10.07.49-PM-768x427-1.jpeg\" \/>\n\t<meta property=\"og:image:width\" content=\"768\" \/>\n\t<meta property=\"og:image:height\" content=\"427\" \/>\n\t<meta property=\"og:image:type\" content=\"image\/jpeg\" \/>\n<meta name=\"author\" content=\"MPPPST Prensa\" \/>\n<meta name=\"twitter:card\" content=\"summary_large_image\" \/>\n<script type=\"application\/ld+json\" class=\"yoast-schema-graph\">{\"@context\":\"https:\\\/\\\/schema.org\",\"@graph\":[{\"@type\":\"Article\",\"@id\":\"https:\\\/\\\/www.mpppst.gob.ve\\\/mpppstweb\\\/index.php\\\/2020\\\/08\\\/17\\\/arriban-al-pais-230-medicos-cubanos-para-sumarse-a-la-lucha-contra-la-covid-19\\\/#article\",\"isPartOf\":{\"@id\":\"https:\\\/\\\/www.mpppst.gob.ve\\\/mpppstweb\\\/index.php\\\/2020\\\/08\\\/17\\\/arriban-al-pais-230-medicos-cubanos-para-sumarse-a-la-lucha-contra-la-covid-19\\\/\"},\"author\":{\"name\":\"MPPPST Prensa\",\"@id\":\"https:\\\/\\\/www.mpppst.gob.ve\\\/mpppstweb\\\/#\\\/schema\\\/person\\\/fc187ee8ead412bd4c9304b62f900ea4\"},\"headline\":\"Arriban al pa\u00eds 230 m\u00e9dicos cubanos para sumarse a la lucha contra la COVID-19\",\"datePublished\":\"2020-08-17T10:46:38+00:00\",\"dateModified\":\"2020-08-17T10:46:39+00:00\",\"mainEntityOfPage\":{\"@id\":\"https:\\\/\\\/www.mpppst.gob.ve\\\/mpppstweb\\\/index.php\\\/2020\\\/08\\\/17\\\/arriban-al-pais-230-medicos-cubanos-para-sumarse-a-la-lucha-contra-la-covid-19\\\/\"},\"wordCount\":295,\"publisher\":{\"@id\":\"https:\\\/\\\/www.mpppst.gob.ve\\\/mpppstweb\\\/#organization\"},\"image\":{\"@id\":\"https:\\\/\\\/www.mpppst.gob.ve\\\/mpppstweb\\\/index.php\\\/2020\\\/08\\\/17\\\/arriban-al-pais-230-medicos-cubanos-para-sumarse-a-la-lucha-contra-la-covid-19\\\/#primaryimage\"},\"thumbnailUrl\":\"https:\\\/\\\/www.mpppst.gob.ve\\\/mpppstweb\\\/wp-content\\\/uploads\\\/2020\\\/08\\\/WhatsApp-Image-2020-08-16-at-10.07.49-PM-768x427-1.jpeg\",\"articleSection\":[\"Gobierno Nacional\",\"Noticias\"],\"inLanguage\":\"es\"},{\"@type\":\"WebPage\",\"@id\":\"https:\\\/\\\/www.mpppst.gob.ve\\\/mpppstweb\\\/index.php\\\/2020\\\/08\\\/17\\\/arriban-al-pais-230-medicos-cubanos-para-sumarse-a-la-lucha-contra-la-covid-19\\\/\",\"url\":\"https:\\\/\\\/www.mpppst.gob.ve\\\/mpppstweb\\\/index.php\\\/2020\\\/08\\\/17\\\/arriban-al-pais-230-medicos-cubanos-para-sumarse-a-la-lucha-contra-la-covid-19\\\/\",\"name\":\"Arriban al pa\u00eds 230 m\u00e9dicos cubanos para sumarse a la lucha contra la COVID-19 - MPPPST\",\"isPartOf\":{\"@id\":\"https:\\\/\\\/www.mpppst.gob.ve\\\/mpppstweb\\\/#website\"},\"primaryImageOfPage\":{\"@id\":\"https:\\\/\\\/www.mpppst.gob.ve\\\/mpppstweb\\\/index.php\\\/2020\\\/08\\\/17\\\/arriban-al-pais-230-medicos-cubanos-para-sumarse-a-la-lucha-contra-la-covid-19\\\/#primaryimage\"},\"image\":{\"@id\":\"https:\\\/\\\/www.mpppst.gob.ve\\\/mpppstweb\\\/index.php\\\/2020\\\/08\\\/17\\\/arriban-al-pais-230-medicos-cubanos-para-sumarse-a-la-lucha-contra-la-covid-19\\\/#primaryimage\"},\"thumbnailUrl\":\"https:\\\/\\\/www.mpppst.gob.ve\\\/mpppstweb\\\/wp-content\\\/uploads\\\/2020\\\/08\\\/WhatsApp-Image-2020-08-16-at-10.07.49-PM-768x427-1.jpeg\",\"datePublished\":\"2020-08-17T10:46:38+00:00\",\"dateModified\":\"2020-08-17T10:46:39+00:00\",\"breadcrumb\":{\"@id\":\"https:\\\/\\\/www.mpppst.gob.ve\\\/mpppstweb\\\/index.php\\\/2020\\\/08\\\/17\\\/arriban-al-pais-230-medicos-cubanos-para-sumarse-a-la-lucha-contra-la-covid-19\\\/#breadcrumb\"},\"inLanguage\":\"es\",\"potentialAction\":[{\"@type\":\"ReadAction\",\"target\":[\"https:\\\/\\\/www.mpppst.gob.ve\\\/mpppstweb\\\/index.php\\\/2020\\\/08\\\/17\\\/arriban-al-pais-230-medicos-cubanos-para-sumarse-a-la-lucha-contra-la-covid-19\\\/\"]}]},{\"@type\":\"ImageObject\",\"inLanguage\":\"es\",\"@id\":\"https:\\\/\\\/www.mpppst.gob.ve\\\/mpppstweb\\\/index.php\\\/2020\\\/08\\\/17\\\/arriban-al-pais-230-medicos-cubanos-para-sumarse-a-la-lucha-contra-la-covid-19\\\/#primaryimage\",\"url\":\"https:\\\/\\\/www.mpppst.gob.ve\\\/mpppstweb\\\/wp-content\\\/uploads\\\/2020\\\/08\\\/WhatsApp-Image-2020-08-16-at-10.07.49-PM-768x427-1.jpeg\",\"contentUrl\":\"https:\\\/\\\/www.mpppst.gob.ve\\\/mpppstweb\\\/wp-content\\\/uploads\\\/2020\\\/08\\\/WhatsApp-Image-2020-08-16-at-10.07.49-PM-768x427-1.jpeg\",\"width\":768,\"height\":427},{\"@type\":\"BreadcrumbList\",\"@id\":\"https:\\\/\\\/www.mpppst.gob.ve\\\/mpppstweb\\\/index.php\\\/2020\\\/08\\\/17\\\/arriban-al-pais-230-medicos-cubanos-para-sumarse-a-la-lucha-contra-la-covid-19\\\/#breadcrumb\",\"itemListElement\":[{\"@type\":\"ListItem\",\"position\":1,\"name\":\"Home\",\"item\":\"https:\\\/\\\/www.mpppst.gob.ve\\\/mpppstweb\\\/\"},{\"@type\":\"ListItem\",\"position\":2,\"name\":\"Arriban al pa\u00eds 230 m\u00e9dicos cubanos para sumarse a la lucha contra la COVID-19\"}]},{\"@type\":\"WebSite\",\"@id\":\"https:\\\/\\\/www.mpppst.gob.ve\\\/mpppstweb\\\/#website\",\"url\":\"https:\\\/\\\/www.mpppst.gob.ve\\\/mpppstweb\\\/\",\"name\":\"MPPPST\",\"description\":\"Sitio web oficial del Ministerio del Poder Popular para el Proceso Social de Trabajo\",\"publisher\":{\"@id\":\"https:\\\/\\\/www.mpppst.gob.ve\\\/mpppstweb\\\/#organization\"},\"alternateName\":\"Ministerio del Poder Popular para el Proceso Social de Trabajo\",\"potentialAction\":[{\"@type\":\"SearchAction\",\"target\":{\"@type\":\"EntryPoint\",\"urlTemplate\":\"https:\\\/\\\/www.mpppst.gob.ve\\\/mpppstweb\\\/?s={search_term_string}\"},\"query-input\":{\"@type\":\"PropertyValueSpecification\",\"valueRequired\":true,\"valueName\":\"search_term_string\"}}],\"inLanguage\":\"es\"},{\"@type\":\"Organization\",\"@id\":\"https:\\\/\\\/www.mpppst.gob.ve\\\/mpppstweb\\\/#organization\",\"name\":\"Ministerio del Poder Popular para el Proceso Social de Trabajo\",\"alternateName\":\"MPPPST\",\"url\":\"https:\\\/\\\/www.mpppst.gob.ve\\\/mpppstweb\\\/\",\"logo\":{\"@type\":\"ImageObject\",\"inLanguage\":\"es\",\"@id\":\"https:\\\/\\\/www.mpppst.gob.ve\\\/mpppstweb\\\/#\\\/schema\\\/logo\\\/image\\\/\",\"url\":\"https:\\\/\\\/www.mpppst.gob.ve\\\/mpppstweb\\\/wp-content\\\/uploads\\\/2025\\\/07\\\/cropped-cropped-g910.png\",\"contentUrl\":\"https:\\\/\\\/www.mpppst.gob.ve\\\/mpppstweb\\\/wp-content\\\/uploads\\\/2025\\\/07\\\/cropped-cropped-g910.png\",\"width\":1080,\"height\":241,\"caption\":\"Ministerio del Poder Popular para el Proceso Social de Trabajo\"},\"image\":{\"@id\":\"https:\\\/\\\/www.mpppst.gob.ve\\\/mpppstweb\\\/#\\\/schema\\\/logo\\\/image\\\/\"},\"sameAs\":[\"https:\\\/\\\/www.facebook.com\\\/mintrabajo_ve\",\"https:\\\/\\\/www.instagram.com\\\/mintrabajo_ve\\\/\",\"https:\\\/\\\/www.tiktok.com\\\/@mintrabajo_ve\",\"https:\\\/\\\/t.me\\\/mpppst\"]},{\"@type\":\"Person\",\"@id\":\"https:\\\/\\\/www.mpppst.gob.ve\\\/mpppstweb\\\/#\\\/schema\\\/person\\\/fc187ee8ead412bd4c9304b62f900ea4\",\"name\":\"MPPPST Prensa\",\"url\":\"https:\\\/\\\/www.mpppst.gob.ve\\\/mpppstweb\\\/index.php\\\/author\\\/prensa-mpppst\\\/\"}]}<\/script>\n<!-- \/ Yoast SEO plugin. -->","yoast_head_json":{"title":"Arriban al pa\u00eds 230 m\u00e9dicos cubanos para sumarse a la lucha contra la COVID-19 - MPPPST","robots":{"index":"index","follow":"follow","max-snippet":"max-snippet:-1","max-image-preview":"max-image-preview:large","max-video-preview":"max-video-preview:-1"},"canonical":"https:\/\/www.mpppst.gob.ve\/mpppstweb\/index.php\/2020\/08\/17\/arriban-al-pais-230-medicos-cubanos-para-sumarse-a-la-lucha-contra-la-covid-19\/","og_locale":"es_ES","og_type":"article","og_title":"Arriban al pa\u00eds 230 m\u00e9dicos cubanos para sumarse a la lucha contra la COVID-19 - MPPPST","og_description":"Un total de 230 m\u00e9dicos cubanos arribaron la noche de este domingo a Venezuela, para sumarse &hellip; Arriban al pa\u00eds 230 m\u00e9dicos cubanos para sumarse a la lucha contra la COVID-19Leer m\u00e1s","og_url":"https:\/\/www.mpppst.gob.ve\/mpppstweb\/index.php\/2020\/08\/17\/arriban-al-pais-230-medicos-cubanos-para-sumarse-a-la-lucha-contra-la-covid-19\/","og_site_name":"MPPPST","article_publisher":"https:\/\/www.facebook.com\/mintrabajo_ve","article_published_time":"2020-08-17T10:46:38+00:00","article_modified_time":"2020-08-17T10:46:39+00:00","og_image":[{"width":768,"height":427,"url":"https:\/\/www.mpppst.gob.ve\/mpppstweb\/wp-content\/uploads\/2020\/08\/WhatsApp-Image-2020-08-16-at-10.07.49-PM-768x427-1.jpeg","type":"image\/jpeg"}],"author":"MPPPST Prensa","twitter_card":"summary_large_image","schema":{"@context":"https:\/\/schema.org","@graph":[{"@type":"Article","@id":"https:\/\/www.mpppst.gob.ve\/mpppstweb\/index.php\/2020\/08\/17\/arriban-al-pais-230-medicos-cubanos-para-sumarse-a-la-lucha-contra-la-covid-19\/#article","isPartOf":{"@id":"https:\/\/www.mpppst.gob.ve\/mpppstweb\/index.php\/2020\/08\/17\/arriban-al-pais-230-medicos-cubanos-para-sumarse-a-la-lucha-contra-la-covid-19\/"},"author":{"name":"MPPPST Prensa","@id":"https:\/\/www.mpppst.gob.ve\/mpppstweb\/#\/schema\/person\/fc187ee8ead412bd4c9304b62f900ea4"},"headline":"Arriban al pa\u00eds 230 m\u00e9dicos cubanos para sumarse a la lucha contra la COVID-19","datePublished":"2020-08-17T10:46:38+00:00","dateModified":"2020-08-17T10:46:39+00:00","mainEntityOfPage":{"@id":"https:\/\/www.mpppst.gob.ve\/mpppstweb\/index.php\/2020\/08\/17\/arriban-al-pais-230-medicos-cubanos-para-sumarse-a-la-lucha-contra-la-covid-19\/"},"wordCount":295,"publisher":{"@id":"https:\/\/www.mpppst.gob.ve\/mpppstweb\/#organization"},"image":{"@id":"https:\/\/www.mpppst.gob.ve\/mpppstweb\/index.php\/2020\/08\/17\/arriban-al-pais-230-medicos-cubanos-para-sumarse-a-la-lucha-contra-la-covid-19\/#primaryimage"},"thumbnailUrl":"https:\/\/www.mpppst.gob.ve\/mpppstweb\/wp-content\/uploads\/2020\/08\/WhatsApp-Image-2020-08-16-at-10.07.49-PM-768x427-1.jpeg","articleSection":["Gobierno Nacional","Noticias"],"inLanguage":"es"},{"@type":"WebPage","@id":"https:\/\/www.mpppst.gob.ve\/mpppstweb\/index.php\/2020\/08\/17\/arriban-al-pais-230-medicos-cubanos-para-sumarse-a-la-lucha-contra-la-covid-19\/","url":"https:\/\/www.mpppst.gob.ve\/mpppstweb\/index.php\/2020\/08\/17\/arriban-al-pais-230-medicos-cubanos-para-sumarse-a-la-lucha-contra-la-covid-19\/","name":"Arriban al pa\u00eds 230 m\u00e9dicos cubanos para sumarse a la lucha contra la COVID-19 - MPPPST","isPartOf":{"@id":"https:\/\/www.mpppst.gob.ve\/mpppstweb\/#website"},"primaryImageOfPage":{"@id":"https:\/\/www.mpppst.gob.ve\/mpppstweb\/index.php\/2020\/08\/17\/arriban-al-pais-230-medicos-cubanos-para-sumarse-a-la-lucha-contra-la-covid-19\/#primaryimage"},"image":{"@id":"https:\/\/www.mpppst.gob.ve\/mpppstweb\/index.php\/2020\/08\/17\/arriban-al-pais-230-medicos-cubanos-para-sumarse-a-la-lucha-contra-la-covid-19\/#primaryimage"},"thumbnailUrl":"https:\/\/www.mpppst.gob.ve\/mpppstweb\/wp-content\/uploads\/2020\/08\/WhatsApp-Image-2020-08-16-at-10.07.49-PM-768x427-1.jpeg","datePublished":"2020-08-17T10:46:38+00:00","dateModified":"2020-08-17T10:46:39+00:00","breadcrumb":{"@id":"https:\/\/www.mpppst.gob.ve\/mpppstweb\/index.php\/2020\/08\/17\/arriban-al-pais-230-medicos-cubanos-para-sumarse-a-la-lucha-contra-la-covid-19\/#breadcrumb"},"inLanguage":"es","potentialAction":[{"@type":"ReadAction","target":["https:\/\/www.mpppst.gob.ve\/mpppstweb\/index.php\/2020\/08\/17\/arriban-al-pais-230-medicos-cubanos-para-sumarse-a-la-lucha-contra-la-covid-19\/"]}]},{"@type":"ImageObject","inLanguage":"es","@id":"https:\/\/www.mpppst.gob.ve\/mpppstweb\/index.php\/2020\/08\/17\/arriban-al-pais-230-medicos-cubanos-para-sumarse-a-la-lucha-contra-la-covid-19\/#primaryimage","url":"https:\/\/www.mpppst.gob.ve\/mpppstweb\/wp-content\/uploads\/2020\/08\/WhatsApp-Image-2020-08-16-at-10.07.49-PM-768x427-1.jpeg","contentUrl":"https:\/\/www.mpppst.gob.ve\/mpppstweb\/wp-content\/uploads\/2020\/08\/WhatsApp-Image-2020-08-16-at-10.07.49-PM-768x427-1.jpeg","width":768,"height":427},{"@type":"BreadcrumbList","@id":"https:\/\/www.mpppst.gob.ve\/mpppstweb\/index.php\/2020\/08\/17\/arriban-al-pais-230-medicos-cubanos-para-sumarse-a-la-lucha-contra-la-covid-19\/#breadcrumb","itemListElement":[{"@type":"ListItem","position":1,"name":"Home","item":"https:\/\/www.mpppst.gob.ve\/mpppstweb\/"},{"@type":"ListItem","position":2,"name":"Arriban al pa\u00eds 230 m\u00e9dicos cubanos para sumarse a la lucha contra la COVID-19"}]},{"@type":"WebSite","@id":"https:\/\/www.mpppst.gob.ve\/mpppstweb\/#website","url":"https:\/\/www.mpppst.gob.ve\/mpppstweb\/","name":"MPPPST","description":"Sitio web oficial del Ministerio del Poder Popular para el Proceso Social de Trabajo","publisher":{"@id":"https:\/\/www.mpppst.gob.ve\/mpppstweb\/#organization"},"alternateName":"Ministerio del Poder Popular para el Proceso Social de Trabajo","potentialAction":[{"@type":"SearchAction","target":{"@type":"EntryPoint","urlTemplate":"https:\/\/www.mpppst.gob.ve\/mpppstweb\/?s={search_term_string}"},"query-input":{"@type":"PropertyValueSpecification","valueRequired":true,"valueName":"search_term_string"}}],"inLanguage":"es"},{"@type":"Organization","@id":"https:\/\/www.mpppst.gob.ve\/mpppstweb\/#organization","name":"Ministerio del Poder Popular para el Proceso Social de Trabajo","alternateName":"MPPPST","url":"https:\/\/www.mpppst.gob.ve\/mpppstweb\/","logo":{"@type":"ImageObject","inLanguage":"es","@id":"https:\/\/www.mpppst.gob.ve\/mpppstweb\/#\/schema\/logo\/image\/","url":"https:\/\/www.mpppst.gob.ve\/mpppstweb\/wp-content\/uploads\/2025\/07\/cropped-cropped-g910.png","contentUrl":"https:\/\/www.mpppst.gob.ve\/mpppstweb\/wp-content\/uploads\/2025\/07\/cropped-cropped-g910.png","width":1080,"height":241,"caption":"Ministerio del Poder Popular para el Proceso Social de Trabajo"},"image":{"@id":"https:\/\/www.mpppst.gob.ve\/mpppstweb\/#\/schema\/logo\/image\/"},"sameAs":["https:\/\/www.facebook.com\/mintrabajo_ve","https:\/\/www.instagram.com\/mintrabajo_ve\/","https:\/\/www.tiktok.com\/@mintrabajo_ve","https:\/\/t.me\/mpppst"]},{"@type":"Person","@id":"https:\/\/www.mpppst.gob.ve\/mpppstweb\/#\/schema\/person\/fc187ee8ead412bd4c9304b62f900ea4","name":"MPPPST Prensa","url":"https:\/\/www.mpppst.gob.ve\/mpppstweb\/index.php\/author\/prensa-mpppst\/"}]}},"_links":{"self":[{"href":"https:\/\/www.mpppst.gob.ve\/mpppstweb\/index.php\/wp-json\/wp\/v2\/posts\/19562","targetHints":{"allow":["GET"]}}],"collection":[{"href":"https:\/\/www.mpppst.gob.ve\/mpppstweb\/index.php\/wp-json\/wp\/v2\/posts"}],"about":[{"href":"https:\/\/www.mpppst.gob.ve\/mpppstweb\/index.php\/wp-json\/wp\/v2\/types\/post"}],"author":[{"embeddable":true,"href":"https:\/\/www.mpppst.gob.ve\/mpppstweb\/index.php\/wp-json\/wp\/v2\/users\/25"}],"replies":[{"embeddable":true,"href":"https:\/\/www.mpppst.gob.ve\/mpppstweb\/index.php\/wp-json\/wp\/v2\/comments?post=19562"}],"version-history":[{"count":1,"href":"https:\/\/www.mpppst.gob.ve\/mpppstweb\/index.php\/wp-json\/wp\/v2\/posts\/19562\/revisions"}],"predecessor-version":[{"id":19564,"href":"https:\/\/www.mpppst.gob.ve\/mpppstweb\/index.php\/wp-json\/wp\/v2\/posts\/19562\/revisions\/19564"}],"wp:featuredmedia":[{"embeddable":true,"href":"https:\/\/www.mpppst.gob.ve\/mpppstweb\/index.php\/wp-json\/wp\/v2\/media\/19563"}],"wp:attachment":[{"href":"https:\/\/www.mpppst.gob.ve\/mpppstweb\/index.php\/wp-json\/wp\/v2\/media?parent=19562"}],"wp:term":[{"taxonomy":"category","embeddable":true,"href":"https:\/\/www.mpppst.gob.ve\/mpppstweb\/index.php\/wp-json\/wp\/v2\/categories?post=19562"},{"taxonomy":"post_tag","embeddable":true,"href":"https:\/\/www.mpppst.gob.ve\/mpppstweb\/index.php\/wp-json\/wp\/v2\/tags?post=19562"}],"curies":[{"name":"wp","href":"https:\/\/api.w.org\/{rel}","templated":true}]}}