{"id":19571,"date":"2020-08-17T06:54:35","date_gmt":"2020-08-17T10:54:35","guid":{"rendered":"http:\/\/www.mpppst.gob.ve\/mpppstweb\/?p=19571"},"modified":"2020-08-17T06:54:36","modified_gmt":"2020-08-17T10:54:36","slug":"a-partir-de-este-lunes-despliegan-en-zulia-alianza-civico-militar-para-garantizar-cumplimiento-de-cuarentena-radical","status":"publish","type":"post","link":"https:\/\/www.mpppst.gob.ve\/mpppstweb\/index.php\/2020\/08\/17\/a-partir-de-este-lunes-despliegan-en-zulia-alianza-civico-militar-para-garantizar-cumplimiento-de-cuarentena-radical\/","title":{"rendered":"A partir de este lunes despliegan en Zulia alianza c\u00edvico-militar para garantizar cumplimiento de cuarentena radical"},"content":{"rendered":"\n<p class=\"wp-block-paragraph\">\u201cEstamos haciendo un despliegue de ZODI (Zona Operativa de Defensa Integral) y REDI&nbsp; (Regi\u00f3n Estrat\u00e9gica de Desarrollo Integral) para garantizar la cuarentena radical en el estado Zulia, anunci\u00f3 el gobernador de esta entidad federal,&nbsp;<strong>Omar Prieto,&nbsp;<\/strong>en un pase satelital con el jefe de Estado venezolano,<strong>&nbsp;Nicol\u00e1s Maduro,&nbsp;<\/strong>durante la jornada de trabajo de balance de la<a href=\"https:\/\/www.vtv.gob.ve\/presidente-maduro-llamado-acudir-a-tiempo-sistema-salud\/\">&nbsp;COVID-19.&nbsp;<\/a>&nbsp;<\/p>\n\n\n\n<p class=\"wp-block-paragraph\">Dijo que toda la&nbsp;<strong>Fuerza Armada Nacional Bolivariana (FANB), Polic\u00eda, Protecci\u00f3n Civil, las diferentes intendencias que hay en el estado, as\u00ed como el Poder Popular<\/strong>&nbsp;estar\u00e1n en la calle para supervisar desde este lunes 17 hasta el domingo 23 de agosto el cumplimiento de los protocolos de bioseguridad contra el Coronavirus.<\/p>\n\n\n\n<p class=\"wp-block-paragraph\">En cada establecimiento, los cuales trabajar\u00e1n hasta las 2:00 de la tarde, solo sectores priorizados, de alimentaci\u00f3n y medicamentos, debe haber un personal que se encargue de colocar el gel antibacterial a personas que est\u00e1n entrando o saliendo del negocio, explic\u00f3 Prieto.<\/p>\n\n\n\n<p class=\"wp-block-paragraph\">Asimismo, inform\u00f3 que en el mercado Las Pulgas se han colocado unos t\u00faneles de desinfecci\u00f3n que est\u00e1n dispuestos en cinco entradas y cinco salidas, \u201cestamos invitando a los due\u00f1os de los comercios que deben garantizar adem\u00e1s de las medidas de protecci\u00f3n, la explicaci\u00f3n correspondiente al respeto a las medidas de bioseguridad\u201d.<\/p>\n\n\n\n<p class=\"wp-block-paragraph\">Entre tanto, la brigada cubana Che Guevara, acot\u00f3, se desplegar\u00e1 tambi\u00e9n a partir de este lunes por las parroquias de mayor concentraci\u00f3n de contagios. Alrededor del mercado Las Pulgas en el municipio&nbsp;<strong>Maracaibo,<\/strong>&nbsp;parroquias&nbsp;<strong>Coquivacoa, Cristo de Aranza y Francisco Eugenio Bustamante.<\/strong><\/p>\n\n\n\n<p class=\"wp-block-paragraph\">El mandatario zuliano destac\u00f3 que siguiendo las recomendaciones del Estado Mayor de Salud se activar\u00e1 un plan de cierre, al m\u00e1ximo, de desplazamiento de personas de municipio a municipio a fin de resguardar los municipios metropolitanos: Maracaibo, San Francisco, La Ca\u00f1ada y Jes\u00fas Enrique Lossada.<\/p>\n\n\n\n<p class=\"wp-block-paragraph\">Precis\u00f3 que solo ser\u00e1n exceptuados los sectores priorizados: alimentos, salud y servicios p\u00fablicos b\u00e1sicos, \u201clos particulares que tengan que movilizarse deber\u00e1n tener un salvoconducto que lo entrega directamente la ZODI. La medida nos permite evitar contagios\u201d.<\/p>\n\n\n\n<p class=\"wp-block-paragraph\">En referencia a los connacionales, detall\u00f3 que tienen en los PASI (Puestos de Atenci\u00f3n Social Integral) fronterizos 1.782 venezolanos, quienes vienen huyendo de Colombia, que est\u00e1n debidamente atendidos en salud, alimentaci\u00f3n e incluso en recreaci\u00f3n, y en cuanto a los PASI Comunitarios, ubicados en&nbsp; centro del Zulia, cuentan con cinco hospitales sanitarios.<\/p>\n\n\n\n<p class=\"wp-block-paragraph\">Prensa Web VTV<\/p>\n","protected":false},"excerpt":{"rendered":"<p>\u201cEstamos haciendo un despliegue de ZODI (Zona Operativa de Defensa Integral) y REDI&nbsp; (Regi\u00f3n Estrat\u00e9gica de &hellip; <a title=\"A partir de este lunes despliegan en Zulia alianza c\u00edvico-militar para garantizar cumplimiento de cuarentena radical\" class=\"hm-read-more\" href=\"https:\/\/www.mpppst.gob.ve\/mpppstweb\/index.php\/2020\/08\/17\/a-partir-de-este-lunes-despliegan-en-zulia-alianza-civico-militar-para-garantizar-cumplimiento-de-cuarentena-radical\/\"><span class=\"screen-reader-text\">A partir de este lunes despliegan en Zulia alianza c\u00edvico-militar para garantizar cumplimiento de cuarentena radical<\/span>Leer m\u00e1s<\/a><\/p>\n","protected":false},"author":25,"featured_media":19572,"comment_status":"closed","ping_status":"closed","sticky":false,"template":"","format":"standard","meta":{"footnotes":""},"categories":[82,163],"tags":[],"class_list":["post-19571","post","type-post","status-publish","format-standard","has-post-thumbnail","hentry","category-gobierno-nacional","category-noticias"],"yoast_head":"<!-- This site is optimized with the Yoast SEO plugin v28.4 - https:\/\/yoast.com\/product\/yoast-seo-wordpress\/ -->\n<title>A partir de este lunes despliegan en Zulia alianza c\u00edvico-militar para garantizar cumplimiento de cuarentena radical - MPPPST<\/title>\n<meta name=\"robots\" content=\"index, follow, max-snippet:-1, max-image-preview:large, max-video-preview:-1\" \/>\n<link rel=\"canonical\" href=\"https:\/\/www.mpppst.gob.ve\/mpppstweb\/index.php\/2020\/08\/17\/a-partir-de-este-lunes-despliegan-en-zulia-alianza-civico-militar-para-garantizar-cumplimiento-de-cuarentena-radical\/\" \/>\n<meta property=\"og:locale\" content=\"es_ES\" \/>\n<meta property=\"og:type\" content=\"article\" \/>\n<meta property=\"og:title\" content=\"A partir de este lunes despliegan en Zulia alianza c\u00edvico-militar para garantizar cumplimiento de cuarentena radical - MPPPST\" \/>\n<meta property=\"og:description\" content=\"\u201cEstamos haciendo un despliegue de ZODI (Zona Operativa de Defensa Integral) y REDI&nbsp; (Regi\u00f3n Estrat\u00e9gica de &hellip; A partir de este lunes despliegan en Zulia alianza c\u00edvico-militar para garantizar cumplimiento de cuarentena radicalLeer m\u00e1s\" \/>\n<meta property=\"og:url\" content=\"https:\/\/www.mpppst.gob.ve\/mpppstweb\/index.php\/2020\/08\/17\/a-partir-de-este-lunes-despliegan-en-zulia-alianza-civico-militar-para-garantizar-cumplimiento-de-cuarentena-radical\/\" \/>\n<meta property=\"og:site_name\" content=\"MPPPST\" \/>\n<meta property=\"article:publisher\" content=\"https:\/\/www.facebook.com\/mintrabajo_ve\" \/>\n<meta property=\"article:published_time\" content=\"2020-08-17T10:54:35+00:00\" \/>\n<meta property=\"article:modified_time\" content=\"2020-08-17T10:54:36+00:00\" \/>\n<meta property=\"og:image\" content=\"https:\/\/www.mpppst.gob.ve\/mpppstweb\/wp-content\/uploads\/2020\/08\/omar-prieto-768x427-1.jpg\" \/>\n\t<meta property=\"og:image:width\" content=\"768\" \/>\n\t<meta property=\"og:image:height\" content=\"427\" \/>\n\t<meta property=\"og:image:type\" content=\"image\/jpeg\" \/>\n<meta name=\"author\" content=\"MPPPST Prensa\" \/>\n<meta name=\"twitter:card\" content=\"summary_large_image\" \/>\n<script type=\"application\/ld+json\" class=\"yoast-schema-graph\">{\"@context\":\"https:\\\/\\\/schema.org\",\"@graph\":[{\"@type\":\"Article\",\"@id\":\"https:\\\/\\\/www.mpppst.gob.ve\\\/mpppstweb\\\/index.php\\\/2020\\\/08\\\/17\\\/a-partir-de-este-lunes-despliegan-en-zulia-alianza-civico-militar-para-garantizar-cumplimiento-de-cuarentena-radical\\\/#article\",\"isPartOf\":{\"@id\":\"https:\\\/\\\/www.mpppst.gob.ve\\\/mpppstweb\\\/index.php\\\/2020\\\/08\\\/17\\\/a-partir-de-este-lunes-despliegan-en-zulia-alianza-civico-militar-para-garantizar-cumplimiento-de-cuarentena-radical\\\/\"},\"author\":{\"name\":\"MPPPST Prensa\",\"@id\":\"https:\\\/\\\/www.mpppst.gob.ve\\\/mpppstweb\\\/#\\\/schema\\\/person\\\/fc187ee8ead412bd4c9304b62f900ea4\"},\"headline\":\"A partir de este lunes despliegan en Zulia alianza c\u00edvico-militar para garantizar cumplimiento de cuarentena radical\",\"datePublished\":\"2020-08-17T10:54:35+00:00\",\"dateModified\":\"2020-08-17T10:54:36+00:00\",\"mainEntityOfPage\":{\"@id\":\"https:\\\/\\\/www.mpppst.gob.ve\\\/mpppstweb\\\/index.php\\\/2020\\\/08\\\/17\\\/a-partir-de-este-lunes-despliegan-en-zulia-alianza-civico-militar-para-garantizar-cumplimiento-de-cuarentena-radical\\\/\"},\"wordCount\":436,\"publisher\":{\"@id\":\"https:\\\/\\\/www.mpppst.gob.ve\\\/mpppstweb\\\/#organization\"},\"image\":{\"@id\":\"https:\\\/\\\/www.mpppst.gob.ve\\\/mpppstweb\\\/index.php\\\/2020\\\/08\\\/17\\\/a-partir-de-este-lunes-despliegan-en-zulia-alianza-civico-militar-para-garantizar-cumplimiento-de-cuarentena-radical\\\/#primaryimage\"},\"thumbnailUrl\":\"https:\\\/\\\/www.mpppst.gob.ve\\\/mpppstweb\\\/wp-content\\\/uploads\\\/2020\\\/08\\\/omar-prieto-768x427-1.jpg\",\"articleSection\":[\"Gobierno Nacional\",\"Noticias\"],\"inLanguage\":\"es\"},{\"@type\":\"WebPage\",\"@id\":\"https:\\\/\\\/www.mpppst.gob.ve\\\/mpppstweb\\\/index.php\\\/2020\\\/08\\\/17\\\/a-partir-de-este-lunes-despliegan-en-zulia-alianza-civico-militar-para-garantizar-cumplimiento-de-cuarentena-radical\\\/\",\"url\":\"https:\\\/\\\/www.mpppst.gob.ve\\\/mpppstweb\\\/index.php\\\/2020\\\/08\\\/17\\\/a-partir-de-este-lunes-despliegan-en-zulia-alianza-civico-militar-para-garantizar-cumplimiento-de-cuarentena-radical\\\/\",\"name\":\"A partir de este lunes despliegan en Zulia alianza c\u00edvico-militar para garantizar cumplimiento de cuarentena radical - MPPPST\",\"isPartOf\":{\"@id\":\"https:\\\/\\\/www.mpppst.gob.ve\\\/mpppstweb\\\/#website\"},\"primaryImageOfPage\":{\"@id\":\"https:\\\/\\\/www.mpppst.gob.ve\\\/mpppstweb\\\/index.php\\\/2020\\\/08\\\/17\\\/a-partir-de-este-lunes-despliegan-en-zulia-alianza-civico-militar-para-garantizar-cumplimiento-de-cuarentena-radical\\\/#primaryimage\"},\"image\":{\"@id\":\"https:\\\/\\\/www.mpppst.gob.ve\\\/mpppstweb\\\/index.php\\\/2020\\\/08\\\/17\\\/a-partir-de-este-lunes-despliegan-en-zulia-alianza-civico-militar-para-garantizar-cumplimiento-de-cuarentena-radical\\\/#primaryimage\"},\"thumbnailUrl\":\"https:\\\/\\\/www.mpppst.gob.ve\\\/mpppstweb\\\/wp-content\\\/uploads\\\/2020\\\/08\\\/omar-prieto-768x427-1.jpg\",\"datePublished\":\"2020-08-17T10:54:35+00:00\",\"dateModified\":\"2020-08-17T10:54:36+00:00\",\"breadcrumb\":{\"@id\":\"https:\\\/\\\/www.mpppst.gob.ve\\\/mpppstweb\\\/index.php\\\/2020\\\/08\\\/17\\\/a-partir-de-este-lunes-despliegan-en-zulia-alianza-civico-militar-para-garantizar-cumplimiento-de-cuarentena-radical\\\/#breadcrumb\"},\"inLanguage\":\"es\",\"potentialAction\":[{\"@type\":\"ReadAction\",\"target\":[\"https:\\\/\\\/www.mpppst.gob.ve\\\/mpppstweb\\\/index.php\\\/2020\\\/08\\\/17\\\/a-partir-de-este-lunes-despliegan-en-zulia-alianza-civico-militar-para-garantizar-cumplimiento-de-cuarentena-radical\\\/\"]}]},{\"@type\":\"ImageObject\",\"inLanguage\":\"es\",\"@id\":\"https:\\\/\\\/www.mpppst.gob.ve\\\/mpppstweb\\\/index.php\\\/2020\\\/08\\\/17\\\/a-partir-de-este-lunes-despliegan-en-zulia-alianza-civico-militar-para-garantizar-cumplimiento-de-cuarentena-radical\\\/#primaryimage\",\"url\":\"https:\\\/\\\/www.mpppst.gob.ve\\\/mpppstweb\\\/wp-content\\\/uploads\\\/2020\\\/08\\\/omar-prieto-768x427-1.jpg\",\"contentUrl\":\"https:\\\/\\\/www.mpppst.gob.ve\\\/mpppstweb\\\/wp-content\\\/uploads\\\/2020\\\/08\\\/omar-prieto-768x427-1.jpg\",\"width\":768,\"height\":427},{\"@type\":\"BreadcrumbList\",\"@id\":\"https:\\\/\\\/www.mpppst.gob.ve\\\/mpppstweb\\\/index.php\\\/2020\\\/08\\\/17\\\/a-partir-de-este-lunes-despliegan-en-zulia-alianza-civico-militar-para-garantizar-cumplimiento-de-cuarentena-radical\\\/#breadcrumb\",\"itemListElement\":[{\"@type\":\"ListItem\",\"position\":1,\"name\":\"Home\",\"item\":\"https:\\\/\\\/www.mpppst.gob.ve\\\/mpppstweb\\\/\"},{\"@type\":\"ListItem\",\"position\":2,\"name\":\"A partir de este lunes despliegan en Zulia alianza c\u00edvico-militar para garantizar cumplimiento de cuarentena radical\"}]},{\"@type\":\"WebSite\",\"@id\":\"https:\\\/\\\/www.mpppst.gob.ve\\\/mpppstweb\\\/#website\",\"url\":\"https:\\\/\\\/www.mpppst.gob.ve\\\/mpppstweb\\\/\",\"name\":\"MPPPST\",\"description\":\"Sitio web oficial del Ministerio del Poder Popular para el Proceso Social de Trabajo\",\"publisher\":{\"@id\":\"https:\\\/\\\/www.mpppst.gob.ve\\\/mpppstweb\\\/#organization\"},\"alternateName\":\"Ministerio del Poder Popular para el Proceso Social de Trabajo\",\"potentialAction\":[{\"@type\":\"SearchAction\",\"target\":{\"@type\":\"EntryPoint\",\"urlTemplate\":\"https:\\\/\\\/www.mpppst.gob.ve\\\/mpppstweb\\\/?s={search_term_string}\"},\"query-input\":{\"@type\":\"PropertyValueSpecification\",\"valueRequired\":true,\"valueName\":\"search_term_string\"}}],\"inLanguage\":\"es\"},{\"@type\":\"Organization\",\"@id\":\"https:\\\/\\\/www.mpppst.gob.ve\\\/mpppstweb\\\/#organization\",\"name\":\"Ministerio del Poder Popular para el Proceso Social de Trabajo\",\"alternateName\":\"MPPPST\",\"url\":\"https:\\\/\\\/www.mpppst.gob.ve\\\/mpppstweb\\\/\",\"logo\":{\"@type\":\"ImageObject\",\"inLanguage\":\"es\",\"@id\":\"https:\\\/\\\/www.mpppst.gob.ve\\\/mpppstweb\\\/#\\\/schema\\\/logo\\\/image\\\/\",\"url\":\"https:\\\/\\\/www.mpppst.gob.ve\\\/mpppstweb\\\/wp-content\\\/uploads\\\/2025\\\/07\\\/cropped-cropped-g910.png\",\"contentUrl\":\"https:\\\/\\\/www.mpppst.gob.ve\\\/mpppstweb\\\/wp-content\\\/uploads\\\/2025\\\/07\\\/cropped-cropped-g910.png\",\"width\":1080,\"height\":241,\"caption\":\"Ministerio del Poder Popular para el Proceso Social de Trabajo\"},\"image\":{\"@id\":\"https:\\\/\\\/www.mpppst.gob.ve\\\/mpppstweb\\\/#\\\/schema\\\/logo\\\/image\\\/\"},\"sameAs\":[\"https:\\\/\\\/www.facebook.com\\\/mintrabajo_ve\",\"https:\\\/\\\/www.instagram.com\\\/mintrabajo_ve\\\/\",\"https:\\\/\\\/www.tiktok.com\\\/@mintrabajo_ve\",\"https:\\\/\\\/t.me\\\/mpppst\"]},{\"@type\":\"Person\",\"@id\":\"https:\\\/\\\/www.mpppst.gob.ve\\\/mpppstweb\\\/#\\\/schema\\\/person\\\/fc187ee8ead412bd4c9304b62f900ea4\",\"name\":\"MPPPST Prensa\",\"url\":\"https:\\\/\\\/www.mpppst.gob.ve\\\/mpppstweb\\\/index.php\\\/author\\\/prensa-mpppst\\\/\"}]}<\/script>\n<!-- \/ Yoast SEO plugin. -->","yoast_head_json":{"title":"A partir de este lunes despliegan en Zulia alianza c\u00edvico-militar para garantizar cumplimiento de cuarentena radical - MPPPST","robots":{"index":"index","follow":"follow","max-snippet":"max-snippet:-1","max-image-preview":"max-image-preview:large","max-video-preview":"max-video-preview:-1"},"canonical":"https:\/\/www.mpppst.gob.ve\/mpppstweb\/index.php\/2020\/08\/17\/a-partir-de-este-lunes-despliegan-en-zulia-alianza-civico-militar-para-garantizar-cumplimiento-de-cuarentena-radical\/","og_locale":"es_ES","og_type":"article","og_title":"A partir de este lunes despliegan en Zulia alianza c\u00edvico-militar para garantizar cumplimiento de cuarentena radical - MPPPST","og_description":"\u201cEstamos haciendo un despliegue de ZODI (Zona Operativa de Defensa Integral) y REDI&nbsp; (Regi\u00f3n Estrat\u00e9gica de &hellip; A partir de este lunes despliegan en Zulia alianza c\u00edvico-militar para garantizar cumplimiento de cuarentena radicalLeer m\u00e1s","og_url":"https:\/\/www.mpppst.gob.ve\/mpppstweb\/index.php\/2020\/08\/17\/a-partir-de-este-lunes-despliegan-en-zulia-alianza-civico-militar-para-garantizar-cumplimiento-de-cuarentena-radical\/","og_site_name":"MPPPST","article_publisher":"https:\/\/www.facebook.com\/mintrabajo_ve","article_published_time":"2020-08-17T10:54:35+00:00","article_modified_time":"2020-08-17T10:54:36+00:00","og_image":[{"width":768,"height":427,"url":"https:\/\/www.mpppst.gob.ve\/mpppstweb\/wp-content\/uploads\/2020\/08\/omar-prieto-768x427-1.jpg","type":"image\/jpeg"}],"author":"MPPPST Prensa","twitter_card":"summary_large_image","schema":{"@context":"https:\/\/schema.org","@graph":[{"@type":"Article","@id":"https:\/\/www.mpppst.gob.ve\/mpppstweb\/index.php\/2020\/08\/17\/a-partir-de-este-lunes-despliegan-en-zulia-alianza-civico-militar-para-garantizar-cumplimiento-de-cuarentena-radical\/#article","isPartOf":{"@id":"https:\/\/www.mpppst.gob.ve\/mpppstweb\/index.php\/2020\/08\/17\/a-partir-de-este-lunes-despliegan-en-zulia-alianza-civico-militar-para-garantizar-cumplimiento-de-cuarentena-radical\/"},"author":{"name":"MPPPST Prensa","@id":"https:\/\/www.mpppst.gob.ve\/mpppstweb\/#\/schema\/person\/fc187ee8ead412bd4c9304b62f900ea4"},"headline":"A partir de este lunes despliegan en Zulia alianza c\u00edvico-militar para garantizar cumplimiento de cuarentena radical","datePublished":"2020-08-17T10:54:35+00:00","dateModified":"2020-08-17T10:54:36+00:00","mainEntityOfPage":{"@id":"https:\/\/www.mpppst.gob.ve\/mpppstweb\/index.php\/2020\/08\/17\/a-partir-de-este-lunes-despliegan-en-zulia-alianza-civico-militar-para-garantizar-cumplimiento-de-cuarentena-radical\/"},"wordCount":436,"publisher":{"@id":"https:\/\/www.mpppst.gob.ve\/mpppstweb\/#organization"},"image":{"@id":"https:\/\/www.mpppst.gob.ve\/mpppstweb\/index.php\/2020\/08\/17\/a-partir-de-este-lunes-despliegan-en-zulia-alianza-civico-militar-para-garantizar-cumplimiento-de-cuarentena-radical\/#primaryimage"},"thumbnailUrl":"https:\/\/www.mpppst.gob.ve\/mpppstweb\/wp-content\/uploads\/2020\/08\/omar-prieto-768x427-1.jpg","articleSection":["Gobierno Nacional","Noticias"],"inLanguage":"es"},{"@type":"WebPage","@id":"https:\/\/www.mpppst.gob.ve\/mpppstweb\/index.php\/2020\/08\/17\/a-partir-de-este-lunes-despliegan-en-zulia-alianza-civico-militar-para-garantizar-cumplimiento-de-cuarentena-radical\/","url":"https:\/\/www.mpppst.gob.ve\/mpppstweb\/index.php\/2020\/08\/17\/a-partir-de-este-lunes-despliegan-en-zulia-alianza-civico-militar-para-garantizar-cumplimiento-de-cuarentena-radical\/","name":"A partir de este lunes despliegan en Zulia alianza c\u00edvico-militar para garantizar cumplimiento de cuarentena radical - MPPPST","isPartOf":{"@id":"https:\/\/www.mpppst.gob.ve\/mpppstweb\/#website"},"primaryImageOfPage":{"@id":"https:\/\/www.mpppst.gob.ve\/mpppstweb\/index.php\/2020\/08\/17\/a-partir-de-este-lunes-despliegan-en-zulia-alianza-civico-militar-para-garantizar-cumplimiento-de-cuarentena-radical\/#primaryimage"},"image":{"@id":"https:\/\/www.mpppst.gob.ve\/mpppstweb\/index.php\/2020\/08\/17\/a-partir-de-este-lunes-despliegan-en-zulia-alianza-civico-militar-para-garantizar-cumplimiento-de-cuarentena-radical\/#primaryimage"},"thumbnailUrl":"https:\/\/www.mpppst.gob.ve\/mpppstweb\/wp-content\/uploads\/2020\/08\/omar-prieto-768x427-1.jpg","datePublished":"2020-08-17T10:54:35+00:00","dateModified":"2020-08-17T10:54:36+00:00","breadcrumb":{"@id":"https:\/\/www.mpppst.gob.ve\/mpppstweb\/index.php\/2020\/08\/17\/a-partir-de-este-lunes-despliegan-en-zulia-alianza-civico-militar-para-garantizar-cumplimiento-de-cuarentena-radical\/#breadcrumb"},"inLanguage":"es","potentialAction":[{"@type":"ReadAction","target":["https:\/\/www.mpppst.gob.ve\/mpppstweb\/index.php\/2020\/08\/17\/a-partir-de-este-lunes-despliegan-en-zulia-alianza-civico-militar-para-garantizar-cumplimiento-de-cuarentena-radical\/"]}]},{"@type":"ImageObject","inLanguage":"es","@id":"https:\/\/www.mpppst.gob.ve\/mpppstweb\/index.php\/2020\/08\/17\/a-partir-de-este-lunes-despliegan-en-zulia-alianza-civico-militar-para-garantizar-cumplimiento-de-cuarentena-radical\/#primaryimage","url":"https:\/\/www.mpppst.gob.ve\/mpppstweb\/wp-content\/uploads\/2020\/08\/omar-prieto-768x427-1.jpg","contentUrl":"https:\/\/www.mpppst.gob.ve\/mpppstweb\/wp-content\/uploads\/2020\/08\/omar-prieto-768x427-1.jpg","width":768,"height":427},{"@type":"BreadcrumbList","@id":"https:\/\/www.mpppst.gob.ve\/mpppstweb\/index.php\/2020\/08\/17\/a-partir-de-este-lunes-despliegan-en-zulia-alianza-civico-militar-para-garantizar-cumplimiento-de-cuarentena-radical\/#breadcrumb","itemListElement":[{"@type":"ListItem","position":1,"name":"Home","item":"https:\/\/www.mpppst.gob.ve\/mpppstweb\/"},{"@type":"ListItem","position":2,"name":"A partir de este lunes despliegan en Zulia alianza c\u00edvico-militar para garantizar cumplimiento de cuarentena radical"}]},{"@type":"WebSite","@id":"https:\/\/www.mpppst.gob.ve\/mpppstweb\/#website","url":"https:\/\/www.mpppst.gob.ve\/mpppstweb\/","name":"MPPPST","description":"Sitio web oficial del Ministerio del Poder Popular para el Proceso Social de Trabajo","publisher":{"@id":"https:\/\/www.mpppst.gob.ve\/mpppstweb\/#organization"},"alternateName":"Ministerio del Poder Popular para el Proceso Social de Trabajo","potentialAction":[{"@type":"SearchAction","target":{"@type":"EntryPoint","urlTemplate":"https:\/\/www.mpppst.gob.ve\/mpppstweb\/?s={search_term_string}"},"query-input":{"@type":"PropertyValueSpecification","valueRequired":true,"valueName":"search_term_string"}}],"inLanguage":"es"},{"@type":"Organization","@id":"https:\/\/www.mpppst.gob.ve\/mpppstweb\/#organization","name":"Ministerio del Poder Popular para el Proceso Social de Trabajo","alternateName":"MPPPST","url":"https:\/\/www.mpppst.gob.ve\/mpppstweb\/","logo":{"@type":"ImageObject","inLanguage":"es","@id":"https:\/\/www.mpppst.gob.ve\/mpppstweb\/#\/schema\/logo\/image\/","url":"https:\/\/www.mpppst.gob.ve\/mpppstweb\/wp-content\/uploads\/2025\/07\/cropped-cropped-g910.png","contentUrl":"https:\/\/www.mpppst.gob.ve\/mpppstweb\/wp-content\/uploads\/2025\/07\/cropped-cropped-g910.png","width":1080,"height":241,"caption":"Ministerio del Poder Popular para el Proceso Social de Trabajo"},"image":{"@id":"https:\/\/www.mpppst.gob.ve\/mpppstweb\/#\/schema\/logo\/image\/"},"sameAs":["https:\/\/www.facebook.com\/mintrabajo_ve","https:\/\/www.instagram.com\/mintrabajo_ve\/","https:\/\/www.tiktok.com\/@mintrabajo_ve","https:\/\/t.me\/mpppst"]},{"@type":"Person","@id":"https:\/\/www.mpppst.gob.ve\/mpppstweb\/#\/schema\/person\/fc187ee8ead412bd4c9304b62f900ea4","name":"MPPPST Prensa","url":"https:\/\/www.mpppst.gob.ve\/mpppstweb\/index.php\/author\/prensa-mpppst\/"}]}},"_links":{"self":[{"href":"https:\/\/www.mpppst.gob.ve\/mpppstweb\/index.php\/wp-json\/wp\/v2\/posts\/19571","targetHints":{"allow":["GET"]}}],"collection":[{"href":"https:\/\/www.mpppst.gob.ve\/mpppstweb\/index.php\/wp-json\/wp\/v2\/posts"}],"about":[{"href":"https:\/\/www.mpppst.gob.ve\/mpppstweb\/index.php\/wp-json\/wp\/v2\/types\/post"}],"author":[{"embeddable":true,"href":"https:\/\/www.mpppst.gob.ve\/mpppstweb\/index.php\/wp-json\/wp\/v2\/users\/25"}],"replies":[{"embeddable":true,"href":"https:\/\/www.mpppst.gob.ve\/mpppstweb\/index.php\/wp-json\/wp\/v2\/comments?post=19571"}],"version-history":[{"count":1,"href":"https:\/\/www.mpppst.gob.ve\/mpppstweb\/index.php\/wp-json\/wp\/v2\/posts\/19571\/revisions"}],"predecessor-version":[{"id":19573,"href":"https:\/\/www.mpppst.gob.ve\/mpppstweb\/index.php\/wp-json\/wp\/v2\/posts\/19571\/revisions\/19573"}],"wp:featuredmedia":[{"embeddable":true,"href":"https:\/\/www.mpppst.gob.ve\/mpppstweb\/index.php\/wp-json\/wp\/v2\/media\/19572"}],"wp:attachment":[{"href":"https:\/\/www.mpppst.gob.ve\/mpppstweb\/index.php\/wp-json\/wp\/v2\/media?parent=19571"}],"wp:term":[{"taxonomy":"category","embeddable":true,"href":"https:\/\/www.mpppst.gob.ve\/mpppstweb\/index.php\/wp-json\/wp\/v2\/categories?post=19571"},{"taxonomy":"post_tag","embeddable":true,"href":"https:\/\/www.mpppst.gob.ve\/mpppstweb\/index.php\/wp-json\/wp\/v2\/tags?post=19571"}],"curies":[{"name":"wp","href":"https:\/\/api.w.org\/{rel}","templated":true}]}}