{"id":19596,"date":"2020-08-18T09:08:50","date_gmt":"2020-08-18T13:08:50","guid":{"rendered":"http:\/\/www.mpppst.gob.ve\/mpppstweb\/?p=19596"},"modified":"2020-08-18T09:08:51","modified_gmt":"2020-08-18T13:08:51","slug":"jorge-rodriguez-esta-eleccion-de-la-asamblea-nacional-es-la-mas-democratica-de-toda-la-historia-de-venezuela","status":"publish","type":"post","link":"https:\/\/www.mpppst.gob.ve\/mpppstweb\/index.php\/2020\/08\/18\/jorge-rodriguez-esta-eleccion-de-la-asamblea-nacional-es-la-mas-democratica-de-toda-la-historia-de-venezuela\/","title":{"rendered":"Jorge Rodr\u00edguez: Esta elecci\u00f3n de la Asamblea Nacional es la m\u00e1s democr\u00e1tica de toda la historia de Venezuela"},"content":{"rendered":"\n<p>Las Parlamentarias 2020, previstas para el seis de diciembre venidero convocada por el Consejo Nacional Electoral, \u201ces la elecci\u00f3n m\u00e1s democr\u00e1tica de toda la historia de Venezuela\u201d, porque en este proceso se superan incluso todas las garant\u00edas que el sistema electoral venezolano proporciona, se aumenta la participaci\u00f3n democr\u00e1tica y la oferta electoral,&nbsp; afirm\u00f3 este lunes el integrante de la directiva nacional del Partido Socialista Unido de Venezuela (PSUV),&nbsp;<strong>Jorge Rodr\u00edguez.<\/strong><\/p>\n\n\n\n<p>Durante la videoconferencia celebrada con la Direcci\u00f3n Nacional de la tolda roja, la Juventud revolucionaria y los Gobernadores y Gobernadoras, liderada por el presidente de la Rep\u00fablica Bolivariana de Venezuela, Nicol\u00e1s Maduro, en aras de afinar las estrategias para las elecciones a la Asamblea Nacional, Rodr\u00edguez destac\u00f3 que Dar\u00edo Vivas estaba en el coraz\u00f3n de todos los revolucionarios y del pueblo. El Comando Unitario de Campa\u00f1a Dar\u00edo Vivas, seguir\u00e1 el ejemplo de ese gran movilizador y revolucionario.<\/p>\n\n\n\n<p>Agradeci\u00f3 al Jefe de Estado el haberle puesto el nombre del revolucionario, recientemente fallecido, porque ello \u201cratifica&nbsp; lo que est\u00e1 en el coraz\u00f3n y las almas de todos los chavistas. Vamos con Dar\u00edo a la batalla para la victoria de Venezuela entera el pr\u00f3ximo seis de diciembre\u201d.<\/p>\n\n\n\n<p>Jorge Rodr\u00edguez dijo que estas elecciones del seis de diciembre tienen que estar marcadas por la solidaridad y el encuentro por todas las v\u00edas posibles, \u201cel llamado debe ser a la unidad nacional y a dirimir diferencias con votos de forma democr\u00e1tica.<\/p>\n\n\n\n<p>Luego explic\u00f3 que estos comicios son los m\u00e1s democr\u00e1ticos porque est\u00e1n ratificadas todas las garant\u00edas que el sistema electoral venezolano proporciona, hasta un nivel que incluso supera las que han tenido siempre.<\/p>\n\n\n\n<p>Tambi\u00e9n destac\u00f3 que la oposici\u00f3n est\u00e1 aislada por el profundo odio con que han trabajado durante todos estos a\u00f1os y que en estos tiempos de pandemia, \u201csi algo queda demostrado en este momento de crisis universal es que solamente la solidaridad, la hermandad y el encuentro de unos con otros es lo que salva\u201d.<\/p>\n\n\n\n<p>Precis\u00f3 que en estos comicios se aumenta la participaci\u00f3n democr\u00e1tica y la oferta electoral \u201cporque llevamos el n\u00famero de diputados a 277 curules, un n\u00famero mayor al que hasta ahora ven\u00edamos eligiendo los venezolanos, y eso se expresa, en la realidad que ahora los venezolanos tienen m\u00e1s opciones para escoger entre uno u otro candidato, adem\u00e1s van&nbsp; a tener una representaci\u00f3n mayor en la Asamblea Nacional\u201d.<\/p>\n\n\n\n<p>Por otro lado, explic\u00f3, la existencia de la lista nacional con 48 diputados que ser\u00e1n electos, 140 diputados nominales\u00a0 y 96 regionales, sumado a los tres diputados ind\u00edgenas, que por primera vez son escogidos en concordancia con la Constituci\u00f3n Bolivariana, es decir\u00a0 seg\u00fan las formas y los modos ancestrales de nuestro pueblos originarios.Prensa Web VTV<\/p>\n","protected":false},"excerpt":{"rendered":"<p>Las Parlamentarias 2020, previstas para el seis de diciembre venidero convocada por el Consejo Nacional Electoral, &hellip; <a title=\"Jorge Rodr\u00edguez: Esta elecci\u00f3n de la Asamblea Nacional es la m\u00e1s democr\u00e1tica de toda la historia de Venezuela\" class=\"hm-read-more\" href=\"https:\/\/www.mpppst.gob.ve\/mpppstweb\/index.php\/2020\/08\/18\/jorge-rodriguez-esta-eleccion-de-la-asamblea-nacional-es-la-mas-democratica-de-toda-la-historia-de-venezuela\/\"><span class=\"screen-reader-text\">Jorge Rodr\u00edguez: Esta elecci\u00f3n de la Asamblea Nacional es la m\u00e1s democr\u00e1tica de toda la historia de Venezuela<\/span>Read more<\/a><\/p>\n","protected":false},"author":25,"featured_media":19597,"comment_status":"closed","ping_status":"closed","sticky":false,"template":"","format":"standard","meta":{"footnotes":""},"categories":[82,163],"tags":[],"yoast_head":"<!-- This site is optimized with the Yoast SEO plugin v22.5 - https:\/\/yoast.com\/wordpress\/plugins\/seo\/ -->\n<title>Jorge Rodr\u00edguez: Esta elecci\u00f3n de la Asamblea Nacional es la m\u00e1s democr\u00e1tica de toda la historia de Venezuela - MPPPST<\/title>\n<meta name=\"robots\" content=\"index, follow, max-snippet:-1, max-image-preview:large, max-video-preview:-1\" \/>\n<link rel=\"canonical\" href=\"https:\/\/www.mpppst.gob.ve\/mpppstweb\/index.php\/2020\/08\/18\/jorge-rodriguez-esta-eleccion-de-la-asamblea-nacional-es-la-mas-democratica-de-toda-la-historia-de-venezuela\/\" \/>\n<meta property=\"og:locale\" content=\"es_ES\" \/>\n<meta property=\"og:type\" content=\"article\" \/>\n<meta property=\"og:title\" content=\"Jorge Rodr\u00edguez: Esta elecci\u00f3n de la Asamblea Nacional es la m\u00e1s democr\u00e1tica de toda la historia de Venezuela - MPPPST\" \/>\n<meta property=\"og:description\" content=\"Las Parlamentarias 2020, previstas para el seis de diciembre venidero convocada por el Consejo Nacional Electoral, &hellip; Jorge Rodr\u00edguez: Esta elecci\u00f3n de la Asamblea Nacional es la m\u00e1s democr\u00e1tica de toda la historia de VenezuelaRead more\" \/>\n<meta property=\"og:url\" content=\"https:\/\/www.mpppst.gob.ve\/mpppstweb\/index.php\/2020\/08\/18\/jorge-rodriguez-esta-eleccion-de-la-asamblea-nacional-es-la-mas-democratica-de-toda-la-historia-de-venezuela\/\" \/>\n<meta property=\"og:site_name\" content=\"MPPPST\" \/>\n<meta property=\"article:published_time\" content=\"2020-08-18T13:08:50+00:00\" \/>\n<meta property=\"article:modified_time\" content=\"2020-08-18T13:08:51+00:00\" \/>\n<meta property=\"og:image\" content=\"https:\/\/www.mpppst.gob.ve\/mpppstweb\/wp-content\/uploads\/2020\/08\/Jorge-Rodriguez-1100x618-1100x572-1-768x427-1.jpg\" \/>\n\t<meta property=\"og:image:width\" content=\"768\" \/>\n\t<meta property=\"og:image:height\" content=\"427\" \/>\n\t<meta property=\"og:image:type\" content=\"image\/jpeg\" \/>\n<meta name=\"author\" content=\"MPPPST Prensa\" \/>\n<meta name=\"twitter:card\" content=\"summary_large_image\" \/>\n<meta name=\"twitter:label1\" content=\"Escrito por\" \/>\n\t<meta name=\"twitter:data1\" content=\"MPPPST Prensa\" \/>\n\t<meta name=\"twitter:label2\" content=\"Tiempo de lectura\" \/>\n\t<meta name=\"twitter:data2\" content=\"2 minutos\" \/>\n<script type=\"application\/ld+json\" class=\"yoast-schema-graph\">{\"@context\":\"https:\/\/schema.org\",\"@graph\":[{\"@type\":\"Article\",\"@id\":\"https:\/\/www.mpppst.gob.ve\/mpppstweb\/index.php\/2020\/08\/18\/jorge-rodriguez-esta-eleccion-de-la-asamblea-nacional-es-la-mas-democratica-de-toda-la-historia-de-venezuela\/#article\",\"isPartOf\":{\"@id\":\"https:\/\/www.mpppst.gob.ve\/mpppstweb\/index.php\/2020\/08\/18\/jorge-rodriguez-esta-eleccion-de-la-asamblea-nacional-es-la-mas-democratica-de-toda-la-historia-de-venezuela\/\"},\"author\":{\"name\":\"MPPPST Prensa\",\"@id\":\"https:\/\/www.mpppst.gob.ve\/mpppstweb\/#\/schema\/person\/fc187ee8ead412bd4c9304b62f900ea4\"},\"headline\":\"Jorge Rodr\u00edguez: Esta elecci\u00f3n de la Asamblea Nacional es la m\u00e1s democr\u00e1tica de toda la historia de Venezuela\",\"datePublished\":\"2020-08-18T13:08:50+00:00\",\"dateModified\":\"2020-08-18T13:08:51+00:00\",\"mainEntityOfPage\":{\"@id\":\"https:\/\/www.mpppst.gob.ve\/mpppstweb\/index.php\/2020\/08\/18\/jorge-rodriguez-esta-eleccion-de-la-asamblea-nacional-es-la-mas-democratica-de-toda-la-historia-de-venezuela\/\"},\"wordCount\":505,\"publisher\":{\"@id\":\"https:\/\/www.mpppst.gob.ve\/mpppstweb\/#organization\"},\"image\":{\"@id\":\"https:\/\/www.mpppst.gob.ve\/mpppstweb\/index.php\/2020\/08\/18\/jorge-rodriguez-esta-eleccion-de-la-asamblea-nacional-es-la-mas-democratica-de-toda-la-historia-de-venezuela\/#primaryimage\"},\"thumbnailUrl\":\"https:\/\/www.mpppst.gob.ve\/mpppstweb\/wp-content\/uploads\/2020\/08\/Jorge-Rodriguez-1100x618-1100x572-1-768x427-1.jpg\",\"articleSection\":[\"Gobierno Nacional\",\"Noticias\"],\"inLanguage\":\"es\"},{\"@type\":\"WebPage\",\"@id\":\"https:\/\/www.mpppst.gob.ve\/mpppstweb\/index.php\/2020\/08\/18\/jorge-rodriguez-esta-eleccion-de-la-asamblea-nacional-es-la-mas-democratica-de-toda-la-historia-de-venezuela\/\",\"url\":\"https:\/\/www.mpppst.gob.ve\/mpppstweb\/index.php\/2020\/08\/18\/jorge-rodriguez-esta-eleccion-de-la-asamblea-nacional-es-la-mas-democratica-de-toda-la-historia-de-venezuela\/\",\"name\":\"Jorge Rodr\u00edguez: Esta elecci\u00f3n de la Asamblea Nacional es la m\u00e1s democr\u00e1tica de toda la historia de Venezuela - MPPPST\",\"isPartOf\":{\"@id\":\"https:\/\/www.mpppst.gob.ve\/mpppstweb\/#website\"},\"primaryImageOfPage\":{\"@id\":\"https:\/\/www.mpppst.gob.ve\/mpppstweb\/index.php\/2020\/08\/18\/jorge-rodriguez-esta-eleccion-de-la-asamblea-nacional-es-la-mas-democratica-de-toda-la-historia-de-venezuela\/#primaryimage\"},\"image\":{\"@id\":\"https:\/\/www.mpppst.gob.ve\/mpppstweb\/index.php\/2020\/08\/18\/jorge-rodriguez-esta-eleccion-de-la-asamblea-nacional-es-la-mas-democratica-de-toda-la-historia-de-venezuela\/#primaryimage\"},\"thumbnailUrl\":\"https:\/\/www.mpppst.gob.ve\/mpppstweb\/wp-content\/uploads\/2020\/08\/Jorge-Rodriguez-1100x618-1100x572-1-768x427-1.jpg\",\"datePublished\":\"2020-08-18T13:08:50+00:00\",\"dateModified\":\"2020-08-18T13:08:51+00:00\",\"breadcrumb\":{\"@id\":\"https:\/\/www.mpppst.gob.ve\/mpppstweb\/index.php\/2020\/08\/18\/jorge-rodriguez-esta-eleccion-de-la-asamblea-nacional-es-la-mas-democratica-de-toda-la-historia-de-venezuela\/#breadcrumb\"},\"inLanguage\":\"es\",\"potentialAction\":[{\"@type\":\"ReadAction\",\"target\":[\"https:\/\/www.mpppst.gob.ve\/mpppstweb\/index.php\/2020\/08\/18\/jorge-rodriguez-esta-eleccion-de-la-asamblea-nacional-es-la-mas-democratica-de-toda-la-historia-de-venezuela\/\"]}]},{\"@type\":\"ImageObject\",\"inLanguage\":\"es\",\"@id\":\"https:\/\/www.mpppst.gob.ve\/mpppstweb\/index.php\/2020\/08\/18\/jorge-rodriguez-esta-eleccion-de-la-asamblea-nacional-es-la-mas-democratica-de-toda-la-historia-de-venezuela\/#primaryimage\",\"url\":\"https:\/\/www.mpppst.gob.ve\/mpppstweb\/wp-content\/uploads\/2020\/08\/Jorge-Rodriguez-1100x618-1100x572-1-768x427-1.jpg\",\"contentUrl\":\"https:\/\/www.mpppst.gob.ve\/mpppstweb\/wp-content\/uploads\/2020\/08\/Jorge-Rodriguez-1100x618-1100x572-1-768x427-1.jpg\",\"width\":768,\"height\":427},{\"@type\":\"BreadcrumbList\",\"@id\":\"https:\/\/www.mpppst.gob.ve\/mpppstweb\/index.php\/2020\/08\/18\/jorge-rodriguez-esta-eleccion-de-la-asamblea-nacional-es-la-mas-democratica-de-toda-la-historia-de-venezuela\/#breadcrumb\",\"itemListElement\":[{\"@type\":\"ListItem\",\"position\":1,\"name\":\"Home\",\"item\":\"https:\/\/www.mpppst.gob.ve\/mpppstweb\/\"},{\"@type\":\"ListItem\",\"position\":2,\"name\":\"Jorge Rodr\u00edguez: Esta elecci\u00f3n de la Asamblea Nacional es la m\u00e1s democr\u00e1tica de toda la historia de Venezuela\"}]},{\"@type\":\"WebSite\",\"@id\":\"https:\/\/www.mpppst.gob.ve\/mpppstweb\/#website\",\"url\":\"https:\/\/www.mpppst.gob.ve\/mpppstweb\/\",\"name\":\"MPPPST\",\"description\":\"Ministerio del Poder Popular para el Proceso Social de Trabajo\",\"publisher\":{\"@id\":\"https:\/\/www.mpppst.gob.ve\/mpppstweb\/#organization\"},\"potentialAction\":[{\"@type\":\"SearchAction\",\"target\":{\"@type\":\"EntryPoint\",\"urlTemplate\":\"https:\/\/www.mpppst.gob.ve\/mpppstweb\/?s={search_term_string}\"},\"query-input\":\"required name=search_term_string\"}],\"inLanguage\":\"es\"},{\"@type\":\"Organization\",\"@id\":\"https:\/\/www.mpppst.gob.ve\/mpppstweb\/#organization\",\"name\":\"mpppst\",\"url\":\"https:\/\/www.mpppst.gob.ve\/mpppstweb\/\",\"logo\":{\"@type\":\"ImageObject\",\"inLanguage\":\"es\",\"@id\":\"https:\/\/www.mpppst.gob.ve\/mpppstweb\/#\/schema\/logo\/image\/\",\"url\":\"https:\/\/www.mpppst.gob.ve\/mpppstweb\/wp-content\/uploads\/2025\/07\/cropped-cropped-g910.png\",\"contentUrl\":\"https:\/\/www.mpppst.gob.ve\/mpppstweb\/wp-content\/uploads\/2025\/07\/cropped-cropped-g910.png\",\"width\":1080,\"height\":241,\"caption\":\"mpppst\"},\"image\":{\"@id\":\"https:\/\/www.mpppst.gob.ve\/mpppstweb\/#\/schema\/logo\/image\/\"}},{\"@type\":\"Person\",\"@id\":\"https:\/\/www.mpppst.gob.ve\/mpppstweb\/#\/schema\/person\/fc187ee8ead412bd4c9304b62f900ea4\",\"name\":\"MPPPST Prensa\",\"url\":\"https:\/\/www.mpppst.gob.ve\/mpppstweb\/index.php\/author\/prensa-mpppst\/\"}]}<\/script>\n<!-- \/ Yoast SEO plugin. -->","yoast_head_json":{"title":"Jorge Rodr\u00edguez: Esta elecci\u00f3n de la Asamblea Nacional es la m\u00e1s democr\u00e1tica de toda la historia de Venezuela - MPPPST","robots":{"index":"index","follow":"follow","max-snippet":"max-snippet:-1","max-image-preview":"max-image-preview:large","max-video-preview":"max-video-preview:-1"},"canonical":"https:\/\/www.mpppst.gob.ve\/mpppstweb\/index.php\/2020\/08\/18\/jorge-rodriguez-esta-eleccion-de-la-asamblea-nacional-es-la-mas-democratica-de-toda-la-historia-de-venezuela\/","og_locale":"es_ES","og_type":"article","og_title":"Jorge Rodr\u00edguez: Esta elecci\u00f3n de la Asamblea Nacional es la m\u00e1s democr\u00e1tica de toda la historia de Venezuela - MPPPST","og_description":"Las Parlamentarias 2020, previstas para el seis de diciembre venidero convocada por el Consejo Nacional Electoral, &hellip; Jorge Rodr\u00edguez: Esta elecci\u00f3n de la Asamblea Nacional es la m\u00e1s democr\u00e1tica de toda la historia de VenezuelaRead more","og_url":"https:\/\/www.mpppst.gob.ve\/mpppstweb\/index.php\/2020\/08\/18\/jorge-rodriguez-esta-eleccion-de-la-asamblea-nacional-es-la-mas-democratica-de-toda-la-historia-de-venezuela\/","og_site_name":"MPPPST","article_published_time":"2020-08-18T13:08:50+00:00","article_modified_time":"2020-08-18T13:08:51+00:00","og_image":[{"width":768,"height":427,"url":"https:\/\/www.mpppst.gob.ve\/mpppstweb\/wp-content\/uploads\/2020\/08\/Jorge-Rodriguez-1100x618-1100x572-1-768x427-1.jpg","type":"image\/jpeg"}],"author":"MPPPST Prensa","twitter_card":"summary_large_image","twitter_misc":{"Escrito por":"MPPPST Prensa","Tiempo de lectura":"2 minutos"},"schema":{"@context":"https:\/\/schema.org","@graph":[{"@type":"Article","@id":"https:\/\/www.mpppst.gob.ve\/mpppstweb\/index.php\/2020\/08\/18\/jorge-rodriguez-esta-eleccion-de-la-asamblea-nacional-es-la-mas-democratica-de-toda-la-historia-de-venezuela\/#article","isPartOf":{"@id":"https:\/\/www.mpppst.gob.ve\/mpppstweb\/index.php\/2020\/08\/18\/jorge-rodriguez-esta-eleccion-de-la-asamblea-nacional-es-la-mas-democratica-de-toda-la-historia-de-venezuela\/"},"author":{"name":"MPPPST Prensa","@id":"https:\/\/www.mpppst.gob.ve\/mpppstweb\/#\/schema\/person\/fc187ee8ead412bd4c9304b62f900ea4"},"headline":"Jorge Rodr\u00edguez: Esta elecci\u00f3n de la Asamblea Nacional es la m\u00e1s democr\u00e1tica de toda la historia de Venezuela","datePublished":"2020-08-18T13:08:50+00:00","dateModified":"2020-08-18T13:08:51+00:00","mainEntityOfPage":{"@id":"https:\/\/www.mpppst.gob.ve\/mpppstweb\/index.php\/2020\/08\/18\/jorge-rodriguez-esta-eleccion-de-la-asamblea-nacional-es-la-mas-democratica-de-toda-la-historia-de-venezuela\/"},"wordCount":505,"publisher":{"@id":"https:\/\/www.mpppst.gob.ve\/mpppstweb\/#organization"},"image":{"@id":"https:\/\/www.mpppst.gob.ve\/mpppstweb\/index.php\/2020\/08\/18\/jorge-rodriguez-esta-eleccion-de-la-asamblea-nacional-es-la-mas-democratica-de-toda-la-historia-de-venezuela\/#primaryimage"},"thumbnailUrl":"https:\/\/www.mpppst.gob.ve\/mpppstweb\/wp-content\/uploads\/2020\/08\/Jorge-Rodriguez-1100x618-1100x572-1-768x427-1.jpg","articleSection":["Gobierno Nacional","Noticias"],"inLanguage":"es"},{"@type":"WebPage","@id":"https:\/\/www.mpppst.gob.ve\/mpppstweb\/index.php\/2020\/08\/18\/jorge-rodriguez-esta-eleccion-de-la-asamblea-nacional-es-la-mas-democratica-de-toda-la-historia-de-venezuela\/","url":"https:\/\/www.mpppst.gob.ve\/mpppstweb\/index.php\/2020\/08\/18\/jorge-rodriguez-esta-eleccion-de-la-asamblea-nacional-es-la-mas-democratica-de-toda-la-historia-de-venezuela\/","name":"Jorge Rodr\u00edguez: Esta elecci\u00f3n de la Asamblea Nacional es la m\u00e1s democr\u00e1tica de toda la historia de Venezuela - MPPPST","isPartOf":{"@id":"https:\/\/www.mpppst.gob.ve\/mpppstweb\/#website"},"primaryImageOfPage":{"@id":"https:\/\/www.mpppst.gob.ve\/mpppstweb\/index.php\/2020\/08\/18\/jorge-rodriguez-esta-eleccion-de-la-asamblea-nacional-es-la-mas-democratica-de-toda-la-historia-de-venezuela\/#primaryimage"},"image":{"@id":"https:\/\/www.mpppst.gob.ve\/mpppstweb\/index.php\/2020\/08\/18\/jorge-rodriguez-esta-eleccion-de-la-asamblea-nacional-es-la-mas-democratica-de-toda-la-historia-de-venezuela\/#primaryimage"},"thumbnailUrl":"https:\/\/www.mpppst.gob.ve\/mpppstweb\/wp-content\/uploads\/2020\/08\/Jorge-Rodriguez-1100x618-1100x572-1-768x427-1.jpg","datePublished":"2020-08-18T13:08:50+00:00","dateModified":"2020-08-18T13:08:51+00:00","breadcrumb":{"@id":"https:\/\/www.mpppst.gob.ve\/mpppstweb\/index.php\/2020\/08\/18\/jorge-rodriguez-esta-eleccion-de-la-asamblea-nacional-es-la-mas-democratica-de-toda-la-historia-de-venezuela\/#breadcrumb"},"inLanguage":"es","potentialAction":[{"@type":"ReadAction","target":["https:\/\/www.mpppst.gob.ve\/mpppstweb\/index.php\/2020\/08\/18\/jorge-rodriguez-esta-eleccion-de-la-asamblea-nacional-es-la-mas-democratica-de-toda-la-historia-de-venezuela\/"]}]},{"@type":"ImageObject","inLanguage":"es","@id":"https:\/\/www.mpppst.gob.ve\/mpppstweb\/index.php\/2020\/08\/18\/jorge-rodriguez-esta-eleccion-de-la-asamblea-nacional-es-la-mas-democratica-de-toda-la-historia-de-venezuela\/#primaryimage","url":"https:\/\/www.mpppst.gob.ve\/mpppstweb\/wp-content\/uploads\/2020\/08\/Jorge-Rodriguez-1100x618-1100x572-1-768x427-1.jpg","contentUrl":"https:\/\/www.mpppst.gob.ve\/mpppstweb\/wp-content\/uploads\/2020\/08\/Jorge-Rodriguez-1100x618-1100x572-1-768x427-1.jpg","width":768,"height":427},{"@type":"BreadcrumbList","@id":"https:\/\/www.mpppst.gob.ve\/mpppstweb\/index.php\/2020\/08\/18\/jorge-rodriguez-esta-eleccion-de-la-asamblea-nacional-es-la-mas-democratica-de-toda-la-historia-de-venezuela\/#breadcrumb","itemListElement":[{"@type":"ListItem","position":1,"name":"Home","item":"https:\/\/www.mpppst.gob.ve\/mpppstweb\/"},{"@type":"ListItem","position":2,"name":"Jorge Rodr\u00edguez: Esta elecci\u00f3n de la Asamblea Nacional es la m\u00e1s democr\u00e1tica de toda la historia de Venezuela"}]},{"@type":"WebSite","@id":"https:\/\/www.mpppst.gob.ve\/mpppstweb\/#website","url":"https:\/\/www.mpppst.gob.ve\/mpppstweb\/","name":"MPPPST","description":"Ministerio del Poder Popular para el Proceso Social de Trabajo","publisher":{"@id":"https:\/\/www.mpppst.gob.ve\/mpppstweb\/#organization"},"potentialAction":[{"@type":"SearchAction","target":{"@type":"EntryPoint","urlTemplate":"https:\/\/www.mpppst.gob.ve\/mpppstweb\/?s={search_term_string}"},"query-input":"required name=search_term_string"}],"inLanguage":"es"},{"@type":"Organization","@id":"https:\/\/www.mpppst.gob.ve\/mpppstweb\/#organization","name":"mpppst","url":"https:\/\/www.mpppst.gob.ve\/mpppstweb\/","logo":{"@type":"ImageObject","inLanguage":"es","@id":"https:\/\/www.mpppst.gob.ve\/mpppstweb\/#\/schema\/logo\/image\/","url":"https:\/\/www.mpppst.gob.ve\/mpppstweb\/wp-content\/uploads\/2025\/07\/cropped-cropped-g910.png","contentUrl":"https:\/\/www.mpppst.gob.ve\/mpppstweb\/wp-content\/uploads\/2025\/07\/cropped-cropped-g910.png","width":1080,"height":241,"caption":"mpppst"},"image":{"@id":"https:\/\/www.mpppst.gob.ve\/mpppstweb\/#\/schema\/logo\/image\/"}},{"@type":"Person","@id":"https:\/\/www.mpppst.gob.ve\/mpppstweb\/#\/schema\/person\/fc187ee8ead412bd4c9304b62f900ea4","name":"MPPPST Prensa","url":"https:\/\/www.mpppst.gob.ve\/mpppstweb\/index.php\/author\/prensa-mpppst\/"}]}},"_links":{"self":[{"href":"https:\/\/www.mpppst.gob.ve\/mpppstweb\/index.php\/wp-json\/wp\/v2\/posts\/19596"}],"collection":[{"href":"https:\/\/www.mpppst.gob.ve\/mpppstweb\/index.php\/wp-json\/wp\/v2\/posts"}],"about":[{"href":"https:\/\/www.mpppst.gob.ve\/mpppstweb\/index.php\/wp-json\/wp\/v2\/types\/post"}],"author":[{"embeddable":true,"href":"https:\/\/www.mpppst.gob.ve\/mpppstweb\/index.php\/wp-json\/wp\/v2\/users\/25"}],"replies":[{"embeddable":true,"href":"https:\/\/www.mpppst.gob.ve\/mpppstweb\/index.php\/wp-json\/wp\/v2\/comments?post=19596"}],"version-history":[{"count":1,"href":"https:\/\/www.mpppst.gob.ve\/mpppstweb\/index.php\/wp-json\/wp\/v2\/posts\/19596\/revisions"}],"predecessor-version":[{"id":19598,"href":"https:\/\/www.mpppst.gob.ve\/mpppstweb\/index.php\/wp-json\/wp\/v2\/posts\/19596\/revisions\/19598"}],"wp:featuredmedia":[{"embeddable":true,"href":"https:\/\/www.mpppst.gob.ve\/mpppstweb\/index.php\/wp-json\/wp\/v2\/media\/19597"}],"wp:attachment":[{"href":"https:\/\/www.mpppst.gob.ve\/mpppstweb\/index.php\/wp-json\/wp\/v2\/media?parent=19596"}],"wp:term":[{"taxonomy":"category","embeddable":true,"href":"https:\/\/www.mpppst.gob.ve\/mpppstweb\/index.php\/wp-json\/wp\/v2\/categories?post=19596"},{"taxonomy":"post_tag","embeddable":true,"href":"https:\/\/www.mpppst.gob.ve\/mpppstweb\/index.php\/wp-json\/wp\/v2\/tags?post=19596"}],"curies":[{"name":"wp","href":"https:\/\/api.w.org\/{rel}","templated":true}]}}