{"id":19605,"date":"2020-08-19T10:19:42","date_gmt":"2020-08-19T14:19:42","guid":{"rendered":"http:\/\/www.mpppst.gob.ve\/mpppstweb\/?p=19605"},"modified":"2020-08-19T10:19:43","modified_gmt":"2020-08-19T14:19:43","slug":"a-traves-del-ven-911-se-han-atendido-mas-de-1-400-casos-positivos-de-covid-19-a-nivel-nacional","status":"publish","type":"post","link":"https:\/\/www.mpppst.gob.ve\/mpppstweb\/index.php\/2020\/08\/19\/a-traves-del-ven-911-se-han-atendido-mas-de-1-400-casos-positivos-de-covid-19-a-nivel-nacional\/","title":{"rendered":"A trav\u00e9s del VEN 911 se han atendido m\u00e1s de 1.400 casos positivos de COVID-19 a nivel nacional"},"content":{"rendered":"\n<p>El Comandante Estrat\u00e9gico Operacional de la Fuerza Armada Nacional Bolivariana (CEOFANB), A\/J Remigio Ceballos Ichaso, inform\u00f3 que hasta el d\u00eda de hoy martes 18 de agosto, a trav\u00e9s de &nbsp;la plataforma VEN 911 se han atendido m\u00e1s de 1.400 casos positivos de&nbsp;<strong>COVID-19<\/strong>&nbsp;a nivel nacional, lo cual ha permitido al Gobierno Nacional ir clasificando los casos, as\u00ed como verificar las camas disponibles.<\/p>\n\n\n\n<p>En su participaci\u00f3n en el programa 360\u00b0 que transmite Venezolana de Televisi\u00f3n, el A\/J Ceballos destac\u00f3 el esfuerzo que hace la Comisi\u00f3n Presidencial para el Control y la Prevenci\u00f3n de la COVID-19 en la lucha contra el Coronavirus, y as\u00ed garantizar debidamente la atenci\u00f3n para todos los venezolanos.<\/p>\n\n\n\n<p>El A\/J Remigio Ceballos aplaudi\u00f3 la decisi\u00f3n y la acci\u00f3n &nbsp;inmediata que asumi\u00f3 el presidente de la Rep\u00fablica Bolivariana de Venezuela, Nicol\u00e1s Maduro, de cerrar las fronteras y decretar la cuarentena social y colectiva, permitiendo al Gobierno Nacional, ir ganando tiempo y as\u00ed incrementar las capacidades de atenci\u00f3n y combatir los focos de contagio de la pandemia del Coronavirus.<\/p>\n\n\n\n<p>Puntualiz\u00f3 que Venezuela cuenta con un sistema de salud fortalecido e integrado, que ha podido actuar, evaluar y responder con anticipaci\u00f3n ante la crisis de la pandemia de la&nbsp;<strong>COVID-19,&nbsp;<\/strong>lo que ha permitido que sea uno de los pa\u00edses&nbsp;de Latinoam\u00e9rica que m\u00e1s pruebas PDR y PCR ha realizado por mill\u00f3n de habitantes.<\/p>\n\n\n\n<p>\u201cLa Comisi\u00f3n Presidencial para la Prevenci\u00f3n de la&nbsp;<strong>COVID-19<\/strong>&nbsp;no ha dejado de reunirse diariamente, este es un equipo bien integrado que trabaja arduamente en la lucha del Coronavirus, y a trav\u00e9s del VEN 911 estamos dando avances tecnol\u00f3gicos impresionantes con la finalidad fundamental de recibir llamadas de las personas, para atender diferentes tipos de emergencias y darles respuestas inmediatas al pueblo venezolano\u201d, indic\u00f3 Ceballos.<\/p>\n\n\n\n<p>Inform\u00f3, que actualmente el Poliedro de Caracas dispone de 1.200 camas para pacientes con COVID-19, tambi\u00e9n cuenta con todos los servicios, adem\u00e1s de todo el equipo de salud, el Sistema de Atenci\u00f3n de Riesgo de Protecci\u00f3n Civil (PC), funcionarios militares y todo el cuerpo policial atendiendo al ciudadano que debe permanecer all\u00ed aislado.<\/p>\n\n\n\n<p>\u201cEl Poliedro de Caracas, es un gran hospital de campa\u00f1a que funciona para darle atenci\u00f3n m\u00e9dica a los venezolanos contagiados con esta terrible enfermedad del Coronavirus\u201d, dijo.<\/p>\n\n\n\n<p>Anunci\u00f3 que en el parque de las Naciones Unidas se est\u00e1 activando un centro para los pacientes con&nbsp;<strong>COVID-19<\/strong>, al igual que otras instituciones deportivas en distintos estados del pa\u00eds.<\/p>\n\n\n\n<p>Resalt\u00f3 que con el esfuerzo que ha hecho el Gobierno Nacional en las fronteras se han capturados m\u00e1s de 2 mil 292 personas que han ingresado de manera ilegal al pa\u00eds, asegurando que m\u00e1s del 80% de estas personas han resultado positivos al&nbsp;<strong>COVID-19<\/strong>.<\/p>\n\n\n\n<p>\u201cNosotros hemos venido haciendo un trabajo arduo en las fronteras para contener los focos de contagio del Coronavirus\u201d, a\u00f1adi\u00f3.<\/p>\n\n\n\n<p>Por otro lado, agreg\u00f3 que se mantienen en alerta en la lucha contra el tr\u00e1fico il\u00edcito de droga, contra el terrorismo, contra el paramilitarismo, asegurando que en los \u00faltimos cuatro d\u00edas se han movilizado 2 aeronaves con siglas norteamericanas. Prensa Web VTV<\/p>\n","protected":false},"excerpt":{"rendered":"<p>El Comandante Estrat\u00e9gico Operacional de la Fuerza Armada Nacional Bolivariana (CEOFANB), A\/J Remigio Ceballos Ichaso, inform\u00f3 &hellip; <a title=\"A trav\u00e9s del VEN 911 se han atendido m\u00e1s de 1.400 casos positivos de COVID-19 a nivel nacional\" class=\"hm-read-more\" href=\"https:\/\/www.mpppst.gob.ve\/mpppstweb\/index.php\/2020\/08\/19\/a-traves-del-ven-911-se-han-atendido-mas-de-1-400-casos-positivos-de-covid-19-a-nivel-nacional\/\"><span class=\"screen-reader-text\">A trav\u00e9s del VEN 911 se han atendido m\u00e1s de 1.400 casos positivos de COVID-19 a nivel nacional<\/span>Read more<\/a><\/p>\n","protected":false},"author":25,"featured_media":19606,"comment_status":"closed","ping_status":"closed","sticky":false,"template":"","format":"standard","meta":{"footnotes":""},"categories":[82,163],"tags":[],"yoast_head":"<!-- This site is optimized with the Yoast SEO plugin v22.5 - https:\/\/yoast.com\/wordpress\/plugins\/seo\/ -->\n<title>A trav\u00e9s del VEN 911 se han atendido m\u00e1s de 1.400 casos positivos de COVID-19 a nivel nacional - MPPPST<\/title>\n<meta name=\"robots\" content=\"index, follow, max-snippet:-1, max-image-preview:large, max-video-preview:-1\" \/>\n<link rel=\"canonical\" href=\"https:\/\/www.mpppst.gob.ve\/mpppstweb\/index.php\/2020\/08\/19\/a-traves-del-ven-911-se-han-atendido-mas-de-1-400-casos-positivos-de-covid-19-a-nivel-nacional\/\" \/>\n<meta property=\"og:locale\" content=\"es_ES\" \/>\n<meta property=\"og:type\" content=\"article\" \/>\n<meta property=\"og:title\" content=\"A trav\u00e9s del VEN 911 se han atendido m\u00e1s de 1.400 casos positivos de COVID-19 a nivel nacional - MPPPST\" \/>\n<meta property=\"og:description\" content=\"El Comandante Estrat\u00e9gico Operacional de la Fuerza Armada Nacional Bolivariana (CEOFANB), A\/J Remigio Ceballos Ichaso, inform\u00f3 &hellip; A trav\u00e9s del VEN 911 se han atendido m\u00e1s de 1.400 casos positivos de COVID-19 a nivel nacionalRead more\" \/>\n<meta property=\"og:url\" content=\"https:\/\/www.mpppst.gob.ve\/mpppstweb\/index.php\/2020\/08\/19\/a-traves-del-ven-911-se-han-atendido-mas-de-1-400-casos-positivos-de-covid-19-a-nivel-nacional\/\" \/>\n<meta property=\"og:site_name\" content=\"MPPPST\" \/>\n<meta property=\"article:published_time\" content=\"2020-08-19T14:19:42+00:00\" \/>\n<meta property=\"article:modified_time\" content=\"2020-08-19T14:19:43+00:00\" \/>\n<meta property=\"og:image\" content=\"https:\/\/www.mpppst.gob.ve\/mpppstweb\/wp-content\/uploads\/2020\/08\/Remigio-Ceballos-768x427-1.jpeg\" \/>\n\t<meta property=\"og:image:width\" content=\"768\" \/>\n\t<meta property=\"og:image:height\" content=\"427\" \/>\n\t<meta property=\"og:image:type\" content=\"image\/jpeg\" \/>\n<meta name=\"author\" content=\"MPPPST Prensa\" \/>\n<meta name=\"twitter:card\" content=\"summary_large_image\" \/>\n<meta name=\"twitter:label1\" content=\"Escrito por\" \/>\n\t<meta name=\"twitter:data1\" content=\"MPPPST Prensa\" \/>\n\t<meta name=\"twitter:label2\" content=\"Tiempo de lectura\" \/>\n\t<meta name=\"twitter:data2\" content=\"3 minutos\" \/>\n<script type=\"application\/ld+json\" class=\"yoast-schema-graph\">{\"@context\":\"https:\/\/schema.org\",\"@graph\":[{\"@type\":\"Article\",\"@id\":\"https:\/\/www.mpppst.gob.ve\/mpppstweb\/index.php\/2020\/08\/19\/a-traves-del-ven-911-se-han-atendido-mas-de-1-400-casos-positivos-de-covid-19-a-nivel-nacional\/#article\",\"isPartOf\":{\"@id\":\"https:\/\/www.mpppst.gob.ve\/mpppstweb\/index.php\/2020\/08\/19\/a-traves-del-ven-911-se-han-atendido-mas-de-1-400-casos-positivos-de-covid-19-a-nivel-nacional\/\"},\"author\":{\"name\":\"MPPPST Prensa\",\"@id\":\"https:\/\/www.mpppst.gob.ve\/mpppstweb\/#\/schema\/person\/fc187ee8ead412bd4c9304b62f900ea4\"},\"headline\":\"A trav\u00e9s del VEN 911 se han atendido m\u00e1s de 1.400 casos positivos de COVID-19 a nivel nacional\",\"datePublished\":\"2020-08-19T14:19:42+00:00\",\"dateModified\":\"2020-08-19T14:19:43+00:00\",\"mainEntityOfPage\":{\"@id\":\"https:\/\/www.mpppst.gob.ve\/mpppstweb\/index.php\/2020\/08\/19\/a-traves-del-ven-911-se-han-atendido-mas-de-1-400-casos-positivos-de-covid-19-a-nivel-nacional\/\"},\"wordCount\":564,\"publisher\":{\"@id\":\"https:\/\/www.mpppst.gob.ve\/mpppstweb\/#organization\"},\"image\":{\"@id\":\"https:\/\/www.mpppst.gob.ve\/mpppstweb\/index.php\/2020\/08\/19\/a-traves-del-ven-911-se-han-atendido-mas-de-1-400-casos-positivos-de-covid-19-a-nivel-nacional\/#primaryimage\"},\"thumbnailUrl\":\"https:\/\/www.mpppst.gob.ve\/mpppstweb\/wp-content\/uploads\/2020\/08\/Remigio-Ceballos-768x427-1.jpeg\",\"articleSection\":[\"Gobierno Nacional\",\"Noticias\"],\"inLanguage\":\"es\"},{\"@type\":\"WebPage\",\"@id\":\"https:\/\/www.mpppst.gob.ve\/mpppstweb\/index.php\/2020\/08\/19\/a-traves-del-ven-911-se-han-atendido-mas-de-1-400-casos-positivos-de-covid-19-a-nivel-nacional\/\",\"url\":\"https:\/\/www.mpppst.gob.ve\/mpppstweb\/index.php\/2020\/08\/19\/a-traves-del-ven-911-se-han-atendido-mas-de-1-400-casos-positivos-de-covid-19-a-nivel-nacional\/\",\"name\":\"A trav\u00e9s del VEN 911 se han atendido m\u00e1s de 1.400 casos positivos de COVID-19 a nivel nacional - MPPPST\",\"isPartOf\":{\"@id\":\"https:\/\/www.mpppst.gob.ve\/mpppstweb\/#website\"},\"primaryImageOfPage\":{\"@id\":\"https:\/\/www.mpppst.gob.ve\/mpppstweb\/index.php\/2020\/08\/19\/a-traves-del-ven-911-se-han-atendido-mas-de-1-400-casos-positivos-de-covid-19-a-nivel-nacional\/#primaryimage\"},\"image\":{\"@id\":\"https:\/\/www.mpppst.gob.ve\/mpppstweb\/index.php\/2020\/08\/19\/a-traves-del-ven-911-se-han-atendido-mas-de-1-400-casos-positivos-de-covid-19-a-nivel-nacional\/#primaryimage\"},\"thumbnailUrl\":\"https:\/\/www.mpppst.gob.ve\/mpppstweb\/wp-content\/uploads\/2020\/08\/Remigio-Ceballos-768x427-1.jpeg\",\"datePublished\":\"2020-08-19T14:19:42+00:00\",\"dateModified\":\"2020-08-19T14:19:43+00:00\",\"breadcrumb\":{\"@id\":\"https:\/\/www.mpppst.gob.ve\/mpppstweb\/index.php\/2020\/08\/19\/a-traves-del-ven-911-se-han-atendido-mas-de-1-400-casos-positivos-de-covid-19-a-nivel-nacional\/#breadcrumb\"},\"inLanguage\":\"es\",\"potentialAction\":[{\"@type\":\"ReadAction\",\"target\":[\"https:\/\/www.mpppst.gob.ve\/mpppstweb\/index.php\/2020\/08\/19\/a-traves-del-ven-911-se-han-atendido-mas-de-1-400-casos-positivos-de-covid-19-a-nivel-nacional\/\"]}]},{\"@type\":\"ImageObject\",\"inLanguage\":\"es\",\"@id\":\"https:\/\/www.mpppst.gob.ve\/mpppstweb\/index.php\/2020\/08\/19\/a-traves-del-ven-911-se-han-atendido-mas-de-1-400-casos-positivos-de-covid-19-a-nivel-nacional\/#primaryimage\",\"url\":\"https:\/\/www.mpppst.gob.ve\/mpppstweb\/wp-content\/uploads\/2020\/08\/Remigio-Ceballos-768x427-1.jpeg\",\"contentUrl\":\"https:\/\/www.mpppst.gob.ve\/mpppstweb\/wp-content\/uploads\/2020\/08\/Remigio-Ceballos-768x427-1.jpeg\",\"width\":768,\"height\":427},{\"@type\":\"BreadcrumbList\",\"@id\":\"https:\/\/www.mpppst.gob.ve\/mpppstweb\/index.php\/2020\/08\/19\/a-traves-del-ven-911-se-han-atendido-mas-de-1-400-casos-positivos-de-covid-19-a-nivel-nacional\/#breadcrumb\",\"itemListElement\":[{\"@type\":\"ListItem\",\"position\":1,\"name\":\"Home\",\"item\":\"https:\/\/www.mpppst.gob.ve\/mpppstweb\/\"},{\"@type\":\"ListItem\",\"position\":2,\"name\":\"A trav\u00e9s del VEN 911 se han atendido m\u00e1s de 1.400 casos positivos de COVID-19 a nivel nacional\"}]},{\"@type\":\"WebSite\",\"@id\":\"https:\/\/www.mpppst.gob.ve\/mpppstweb\/#website\",\"url\":\"https:\/\/www.mpppst.gob.ve\/mpppstweb\/\",\"name\":\"MPPPST\",\"description\":\"Ministerio del Poder Popular para el Proceso Social de Trabajo\",\"publisher\":{\"@id\":\"https:\/\/www.mpppst.gob.ve\/mpppstweb\/#organization\"},\"potentialAction\":[{\"@type\":\"SearchAction\",\"target\":{\"@type\":\"EntryPoint\",\"urlTemplate\":\"https:\/\/www.mpppst.gob.ve\/mpppstweb\/?s={search_term_string}\"},\"query-input\":\"required name=search_term_string\"}],\"inLanguage\":\"es\"},{\"@type\":\"Organization\",\"@id\":\"https:\/\/www.mpppst.gob.ve\/mpppstweb\/#organization\",\"name\":\"mpppst\",\"url\":\"https:\/\/www.mpppst.gob.ve\/mpppstweb\/\",\"logo\":{\"@type\":\"ImageObject\",\"inLanguage\":\"es\",\"@id\":\"https:\/\/www.mpppst.gob.ve\/mpppstweb\/#\/schema\/logo\/image\/\",\"url\":\"https:\/\/www.mpppst.gob.ve\/mpppstweb\/wp-content\/uploads\/2025\/07\/cropped-cropped-g910.png\",\"contentUrl\":\"https:\/\/www.mpppst.gob.ve\/mpppstweb\/wp-content\/uploads\/2025\/07\/cropped-cropped-g910.png\",\"width\":1080,\"height\":241,\"caption\":\"mpppst\"},\"image\":{\"@id\":\"https:\/\/www.mpppst.gob.ve\/mpppstweb\/#\/schema\/logo\/image\/\"}},{\"@type\":\"Person\",\"@id\":\"https:\/\/www.mpppst.gob.ve\/mpppstweb\/#\/schema\/person\/fc187ee8ead412bd4c9304b62f900ea4\",\"name\":\"MPPPST Prensa\",\"url\":\"https:\/\/www.mpppst.gob.ve\/mpppstweb\/index.php\/author\/prensa-mpppst\/\"}]}<\/script>\n<!-- \/ Yoast SEO plugin. -->","yoast_head_json":{"title":"A trav\u00e9s del VEN 911 se han atendido m\u00e1s de 1.400 casos positivos de COVID-19 a nivel nacional - MPPPST","robots":{"index":"index","follow":"follow","max-snippet":"max-snippet:-1","max-image-preview":"max-image-preview:large","max-video-preview":"max-video-preview:-1"},"canonical":"https:\/\/www.mpppst.gob.ve\/mpppstweb\/index.php\/2020\/08\/19\/a-traves-del-ven-911-se-han-atendido-mas-de-1-400-casos-positivos-de-covid-19-a-nivel-nacional\/","og_locale":"es_ES","og_type":"article","og_title":"A trav\u00e9s del VEN 911 se han atendido m\u00e1s de 1.400 casos positivos de COVID-19 a nivel nacional - MPPPST","og_description":"El Comandante Estrat\u00e9gico Operacional de la Fuerza Armada Nacional Bolivariana (CEOFANB), A\/J Remigio Ceballos Ichaso, inform\u00f3 &hellip; A trav\u00e9s del VEN 911 se han atendido m\u00e1s de 1.400 casos positivos de COVID-19 a nivel nacionalRead more","og_url":"https:\/\/www.mpppst.gob.ve\/mpppstweb\/index.php\/2020\/08\/19\/a-traves-del-ven-911-se-han-atendido-mas-de-1-400-casos-positivos-de-covid-19-a-nivel-nacional\/","og_site_name":"MPPPST","article_published_time":"2020-08-19T14:19:42+00:00","article_modified_time":"2020-08-19T14:19:43+00:00","og_image":[{"width":768,"height":427,"url":"https:\/\/www.mpppst.gob.ve\/mpppstweb\/wp-content\/uploads\/2020\/08\/Remigio-Ceballos-768x427-1.jpeg","type":"image\/jpeg"}],"author":"MPPPST Prensa","twitter_card":"summary_large_image","twitter_misc":{"Escrito por":"MPPPST Prensa","Tiempo de lectura":"3 minutos"},"schema":{"@context":"https:\/\/schema.org","@graph":[{"@type":"Article","@id":"https:\/\/www.mpppst.gob.ve\/mpppstweb\/index.php\/2020\/08\/19\/a-traves-del-ven-911-se-han-atendido-mas-de-1-400-casos-positivos-de-covid-19-a-nivel-nacional\/#article","isPartOf":{"@id":"https:\/\/www.mpppst.gob.ve\/mpppstweb\/index.php\/2020\/08\/19\/a-traves-del-ven-911-se-han-atendido-mas-de-1-400-casos-positivos-de-covid-19-a-nivel-nacional\/"},"author":{"name":"MPPPST Prensa","@id":"https:\/\/www.mpppst.gob.ve\/mpppstweb\/#\/schema\/person\/fc187ee8ead412bd4c9304b62f900ea4"},"headline":"A trav\u00e9s del VEN 911 se han atendido m\u00e1s de 1.400 casos positivos de COVID-19 a nivel nacional","datePublished":"2020-08-19T14:19:42+00:00","dateModified":"2020-08-19T14:19:43+00:00","mainEntityOfPage":{"@id":"https:\/\/www.mpppst.gob.ve\/mpppstweb\/index.php\/2020\/08\/19\/a-traves-del-ven-911-se-han-atendido-mas-de-1-400-casos-positivos-de-covid-19-a-nivel-nacional\/"},"wordCount":564,"publisher":{"@id":"https:\/\/www.mpppst.gob.ve\/mpppstweb\/#organization"},"image":{"@id":"https:\/\/www.mpppst.gob.ve\/mpppstweb\/index.php\/2020\/08\/19\/a-traves-del-ven-911-se-han-atendido-mas-de-1-400-casos-positivos-de-covid-19-a-nivel-nacional\/#primaryimage"},"thumbnailUrl":"https:\/\/www.mpppst.gob.ve\/mpppstweb\/wp-content\/uploads\/2020\/08\/Remigio-Ceballos-768x427-1.jpeg","articleSection":["Gobierno Nacional","Noticias"],"inLanguage":"es"},{"@type":"WebPage","@id":"https:\/\/www.mpppst.gob.ve\/mpppstweb\/index.php\/2020\/08\/19\/a-traves-del-ven-911-se-han-atendido-mas-de-1-400-casos-positivos-de-covid-19-a-nivel-nacional\/","url":"https:\/\/www.mpppst.gob.ve\/mpppstweb\/index.php\/2020\/08\/19\/a-traves-del-ven-911-se-han-atendido-mas-de-1-400-casos-positivos-de-covid-19-a-nivel-nacional\/","name":"A trav\u00e9s del VEN 911 se han atendido m\u00e1s de 1.400 casos positivos de COVID-19 a nivel nacional - MPPPST","isPartOf":{"@id":"https:\/\/www.mpppst.gob.ve\/mpppstweb\/#website"},"primaryImageOfPage":{"@id":"https:\/\/www.mpppst.gob.ve\/mpppstweb\/index.php\/2020\/08\/19\/a-traves-del-ven-911-se-han-atendido-mas-de-1-400-casos-positivos-de-covid-19-a-nivel-nacional\/#primaryimage"},"image":{"@id":"https:\/\/www.mpppst.gob.ve\/mpppstweb\/index.php\/2020\/08\/19\/a-traves-del-ven-911-se-han-atendido-mas-de-1-400-casos-positivos-de-covid-19-a-nivel-nacional\/#primaryimage"},"thumbnailUrl":"https:\/\/www.mpppst.gob.ve\/mpppstweb\/wp-content\/uploads\/2020\/08\/Remigio-Ceballos-768x427-1.jpeg","datePublished":"2020-08-19T14:19:42+00:00","dateModified":"2020-08-19T14:19:43+00:00","breadcrumb":{"@id":"https:\/\/www.mpppst.gob.ve\/mpppstweb\/index.php\/2020\/08\/19\/a-traves-del-ven-911-se-han-atendido-mas-de-1-400-casos-positivos-de-covid-19-a-nivel-nacional\/#breadcrumb"},"inLanguage":"es","potentialAction":[{"@type":"ReadAction","target":["https:\/\/www.mpppst.gob.ve\/mpppstweb\/index.php\/2020\/08\/19\/a-traves-del-ven-911-se-han-atendido-mas-de-1-400-casos-positivos-de-covid-19-a-nivel-nacional\/"]}]},{"@type":"ImageObject","inLanguage":"es","@id":"https:\/\/www.mpppst.gob.ve\/mpppstweb\/index.php\/2020\/08\/19\/a-traves-del-ven-911-se-han-atendido-mas-de-1-400-casos-positivos-de-covid-19-a-nivel-nacional\/#primaryimage","url":"https:\/\/www.mpppst.gob.ve\/mpppstweb\/wp-content\/uploads\/2020\/08\/Remigio-Ceballos-768x427-1.jpeg","contentUrl":"https:\/\/www.mpppst.gob.ve\/mpppstweb\/wp-content\/uploads\/2020\/08\/Remigio-Ceballos-768x427-1.jpeg","width":768,"height":427},{"@type":"BreadcrumbList","@id":"https:\/\/www.mpppst.gob.ve\/mpppstweb\/index.php\/2020\/08\/19\/a-traves-del-ven-911-se-han-atendido-mas-de-1-400-casos-positivos-de-covid-19-a-nivel-nacional\/#breadcrumb","itemListElement":[{"@type":"ListItem","position":1,"name":"Home","item":"https:\/\/www.mpppst.gob.ve\/mpppstweb\/"},{"@type":"ListItem","position":2,"name":"A trav\u00e9s del VEN 911 se han atendido m\u00e1s de 1.400 casos positivos de COVID-19 a nivel nacional"}]},{"@type":"WebSite","@id":"https:\/\/www.mpppst.gob.ve\/mpppstweb\/#website","url":"https:\/\/www.mpppst.gob.ve\/mpppstweb\/","name":"MPPPST","description":"Ministerio del Poder Popular para el Proceso Social de Trabajo","publisher":{"@id":"https:\/\/www.mpppst.gob.ve\/mpppstweb\/#organization"},"potentialAction":[{"@type":"SearchAction","target":{"@type":"EntryPoint","urlTemplate":"https:\/\/www.mpppst.gob.ve\/mpppstweb\/?s={search_term_string}"},"query-input":"required name=search_term_string"}],"inLanguage":"es"},{"@type":"Organization","@id":"https:\/\/www.mpppst.gob.ve\/mpppstweb\/#organization","name":"mpppst","url":"https:\/\/www.mpppst.gob.ve\/mpppstweb\/","logo":{"@type":"ImageObject","inLanguage":"es","@id":"https:\/\/www.mpppst.gob.ve\/mpppstweb\/#\/schema\/logo\/image\/","url":"https:\/\/www.mpppst.gob.ve\/mpppstweb\/wp-content\/uploads\/2025\/07\/cropped-cropped-g910.png","contentUrl":"https:\/\/www.mpppst.gob.ve\/mpppstweb\/wp-content\/uploads\/2025\/07\/cropped-cropped-g910.png","width":1080,"height":241,"caption":"mpppst"},"image":{"@id":"https:\/\/www.mpppst.gob.ve\/mpppstweb\/#\/schema\/logo\/image\/"}},{"@type":"Person","@id":"https:\/\/www.mpppst.gob.ve\/mpppstweb\/#\/schema\/person\/fc187ee8ead412bd4c9304b62f900ea4","name":"MPPPST Prensa","url":"https:\/\/www.mpppst.gob.ve\/mpppstweb\/index.php\/author\/prensa-mpppst\/"}]}},"_links":{"self":[{"href":"https:\/\/www.mpppst.gob.ve\/mpppstweb\/index.php\/wp-json\/wp\/v2\/posts\/19605"}],"collection":[{"href":"https:\/\/www.mpppst.gob.ve\/mpppstweb\/index.php\/wp-json\/wp\/v2\/posts"}],"about":[{"href":"https:\/\/www.mpppst.gob.ve\/mpppstweb\/index.php\/wp-json\/wp\/v2\/types\/post"}],"author":[{"embeddable":true,"href":"https:\/\/www.mpppst.gob.ve\/mpppstweb\/index.php\/wp-json\/wp\/v2\/users\/25"}],"replies":[{"embeddable":true,"href":"https:\/\/www.mpppst.gob.ve\/mpppstweb\/index.php\/wp-json\/wp\/v2\/comments?post=19605"}],"version-history":[{"count":1,"href":"https:\/\/www.mpppst.gob.ve\/mpppstweb\/index.php\/wp-json\/wp\/v2\/posts\/19605\/revisions"}],"predecessor-version":[{"id":19607,"href":"https:\/\/www.mpppst.gob.ve\/mpppstweb\/index.php\/wp-json\/wp\/v2\/posts\/19605\/revisions\/19607"}],"wp:featuredmedia":[{"embeddable":true,"href":"https:\/\/www.mpppst.gob.ve\/mpppstweb\/index.php\/wp-json\/wp\/v2\/media\/19606"}],"wp:attachment":[{"href":"https:\/\/www.mpppst.gob.ve\/mpppstweb\/index.php\/wp-json\/wp\/v2\/media?parent=19605"}],"wp:term":[{"taxonomy":"category","embeddable":true,"href":"https:\/\/www.mpppst.gob.ve\/mpppstweb\/index.php\/wp-json\/wp\/v2\/categories?post=19605"},{"taxonomy":"post_tag","embeddable":true,"href":"https:\/\/www.mpppst.gob.ve\/mpppstweb\/index.php\/wp-json\/wp\/v2\/tags?post=19605"}],"curies":[{"name":"wp","href":"https:\/\/api.w.org\/{rel}","templated":true}]}}