{"id":19615,"date":"2020-08-20T07:24:57","date_gmt":"2020-08-20T11:24:57","guid":{"rendered":"http:\/\/www.mpppst.gob.ve\/mpppstweb\/?p=19615"},"modified":"2020-08-20T07:24:58","modified_gmt":"2020-08-20T11:24:58","slug":"tareck-el-aissami-la-opep-avanza-en-la-estabilizacion-de-la-industria-energetica-y-en-el-apalancamiento-de-la-economia-mundial","status":"publish","type":"post","link":"https:\/\/www.mpppst.gob.ve\/mpppstweb\/index.php\/2020\/08\/20\/tareck-el-aissami-la-opep-avanza-en-la-estabilizacion-de-la-industria-energetica-y-en-el-apalancamiento-de-la-economia-mundial\/","title":{"rendered":"Tareck El Aissami: La OPEP+ avanza en la estabilizaci\u00f3n de la industria energ\u00e9tica y en el apalancamiento de la econom\u00eda mundial"},"content":{"rendered":"\n<p>Este mi\u00e9rcoles el vicepresidente sectorial de econom\u00eda de la Rep\u00fablica Bolivariana de Venezuela y ministro del Poder Popular para el Petroleo, Tareck El Aissami afirm\u00f3 que desde la Organizaci\u00f3n de Pa\u00edses Exportadores de Petroleos (OPEP+), se ha garantizado no solo la estabilidad del mercado petrolero, sino que adem\u00e1s ha sido el punto fundamental para el apalancamiento de la econom\u00eda mundial, durante la participaci\u00f3n de Venezuela en la 21\u00b0 reuni\u00f3n del Comit\u00e9 Ministerial de Monitoreo Conjunto de la OPEP+.<\/p>\n\n\n\n<p>El encuentro que se llev\u00f3 a cabo bajo la modalidad de videoconferencia permiti\u00f3 ratificar el compromiso de los pa\u00edses miembros de la OPEP+ para \u201cseguir avanzando en la estabilizaci\u00f3n de la industria energ\u00e9tica, el mercado petrolero y las econom\u00edas de los pueblos del mundo\u201d, refiere un mensaje publicado por el Ministro para el Petr\u00f3leo a trav\u00e9s de su cuenta en la red oficial Twitter @TareckPSUV<\/p>\n\n\n\n<p>Tareck El Aissami indic\u00f3 que ante la situaci\u00f3n de la pandemia la Declaraci\u00f3n de la OPEP+ representa una garantiza absoluta de estabilidad energ\u00e9tica en la defensa del derecho soberano de los pueblos y naciones.<\/p>\n\n\n\n<p>En otro mensaje, resalt\u00f3 que la s\u00f3lida unidad de los pa\u00edses que han ratificado la Declaraci\u00f3n de Cooperaci\u00f3n de la OPEP+ permitir\u00e1 superar los efectos negativos provocados por la pandemia de la COVID-19 en el mundo.<\/p>\n\n\n\n<p>Finalmente expres\u00f3 que desde la OPEP+ se hace un llamado a toda la comunidad internacional para seguir reforzando el trabajo colectivo y solidario para combatir la pandemia \u201csolo unidos venceremos esta enfermedad\u201d.<\/p>\n","protected":false},"excerpt":{"rendered":"<p>Este mi\u00e9rcoles el vicepresidente sectorial de econom\u00eda de la Rep\u00fablica Bolivariana de Venezuela y ministro del &hellip; <a title=\"Tareck El Aissami: La OPEP+ avanza en la estabilizaci\u00f3n de la industria energ\u00e9tica y en el apalancamiento de la econom\u00eda mundial\" class=\"hm-read-more\" href=\"https:\/\/www.mpppst.gob.ve\/mpppstweb\/index.php\/2020\/08\/20\/tareck-el-aissami-la-opep-avanza-en-la-estabilizacion-de-la-industria-energetica-y-en-el-apalancamiento-de-la-economia-mundial\/\"><span class=\"screen-reader-text\">Tareck El Aissami: La OPEP+ avanza en la estabilizaci\u00f3n de la industria energ\u00e9tica y en el apalancamiento de la econom\u00eda mundial<\/span>Read more<\/a><\/p>\n","protected":false},"author":25,"featured_media":19616,"comment_status":"closed","ping_status":"closed","sticky":false,"template":"","format":"standard","meta":{"footnotes":""},"categories":[82,163],"tags":[],"yoast_head":"<!-- This site is optimized with the Yoast SEO plugin v22.5 - https:\/\/yoast.com\/wordpress\/plugins\/seo\/ -->\n<title>Tareck El Aissami: La OPEP+ avanza en la estabilizaci\u00f3n de la industria energ\u00e9tica y en el apalancamiento de la econom\u00eda mundial - MPPPST<\/title>\n<meta name=\"robots\" content=\"index, follow, max-snippet:-1, max-image-preview:large, max-video-preview:-1\" \/>\n<link rel=\"canonical\" href=\"https:\/\/www.mpppst.gob.ve\/mpppstweb\/index.php\/2020\/08\/20\/tareck-el-aissami-la-opep-avanza-en-la-estabilizacion-de-la-industria-energetica-y-en-el-apalancamiento-de-la-economia-mundial\/\" \/>\n<meta property=\"og:locale\" content=\"es_ES\" \/>\n<meta property=\"og:type\" content=\"article\" \/>\n<meta property=\"og:title\" content=\"Tareck El Aissami: La OPEP+ avanza en la estabilizaci\u00f3n de la industria energ\u00e9tica y en el apalancamiento de la econom\u00eda mundial - MPPPST\" \/>\n<meta property=\"og:description\" content=\"Este mi\u00e9rcoles el vicepresidente sectorial de econom\u00eda de la Rep\u00fablica Bolivariana de Venezuela y ministro del &hellip; Tareck El Aissami: La OPEP+ avanza en la estabilizaci\u00f3n de la industria energ\u00e9tica y en el apalancamiento de la econom\u00eda mundialRead more\" \/>\n<meta property=\"og:url\" content=\"https:\/\/www.mpppst.gob.ve\/mpppstweb\/index.php\/2020\/08\/20\/tareck-el-aissami-la-opep-avanza-en-la-estabilizacion-de-la-industria-energetica-y-en-el-apalancamiento-de-la-economia-mundial\/\" \/>\n<meta property=\"og:site_name\" content=\"MPPPST\" \/>\n<meta property=\"article:published_time\" content=\"2020-08-20T11:24:57+00:00\" \/>\n<meta property=\"article:modified_time\" content=\"2020-08-20T11:24:58+00:00\" \/>\n<meta property=\"og:image\" content=\"https:\/\/www.mpppst.gob.ve\/mpppstweb\/wp-content\/uploads\/2020\/08\/WhatsApp-Image-2020-08-19-at-11.03.22-PM-768x427-1.jpeg\" \/>\n\t<meta property=\"og:image:width\" content=\"768\" \/>\n\t<meta property=\"og:image:height\" content=\"427\" \/>\n\t<meta property=\"og:image:type\" content=\"image\/jpeg\" \/>\n<meta name=\"author\" content=\"MPPPST Prensa\" \/>\n<meta name=\"twitter:card\" content=\"summary_large_image\" \/>\n<meta name=\"twitter:label1\" content=\"Escrito por\" \/>\n\t<meta name=\"twitter:data1\" content=\"MPPPST Prensa\" \/>\n\t<meta name=\"twitter:label2\" content=\"Tiempo de lectura\" \/>\n\t<meta name=\"twitter:data2\" content=\"1 minuto\" \/>\n<script type=\"application\/ld+json\" class=\"yoast-schema-graph\">{\"@context\":\"https:\/\/schema.org\",\"@graph\":[{\"@type\":\"Article\",\"@id\":\"https:\/\/www.mpppst.gob.ve\/mpppstweb\/index.php\/2020\/08\/20\/tareck-el-aissami-la-opep-avanza-en-la-estabilizacion-de-la-industria-energetica-y-en-el-apalancamiento-de-la-economia-mundial\/#article\",\"isPartOf\":{\"@id\":\"https:\/\/www.mpppst.gob.ve\/mpppstweb\/index.php\/2020\/08\/20\/tareck-el-aissami-la-opep-avanza-en-la-estabilizacion-de-la-industria-energetica-y-en-el-apalancamiento-de-la-economia-mundial\/\"},\"author\":{\"name\":\"MPPPST Prensa\",\"@id\":\"https:\/\/www.mpppst.gob.ve\/mpppstweb\/#\/schema\/person\/fc187ee8ead412bd4c9304b62f900ea4\"},\"headline\":\"Tareck El Aissami: La OPEP+ avanza en la estabilizaci\u00f3n de la industria energ\u00e9tica y en el apalancamiento de la econom\u00eda mundial\",\"datePublished\":\"2020-08-20T11:24:57+00:00\",\"dateModified\":\"2020-08-20T11:24:58+00:00\",\"mainEntityOfPage\":{\"@id\":\"https:\/\/www.mpppst.gob.ve\/mpppstweb\/index.php\/2020\/08\/20\/tareck-el-aissami-la-opep-avanza-en-la-estabilizacion-de-la-industria-energetica-y-en-el-apalancamiento-de-la-economia-mundial\/\"},\"wordCount\":290,\"publisher\":{\"@id\":\"https:\/\/www.mpppst.gob.ve\/mpppstweb\/#organization\"},\"image\":{\"@id\":\"https:\/\/www.mpppst.gob.ve\/mpppstweb\/index.php\/2020\/08\/20\/tareck-el-aissami-la-opep-avanza-en-la-estabilizacion-de-la-industria-energetica-y-en-el-apalancamiento-de-la-economia-mundial\/#primaryimage\"},\"thumbnailUrl\":\"https:\/\/www.mpppst.gob.ve\/mpppstweb\/wp-content\/uploads\/2020\/08\/WhatsApp-Image-2020-08-19-at-11.03.22-PM-768x427-1.jpeg\",\"articleSection\":[\"Gobierno Nacional\",\"Noticias\"],\"inLanguage\":\"es\"},{\"@type\":\"WebPage\",\"@id\":\"https:\/\/www.mpppst.gob.ve\/mpppstweb\/index.php\/2020\/08\/20\/tareck-el-aissami-la-opep-avanza-en-la-estabilizacion-de-la-industria-energetica-y-en-el-apalancamiento-de-la-economia-mundial\/\",\"url\":\"https:\/\/www.mpppst.gob.ve\/mpppstweb\/index.php\/2020\/08\/20\/tareck-el-aissami-la-opep-avanza-en-la-estabilizacion-de-la-industria-energetica-y-en-el-apalancamiento-de-la-economia-mundial\/\",\"name\":\"Tareck El Aissami: La OPEP+ avanza en la estabilizaci\u00f3n de la industria energ\u00e9tica y en el apalancamiento de la econom\u00eda mundial - MPPPST\",\"isPartOf\":{\"@id\":\"https:\/\/www.mpppst.gob.ve\/mpppstweb\/#website\"},\"primaryImageOfPage\":{\"@id\":\"https:\/\/www.mpppst.gob.ve\/mpppstweb\/index.php\/2020\/08\/20\/tareck-el-aissami-la-opep-avanza-en-la-estabilizacion-de-la-industria-energetica-y-en-el-apalancamiento-de-la-economia-mundial\/#primaryimage\"},\"image\":{\"@id\":\"https:\/\/www.mpppst.gob.ve\/mpppstweb\/index.php\/2020\/08\/20\/tareck-el-aissami-la-opep-avanza-en-la-estabilizacion-de-la-industria-energetica-y-en-el-apalancamiento-de-la-economia-mundial\/#primaryimage\"},\"thumbnailUrl\":\"https:\/\/www.mpppst.gob.ve\/mpppstweb\/wp-content\/uploads\/2020\/08\/WhatsApp-Image-2020-08-19-at-11.03.22-PM-768x427-1.jpeg\",\"datePublished\":\"2020-08-20T11:24:57+00:00\",\"dateModified\":\"2020-08-20T11:24:58+00:00\",\"breadcrumb\":{\"@id\":\"https:\/\/www.mpppst.gob.ve\/mpppstweb\/index.php\/2020\/08\/20\/tareck-el-aissami-la-opep-avanza-en-la-estabilizacion-de-la-industria-energetica-y-en-el-apalancamiento-de-la-economia-mundial\/#breadcrumb\"},\"inLanguage\":\"es\",\"potentialAction\":[{\"@type\":\"ReadAction\",\"target\":[\"https:\/\/www.mpppst.gob.ve\/mpppstweb\/index.php\/2020\/08\/20\/tareck-el-aissami-la-opep-avanza-en-la-estabilizacion-de-la-industria-energetica-y-en-el-apalancamiento-de-la-economia-mundial\/\"]}]},{\"@type\":\"ImageObject\",\"inLanguage\":\"es\",\"@id\":\"https:\/\/www.mpppst.gob.ve\/mpppstweb\/index.php\/2020\/08\/20\/tareck-el-aissami-la-opep-avanza-en-la-estabilizacion-de-la-industria-energetica-y-en-el-apalancamiento-de-la-economia-mundial\/#primaryimage\",\"url\":\"https:\/\/www.mpppst.gob.ve\/mpppstweb\/wp-content\/uploads\/2020\/08\/WhatsApp-Image-2020-08-19-at-11.03.22-PM-768x427-1.jpeg\",\"contentUrl\":\"https:\/\/www.mpppst.gob.ve\/mpppstweb\/wp-content\/uploads\/2020\/08\/WhatsApp-Image-2020-08-19-at-11.03.22-PM-768x427-1.jpeg\",\"width\":768,\"height\":427},{\"@type\":\"BreadcrumbList\",\"@id\":\"https:\/\/www.mpppst.gob.ve\/mpppstweb\/index.php\/2020\/08\/20\/tareck-el-aissami-la-opep-avanza-en-la-estabilizacion-de-la-industria-energetica-y-en-el-apalancamiento-de-la-economia-mundial\/#breadcrumb\",\"itemListElement\":[{\"@type\":\"ListItem\",\"position\":1,\"name\":\"Home\",\"item\":\"https:\/\/www.mpppst.gob.ve\/mpppstweb\/\"},{\"@type\":\"ListItem\",\"position\":2,\"name\":\"Tareck El Aissami: La OPEP+ avanza en la estabilizaci\u00f3n de la industria energ\u00e9tica y en el apalancamiento de la econom\u00eda mundial\"}]},{\"@type\":\"WebSite\",\"@id\":\"https:\/\/www.mpppst.gob.ve\/mpppstweb\/#website\",\"url\":\"https:\/\/www.mpppst.gob.ve\/mpppstweb\/\",\"name\":\"MPPPST\",\"description\":\"Ministerio del Poder Popular para el Proceso Social de Trabajo\",\"publisher\":{\"@id\":\"https:\/\/www.mpppst.gob.ve\/mpppstweb\/#organization\"},\"potentialAction\":[{\"@type\":\"SearchAction\",\"target\":{\"@type\":\"EntryPoint\",\"urlTemplate\":\"https:\/\/www.mpppst.gob.ve\/mpppstweb\/?s={search_term_string}\"},\"query-input\":\"required name=search_term_string\"}],\"inLanguage\":\"es\"},{\"@type\":\"Organization\",\"@id\":\"https:\/\/www.mpppst.gob.ve\/mpppstweb\/#organization\",\"name\":\"mpppst\",\"url\":\"https:\/\/www.mpppst.gob.ve\/mpppstweb\/\",\"logo\":{\"@type\":\"ImageObject\",\"inLanguage\":\"es\",\"@id\":\"https:\/\/www.mpppst.gob.ve\/mpppstweb\/#\/schema\/logo\/image\/\",\"url\":\"https:\/\/www.mpppst.gob.ve\/mpppstweb\/wp-content\/uploads\/2025\/07\/cropped-cropped-g910.png\",\"contentUrl\":\"https:\/\/www.mpppst.gob.ve\/mpppstweb\/wp-content\/uploads\/2025\/07\/cropped-cropped-g910.png\",\"width\":1080,\"height\":241,\"caption\":\"mpppst\"},\"image\":{\"@id\":\"https:\/\/www.mpppst.gob.ve\/mpppstweb\/#\/schema\/logo\/image\/\"}},{\"@type\":\"Person\",\"@id\":\"https:\/\/www.mpppst.gob.ve\/mpppstweb\/#\/schema\/person\/fc187ee8ead412bd4c9304b62f900ea4\",\"name\":\"MPPPST Prensa\",\"url\":\"https:\/\/www.mpppst.gob.ve\/mpppstweb\/index.php\/author\/prensa-mpppst\/\"}]}<\/script>\n<!-- \/ Yoast SEO plugin. -->","yoast_head_json":{"title":"Tareck El Aissami: La OPEP+ avanza en la estabilizaci\u00f3n de la industria energ\u00e9tica y en el apalancamiento de la econom\u00eda mundial - MPPPST","robots":{"index":"index","follow":"follow","max-snippet":"max-snippet:-1","max-image-preview":"max-image-preview:large","max-video-preview":"max-video-preview:-1"},"canonical":"https:\/\/www.mpppst.gob.ve\/mpppstweb\/index.php\/2020\/08\/20\/tareck-el-aissami-la-opep-avanza-en-la-estabilizacion-de-la-industria-energetica-y-en-el-apalancamiento-de-la-economia-mundial\/","og_locale":"es_ES","og_type":"article","og_title":"Tareck El Aissami: La OPEP+ avanza en la estabilizaci\u00f3n de la industria energ\u00e9tica y en el apalancamiento de la econom\u00eda mundial - MPPPST","og_description":"Este mi\u00e9rcoles el vicepresidente sectorial de econom\u00eda de la Rep\u00fablica Bolivariana de Venezuela y ministro del &hellip; Tareck El Aissami: La OPEP+ avanza en la estabilizaci\u00f3n de la industria energ\u00e9tica y en el apalancamiento de la econom\u00eda mundialRead more","og_url":"https:\/\/www.mpppst.gob.ve\/mpppstweb\/index.php\/2020\/08\/20\/tareck-el-aissami-la-opep-avanza-en-la-estabilizacion-de-la-industria-energetica-y-en-el-apalancamiento-de-la-economia-mundial\/","og_site_name":"MPPPST","article_published_time":"2020-08-20T11:24:57+00:00","article_modified_time":"2020-08-20T11:24:58+00:00","og_image":[{"width":768,"height":427,"url":"https:\/\/www.mpppst.gob.ve\/mpppstweb\/wp-content\/uploads\/2020\/08\/WhatsApp-Image-2020-08-19-at-11.03.22-PM-768x427-1.jpeg","type":"image\/jpeg"}],"author":"MPPPST Prensa","twitter_card":"summary_large_image","twitter_misc":{"Escrito por":"MPPPST Prensa","Tiempo de lectura":"1 minuto"},"schema":{"@context":"https:\/\/schema.org","@graph":[{"@type":"Article","@id":"https:\/\/www.mpppst.gob.ve\/mpppstweb\/index.php\/2020\/08\/20\/tareck-el-aissami-la-opep-avanza-en-la-estabilizacion-de-la-industria-energetica-y-en-el-apalancamiento-de-la-economia-mundial\/#article","isPartOf":{"@id":"https:\/\/www.mpppst.gob.ve\/mpppstweb\/index.php\/2020\/08\/20\/tareck-el-aissami-la-opep-avanza-en-la-estabilizacion-de-la-industria-energetica-y-en-el-apalancamiento-de-la-economia-mundial\/"},"author":{"name":"MPPPST Prensa","@id":"https:\/\/www.mpppst.gob.ve\/mpppstweb\/#\/schema\/person\/fc187ee8ead412bd4c9304b62f900ea4"},"headline":"Tareck El Aissami: La OPEP+ avanza en la estabilizaci\u00f3n de la industria energ\u00e9tica y en el apalancamiento de la econom\u00eda mundial","datePublished":"2020-08-20T11:24:57+00:00","dateModified":"2020-08-20T11:24:58+00:00","mainEntityOfPage":{"@id":"https:\/\/www.mpppst.gob.ve\/mpppstweb\/index.php\/2020\/08\/20\/tareck-el-aissami-la-opep-avanza-en-la-estabilizacion-de-la-industria-energetica-y-en-el-apalancamiento-de-la-economia-mundial\/"},"wordCount":290,"publisher":{"@id":"https:\/\/www.mpppst.gob.ve\/mpppstweb\/#organization"},"image":{"@id":"https:\/\/www.mpppst.gob.ve\/mpppstweb\/index.php\/2020\/08\/20\/tareck-el-aissami-la-opep-avanza-en-la-estabilizacion-de-la-industria-energetica-y-en-el-apalancamiento-de-la-economia-mundial\/#primaryimage"},"thumbnailUrl":"https:\/\/www.mpppst.gob.ve\/mpppstweb\/wp-content\/uploads\/2020\/08\/WhatsApp-Image-2020-08-19-at-11.03.22-PM-768x427-1.jpeg","articleSection":["Gobierno Nacional","Noticias"],"inLanguage":"es"},{"@type":"WebPage","@id":"https:\/\/www.mpppst.gob.ve\/mpppstweb\/index.php\/2020\/08\/20\/tareck-el-aissami-la-opep-avanza-en-la-estabilizacion-de-la-industria-energetica-y-en-el-apalancamiento-de-la-economia-mundial\/","url":"https:\/\/www.mpppst.gob.ve\/mpppstweb\/index.php\/2020\/08\/20\/tareck-el-aissami-la-opep-avanza-en-la-estabilizacion-de-la-industria-energetica-y-en-el-apalancamiento-de-la-economia-mundial\/","name":"Tareck El Aissami: La OPEP+ avanza en la estabilizaci\u00f3n de la industria energ\u00e9tica y en el apalancamiento de la econom\u00eda mundial - MPPPST","isPartOf":{"@id":"https:\/\/www.mpppst.gob.ve\/mpppstweb\/#website"},"primaryImageOfPage":{"@id":"https:\/\/www.mpppst.gob.ve\/mpppstweb\/index.php\/2020\/08\/20\/tareck-el-aissami-la-opep-avanza-en-la-estabilizacion-de-la-industria-energetica-y-en-el-apalancamiento-de-la-economia-mundial\/#primaryimage"},"image":{"@id":"https:\/\/www.mpppst.gob.ve\/mpppstweb\/index.php\/2020\/08\/20\/tareck-el-aissami-la-opep-avanza-en-la-estabilizacion-de-la-industria-energetica-y-en-el-apalancamiento-de-la-economia-mundial\/#primaryimage"},"thumbnailUrl":"https:\/\/www.mpppst.gob.ve\/mpppstweb\/wp-content\/uploads\/2020\/08\/WhatsApp-Image-2020-08-19-at-11.03.22-PM-768x427-1.jpeg","datePublished":"2020-08-20T11:24:57+00:00","dateModified":"2020-08-20T11:24:58+00:00","breadcrumb":{"@id":"https:\/\/www.mpppst.gob.ve\/mpppstweb\/index.php\/2020\/08\/20\/tareck-el-aissami-la-opep-avanza-en-la-estabilizacion-de-la-industria-energetica-y-en-el-apalancamiento-de-la-economia-mundial\/#breadcrumb"},"inLanguage":"es","potentialAction":[{"@type":"ReadAction","target":["https:\/\/www.mpppst.gob.ve\/mpppstweb\/index.php\/2020\/08\/20\/tareck-el-aissami-la-opep-avanza-en-la-estabilizacion-de-la-industria-energetica-y-en-el-apalancamiento-de-la-economia-mundial\/"]}]},{"@type":"ImageObject","inLanguage":"es","@id":"https:\/\/www.mpppst.gob.ve\/mpppstweb\/index.php\/2020\/08\/20\/tareck-el-aissami-la-opep-avanza-en-la-estabilizacion-de-la-industria-energetica-y-en-el-apalancamiento-de-la-economia-mundial\/#primaryimage","url":"https:\/\/www.mpppst.gob.ve\/mpppstweb\/wp-content\/uploads\/2020\/08\/WhatsApp-Image-2020-08-19-at-11.03.22-PM-768x427-1.jpeg","contentUrl":"https:\/\/www.mpppst.gob.ve\/mpppstweb\/wp-content\/uploads\/2020\/08\/WhatsApp-Image-2020-08-19-at-11.03.22-PM-768x427-1.jpeg","width":768,"height":427},{"@type":"BreadcrumbList","@id":"https:\/\/www.mpppst.gob.ve\/mpppstweb\/index.php\/2020\/08\/20\/tareck-el-aissami-la-opep-avanza-en-la-estabilizacion-de-la-industria-energetica-y-en-el-apalancamiento-de-la-economia-mundial\/#breadcrumb","itemListElement":[{"@type":"ListItem","position":1,"name":"Home","item":"https:\/\/www.mpppst.gob.ve\/mpppstweb\/"},{"@type":"ListItem","position":2,"name":"Tareck El Aissami: La OPEP+ avanza en la estabilizaci\u00f3n de la industria energ\u00e9tica y en el apalancamiento de la econom\u00eda mundial"}]},{"@type":"WebSite","@id":"https:\/\/www.mpppst.gob.ve\/mpppstweb\/#website","url":"https:\/\/www.mpppst.gob.ve\/mpppstweb\/","name":"MPPPST","description":"Ministerio del Poder Popular para el Proceso Social de Trabajo","publisher":{"@id":"https:\/\/www.mpppst.gob.ve\/mpppstweb\/#organization"},"potentialAction":[{"@type":"SearchAction","target":{"@type":"EntryPoint","urlTemplate":"https:\/\/www.mpppst.gob.ve\/mpppstweb\/?s={search_term_string}"},"query-input":"required name=search_term_string"}],"inLanguage":"es"},{"@type":"Organization","@id":"https:\/\/www.mpppst.gob.ve\/mpppstweb\/#organization","name":"mpppst","url":"https:\/\/www.mpppst.gob.ve\/mpppstweb\/","logo":{"@type":"ImageObject","inLanguage":"es","@id":"https:\/\/www.mpppst.gob.ve\/mpppstweb\/#\/schema\/logo\/image\/","url":"https:\/\/www.mpppst.gob.ve\/mpppstweb\/wp-content\/uploads\/2025\/07\/cropped-cropped-g910.png","contentUrl":"https:\/\/www.mpppst.gob.ve\/mpppstweb\/wp-content\/uploads\/2025\/07\/cropped-cropped-g910.png","width":1080,"height":241,"caption":"mpppst"},"image":{"@id":"https:\/\/www.mpppst.gob.ve\/mpppstweb\/#\/schema\/logo\/image\/"}},{"@type":"Person","@id":"https:\/\/www.mpppst.gob.ve\/mpppstweb\/#\/schema\/person\/fc187ee8ead412bd4c9304b62f900ea4","name":"MPPPST Prensa","url":"https:\/\/www.mpppst.gob.ve\/mpppstweb\/index.php\/author\/prensa-mpppst\/"}]}},"_links":{"self":[{"href":"https:\/\/www.mpppst.gob.ve\/mpppstweb\/index.php\/wp-json\/wp\/v2\/posts\/19615"}],"collection":[{"href":"https:\/\/www.mpppst.gob.ve\/mpppstweb\/index.php\/wp-json\/wp\/v2\/posts"}],"about":[{"href":"https:\/\/www.mpppst.gob.ve\/mpppstweb\/index.php\/wp-json\/wp\/v2\/types\/post"}],"author":[{"embeddable":true,"href":"https:\/\/www.mpppst.gob.ve\/mpppstweb\/index.php\/wp-json\/wp\/v2\/users\/25"}],"replies":[{"embeddable":true,"href":"https:\/\/www.mpppst.gob.ve\/mpppstweb\/index.php\/wp-json\/wp\/v2\/comments?post=19615"}],"version-history":[{"count":1,"href":"https:\/\/www.mpppst.gob.ve\/mpppstweb\/index.php\/wp-json\/wp\/v2\/posts\/19615\/revisions"}],"predecessor-version":[{"id":19617,"href":"https:\/\/www.mpppst.gob.ve\/mpppstweb\/index.php\/wp-json\/wp\/v2\/posts\/19615\/revisions\/19617"}],"wp:featuredmedia":[{"embeddable":true,"href":"https:\/\/www.mpppst.gob.ve\/mpppstweb\/index.php\/wp-json\/wp\/v2\/media\/19616"}],"wp:attachment":[{"href":"https:\/\/www.mpppst.gob.ve\/mpppstweb\/index.php\/wp-json\/wp\/v2\/media?parent=19615"}],"wp:term":[{"taxonomy":"category","embeddable":true,"href":"https:\/\/www.mpppst.gob.ve\/mpppstweb\/index.php\/wp-json\/wp\/v2\/categories?post=19615"},{"taxonomy":"post_tag","embeddable":true,"href":"https:\/\/www.mpppst.gob.ve\/mpppstweb\/index.php\/wp-json\/wp\/v2\/tags?post=19615"}],"curies":[{"name":"wp","href":"https:\/\/api.w.org\/{rel}","templated":true}]}}