{"id":19618,"date":"2020-08-20T07:29:38","date_gmt":"2020-08-20T11:29:38","guid":{"rendered":"http:\/\/www.mpppst.gob.ve\/mpppstweb\/?p=19618"},"modified":"2020-08-20T07:29:39","modified_gmt":"2020-08-20T11:29:39","slug":"otorgan-orden-francisco-de-miranda-en-su-primera-clase-al-embajador-de-belarus-oleg-paferov","status":"publish","type":"post","link":"https:\/\/www.mpppst.gob.ve\/mpppstweb\/index.php\/2020\/08\/20\/otorgan-orden-francisco-de-miranda-en-su-primera-clase-al-embajador-de-belarus-oleg-paferov\/","title":{"rendered":"Otorgan Orden Francisco de Miranda en su primera clase al embajador de Belar\u00fas, Oleg P\u00e1ferov"},"content":{"rendered":"\n<p>Este mi\u00e9rcoles el canciller de la Rep\u00fablica Bolivariana de Venezuela, Jorge Arreaza entreg\u00f3 la Orden Francisco de Miranda, en su primera clase al embajador de Belar\u00fa, Oleg P\u00e1ferov,&nbsp;por su labor diplom\u00e1tica y desempe\u00f1o de funciones que abogan al respeto de la autodeterminaci\u00f3n y soberan\u00eda de los pueblos.<\/p>\n\n\n\n<p>La informaci\u00f3n fue dada a conocer a trav\u00e9s de un mensaje publicado en la cuenta oficial de la red social Twitter de la Cancilleria de la Rep\u00fablica Bolivariana de Venezuela @CancilleriaVE.<\/p>\n\n\n\n<p>Las relaciones de hermandad y solidaridad entre Belar\u00fas y Venezuela fueron ratificadas con este reconocimiento. Ambas naciones mantienen importantes alianzas estrat\u00e9gicas en materia agroindustrial y energ\u00e9tica e integran el Movimiento de Pa\u00edses No Alineados.<\/p>\n\n\n\n<p>Cabe destacar que esta distinci\u00f3n de Venezuela fue creada el 28 de julio de 1939 destinada a premiar los servicios hechos a la ciencia, al progreso del pa\u00eds y al m\u00e9rito sobresaliente y puede ser conferida a venezolanos y extranjeros una vez reconocidos los servicios y merecimientos del candidato de acuerdo a la Ley sobre Condecoraci\u00f3n Orden Francisco de Miranda.<\/p>\n","protected":false},"excerpt":{"rendered":"<p>Este mi\u00e9rcoles el canciller de la Rep\u00fablica Bolivariana de Venezuela, Jorge Arreaza entreg\u00f3 la Orden Francisco &hellip; <a title=\"Otorgan Orden Francisco de Miranda en su primera clase al embajador de Belar\u00fas, Oleg P\u00e1ferov\" class=\"hm-read-more\" href=\"https:\/\/www.mpppst.gob.ve\/mpppstweb\/index.php\/2020\/08\/20\/otorgan-orden-francisco-de-miranda-en-su-primera-clase-al-embajador-de-belarus-oleg-paferov\/\"><span class=\"screen-reader-text\">Otorgan Orden Francisco de Miranda en su primera clase al embajador de Belar\u00fas, Oleg P\u00e1ferov<\/span>Read more<\/a><\/p>\n","protected":false},"author":25,"featured_media":19619,"comment_status":"closed","ping_status":"closed","sticky":false,"template":"","format":"standard","meta":{"footnotes":""},"categories":[82,163],"tags":[],"yoast_head":"<!-- This site is optimized with the Yoast SEO plugin v22.5 - https:\/\/yoast.com\/wordpress\/plugins\/seo\/ -->\n<title>Otorgan Orden Francisco de Miranda en su primera clase al embajador de Belar\u00fas, Oleg P\u00e1ferov - MPPPST<\/title>\n<meta name=\"robots\" content=\"index, follow, max-snippet:-1, max-image-preview:large, max-video-preview:-1\" \/>\n<link rel=\"canonical\" href=\"https:\/\/www.mpppst.gob.ve\/mpppstweb\/index.php\/2020\/08\/20\/otorgan-orden-francisco-de-miranda-en-su-primera-clase-al-embajador-de-belarus-oleg-paferov\/\" \/>\n<meta property=\"og:locale\" content=\"es_ES\" \/>\n<meta property=\"og:type\" content=\"article\" \/>\n<meta property=\"og:title\" content=\"Otorgan Orden Francisco de Miranda en su primera clase al embajador de Belar\u00fas, Oleg P\u00e1ferov - MPPPST\" \/>\n<meta property=\"og:description\" content=\"Este mi\u00e9rcoles el canciller de la Rep\u00fablica Bolivariana de Venezuela, Jorge Arreaza entreg\u00f3 la Orden Francisco &hellip; Otorgan Orden Francisco de Miranda en su primera clase al embajador de Belar\u00fas, Oleg P\u00e1ferovRead more\" \/>\n<meta property=\"og:url\" content=\"https:\/\/www.mpppst.gob.ve\/mpppstweb\/index.php\/2020\/08\/20\/otorgan-orden-francisco-de-miranda-en-su-primera-clase-al-embajador-de-belarus-oleg-paferov\/\" \/>\n<meta property=\"og:site_name\" content=\"MPPPST\" \/>\n<meta property=\"article:published_time\" content=\"2020-08-20T11:29:38+00:00\" \/>\n<meta property=\"article:modified_time\" content=\"2020-08-20T11:29:39+00:00\" \/>\n<meta property=\"og:image\" content=\"https:\/\/www.mpppst.gob.ve\/mpppstweb\/wp-content\/uploads\/2020\/08\/Jorge-Arreaza-Orden-Francisco-de-Miranda-768x427-1.jpg\" \/>\n\t<meta property=\"og:image:width\" content=\"768\" \/>\n\t<meta property=\"og:image:height\" content=\"427\" \/>\n\t<meta property=\"og:image:type\" content=\"image\/jpeg\" \/>\n<meta name=\"author\" content=\"MPPPST Prensa\" \/>\n<meta name=\"twitter:card\" content=\"summary_large_image\" \/>\n<meta name=\"twitter:label1\" content=\"Escrito por\" \/>\n\t<meta name=\"twitter:data1\" content=\"MPPPST Prensa\" \/>\n\t<meta name=\"twitter:label2\" content=\"Tiempo de lectura\" \/>\n\t<meta name=\"twitter:data2\" content=\"1 minuto\" \/>\n<script type=\"application\/ld+json\" class=\"yoast-schema-graph\">{\"@context\":\"https:\/\/schema.org\",\"@graph\":[{\"@type\":\"Article\",\"@id\":\"https:\/\/www.mpppst.gob.ve\/mpppstweb\/index.php\/2020\/08\/20\/otorgan-orden-francisco-de-miranda-en-su-primera-clase-al-embajador-de-belarus-oleg-paferov\/#article\",\"isPartOf\":{\"@id\":\"https:\/\/www.mpppst.gob.ve\/mpppstweb\/index.php\/2020\/08\/20\/otorgan-orden-francisco-de-miranda-en-su-primera-clase-al-embajador-de-belarus-oleg-paferov\/\"},\"author\":{\"name\":\"MPPPST Prensa\",\"@id\":\"https:\/\/www.mpppst.gob.ve\/mpppstweb\/#\/schema\/person\/fc187ee8ead412bd4c9304b62f900ea4\"},\"headline\":\"Otorgan Orden Francisco de Miranda en su primera clase al embajador de Belar\u00fas, Oleg P\u00e1ferov\",\"datePublished\":\"2020-08-20T11:29:38+00:00\",\"dateModified\":\"2020-08-20T11:29:39+00:00\",\"mainEntityOfPage\":{\"@id\":\"https:\/\/www.mpppst.gob.ve\/mpppstweb\/index.php\/2020\/08\/20\/otorgan-orden-francisco-de-miranda-en-su-primera-clase-al-embajador-de-belarus-oleg-paferov\/\"},\"wordCount\":207,\"publisher\":{\"@id\":\"https:\/\/www.mpppst.gob.ve\/mpppstweb\/#organization\"},\"image\":{\"@id\":\"https:\/\/www.mpppst.gob.ve\/mpppstweb\/index.php\/2020\/08\/20\/otorgan-orden-francisco-de-miranda-en-su-primera-clase-al-embajador-de-belarus-oleg-paferov\/#primaryimage\"},\"thumbnailUrl\":\"https:\/\/www.mpppst.gob.ve\/mpppstweb\/wp-content\/uploads\/2020\/08\/Jorge-Arreaza-Orden-Francisco-de-Miranda-768x427-1.jpg\",\"articleSection\":[\"Gobierno Nacional\",\"Noticias\"],\"inLanguage\":\"es\"},{\"@type\":\"WebPage\",\"@id\":\"https:\/\/www.mpppst.gob.ve\/mpppstweb\/index.php\/2020\/08\/20\/otorgan-orden-francisco-de-miranda-en-su-primera-clase-al-embajador-de-belarus-oleg-paferov\/\",\"url\":\"https:\/\/www.mpppst.gob.ve\/mpppstweb\/index.php\/2020\/08\/20\/otorgan-orden-francisco-de-miranda-en-su-primera-clase-al-embajador-de-belarus-oleg-paferov\/\",\"name\":\"Otorgan Orden Francisco de Miranda en su primera clase al embajador de Belar\u00fas, Oleg P\u00e1ferov - MPPPST\",\"isPartOf\":{\"@id\":\"https:\/\/www.mpppst.gob.ve\/mpppstweb\/#website\"},\"primaryImageOfPage\":{\"@id\":\"https:\/\/www.mpppst.gob.ve\/mpppstweb\/index.php\/2020\/08\/20\/otorgan-orden-francisco-de-miranda-en-su-primera-clase-al-embajador-de-belarus-oleg-paferov\/#primaryimage\"},\"image\":{\"@id\":\"https:\/\/www.mpppst.gob.ve\/mpppstweb\/index.php\/2020\/08\/20\/otorgan-orden-francisco-de-miranda-en-su-primera-clase-al-embajador-de-belarus-oleg-paferov\/#primaryimage\"},\"thumbnailUrl\":\"https:\/\/www.mpppst.gob.ve\/mpppstweb\/wp-content\/uploads\/2020\/08\/Jorge-Arreaza-Orden-Francisco-de-Miranda-768x427-1.jpg\",\"datePublished\":\"2020-08-20T11:29:38+00:00\",\"dateModified\":\"2020-08-20T11:29:39+00:00\",\"breadcrumb\":{\"@id\":\"https:\/\/www.mpppst.gob.ve\/mpppstweb\/index.php\/2020\/08\/20\/otorgan-orden-francisco-de-miranda-en-su-primera-clase-al-embajador-de-belarus-oleg-paferov\/#breadcrumb\"},\"inLanguage\":\"es\",\"potentialAction\":[{\"@type\":\"ReadAction\",\"target\":[\"https:\/\/www.mpppst.gob.ve\/mpppstweb\/index.php\/2020\/08\/20\/otorgan-orden-francisco-de-miranda-en-su-primera-clase-al-embajador-de-belarus-oleg-paferov\/\"]}]},{\"@type\":\"ImageObject\",\"inLanguage\":\"es\",\"@id\":\"https:\/\/www.mpppst.gob.ve\/mpppstweb\/index.php\/2020\/08\/20\/otorgan-orden-francisco-de-miranda-en-su-primera-clase-al-embajador-de-belarus-oleg-paferov\/#primaryimage\",\"url\":\"https:\/\/www.mpppst.gob.ve\/mpppstweb\/wp-content\/uploads\/2020\/08\/Jorge-Arreaza-Orden-Francisco-de-Miranda-768x427-1.jpg\",\"contentUrl\":\"https:\/\/www.mpppst.gob.ve\/mpppstweb\/wp-content\/uploads\/2020\/08\/Jorge-Arreaza-Orden-Francisco-de-Miranda-768x427-1.jpg\",\"width\":768,\"height\":427},{\"@type\":\"BreadcrumbList\",\"@id\":\"https:\/\/www.mpppst.gob.ve\/mpppstweb\/index.php\/2020\/08\/20\/otorgan-orden-francisco-de-miranda-en-su-primera-clase-al-embajador-de-belarus-oleg-paferov\/#breadcrumb\",\"itemListElement\":[{\"@type\":\"ListItem\",\"position\":1,\"name\":\"Home\",\"item\":\"https:\/\/www.mpppst.gob.ve\/mpppstweb\/\"},{\"@type\":\"ListItem\",\"position\":2,\"name\":\"Otorgan Orden Francisco de Miranda en su primera clase al embajador de Belar\u00fas, Oleg P\u00e1ferov\"}]},{\"@type\":\"WebSite\",\"@id\":\"https:\/\/www.mpppst.gob.ve\/mpppstweb\/#website\",\"url\":\"https:\/\/www.mpppst.gob.ve\/mpppstweb\/\",\"name\":\"MPPPST\",\"description\":\"Ministerio del Poder Popular para el Proceso Social de Trabajo\",\"publisher\":{\"@id\":\"https:\/\/www.mpppst.gob.ve\/mpppstweb\/#organization\"},\"potentialAction\":[{\"@type\":\"SearchAction\",\"target\":{\"@type\":\"EntryPoint\",\"urlTemplate\":\"https:\/\/www.mpppst.gob.ve\/mpppstweb\/?s={search_term_string}\"},\"query-input\":\"required name=search_term_string\"}],\"inLanguage\":\"es\"},{\"@type\":\"Organization\",\"@id\":\"https:\/\/www.mpppst.gob.ve\/mpppstweb\/#organization\",\"name\":\"mpppst\",\"url\":\"https:\/\/www.mpppst.gob.ve\/mpppstweb\/\",\"logo\":{\"@type\":\"ImageObject\",\"inLanguage\":\"es\",\"@id\":\"https:\/\/www.mpppst.gob.ve\/mpppstweb\/#\/schema\/logo\/image\/\",\"url\":\"https:\/\/www.mpppst.gob.ve\/mpppstweb\/wp-content\/uploads\/2025\/07\/cropped-cropped-g910.png\",\"contentUrl\":\"https:\/\/www.mpppst.gob.ve\/mpppstweb\/wp-content\/uploads\/2025\/07\/cropped-cropped-g910.png\",\"width\":1080,\"height\":241,\"caption\":\"mpppst\"},\"image\":{\"@id\":\"https:\/\/www.mpppst.gob.ve\/mpppstweb\/#\/schema\/logo\/image\/\"}},{\"@type\":\"Person\",\"@id\":\"https:\/\/www.mpppst.gob.ve\/mpppstweb\/#\/schema\/person\/fc187ee8ead412bd4c9304b62f900ea4\",\"name\":\"MPPPST Prensa\",\"url\":\"https:\/\/www.mpppst.gob.ve\/mpppstweb\/index.php\/author\/prensa-mpppst\/\"}]}<\/script>\n<!-- \/ Yoast SEO plugin. -->","yoast_head_json":{"title":"Otorgan Orden Francisco de Miranda en su primera clase al embajador de Belar\u00fas, Oleg P\u00e1ferov - MPPPST","robots":{"index":"index","follow":"follow","max-snippet":"max-snippet:-1","max-image-preview":"max-image-preview:large","max-video-preview":"max-video-preview:-1"},"canonical":"https:\/\/www.mpppst.gob.ve\/mpppstweb\/index.php\/2020\/08\/20\/otorgan-orden-francisco-de-miranda-en-su-primera-clase-al-embajador-de-belarus-oleg-paferov\/","og_locale":"es_ES","og_type":"article","og_title":"Otorgan Orden Francisco de Miranda en su primera clase al embajador de Belar\u00fas, Oleg P\u00e1ferov - MPPPST","og_description":"Este mi\u00e9rcoles el canciller de la Rep\u00fablica Bolivariana de Venezuela, Jorge Arreaza entreg\u00f3 la Orden Francisco &hellip; Otorgan Orden Francisco de Miranda en su primera clase al embajador de Belar\u00fas, Oleg P\u00e1ferovRead more","og_url":"https:\/\/www.mpppst.gob.ve\/mpppstweb\/index.php\/2020\/08\/20\/otorgan-orden-francisco-de-miranda-en-su-primera-clase-al-embajador-de-belarus-oleg-paferov\/","og_site_name":"MPPPST","article_published_time":"2020-08-20T11:29:38+00:00","article_modified_time":"2020-08-20T11:29:39+00:00","og_image":[{"width":768,"height":427,"url":"https:\/\/www.mpppst.gob.ve\/mpppstweb\/wp-content\/uploads\/2020\/08\/Jorge-Arreaza-Orden-Francisco-de-Miranda-768x427-1.jpg","type":"image\/jpeg"}],"author":"MPPPST Prensa","twitter_card":"summary_large_image","twitter_misc":{"Escrito por":"MPPPST Prensa","Tiempo de lectura":"1 minuto"},"schema":{"@context":"https:\/\/schema.org","@graph":[{"@type":"Article","@id":"https:\/\/www.mpppst.gob.ve\/mpppstweb\/index.php\/2020\/08\/20\/otorgan-orden-francisco-de-miranda-en-su-primera-clase-al-embajador-de-belarus-oleg-paferov\/#article","isPartOf":{"@id":"https:\/\/www.mpppst.gob.ve\/mpppstweb\/index.php\/2020\/08\/20\/otorgan-orden-francisco-de-miranda-en-su-primera-clase-al-embajador-de-belarus-oleg-paferov\/"},"author":{"name":"MPPPST Prensa","@id":"https:\/\/www.mpppst.gob.ve\/mpppstweb\/#\/schema\/person\/fc187ee8ead412bd4c9304b62f900ea4"},"headline":"Otorgan Orden Francisco de Miranda en su primera clase al embajador de Belar\u00fas, Oleg P\u00e1ferov","datePublished":"2020-08-20T11:29:38+00:00","dateModified":"2020-08-20T11:29:39+00:00","mainEntityOfPage":{"@id":"https:\/\/www.mpppst.gob.ve\/mpppstweb\/index.php\/2020\/08\/20\/otorgan-orden-francisco-de-miranda-en-su-primera-clase-al-embajador-de-belarus-oleg-paferov\/"},"wordCount":207,"publisher":{"@id":"https:\/\/www.mpppst.gob.ve\/mpppstweb\/#organization"},"image":{"@id":"https:\/\/www.mpppst.gob.ve\/mpppstweb\/index.php\/2020\/08\/20\/otorgan-orden-francisco-de-miranda-en-su-primera-clase-al-embajador-de-belarus-oleg-paferov\/#primaryimage"},"thumbnailUrl":"https:\/\/www.mpppst.gob.ve\/mpppstweb\/wp-content\/uploads\/2020\/08\/Jorge-Arreaza-Orden-Francisco-de-Miranda-768x427-1.jpg","articleSection":["Gobierno Nacional","Noticias"],"inLanguage":"es"},{"@type":"WebPage","@id":"https:\/\/www.mpppst.gob.ve\/mpppstweb\/index.php\/2020\/08\/20\/otorgan-orden-francisco-de-miranda-en-su-primera-clase-al-embajador-de-belarus-oleg-paferov\/","url":"https:\/\/www.mpppst.gob.ve\/mpppstweb\/index.php\/2020\/08\/20\/otorgan-orden-francisco-de-miranda-en-su-primera-clase-al-embajador-de-belarus-oleg-paferov\/","name":"Otorgan Orden Francisco de Miranda en su primera clase al embajador de Belar\u00fas, Oleg P\u00e1ferov - MPPPST","isPartOf":{"@id":"https:\/\/www.mpppst.gob.ve\/mpppstweb\/#website"},"primaryImageOfPage":{"@id":"https:\/\/www.mpppst.gob.ve\/mpppstweb\/index.php\/2020\/08\/20\/otorgan-orden-francisco-de-miranda-en-su-primera-clase-al-embajador-de-belarus-oleg-paferov\/#primaryimage"},"image":{"@id":"https:\/\/www.mpppst.gob.ve\/mpppstweb\/index.php\/2020\/08\/20\/otorgan-orden-francisco-de-miranda-en-su-primera-clase-al-embajador-de-belarus-oleg-paferov\/#primaryimage"},"thumbnailUrl":"https:\/\/www.mpppst.gob.ve\/mpppstweb\/wp-content\/uploads\/2020\/08\/Jorge-Arreaza-Orden-Francisco-de-Miranda-768x427-1.jpg","datePublished":"2020-08-20T11:29:38+00:00","dateModified":"2020-08-20T11:29:39+00:00","breadcrumb":{"@id":"https:\/\/www.mpppst.gob.ve\/mpppstweb\/index.php\/2020\/08\/20\/otorgan-orden-francisco-de-miranda-en-su-primera-clase-al-embajador-de-belarus-oleg-paferov\/#breadcrumb"},"inLanguage":"es","potentialAction":[{"@type":"ReadAction","target":["https:\/\/www.mpppst.gob.ve\/mpppstweb\/index.php\/2020\/08\/20\/otorgan-orden-francisco-de-miranda-en-su-primera-clase-al-embajador-de-belarus-oleg-paferov\/"]}]},{"@type":"ImageObject","inLanguage":"es","@id":"https:\/\/www.mpppst.gob.ve\/mpppstweb\/index.php\/2020\/08\/20\/otorgan-orden-francisco-de-miranda-en-su-primera-clase-al-embajador-de-belarus-oleg-paferov\/#primaryimage","url":"https:\/\/www.mpppst.gob.ve\/mpppstweb\/wp-content\/uploads\/2020\/08\/Jorge-Arreaza-Orden-Francisco-de-Miranda-768x427-1.jpg","contentUrl":"https:\/\/www.mpppst.gob.ve\/mpppstweb\/wp-content\/uploads\/2020\/08\/Jorge-Arreaza-Orden-Francisco-de-Miranda-768x427-1.jpg","width":768,"height":427},{"@type":"BreadcrumbList","@id":"https:\/\/www.mpppst.gob.ve\/mpppstweb\/index.php\/2020\/08\/20\/otorgan-orden-francisco-de-miranda-en-su-primera-clase-al-embajador-de-belarus-oleg-paferov\/#breadcrumb","itemListElement":[{"@type":"ListItem","position":1,"name":"Home","item":"https:\/\/www.mpppst.gob.ve\/mpppstweb\/"},{"@type":"ListItem","position":2,"name":"Otorgan Orden Francisco de Miranda en su primera clase al embajador de Belar\u00fas, Oleg P\u00e1ferov"}]},{"@type":"WebSite","@id":"https:\/\/www.mpppst.gob.ve\/mpppstweb\/#website","url":"https:\/\/www.mpppst.gob.ve\/mpppstweb\/","name":"MPPPST","description":"Ministerio del Poder Popular para el Proceso Social de Trabajo","publisher":{"@id":"https:\/\/www.mpppst.gob.ve\/mpppstweb\/#organization"},"potentialAction":[{"@type":"SearchAction","target":{"@type":"EntryPoint","urlTemplate":"https:\/\/www.mpppst.gob.ve\/mpppstweb\/?s={search_term_string}"},"query-input":"required name=search_term_string"}],"inLanguage":"es"},{"@type":"Organization","@id":"https:\/\/www.mpppst.gob.ve\/mpppstweb\/#organization","name":"mpppst","url":"https:\/\/www.mpppst.gob.ve\/mpppstweb\/","logo":{"@type":"ImageObject","inLanguage":"es","@id":"https:\/\/www.mpppst.gob.ve\/mpppstweb\/#\/schema\/logo\/image\/","url":"https:\/\/www.mpppst.gob.ve\/mpppstweb\/wp-content\/uploads\/2025\/07\/cropped-cropped-g910.png","contentUrl":"https:\/\/www.mpppst.gob.ve\/mpppstweb\/wp-content\/uploads\/2025\/07\/cropped-cropped-g910.png","width":1080,"height":241,"caption":"mpppst"},"image":{"@id":"https:\/\/www.mpppst.gob.ve\/mpppstweb\/#\/schema\/logo\/image\/"}},{"@type":"Person","@id":"https:\/\/www.mpppst.gob.ve\/mpppstweb\/#\/schema\/person\/fc187ee8ead412bd4c9304b62f900ea4","name":"MPPPST Prensa","url":"https:\/\/www.mpppst.gob.ve\/mpppstweb\/index.php\/author\/prensa-mpppst\/"}]}},"_links":{"self":[{"href":"https:\/\/www.mpppst.gob.ve\/mpppstweb\/index.php\/wp-json\/wp\/v2\/posts\/19618"}],"collection":[{"href":"https:\/\/www.mpppst.gob.ve\/mpppstweb\/index.php\/wp-json\/wp\/v2\/posts"}],"about":[{"href":"https:\/\/www.mpppst.gob.ve\/mpppstweb\/index.php\/wp-json\/wp\/v2\/types\/post"}],"author":[{"embeddable":true,"href":"https:\/\/www.mpppst.gob.ve\/mpppstweb\/index.php\/wp-json\/wp\/v2\/users\/25"}],"replies":[{"embeddable":true,"href":"https:\/\/www.mpppst.gob.ve\/mpppstweb\/index.php\/wp-json\/wp\/v2\/comments?post=19618"}],"version-history":[{"count":1,"href":"https:\/\/www.mpppst.gob.ve\/mpppstweb\/index.php\/wp-json\/wp\/v2\/posts\/19618\/revisions"}],"predecessor-version":[{"id":19620,"href":"https:\/\/www.mpppst.gob.ve\/mpppstweb\/index.php\/wp-json\/wp\/v2\/posts\/19618\/revisions\/19620"}],"wp:featuredmedia":[{"embeddable":true,"href":"https:\/\/www.mpppst.gob.ve\/mpppstweb\/index.php\/wp-json\/wp\/v2\/media\/19619"}],"wp:attachment":[{"href":"https:\/\/www.mpppst.gob.ve\/mpppstweb\/index.php\/wp-json\/wp\/v2\/media?parent=19618"}],"wp:term":[{"taxonomy":"category","embeddable":true,"href":"https:\/\/www.mpppst.gob.ve\/mpppstweb\/index.php\/wp-json\/wp\/v2\/categories?post=19618"},{"taxonomy":"post_tag","embeddable":true,"href":"https:\/\/www.mpppst.gob.ve\/mpppstweb\/index.php\/wp-json\/wp\/v2\/tags?post=19618"}],"curies":[{"name":"wp","href":"https:\/\/api.w.org\/{rel}","templated":true}]}}