{"id":19837,"date":"2020-09-09T08:29:48","date_gmt":"2020-09-09T12:29:48","guid":{"rendered":"http:\/\/www.mpppst.gob.ve\/mpppstweb\/?p=19837"},"modified":"2020-09-09T08:29:52","modified_gmt":"2020-09-09T12:29:52","slug":"intt-reanuda-atencion-presencial-en-sus-oficinas-durante-semana-de-flexibilizacion","status":"publish","type":"post","link":"https:\/\/www.mpppst.gob.ve\/mpppstweb\/index.php\/2020\/09\/09\/intt-reanuda-atencion-presencial-en-sus-oficinas-durante-semana-de-flexibilizacion\/","title":{"rendered":"INTT reanuda atenci\u00f3n presencial en sus oficinas durante semana de flexibilizaci\u00f3n"},"content":{"rendered":"\n<p class=\"wp-block-paragraph\">El Instituto Nacional de Transporte Terrestre (INTT) ofrece atenci\u00f3n presencial de usuarios en sus sedes regionales, para el Registro y Regularizaci\u00f3n de Veh\u00edculos, como parte de la semana de flexibilizaci\u00f3n anunciada por el presidente, Nicol\u00e1s Maduro Moros, que inici\u00f3 este lunes 07 de septiembre.&nbsp;<\/p>\n\n\n\n<p class=\"wp-block-paragraph\">El ente de transporte labora en todos los estados, menos en los municipios fronterizos, por lo cual las siguientes oficinas no est\u00e1n abiertas al p\u00fablico:<\/p>\n\n\n\n<ul class=\"wp-block-list\"><li>La Fr\u00eda y Machiques del edo. Zulia.<\/li><li>Santa Elena de Uair\u00e9n de edo. Bol\u00edvar.<\/li><li>Puerto Ayacucho del edo. Amazonas.<\/li><li>Tucupita del estado Delta Amacuro.<\/li><li>Guasdualito del edo. Apure.<\/li><\/ul>\n\n\n\n<p class=\"wp-block-paragraph\">Desde las 8 de la ma\u00f1ana hasta la 1 de la tarde, puede acudir a realizar el tr\u00e1mite de su preferencia, recordando que deber\u00e1 hacer la solicitud y cancelar en l\u00ednea, para as\u00ed solo acudir a consignar la documentaci\u00f3n requerida, junto a la Planilla \u00danica de Tr\u00e1mite.<\/p>\n\n\n\n<p class=\"wp-block-paragraph\">A continuaci\u00f3n presentamos el paso a paso para generar la planilla:<\/p>\n\n\n\n<ul class=\"wp-block-list\"><li>Ingresa a&nbsp;<a href=\"http:\/\/www.intt.gob.ve\/\" target=\"_blank\" rel=\"noreferrer noopener\">INTT.GOB.VE<\/a>y Selecciona&nbsp;<strong>PLANILLA \u00daNICA DE TR\u00c1MITE<\/strong>.<\/li><li>Coloca tu usuario y contrase\u00f1a, de no estar registrado sigue los pasos que te indica el sistema.<\/li><li>Una vez dentro del sistema Selecciona en el Men\u00fa&nbsp;<strong>REGISTRO<\/strong><\/li><li>A continuaci\u00f3n visualizar\u00e1s las opciones de&nbsp;<strong>VEH\u00cdCULOS y LICENCIA<\/strong>. La primera opci\u00f3n est\u00e1 referida a todos los tr\u00e1mites vehiculares como&nbsp;<strong>Registro de Veh\u00edculo, Traspaso, Asignaci\u00f3n de Placas entre otros<\/strong>.<\/li><\/ul>\n\n\n\n<p class=\"wp-block-paragraph\">La segunda opci\u00f3n, es para quienes requieran obtener la&nbsp;<strong>Licencia para Conducir por Primera Vez<\/strong>, recordando que el usuario debe presentar un examen te\u00f3rico\/pr\u00e1ctico de forma presencial.<\/p>\n\n\n\n<p class=\"wp-block-paragraph\">Para conocer cu\u00e1l es la sede m\u00e1s cercana a tu localidad, ingresa al siguiente link donde podr\u00e1s ubicar la oficina de tu preferencia&nbsp;<a href=\"http:\/\/www.intt.gob.ve\/inttweb\/?page_id=3858\" target=\"_blank\" rel=\"noreferrer noopener\">http:\/\/www.intt.gob.ve\/inttweb\/?page_id=3858<\/a><\/p>\n\n\n\n<p class=\"wp-block-paragraph\">El INTT brinda atenci\u00f3n y seguridad a los usuarios que asistan a realizar sus tr\u00e1mites, quienes deben seguir las medidas de bioseguridad que ser\u00e1n indicadas por el personal de cada oficina regional.\u00a0 Para m\u00e1s informaci\u00f3n visite nuestro portal web oficial\u00a0<a rel=\"noreferrer noopener\" href=\"http:\/\/www.intt.gob.ve\/\" target=\"_blank\">WWW.INTT.GOB.VE<\/a>\u00a0o s\u00edganos a trav\u00e9s de nuestra cuenta oficial en Twitter: @INTT_OFICIAL. Prensa Web VTV<\/p>\n","protected":false},"excerpt":{"rendered":"<p>El Instituto Nacional de Transporte Terrestre (INTT) ofrece atenci\u00f3n presencial de usuarios en sus sedes regionales, &hellip; <a title=\"INTT reanuda atenci\u00f3n presencial en sus oficinas durante semana de flexibilizaci\u00f3n\" class=\"hm-read-more\" href=\"https:\/\/www.mpppst.gob.ve\/mpppstweb\/index.php\/2020\/09\/09\/intt-reanuda-atencion-presencial-en-sus-oficinas-durante-semana-de-flexibilizacion\/\"><span class=\"screen-reader-text\">INTT reanuda atenci\u00f3n presencial en sus oficinas durante semana de flexibilizaci\u00f3n<\/span>Leer m\u00e1s<\/a><\/p>\n","protected":false},"author":25,"featured_media":19838,"comment_status":"closed","ping_status":"closed","sticky":false,"template":"","format":"standard","meta":{"footnotes":""},"categories":[82,163],"tags":[],"class_list":["post-19837","post","type-post","status-publish","format-standard","has-post-thumbnail","hentry","category-gobierno-nacional","category-noticias"],"yoast_head":"<!-- This site is optimized with the Yoast SEO plugin v28.4 - https:\/\/yoast.com\/product\/yoast-seo-wordpress\/ -->\n<title>INTT reanuda atenci\u00f3n presencial en sus oficinas durante semana de flexibilizaci\u00f3n - MPPPST<\/title>\n<meta name=\"robots\" content=\"index, follow, max-snippet:-1, max-image-preview:large, max-video-preview:-1\" \/>\n<link rel=\"canonical\" href=\"https:\/\/www.mpppst.gob.ve\/mpppstweb\/index.php\/2020\/09\/09\/intt-reanuda-atencion-presencial-en-sus-oficinas-durante-semana-de-flexibilizacion\/\" \/>\n<meta property=\"og:locale\" content=\"es_ES\" \/>\n<meta property=\"og:type\" content=\"article\" \/>\n<meta property=\"og:title\" content=\"INTT reanuda atenci\u00f3n presencial en sus oficinas durante semana de flexibilizaci\u00f3n - MPPPST\" \/>\n<meta property=\"og:description\" content=\"El Instituto Nacional de Transporte Terrestre (INTT) ofrece atenci\u00f3n presencial de usuarios en sus sedes regionales, &hellip; INTT reanuda atenci\u00f3n presencial en sus oficinas durante semana de flexibilizaci\u00f3nLeer m\u00e1s\" \/>\n<meta property=\"og:url\" content=\"https:\/\/www.mpppst.gob.ve\/mpppstweb\/index.php\/2020\/09\/09\/intt-reanuda-atencion-presencial-en-sus-oficinas-durante-semana-de-flexibilizacion\/\" \/>\n<meta property=\"og:site_name\" content=\"MPPPST\" \/>\n<meta property=\"article:publisher\" content=\"https:\/\/www.facebook.com\/mintrabajo_ve\" \/>\n<meta property=\"article:published_time\" content=\"2020-09-09T12:29:48+00:00\" \/>\n<meta property=\"article:modified_time\" content=\"2020-09-09T12:29:52+00:00\" \/>\n<meta property=\"og:image\" content=\"https:\/\/www.mpppst.gob.ve\/mpppstweb\/wp-content\/uploads\/2020\/09\/IMG-20200824-WA0032-768x427-1.jpg\" \/>\n\t<meta property=\"og:image:width\" content=\"768\" \/>\n\t<meta property=\"og:image:height\" content=\"427\" \/>\n\t<meta property=\"og:image:type\" content=\"image\/jpeg\" \/>\n<meta name=\"author\" content=\"MPPPST Prensa\" \/>\n<meta name=\"twitter:card\" content=\"summary_large_image\" \/>\n<script type=\"application\/ld+json\" class=\"yoast-schema-graph\">{\"@context\":\"https:\\\/\\\/schema.org\",\"@graph\":[{\"@type\":\"Article\",\"@id\":\"https:\\\/\\\/www.mpppst.gob.ve\\\/mpppstweb\\\/index.php\\\/2020\\\/09\\\/09\\\/intt-reanuda-atencion-presencial-en-sus-oficinas-durante-semana-de-flexibilizacion\\\/#article\",\"isPartOf\":{\"@id\":\"https:\\\/\\\/www.mpppst.gob.ve\\\/mpppstweb\\\/index.php\\\/2020\\\/09\\\/09\\\/intt-reanuda-atencion-presencial-en-sus-oficinas-durante-semana-de-flexibilizacion\\\/\"},\"author\":{\"name\":\"MPPPST Prensa\",\"@id\":\"https:\\\/\\\/www.mpppst.gob.ve\\\/mpppstweb\\\/#\\\/schema\\\/person\\\/fc187ee8ead412bd4c9304b62f900ea4\"},\"headline\":\"INTT reanuda atenci\u00f3n presencial en sus oficinas durante semana de flexibilizaci\u00f3n\",\"datePublished\":\"2020-09-09T12:29:48+00:00\",\"dateModified\":\"2020-09-09T12:29:52+00:00\",\"mainEntityOfPage\":{\"@id\":\"https:\\\/\\\/www.mpppst.gob.ve\\\/mpppstweb\\\/index.php\\\/2020\\\/09\\\/09\\\/intt-reanuda-atencion-presencial-en-sus-oficinas-durante-semana-de-flexibilizacion\\\/\"},\"wordCount\":395,\"publisher\":{\"@id\":\"https:\\\/\\\/www.mpppst.gob.ve\\\/mpppstweb\\\/#organization\"},\"image\":{\"@id\":\"https:\\\/\\\/www.mpppst.gob.ve\\\/mpppstweb\\\/index.php\\\/2020\\\/09\\\/09\\\/intt-reanuda-atencion-presencial-en-sus-oficinas-durante-semana-de-flexibilizacion\\\/#primaryimage\"},\"thumbnailUrl\":\"https:\\\/\\\/www.mpppst.gob.ve\\\/mpppstweb\\\/wp-content\\\/uploads\\\/2020\\\/09\\\/IMG-20200824-WA0032-768x427-1.jpg\",\"articleSection\":[\"Gobierno Nacional\",\"Noticias\"],\"inLanguage\":\"es\"},{\"@type\":\"WebPage\",\"@id\":\"https:\\\/\\\/www.mpppst.gob.ve\\\/mpppstweb\\\/index.php\\\/2020\\\/09\\\/09\\\/intt-reanuda-atencion-presencial-en-sus-oficinas-durante-semana-de-flexibilizacion\\\/\",\"url\":\"https:\\\/\\\/www.mpppst.gob.ve\\\/mpppstweb\\\/index.php\\\/2020\\\/09\\\/09\\\/intt-reanuda-atencion-presencial-en-sus-oficinas-durante-semana-de-flexibilizacion\\\/\",\"name\":\"INTT reanuda atenci\u00f3n presencial en sus oficinas durante semana de flexibilizaci\u00f3n - MPPPST\",\"isPartOf\":{\"@id\":\"https:\\\/\\\/www.mpppst.gob.ve\\\/mpppstweb\\\/#website\"},\"primaryImageOfPage\":{\"@id\":\"https:\\\/\\\/www.mpppst.gob.ve\\\/mpppstweb\\\/index.php\\\/2020\\\/09\\\/09\\\/intt-reanuda-atencion-presencial-en-sus-oficinas-durante-semana-de-flexibilizacion\\\/#primaryimage\"},\"image\":{\"@id\":\"https:\\\/\\\/www.mpppst.gob.ve\\\/mpppstweb\\\/index.php\\\/2020\\\/09\\\/09\\\/intt-reanuda-atencion-presencial-en-sus-oficinas-durante-semana-de-flexibilizacion\\\/#primaryimage\"},\"thumbnailUrl\":\"https:\\\/\\\/www.mpppst.gob.ve\\\/mpppstweb\\\/wp-content\\\/uploads\\\/2020\\\/09\\\/IMG-20200824-WA0032-768x427-1.jpg\",\"datePublished\":\"2020-09-09T12:29:48+00:00\",\"dateModified\":\"2020-09-09T12:29:52+00:00\",\"breadcrumb\":{\"@id\":\"https:\\\/\\\/www.mpppst.gob.ve\\\/mpppstweb\\\/index.php\\\/2020\\\/09\\\/09\\\/intt-reanuda-atencion-presencial-en-sus-oficinas-durante-semana-de-flexibilizacion\\\/#breadcrumb\"},\"inLanguage\":\"es\",\"potentialAction\":[{\"@type\":\"ReadAction\",\"target\":[\"https:\\\/\\\/www.mpppst.gob.ve\\\/mpppstweb\\\/index.php\\\/2020\\\/09\\\/09\\\/intt-reanuda-atencion-presencial-en-sus-oficinas-durante-semana-de-flexibilizacion\\\/\"]}]},{\"@type\":\"ImageObject\",\"inLanguage\":\"es\",\"@id\":\"https:\\\/\\\/www.mpppst.gob.ve\\\/mpppstweb\\\/index.php\\\/2020\\\/09\\\/09\\\/intt-reanuda-atencion-presencial-en-sus-oficinas-durante-semana-de-flexibilizacion\\\/#primaryimage\",\"url\":\"https:\\\/\\\/www.mpppst.gob.ve\\\/mpppstweb\\\/wp-content\\\/uploads\\\/2020\\\/09\\\/IMG-20200824-WA0032-768x427-1.jpg\",\"contentUrl\":\"https:\\\/\\\/www.mpppst.gob.ve\\\/mpppstweb\\\/wp-content\\\/uploads\\\/2020\\\/09\\\/IMG-20200824-WA0032-768x427-1.jpg\",\"width\":768,\"height\":427},{\"@type\":\"BreadcrumbList\",\"@id\":\"https:\\\/\\\/www.mpppst.gob.ve\\\/mpppstweb\\\/index.php\\\/2020\\\/09\\\/09\\\/intt-reanuda-atencion-presencial-en-sus-oficinas-durante-semana-de-flexibilizacion\\\/#breadcrumb\",\"itemListElement\":[{\"@type\":\"ListItem\",\"position\":1,\"name\":\"Home\",\"item\":\"https:\\\/\\\/www.mpppst.gob.ve\\\/mpppstweb\\\/\"},{\"@type\":\"ListItem\",\"position\":2,\"name\":\"INTT reanuda atenci\u00f3n presencial en sus oficinas durante semana de flexibilizaci\u00f3n\"}]},{\"@type\":\"WebSite\",\"@id\":\"https:\\\/\\\/www.mpppst.gob.ve\\\/mpppstweb\\\/#website\",\"url\":\"https:\\\/\\\/www.mpppst.gob.ve\\\/mpppstweb\\\/\",\"name\":\"MPPPST\",\"description\":\"Sitio web oficial del Ministerio del Poder Popular para el Proceso Social de Trabajo\",\"publisher\":{\"@id\":\"https:\\\/\\\/www.mpppst.gob.ve\\\/mpppstweb\\\/#organization\"},\"alternateName\":\"Ministerio del Poder Popular para el Proceso Social de Trabajo\",\"potentialAction\":[{\"@type\":\"SearchAction\",\"target\":{\"@type\":\"EntryPoint\",\"urlTemplate\":\"https:\\\/\\\/www.mpppst.gob.ve\\\/mpppstweb\\\/?s={search_term_string}\"},\"query-input\":{\"@type\":\"PropertyValueSpecification\",\"valueRequired\":true,\"valueName\":\"search_term_string\"}}],\"inLanguage\":\"es\"},{\"@type\":\"Organization\",\"@id\":\"https:\\\/\\\/www.mpppst.gob.ve\\\/mpppstweb\\\/#organization\",\"name\":\"Ministerio del Poder Popular para el Proceso Social de Trabajo\",\"alternateName\":\"MPPPST\",\"url\":\"https:\\\/\\\/www.mpppst.gob.ve\\\/mpppstweb\\\/\",\"logo\":{\"@type\":\"ImageObject\",\"inLanguage\":\"es\",\"@id\":\"https:\\\/\\\/www.mpppst.gob.ve\\\/mpppstweb\\\/#\\\/schema\\\/logo\\\/image\\\/\",\"url\":\"https:\\\/\\\/www.mpppst.gob.ve\\\/mpppstweb\\\/wp-content\\\/uploads\\\/2025\\\/07\\\/cropped-cropped-g910.png\",\"contentUrl\":\"https:\\\/\\\/www.mpppst.gob.ve\\\/mpppstweb\\\/wp-content\\\/uploads\\\/2025\\\/07\\\/cropped-cropped-g910.png\",\"width\":1080,\"height\":241,\"caption\":\"Ministerio del Poder Popular para el Proceso Social de Trabajo\"},\"image\":{\"@id\":\"https:\\\/\\\/www.mpppst.gob.ve\\\/mpppstweb\\\/#\\\/schema\\\/logo\\\/image\\\/\"},\"sameAs\":[\"https:\\\/\\\/www.facebook.com\\\/mintrabajo_ve\",\"https:\\\/\\\/www.instagram.com\\\/mintrabajo_ve\\\/\",\"https:\\\/\\\/www.tiktok.com\\\/@mintrabajo_ve\",\"https:\\\/\\\/t.me\\\/mpppst\"]},{\"@type\":\"Person\",\"@id\":\"https:\\\/\\\/www.mpppst.gob.ve\\\/mpppstweb\\\/#\\\/schema\\\/person\\\/fc187ee8ead412bd4c9304b62f900ea4\",\"name\":\"MPPPST Prensa\",\"url\":\"https:\\\/\\\/www.mpppst.gob.ve\\\/mpppstweb\\\/index.php\\\/author\\\/prensa-mpppst\\\/\"}]}<\/script>\n<!-- \/ Yoast SEO plugin. -->","yoast_head_json":{"title":"INTT reanuda atenci\u00f3n presencial en sus oficinas durante semana de flexibilizaci\u00f3n - MPPPST","robots":{"index":"index","follow":"follow","max-snippet":"max-snippet:-1","max-image-preview":"max-image-preview:large","max-video-preview":"max-video-preview:-1"},"canonical":"https:\/\/www.mpppst.gob.ve\/mpppstweb\/index.php\/2020\/09\/09\/intt-reanuda-atencion-presencial-en-sus-oficinas-durante-semana-de-flexibilizacion\/","og_locale":"es_ES","og_type":"article","og_title":"INTT reanuda atenci\u00f3n presencial en sus oficinas durante semana de flexibilizaci\u00f3n - MPPPST","og_description":"El Instituto Nacional de Transporte Terrestre (INTT) ofrece atenci\u00f3n presencial de usuarios en sus sedes regionales, &hellip; INTT reanuda atenci\u00f3n presencial en sus oficinas durante semana de flexibilizaci\u00f3nLeer m\u00e1s","og_url":"https:\/\/www.mpppst.gob.ve\/mpppstweb\/index.php\/2020\/09\/09\/intt-reanuda-atencion-presencial-en-sus-oficinas-durante-semana-de-flexibilizacion\/","og_site_name":"MPPPST","article_publisher":"https:\/\/www.facebook.com\/mintrabajo_ve","article_published_time":"2020-09-09T12:29:48+00:00","article_modified_time":"2020-09-09T12:29:52+00:00","og_image":[{"width":768,"height":427,"url":"https:\/\/www.mpppst.gob.ve\/mpppstweb\/wp-content\/uploads\/2020\/09\/IMG-20200824-WA0032-768x427-1.jpg","type":"image\/jpeg"}],"author":"MPPPST Prensa","twitter_card":"summary_large_image","schema":{"@context":"https:\/\/schema.org","@graph":[{"@type":"Article","@id":"https:\/\/www.mpppst.gob.ve\/mpppstweb\/index.php\/2020\/09\/09\/intt-reanuda-atencion-presencial-en-sus-oficinas-durante-semana-de-flexibilizacion\/#article","isPartOf":{"@id":"https:\/\/www.mpppst.gob.ve\/mpppstweb\/index.php\/2020\/09\/09\/intt-reanuda-atencion-presencial-en-sus-oficinas-durante-semana-de-flexibilizacion\/"},"author":{"name":"MPPPST Prensa","@id":"https:\/\/www.mpppst.gob.ve\/mpppstweb\/#\/schema\/person\/fc187ee8ead412bd4c9304b62f900ea4"},"headline":"INTT reanuda atenci\u00f3n presencial en sus oficinas durante semana de flexibilizaci\u00f3n","datePublished":"2020-09-09T12:29:48+00:00","dateModified":"2020-09-09T12:29:52+00:00","mainEntityOfPage":{"@id":"https:\/\/www.mpppst.gob.ve\/mpppstweb\/index.php\/2020\/09\/09\/intt-reanuda-atencion-presencial-en-sus-oficinas-durante-semana-de-flexibilizacion\/"},"wordCount":395,"publisher":{"@id":"https:\/\/www.mpppst.gob.ve\/mpppstweb\/#organization"},"image":{"@id":"https:\/\/www.mpppst.gob.ve\/mpppstweb\/index.php\/2020\/09\/09\/intt-reanuda-atencion-presencial-en-sus-oficinas-durante-semana-de-flexibilizacion\/#primaryimage"},"thumbnailUrl":"https:\/\/www.mpppst.gob.ve\/mpppstweb\/wp-content\/uploads\/2020\/09\/IMG-20200824-WA0032-768x427-1.jpg","articleSection":["Gobierno Nacional","Noticias"],"inLanguage":"es"},{"@type":"WebPage","@id":"https:\/\/www.mpppst.gob.ve\/mpppstweb\/index.php\/2020\/09\/09\/intt-reanuda-atencion-presencial-en-sus-oficinas-durante-semana-de-flexibilizacion\/","url":"https:\/\/www.mpppst.gob.ve\/mpppstweb\/index.php\/2020\/09\/09\/intt-reanuda-atencion-presencial-en-sus-oficinas-durante-semana-de-flexibilizacion\/","name":"INTT reanuda atenci\u00f3n presencial en sus oficinas durante semana de flexibilizaci\u00f3n - MPPPST","isPartOf":{"@id":"https:\/\/www.mpppst.gob.ve\/mpppstweb\/#website"},"primaryImageOfPage":{"@id":"https:\/\/www.mpppst.gob.ve\/mpppstweb\/index.php\/2020\/09\/09\/intt-reanuda-atencion-presencial-en-sus-oficinas-durante-semana-de-flexibilizacion\/#primaryimage"},"image":{"@id":"https:\/\/www.mpppst.gob.ve\/mpppstweb\/index.php\/2020\/09\/09\/intt-reanuda-atencion-presencial-en-sus-oficinas-durante-semana-de-flexibilizacion\/#primaryimage"},"thumbnailUrl":"https:\/\/www.mpppst.gob.ve\/mpppstweb\/wp-content\/uploads\/2020\/09\/IMG-20200824-WA0032-768x427-1.jpg","datePublished":"2020-09-09T12:29:48+00:00","dateModified":"2020-09-09T12:29:52+00:00","breadcrumb":{"@id":"https:\/\/www.mpppst.gob.ve\/mpppstweb\/index.php\/2020\/09\/09\/intt-reanuda-atencion-presencial-en-sus-oficinas-durante-semana-de-flexibilizacion\/#breadcrumb"},"inLanguage":"es","potentialAction":[{"@type":"ReadAction","target":["https:\/\/www.mpppst.gob.ve\/mpppstweb\/index.php\/2020\/09\/09\/intt-reanuda-atencion-presencial-en-sus-oficinas-durante-semana-de-flexibilizacion\/"]}]},{"@type":"ImageObject","inLanguage":"es","@id":"https:\/\/www.mpppst.gob.ve\/mpppstweb\/index.php\/2020\/09\/09\/intt-reanuda-atencion-presencial-en-sus-oficinas-durante-semana-de-flexibilizacion\/#primaryimage","url":"https:\/\/www.mpppst.gob.ve\/mpppstweb\/wp-content\/uploads\/2020\/09\/IMG-20200824-WA0032-768x427-1.jpg","contentUrl":"https:\/\/www.mpppst.gob.ve\/mpppstweb\/wp-content\/uploads\/2020\/09\/IMG-20200824-WA0032-768x427-1.jpg","width":768,"height":427},{"@type":"BreadcrumbList","@id":"https:\/\/www.mpppst.gob.ve\/mpppstweb\/index.php\/2020\/09\/09\/intt-reanuda-atencion-presencial-en-sus-oficinas-durante-semana-de-flexibilizacion\/#breadcrumb","itemListElement":[{"@type":"ListItem","position":1,"name":"Home","item":"https:\/\/www.mpppst.gob.ve\/mpppstweb\/"},{"@type":"ListItem","position":2,"name":"INTT reanuda atenci\u00f3n presencial en sus oficinas durante semana de flexibilizaci\u00f3n"}]},{"@type":"WebSite","@id":"https:\/\/www.mpppst.gob.ve\/mpppstweb\/#website","url":"https:\/\/www.mpppst.gob.ve\/mpppstweb\/","name":"MPPPST","description":"Sitio web oficial del Ministerio del Poder Popular para el Proceso Social de Trabajo","publisher":{"@id":"https:\/\/www.mpppst.gob.ve\/mpppstweb\/#organization"},"alternateName":"Ministerio del Poder Popular para el Proceso Social de Trabajo","potentialAction":[{"@type":"SearchAction","target":{"@type":"EntryPoint","urlTemplate":"https:\/\/www.mpppst.gob.ve\/mpppstweb\/?s={search_term_string}"},"query-input":{"@type":"PropertyValueSpecification","valueRequired":true,"valueName":"search_term_string"}}],"inLanguage":"es"},{"@type":"Organization","@id":"https:\/\/www.mpppst.gob.ve\/mpppstweb\/#organization","name":"Ministerio del Poder Popular para el Proceso Social de Trabajo","alternateName":"MPPPST","url":"https:\/\/www.mpppst.gob.ve\/mpppstweb\/","logo":{"@type":"ImageObject","inLanguage":"es","@id":"https:\/\/www.mpppst.gob.ve\/mpppstweb\/#\/schema\/logo\/image\/","url":"https:\/\/www.mpppst.gob.ve\/mpppstweb\/wp-content\/uploads\/2025\/07\/cropped-cropped-g910.png","contentUrl":"https:\/\/www.mpppst.gob.ve\/mpppstweb\/wp-content\/uploads\/2025\/07\/cropped-cropped-g910.png","width":1080,"height":241,"caption":"Ministerio del Poder Popular para el Proceso Social de Trabajo"},"image":{"@id":"https:\/\/www.mpppst.gob.ve\/mpppstweb\/#\/schema\/logo\/image\/"},"sameAs":["https:\/\/www.facebook.com\/mintrabajo_ve","https:\/\/www.instagram.com\/mintrabajo_ve\/","https:\/\/www.tiktok.com\/@mintrabajo_ve","https:\/\/t.me\/mpppst"]},{"@type":"Person","@id":"https:\/\/www.mpppst.gob.ve\/mpppstweb\/#\/schema\/person\/fc187ee8ead412bd4c9304b62f900ea4","name":"MPPPST Prensa","url":"https:\/\/www.mpppst.gob.ve\/mpppstweb\/index.php\/author\/prensa-mpppst\/"}]}},"_links":{"self":[{"href":"https:\/\/www.mpppst.gob.ve\/mpppstweb\/index.php\/wp-json\/wp\/v2\/posts\/19837","targetHints":{"allow":["GET"]}}],"collection":[{"href":"https:\/\/www.mpppst.gob.ve\/mpppstweb\/index.php\/wp-json\/wp\/v2\/posts"}],"about":[{"href":"https:\/\/www.mpppst.gob.ve\/mpppstweb\/index.php\/wp-json\/wp\/v2\/types\/post"}],"author":[{"embeddable":true,"href":"https:\/\/www.mpppst.gob.ve\/mpppstweb\/index.php\/wp-json\/wp\/v2\/users\/25"}],"replies":[{"embeddable":true,"href":"https:\/\/www.mpppst.gob.ve\/mpppstweb\/index.php\/wp-json\/wp\/v2\/comments?post=19837"}],"version-history":[{"count":1,"href":"https:\/\/www.mpppst.gob.ve\/mpppstweb\/index.php\/wp-json\/wp\/v2\/posts\/19837\/revisions"}],"predecessor-version":[{"id":19839,"href":"https:\/\/www.mpppst.gob.ve\/mpppstweb\/index.php\/wp-json\/wp\/v2\/posts\/19837\/revisions\/19839"}],"wp:featuredmedia":[{"embeddable":true,"href":"https:\/\/www.mpppst.gob.ve\/mpppstweb\/index.php\/wp-json\/wp\/v2\/media\/19838"}],"wp:attachment":[{"href":"https:\/\/www.mpppst.gob.ve\/mpppstweb\/index.php\/wp-json\/wp\/v2\/media?parent=19837"}],"wp:term":[{"taxonomy":"category","embeddable":true,"href":"https:\/\/www.mpppst.gob.ve\/mpppstweb\/index.php\/wp-json\/wp\/v2\/categories?post=19837"},{"taxonomy":"post_tag","embeddable":true,"href":"https:\/\/www.mpppst.gob.ve\/mpppstweb\/index.php\/wp-json\/wp\/v2\/tags?post=19837"}],"curies":[{"name":"wp","href":"https:\/\/api.w.org\/{rel}","templated":true}]}}