{"id":19851,"date":"2020-09-10T18:51:16","date_gmt":"2020-09-10T22:51:16","guid":{"rendered":"http:\/\/www.mpppst.gob.ve\/mpppstweb\/?p=19851"},"modified":"2020-09-10T18:51:18","modified_gmt":"2020-09-10T22:51:18","slug":"ascienden-127-milicianos-del-cuerpo-de-combatientes-del-ministerio-del-proceso-social-de-trabajo","status":"publish","type":"post","link":"https:\/\/www.mpppst.gob.ve\/mpppstweb\/index.php\/2020\/09\/10\/ascienden-127-milicianos-del-cuerpo-de-combatientes-del-ministerio-del-proceso-social-de-trabajo\/","title":{"rendered":"Ascienden 127 milicianos del Cuerpo de Combatientes del Ministerio del Proceso Social de Trabajo"},"content":{"rendered":"\n<p><\/p>\n\n\n\n<p><em>Prensa Min Trabajo 10.09.2020<\/em>.- Un total de 127 milicianos y milicianas del Cuerpo de Combatientes del Ministerio del Poder Popular para el Proceso Social de Trabajo, fueron ascendidos a los rangos de cabo primero, segundo y distinguido, as\u00ed lo dio a conocer el ministro Eduardo Pi\u00f1ate, este jueves desde las instalaciones del Instituto para la Capacitaci\u00f3n y Recreaci\u00f3n de los Trabajadores (Incret).<\/p>\n\n\n\n<p>\u201cQue involucra adem\u00e1s a trabajadores de este Ministerio y de los entes adscritos, como el Instituto Venezolano de los Seguros Sociales (IVSS), el Instituto para la Capacitaci\u00f3n y Recreaci\u00f3n de los Trabajadores (Incret), el Instituto Nacional de Prevenci\u00f3n, Salud y Seguridad Laborales (INPSASEL) y la Tesorer\u00eda de la Seguridad Social, se trata de 154 compa\u00f1eros y compa\u00f1eras que se han destacado en sus funciones como milicianos de la clase obrera venezolana\u201d.<\/p>\n\n\n\n<p>Detall\u00f3 que son 92 milicianos ascendidos a Cabo Primero, 16 Cabo Segundo y 19 Distinguidos.<\/p>\n\n\n\n<figure class=\"wp-block-image size-large\"><img decoding=\"async\" loading=\"lazy\" width=\"1008\" height=\"756\" src=\"http:\/\/www.mpppst.gob.ve\/mpppstweb\/wp-content\/uploads\/2020\/09\/IMG-20200910-WA0070.jpg\" alt=\"\" class=\"wp-image-19853\" srcset=\"https:\/\/www.mpppst.gob.ve\/mpppstweb\/wp-content\/uploads\/2020\/09\/IMG-20200910-WA0070.jpg 1008w, https:\/\/www.mpppst.gob.ve\/mpppstweb\/wp-content\/uploads\/2020\/09\/IMG-20200910-WA0070-300x225.jpg 300w, https:\/\/www.mpppst.gob.ve\/mpppstweb\/wp-content\/uploads\/2020\/09\/IMG-20200910-WA0070-768x576.jpg 768w\" sizes=\"(max-width: 1008px) 100vw, 1008px\" \/><\/figure>\n\n\n\n<p>\u201cEs una actividad muy importante porque esto fortalece el esp\u00edritu de combate y \u201cvoluntad de vencer\u201d de los Cuerpos de Combatientes del Ministerio para el Proceso Social de Trabajo, la coherencia, la moral, de los trabajadores\u201d, asegur\u00f3 el ministro Pi\u00f1ate.<\/p>\n\n\n\n<p>Toda vez que resalt\u00f3 que exalta el esp\u00edritu de combate y la capacidad de vencer, \u201cdel pueblo venezolano\u201d.<\/p>\n\n\n\n<p>Es importante destacar que estas acciones se ejercen en el marco del <em>Plan de Renovaci\u00f3n, Rectificaci\u00f3n y Cambios<\/em> que impulsa la cartera de trabajo y sus entes adscritos.<\/p>\n\n\n\n<p>Del mismo modo, se ejecuta para fortalecer el poder defensivo nacional, as\u00ed como garantizar la independencia, soberan\u00eda y la paz nacional, asegurando la defensa integral de la patria.<\/p>\n\n\n\n<p>El ministro Eduardo Pi\u00f1ate, estuvo acompa\u00f1ado el G\/D Carlos Eduardo Perozo, Comandante de la Milicia Nacional Bolivariana (REDI), Comandante de la Milicia Nacional Bolivariana de la ZODI Capital, el Coronel Mario Muyale, Comandante de la ADI, T\/C Alfredo Reina, 2do Comandante de la ADI y el Capit\u00e1n F\u00e9lix V\u00e1squez.<\/p>\n\n\n\n<figure class=\"wp-block-embed-twitter wp-block-embed is-type-rich is-provider-twitter\"><div class=\"wp-block-embed__wrapper\">\nhttps:\/\/twitter.com\/eduardopiate2\/status\/1304183735517155332?s=19\n<\/div><\/figure>\n\n\n\n<figure class=\"wp-block-embed-twitter wp-block-embed is-type-rich is-provider-twitter\"><div class=\"wp-block-embed__wrapper\">\nhttps:\/\/twitter.com\/MinTrabajoVE\/status\/1304065183258742786?s=19\n<\/div><\/figure>\n","protected":false},"excerpt":{"rendered":"<p>Prensa Min Trabajo 10.09.2020.- Un total de 127 milicianos y milicianas del Cuerpo de Combatientes del &hellip; <a title=\"Ascienden 127 milicianos del Cuerpo de Combatientes del Ministerio del Proceso Social de Trabajo\" class=\"hm-read-more\" href=\"https:\/\/www.mpppst.gob.ve\/mpppstweb\/index.php\/2020\/09\/10\/ascienden-127-milicianos-del-cuerpo-de-combatientes-del-ministerio-del-proceso-social-de-trabajo\/\"><span class=\"screen-reader-text\">Ascienden 127 milicianos del Cuerpo de Combatientes del Ministerio del Proceso Social de Trabajo<\/span>Read more<\/a><\/p>\n","protected":false},"author":25,"featured_media":19852,"comment_status":"closed","ping_status":"closed","sticky":false,"template":"","format":"standard","meta":{"footnotes":""},"categories":[167,82,163],"tags":[],"yoast_head":"<!-- This site is optimized with the Yoast SEO plugin v22.5 - https:\/\/yoast.com\/wordpress\/plugins\/seo\/ -->\n<title>Ascienden 127 milicianos del Cuerpo de Combatientes del Ministerio del Proceso Social de Trabajo - MPPPST<\/title>\n<meta name=\"robots\" content=\"index, follow, max-snippet:-1, max-image-preview:large, max-video-preview:-1\" \/>\n<link rel=\"canonical\" href=\"https:\/\/www.mpppst.gob.ve\/mpppstweb\/index.php\/2020\/09\/10\/ascienden-127-milicianos-del-cuerpo-de-combatientes-del-ministerio-del-proceso-social-de-trabajo\/\" \/>\n<meta property=\"og:locale\" content=\"es_ES\" \/>\n<meta property=\"og:type\" content=\"article\" \/>\n<meta property=\"og:title\" content=\"Ascienden 127 milicianos del Cuerpo de Combatientes del Ministerio del Proceso Social de Trabajo - MPPPST\" \/>\n<meta property=\"og:description\" content=\"Prensa Min Trabajo 10.09.2020.- Un total de 127 milicianos y milicianas del Cuerpo de Combatientes del &hellip; Ascienden 127 milicianos del Cuerpo de Combatientes del Ministerio del Proceso Social de TrabajoRead more\" \/>\n<meta property=\"og:url\" content=\"https:\/\/www.mpppst.gob.ve\/mpppstweb\/index.php\/2020\/09\/10\/ascienden-127-milicianos-del-cuerpo-de-combatientes-del-ministerio-del-proceso-social-de-trabajo\/\" \/>\n<meta property=\"og:site_name\" content=\"MPPPST\" \/>\n<meta property=\"article:published_time\" content=\"2020-09-10T22:51:16+00:00\" \/>\n<meta property=\"article:modified_time\" content=\"2020-09-10T22:51:18+00:00\" \/>\n<meta property=\"og:image\" content=\"https:\/\/www.mpppst.gob.ve\/mpppstweb\/wp-content\/uploads\/2020\/09\/IMG-20200910-WA0023.jpg\" \/>\n\t<meta property=\"og:image:width\" content=\"1080\" \/>\n\t<meta property=\"og:image:height\" content=\"808\" \/>\n\t<meta property=\"og:image:type\" content=\"image\/jpeg\" \/>\n<meta name=\"author\" content=\"MPPPST Prensa\" \/>\n<meta name=\"twitter:card\" content=\"summary_large_image\" \/>\n<meta name=\"twitter:label1\" content=\"Escrito por\" \/>\n\t<meta name=\"twitter:data1\" content=\"MPPPST Prensa\" \/>\n\t<meta name=\"twitter:label2\" content=\"Tiempo de lectura\" \/>\n\t<meta name=\"twitter:data2\" content=\"2 minutos\" \/>\n<script type=\"application\/ld+json\" class=\"yoast-schema-graph\">{\"@context\":\"https:\/\/schema.org\",\"@graph\":[{\"@type\":\"Article\",\"@id\":\"https:\/\/www.mpppst.gob.ve\/mpppstweb\/index.php\/2020\/09\/10\/ascienden-127-milicianos-del-cuerpo-de-combatientes-del-ministerio-del-proceso-social-de-trabajo\/#article\",\"isPartOf\":{\"@id\":\"https:\/\/www.mpppst.gob.ve\/mpppstweb\/index.php\/2020\/09\/10\/ascienden-127-milicianos-del-cuerpo-de-combatientes-del-ministerio-del-proceso-social-de-trabajo\/\"},\"author\":{\"name\":\"MPPPST Prensa\",\"@id\":\"https:\/\/www.mpppst.gob.ve\/mpppstweb\/#\/schema\/person\/fc187ee8ead412bd4c9304b62f900ea4\"},\"headline\":\"Ascienden 127 milicianos del Cuerpo de Combatientes del Ministerio del Proceso Social de Trabajo\",\"datePublished\":\"2020-09-10T22:51:16+00:00\",\"dateModified\":\"2020-09-10T22:51:18+00:00\",\"mainEntityOfPage\":{\"@id\":\"https:\/\/www.mpppst.gob.ve\/mpppstweb\/index.php\/2020\/09\/10\/ascienden-127-milicianos-del-cuerpo-de-combatientes-del-ministerio-del-proceso-social-de-trabajo\/\"},\"wordCount\":354,\"publisher\":{\"@id\":\"https:\/\/www.mpppst.gob.ve\/mpppstweb\/#organization\"},\"image\":{\"@id\":\"https:\/\/www.mpppst.gob.ve\/mpppstweb\/index.php\/2020\/09\/10\/ascienden-127-milicianos-del-cuerpo-de-combatientes-del-ministerio-del-proceso-social-de-trabajo\/#primaryimage\"},\"thumbnailUrl\":\"https:\/\/www.mpppst.gob.ve\/mpppstweb\/wp-content\/uploads\/2020\/09\/IMG-20200910-WA0023.jpg\",\"articleSection\":[\"Defensa Integral\",\"Gobierno Nacional\",\"Noticias\"],\"inLanguage\":\"es\"},{\"@type\":\"WebPage\",\"@id\":\"https:\/\/www.mpppst.gob.ve\/mpppstweb\/index.php\/2020\/09\/10\/ascienden-127-milicianos-del-cuerpo-de-combatientes-del-ministerio-del-proceso-social-de-trabajo\/\",\"url\":\"https:\/\/www.mpppst.gob.ve\/mpppstweb\/index.php\/2020\/09\/10\/ascienden-127-milicianos-del-cuerpo-de-combatientes-del-ministerio-del-proceso-social-de-trabajo\/\",\"name\":\"Ascienden 127 milicianos del Cuerpo de Combatientes del Ministerio del Proceso Social de Trabajo - MPPPST\",\"isPartOf\":{\"@id\":\"https:\/\/www.mpppst.gob.ve\/mpppstweb\/#website\"},\"primaryImageOfPage\":{\"@id\":\"https:\/\/www.mpppst.gob.ve\/mpppstweb\/index.php\/2020\/09\/10\/ascienden-127-milicianos-del-cuerpo-de-combatientes-del-ministerio-del-proceso-social-de-trabajo\/#primaryimage\"},\"image\":{\"@id\":\"https:\/\/www.mpppst.gob.ve\/mpppstweb\/index.php\/2020\/09\/10\/ascienden-127-milicianos-del-cuerpo-de-combatientes-del-ministerio-del-proceso-social-de-trabajo\/#primaryimage\"},\"thumbnailUrl\":\"https:\/\/www.mpppst.gob.ve\/mpppstweb\/wp-content\/uploads\/2020\/09\/IMG-20200910-WA0023.jpg\",\"datePublished\":\"2020-09-10T22:51:16+00:00\",\"dateModified\":\"2020-09-10T22:51:18+00:00\",\"breadcrumb\":{\"@id\":\"https:\/\/www.mpppst.gob.ve\/mpppstweb\/index.php\/2020\/09\/10\/ascienden-127-milicianos-del-cuerpo-de-combatientes-del-ministerio-del-proceso-social-de-trabajo\/#breadcrumb\"},\"inLanguage\":\"es\",\"potentialAction\":[{\"@type\":\"ReadAction\",\"target\":[\"https:\/\/www.mpppst.gob.ve\/mpppstweb\/index.php\/2020\/09\/10\/ascienden-127-milicianos-del-cuerpo-de-combatientes-del-ministerio-del-proceso-social-de-trabajo\/\"]}]},{\"@type\":\"ImageObject\",\"inLanguage\":\"es\",\"@id\":\"https:\/\/www.mpppst.gob.ve\/mpppstweb\/index.php\/2020\/09\/10\/ascienden-127-milicianos-del-cuerpo-de-combatientes-del-ministerio-del-proceso-social-de-trabajo\/#primaryimage\",\"url\":\"https:\/\/www.mpppst.gob.ve\/mpppstweb\/wp-content\/uploads\/2020\/09\/IMG-20200910-WA0023.jpg\",\"contentUrl\":\"https:\/\/www.mpppst.gob.ve\/mpppstweb\/wp-content\/uploads\/2020\/09\/IMG-20200910-WA0023.jpg\",\"width\":1080,\"height\":808},{\"@type\":\"BreadcrumbList\",\"@id\":\"https:\/\/www.mpppst.gob.ve\/mpppstweb\/index.php\/2020\/09\/10\/ascienden-127-milicianos-del-cuerpo-de-combatientes-del-ministerio-del-proceso-social-de-trabajo\/#breadcrumb\",\"itemListElement\":[{\"@type\":\"ListItem\",\"position\":1,\"name\":\"Home\",\"item\":\"https:\/\/www.mpppst.gob.ve\/mpppstweb\/\"},{\"@type\":\"ListItem\",\"position\":2,\"name\":\"Ascienden 127 milicianos del Cuerpo de Combatientes del Ministerio del Proceso Social de Trabajo\"}]},{\"@type\":\"WebSite\",\"@id\":\"https:\/\/www.mpppst.gob.ve\/mpppstweb\/#website\",\"url\":\"https:\/\/www.mpppst.gob.ve\/mpppstweb\/\",\"name\":\"MPPPST\",\"description\":\"Ministerio del Poder Popular para el Proceso Social de Trabajo\",\"publisher\":{\"@id\":\"https:\/\/www.mpppst.gob.ve\/mpppstweb\/#organization\"},\"potentialAction\":[{\"@type\":\"SearchAction\",\"target\":{\"@type\":\"EntryPoint\",\"urlTemplate\":\"https:\/\/www.mpppst.gob.ve\/mpppstweb\/?s={search_term_string}\"},\"query-input\":\"required name=search_term_string\"}],\"inLanguage\":\"es\"},{\"@type\":\"Organization\",\"@id\":\"https:\/\/www.mpppst.gob.ve\/mpppstweb\/#organization\",\"name\":\"mpppst\",\"url\":\"https:\/\/www.mpppst.gob.ve\/mpppstweb\/\",\"logo\":{\"@type\":\"ImageObject\",\"inLanguage\":\"es\",\"@id\":\"https:\/\/www.mpppst.gob.ve\/mpppstweb\/#\/schema\/logo\/image\/\",\"url\":\"https:\/\/www.mpppst.gob.ve\/mpppstweb\/wp-content\/uploads\/2025\/07\/cropped-cropped-g910.png\",\"contentUrl\":\"https:\/\/www.mpppst.gob.ve\/mpppstweb\/wp-content\/uploads\/2025\/07\/cropped-cropped-g910.png\",\"width\":1080,\"height\":241,\"caption\":\"mpppst\"},\"image\":{\"@id\":\"https:\/\/www.mpppst.gob.ve\/mpppstweb\/#\/schema\/logo\/image\/\"}},{\"@type\":\"Person\",\"@id\":\"https:\/\/www.mpppst.gob.ve\/mpppstweb\/#\/schema\/person\/fc187ee8ead412bd4c9304b62f900ea4\",\"name\":\"MPPPST Prensa\",\"url\":\"https:\/\/www.mpppst.gob.ve\/mpppstweb\/index.php\/author\/prensa-mpppst\/\"}]}<\/script>\n<!-- \/ Yoast SEO plugin. -->","yoast_head_json":{"title":"Ascienden 127 milicianos del Cuerpo de Combatientes del Ministerio del Proceso Social de Trabajo - MPPPST","robots":{"index":"index","follow":"follow","max-snippet":"max-snippet:-1","max-image-preview":"max-image-preview:large","max-video-preview":"max-video-preview:-1"},"canonical":"https:\/\/www.mpppst.gob.ve\/mpppstweb\/index.php\/2020\/09\/10\/ascienden-127-milicianos-del-cuerpo-de-combatientes-del-ministerio-del-proceso-social-de-trabajo\/","og_locale":"es_ES","og_type":"article","og_title":"Ascienden 127 milicianos del Cuerpo de Combatientes del Ministerio del Proceso Social de Trabajo - MPPPST","og_description":"Prensa Min Trabajo 10.09.2020.- Un total de 127 milicianos y milicianas del Cuerpo de Combatientes del &hellip; Ascienden 127 milicianos del Cuerpo de Combatientes del Ministerio del Proceso Social de TrabajoRead more","og_url":"https:\/\/www.mpppst.gob.ve\/mpppstweb\/index.php\/2020\/09\/10\/ascienden-127-milicianos-del-cuerpo-de-combatientes-del-ministerio-del-proceso-social-de-trabajo\/","og_site_name":"MPPPST","article_published_time":"2020-09-10T22:51:16+00:00","article_modified_time":"2020-09-10T22:51:18+00:00","og_image":[{"width":1080,"height":808,"url":"https:\/\/www.mpppst.gob.ve\/mpppstweb\/wp-content\/uploads\/2020\/09\/IMG-20200910-WA0023.jpg","type":"image\/jpeg"}],"author":"MPPPST Prensa","twitter_card":"summary_large_image","twitter_misc":{"Escrito por":"MPPPST Prensa","Tiempo de lectura":"2 minutos"},"schema":{"@context":"https:\/\/schema.org","@graph":[{"@type":"Article","@id":"https:\/\/www.mpppst.gob.ve\/mpppstweb\/index.php\/2020\/09\/10\/ascienden-127-milicianos-del-cuerpo-de-combatientes-del-ministerio-del-proceso-social-de-trabajo\/#article","isPartOf":{"@id":"https:\/\/www.mpppst.gob.ve\/mpppstweb\/index.php\/2020\/09\/10\/ascienden-127-milicianos-del-cuerpo-de-combatientes-del-ministerio-del-proceso-social-de-trabajo\/"},"author":{"name":"MPPPST Prensa","@id":"https:\/\/www.mpppst.gob.ve\/mpppstweb\/#\/schema\/person\/fc187ee8ead412bd4c9304b62f900ea4"},"headline":"Ascienden 127 milicianos del Cuerpo de Combatientes del Ministerio del Proceso Social de Trabajo","datePublished":"2020-09-10T22:51:16+00:00","dateModified":"2020-09-10T22:51:18+00:00","mainEntityOfPage":{"@id":"https:\/\/www.mpppst.gob.ve\/mpppstweb\/index.php\/2020\/09\/10\/ascienden-127-milicianos-del-cuerpo-de-combatientes-del-ministerio-del-proceso-social-de-trabajo\/"},"wordCount":354,"publisher":{"@id":"https:\/\/www.mpppst.gob.ve\/mpppstweb\/#organization"},"image":{"@id":"https:\/\/www.mpppst.gob.ve\/mpppstweb\/index.php\/2020\/09\/10\/ascienden-127-milicianos-del-cuerpo-de-combatientes-del-ministerio-del-proceso-social-de-trabajo\/#primaryimage"},"thumbnailUrl":"https:\/\/www.mpppst.gob.ve\/mpppstweb\/wp-content\/uploads\/2020\/09\/IMG-20200910-WA0023.jpg","articleSection":["Defensa Integral","Gobierno Nacional","Noticias"],"inLanguage":"es"},{"@type":"WebPage","@id":"https:\/\/www.mpppst.gob.ve\/mpppstweb\/index.php\/2020\/09\/10\/ascienden-127-milicianos-del-cuerpo-de-combatientes-del-ministerio-del-proceso-social-de-trabajo\/","url":"https:\/\/www.mpppst.gob.ve\/mpppstweb\/index.php\/2020\/09\/10\/ascienden-127-milicianos-del-cuerpo-de-combatientes-del-ministerio-del-proceso-social-de-trabajo\/","name":"Ascienden 127 milicianos del Cuerpo de Combatientes del Ministerio del Proceso Social de Trabajo - MPPPST","isPartOf":{"@id":"https:\/\/www.mpppst.gob.ve\/mpppstweb\/#website"},"primaryImageOfPage":{"@id":"https:\/\/www.mpppst.gob.ve\/mpppstweb\/index.php\/2020\/09\/10\/ascienden-127-milicianos-del-cuerpo-de-combatientes-del-ministerio-del-proceso-social-de-trabajo\/#primaryimage"},"image":{"@id":"https:\/\/www.mpppst.gob.ve\/mpppstweb\/index.php\/2020\/09\/10\/ascienden-127-milicianos-del-cuerpo-de-combatientes-del-ministerio-del-proceso-social-de-trabajo\/#primaryimage"},"thumbnailUrl":"https:\/\/www.mpppst.gob.ve\/mpppstweb\/wp-content\/uploads\/2020\/09\/IMG-20200910-WA0023.jpg","datePublished":"2020-09-10T22:51:16+00:00","dateModified":"2020-09-10T22:51:18+00:00","breadcrumb":{"@id":"https:\/\/www.mpppst.gob.ve\/mpppstweb\/index.php\/2020\/09\/10\/ascienden-127-milicianos-del-cuerpo-de-combatientes-del-ministerio-del-proceso-social-de-trabajo\/#breadcrumb"},"inLanguage":"es","potentialAction":[{"@type":"ReadAction","target":["https:\/\/www.mpppst.gob.ve\/mpppstweb\/index.php\/2020\/09\/10\/ascienden-127-milicianos-del-cuerpo-de-combatientes-del-ministerio-del-proceso-social-de-trabajo\/"]}]},{"@type":"ImageObject","inLanguage":"es","@id":"https:\/\/www.mpppst.gob.ve\/mpppstweb\/index.php\/2020\/09\/10\/ascienden-127-milicianos-del-cuerpo-de-combatientes-del-ministerio-del-proceso-social-de-trabajo\/#primaryimage","url":"https:\/\/www.mpppst.gob.ve\/mpppstweb\/wp-content\/uploads\/2020\/09\/IMG-20200910-WA0023.jpg","contentUrl":"https:\/\/www.mpppst.gob.ve\/mpppstweb\/wp-content\/uploads\/2020\/09\/IMG-20200910-WA0023.jpg","width":1080,"height":808},{"@type":"BreadcrumbList","@id":"https:\/\/www.mpppst.gob.ve\/mpppstweb\/index.php\/2020\/09\/10\/ascienden-127-milicianos-del-cuerpo-de-combatientes-del-ministerio-del-proceso-social-de-trabajo\/#breadcrumb","itemListElement":[{"@type":"ListItem","position":1,"name":"Home","item":"https:\/\/www.mpppst.gob.ve\/mpppstweb\/"},{"@type":"ListItem","position":2,"name":"Ascienden 127 milicianos del Cuerpo de Combatientes del Ministerio del Proceso Social de Trabajo"}]},{"@type":"WebSite","@id":"https:\/\/www.mpppst.gob.ve\/mpppstweb\/#website","url":"https:\/\/www.mpppst.gob.ve\/mpppstweb\/","name":"MPPPST","description":"Ministerio del Poder Popular para el Proceso Social de Trabajo","publisher":{"@id":"https:\/\/www.mpppst.gob.ve\/mpppstweb\/#organization"},"potentialAction":[{"@type":"SearchAction","target":{"@type":"EntryPoint","urlTemplate":"https:\/\/www.mpppst.gob.ve\/mpppstweb\/?s={search_term_string}"},"query-input":"required name=search_term_string"}],"inLanguage":"es"},{"@type":"Organization","@id":"https:\/\/www.mpppst.gob.ve\/mpppstweb\/#organization","name":"mpppst","url":"https:\/\/www.mpppst.gob.ve\/mpppstweb\/","logo":{"@type":"ImageObject","inLanguage":"es","@id":"https:\/\/www.mpppst.gob.ve\/mpppstweb\/#\/schema\/logo\/image\/","url":"https:\/\/www.mpppst.gob.ve\/mpppstweb\/wp-content\/uploads\/2025\/07\/cropped-cropped-g910.png","contentUrl":"https:\/\/www.mpppst.gob.ve\/mpppstweb\/wp-content\/uploads\/2025\/07\/cropped-cropped-g910.png","width":1080,"height":241,"caption":"mpppst"},"image":{"@id":"https:\/\/www.mpppst.gob.ve\/mpppstweb\/#\/schema\/logo\/image\/"}},{"@type":"Person","@id":"https:\/\/www.mpppst.gob.ve\/mpppstweb\/#\/schema\/person\/fc187ee8ead412bd4c9304b62f900ea4","name":"MPPPST Prensa","url":"https:\/\/www.mpppst.gob.ve\/mpppstweb\/index.php\/author\/prensa-mpppst\/"}]}},"_links":{"self":[{"href":"https:\/\/www.mpppst.gob.ve\/mpppstweb\/index.php\/wp-json\/wp\/v2\/posts\/19851"}],"collection":[{"href":"https:\/\/www.mpppst.gob.ve\/mpppstweb\/index.php\/wp-json\/wp\/v2\/posts"}],"about":[{"href":"https:\/\/www.mpppst.gob.ve\/mpppstweb\/index.php\/wp-json\/wp\/v2\/types\/post"}],"author":[{"embeddable":true,"href":"https:\/\/www.mpppst.gob.ve\/mpppstweb\/index.php\/wp-json\/wp\/v2\/users\/25"}],"replies":[{"embeddable":true,"href":"https:\/\/www.mpppst.gob.ve\/mpppstweb\/index.php\/wp-json\/wp\/v2\/comments?post=19851"}],"version-history":[{"count":1,"href":"https:\/\/www.mpppst.gob.ve\/mpppstweb\/index.php\/wp-json\/wp\/v2\/posts\/19851\/revisions"}],"predecessor-version":[{"id":19854,"href":"https:\/\/www.mpppst.gob.ve\/mpppstweb\/index.php\/wp-json\/wp\/v2\/posts\/19851\/revisions\/19854"}],"wp:featuredmedia":[{"embeddable":true,"href":"https:\/\/www.mpppst.gob.ve\/mpppstweb\/index.php\/wp-json\/wp\/v2\/media\/19852"}],"wp:attachment":[{"href":"https:\/\/www.mpppst.gob.ve\/mpppstweb\/index.php\/wp-json\/wp\/v2\/media?parent=19851"}],"wp:term":[{"taxonomy":"category","embeddable":true,"href":"https:\/\/www.mpppst.gob.ve\/mpppstweb\/index.php\/wp-json\/wp\/v2\/categories?post=19851"},{"taxonomy":"post_tag","embeddable":true,"href":"https:\/\/www.mpppst.gob.ve\/mpppstweb\/index.php\/wp-json\/wp\/v2\/tags?post=19851"}],"curies":[{"name":"wp","href":"https:\/\/api.w.org\/{rel}","templated":true}]}}