{"id":19856,"date":"2020-09-11T09:29:01","date_gmt":"2020-09-11T13:29:01","guid":{"rendered":"http:\/\/www.mpppst.gob.ve\/mpppstweb\/?p=19856"},"modified":"2020-09-11T09:29:05","modified_gmt":"2020-09-11T13:29:05","slug":"salvador-allende-sinonimo-de-lucha-y-justicia-social","status":"publish","type":"post","link":"https:\/\/www.mpppst.gob.ve\/mpppstweb\/index.php\/2020\/09\/11\/salvador-allende-sinonimo-de-lucha-y-justicia-social\/","title":{"rendered":"Salvador Allende, sin\u00f3nimo de lucha y justicia social."},"content":{"rendered":"\n<p><\/p>\n\n\n\n<p><em>(Prensa Min Trabajo 11.09.2020)<\/em> El 11 de septiembre de 1973 fue vilmente asesinado el l\u00edder revolucionario Salvador Allende, luego de dar su ferviente discurso, tras el golpe militar promovido por Agustino Pinochet quien instaur\u00f3 la dictadura facista en Chile.<\/p>\n\n\n\n<p>A pocas horas de dar sus \u00faltimas palabras en el Palacio de la moneda, su cad\u00e1ver fue encontrado envuelto en una bandera chilena en las ruinas de dicha sede presidencial.<\/p>\n\n\n\n<p>Tras el derrocamiento y muerte de Allende, se dio inicio a los 17 a\u00f1os de dictadura impulsada por Pinochet, quien desde el mismo d\u00eda de su triunfo electoral instal\u00f3 el salvaje modelo econ\u00f3mico neoliberal e inici\u00f3 una feroz represi\u00f3n que costar\u00eda la vida a miles de chilenos.<\/p>\n\n\n\n<p>Allende desempe\u00f1\u00f3 un papel importante en la pol\u00edtica al mantener la revoluci\u00f3n socialista en Chile e imponer la paz social al suprimir la poderosa ofensiva contra la clase trabajadora. Realiz\u00f3 un plan de acci\u00f3n dando prioridad a la socializaci\u00f3n de empresas privadas. Por otra parte, tambi\u00e9n concret\u00f3 la nacionalizaci\u00f3n del cobre, sin pago de indemnizaciones a las empresas norteamericanas, lo que signific\u00f3 el enfrentamiento con Estados Unidos, que a partir de ese momento apoy\u00f3 abiertamente a los grupos opositores al mandatario socialista.<\/p>\n\n\n\n<p>La oposici\u00f3n chilena se gener\u00f3 en varios frentes estrat\u00e9gicos que buscaban la ca\u00edda de su gobierno, pero ante la dura oposici\u00f3n, Allende cont\u00f3 con el apoyo de su pueblo, a quienes siempre defendi\u00f3 y busc\u00f3 darle los mayores beneficios en todos los sentidos.<\/p>\n\n\n\n<p>Hoy, tras los 47 a\u00f1os de la muerte del gran Salvador Allende, el Gobierno Bolivariano y el pueblo venezolano rinden honor a la memoria de este l\u00edder revolucionario, quien con su pensamiento y obra dej\u00f3 un legado para los Estados progresistas en la regi\u00f3n, el cual consiste en emprender la lucha por la independencia plena, libertad, soberan\u00eda y justicia social para el desarrollo de sus pueblos.<\/p>\n","protected":false},"excerpt":{"rendered":"<p>(Prensa Min Trabajo 11.09.2020) El 11 de septiembre de 1973 fue vilmente asesinado el l\u00edder revolucionario &hellip; <a title=\"Salvador Allende, sin\u00f3nimo de lucha y justicia social.\" class=\"hm-read-more\" href=\"https:\/\/www.mpppst.gob.ve\/mpppstweb\/index.php\/2020\/09\/11\/salvador-allende-sinonimo-de-lucha-y-justicia-social\/\"><span class=\"screen-reader-text\">Salvador Allende, sin\u00f3nimo de lucha y justicia social.<\/span>Read more<\/a><\/p>\n","protected":false},"author":25,"featured_media":19865,"comment_status":"closed","ping_status":"closed","sticky":false,"template":"","format":"standard","meta":{"footnotes":""},"categories":[360,163],"tags":[],"yoast_head":"<!-- This site is optimized with the Yoast SEO plugin v22.5 - https:\/\/yoast.com\/wordpress\/plugins\/seo\/ -->\n<title>Salvador Allende, sin\u00f3nimo de lucha y justicia social. - MPPPST<\/title>\n<meta name=\"robots\" content=\"index, follow, max-snippet:-1, max-image-preview:large, max-video-preview:-1\" \/>\n<link rel=\"canonical\" href=\"https:\/\/www.mpppst.gob.ve\/mpppstweb\/index.php\/2020\/09\/11\/salvador-allende-sinonimo-de-lucha-y-justicia-social\/\" \/>\n<meta property=\"og:locale\" content=\"es_ES\" \/>\n<meta property=\"og:type\" content=\"article\" \/>\n<meta property=\"og:title\" content=\"Salvador Allende, sin\u00f3nimo de lucha y justicia social. - MPPPST\" \/>\n<meta property=\"og:description\" content=\"(Prensa Min Trabajo 11.09.2020) El 11 de septiembre de 1973 fue vilmente asesinado el l\u00edder revolucionario &hellip; Salvador Allende, sin\u00f3nimo de lucha y justicia social.Read more\" \/>\n<meta property=\"og:url\" content=\"https:\/\/www.mpppst.gob.ve\/mpppstweb\/index.php\/2020\/09\/11\/salvador-allende-sinonimo-de-lucha-y-justicia-social\/\" \/>\n<meta property=\"og:site_name\" content=\"MPPPST\" \/>\n<meta property=\"article:published_time\" content=\"2020-09-11T13:29:01+00:00\" \/>\n<meta property=\"article:modified_time\" content=\"2020-09-11T13:29:05+00:00\" \/>\n<meta property=\"og:image\" content=\"https:\/\/www.mpppst.gob.ve\/mpppstweb\/wp-content\/uploads\/2020\/09\/images-14.jpeg\" \/>\n\t<meta property=\"og:image:width\" content=\"266\" \/>\n\t<meta property=\"og:image:height\" content=\"190\" \/>\n\t<meta property=\"og:image:type\" content=\"image\/jpeg\" \/>\n<meta name=\"author\" content=\"MPPPST Prensa\" \/>\n<meta name=\"twitter:card\" content=\"summary_large_image\" \/>\n<meta name=\"twitter:label1\" content=\"Escrito por\" \/>\n\t<meta name=\"twitter:data1\" content=\"MPPPST Prensa\" \/>\n\t<meta name=\"twitter:label2\" content=\"Tiempo de lectura\" \/>\n\t<meta name=\"twitter:data2\" content=\"2 minutos\" \/>\n<script type=\"application\/ld+json\" class=\"yoast-schema-graph\">{\"@context\":\"https:\/\/schema.org\",\"@graph\":[{\"@type\":\"Article\",\"@id\":\"https:\/\/www.mpppst.gob.ve\/mpppstweb\/index.php\/2020\/09\/11\/salvador-allende-sinonimo-de-lucha-y-justicia-social\/#article\",\"isPartOf\":{\"@id\":\"https:\/\/www.mpppst.gob.ve\/mpppstweb\/index.php\/2020\/09\/11\/salvador-allende-sinonimo-de-lucha-y-justicia-social\/\"},\"author\":{\"name\":\"MPPPST Prensa\",\"@id\":\"https:\/\/www.mpppst.gob.ve\/mpppstweb\/#\/schema\/person\/fc187ee8ead412bd4c9304b62f900ea4\"},\"headline\":\"Salvador Allende, sin\u00f3nimo de lucha y justicia social.\",\"datePublished\":\"2020-09-11T13:29:01+00:00\",\"dateModified\":\"2020-09-11T13:29:05+00:00\",\"mainEntityOfPage\":{\"@id\":\"https:\/\/www.mpppst.gob.ve\/mpppstweb\/index.php\/2020\/09\/11\/salvador-allende-sinonimo-de-lucha-y-justicia-social\/\"},\"wordCount\":332,\"publisher\":{\"@id\":\"https:\/\/www.mpppst.gob.ve\/mpppstweb\/#organization\"},\"image\":{\"@id\":\"https:\/\/www.mpppst.gob.ve\/mpppstweb\/index.php\/2020\/09\/11\/salvador-allende-sinonimo-de-lucha-y-justicia-social\/#primaryimage\"},\"thumbnailUrl\":\"https:\/\/www.mpppst.gob.ve\/mpppstweb\/wp-content\/uploads\/2020\/09\/images-14.jpeg\",\"articleSection\":[\"Movimientos Sociales\",\"Noticias\"],\"inLanguage\":\"es\"},{\"@type\":\"WebPage\",\"@id\":\"https:\/\/www.mpppst.gob.ve\/mpppstweb\/index.php\/2020\/09\/11\/salvador-allende-sinonimo-de-lucha-y-justicia-social\/\",\"url\":\"https:\/\/www.mpppst.gob.ve\/mpppstweb\/index.php\/2020\/09\/11\/salvador-allende-sinonimo-de-lucha-y-justicia-social\/\",\"name\":\"Salvador Allende, sin\u00f3nimo de lucha y justicia social. - MPPPST\",\"isPartOf\":{\"@id\":\"https:\/\/www.mpppst.gob.ve\/mpppstweb\/#website\"},\"primaryImageOfPage\":{\"@id\":\"https:\/\/www.mpppst.gob.ve\/mpppstweb\/index.php\/2020\/09\/11\/salvador-allende-sinonimo-de-lucha-y-justicia-social\/#primaryimage\"},\"image\":{\"@id\":\"https:\/\/www.mpppst.gob.ve\/mpppstweb\/index.php\/2020\/09\/11\/salvador-allende-sinonimo-de-lucha-y-justicia-social\/#primaryimage\"},\"thumbnailUrl\":\"https:\/\/www.mpppst.gob.ve\/mpppstweb\/wp-content\/uploads\/2020\/09\/images-14.jpeg\",\"datePublished\":\"2020-09-11T13:29:01+00:00\",\"dateModified\":\"2020-09-11T13:29:05+00:00\",\"breadcrumb\":{\"@id\":\"https:\/\/www.mpppst.gob.ve\/mpppstweb\/index.php\/2020\/09\/11\/salvador-allende-sinonimo-de-lucha-y-justicia-social\/#breadcrumb\"},\"inLanguage\":\"es\",\"potentialAction\":[{\"@type\":\"ReadAction\",\"target\":[\"https:\/\/www.mpppst.gob.ve\/mpppstweb\/index.php\/2020\/09\/11\/salvador-allende-sinonimo-de-lucha-y-justicia-social\/\"]}]},{\"@type\":\"ImageObject\",\"inLanguage\":\"es\",\"@id\":\"https:\/\/www.mpppst.gob.ve\/mpppstweb\/index.php\/2020\/09\/11\/salvador-allende-sinonimo-de-lucha-y-justicia-social\/#primaryimage\",\"url\":\"https:\/\/www.mpppst.gob.ve\/mpppstweb\/wp-content\/uploads\/2020\/09\/images-14.jpeg\",\"contentUrl\":\"https:\/\/www.mpppst.gob.ve\/mpppstweb\/wp-content\/uploads\/2020\/09\/images-14.jpeg\",\"width\":266,\"height\":190},{\"@type\":\"BreadcrumbList\",\"@id\":\"https:\/\/www.mpppst.gob.ve\/mpppstweb\/index.php\/2020\/09\/11\/salvador-allende-sinonimo-de-lucha-y-justicia-social\/#breadcrumb\",\"itemListElement\":[{\"@type\":\"ListItem\",\"position\":1,\"name\":\"Home\",\"item\":\"https:\/\/www.mpppst.gob.ve\/mpppstweb\/\"},{\"@type\":\"ListItem\",\"position\":2,\"name\":\"Salvador Allende, sin\u00f3nimo de lucha y justicia social.\"}]},{\"@type\":\"WebSite\",\"@id\":\"https:\/\/www.mpppst.gob.ve\/mpppstweb\/#website\",\"url\":\"https:\/\/www.mpppst.gob.ve\/mpppstweb\/\",\"name\":\"MPPPST\",\"description\":\"Ministerio del Poder Popular para el Proceso Social de Trabajo\",\"publisher\":{\"@id\":\"https:\/\/www.mpppst.gob.ve\/mpppstweb\/#organization\"},\"potentialAction\":[{\"@type\":\"SearchAction\",\"target\":{\"@type\":\"EntryPoint\",\"urlTemplate\":\"https:\/\/www.mpppst.gob.ve\/mpppstweb\/?s={search_term_string}\"},\"query-input\":\"required name=search_term_string\"}],\"inLanguage\":\"es\"},{\"@type\":\"Organization\",\"@id\":\"https:\/\/www.mpppst.gob.ve\/mpppstweb\/#organization\",\"name\":\"mpppst\",\"url\":\"https:\/\/www.mpppst.gob.ve\/mpppstweb\/\",\"logo\":{\"@type\":\"ImageObject\",\"inLanguage\":\"es\",\"@id\":\"https:\/\/www.mpppst.gob.ve\/mpppstweb\/#\/schema\/logo\/image\/\",\"url\":\"https:\/\/www.mpppst.gob.ve\/mpppstweb\/wp-content\/uploads\/2025\/07\/cropped-cropped-g910.png\",\"contentUrl\":\"https:\/\/www.mpppst.gob.ve\/mpppstweb\/wp-content\/uploads\/2025\/07\/cropped-cropped-g910.png\",\"width\":1080,\"height\":241,\"caption\":\"mpppst\"},\"image\":{\"@id\":\"https:\/\/www.mpppst.gob.ve\/mpppstweb\/#\/schema\/logo\/image\/\"}},{\"@type\":\"Person\",\"@id\":\"https:\/\/www.mpppst.gob.ve\/mpppstweb\/#\/schema\/person\/fc187ee8ead412bd4c9304b62f900ea4\",\"name\":\"MPPPST Prensa\",\"url\":\"https:\/\/www.mpppst.gob.ve\/mpppstweb\/index.php\/author\/prensa-mpppst\/\"}]}<\/script>\n<!-- \/ Yoast SEO plugin. -->","yoast_head_json":{"title":"Salvador Allende, sin\u00f3nimo de lucha y justicia social. - MPPPST","robots":{"index":"index","follow":"follow","max-snippet":"max-snippet:-1","max-image-preview":"max-image-preview:large","max-video-preview":"max-video-preview:-1"},"canonical":"https:\/\/www.mpppst.gob.ve\/mpppstweb\/index.php\/2020\/09\/11\/salvador-allende-sinonimo-de-lucha-y-justicia-social\/","og_locale":"es_ES","og_type":"article","og_title":"Salvador Allende, sin\u00f3nimo de lucha y justicia social. - MPPPST","og_description":"(Prensa Min Trabajo 11.09.2020) El 11 de septiembre de 1973 fue vilmente asesinado el l\u00edder revolucionario &hellip; Salvador Allende, sin\u00f3nimo de lucha y justicia social.Read more","og_url":"https:\/\/www.mpppst.gob.ve\/mpppstweb\/index.php\/2020\/09\/11\/salvador-allende-sinonimo-de-lucha-y-justicia-social\/","og_site_name":"MPPPST","article_published_time":"2020-09-11T13:29:01+00:00","article_modified_time":"2020-09-11T13:29:05+00:00","og_image":[{"width":266,"height":190,"url":"https:\/\/www.mpppst.gob.ve\/mpppstweb\/wp-content\/uploads\/2020\/09\/images-14.jpeg","type":"image\/jpeg"}],"author":"MPPPST Prensa","twitter_card":"summary_large_image","twitter_misc":{"Escrito por":"MPPPST Prensa","Tiempo de lectura":"2 minutos"},"schema":{"@context":"https:\/\/schema.org","@graph":[{"@type":"Article","@id":"https:\/\/www.mpppst.gob.ve\/mpppstweb\/index.php\/2020\/09\/11\/salvador-allende-sinonimo-de-lucha-y-justicia-social\/#article","isPartOf":{"@id":"https:\/\/www.mpppst.gob.ve\/mpppstweb\/index.php\/2020\/09\/11\/salvador-allende-sinonimo-de-lucha-y-justicia-social\/"},"author":{"name":"MPPPST Prensa","@id":"https:\/\/www.mpppst.gob.ve\/mpppstweb\/#\/schema\/person\/fc187ee8ead412bd4c9304b62f900ea4"},"headline":"Salvador Allende, sin\u00f3nimo de lucha y justicia social.","datePublished":"2020-09-11T13:29:01+00:00","dateModified":"2020-09-11T13:29:05+00:00","mainEntityOfPage":{"@id":"https:\/\/www.mpppst.gob.ve\/mpppstweb\/index.php\/2020\/09\/11\/salvador-allende-sinonimo-de-lucha-y-justicia-social\/"},"wordCount":332,"publisher":{"@id":"https:\/\/www.mpppst.gob.ve\/mpppstweb\/#organization"},"image":{"@id":"https:\/\/www.mpppst.gob.ve\/mpppstweb\/index.php\/2020\/09\/11\/salvador-allende-sinonimo-de-lucha-y-justicia-social\/#primaryimage"},"thumbnailUrl":"https:\/\/www.mpppst.gob.ve\/mpppstweb\/wp-content\/uploads\/2020\/09\/images-14.jpeg","articleSection":["Movimientos Sociales","Noticias"],"inLanguage":"es"},{"@type":"WebPage","@id":"https:\/\/www.mpppst.gob.ve\/mpppstweb\/index.php\/2020\/09\/11\/salvador-allende-sinonimo-de-lucha-y-justicia-social\/","url":"https:\/\/www.mpppst.gob.ve\/mpppstweb\/index.php\/2020\/09\/11\/salvador-allende-sinonimo-de-lucha-y-justicia-social\/","name":"Salvador Allende, sin\u00f3nimo de lucha y justicia social. - MPPPST","isPartOf":{"@id":"https:\/\/www.mpppst.gob.ve\/mpppstweb\/#website"},"primaryImageOfPage":{"@id":"https:\/\/www.mpppst.gob.ve\/mpppstweb\/index.php\/2020\/09\/11\/salvador-allende-sinonimo-de-lucha-y-justicia-social\/#primaryimage"},"image":{"@id":"https:\/\/www.mpppst.gob.ve\/mpppstweb\/index.php\/2020\/09\/11\/salvador-allende-sinonimo-de-lucha-y-justicia-social\/#primaryimage"},"thumbnailUrl":"https:\/\/www.mpppst.gob.ve\/mpppstweb\/wp-content\/uploads\/2020\/09\/images-14.jpeg","datePublished":"2020-09-11T13:29:01+00:00","dateModified":"2020-09-11T13:29:05+00:00","breadcrumb":{"@id":"https:\/\/www.mpppst.gob.ve\/mpppstweb\/index.php\/2020\/09\/11\/salvador-allende-sinonimo-de-lucha-y-justicia-social\/#breadcrumb"},"inLanguage":"es","potentialAction":[{"@type":"ReadAction","target":["https:\/\/www.mpppst.gob.ve\/mpppstweb\/index.php\/2020\/09\/11\/salvador-allende-sinonimo-de-lucha-y-justicia-social\/"]}]},{"@type":"ImageObject","inLanguage":"es","@id":"https:\/\/www.mpppst.gob.ve\/mpppstweb\/index.php\/2020\/09\/11\/salvador-allende-sinonimo-de-lucha-y-justicia-social\/#primaryimage","url":"https:\/\/www.mpppst.gob.ve\/mpppstweb\/wp-content\/uploads\/2020\/09\/images-14.jpeg","contentUrl":"https:\/\/www.mpppst.gob.ve\/mpppstweb\/wp-content\/uploads\/2020\/09\/images-14.jpeg","width":266,"height":190},{"@type":"BreadcrumbList","@id":"https:\/\/www.mpppst.gob.ve\/mpppstweb\/index.php\/2020\/09\/11\/salvador-allende-sinonimo-de-lucha-y-justicia-social\/#breadcrumb","itemListElement":[{"@type":"ListItem","position":1,"name":"Home","item":"https:\/\/www.mpppst.gob.ve\/mpppstweb\/"},{"@type":"ListItem","position":2,"name":"Salvador Allende, sin\u00f3nimo de lucha y justicia social."}]},{"@type":"WebSite","@id":"https:\/\/www.mpppst.gob.ve\/mpppstweb\/#website","url":"https:\/\/www.mpppst.gob.ve\/mpppstweb\/","name":"MPPPST","description":"Ministerio del Poder Popular para el Proceso Social de Trabajo","publisher":{"@id":"https:\/\/www.mpppst.gob.ve\/mpppstweb\/#organization"},"potentialAction":[{"@type":"SearchAction","target":{"@type":"EntryPoint","urlTemplate":"https:\/\/www.mpppst.gob.ve\/mpppstweb\/?s={search_term_string}"},"query-input":"required name=search_term_string"}],"inLanguage":"es"},{"@type":"Organization","@id":"https:\/\/www.mpppst.gob.ve\/mpppstweb\/#organization","name":"mpppst","url":"https:\/\/www.mpppst.gob.ve\/mpppstweb\/","logo":{"@type":"ImageObject","inLanguage":"es","@id":"https:\/\/www.mpppst.gob.ve\/mpppstweb\/#\/schema\/logo\/image\/","url":"https:\/\/www.mpppst.gob.ve\/mpppstweb\/wp-content\/uploads\/2025\/07\/cropped-cropped-g910.png","contentUrl":"https:\/\/www.mpppst.gob.ve\/mpppstweb\/wp-content\/uploads\/2025\/07\/cropped-cropped-g910.png","width":1080,"height":241,"caption":"mpppst"},"image":{"@id":"https:\/\/www.mpppst.gob.ve\/mpppstweb\/#\/schema\/logo\/image\/"}},{"@type":"Person","@id":"https:\/\/www.mpppst.gob.ve\/mpppstweb\/#\/schema\/person\/fc187ee8ead412bd4c9304b62f900ea4","name":"MPPPST Prensa","url":"https:\/\/www.mpppst.gob.ve\/mpppstweb\/index.php\/author\/prensa-mpppst\/"}]}},"_links":{"self":[{"href":"https:\/\/www.mpppst.gob.ve\/mpppstweb\/index.php\/wp-json\/wp\/v2\/posts\/19856"}],"collection":[{"href":"https:\/\/www.mpppst.gob.ve\/mpppstweb\/index.php\/wp-json\/wp\/v2\/posts"}],"about":[{"href":"https:\/\/www.mpppst.gob.ve\/mpppstweb\/index.php\/wp-json\/wp\/v2\/types\/post"}],"author":[{"embeddable":true,"href":"https:\/\/www.mpppst.gob.ve\/mpppstweb\/index.php\/wp-json\/wp\/v2\/users\/25"}],"replies":[{"embeddable":true,"href":"https:\/\/www.mpppst.gob.ve\/mpppstweb\/index.php\/wp-json\/wp\/v2\/comments?post=19856"}],"version-history":[{"count":1,"href":"https:\/\/www.mpppst.gob.ve\/mpppstweb\/index.php\/wp-json\/wp\/v2\/posts\/19856\/revisions"}],"predecessor-version":[{"id":19866,"href":"https:\/\/www.mpppst.gob.ve\/mpppstweb\/index.php\/wp-json\/wp\/v2\/posts\/19856\/revisions\/19866"}],"wp:featuredmedia":[{"embeddable":true,"href":"https:\/\/www.mpppst.gob.ve\/mpppstweb\/index.php\/wp-json\/wp\/v2\/media\/19865"}],"wp:attachment":[{"href":"https:\/\/www.mpppst.gob.ve\/mpppstweb\/index.php\/wp-json\/wp\/v2\/media?parent=19856"}],"wp:term":[{"taxonomy":"category","embeddable":true,"href":"https:\/\/www.mpppst.gob.ve\/mpppstweb\/index.php\/wp-json\/wp\/v2\/categories?post=19856"},{"taxonomy":"post_tag","embeddable":true,"href":"https:\/\/www.mpppst.gob.ve\/mpppstweb\/index.php\/wp-json\/wp\/v2\/tags?post=19856"}],"curies":[{"name":"wp","href":"https:\/\/api.w.org\/{rel}","templated":true}]}}