{"id":19883,"date":"2020-09-14T11:33:44","date_gmt":"2020-09-14T15:33:44","guid":{"rendered":"http:\/\/www.mpppst.gob.ve\/mpppstweb\/?p=19883"},"modified":"2020-09-14T11:33:50","modified_gmt":"2020-09-14T15:33:50","slug":"rectora-d-amelio-cronograma-electoral-del-6d-avanza-satisfactoriamente-para-garantizar-derechos-politicos-en-pandemia","status":"publish","type":"post","link":"https:\/\/www.mpppst.gob.ve\/mpppstweb\/index.php\/2020\/09\/14\/rectora-d-amelio-cronograma-electoral-del-6d-avanza-satisfactoriamente-para-garantizar-derechos-politicos-en-pandemia\/","title":{"rendered":"Rectora D\u2019 Amelio: Cronograma electoral del 6D avanza satisfactoriamente para garantizar derechos pol\u00edticos en pandemia"},"content":{"rendered":"\n<p>Este domingo la rectora principal del&nbsp;<strong>Consejo Nacional Electoral (<a href=\"http:\/\/www.cne.gob.ve\/web\/index.php\">CNE<\/a>),<\/strong>&nbsp;Tania D\u2019 Amelio, detall\u00f3 que en&nbsp;Venezuela se est\u00e1 realizando un proceso electoral hist\u00f3rico en el cual, pese a la pandemia, &nbsp;el<strong>&nbsp;cronograma de actividades para las pr\u00f3ximas elecciones del 6 de diciembre<\/strong>,&nbsp;<strong>avanza de manera satisfactoria<\/strong>, arropado con el Plan de Bioseguridad implementado por el Gobierno Nacional, el cual tiene como objetivo garantizar la salud.<\/p>\n\n\n\n<p>Una vez que el cronograma fue aprobado por el Consejo Nacional Electoral, se han venido realizando varias actividades entre ellas las m\u00faltiples auditorias contempladas, \u201cde las 16 que se deben realizar hemos avanzado de manera satisfactoria con el acompa\u00f1amiento de las organizaciones con fines pol\u00edticos, que participan en este proceso\u201d, indic\u00f3 durante su intervenci\u00f3n en el programa La voz de la Pascua.<\/p>\n\n\n\n<p>La rectora afirm\u00f3 que ya se realiz\u00f3 la Auditoria del Sistema Automatizado de la Selecci\u00f3n de los Organismos Subalternos, igualmente la Auditoria del Registro Electoral, procesos que han contado con la presencia&nbsp; de las organizaciones con fines pol\u00edticos.<\/p>\n\n\n\n<p>\u201cNo hay auditor\u00eda que realice el CNE sin que est\u00e9n presentes las organizaciones con fines pol\u00edticos; de las 16 auditor\u00edas que est\u00e1n contempladas en el cronograma electoral ya se han venido realizando varias, y todas est\u00e1n con el debido acompa\u00f1amiento\u201d, subray\u00f3.<\/p>\n\n\n\n<p>De igual forma dio a conocer que desde el pr\u00f3ximo &nbsp;26 de septiembre hasta el 30 del mismo mes se efectuar\u00e1n las auditorias de datos. Indico que otras de las actividades que se han realizado son los Talleres de Financiamiento con las Organizaciones nacionales y regiones como se hizo en el caso del estado Gu\u00e1rico.<\/p>\n\n\n\n<p>D\u2019 Amelio, sostuvo quecada organizaci\u00f3n con fines pol\u00edticos, tiene que hacer su rendici\u00f3n de cuenta ante el CNE, sobre su proceso de campa\u00f1a, as\u00ed como la verificaci\u00f3n de la posici\u00f3n en boleta donde las Organizaciones con fines pol\u00edticos seleccionan exactamente en Boleta donde le corresponde estar su tarjeta.<\/p>\n\n\n\n<p>Asimismo, la rectora del CNE destac\u00f3 el Plan Integral de Bioseguridad del Poder Electoral que permite visualizar que todas las actividades est\u00e9n acompa\u00f1adas de un esquema&nbsp; que garantice al pueblo y a los agentes del Poder Electoral&nbsp; su salud, en medio de la pandemia por la&nbsp; COVID-19.<\/p>\n\n\n\n<p>La presidenta de la Comisi\u00f3n de Registro Civil y Electoral del CNE asever\u00f3 que a\u00fan faltan varias actividades contempladas en el cronograma electora; en este sentido, inform\u00f3 que en este momento se est\u00e1n realizando las Asambleas Comunitarias de los Pueblos Ind\u00edgenas, lo cual es algo hist\u00f3rico, ya que \u201cen este proceso electoral los ind\u00edgenas podr\u00e1n escoger ellos mismos a quien los representar\u00e1, en cada uno de esos 10 estados\u201d.<\/p>\n\n\n\n<p>Resalt\u00f3 que cada uno de los Pueblos Ind\u00edgenas&nbsp; escoger\u00e1n sus voceros, para luego realizar una Asamblea General, en la cual se lleve a cabo la escogencia de sus diputados.<\/p>\n\n\n\n<p>\u201cVenezuela est\u00e1 realizando un proceso hist\u00f3rico desde cualquier aspecto que lo observes y es importante que el pueblo lo sepa, en nuestro pa\u00eds es donde se lleva a cabo el proceso electoral m\u00e1s auditado y donde asisten todas las organizaciones que est\u00e1n participando\u201d, dijo D\u2019 Amelio.<\/p>\n","protected":false},"excerpt":{"rendered":"<p>Este domingo la rectora principal del&nbsp;Consejo Nacional Electoral (CNE),&nbsp;Tania D\u2019 Amelio, detall\u00f3 que en&nbsp;Venezuela se est\u00e1 &hellip; <a title=\"Rectora D\u2019 Amelio: Cronograma electoral del 6D avanza satisfactoriamente para garantizar derechos pol\u00edticos en pandemia\" class=\"hm-read-more\" href=\"https:\/\/www.mpppst.gob.ve\/mpppstweb\/index.php\/2020\/09\/14\/rectora-d-amelio-cronograma-electoral-del-6d-avanza-satisfactoriamente-para-garantizar-derechos-politicos-en-pandemia\/\"><span class=\"screen-reader-text\">Rectora D\u2019 Amelio: Cronograma electoral del 6D avanza satisfactoriamente para garantizar derechos pol\u00edticos en pandemia<\/span>Read more<\/a><\/p>\n","protected":false},"author":25,"featured_media":19884,"comment_status":"closed","ping_status":"closed","sticky":false,"template":"","format":"standard","meta":{"footnotes":""},"categories":[82,163],"tags":[],"yoast_head":"<!-- This site is optimized with the Yoast SEO plugin v22.5 - https:\/\/yoast.com\/wordpress\/plugins\/seo\/ -->\n<title>Rectora D\u2019 Amelio: Cronograma electoral del 6D avanza satisfactoriamente para garantizar derechos pol\u00edticos en pandemia - MPPPST<\/title>\n<meta name=\"robots\" content=\"index, follow, max-snippet:-1, max-image-preview:large, max-video-preview:-1\" \/>\n<link rel=\"canonical\" href=\"https:\/\/www.mpppst.gob.ve\/mpppstweb\/index.php\/2020\/09\/14\/rectora-d-amelio-cronograma-electoral-del-6d-avanza-satisfactoriamente-para-garantizar-derechos-politicos-en-pandemia\/\" \/>\n<meta property=\"og:locale\" content=\"es_ES\" \/>\n<meta property=\"og:type\" content=\"article\" \/>\n<meta property=\"og:title\" content=\"Rectora D\u2019 Amelio: Cronograma electoral del 6D avanza satisfactoriamente para garantizar derechos pol\u00edticos en pandemia - MPPPST\" \/>\n<meta property=\"og:description\" content=\"Este domingo la rectora principal del&nbsp;Consejo Nacional Electoral (CNE),&nbsp;Tania D\u2019 Amelio, detall\u00f3 que en&nbsp;Venezuela se est\u00e1 &hellip; Rectora D\u2019 Amelio: Cronograma electoral del 6D avanza satisfactoriamente para garantizar derechos pol\u00edticos en pandemiaRead more\" \/>\n<meta property=\"og:url\" content=\"https:\/\/www.mpppst.gob.ve\/mpppstweb\/index.php\/2020\/09\/14\/rectora-d-amelio-cronograma-electoral-del-6d-avanza-satisfactoriamente-para-garantizar-derechos-politicos-en-pandemia\/\" \/>\n<meta property=\"og:site_name\" content=\"MPPPST\" \/>\n<meta property=\"article:published_time\" content=\"2020-09-14T15:33:44+00:00\" \/>\n<meta property=\"article:modified_time\" content=\"2020-09-14T15:33:50+00:00\" \/>\n<meta property=\"og:image\" content=\"https:\/\/www.mpppst.gob.ve\/mpppstweb\/wp-content\/uploads\/2020\/09\/Tania-D-Amelio-768x427-1.jpg\" \/>\n\t<meta property=\"og:image:width\" content=\"768\" \/>\n\t<meta property=\"og:image:height\" content=\"427\" \/>\n\t<meta property=\"og:image:type\" content=\"image\/jpeg\" \/>\n<meta name=\"author\" content=\"MPPPST Prensa\" \/>\n<meta name=\"twitter:card\" content=\"summary_large_image\" \/>\n<meta name=\"twitter:label1\" content=\"Escrito por\" \/>\n\t<meta name=\"twitter:data1\" content=\"MPPPST Prensa\" \/>\n\t<meta name=\"twitter:label2\" content=\"Tiempo de lectura\" \/>\n\t<meta name=\"twitter:data2\" content=\"3 minutos\" \/>\n<script type=\"application\/ld+json\" class=\"yoast-schema-graph\">{\"@context\":\"https:\/\/schema.org\",\"@graph\":[{\"@type\":\"Article\",\"@id\":\"https:\/\/www.mpppst.gob.ve\/mpppstweb\/index.php\/2020\/09\/14\/rectora-d-amelio-cronograma-electoral-del-6d-avanza-satisfactoriamente-para-garantizar-derechos-politicos-en-pandemia\/#article\",\"isPartOf\":{\"@id\":\"https:\/\/www.mpppst.gob.ve\/mpppstweb\/index.php\/2020\/09\/14\/rectora-d-amelio-cronograma-electoral-del-6d-avanza-satisfactoriamente-para-garantizar-derechos-politicos-en-pandemia\/\"},\"author\":{\"name\":\"MPPPST Prensa\",\"@id\":\"https:\/\/www.mpppst.gob.ve\/mpppstweb\/#\/schema\/person\/fc187ee8ead412bd4c9304b62f900ea4\"},\"headline\":\"Rectora D\u2019 Amelio: Cronograma electoral del 6D avanza satisfactoriamente para garantizar derechos pol\u00edticos en pandemia\",\"datePublished\":\"2020-09-14T15:33:44+00:00\",\"dateModified\":\"2020-09-14T15:33:50+00:00\",\"mainEntityOfPage\":{\"@id\":\"https:\/\/www.mpppst.gob.ve\/mpppstweb\/index.php\/2020\/09\/14\/rectora-d-amelio-cronograma-electoral-del-6d-avanza-satisfactoriamente-para-garantizar-derechos-politicos-en-pandemia\/\"},\"wordCount\":563,\"publisher\":{\"@id\":\"https:\/\/www.mpppst.gob.ve\/mpppstweb\/#organization\"},\"image\":{\"@id\":\"https:\/\/www.mpppst.gob.ve\/mpppstweb\/index.php\/2020\/09\/14\/rectora-d-amelio-cronograma-electoral-del-6d-avanza-satisfactoriamente-para-garantizar-derechos-politicos-en-pandemia\/#primaryimage\"},\"thumbnailUrl\":\"https:\/\/www.mpppst.gob.ve\/mpppstweb\/wp-content\/uploads\/2020\/09\/Tania-D-Amelio-768x427-1.jpg\",\"articleSection\":[\"Gobierno Nacional\",\"Noticias\"],\"inLanguage\":\"es\"},{\"@type\":\"WebPage\",\"@id\":\"https:\/\/www.mpppst.gob.ve\/mpppstweb\/index.php\/2020\/09\/14\/rectora-d-amelio-cronograma-electoral-del-6d-avanza-satisfactoriamente-para-garantizar-derechos-politicos-en-pandemia\/\",\"url\":\"https:\/\/www.mpppst.gob.ve\/mpppstweb\/index.php\/2020\/09\/14\/rectora-d-amelio-cronograma-electoral-del-6d-avanza-satisfactoriamente-para-garantizar-derechos-politicos-en-pandemia\/\",\"name\":\"Rectora D\u2019 Amelio: Cronograma electoral del 6D avanza satisfactoriamente para garantizar derechos pol\u00edticos en pandemia - MPPPST\",\"isPartOf\":{\"@id\":\"https:\/\/www.mpppst.gob.ve\/mpppstweb\/#website\"},\"primaryImageOfPage\":{\"@id\":\"https:\/\/www.mpppst.gob.ve\/mpppstweb\/index.php\/2020\/09\/14\/rectora-d-amelio-cronograma-electoral-del-6d-avanza-satisfactoriamente-para-garantizar-derechos-politicos-en-pandemia\/#primaryimage\"},\"image\":{\"@id\":\"https:\/\/www.mpppst.gob.ve\/mpppstweb\/index.php\/2020\/09\/14\/rectora-d-amelio-cronograma-electoral-del-6d-avanza-satisfactoriamente-para-garantizar-derechos-politicos-en-pandemia\/#primaryimage\"},\"thumbnailUrl\":\"https:\/\/www.mpppst.gob.ve\/mpppstweb\/wp-content\/uploads\/2020\/09\/Tania-D-Amelio-768x427-1.jpg\",\"datePublished\":\"2020-09-14T15:33:44+00:00\",\"dateModified\":\"2020-09-14T15:33:50+00:00\",\"breadcrumb\":{\"@id\":\"https:\/\/www.mpppst.gob.ve\/mpppstweb\/index.php\/2020\/09\/14\/rectora-d-amelio-cronograma-electoral-del-6d-avanza-satisfactoriamente-para-garantizar-derechos-politicos-en-pandemia\/#breadcrumb\"},\"inLanguage\":\"es\",\"potentialAction\":[{\"@type\":\"ReadAction\",\"target\":[\"https:\/\/www.mpppst.gob.ve\/mpppstweb\/index.php\/2020\/09\/14\/rectora-d-amelio-cronograma-electoral-del-6d-avanza-satisfactoriamente-para-garantizar-derechos-politicos-en-pandemia\/\"]}]},{\"@type\":\"ImageObject\",\"inLanguage\":\"es\",\"@id\":\"https:\/\/www.mpppst.gob.ve\/mpppstweb\/index.php\/2020\/09\/14\/rectora-d-amelio-cronograma-electoral-del-6d-avanza-satisfactoriamente-para-garantizar-derechos-politicos-en-pandemia\/#primaryimage\",\"url\":\"https:\/\/www.mpppst.gob.ve\/mpppstweb\/wp-content\/uploads\/2020\/09\/Tania-D-Amelio-768x427-1.jpg\",\"contentUrl\":\"https:\/\/www.mpppst.gob.ve\/mpppstweb\/wp-content\/uploads\/2020\/09\/Tania-D-Amelio-768x427-1.jpg\",\"width\":768,\"height\":427},{\"@type\":\"BreadcrumbList\",\"@id\":\"https:\/\/www.mpppst.gob.ve\/mpppstweb\/index.php\/2020\/09\/14\/rectora-d-amelio-cronograma-electoral-del-6d-avanza-satisfactoriamente-para-garantizar-derechos-politicos-en-pandemia\/#breadcrumb\",\"itemListElement\":[{\"@type\":\"ListItem\",\"position\":1,\"name\":\"Home\",\"item\":\"https:\/\/www.mpppst.gob.ve\/mpppstweb\/\"},{\"@type\":\"ListItem\",\"position\":2,\"name\":\"Rectora D\u2019 Amelio: Cronograma electoral del 6D avanza satisfactoriamente para garantizar derechos pol\u00edticos en pandemia\"}]},{\"@type\":\"WebSite\",\"@id\":\"https:\/\/www.mpppst.gob.ve\/mpppstweb\/#website\",\"url\":\"https:\/\/www.mpppst.gob.ve\/mpppstweb\/\",\"name\":\"MPPPST\",\"description\":\"Ministerio del Poder Popular para el Proceso Social de Trabajo\",\"publisher\":{\"@id\":\"https:\/\/www.mpppst.gob.ve\/mpppstweb\/#organization\"},\"potentialAction\":[{\"@type\":\"SearchAction\",\"target\":{\"@type\":\"EntryPoint\",\"urlTemplate\":\"https:\/\/www.mpppst.gob.ve\/mpppstweb\/?s={search_term_string}\"},\"query-input\":\"required name=search_term_string\"}],\"inLanguage\":\"es\"},{\"@type\":\"Organization\",\"@id\":\"https:\/\/www.mpppst.gob.ve\/mpppstweb\/#organization\",\"name\":\"mpppst\",\"url\":\"https:\/\/www.mpppst.gob.ve\/mpppstweb\/\",\"logo\":{\"@type\":\"ImageObject\",\"inLanguage\":\"es\",\"@id\":\"https:\/\/www.mpppst.gob.ve\/mpppstweb\/#\/schema\/logo\/image\/\",\"url\":\"https:\/\/www.mpppst.gob.ve\/mpppstweb\/wp-content\/uploads\/2025\/07\/cropped-cropped-g910.png\",\"contentUrl\":\"https:\/\/www.mpppst.gob.ve\/mpppstweb\/wp-content\/uploads\/2025\/07\/cropped-cropped-g910.png\",\"width\":1080,\"height\":241,\"caption\":\"mpppst\"},\"image\":{\"@id\":\"https:\/\/www.mpppst.gob.ve\/mpppstweb\/#\/schema\/logo\/image\/\"}},{\"@type\":\"Person\",\"@id\":\"https:\/\/www.mpppst.gob.ve\/mpppstweb\/#\/schema\/person\/fc187ee8ead412bd4c9304b62f900ea4\",\"name\":\"MPPPST Prensa\",\"url\":\"https:\/\/www.mpppst.gob.ve\/mpppstweb\/index.php\/author\/prensa-mpppst\/\"}]}<\/script>\n<!-- \/ Yoast SEO plugin. -->","yoast_head_json":{"title":"Rectora D\u2019 Amelio: Cronograma electoral del 6D avanza satisfactoriamente para garantizar derechos pol\u00edticos en pandemia - MPPPST","robots":{"index":"index","follow":"follow","max-snippet":"max-snippet:-1","max-image-preview":"max-image-preview:large","max-video-preview":"max-video-preview:-1"},"canonical":"https:\/\/www.mpppst.gob.ve\/mpppstweb\/index.php\/2020\/09\/14\/rectora-d-amelio-cronograma-electoral-del-6d-avanza-satisfactoriamente-para-garantizar-derechos-politicos-en-pandemia\/","og_locale":"es_ES","og_type":"article","og_title":"Rectora D\u2019 Amelio: Cronograma electoral del 6D avanza satisfactoriamente para garantizar derechos pol\u00edticos en pandemia - MPPPST","og_description":"Este domingo la rectora principal del&nbsp;Consejo Nacional Electoral (CNE),&nbsp;Tania D\u2019 Amelio, detall\u00f3 que en&nbsp;Venezuela se est\u00e1 &hellip; Rectora D\u2019 Amelio: Cronograma electoral del 6D avanza satisfactoriamente para garantizar derechos pol\u00edticos en pandemiaRead more","og_url":"https:\/\/www.mpppst.gob.ve\/mpppstweb\/index.php\/2020\/09\/14\/rectora-d-amelio-cronograma-electoral-del-6d-avanza-satisfactoriamente-para-garantizar-derechos-politicos-en-pandemia\/","og_site_name":"MPPPST","article_published_time":"2020-09-14T15:33:44+00:00","article_modified_time":"2020-09-14T15:33:50+00:00","og_image":[{"width":768,"height":427,"url":"https:\/\/www.mpppst.gob.ve\/mpppstweb\/wp-content\/uploads\/2020\/09\/Tania-D-Amelio-768x427-1.jpg","type":"image\/jpeg"}],"author":"MPPPST Prensa","twitter_card":"summary_large_image","twitter_misc":{"Escrito por":"MPPPST Prensa","Tiempo de lectura":"3 minutos"},"schema":{"@context":"https:\/\/schema.org","@graph":[{"@type":"Article","@id":"https:\/\/www.mpppst.gob.ve\/mpppstweb\/index.php\/2020\/09\/14\/rectora-d-amelio-cronograma-electoral-del-6d-avanza-satisfactoriamente-para-garantizar-derechos-politicos-en-pandemia\/#article","isPartOf":{"@id":"https:\/\/www.mpppst.gob.ve\/mpppstweb\/index.php\/2020\/09\/14\/rectora-d-amelio-cronograma-electoral-del-6d-avanza-satisfactoriamente-para-garantizar-derechos-politicos-en-pandemia\/"},"author":{"name":"MPPPST Prensa","@id":"https:\/\/www.mpppst.gob.ve\/mpppstweb\/#\/schema\/person\/fc187ee8ead412bd4c9304b62f900ea4"},"headline":"Rectora D\u2019 Amelio: Cronograma electoral del 6D avanza satisfactoriamente para garantizar derechos pol\u00edticos en pandemia","datePublished":"2020-09-14T15:33:44+00:00","dateModified":"2020-09-14T15:33:50+00:00","mainEntityOfPage":{"@id":"https:\/\/www.mpppst.gob.ve\/mpppstweb\/index.php\/2020\/09\/14\/rectora-d-amelio-cronograma-electoral-del-6d-avanza-satisfactoriamente-para-garantizar-derechos-politicos-en-pandemia\/"},"wordCount":563,"publisher":{"@id":"https:\/\/www.mpppst.gob.ve\/mpppstweb\/#organization"},"image":{"@id":"https:\/\/www.mpppst.gob.ve\/mpppstweb\/index.php\/2020\/09\/14\/rectora-d-amelio-cronograma-electoral-del-6d-avanza-satisfactoriamente-para-garantizar-derechos-politicos-en-pandemia\/#primaryimage"},"thumbnailUrl":"https:\/\/www.mpppst.gob.ve\/mpppstweb\/wp-content\/uploads\/2020\/09\/Tania-D-Amelio-768x427-1.jpg","articleSection":["Gobierno Nacional","Noticias"],"inLanguage":"es"},{"@type":"WebPage","@id":"https:\/\/www.mpppst.gob.ve\/mpppstweb\/index.php\/2020\/09\/14\/rectora-d-amelio-cronograma-electoral-del-6d-avanza-satisfactoriamente-para-garantizar-derechos-politicos-en-pandemia\/","url":"https:\/\/www.mpppst.gob.ve\/mpppstweb\/index.php\/2020\/09\/14\/rectora-d-amelio-cronograma-electoral-del-6d-avanza-satisfactoriamente-para-garantizar-derechos-politicos-en-pandemia\/","name":"Rectora D\u2019 Amelio: Cronograma electoral del 6D avanza satisfactoriamente para garantizar derechos pol\u00edticos en pandemia - MPPPST","isPartOf":{"@id":"https:\/\/www.mpppst.gob.ve\/mpppstweb\/#website"},"primaryImageOfPage":{"@id":"https:\/\/www.mpppst.gob.ve\/mpppstweb\/index.php\/2020\/09\/14\/rectora-d-amelio-cronograma-electoral-del-6d-avanza-satisfactoriamente-para-garantizar-derechos-politicos-en-pandemia\/#primaryimage"},"image":{"@id":"https:\/\/www.mpppst.gob.ve\/mpppstweb\/index.php\/2020\/09\/14\/rectora-d-amelio-cronograma-electoral-del-6d-avanza-satisfactoriamente-para-garantizar-derechos-politicos-en-pandemia\/#primaryimage"},"thumbnailUrl":"https:\/\/www.mpppst.gob.ve\/mpppstweb\/wp-content\/uploads\/2020\/09\/Tania-D-Amelio-768x427-1.jpg","datePublished":"2020-09-14T15:33:44+00:00","dateModified":"2020-09-14T15:33:50+00:00","breadcrumb":{"@id":"https:\/\/www.mpppst.gob.ve\/mpppstweb\/index.php\/2020\/09\/14\/rectora-d-amelio-cronograma-electoral-del-6d-avanza-satisfactoriamente-para-garantizar-derechos-politicos-en-pandemia\/#breadcrumb"},"inLanguage":"es","potentialAction":[{"@type":"ReadAction","target":["https:\/\/www.mpppst.gob.ve\/mpppstweb\/index.php\/2020\/09\/14\/rectora-d-amelio-cronograma-electoral-del-6d-avanza-satisfactoriamente-para-garantizar-derechos-politicos-en-pandemia\/"]}]},{"@type":"ImageObject","inLanguage":"es","@id":"https:\/\/www.mpppst.gob.ve\/mpppstweb\/index.php\/2020\/09\/14\/rectora-d-amelio-cronograma-electoral-del-6d-avanza-satisfactoriamente-para-garantizar-derechos-politicos-en-pandemia\/#primaryimage","url":"https:\/\/www.mpppst.gob.ve\/mpppstweb\/wp-content\/uploads\/2020\/09\/Tania-D-Amelio-768x427-1.jpg","contentUrl":"https:\/\/www.mpppst.gob.ve\/mpppstweb\/wp-content\/uploads\/2020\/09\/Tania-D-Amelio-768x427-1.jpg","width":768,"height":427},{"@type":"BreadcrumbList","@id":"https:\/\/www.mpppst.gob.ve\/mpppstweb\/index.php\/2020\/09\/14\/rectora-d-amelio-cronograma-electoral-del-6d-avanza-satisfactoriamente-para-garantizar-derechos-politicos-en-pandemia\/#breadcrumb","itemListElement":[{"@type":"ListItem","position":1,"name":"Home","item":"https:\/\/www.mpppst.gob.ve\/mpppstweb\/"},{"@type":"ListItem","position":2,"name":"Rectora D\u2019 Amelio: Cronograma electoral del 6D avanza satisfactoriamente para garantizar derechos pol\u00edticos en pandemia"}]},{"@type":"WebSite","@id":"https:\/\/www.mpppst.gob.ve\/mpppstweb\/#website","url":"https:\/\/www.mpppst.gob.ve\/mpppstweb\/","name":"MPPPST","description":"Ministerio del Poder Popular para el Proceso Social de Trabajo","publisher":{"@id":"https:\/\/www.mpppst.gob.ve\/mpppstweb\/#organization"},"potentialAction":[{"@type":"SearchAction","target":{"@type":"EntryPoint","urlTemplate":"https:\/\/www.mpppst.gob.ve\/mpppstweb\/?s={search_term_string}"},"query-input":"required name=search_term_string"}],"inLanguage":"es"},{"@type":"Organization","@id":"https:\/\/www.mpppst.gob.ve\/mpppstweb\/#organization","name":"mpppst","url":"https:\/\/www.mpppst.gob.ve\/mpppstweb\/","logo":{"@type":"ImageObject","inLanguage":"es","@id":"https:\/\/www.mpppst.gob.ve\/mpppstweb\/#\/schema\/logo\/image\/","url":"https:\/\/www.mpppst.gob.ve\/mpppstweb\/wp-content\/uploads\/2025\/07\/cropped-cropped-g910.png","contentUrl":"https:\/\/www.mpppst.gob.ve\/mpppstweb\/wp-content\/uploads\/2025\/07\/cropped-cropped-g910.png","width":1080,"height":241,"caption":"mpppst"},"image":{"@id":"https:\/\/www.mpppst.gob.ve\/mpppstweb\/#\/schema\/logo\/image\/"}},{"@type":"Person","@id":"https:\/\/www.mpppst.gob.ve\/mpppstweb\/#\/schema\/person\/fc187ee8ead412bd4c9304b62f900ea4","name":"MPPPST Prensa","url":"https:\/\/www.mpppst.gob.ve\/mpppstweb\/index.php\/author\/prensa-mpppst\/"}]}},"_links":{"self":[{"href":"https:\/\/www.mpppst.gob.ve\/mpppstweb\/index.php\/wp-json\/wp\/v2\/posts\/19883"}],"collection":[{"href":"https:\/\/www.mpppst.gob.ve\/mpppstweb\/index.php\/wp-json\/wp\/v2\/posts"}],"about":[{"href":"https:\/\/www.mpppst.gob.ve\/mpppstweb\/index.php\/wp-json\/wp\/v2\/types\/post"}],"author":[{"embeddable":true,"href":"https:\/\/www.mpppst.gob.ve\/mpppstweb\/index.php\/wp-json\/wp\/v2\/users\/25"}],"replies":[{"embeddable":true,"href":"https:\/\/www.mpppst.gob.ve\/mpppstweb\/index.php\/wp-json\/wp\/v2\/comments?post=19883"}],"version-history":[{"count":1,"href":"https:\/\/www.mpppst.gob.ve\/mpppstweb\/index.php\/wp-json\/wp\/v2\/posts\/19883\/revisions"}],"predecessor-version":[{"id":19885,"href":"https:\/\/www.mpppst.gob.ve\/mpppstweb\/index.php\/wp-json\/wp\/v2\/posts\/19883\/revisions\/19885"}],"wp:featuredmedia":[{"embeddable":true,"href":"https:\/\/www.mpppst.gob.ve\/mpppstweb\/index.php\/wp-json\/wp\/v2\/media\/19884"}],"wp:attachment":[{"href":"https:\/\/www.mpppst.gob.ve\/mpppstweb\/index.php\/wp-json\/wp\/v2\/media?parent=19883"}],"wp:term":[{"taxonomy":"category","embeddable":true,"href":"https:\/\/www.mpppst.gob.ve\/mpppstweb\/index.php\/wp-json\/wp\/v2\/categories?post=19883"},{"taxonomy":"post_tag","embeddable":true,"href":"https:\/\/www.mpppst.gob.ve\/mpppstweb\/index.php\/wp-json\/wp\/v2\/tags?post=19883"}],"curies":[{"name":"wp","href":"https:\/\/api.w.org\/{rel}","templated":true}]}}