{"id":19886,"date":"2020-09-14T11:36:02","date_gmt":"2020-09-14T15:36:02","guid":{"rendered":"http:\/\/www.mpppst.gob.ve\/mpppstweb\/?p=19886"},"modified":"2020-09-14T11:36:03","modified_gmt":"2020-09-14T15:36:03","slug":"clases-en-venezuela-seran-no-presenciales-para-el-periodo-2020-2021","status":"publish","type":"post","link":"https:\/\/www.mpppst.gob.ve\/mpppstweb\/index.php\/2020\/09\/14\/clases-en-venezuela-seran-no-presenciales-para-el-periodo-2020-2021\/","title":{"rendered":"Clases en Venezuela ser\u00e1n no presenciales para el per\u00edodo 2020-2021"},"content":{"rendered":"\n<p>\u201cPor donde lo veamos, por donde lo mires y eval\u00faes, sin lugar a dudas el regreso presencial a clases no es favorable para el control de la pandemia, por eso no hay regreso presencial a clases y ya veremos en enero\u201d, anunci\u00f3 este domingo el Presidente&nbsp;<a href=\"https:\/\/mastodon.social\/@Nicolas_Maduro\">Nicol\u00e1s Maduro,&nbsp;<\/a>al decidir oficialmente que el nuevo per\u00edodo lectivo 2020-2021 &nbsp;se har\u00e1 de manera virtual.<\/p>\n\n\n\n<p>\u201cComo Presidente de la Rep\u00fablica, he decidido que no se har\u00e1 regreso a clases en forma presencial\u201d, dijo desde el Palacio de Miraflores, donde este domingo ofreci\u00f3 un balance de las&nbsp;<a href=\"https:\/\/www.vtv.gob.ve\/jefe-estado-creacion-centro-cientifico-nacional-ozono-1\/%20\">actividades de atenci\u00f3n de salud<\/a>&nbsp;en medio de la pandemia.<\/p>\n\n\n\n<p>Pidi\u00f3 al Vicepresidente Sectorial de Socialismo Territorial y ministro de Educaci\u00f3n, Arist\u00f3bulo Ist\u00fariz, y al titular de Educaci\u00f3n Universitaria, C\u00e9sar Tr\u00f3mpiz, a presentarle lo m\u00e1s pronto posible una propuesta o f\u00f3rmula para el reinicio del nuevo per\u00edodo escolar 2020-2021 con teleclases, m\u00e9todo en l\u00ednea a trav\u00e9s de las tecnolog\u00edas de informaci\u00f3n y comunicaci\u00f3n.<\/p>\n\n\n\n<p>El Jefe de Estado se\u00f1al\u00f3 que el Canal ViveTV, que hace 4 meses fue designado como medio televisivo para ser el epicentro de la educaci\u00f3n virtual en l\u00ednea en esta pandemia del Coronavirus, debe convertirse en un s\u00fapercanal. \u201cQuiero ver cambios en ViveTV, inmediatos, y se convierta en s\u00fapercanal, de calidad, pero ya. Han pasado 4 meses que di esa orden y dicen que est\u00e1n listos para ser un canal atractivo, moderno. Bueno, \u00a1vamos!, ViveTV jugar\u00e1 un papel fundamental en esta pandemia con las teleclases\u201d.<\/p>\n\n\n\n<p>El Ejecutivo Nacional evalu\u00f3 la situaci\u00f3n mundial en pa\u00edses donde se reiniciaron las clases presenciales, como Espa\u00f1a, Italia, Corea del Sur, EE.UU., y apenas dos semanas despu\u00e9s se incrementaron los contagios de virus y afectaciones de la salud p\u00fablica. Est\u00e1 claro que Venezuela debe aprovechar esta experiencia externa y evitar que ocurra lo mismo en el pa\u00eds.<\/p>\n\n\n\n<p>Dirigi\u00f3 un llamado a padres y madres que estaban muy nerviosos para mandar a sus hijos a las aulas de clases. \u201cNo se preocupen, vamos a mantener los servicios educativos del pa\u00eds v\u00eda on line y con teleclases\u201d.<\/p>\n","protected":false},"excerpt":{"rendered":"<p>\u201cPor donde lo veamos, por donde lo mires y eval\u00faes, sin lugar a dudas el regreso &hellip; <a title=\"Clases en Venezuela ser\u00e1n no presenciales para el per\u00edodo 2020-2021\" class=\"hm-read-more\" href=\"https:\/\/www.mpppst.gob.ve\/mpppstweb\/index.php\/2020\/09\/14\/clases-en-venezuela-seran-no-presenciales-para-el-periodo-2020-2021\/\"><span class=\"screen-reader-text\">Clases en Venezuela ser\u00e1n no presenciales para el per\u00edodo 2020-2021<\/span>Read more<\/a><\/p>\n","protected":false},"author":25,"featured_media":19887,"comment_status":"closed","ping_status":"closed","sticky":false,"template":"","format":"standard","meta":{"footnotes":""},"categories":[82,163],"tags":[],"yoast_head":"<!-- This site is optimized with the Yoast SEO plugin v22.5 - https:\/\/yoast.com\/wordpress\/plugins\/seo\/ -->\n<title>Clases en Venezuela ser\u00e1n no presenciales para el per\u00edodo 2020-2021 - MPPPST<\/title>\n<meta name=\"robots\" content=\"index, follow, max-snippet:-1, max-image-preview:large, max-video-preview:-1\" \/>\n<link rel=\"canonical\" href=\"https:\/\/www.mpppst.gob.ve\/mpppstweb\/index.php\/2020\/09\/14\/clases-en-venezuela-seran-no-presenciales-para-el-periodo-2020-2021\/\" \/>\n<meta property=\"og:locale\" content=\"es_ES\" \/>\n<meta property=\"og:type\" content=\"article\" \/>\n<meta property=\"og:title\" content=\"Clases en Venezuela ser\u00e1n no presenciales para el per\u00edodo 2020-2021 - MPPPST\" \/>\n<meta property=\"og:description\" content=\"\u201cPor donde lo veamos, por donde lo mires y eval\u00faes, sin lugar a dudas el regreso &hellip; Clases en Venezuela ser\u00e1n no presenciales para el per\u00edodo 2020-2021Read more\" \/>\n<meta property=\"og:url\" content=\"https:\/\/www.mpppst.gob.ve\/mpppstweb\/index.php\/2020\/09\/14\/clases-en-venezuela-seran-no-presenciales-para-el-periodo-2020-2021\/\" \/>\n<meta property=\"og:site_name\" content=\"MPPPST\" \/>\n<meta property=\"article:published_time\" content=\"2020-09-14T15:36:02+00:00\" \/>\n<meta property=\"article:modified_time\" content=\"2020-09-14T15:36:03+00:00\" \/>\n<meta property=\"og:image\" content=\"https:\/\/www.mpppst.gob.ve\/mpppstweb\/wp-content\/uploads\/2020\/09\/Eh1NdkaWAAM_PlP-768x427-1.jpg\" \/>\n\t<meta property=\"og:image:width\" content=\"768\" \/>\n\t<meta property=\"og:image:height\" content=\"427\" \/>\n\t<meta property=\"og:image:type\" content=\"image\/jpeg\" \/>\n<meta name=\"author\" content=\"MPPPST Prensa\" \/>\n<meta name=\"twitter:card\" content=\"summary_large_image\" \/>\n<meta name=\"twitter:label1\" content=\"Escrito por\" \/>\n\t<meta name=\"twitter:data1\" content=\"MPPPST Prensa\" \/>\n\t<meta name=\"twitter:label2\" content=\"Tiempo de lectura\" \/>\n\t<meta name=\"twitter:data2\" content=\"2 minutos\" \/>\n<script type=\"application\/ld+json\" class=\"yoast-schema-graph\">{\"@context\":\"https:\/\/schema.org\",\"@graph\":[{\"@type\":\"Article\",\"@id\":\"https:\/\/www.mpppst.gob.ve\/mpppstweb\/index.php\/2020\/09\/14\/clases-en-venezuela-seran-no-presenciales-para-el-periodo-2020-2021\/#article\",\"isPartOf\":{\"@id\":\"https:\/\/www.mpppst.gob.ve\/mpppstweb\/index.php\/2020\/09\/14\/clases-en-venezuela-seran-no-presenciales-para-el-periodo-2020-2021\/\"},\"author\":{\"name\":\"MPPPST Prensa\",\"@id\":\"https:\/\/www.mpppst.gob.ve\/mpppstweb\/#\/schema\/person\/fc187ee8ead412bd4c9304b62f900ea4\"},\"headline\":\"Clases en Venezuela ser\u00e1n no presenciales para el per\u00edodo 2020-2021\",\"datePublished\":\"2020-09-14T15:36:02+00:00\",\"dateModified\":\"2020-09-14T15:36:03+00:00\",\"mainEntityOfPage\":{\"@id\":\"https:\/\/www.mpppst.gob.ve\/mpppstweb\/index.php\/2020\/09\/14\/clases-en-venezuela-seran-no-presenciales-para-el-periodo-2020-2021\/\"},\"wordCount\":386,\"publisher\":{\"@id\":\"https:\/\/www.mpppst.gob.ve\/mpppstweb\/#organization\"},\"image\":{\"@id\":\"https:\/\/www.mpppst.gob.ve\/mpppstweb\/index.php\/2020\/09\/14\/clases-en-venezuela-seran-no-presenciales-para-el-periodo-2020-2021\/#primaryimage\"},\"thumbnailUrl\":\"https:\/\/www.mpppst.gob.ve\/mpppstweb\/wp-content\/uploads\/2020\/09\/Eh1NdkaWAAM_PlP-768x427-1.jpg\",\"articleSection\":[\"Gobierno Nacional\",\"Noticias\"],\"inLanguage\":\"es\"},{\"@type\":\"WebPage\",\"@id\":\"https:\/\/www.mpppst.gob.ve\/mpppstweb\/index.php\/2020\/09\/14\/clases-en-venezuela-seran-no-presenciales-para-el-periodo-2020-2021\/\",\"url\":\"https:\/\/www.mpppst.gob.ve\/mpppstweb\/index.php\/2020\/09\/14\/clases-en-venezuela-seran-no-presenciales-para-el-periodo-2020-2021\/\",\"name\":\"Clases en Venezuela ser\u00e1n no presenciales para el per\u00edodo 2020-2021 - MPPPST\",\"isPartOf\":{\"@id\":\"https:\/\/www.mpppst.gob.ve\/mpppstweb\/#website\"},\"primaryImageOfPage\":{\"@id\":\"https:\/\/www.mpppst.gob.ve\/mpppstweb\/index.php\/2020\/09\/14\/clases-en-venezuela-seran-no-presenciales-para-el-periodo-2020-2021\/#primaryimage\"},\"image\":{\"@id\":\"https:\/\/www.mpppst.gob.ve\/mpppstweb\/index.php\/2020\/09\/14\/clases-en-venezuela-seran-no-presenciales-para-el-periodo-2020-2021\/#primaryimage\"},\"thumbnailUrl\":\"https:\/\/www.mpppst.gob.ve\/mpppstweb\/wp-content\/uploads\/2020\/09\/Eh1NdkaWAAM_PlP-768x427-1.jpg\",\"datePublished\":\"2020-09-14T15:36:02+00:00\",\"dateModified\":\"2020-09-14T15:36:03+00:00\",\"breadcrumb\":{\"@id\":\"https:\/\/www.mpppst.gob.ve\/mpppstweb\/index.php\/2020\/09\/14\/clases-en-venezuela-seran-no-presenciales-para-el-periodo-2020-2021\/#breadcrumb\"},\"inLanguage\":\"es\",\"potentialAction\":[{\"@type\":\"ReadAction\",\"target\":[\"https:\/\/www.mpppst.gob.ve\/mpppstweb\/index.php\/2020\/09\/14\/clases-en-venezuela-seran-no-presenciales-para-el-periodo-2020-2021\/\"]}]},{\"@type\":\"ImageObject\",\"inLanguage\":\"es\",\"@id\":\"https:\/\/www.mpppst.gob.ve\/mpppstweb\/index.php\/2020\/09\/14\/clases-en-venezuela-seran-no-presenciales-para-el-periodo-2020-2021\/#primaryimage\",\"url\":\"https:\/\/www.mpppst.gob.ve\/mpppstweb\/wp-content\/uploads\/2020\/09\/Eh1NdkaWAAM_PlP-768x427-1.jpg\",\"contentUrl\":\"https:\/\/www.mpppst.gob.ve\/mpppstweb\/wp-content\/uploads\/2020\/09\/Eh1NdkaWAAM_PlP-768x427-1.jpg\",\"width\":768,\"height\":427},{\"@type\":\"BreadcrumbList\",\"@id\":\"https:\/\/www.mpppst.gob.ve\/mpppstweb\/index.php\/2020\/09\/14\/clases-en-venezuela-seran-no-presenciales-para-el-periodo-2020-2021\/#breadcrumb\",\"itemListElement\":[{\"@type\":\"ListItem\",\"position\":1,\"name\":\"Home\",\"item\":\"https:\/\/www.mpppst.gob.ve\/mpppstweb\/\"},{\"@type\":\"ListItem\",\"position\":2,\"name\":\"Clases en Venezuela ser\u00e1n no presenciales para el per\u00edodo 2020-2021\"}]},{\"@type\":\"WebSite\",\"@id\":\"https:\/\/www.mpppst.gob.ve\/mpppstweb\/#website\",\"url\":\"https:\/\/www.mpppst.gob.ve\/mpppstweb\/\",\"name\":\"MPPPST\",\"description\":\"Ministerio del Poder Popular para el Proceso Social de Trabajo\",\"publisher\":{\"@id\":\"https:\/\/www.mpppst.gob.ve\/mpppstweb\/#organization\"},\"potentialAction\":[{\"@type\":\"SearchAction\",\"target\":{\"@type\":\"EntryPoint\",\"urlTemplate\":\"https:\/\/www.mpppst.gob.ve\/mpppstweb\/?s={search_term_string}\"},\"query-input\":\"required name=search_term_string\"}],\"inLanguage\":\"es\"},{\"@type\":\"Organization\",\"@id\":\"https:\/\/www.mpppst.gob.ve\/mpppstweb\/#organization\",\"name\":\"mpppst\",\"url\":\"https:\/\/www.mpppst.gob.ve\/mpppstweb\/\",\"logo\":{\"@type\":\"ImageObject\",\"inLanguage\":\"es\",\"@id\":\"https:\/\/www.mpppst.gob.ve\/mpppstweb\/#\/schema\/logo\/image\/\",\"url\":\"https:\/\/www.mpppst.gob.ve\/mpppstweb\/wp-content\/uploads\/2025\/07\/cropped-cropped-g910.png\",\"contentUrl\":\"https:\/\/www.mpppst.gob.ve\/mpppstweb\/wp-content\/uploads\/2025\/07\/cropped-cropped-g910.png\",\"width\":1080,\"height\":241,\"caption\":\"mpppst\"},\"image\":{\"@id\":\"https:\/\/www.mpppst.gob.ve\/mpppstweb\/#\/schema\/logo\/image\/\"}},{\"@type\":\"Person\",\"@id\":\"https:\/\/www.mpppst.gob.ve\/mpppstweb\/#\/schema\/person\/fc187ee8ead412bd4c9304b62f900ea4\",\"name\":\"MPPPST Prensa\",\"url\":\"https:\/\/www.mpppst.gob.ve\/mpppstweb\/index.php\/author\/prensa-mpppst\/\"}]}<\/script>\n<!-- \/ Yoast SEO plugin. -->","yoast_head_json":{"title":"Clases en Venezuela ser\u00e1n no presenciales para el per\u00edodo 2020-2021 - MPPPST","robots":{"index":"index","follow":"follow","max-snippet":"max-snippet:-1","max-image-preview":"max-image-preview:large","max-video-preview":"max-video-preview:-1"},"canonical":"https:\/\/www.mpppst.gob.ve\/mpppstweb\/index.php\/2020\/09\/14\/clases-en-venezuela-seran-no-presenciales-para-el-periodo-2020-2021\/","og_locale":"es_ES","og_type":"article","og_title":"Clases en Venezuela ser\u00e1n no presenciales para el per\u00edodo 2020-2021 - MPPPST","og_description":"\u201cPor donde lo veamos, por donde lo mires y eval\u00faes, sin lugar a dudas el regreso &hellip; Clases en Venezuela ser\u00e1n no presenciales para el per\u00edodo 2020-2021Read more","og_url":"https:\/\/www.mpppst.gob.ve\/mpppstweb\/index.php\/2020\/09\/14\/clases-en-venezuela-seran-no-presenciales-para-el-periodo-2020-2021\/","og_site_name":"MPPPST","article_published_time":"2020-09-14T15:36:02+00:00","article_modified_time":"2020-09-14T15:36:03+00:00","og_image":[{"width":768,"height":427,"url":"https:\/\/www.mpppst.gob.ve\/mpppstweb\/wp-content\/uploads\/2020\/09\/Eh1NdkaWAAM_PlP-768x427-1.jpg","type":"image\/jpeg"}],"author":"MPPPST Prensa","twitter_card":"summary_large_image","twitter_misc":{"Escrito por":"MPPPST Prensa","Tiempo de lectura":"2 minutos"},"schema":{"@context":"https:\/\/schema.org","@graph":[{"@type":"Article","@id":"https:\/\/www.mpppst.gob.ve\/mpppstweb\/index.php\/2020\/09\/14\/clases-en-venezuela-seran-no-presenciales-para-el-periodo-2020-2021\/#article","isPartOf":{"@id":"https:\/\/www.mpppst.gob.ve\/mpppstweb\/index.php\/2020\/09\/14\/clases-en-venezuela-seran-no-presenciales-para-el-periodo-2020-2021\/"},"author":{"name":"MPPPST Prensa","@id":"https:\/\/www.mpppst.gob.ve\/mpppstweb\/#\/schema\/person\/fc187ee8ead412bd4c9304b62f900ea4"},"headline":"Clases en Venezuela ser\u00e1n no presenciales para el per\u00edodo 2020-2021","datePublished":"2020-09-14T15:36:02+00:00","dateModified":"2020-09-14T15:36:03+00:00","mainEntityOfPage":{"@id":"https:\/\/www.mpppst.gob.ve\/mpppstweb\/index.php\/2020\/09\/14\/clases-en-venezuela-seran-no-presenciales-para-el-periodo-2020-2021\/"},"wordCount":386,"publisher":{"@id":"https:\/\/www.mpppst.gob.ve\/mpppstweb\/#organization"},"image":{"@id":"https:\/\/www.mpppst.gob.ve\/mpppstweb\/index.php\/2020\/09\/14\/clases-en-venezuela-seran-no-presenciales-para-el-periodo-2020-2021\/#primaryimage"},"thumbnailUrl":"https:\/\/www.mpppst.gob.ve\/mpppstweb\/wp-content\/uploads\/2020\/09\/Eh1NdkaWAAM_PlP-768x427-1.jpg","articleSection":["Gobierno Nacional","Noticias"],"inLanguage":"es"},{"@type":"WebPage","@id":"https:\/\/www.mpppst.gob.ve\/mpppstweb\/index.php\/2020\/09\/14\/clases-en-venezuela-seran-no-presenciales-para-el-periodo-2020-2021\/","url":"https:\/\/www.mpppst.gob.ve\/mpppstweb\/index.php\/2020\/09\/14\/clases-en-venezuela-seran-no-presenciales-para-el-periodo-2020-2021\/","name":"Clases en Venezuela ser\u00e1n no presenciales para el per\u00edodo 2020-2021 - MPPPST","isPartOf":{"@id":"https:\/\/www.mpppst.gob.ve\/mpppstweb\/#website"},"primaryImageOfPage":{"@id":"https:\/\/www.mpppst.gob.ve\/mpppstweb\/index.php\/2020\/09\/14\/clases-en-venezuela-seran-no-presenciales-para-el-periodo-2020-2021\/#primaryimage"},"image":{"@id":"https:\/\/www.mpppst.gob.ve\/mpppstweb\/index.php\/2020\/09\/14\/clases-en-venezuela-seran-no-presenciales-para-el-periodo-2020-2021\/#primaryimage"},"thumbnailUrl":"https:\/\/www.mpppst.gob.ve\/mpppstweb\/wp-content\/uploads\/2020\/09\/Eh1NdkaWAAM_PlP-768x427-1.jpg","datePublished":"2020-09-14T15:36:02+00:00","dateModified":"2020-09-14T15:36:03+00:00","breadcrumb":{"@id":"https:\/\/www.mpppst.gob.ve\/mpppstweb\/index.php\/2020\/09\/14\/clases-en-venezuela-seran-no-presenciales-para-el-periodo-2020-2021\/#breadcrumb"},"inLanguage":"es","potentialAction":[{"@type":"ReadAction","target":["https:\/\/www.mpppst.gob.ve\/mpppstweb\/index.php\/2020\/09\/14\/clases-en-venezuela-seran-no-presenciales-para-el-periodo-2020-2021\/"]}]},{"@type":"ImageObject","inLanguage":"es","@id":"https:\/\/www.mpppst.gob.ve\/mpppstweb\/index.php\/2020\/09\/14\/clases-en-venezuela-seran-no-presenciales-para-el-periodo-2020-2021\/#primaryimage","url":"https:\/\/www.mpppst.gob.ve\/mpppstweb\/wp-content\/uploads\/2020\/09\/Eh1NdkaWAAM_PlP-768x427-1.jpg","contentUrl":"https:\/\/www.mpppst.gob.ve\/mpppstweb\/wp-content\/uploads\/2020\/09\/Eh1NdkaWAAM_PlP-768x427-1.jpg","width":768,"height":427},{"@type":"BreadcrumbList","@id":"https:\/\/www.mpppst.gob.ve\/mpppstweb\/index.php\/2020\/09\/14\/clases-en-venezuela-seran-no-presenciales-para-el-periodo-2020-2021\/#breadcrumb","itemListElement":[{"@type":"ListItem","position":1,"name":"Home","item":"https:\/\/www.mpppst.gob.ve\/mpppstweb\/"},{"@type":"ListItem","position":2,"name":"Clases en Venezuela ser\u00e1n no presenciales para el per\u00edodo 2020-2021"}]},{"@type":"WebSite","@id":"https:\/\/www.mpppst.gob.ve\/mpppstweb\/#website","url":"https:\/\/www.mpppst.gob.ve\/mpppstweb\/","name":"MPPPST","description":"Ministerio del Poder Popular para el Proceso Social de Trabajo","publisher":{"@id":"https:\/\/www.mpppst.gob.ve\/mpppstweb\/#organization"},"potentialAction":[{"@type":"SearchAction","target":{"@type":"EntryPoint","urlTemplate":"https:\/\/www.mpppst.gob.ve\/mpppstweb\/?s={search_term_string}"},"query-input":"required name=search_term_string"}],"inLanguage":"es"},{"@type":"Organization","@id":"https:\/\/www.mpppst.gob.ve\/mpppstweb\/#organization","name":"mpppst","url":"https:\/\/www.mpppst.gob.ve\/mpppstweb\/","logo":{"@type":"ImageObject","inLanguage":"es","@id":"https:\/\/www.mpppst.gob.ve\/mpppstweb\/#\/schema\/logo\/image\/","url":"https:\/\/www.mpppst.gob.ve\/mpppstweb\/wp-content\/uploads\/2025\/07\/cropped-cropped-g910.png","contentUrl":"https:\/\/www.mpppst.gob.ve\/mpppstweb\/wp-content\/uploads\/2025\/07\/cropped-cropped-g910.png","width":1080,"height":241,"caption":"mpppst"},"image":{"@id":"https:\/\/www.mpppst.gob.ve\/mpppstweb\/#\/schema\/logo\/image\/"}},{"@type":"Person","@id":"https:\/\/www.mpppst.gob.ve\/mpppstweb\/#\/schema\/person\/fc187ee8ead412bd4c9304b62f900ea4","name":"MPPPST Prensa","url":"https:\/\/www.mpppst.gob.ve\/mpppstweb\/index.php\/author\/prensa-mpppst\/"}]}},"_links":{"self":[{"href":"https:\/\/www.mpppst.gob.ve\/mpppstweb\/index.php\/wp-json\/wp\/v2\/posts\/19886"}],"collection":[{"href":"https:\/\/www.mpppst.gob.ve\/mpppstweb\/index.php\/wp-json\/wp\/v2\/posts"}],"about":[{"href":"https:\/\/www.mpppst.gob.ve\/mpppstweb\/index.php\/wp-json\/wp\/v2\/types\/post"}],"author":[{"embeddable":true,"href":"https:\/\/www.mpppst.gob.ve\/mpppstweb\/index.php\/wp-json\/wp\/v2\/users\/25"}],"replies":[{"embeddable":true,"href":"https:\/\/www.mpppst.gob.ve\/mpppstweb\/index.php\/wp-json\/wp\/v2\/comments?post=19886"}],"version-history":[{"count":1,"href":"https:\/\/www.mpppst.gob.ve\/mpppstweb\/index.php\/wp-json\/wp\/v2\/posts\/19886\/revisions"}],"predecessor-version":[{"id":19888,"href":"https:\/\/www.mpppst.gob.ve\/mpppstweb\/index.php\/wp-json\/wp\/v2\/posts\/19886\/revisions\/19888"}],"wp:featuredmedia":[{"embeddable":true,"href":"https:\/\/www.mpppst.gob.ve\/mpppstweb\/index.php\/wp-json\/wp\/v2\/media\/19887"}],"wp:attachment":[{"href":"https:\/\/www.mpppst.gob.ve\/mpppstweb\/index.php\/wp-json\/wp\/v2\/media?parent=19886"}],"wp:term":[{"taxonomy":"category","embeddable":true,"href":"https:\/\/www.mpppst.gob.ve\/mpppstweb\/index.php\/wp-json\/wp\/v2\/categories?post=19886"},{"taxonomy":"post_tag","embeddable":true,"href":"https:\/\/www.mpppst.gob.ve\/mpppstweb\/index.php\/wp-json\/wp\/v2\/tags?post=19886"}],"curies":[{"name":"wp","href":"https:\/\/api.w.org\/{rel}","templated":true}]}}