{"id":19889,"date":"2020-09-14T11:40:01","date_gmt":"2020-09-14T15:40:01","guid":{"rendered":"http:\/\/www.mpppst.gob.ve\/mpppstweb\/?p=19889"},"modified":"2020-09-14T11:40:04","modified_gmt":"2020-09-14T15:40:04","slug":"jefe-de-estado-decreta-creacion-de-centro-cientifico-nacional-del-ozono-para-desarrollo-de-tratamientos-medicos","status":"publish","type":"post","link":"https:\/\/www.mpppst.gob.ve\/mpppstweb\/index.php\/2020\/09\/14\/jefe-de-estado-decreta-creacion-de-centro-cientifico-nacional-del-ozono-para-desarrollo-de-tratamientos-medicos\/","title":{"rendered":"Jefe de Estado decreta creaci\u00f3n de Centro Cient\u00edfico Nacional del Ozono para desarrollo de tratamientos m\u00e9dicos"},"content":{"rendered":"\n<p>\u201cHe decidido fundar en Venezuela un Centro Cient\u00edfico Nacional del Ozono y todos sus usos de salud, que empezar\u00e1 a funcionar en su sede -que ya la tenemos- y adaptarla a su funcionamiento\u201d, inform\u00f3 este domingo el presidente&nbsp; de la Rep\u00fablica, Nicol\u00e1s Maduro Moros, para desarrollar en el pa\u00eds el nuevo m\u00e9todo cient\u00edfico que tiene m\u00e1s de 100 a\u00f1os de uso en el mundo.<\/p>\n\n\n\n<p>La firma del decreto se realiz\u00f3 en el Palacio de Miraflores, donde design\u00f3 al doctor&nbsp;<strong>Luis Fernando Ojeda Arenas<\/strong>&nbsp;como director del centro, quien adem\u00e1s es fundador de esta metodolog\u00eda en el pa\u00eds, oriundo de Carabobo y experto en las ciencias m\u00e9dicas y de la t\u00e9cnica del Ozono.<\/p>\n\n\n\n<p>El doctor Ojeda Arenas, presente en la actividad, agradeci\u00f3 la decisi\u00f3n presidencial y la confianza en esta terapia. Coment\u00f3 que desde hace 100 a\u00f1os se realizan investigaciones en este tema y desde hace medio siglo su uso se ha expandido para tratar afectaciones de salud.<\/p>\n\n\n\n<p>\u201cCreo que es un paso muy importante la creaci\u00f3n de este Centro para que Venezuela se difunda y conozca el uso de ozono en \u00e1rea m\u00e9dica y en esta situaci\u00f3n circunstancial del coronavirus\u201d, dijo.<\/p>\n\n\n\n<p>Cuatro funcionalidades tendr\u00e1 este centro:<\/p>\n\n\n\n<ul><li>1.- Aplicaci\u00f3n de la ozonoterapia en sus modalidades m\u00e9dicas<\/li><li>2.- Formaci\u00f3n e investigaci\u00f3n de la ozonoterapia<\/li><li>3.- Registro y certificaci\u00f3n de profesionales de la ozonoterapia<\/li><li>4.- Capacidad industrial para la ozonoterapia y producir todos sus derivados<\/li><\/ul>\n\n\n\n<p>El Jefe de Estado inform\u00f3 que Venezuela ha venido haciendo pruebas cl\u00ednicas con metodolog\u00eda de \u201cozonoterapia\u201d en el tratamiento de patolog\u00edas diversas. Como ejemplo, dijo que esta t\u00e9cnica utilizando el Ozono, permite curar patolog\u00edas de las v\u00edas digestivas, como gastritis y \u00falceras, entre otros beneficios.<\/p>\n\n\n\n<p>\u201cLo puedo decir: hemos avanzado sustancialmente y con toda la tecnolog\u00eda m\u00e9dica y cient\u00edfica del ozono, resultados muy entusiasmantes, importantes\u201d, expres\u00f3. Prensa VTV<\/p>\n\n\n\n<p><\/p>\n","protected":false},"excerpt":{"rendered":"<p>\u201cHe decidido fundar en Venezuela un Centro Cient\u00edfico Nacional del Ozono y todos sus usos de &hellip; <a title=\"Jefe de Estado decreta creaci\u00f3n de Centro Cient\u00edfico Nacional del Ozono para desarrollo de tratamientos m\u00e9dicos\" class=\"hm-read-more\" href=\"https:\/\/www.mpppst.gob.ve\/mpppstweb\/index.php\/2020\/09\/14\/jefe-de-estado-decreta-creacion-de-centro-cientifico-nacional-del-ozono-para-desarrollo-de-tratamientos-medicos\/\"><span class=\"screen-reader-text\">Jefe de Estado decreta creaci\u00f3n de Centro Cient\u00edfico Nacional del Ozono para desarrollo de tratamientos m\u00e9dicos<\/span>Read more<\/a><\/p>\n","protected":false},"author":25,"featured_media":19890,"comment_status":"closed","ping_status":"closed","sticky":false,"template":"","format":"standard","meta":{"footnotes":""},"categories":[82,163],"tags":[],"yoast_head":"<!-- This site is optimized with the Yoast SEO plugin v22.5 - https:\/\/yoast.com\/wordpress\/plugins\/seo\/ -->\n<title>Jefe de Estado decreta creaci\u00f3n de Centro Cient\u00edfico Nacional del Ozono para desarrollo de tratamientos m\u00e9dicos - MPPPST<\/title>\n<meta name=\"robots\" content=\"index, follow, max-snippet:-1, max-image-preview:large, max-video-preview:-1\" \/>\n<link rel=\"canonical\" href=\"https:\/\/www.mpppst.gob.ve\/mpppstweb\/index.php\/2020\/09\/14\/jefe-de-estado-decreta-creacion-de-centro-cientifico-nacional-del-ozono-para-desarrollo-de-tratamientos-medicos\/\" \/>\n<meta property=\"og:locale\" content=\"es_ES\" \/>\n<meta property=\"og:type\" content=\"article\" \/>\n<meta property=\"og:title\" content=\"Jefe de Estado decreta creaci\u00f3n de Centro Cient\u00edfico Nacional del Ozono para desarrollo de tratamientos m\u00e9dicos - MPPPST\" \/>\n<meta property=\"og:description\" content=\"\u201cHe decidido fundar en Venezuela un Centro Cient\u00edfico Nacional del Ozono y todos sus usos de &hellip; Jefe de Estado decreta creaci\u00f3n de Centro Cient\u00edfico Nacional del Ozono para desarrollo de tratamientos m\u00e9dicosRead more\" \/>\n<meta property=\"og:url\" content=\"https:\/\/www.mpppst.gob.ve\/mpppstweb\/index.php\/2020\/09\/14\/jefe-de-estado-decreta-creacion-de-centro-cientifico-nacional-del-ozono-para-desarrollo-de-tratamientos-medicos\/\" \/>\n<meta property=\"og:site_name\" content=\"MPPPST\" \/>\n<meta property=\"article:published_time\" content=\"2020-09-14T15:40:01+00:00\" \/>\n<meta property=\"article:modified_time\" content=\"2020-09-14T15:40:04+00:00\" \/>\n<meta property=\"og:image\" content=\"https:\/\/www.mpppst.gob.ve\/mpppstweb\/wp-content\/uploads\/2020\/09\/WhatsApp-Image-2020-09-13-at-5.47.56-PM-768x427-1.jpeg\" \/>\n\t<meta property=\"og:image:width\" content=\"768\" \/>\n\t<meta property=\"og:image:height\" content=\"427\" \/>\n\t<meta property=\"og:image:type\" content=\"image\/jpeg\" \/>\n<meta name=\"author\" content=\"MPPPST Prensa\" \/>\n<meta name=\"twitter:card\" content=\"summary_large_image\" \/>\n<meta name=\"twitter:label1\" content=\"Escrito por\" \/>\n\t<meta name=\"twitter:data1\" content=\"MPPPST Prensa\" \/>\n\t<meta name=\"twitter:label2\" content=\"Tiempo de lectura\" \/>\n\t<meta name=\"twitter:data2\" content=\"2 minutos\" \/>\n<script type=\"application\/ld+json\" class=\"yoast-schema-graph\">{\"@context\":\"https:\/\/schema.org\",\"@graph\":[{\"@type\":\"Article\",\"@id\":\"https:\/\/www.mpppst.gob.ve\/mpppstweb\/index.php\/2020\/09\/14\/jefe-de-estado-decreta-creacion-de-centro-cientifico-nacional-del-ozono-para-desarrollo-de-tratamientos-medicos\/#article\",\"isPartOf\":{\"@id\":\"https:\/\/www.mpppst.gob.ve\/mpppstweb\/index.php\/2020\/09\/14\/jefe-de-estado-decreta-creacion-de-centro-cientifico-nacional-del-ozono-para-desarrollo-de-tratamientos-medicos\/\"},\"author\":{\"name\":\"MPPPST Prensa\",\"@id\":\"https:\/\/www.mpppst.gob.ve\/mpppstweb\/#\/schema\/person\/fc187ee8ead412bd4c9304b62f900ea4\"},\"headline\":\"Jefe de Estado decreta creaci\u00f3n de Centro Cient\u00edfico Nacional del Ozono para desarrollo de tratamientos m\u00e9dicos\",\"datePublished\":\"2020-09-14T15:40:01+00:00\",\"dateModified\":\"2020-09-14T15:40:04+00:00\",\"mainEntityOfPage\":{\"@id\":\"https:\/\/www.mpppst.gob.ve\/mpppstweb\/index.php\/2020\/09\/14\/jefe-de-estado-decreta-creacion-de-centro-cientifico-nacional-del-ozono-para-desarrollo-de-tratamientos-medicos\/\"},\"wordCount\":352,\"publisher\":{\"@id\":\"https:\/\/www.mpppst.gob.ve\/mpppstweb\/#organization\"},\"image\":{\"@id\":\"https:\/\/www.mpppst.gob.ve\/mpppstweb\/index.php\/2020\/09\/14\/jefe-de-estado-decreta-creacion-de-centro-cientifico-nacional-del-ozono-para-desarrollo-de-tratamientos-medicos\/#primaryimage\"},\"thumbnailUrl\":\"https:\/\/www.mpppst.gob.ve\/mpppstweb\/wp-content\/uploads\/2020\/09\/WhatsApp-Image-2020-09-13-at-5.47.56-PM-768x427-1.jpeg\",\"articleSection\":[\"Gobierno Nacional\",\"Noticias\"],\"inLanguage\":\"es\"},{\"@type\":\"WebPage\",\"@id\":\"https:\/\/www.mpppst.gob.ve\/mpppstweb\/index.php\/2020\/09\/14\/jefe-de-estado-decreta-creacion-de-centro-cientifico-nacional-del-ozono-para-desarrollo-de-tratamientos-medicos\/\",\"url\":\"https:\/\/www.mpppst.gob.ve\/mpppstweb\/index.php\/2020\/09\/14\/jefe-de-estado-decreta-creacion-de-centro-cientifico-nacional-del-ozono-para-desarrollo-de-tratamientos-medicos\/\",\"name\":\"Jefe de Estado decreta creaci\u00f3n de Centro Cient\u00edfico Nacional del Ozono para desarrollo de tratamientos m\u00e9dicos - MPPPST\",\"isPartOf\":{\"@id\":\"https:\/\/www.mpppst.gob.ve\/mpppstweb\/#website\"},\"primaryImageOfPage\":{\"@id\":\"https:\/\/www.mpppst.gob.ve\/mpppstweb\/index.php\/2020\/09\/14\/jefe-de-estado-decreta-creacion-de-centro-cientifico-nacional-del-ozono-para-desarrollo-de-tratamientos-medicos\/#primaryimage\"},\"image\":{\"@id\":\"https:\/\/www.mpppst.gob.ve\/mpppstweb\/index.php\/2020\/09\/14\/jefe-de-estado-decreta-creacion-de-centro-cientifico-nacional-del-ozono-para-desarrollo-de-tratamientos-medicos\/#primaryimage\"},\"thumbnailUrl\":\"https:\/\/www.mpppst.gob.ve\/mpppstweb\/wp-content\/uploads\/2020\/09\/WhatsApp-Image-2020-09-13-at-5.47.56-PM-768x427-1.jpeg\",\"datePublished\":\"2020-09-14T15:40:01+00:00\",\"dateModified\":\"2020-09-14T15:40:04+00:00\",\"breadcrumb\":{\"@id\":\"https:\/\/www.mpppst.gob.ve\/mpppstweb\/index.php\/2020\/09\/14\/jefe-de-estado-decreta-creacion-de-centro-cientifico-nacional-del-ozono-para-desarrollo-de-tratamientos-medicos\/#breadcrumb\"},\"inLanguage\":\"es\",\"potentialAction\":[{\"@type\":\"ReadAction\",\"target\":[\"https:\/\/www.mpppst.gob.ve\/mpppstweb\/index.php\/2020\/09\/14\/jefe-de-estado-decreta-creacion-de-centro-cientifico-nacional-del-ozono-para-desarrollo-de-tratamientos-medicos\/\"]}]},{\"@type\":\"ImageObject\",\"inLanguage\":\"es\",\"@id\":\"https:\/\/www.mpppst.gob.ve\/mpppstweb\/index.php\/2020\/09\/14\/jefe-de-estado-decreta-creacion-de-centro-cientifico-nacional-del-ozono-para-desarrollo-de-tratamientos-medicos\/#primaryimage\",\"url\":\"https:\/\/www.mpppst.gob.ve\/mpppstweb\/wp-content\/uploads\/2020\/09\/WhatsApp-Image-2020-09-13-at-5.47.56-PM-768x427-1.jpeg\",\"contentUrl\":\"https:\/\/www.mpppst.gob.ve\/mpppstweb\/wp-content\/uploads\/2020\/09\/WhatsApp-Image-2020-09-13-at-5.47.56-PM-768x427-1.jpeg\",\"width\":768,\"height\":427},{\"@type\":\"BreadcrumbList\",\"@id\":\"https:\/\/www.mpppst.gob.ve\/mpppstweb\/index.php\/2020\/09\/14\/jefe-de-estado-decreta-creacion-de-centro-cientifico-nacional-del-ozono-para-desarrollo-de-tratamientos-medicos\/#breadcrumb\",\"itemListElement\":[{\"@type\":\"ListItem\",\"position\":1,\"name\":\"Home\",\"item\":\"https:\/\/www.mpppst.gob.ve\/mpppstweb\/\"},{\"@type\":\"ListItem\",\"position\":2,\"name\":\"Jefe de Estado decreta creaci\u00f3n de Centro Cient\u00edfico Nacional del Ozono para desarrollo de tratamientos m\u00e9dicos\"}]},{\"@type\":\"WebSite\",\"@id\":\"https:\/\/www.mpppst.gob.ve\/mpppstweb\/#website\",\"url\":\"https:\/\/www.mpppst.gob.ve\/mpppstweb\/\",\"name\":\"MPPPST\",\"description\":\"Ministerio del Poder Popular para el Proceso Social de Trabajo\",\"publisher\":{\"@id\":\"https:\/\/www.mpppst.gob.ve\/mpppstweb\/#organization\"},\"potentialAction\":[{\"@type\":\"SearchAction\",\"target\":{\"@type\":\"EntryPoint\",\"urlTemplate\":\"https:\/\/www.mpppst.gob.ve\/mpppstweb\/?s={search_term_string}\"},\"query-input\":\"required name=search_term_string\"}],\"inLanguage\":\"es\"},{\"@type\":\"Organization\",\"@id\":\"https:\/\/www.mpppst.gob.ve\/mpppstweb\/#organization\",\"name\":\"mpppst\",\"url\":\"https:\/\/www.mpppst.gob.ve\/mpppstweb\/\",\"logo\":{\"@type\":\"ImageObject\",\"inLanguage\":\"es\",\"@id\":\"https:\/\/www.mpppst.gob.ve\/mpppstweb\/#\/schema\/logo\/image\/\",\"url\":\"https:\/\/www.mpppst.gob.ve\/mpppstweb\/wp-content\/uploads\/2025\/07\/cropped-cropped-g910.png\",\"contentUrl\":\"https:\/\/www.mpppst.gob.ve\/mpppstweb\/wp-content\/uploads\/2025\/07\/cropped-cropped-g910.png\",\"width\":1080,\"height\":241,\"caption\":\"mpppst\"},\"image\":{\"@id\":\"https:\/\/www.mpppst.gob.ve\/mpppstweb\/#\/schema\/logo\/image\/\"}},{\"@type\":\"Person\",\"@id\":\"https:\/\/www.mpppst.gob.ve\/mpppstweb\/#\/schema\/person\/fc187ee8ead412bd4c9304b62f900ea4\",\"name\":\"MPPPST Prensa\",\"url\":\"https:\/\/www.mpppst.gob.ve\/mpppstweb\/index.php\/author\/prensa-mpppst\/\"}]}<\/script>\n<!-- \/ Yoast SEO plugin. -->","yoast_head_json":{"title":"Jefe de Estado decreta creaci\u00f3n de Centro Cient\u00edfico Nacional del Ozono para desarrollo de tratamientos m\u00e9dicos - MPPPST","robots":{"index":"index","follow":"follow","max-snippet":"max-snippet:-1","max-image-preview":"max-image-preview:large","max-video-preview":"max-video-preview:-1"},"canonical":"https:\/\/www.mpppst.gob.ve\/mpppstweb\/index.php\/2020\/09\/14\/jefe-de-estado-decreta-creacion-de-centro-cientifico-nacional-del-ozono-para-desarrollo-de-tratamientos-medicos\/","og_locale":"es_ES","og_type":"article","og_title":"Jefe de Estado decreta creaci\u00f3n de Centro Cient\u00edfico Nacional del Ozono para desarrollo de tratamientos m\u00e9dicos - MPPPST","og_description":"\u201cHe decidido fundar en Venezuela un Centro Cient\u00edfico Nacional del Ozono y todos sus usos de &hellip; Jefe de Estado decreta creaci\u00f3n de Centro Cient\u00edfico Nacional del Ozono para desarrollo de tratamientos m\u00e9dicosRead more","og_url":"https:\/\/www.mpppst.gob.ve\/mpppstweb\/index.php\/2020\/09\/14\/jefe-de-estado-decreta-creacion-de-centro-cientifico-nacional-del-ozono-para-desarrollo-de-tratamientos-medicos\/","og_site_name":"MPPPST","article_published_time":"2020-09-14T15:40:01+00:00","article_modified_time":"2020-09-14T15:40:04+00:00","og_image":[{"width":768,"height":427,"url":"https:\/\/www.mpppst.gob.ve\/mpppstweb\/wp-content\/uploads\/2020\/09\/WhatsApp-Image-2020-09-13-at-5.47.56-PM-768x427-1.jpeg","type":"image\/jpeg"}],"author":"MPPPST Prensa","twitter_card":"summary_large_image","twitter_misc":{"Escrito por":"MPPPST Prensa","Tiempo de lectura":"2 minutos"},"schema":{"@context":"https:\/\/schema.org","@graph":[{"@type":"Article","@id":"https:\/\/www.mpppst.gob.ve\/mpppstweb\/index.php\/2020\/09\/14\/jefe-de-estado-decreta-creacion-de-centro-cientifico-nacional-del-ozono-para-desarrollo-de-tratamientos-medicos\/#article","isPartOf":{"@id":"https:\/\/www.mpppst.gob.ve\/mpppstweb\/index.php\/2020\/09\/14\/jefe-de-estado-decreta-creacion-de-centro-cientifico-nacional-del-ozono-para-desarrollo-de-tratamientos-medicos\/"},"author":{"name":"MPPPST Prensa","@id":"https:\/\/www.mpppst.gob.ve\/mpppstweb\/#\/schema\/person\/fc187ee8ead412bd4c9304b62f900ea4"},"headline":"Jefe de Estado decreta creaci\u00f3n de Centro Cient\u00edfico Nacional del Ozono para desarrollo de tratamientos m\u00e9dicos","datePublished":"2020-09-14T15:40:01+00:00","dateModified":"2020-09-14T15:40:04+00:00","mainEntityOfPage":{"@id":"https:\/\/www.mpppst.gob.ve\/mpppstweb\/index.php\/2020\/09\/14\/jefe-de-estado-decreta-creacion-de-centro-cientifico-nacional-del-ozono-para-desarrollo-de-tratamientos-medicos\/"},"wordCount":352,"publisher":{"@id":"https:\/\/www.mpppst.gob.ve\/mpppstweb\/#organization"},"image":{"@id":"https:\/\/www.mpppst.gob.ve\/mpppstweb\/index.php\/2020\/09\/14\/jefe-de-estado-decreta-creacion-de-centro-cientifico-nacional-del-ozono-para-desarrollo-de-tratamientos-medicos\/#primaryimage"},"thumbnailUrl":"https:\/\/www.mpppst.gob.ve\/mpppstweb\/wp-content\/uploads\/2020\/09\/WhatsApp-Image-2020-09-13-at-5.47.56-PM-768x427-1.jpeg","articleSection":["Gobierno Nacional","Noticias"],"inLanguage":"es"},{"@type":"WebPage","@id":"https:\/\/www.mpppst.gob.ve\/mpppstweb\/index.php\/2020\/09\/14\/jefe-de-estado-decreta-creacion-de-centro-cientifico-nacional-del-ozono-para-desarrollo-de-tratamientos-medicos\/","url":"https:\/\/www.mpppst.gob.ve\/mpppstweb\/index.php\/2020\/09\/14\/jefe-de-estado-decreta-creacion-de-centro-cientifico-nacional-del-ozono-para-desarrollo-de-tratamientos-medicos\/","name":"Jefe de Estado decreta creaci\u00f3n de Centro Cient\u00edfico Nacional del Ozono para desarrollo de tratamientos m\u00e9dicos - MPPPST","isPartOf":{"@id":"https:\/\/www.mpppst.gob.ve\/mpppstweb\/#website"},"primaryImageOfPage":{"@id":"https:\/\/www.mpppst.gob.ve\/mpppstweb\/index.php\/2020\/09\/14\/jefe-de-estado-decreta-creacion-de-centro-cientifico-nacional-del-ozono-para-desarrollo-de-tratamientos-medicos\/#primaryimage"},"image":{"@id":"https:\/\/www.mpppst.gob.ve\/mpppstweb\/index.php\/2020\/09\/14\/jefe-de-estado-decreta-creacion-de-centro-cientifico-nacional-del-ozono-para-desarrollo-de-tratamientos-medicos\/#primaryimage"},"thumbnailUrl":"https:\/\/www.mpppst.gob.ve\/mpppstweb\/wp-content\/uploads\/2020\/09\/WhatsApp-Image-2020-09-13-at-5.47.56-PM-768x427-1.jpeg","datePublished":"2020-09-14T15:40:01+00:00","dateModified":"2020-09-14T15:40:04+00:00","breadcrumb":{"@id":"https:\/\/www.mpppst.gob.ve\/mpppstweb\/index.php\/2020\/09\/14\/jefe-de-estado-decreta-creacion-de-centro-cientifico-nacional-del-ozono-para-desarrollo-de-tratamientos-medicos\/#breadcrumb"},"inLanguage":"es","potentialAction":[{"@type":"ReadAction","target":["https:\/\/www.mpppst.gob.ve\/mpppstweb\/index.php\/2020\/09\/14\/jefe-de-estado-decreta-creacion-de-centro-cientifico-nacional-del-ozono-para-desarrollo-de-tratamientos-medicos\/"]}]},{"@type":"ImageObject","inLanguage":"es","@id":"https:\/\/www.mpppst.gob.ve\/mpppstweb\/index.php\/2020\/09\/14\/jefe-de-estado-decreta-creacion-de-centro-cientifico-nacional-del-ozono-para-desarrollo-de-tratamientos-medicos\/#primaryimage","url":"https:\/\/www.mpppst.gob.ve\/mpppstweb\/wp-content\/uploads\/2020\/09\/WhatsApp-Image-2020-09-13-at-5.47.56-PM-768x427-1.jpeg","contentUrl":"https:\/\/www.mpppst.gob.ve\/mpppstweb\/wp-content\/uploads\/2020\/09\/WhatsApp-Image-2020-09-13-at-5.47.56-PM-768x427-1.jpeg","width":768,"height":427},{"@type":"BreadcrumbList","@id":"https:\/\/www.mpppst.gob.ve\/mpppstweb\/index.php\/2020\/09\/14\/jefe-de-estado-decreta-creacion-de-centro-cientifico-nacional-del-ozono-para-desarrollo-de-tratamientos-medicos\/#breadcrumb","itemListElement":[{"@type":"ListItem","position":1,"name":"Home","item":"https:\/\/www.mpppst.gob.ve\/mpppstweb\/"},{"@type":"ListItem","position":2,"name":"Jefe de Estado decreta creaci\u00f3n de Centro Cient\u00edfico Nacional del Ozono para desarrollo de tratamientos m\u00e9dicos"}]},{"@type":"WebSite","@id":"https:\/\/www.mpppst.gob.ve\/mpppstweb\/#website","url":"https:\/\/www.mpppst.gob.ve\/mpppstweb\/","name":"MPPPST","description":"Ministerio del Poder Popular para el Proceso Social de Trabajo","publisher":{"@id":"https:\/\/www.mpppst.gob.ve\/mpppstweb\/#organization"},"potentialAction":[{"@type":"SearchAction","target":{"@type":"EntryPoint","urlTemplate":"https:\/\/www.mpppst.gob.ve\/mpppstweb\/?s={search_term_string}"},"query-input":"required name=search_term_string"}],"inLanguage":"es"},{"@type":"Organization","@id":"https:\/\/www.mpppst.gob.ve\/mpppstweb\/#organization","name":"mpppst","url":"https:\/\/www.mpppst.gob.ve\/mpppstweb\/","logo":{"@type":"ImageObject","inLanguage":"es","@id":"https:\/\/www.mpppst.gob.ve\/mpppstweb\/#\/schema\/logo\/image\/","url":"https:\/\/www.mpppst.gob.ve\/mpppstweb\/wp-content\/uploads\/2025\/07\/cropped-cropped-g910.png","contentUrl":"https:\/\/www.mpppst.gob.ve\/mpppstweb\/wp-content\/uploads\/2025\/07\/cropped-cropped-g910.png","width":1080,"height":241,"caption":"mpppst"},"image":{"@id":"https:\/\/www.mpppst.gob.ve\/mpppstweb\/#\/schema\/logo\/image\/"}},{"@type":"Person","@id":"https:\/\/www.mpppst.gob.ve\/mpppstweb\/#\/schema\/person\/fc187ee8ead412bd4c9304b62f900ea4","name":"MPPPST Prensa","url":"https:\/\/www.mpppst.gob.ve\/mpppstweb\/index.php\/author\/prensa-mpppst\/"}]}},"_links":{"self":[{"href":"https:\/\/www.mpppst.gob.ve\/mpppstweb\/index.php\/wp-json\/wp\/v2\/posts\/19889"}],"collection":[{"href":"https:\/\/www.mpppst.gob.ve\/mpppstweb\/index.php\/wp-json\/wp\/v2\/posts"}],"about":[{"href":"https:\/\/www.mpppst.gob.ve\/mpppstweb\/index.php\/wp-json\/wp\/v2\/types\/post"}],"author":[{"embeddable":true,"href":"https:\/\/www.mpppst.gob.ve\/mpppstweb\/index.php\/wp-json\/wp\/v2\/users\/25"}],"replies":[{"embeddable":true,"href":"https:\/\/www.mpppst.gob.ve\/mpppstweb\/index.php\/wp-json\/wp\/v2\/comments?post=19889"}],"version-history":[{"count":1,"href":"https:\/\/www.mpppst.gob.ve\/mpppstweb\/index.php\/wp-json\/wp\/v2\/posts\/19889\/revisions"}],"predecessor-version":[{"id":19891,"href":"https:\/\/www.mpppst.gob.ve\/mpppstweb\/index.php\/wp-json\/wp\/v2\/posts\/19889\/revisions\/19891"}],"wp:featuredmedia":[{"embeddable":true,"href":"https:\/\/www.mpppst.gob.ve\/mpppstweb\/index.php\/wp-json\/wp\/v2\/media\/19890"}],"wp:attachment":[{"href":"https:\/\/www.mpppst.gob.ve\/mpppstweb\/index.php\/wp-json\/wp\/v2\/media?parent=19889"}],"wp:term":[{"taxonomy":"category","embeddable":true,"href":"https:\/\/www.mpppst.gob.ve\/mpppstweb\/index.php\/wp-json\/wp\/v2\/categories?post=19889"},{"taxonomy":"post_tag","embeddable":true,"href":"https:\/\/www.mpppst.gob.ve\/mpppstweb\/index.php\/wp-json\/wp\/v2\/tags?post=19889"}],"curies":[{"name":"wp","href":"https:\/\/api.w.org\/{rel}","templated":true}]}}