{"id":19906,"date":"2020-09-15T09:14:52","date_gmt":"2020-09-15T13:14:52","guid":{"rendered":"http:\/\/www.mpppst.gob.ve\/mpppstweb\/?p=19906"},"modified":"2020-09-15T09:14:53","modified_gmt":"2020-09-15T13:14:53","slug":"venezuela-ratifica-compromiso-con-declaracion-de-la-cooperacion-de-la-opep-plus-como-unico-camino-para-restablecer-el-mercado-energetico-mundial","status":"publish","type":"post","link":"https:\/\/www.mpppst.gob.ve\/mpppstweb\/index.php\/2020\/09\/15\/venezuela-ratifica-compromiso-con-declaracion-de-la-cooperacion-de-la-opep-plus-como-unico-camino-para-restablecer-el-mercado-energetico-mundial\/","title":{"rendered":"Venezuela ratifica compromiso con Declaraci\u00f3n de la Cooperaci\u00f3n de la OPEP Plus como \u00fanico camino para restablecer el mercado energ\u00e9tico mundial"},"content":{"rendered":"\n<p>El ministro del Poder Popular para el Petr\u00f3leo, Tareck El Aissami reafirm\u00f3 este lunes, que Venezuela ratifica el compromiso con la Declaraci\u00f3n de la Cooperaci\u00f3n de la OPEP Plus como el \u00fanico camino para restablecer y reequilibrar el mercado energ\u00e9tico mundial.<\/p>\n\n\n\n<p>La reafirmaci\u00f3n la hizo a prop\u00f3sito de la Conmemoraci\u00f3n del 60 Aniversario de la Organizaci\u00f3n de Pa\u00edses Exportadores de Petr\u00f3leo (OPEP), acto que se celebra en la ciudad de Caracas, donde record\u00f3 que en el a\u00f1o 2015 y 2016 se experiment\u00f3 un desbalance del mercado petrolero, provocando una profunda ca\u00edda de los precios a nivel mundial, durante estos dos a\u00f1os Venezuela junto a otros pa\u00edses jugaron un papel fundamental para buscar un concenso entre los pa\u00edses OPEP e incorporar otros pa\u00edses productores no OPEP a un acuerdo de ajustes de producci\u00f3n, que permitiera balancear el mercado petrolero mundial, logr\u00e1ndose como hoy se conoce como la Declaraci\u00f3n de Cooperaci\u00f3n OPEP Plus.<\/p>\n\n\n\n<p>El Vicepresidente Sectorial de Econom\u00eda, detall\u00f3 que la Declaraci\u00f3n de Cooperaci\u00f3n OPEP Plus, la cual fue impulsada por el presidente Nicol\u00e1s Maduro y suscrita por 23 productores de petr\u00f3leo, 13 OPEP y m\u00e1s 10 no OPEP, se ha convertido en el mecanismo virtuoso para superar las dificultades, superar el equilibrio y alcanzar la estabilidad del mercado petrolero y de la econom\u00eda mundial, al tiempo que explic\u00f3, que la Declaraci\u00f3n de Cooperaci\u00f3n OPEP Plus, consolidar\u00e1 las bases del nuevo comienzo econ\u00f3mico mundial post pandemia.&nbsp;<\/p>\n\n\n\n<p>Ante la pandemia de la&nbsp;<strong>COVID-19<\/strong>, Tarek El Aissami exhort\u00f3 a tener una rigorosa y fortalecida OPEP adaptada a los cambios que se est\u00e1n experimentando a nivel global, para incrementar la capacidad de lucha de transformaci\u00f3n&nbsp; y seguir enfrentando con \u00e9xito los inmensos retos que se tiene por delante.<\/p>\n\n\n\n<p>Asimismo, destac\u00f3 que Venezuela acompa\u00f1a las iniciativas, la cual es una tarea fundamental, al tiempo que hizo \u00e9nfasis, en las propuestas que hoy hace Venezuela en el marco de la conmemoraci\u00f3n de los 60 a\u00f1os de la OPEP recalcando: la Universidad de la OPEP, el Banco de la OPEP y el Instituto de Investigaciones Cient\u00edfica y Tecnol\u00f3gica de la OPEP.<\/p>\n\n\n\n<p>Explic\u00f3 que estas son unas propuestas para contribuir al crecimiento compartido de las industrias para el bienestar de los pueblo del mundo, y estas instancia abrir\u00e1n el horizonte futuro energ\u00e9tica global.<\/p>\n\n\n\n<p>Recalc\u00f3 que el m\u00e1s grande desaf\u00edo que ha tenido que superar Venezuela, ha sido el bloqueo, los ataques sistem\u00e1ticos hacia la empresa petrolera, la medidas coercitivas y unilaterales por parte de Estados Unidos contra Venezuela, &nbsp;adem\u00e1s reconoci\u00f3 el trabajo incansable y el compromiso de los trabajadores petroleros y trabajadoras petroleras, que con su fuerza moral, dignidad y esp\u00edritu de lucha invencible han visto enfrentando todas las traiciones, agresiones y ataques a PDVSA.<\/p>\n\n\n\n<p>Hizo \u00e9nfasis en que Venezuela seguir\u00e1 al frente contribuyendo al fortalecimiento de la unidad de la OPEP y de la OPEP Plus, la cual es garant\u00eda del derecho alienable de los pueblos y de las naciones a la soberan\u00eda permanente.<\/p>\n\n\n\n<p>El vicepresidente sectorial de Econom\u00eda y ministro del Poder Popular para el Petr\u00f3leo, Tareck El Aissami, manifest\u00f3 que Venezuela reconoce el extraordinario trabajo que ha&nbsp; realizado Arabia Saudita y Rusia, al frente de la presidencia y de la copresidencia de la OPEP Plus, adem\u00e1s de Argelia al frente de la Conferencia de la OPEP y el invalorable trabajo del Secretario General de la OPEP, para lograr un di\u00e1logo de alto nivel entre todos los pa\u00edses productores OPEP y no OPEP.<\/p>\n\n\n\n<p>Resalt\u00f3, que la unidad lo hace todo y es por ello que hizo un llamado a conservar el Hermoso Principio del Libertador Sim\u00f3n Bol\u00edvar en el Congreso de Angostura de 1819 y que hoy los cobijan.<\/p>\n\n\n\n<p>\u201cEste precioso principio, es que el que sirvi\u00f3 de premisa para que un 14 de septiembre como hoy en 1960 en Bagdad, naciera la organizaci\u00f3n de la OPEP, como una estrategia liberadora y como un objetivo central, promover y ejecutar pol\u00edticas comunes, que contribuyan a la estabilizaci\u00f3n del mercado petrolero mundial\u201d, indic\u00f3.<\/p>\n\n\n\n<p>Hoy desde la ciudad de Caracas, la cuna del Libertador Sim\u00f3n Bol\u00edvar, Tarek El Aissami tambi\u00e9n record\u00f3 que fue precisamente aqu\u00ed donde se acord\u00f3 los estatutos de la OPEP pocos meses despu\u00e9s de su fundaci\u00f3n en enero de 1961.<\/p>\n\n\n\n<p>A\u00f1adi\u00f3, que en el a\u00f1o 2000 el visionario Comandante Hugo Ch\u00e1vez, impuls\u00f3 la segunda cumbre de Jefes de Estados de la OPEP con el objetivo de rescatar la funci\u00f3n esencial de unificaci\u00f3n de los pa\u00edses miembros, para retomar el camino que marc\u00f3 el nacimiento de esta importante organizaci\u00f3n.<\/p>\n\n\n\n<p>Record\u00f3 las palabras del Comandante Hugo Ch\u00e1vez a aquellos que de manera unilateral pretenden imponer sanciones criminales y reeditar los tiempos injustos del pasado, que no olviden ni subestimen el ind\u00f3mito esp\u00edritu libertario y combativo de los pueblo en defensa de las reservas estrat\u00e9gicas.<\/p>\n\n\n\n<p><strong><em>\u201cJusticia, solo justicia, no podemos permitir hermanos de la OPEP, que de nuevo como han ocurrido en otra \u00e9pocas de la historia, se nos se\u00f1ale como los culpables de un supuesto desequilibrio de la nueva econom\u00eda mundial, los culpables est\u00e1n en otra parte, nosotros somos m\u00e1s bien victimas del desequilibrio de las econom\u00edas del mundo, no somos culpables, los culpables est\u00e1n en otra parte\u201d, Hugo Ch\u00e1vez.<\/em><\/strong><\/p>\n\n\n\n<p>Prensa Web VTV<\/p>\n","protected":false},"excerpt":{"rendered":"<p>El ministro del Poder Popular para el Petr\u00f3leo, Tareck El Aissami reafirm\u00f3 este lunes, que Venezuela &hellip; <a title=\"Venezuela ratifica compromiso con Declaraci\u00f3n de la Cooperaci\u00f3n de la OPEP Plus como \u00fanico camino para restablecer el mercado energ\u00e9tico mundial\" class=\"hm-read-more\" href=\"https:\/\/www.mpppst.gob.ve\/mpppstweb\/index.php\/2020\/09\/15\/venezuela-ratifica-compromiso-con-declaracion-de-la-cooperacion-de-la-opep-plus-como-unico-camino-para-restablecer-el-mercado-energetico-mundial\/\"><span class=\"screen-reader-text\">Venezuela ratifica compromiso con Declaraci\u00f3n de la Cooperaci\u00f3n de la OPEP Plus como \u00fanico camino para restablecer el mercado energ\u00e9tico mundial<\/span>Read more<\/a><\/p>\n","protected":false},"author":25,"featured_media":19907,"comment_status":"closed","ping_status":"closed","sticky":false,"template":"","format":"standard","meta":{"footnotes":""},"categories":[82,163],"tags":[],"yoast_head":"<!-- This site is optimized with the Yoast SEO plugin v22.5 - https:\/\/yoast.com\/wordpress\/plugins\/seo\/ -->\n<title>Venezuela ratifica compromiso con Declaraci\u00f3n de la Cooperaci\u00f3n de la OPEP Plus como \u00fanico camino para restablecer el mercado energ\u00e9tico mundial - MPPPST<\/title>\n<meta name=\"robots\" content=\"index, follow, max-snippet:-1, max-image-preview:large, max-video-preview:-1\" \/>\n<link rel=\"canonical\" href=\"https:\/\/www.mpppst.gob.ve\/mpppstweb\/index.php\/2020\/09\/15\/venezuela-ratifica-compromiso-con-declaracion-de-la-cooperacion-de-la-opep-plus-como-unico-camino-para-restablecer-el-mercado-energetico-mundial\/\" \/>\n<meta property=\"og:locale\" content=\"es_ES\" \/>\n<meta property=\"og:type\" content=\"article\" \/>\n<meta property=\"og:title\" content=\"Venezuela ratifica compromiso con Declaraci\u00f3n de la Cooperaci\u00f3n de la OPEP Plus como \u00fanico camino para restablecer el mercado energ\u00e9tico mundial - MPPPST\" \/>\n<meta property=\"og:description\" content=\"El ministro del Poder Popular para el Petr\u00f3leo, Tareck El Aissami reafirm\u00f3 este lunes, que Venezuela &hellip; Venezuela ratifica compromiso con Declaraci\u00f3n de la Cooperaci\u00f3n de la OPEP Plus como \u00fanico camino para restablecer el mercado energ\u00e9tico mundialRead more\" \/>\n<meta property=\"og:url\" content=\"https:\/\/www.mpppst.gob.ve\/mpppstweb\/index.php\/2020\/09\/15\/venezuela-ratifica-compromiso-con-declaracion-de-la-cooperacion-de-la-opep-plus-como-unico-camino-para-restablecer-el-mercado-energetico-mundial\/\" \/>\n<meta property=\"og:site_name\" content=\"MPPPST\" \/>\n<meta property=\"article:published_time\" content=\"2020-09-15T13:14:52+00:00\" \/>\n<meta property=\"article:modified_time\" content=\"2020-09-15T13:14:53+00:00\" \/>\n<meta property=\"og:image\" content=\"https:\/\/www.mpppst.gob.ve\/mpppstweb\/wp-content\/uploads\/2020\/09\/Tareck-El-Aissami-768x427-1.jpg\" \/>\n\t<meta property=\"og:image:width\" content=\"768\" \/>\n\t<meta property=\"og:image:height\" content=\"427\" \/>\n\t<meta property=\"og:image:type\" content=\"image\/jpeg\" \/>\n<meta name=\"author\" content=\"MPPPST Prensa\" \/>\n<meta name=\"twitter:card\" content=\"summary_large_image\" \/>\n<meta name=\"twitter:label1\" content=\"Escrito por\" \/>\n\t<meta name=\"twitter:data1\" content=\"MPPPST Prensa\" \/>\n\t<meta name=\"twitter:label2\" content=\"Tiempo de lectura\" \/>\n\t<meta name=\"twitter:data2\" content=\"5 minutos\" \/>\n<script type=\"application\/ld+json\" class=\"yoast-schema-graph\">{\"@context\":\"https:\/\/schema.org\",\"@graph\":[{\"@type\":\"Article\",\"@id\":\"https:\/\/www.mpppst.gob.ve\/mpppstweb\/index.php\/2020\/09\/15\/venezuela-ratifica-compromiso-con-declaracion-de-la-cooperacion-de-la-opep-plus-como-unico-camino-para-restablecer-el-mercado-energetico-mundial\/#article\",\"isPartOf\":{\"@id\":\"https:\/\/www.mpppst.gob.ve\/mpppstweb\/index.php\/2020\/09\/15\/venezuela-ratifica-compromiso-con-declaracion-de-la-cooperacion-de-la-opep-plus-como-unico-camino-para-restablecer-el-mercado-energetico-mundial\/\"},\"author\":{\"name\":\"MPPPST Prensa\",\"@id\":\"https:\/\/www.mpppst.gob.ve\/mpppstweb\/#\/schema\/person\/fc187ee8ead412bd4c9304b62f900ea4\"},\"headline\":\"Venezuela ratifica compromiso con Declaraci\u00f3n de la Cooperaci\u00f3n de la OPEP Plus como \u00fanico camino para restablecer el mercado energ\u00e9tico mundial\",\"datePublished\":\"2020-09-15T13:14:52+00:00\",\"dateModified\":\"2020-09-15T13:14:53+00:00\",\"mainEntityOfPage\":{\"@id\":\"https:\/\/www.mpppst.gob.ve\/mpppstweb\/index.php\/2020\/09\/15\/venezuela-ratifica-compromiso-con-declaracion-de-la-cooperacion-de-la-opep-plus-como-unico-camino-para-restablecer-el-mercado-energetico-mundial\/\"},\"wordCount\":950,\"publisher\":{\"@id\":\"https:\/\/www.mpppst.gob.ve\/mpppstweb\/#organization\"},\"image\":{\"@id\":\"https:\/\/www.mpppst.gob.ve\/mpppstweb\/index.php\/2020\/09\/15\/venezuela-ratifica-compromiso-con-declaracion-de-la-cooperacion-de-la-opep-plus-como-unico-camino-para-restablecer-el-mercado-energetico-mundial\/#primaryimage\"},\"thumbnailUrl\":\"https:\/\/www.mpppst.gob.ve\/mpppstweb\/wp-content\/uploads\/2020\/09\/Tareck-El-Aissami-768x427-1.jpg\",\"articleSection\":[\"Gobierno Nacional\",\"Noticias\"],\"inLanguage\":\"es\"},{\"@type\":\"WebPage\",\"@id\":\"https:\/\/www.mpppst.gob.ve\/mpppstweb\/index.php\/2020\/09\/15\/venezuela-ratifica-compromiso-con-declaracion-de-la-cooperacion-de-la-opep-plus-como-unico-camino-para-restablecer-el-mercado-energetico-mundial\/\",\"url\":\"https:\/\/www.mpppst.gob.ve\/mpppstweb\/index.php\/2020\/09\/15\/venezuela-ratifica-compromiso-con-declaracion-de-la-cooperacion-de-la-opep-plus-como-unico-camino-para-restablecer-el-mercado-energetico-mundial\/\",\"name\":\"Venezuela ratifica compromiso con Declaraci\u00f3n de la Cooperaci\u00f3n de la OPEP Plus como \u00fanico camino para restablecer el mercado energ\u00e9tico mundial - MPPPST\",\"isPartOf\":{\"@id\":\"https:\/\/www.mpppst.gob.ve\/mpppstweb\/#website\"},\"primaryImageOfPage\":{\"@id\":\"https:\/\/www.mpppst.gob.ve\/mpppstweb\/index.php\/2020\/09\/15\/venezuela-ratifica-compromiso-con-declaracion-de-la-cooperacion-de-la-opep-plus-como-unico-camino-para-restablecer-el-mercado-energetico-mundial\/#primaryimage\"},\"image\":{\"@id\":\"https:\/\/www.mpppst.gob.ve\/mpppstweb\/index.php\/2020\/09\/15\/venezuela-ratifica-compromiso-con-declaracion-de-la-cooperacion-de-la-opep-plus-como-unico-camino-para-restablecer-el-mercado-energetico-mundial\/#primaryimage\"},\"thumbnailUrl\":\"https:\/\/www.mpppst.gob.ve\/mpppstweb\/wp-content\/uploads\/2020\/09\/Tareck-El-Aissami-768x427-1.jpg\",\"datePublished\":\"2020-09-15T13:14:52+00:00\",\"dateModified\":\"2020-09-15T13:14:53+00:00\",\"breadcrumb\":{\"@id\":\"https:\/\/www.mpppst.gob.ve\/mpppstweb\/index.php\/2020\/09\/15\/venezuela-ratifica-compromiso-con-declaracion-de-la-cooperacion-de-la-opep-plus-como-unico-camino-para-restablecer-el-mercado-energetico-mundial\/#breadcrumb\"},\"inLanguage\":\"es\",\"potentialAction\":[{\"@type\":\"ReadAction\",\"target\":[\"https:\/\/www.mpppst.gob.ve\/mpppstweb\/index.php\/2020\/09\/15\/venezuela-ratifica-compromiso-con-declaracion-de-la-cooperacion-de-la-opep-plus-como-unico-camino-para-restablecer-el-mercado-energetico-mundial\/\"]}]},{\"@type\":\"ImageObject\",\"inLanguage\":\"es\",\"@id\":\"https:\/\/www.mpppst.gob.ve\/mpppstweb\/index.php\/2020\/09\/15\/venezuela-ratifica-compromiso-con-declaracion-de-la-cooperacion-de-la-opep-plus-como-unico-camino-para-restablecer-el-mercado-energetico-mundial\/#primaryimage\",\"url\":\"https:\/\/www.mpppst.gob.ve\/mpppstweb\/wp-content\/uploads\/2020\/09\/Tareck-El-Aissami-768x427-1.jpg\",\"contentUrl\":\"https:\/\/www.mpppst.gob.ve\/mpppstweb\/wp-content\/uploads\/2020\/09\/Tareck-El-Aissami-768x427-1.jpg\",\"width\":768,\"height\":427},{\"@type\":\"BreadcrumbList\",\"@id\":\"https:\/\/www.mpppst.gob.ve\/mpppstweb\/index.php\/2020\/09\/15\/venezuela-ratifica-compromiso-con-declaracion-de-la-cooperacion-de-la-opep-plus-como-unico-camino-para-restablecer-el-mercado-energetico-mundial\/#breadcrumb\",\"itemListElement\":[{\"@type\":\"ListItem\",\"position\":1,\"name\":\"Home\",\"item\":\"https:\/\/www.mpppst.gob.ve\/mpppstweb\/\"},{\"@type\":\"ListItem\",\"position\":2,\"name\":\"Venezuela ratifica compromiso con Declaraci\u00f3n de la Cooperaci\u00f3n de la OPEP Plus como \u00fanico camino para restablecer el mercado energ\u00e9tico mundial\"}]},{\"@type\":\"WebSite\",\"@id\":\"https:\/\/www.mpppst.gob.ve\/mpppstweb\/#website\",\"url\":\"https:\/\/www.mpppst.gob.ve\/mpppstweb\/\",\"name\":\"MPPPST\",\"description\":\"Ministerio del Poder Popular para el Proceso Social de Trabajo\",\"publisher\":{\"@id\":\"https:\/\/www.mpppst.gob.ve\/mpppstweb\/#organization\"},\"potentialAction\":[{\"@type\":\"SearchAction\",\"target\":{\"@type\":\"EntryPoint\",\"urlTemplate\":\"https:\/\/www.mpppst.gob.ve\/mpppstweb\/?s={search_term_string}\"},\"query-input\":\"required name=search_term_string\"}],\"inLanguage\":\"es\"},{\"@type\":\"Organization\",\"@id\":\"https:\/\/www.mpppst.gob.ve\/mpppstweb\/#organization\",\"name\":\"mpppst\",\"url\":\"https:\/\/www.mpppst.gob.ve\/mpppstweb\/\",\"logo\":{\"@type\":\"ImageObject\",\"inLanguage\":\"es\",\"@id\":\"https:\/\/www.mpppst.gob.ve\/mpppstweb\/#\/schema\/logo\/image\/\",\"url\":\"https:\/\/www.mpppst.gob.ve\/mpppstweb\/wp-content\/uploads\/2025\/07\/cropped-cropped-g910.png\",\"contentUrl\":\"https:\/\/www.mpppst.gob.ve\/mpppstweb\/wp-content\/uploads\/2025\/07\/cropped-cropped-g910.png\",\"width\":1080,\"height\":241,\"caption\":\"mpppst\"},\"image\":{\"@id\":\"https:\/\/www.mpppst.gob.ve\/mpppstweb\/#\/schema\/logo\/image\/\"}},{\"@type\":\"Person\",\"@id\":\"https:\/\/www.mpppst.gob.ve\/mpppstweb\/#\/schema\/person\/fc187ee8ead412bd4c9304b62f900ea4\",\"name\":\"MPPPST Prensa\",\"url\":\"https:\/\/www.mpppst.gob.ve\/mpppstweb\/index.php\/author\/prensa-mpppst\/\"}]}<\/script>\n<!-- \/ Yoast SEO plugin. -->","yoast_head_json":{"title":"Venezuela ratifica compromiso con Declaraci\u00f3n de la Cooperaci\u00f3n de la OPEP Plus como \u00fanico camino para restablecer el mercado energ\u00e9tico mundial - MPPPST","robots":{"index":"index","follow":"follow","max-snippet":"max-snippet:-1","max-image-preview":"max-image-preview:large","max-video-preview":"max-video-preview:-1"},"canonical":"https:\/\/www.mpppst.gob.ve\/mpppstweb\/index.php\/2020\/09\/15\/venezuela-ratifica-compromiso-con-declaracion-de-la-cooperacion-de-la-opep-plus-como-unico-camino-para-restablecer-el-mercado-energetico-mundial\/","og_locale":"es_ES","og_type":"article","og_title":"Venezuela ratifica compromiso con Declaraci\u00f3n de la Cooperaci\u00f3n de la OPEP Plus como \u00fanico camino para restablecer el mercado energ\u00e9tico mundial - MPPPST","og_description":"El ministro del Poder Popular para el Petr\u00f3leo, Tareck El Aissami reafirm\u00f3 este lunes, que Venezuela &hellip; Venezuela ratifica compromiso con Declaraci\u00f3n de la Cooperaci\u00f3n de la OPEP Plus como \u00fanico camino para restablecer el mercado energ\u00e9tico mundialRead more","og_url":"https:\/\/www.mpppst.gob.ve\/mpppstweb\/index.php\/2020\/09\/15\/venezuela-ratifica-compromiso-con-declaracion-de-la-cooperacion-de-la-opep-plus-como-unico-camino-para-restablecer-el-mercado-energetico-mundial\/","og_site_name":"MPPPST","article_published_time":"2020-09-15T13:14:52+00:00","article_modified_time":"2020-09-15T13:14:53+00:00","og_image":[{"width":768,"height":427,"url":"https:\/\/www.mpppst.gob.ve\/mpppstweb\/wp-content\/uploads\/2020\/09\/Tareck-El-Aissami-768x427-1.jpg","type":"image\/jpeg"}],"author":"MPPPST Prensa","twitter_card":"summary_large_image","twitter_misc":{"Escrito por":"MPPPST Prensa","Tiempo de lectura":"5 minutos"},"schema":{"@context":"https:\/\/schema.org","@graph":[{"@type":"Article","@id":"https:\/\/www.mpppst.gob.ve\/mpppstweb\/index.php\/2020\/09\/15\/venezuela-ratifica-compromiso-con-declaracion-de-la-cooperacion-de-la-opep-plus-como-unico-camino-para-restablecer-el-mercado-energetico-mundial\/#article","isPartOf":{"@id":"https:\/\/www.mpppst.gob.ve\/mpppstweb\/index.php\/2020\/09\/15\/venezuela-ratifica-compromiso-con-declaracion-de-la-cooperacion-de-la-opep-plus-como-unico-camino-para-restablecer-el-mercado-energetico-mundial\/"},"author":{"name":"MPPPST Prensa","@id":"https:\/\/www.mpppst.gob.ve\/mpppstweb\/#\/schema\/person\/fc187ee8ead412bd4c9304b62f900ea4"},"headline":"Venezuela ratifica compromiso con Declaraci\u00f3n de la Cooperaci\u00f3n de la OPEP Plus como \u00fanico camino para restablecer el mercado energ\u00e9tico mundial","datePublished":"2020-09-15T13:14:52+00:00","dateModified":"2020-09-15T13:14:53+00:00","mainEntityOfPage":{"@id":"https:\/\/www.mpppst.gob.ve\/mpppstweb\/index.php\/2020\/09\/15\/venezuela-ratifica-compromiso-con-declaracion-de-la-cooperacion-de-la-opep-plus-como-unico-camino-para-restablecer-el-mercado-energetico-mundial\/"},"wordCount":950,"publisher":{"@id":"https:\/\/www.mpppst.gob.ve\/mpppstweb\/#organization"},"image":{"@id":"https:\/\/www.mpppst.gob.ve\/mpppstweb\/index.php\/2020\/09\/15\/venezuela-ratifica-compromiso-con-declaracion-de-la-cooperacion-de-la-opep-plus-como-unico-camino-para-restablecer-el-mercado-energetico-mundial\/#primaryimage"},"thumbnailUrl":"https:\/\/www.mpppst.gob.ve\/mpppstweb\/wp-content\/uploads\/2020\/09\/Tareck-El-Aissami-768x427-1.jpg","articleSection":["Gobierno Nacional","Noticias"],"inLanguage":"es"},{"@type":"WebPage","@id":"https:\/\/www.mpppst.gob.ve\/mpppstweb\/index.php\/2020\/09\/15\/venezuela-ratifica-compromiso-con-declaracion-de-la-cooperacion-de-la-opep-plus-como-unico-camino-para-restablecer-el-mercado-energetico-mundial\/","url":"https:\/\/www.mpppst.gob.ve\/mpppstweb\/index.php\/2020\/09\/15\/venezuela-ratifica-compromiso-con-declaracion-de-la-cooperacion-de-la-opep-plus-como-unico-camino-para-restablecer-el-mercado-energetico-mundial\/","name":"Venezuela ratifica compromiso con Declaraci\u00f3n de la Cooperaci\u00f3n de la OPEP Plus como \u00fanico camino para restablecer el mercado energ\u00e9tico mundial - MPPPST","isPartOf":{"@id":"https:\/\/www.mpppst.gob.ve\/mpppstweb\/#website"},"primaryImageOfPage":{"@id":"https:\/\/www.mpppst.gob.ve\/mpppstweb\/index.php\/2020\/09\/15\/venezuela-ratifica-compromiso-con-declaracion-de-la-cooperacion-de-la-opep-plus-como-unico-camino-para-restablecer-el-mercado-energetico-mundial\/#primaryimage"},"image":{"@id":"https:\/\/www.mpppst.gob.ve\/mpppstweb\/index.php\/2020\/09\/15\/venezuela-ratifica-compromiso-con-declaracion-de-la-cooperacion-de-la-opep-plus-como-unico-camino-para-restablecer-el-mercado-energetico-mundial\/#primaryimage"},"thumbnailUrl":"https:\/\/www.mpppst.gob.ve\/mpppstweb\/wp-content\/uploads\/2020\/09\/Tareck-El-Aissami-768x427-1.jpg","datePublished":"2020-09-15T13:14:52+00:00","dateModified":"2020-09-15T13:14:53+00:00","breadcrumb":{"@id":"https:\/\/www.mpppst.gob.ve\/mpppstweb\/index.php\/2020\/09\/15\/venezuela-ratifica-compromiso-con-declaracion-de-la-cooperacion-de-la-opep-plus-como-unico-camino-para-restablecer-el-mercado-energetico-mundial\/#breadcrumb"},"inLanguage":"es","potentialAction":[{"@type":"ReadAction","target":["https:\/\/www.mpppst.gob.ve\/mpppstweb\/index.php\/2020\/09\/15\/venezuela-ratifica-compromiso-con-declaracion-de-la-cooperacion-de-la-opep-plus-como-unico-camino-para-restablecer-el-mercado-energetico-mundial\/"]}]},{"@type":"ImageObject","inLanguage":"es","@id":"https:\/\/www.mpppst.gob.ve\/mpppstweb\/index.php\/2020\/09\/15\/venezuela-ratifica-compromiso-con-declaracion-de-la-cooperacion-de-la-opep-plus-como-unico-camino-para-restablecer-el-mercado-energetico-mundial\/#primaryimage","url":"https:\/\/www.mpppst.gob.ve\/mpppstweb\/wp-content\/uploads\/2020\/09\/Tareck-El-Aissami-768x427-1.jpg","contentUrl":"https:\/\/www.mpppst.gob.ve\/mpppstweb\/wp-content\/uploads\/2020\/09\/Tareck-El-Aissami-768x427-1.jpg","width":768,"height":427},{"@type":"BreadcrumbList","@id":"https:\/\/www.mpppst.gob.ve\/mpppstweb\/index.php\/2020\/09\/15\/venezuela-ratifica-compromiso-con-declaracion-de-la-cooperacion-de-la-opep-plus-como-unico-camino-para-restablecer-el-mercado-energetico-mundial\/#breadcrumb","itemListElement":[{"@type":"ListItem","position":1,"name":"Home","item":"https:\/\/www.mpppst.gob.ve\/mpppstweb\/"},{"@type":"ListItem","position":2,"name":"Venezuela ratifica compromiso con Declaraci\u00f3n de la Cooperaci\u00f3n de la OPEP Plus como \u00fanico camino para restablecer el mercado energ\u00e9tico mundial"}]},{"@type":"WebSite","@id":"https:\/\/www.mpppst.gob.ve\/mpppstweb\/#website","url":"https:\/\/www.mpppst.gob.ve\/mpppstweb\/","name":"MPPPST","description":"Ministerio del Poder Popular para el Proceso Social de Trabajo","publisher":{"@id":"https:\/\/www.mpppst.gob.ve\/mpppstweb\/#organization"},"potentialAction":[{"@type":"SearchAction","target":{"@type":"EntryPoint","urlTemplate":"https:\/\/www.mpppst.gob.ve\/mpppstweb\/?s={search_term_string}"},"query-input":"required name=search_term_string"}],"inLanguage":"es"},{"@type":"Organization","@id":"https:\/\/www.mpppst.gob.ve\/mpppstweb\/#organization","name":"mpppst","url":"https:\/\/www.mpppst.gob.ve\/mpppstweb\/","logo":{"@type":"ImageObject","inLanguage":"es","@id":"https:\/\/www.mpppst.gob.ve\/mpppstweb\/#\/schema\/logo\/image\/","url":"https:\/\/www.mpppst.gob.ve\/mpppstweb\/wp-content\/uploads\/2025\/07\/cropped-cropped-g910.png","contentUrl":"https:\/\/www.mpppst.gob.ve\/mpppstweb\/wp-content\/uploads\/2025\/07\/cropped-cropped-g910.png","width":1080,"height":241,"caption":"mpppst"},"image":{"@id":"https:\/\/www.mpppst.gob.ve\/mpppstweb\/#\/schema\/logo\/image\/"}},{"@type":"Person","@id":"https:\/\/www.mpppst.gob.ve\/mpppstweb\/#\/schema\/person\/fc187ee8ead412bd4c9304b62f900ea4","name":"MPPPST Prensa","url":"https:\/\/www.mpppst.gob.ve\/mpppstweb\/index.php\/author\/prensa-mpppst\/"}]}},"_links":{"self":[{"href":"https:\/\/www.mpppst.gob.ve\/mpppstweb\/index.php\/wp-json\/wp\/v2\/posts\/19906"}],"collection":[{"href":"https:\/\/www.mpppst.gob.ve\/mpppstweb\/index.php\/wp-json\/wp\/v2\/posts"}],"about":[{"href":"https:\/\/www.mpppst.gob.ve\/mpppstweb\/index.php\/wp-json\/wp\/v2\/types\/post"}],"author":[{"embeddable":true,"href":"https:\/\/www.mpppst.gob.ve\/mpppstweb\/index.php\/wp-json\/wp\/v2\/users\/25"}],"replies":[{"embeddable":true,"href":"https:\/\/www.mpppst.gob.ve\/mpppstweb\/index.php\/wp-json\/wp\/v2\/comments?post=19906"}],"version-history":[{"count":1,"href":"https:\/\/www.mpppst.gob.ve\/mpppstweb\/index.php\/wp-json\/wp\/v2\/posts\/19906\/revisions"}],"predecessor-version":[{"id":19908,"href":"https:\/\/www.mpppst.gob.ve\/mpppstweb\/index.php\/wp-json\/wp\/v2\/posts\/19906\/revisions\/19908"}],"wp:featuredmedia":[{"embeddable":true,"href":"https:\/\/www.mpppst.gob.ve\/mpppstweb\/index.php\/wp-json\/wp\/v2\/media\/19907"}],"wp:attachment":[{"href":"https:\/\/www.mpppst.gob.ve\/mpppstweb\/index.php\/wp-json\/wp\/v2\/media?parent=19906"}],"wp:term":[{"taxonomy":"category","embeddable":true,"href":"https:\/\/www.mpppst.gob.ve\/mpppstweb\/index.php\/wp-json\/wp\/v2\/categories?post=19906"},{"taxonomy":"post_tag","embeddable":true,"href":"https:\/\/www.mpppst.gob.ve\/mpppstweb\/index.php\/wp-json\/wp\/v2\/tags?post=19906"}],"curies":[{"name":"wp","href":"https:\/\/api.w.org\/{rel}","templated":true}]}}