{"id":19912,"date":"2020-09-15T09:20:45","date_gmt":"2020-09-15T13:20:45","guid":{"rendered":"http:\/\/www.mpppst.gob.ve\/mpppstweb\/?p=19912"},"modified":"2020-09-15T09:20:46","modified_gmt":"2020-09-15T13:20:46","slug":"michelle-bachelet-reconoce-avances-en-cooperacion-tecnica-con-venezuela-en-ddhh","status":"publish","type":"post","link":"https:\/\/www.mpppst.gob.ve\/mpppstweb\/index.php\/2020\/09\/15\/michelle-bachelet-reconoce-avances-en-cooperacion-tecnica-con-venezuela-en-ddhh\/","title":{"rendered":"Michelle Bachelet reconoce avances en cooperaci\u00f3n t\u00e9cnica con Venezuela en DDHH"},"content":{"rendered":"\n<p>Desde la sede de la ONU-Ginebra, en Suiza, la Alta Comisionada de las Naciones Unidas para los Derechos Humanos,&nbsp;<strong>Michelle Bachelet,&nbsp;<\/strong>reconoci\u00f3 los avances de su oficina en la cooperaci\u00f3n t\u00e9cnica con el&nbsp;<strong>Gobierno de la Rep\u00fablica Bolivariana de Venezuela,<\/strong>&nbsp;con el que adem\u00e1s renov\u00f3 por un a\u00f1o el&nbsp;<strong>Memorando de Entendimiento suscrito el 20 de septiembre del a\u00f1o pasado.<\/strong><\/p>\n\n\n\n<p>As\u00ed lo inform\u00f3 la alta funcionaria durante la actualizaci\u00f3n oral de su informe sobre los avances en la cooperaci\u00f3n y la asistencia t\u00e9cnica en la esfera de los derechos humanos en Venezuela, en el contexto de la<strong>&nbsp;45\u00b0 sesi\u00f3n del Consejo de Derechos Humanos de la ONU.<\/strong><\/p>\n\n\n\n<p>\u201cHemos avanzado en la cooperaci\u00f3n t\u00e9cnica en \u00e1reas como la revisi\u00f3n de protocolos policiales sobre el uso de la fuerza y un diagn\u00f3stico sobre los factores que inciden en el hacinamiento de los centros de detenci\u00f3n preventivos\u201d, afirm\u00f3 la Alta Comisionada, a la vez que reconoci\u00f3 las facilidades brindadas por el Estado venezolano durante la visita a centros de detenci\u00f3n, entre los cuales incluye los del Sebin y DGCIM.<\/p>\n\n\n\n<p>Aval\u00f3 la cooperaci\u00f3n del fiscal general de la Rep\u00fablica,&nbsp;<strong>Tarek William Saab,<\/strong>&nbsp;quien ratific\u00f3 su compromiso de avanzar en la investigaci\u00f3n de los casos documentados por su Oficina, cuyos funcionarios en Venezuela han realizado 15 visitas a 14 centros de detenci\u00f3n, en los que han podido realizar entrevistas confidenciales, en el contexto de la colaboraci\u00f3n ofrecida por el Estado venezolano. \u201cEstas visitas constituyen un salto cualitativo destacable\u201d, afirm\u00f3.<\/p>\n\n\n\n<p>Asimismo, sobre las acciones concretas del Gobierno Bolivariano de conceder arresto domiciliario al parlamentario Juan Requesens e indultar a otras 110 personas, la representante de la ONU consider\u00f3 que \u201cdecisiones como estas contribuyen a la distensi\u00f3n pol\u00edtica\u201d.<\/p>\n\n\n\n<p>De acuerdo al Memorando de Entendimiento firmado en 2019 y renovado este a\u00f1o, la Oficina de la Alta Comisionada de las Naciones Unidas para los Derechos Humanos (OACNUDH) brinda asistencia t\u00e9cnica a las instituciones venezolanas en diversas \u00e1reas, que comprende adem\u00e1s la formulaci\u00f3n del segundo Plan Nacional de Derechos Humanos, la formaci\u00f3n de funcionarios de los cuerpos de seguridad y la respuesta del Estado frente a las consecuencias negativas en los derechos humanos de las medidas coercitivas unilaterales impuestas al pa\u00eds por el Gobierno de Estados Unidos y pa\u00edses sat\u00e9lites.<\/p>\n\n\n\n<p>En relaci\u00f3n con este punto, la Alta Comisionada acot\u00f3 que el nuevo acuerdo incluye la triplicaci\u00f3n del n\u00famero de oficiales de derechos humanos en la naci\u00f3n venezolana, as\u00ed como la formalizaci\u00f3n de un mecanismo de intercambio de informaci\u00f3n sobre casos individuales.\u00a0Prensa Web VTV<\/p>\n","protected":false},"excerpt":{"rendered":"<p>Desde la sede de la ONU-Ginebra, en Suiza, la Alta Comisionada de las Naciones Unidas para &hellip; <a title=\"Michelle Bachelet reconoce avances en cooperaci\u00f3n t\u00e9cnica con Venezuela en DDHH\" class=\"hm-read-more\" href=\"https:\/\/www.mpppst.gob.ve\/mpppstweb\/index.php\/2020\/09\/15\/michelle-bachelet-reconoce-avances-en-cooperacion-tecnica-con-venezuela-en-ddhh\/\"><span class=\"screen-reader-text\">Michelle Bachelet reconoce avances en cooperaci\u00f3n t\u00e9cnica con Venezuela en DDHH<\/span>Read more<\/a><\/p>\n","protected":false},"author":25,"featured_media":19914,"comment_status":"closed","ping_status":"closed","sticky":false,"template":"","format":"standard","meta":{"footnotes":""},"categories":[82,163],"tags":[],"yoast_head":"<!-- This site is optimized with the Yoast SEO plugin v22.5 - https:\/\/yoast.com\/wordpress\/plugins\/seo\/ -->\n<title>Michelle Bachelet reconoce avances en cooperaci\u00f3n t\u00e9cnica con Venezuela en DDHH - MPPPST<\/title>\n<meta name=\"robots\" content=\"index, follow, max-snippet:-1, max-image-preview:large, max-video-preview:-1\" \/>\n<link rel=\"canonical\" href=\"https:\/\/www.mpppst.gob.ve\/mpppstweb\/index.php\/2020\/09\/15\/michelle-bachelet-reconoce-avances-en-cooperacion-tecnica-con-venezuela-en-ddhh\/\" \/>\n<meta property=\"og:locale\" content=\"es_ES\" \/>\n<meta property=\"og:type\" content=\"article\" \/>\n<meta property=\"og:title\" content=\"Michelle Bachelet reconoce avances en cooperaci\u00f3n t\u00e9cnica con Venezuela en DDHH - MPPPST\" \/>\n<meta property=\"og:description\" content=\"Desde la sede de la ONU-Ginebra, en Suiza, la Alta Comisionada de las Naciones Unidas para &hellip; Michelle Bachelet reconoce avances en cooperaci\u00f3n t\u00e9cnica con Venezuela en DDHHRead more\" \/>\n<meta property=\"og:url\" content=\"https:\/\/www.mpppst.gob.ve\/mpppstweb\/index.php\/2020\/09\/15\/michelle-bachelet-reconoce-avances-en-cooperacion-tecnica-con-venezuela-en-ddhh\/\" \/>\n<meta property=\"og:site_name\" content=\"MPPPST\" \/>\n<meta property=\"article:published_time\" content=\"2020-09-15T13:20:45+00:00\" \/>\n<meta property=\"article:modified_time\" content=\"2020-09-15T13:20:46+00:00\" \/>\n<meta property=\"og:image\" content=\"https:\/\/www.mpppst.gob.ve\/mpppstweb\/wp-content\/uploads\/2020\/09\/Michelle-Bachelet-768x427-1.jpg\" \/>\n\t<meta property=\"og:image:width\" content=\"768\" \/>\n\t<meta property=\"og:image:height\" content=\"427\" \/>\n\t<meta property=\"og:image:type\" content=\"image\/jpeg\" \/>\n<meta name=\"author\" content=\"MPPPST Prensa\" \/>\n<meta name=\"twitter:card\" content=\"summary_large_image\" \/>\n<meta name=\"twitter:label1\" content=\"Escrito por\" \/>\n\t<meta name=\"twitter:data1\" content=\"MPPPST Prensa\" \/>\n\t<meta name=\"twitter:label2\" content=\"Tiempo de lectura\" \/>\n\t<meta name=\"twitter:data2\" content=\"2 minutos\" \/>\n<script type=\"application\/ld+json\" class=\"yoast-schema-graph\">{\"@context\":\"https:\/\/schema.org\",\"@graph\":[{\"@type\":\"Article\",\"@id\":\"https:\/\/www.mpppst.gob.ve\/mpppstweb\/index.php\/2020\/09\/15\/michelle-bachelet-reconoce-avances-en-cooperacion-tecnica-con-venezuela-en-ddhh\/#article\",\"isPartOf\":{\"@id\":\"https:\/\/www.mpppst.gob.ve\/mpppstweb\/index.php\/2020\/09\/15\/michelle-bachelet-reconoce-avances-en-cooperacion-tecnica-con-venezuela-en-ddhh\/\"},\"author\":{\"name\":\"MPPPST Prensa\",\"@id\":\"https:\/\/www.mpppst.gob.ve\/mpppstweb\/#\/schema\/person\/fc187ee8ead412bd4c9304b62f900ea4\"},\"headline\":\"Michelle Bachelet reconoce avances en cooperaci\u00f3n t\u00e9cnica con Venezuela en DDHH\",\"datePublished\":\"2020-09-15T13:20:45+00:00\",\"dateModified\":\"2020-09-15T13:20:46+00:00\",\"mainEntityOfPage\":{\"@id\":\"https:\/\/www.mpppst.gob.ve\/mpppstweb\/index.php\/2020\/09\/15\/michelle-bachelet-reconoce-avances-en-cooperacion-tecnica-con-venezuela-en-ddhh\/\"},\"wordCount\":467,\"publisher\":{\"@id\":\"https:\/\/www.mpppst.gob.ve\/mpppstweb\/#organization\"},\"image\":{\"@id\":\"https:\/\/www.mpppst.gob.ve\/mpppstweb\/index.php\/2020\/09\/15\/michelle-bachelet-reconoce-avances-en-cooperacion-tecnica-con-venezuela-en-ddhh\/#primaryimage\"},\"thumbnailUrl\":\"https:\/\/www.mpppst.gob.ve\/mpppstweb\/wp-content\/uploads\/2020\/09\/Michelle-Bachelet-768x427-1.jpg\",\"articleSection\":[\"Gobierno Nacional\",\"Noticias\"],\"inLanguage\":\"es\"},{\"@type\":\"WebPage\",\"@id\":\"https:\/\/www.mpppst.gob.ve\/mpppstweb\/index.php\/2020\/09\/15\/michelle-bachelet-reconoce-avances-en-cooperacion-tecnica-con-venezuela-en-ddhh\/\",\"url\":\"https:\/\/www.mpppst.gob.ve\/mpppstweb\/index.php\/2020\/09\/15\/michelle-bachelet-reconoce-avances-en-cooperacion-tecnica-con-venezuela-en-ddhh\/\",\"name\":\"Michelle Bachelet reconoce avances en cooperaci\u00f3n t\u00e9cnica con Venezuela en DDHH - MPPPST\",\"isPartOf\":{\"@id\":\"https:\/\/www.mpppst.gob.ve\/mpppstweb\/#website\"},\"primaryImageOfPage\":{\"@id\":\"https:\/\/www.mpppst.gob.ve\/mpppstweb\/index.php\/2020\/09\/15\/michelle-bachelet-reconoce-avances-en-cooperacion-tecnica-con-venezuela-en-ddhh\/#primaryimage\"},\"image\":{\"@id\":\"https:\/\/www.mpppst.gob.ve\/mpppstweb\/index.php\/2020\/09\/15\/michelle-bachelet-reconoce-avances-en-cooperacion-tecnica-con-venezuela-en-ddhh\/#primaryimage\"},\"thumbnailUrl\":\"https:\/\/www.mpppst.gob.ve\/mpppstweb\/wp-content\/uploads\/2020\/09\/Michelle-Bachelet-768x427-1.jpg\",\"datePublished\":\"2020-09-15T13:20:45+00:00\",\"dateModified\":\"2020-09-15T13:20:46+00:00\",\"breadcrumb\":{\"@id\":\"https:\/\/www.mpppst.gob.ve\/mpppstweb\/index.php\/2020\/09\/15\/michelle-bachelet-reconoce-avances-en-cooperacion-tecnica-con-venezuela-en-ddhh\/#breadcrumb\"},\"inLanguage\":\"es\",\"potentialAction\":[{\"@type\":\"ReadAction\",\"target\":[\"https:\/\/www.mpppst.gob.ve\/mpppstweb\/index.php\/2020\/09\/15\/michelle-bachelet-reconoce-avances-en-cooperacion-tecnica-con-venezuela-en-ddhh\/\"]}]},{\"@type\":\"ImageObject\",\"inLanguage\":\"es\",\"@id\":\"https:\/\/www.mpppst.gob.ve\/mpppstweb\/index.php\/2020\/09\/15\/michelle-bachelet-reconoce-avances-en-cooperacion-tecnica-con-venezuela-en-ddhh\/#primaryimage\",\"url\":\"https:\/\/www.mpppst.gob.ve\/mpppstweb\/wp-content\/uploads\/2020\/09\/Michelle-Bachelet-768x427-1.jpg\",\"contentUrl\":\"https:\/\/www.mpppst.gob.ve\/mpppstweb\/wp-content\/uploads\/2020\/09\/Michelle-Bachelet-768x427-1.jpg\",\"width\":768,\"height\":427},{\"@type\":\"BreadcrumbList\",\"@id\":\"https:\/\/www.mpppst.gob.ve\/mpppstweb\/index.php\/2020\/09\/15\/michelle-bachelet-reconoce-avances-en-cooperacion-tecnica-con-venezuela-en-ddhh\/#breadcrumb\",\"itemListElement\":[{\"@type\":\"ListItem\",\"position\":1,\"name\":\"Home\",\"item\":\"https:\/\/www.mpppst.gob.ve\/mpppstweb\/\"},{\"@type\":\"ListItem\",\"position\":2,\"name\":\"Michelle Bachelet reconoce avances en cooperaci\u00f3n t\u00e9cnica con Venezuela en DDHH\"}]},{\"@type\":\"WebSite\",\"@id\":\"https:\/\/www.mpppst.gob.ve\/mpppstweb\/#website\",\"url\":\"https:\/\/www.mpppst.gob.ve\/mpppstweb\/\",\"name\":\"MPPPST\",\"description\":\"Ministerio del Poder Popular para el Proceso Social de Trabajo\",\"publisher\":{\"@id\":\"https:\/\/www.mpppst.gob.ve\/mpppstweb\/#organization\"},\"potentialAction\":[{\"@type\":\"SearchAction\",\"target\":{\"@type\":\"EntryPoint\",\"urlTemplate\":\"https:\/\/www.mpppst.gob.ve\/mpppstweb\/?s={search_term_string}\"},\"query-input\":\"required name=search_term_string\"}],\"inLanguage\":\"es\"},{\"@type\":\"Organization\",\"@id\":\"https:\/\/www.mpppst.gob.ve\/mpppstweb\/#organization\",\"name\":\"mpppst\",\"url\":\"https:\/\/www.mpppst.gob.ve\/mpppstweb\/\",\"logo\":{\"@type\":\"ImageObject\",\"inLanguage\":\"es\",\"@id\":\"https:\/\/www.mpppst.gob.ve\/mpppstweb\/#\/schema\/logo\/image\/\",\"url\":\"https:\/\/www.mpppst.gob.ve\/mpppstweb\/wp-content\/uploads\/2025\/07\/cropped-cropped-g910.png\",\"contentUrl\":\"https:\/\/www.mpppst.gob.ve\/mpppstweb\/wp-content\/uploads\/2025\/07\/cropped-cropped-g910.png\",\"width\":1080,\"height\":241,\"caption\":\"mpppst\"},\"image\":{\"@id\":\"https:\/\/www.mpppst.gob.ve\/mpppstweb\/#\/schema\/logo\/image\/\"}},{\"@type\":\"Person\",\"@id\":\"https:\/\/www.mpppst.gob.ve\/mpppstweb\/#\/schema\/person\/fc187ee8ead412bd4c9304b62f900ea4\",\"name\":\"MPPPST Prensa\",\"url\":\"https:\/\/www.mpppst.gob.ve\/mpppstweb\/index.php\/author\/prensa-mpppst\/\"}]}<\/script>\n<!-- \/ Yoast SEO plugin. -->","yoast_head_json":{"title":"Michelle Bachelet reconoce avances en cooperaci\u00f3n t\u00e9cnica con Venezuela en DDHH - MPPPST","robots":{"index":"index","follow":"follow","max-snippet":"max-snippet:-1","max-image-preview":"max-image-preview:large","max-video-preview":"max-video-preview:-1"},"canonical":"https:\/\/www.mpppst.gob.ve\/mpppstweb\/index.php\/2020\/09\/15\/michelle-bachelet-reconoce-avances-en-cooperacion-tecnica-con-venezuela-en-ddhh\/","og_locale":"es_ES","og_type":"article","og_title":"Michelle Bachelet reconoce avances en cooperaci\u00f3n t\u00e9cnica con Venezuela en DDHH - MPPPST","og_description":"Desde la sede de la ONU-Ginebra, en Suiza, la Alta Comisionada de las Naciones Unidas para &hellip; Michelle Bachelet reconoce avances en cooperaci\u00f3n t\u00e9cnica con Venezuela en DDHHRead more","og_url":"https:\/\/www.mpppst.gob.ve\/mpppstweb\/index.php\/2020\/09\/15\/michelle-bachelet-reconoce-avances-en-cooperacion-tecnica-con-venezuela-en-ddhh\/","og_site_name":"MPPPST","article_published_time":"2020-09-15T13:20:45+00:00","article_modified_time":"2020-09-15T13:20:46+00:00","og_image":[{"width":768,"height":427,"url":"https:\/\/www.mpppst.gob.ve\/mpppstweb\/wp-content\/uploads\/2020\/09\/Michelle-Bachelet-768x427-1.jpg","type":"image\/jpeg"}],"author":"MPPPST Prensa","twitter_card":"summary_large_image","twitter_misc":{"Escrito por":"MPPPST Prensa","Tiempo de lectura":"2 minutos"},"schema":{"@context":"https:\/\/schema.org","@graph":[{"@type":"Article","@id":"https:\/\/www.mpppst.gob.ve\/mpppstweb\/index.php\/2020\/09\/15\/michelle-bachelet-reconoce-avances-en-cooperacion-tecnica-con-venezuela-en-ddhh\/#article","isPartOf":{"@id":"https:\/\/www.mpppst.gob.ve\/mpppstweb\/index.php\/2020\/09\/15\/michelle-bachelet-reconoce-avances-en-cooperacion-tecnica-con-venezuela-en-ddhh\/"},"author":{"name":"MPPPST Prensa","@id":"https:\/\/www.mpppst.gob.ve\/mpppstweb\/#\/schema\/person\/fc187ee8ead412bd4c9304b62f900ea4"},"headline":"Michelle Bachelet reconoce avances en cooperaci\u00f3n t\u00e9cnica con Venezuela en DDHH","datePublished":"2020-09-15T13:20:45+00:00","dateModified":"2020-09-15T13:20:46+00:00","mainEntityOfPage":{"@id":"https:\/\/www.mpppst.gob.ve\/mpppstweb\/index.php\/2020\/09\/15\/michelle-bachelet-reconoce-avances-en-cooperacion-tecnica-con-venezuela-en-ddhh\/"},"wordCount":467,"publisher":{"@id":"https:\/\/www.mpppst.gob.ve\/mpppstweb\/#organization"},"image":{"@id":"https:\/\/www.mpppst.gob.ve\/mpppstweb\/index.php\/2020\/09\/15\/michelle-bachelet-reconoce-avances-en-cooperacion-tecnica-con-venezuela-en-ddhh\/#primaryimage"},"thumbnailUrl":"https:\/\/www.mpppst.gob.ve\/mpppstweb\/wp-content\/uploads\/2020\/09\/Michelle-Bachelet-768x427-1.jpg","articleSection":["Gobierno Nacional","Noticias"],"inLanguage":"es"},{"@type":"WebPage","@id":"https:\/\/www.mpppst.gob.ve\/mpppstweb\/index.php\/2020\/09\/15\/michelle-bachelet-reconoce-avances-en-cooperacion-tecnica-con-venezuela-en-ddhh\/","url":"https:\/\/www.mpppst.gob.ve\/mpppstweb\/index.php\/2020\/09\/15\/michelle-bachelet-reconoce-avances-en-cooperacion-tecnica-con-venezuela-en-ddhh\/","name":"Michelle Bachelet reconoce avances en cooperaci\u00f3n t\u00e9cnica con Venezuela en DDHH - MPPPST","isPartOf":{"@id":"https:\/\/www.mpppst.gob.ve\/mpppstweb\/#website"},"primaryImageOfPage":{"@id":"https:\/\/www.mpppst.gob.ve\/mpppstweb\/index.php\/2020\/09\/15\/michelle-bachelet-reconoce-avances-en-cooperacion-tecnica-con-venezuela-en-ddhh\/#primaryimage"},"image":{"@id":"https:\/\/www.mpppst.gob.ve\/mpppstweb\/index.php\/2020\/09\/15\/michelle-bachelet-reconoce-avances-en-cooperacion-tecnica-con-venezuela-en-ddhh\/#primaryimage"},"thumbnailUrl":"https:\/\/www.mpppst.gob.ve\/mpppstweb\/wp-content\/uploads\/2020\/09\/Michelle-Bachelet-768x427-1.jpg","datePublished":"2020-09-15T13:20:45+00:00","dateModified":"2020-09-15T13:20:46+00:00","breadcrumb":{"@id":"https:\/\/www.mpppst.gob.ve\/mpppstweb\/index.php\/2020\/09\/15\/michelle-bachelet-reconoce-avances-en-cooperacion-tecnica-con-venezuela-en-ddhh\/#breadcrumb"},"inLanguage":"es","potentialAction":[{"@type":"ReadAction","target":["https:\/\/www.mpppst.gob.ve\/mpppstweb\/index.php\/2020\/09\/15\/michelle-bachelet-reconoce-avances-en-cooperacion-tecnica-con-venezuela-en-ddhh\/"]}]},{"@type":"ImageObject","inLanguage":"es","@id":"https:\/\/www.mpppst.gob.ve\/mpppstweb\/index.php\/2020\/09\/15\/michelle-bachelet-reconoce-avances-en-cooperacion-tecnica-con-venezuela-en-ddhh\/#primaryimage","url":"https:\/\/www.mpppst.gob.ve\/mpppstweb\/wp-content\/uploads\/2020\/09\/Michelle-Bachelet-768x427-1.jpg","contentUrl":"https:\/\/www.mpppst.gob.ve\/mpppstweb\/wp-content\/uploads\/2020\/09\/Michelle-Bachelet-768x427-1.jpg","width":768,"height":427},{"@type":"BreadcrumbList","@id":"https:\/\/www.mpppst.gob.ve\/mpppstweb\/index.php\/2020\/09\/15\/michelle-bachelet-reconoce-avances-en-cooperacion-tecnica-con-venezuela-en-ddhh\/#breadcrumb","itemListElement":[{"@type":"ListItem","position":1,"name":"Home","item":"https:\/\/www.mpppst.gob.ve\/mpppstweb\/"},{"@type":"ListItem","position":2,"name":"Michelle Bachelet reconoce avances en cooperaci\u00f3n t\u00e9cnica con Venezuela en DDHH"}]},{"@type":"WebSite","@id":"https:\/\/www.mpppst.gob.ve\/mpppstweb\/#website","url":"https:\/\/www.mpppst.gob.ve\/mpppstweb\/","name":"MPPPST","description":"Ministerio del Poder Popular para el Proceso Social de Trabajo","publisher":{"@id":"https:\/\/www.mpppst.gob.ve\/mpppstweb\/#organization"},"potentialAction":[{"@type":"SearchAction","target":{"@type":"EntryPoint","urlTemplate":"https:\/\/www.mpppst.gob.ve\/mpppstweb\/?s={search_term_string}"},"query-input":"required name=search_term_string"}],"inLanguage":"es"},{"@type":"Organization","@id":"https:\/\/www.mpppst.gob.ve\/mpppstweb\/#organization","name":"mpppst","url":"https:\/\/www.mpppst.gob.ve\/mpppstweb\/","logo":{"@type":"ImageObject","inLanguage":"es","@id":"https:\/\/www.mpppst.gob.ve\/mpppstweb\/#\/schema\/logo\/image\/","url":"https:\/\/www.mpppst.gob.ve\/mpppstweb\/wp-content\/uploads\/2025\/07\/cropped-cropped-g910.png","contentUrl":"https:\/\/www.mpppst.gob.ve\/mpppstweb\/wp-content\/uploads\/2025\/07\/cropped-cropped-g910.png","width":1080,"height":241,"caption":"mpppst"},"image":{"@id":"https:\/\/www.mpppst.gob.ve\/mpppstweb\/#\/schema\/logo\/image\/"}},{"@type":"Person","@id":"https:\/\/www.mpppst.gob.ve\/mpppstweb\/#\/schema\/person\/fc187ee8ead412bd4c9304b62f900ea4","name":"MPPPST Prensa","url":"https:\/\/www.mpppst.gob.ve\/mpppstweb\/index.php\/author\/prensa-mpppst\/"}]}},"_links":{"self":[{"href":"https:\/\/www.mpppst.gob.ve\/mpppstweb\/index.php\/wp-json\/wp\/v2\/posts\/19912"}],"collection":[{"href":"https:\/\/www.mpppst.gob.ve\/mpppstweb\/index.php\/wp-json\/wp\/v2\/posts"}],"about":[{"href":"https:\/\/www.mpppst.gob.ve\/mpppstweb\/index.php\/wp-json\/wp\/v2\/types\/post"}],"author":[{"embeddable":true,"href":"https:\/\/www.mpppst.gob.ve\/mpppstweb\/index.php\/wp-json\/wp\/v2\/users\/25"}],"replies":[{"embeddable":true,"href":"https:\/\/www.mpppst.gob.ve\/mpppstweb\/index.php\/wp-json\/wp\/v2\/comments?post=19912"}],"version-history":[{"count":1,"href":"https:\/\/www.mpppst.gob.ve\/mpppstweb\/index.php\/wp-json\/wp\/v2\/posts\/19912\/revisions"}],"predecessor-version":[{"id":19913,"href":"https:\/\/www.mpppst.gob.ve\/mpppstweb\/index.php\/wp-json\/wp\/v2\/posts\/19912\/revisions\/19913"}],"wp:featuredmedia":[{"embeddable":true,"href":"https:\/\/www.mpppst.gob.ve\/mpppstweb\/index.php\/wp-json\/wp\/v2\/media\/19914"}],"wp:attachment":[{"href":"https:\/\/www.mpppst.gob.ve\/mpppstweb\/index.php\/wp-json\/wp\/v2\/media?parent=19912"}],"wp:term":[{"taxonomy":"category","embeddable":true,"href":"https:\/\/www.mpppst.gob.ve\/mpppstweb\/index.php\/wp-json\/wp\/v2\/categories?post=19912"},{"taxonomy":"post_tag","embeddable":true,"href":"https:\/\/www.mpppst.gob.ve\/mpppstweb\/index.php\/wp-json\/wp\/v2\/tags?post=19912"}],"curies":[{"name":"wp","href":"https:\/\/api.w.org\/{rel}","templated":true}]}}