{"id":19918,"date":"2020-09-16T10:37:04","date_gmt":"2020-09-16T14:37:04","guid":{"rendered":"http:\/\/www.mpppst.gob.ve\/mpppstweb\/?p=19918"},"modified":"2020-09-16T10:37:06","modified_gmt":"2020-09-16T14:37:06","slug":"presentan-aula-virtual-desde-vive-tv-como-parte-del-regreso-a-clases-ano-escolar-2020-2021","status":"publish","type":"post","link":"https:\/\/www.mpppst.gob.ve\/mpppstweb\/index.php\/2020\/09\/16\/presentan-aula-virtual-desde-vive-tv-como-parte-del-regreso-a-clases-ano-escolar-2020-2021\/","title":{"rendered":"Presentan Aula Virtual desde VIVE TV como parte del Regreso a clases A\u00f1o Escolar 2020-2021"},"content":{"rendered":"\n<p>Este martes&nbsp;el ministro del Poder Popular para la Comunicaci\u00f3n e Informaci\u00f3n,&nbsp;<strong>Freddy \u00d1\u00e1\u00f1ez,<\/strong>&nbsp;present\u00f3 el&nbsp;<strong>Aula Virtual desde VIVE TV, como parte del Regreso a clases A\u00f1o Escolar 2020-2021,<\/strong>&nbsp;en un pase con el presidente de la Rep\u00fablica Bolivariana de Venezuela,&nbsp;&nbsp;<strong>Nicol\u00e1s Maduro,&nbsp;<\/strong>durante la jornada de trabajo dedicada a la educaci\u00f3n a prop\u00f3sito del inicio este mi\u00e9rcoles de las actividades escolares en el pa\u00eds.&nbsp;<\/p>\n\n\n\n<p>El Jefe de Estado dio la orden de acelerar y profundizar la transformaci\u00f3n de VIVE TV en la gran plataforma televisiva y de multimedios para la educaci\u00f3n en el pa\u00eds, una Revoluci\u00f3n Educativa.<\/p>\n\n\n\n<p>Desde la sede del canal, el Ministro para la Comunicaci\u00f3n e Informaci\u00f3n, explic\u00f3 que \u201cvamos a tener teleclases, que es lo fundamental. Aqu\u00ed se va a articular a toda la familia venezolana para conocer los m\u00f3dulos de educaci\u00f3n, pero no solo es un programa de televisi\u00f3n, esto forma parte de una herramienta m\u00e1s, de todo un portafolio que utiliza las redes sociales, todos los medios de comunicaci\u00f3n, la radio y hasta m\u00e1s all\u00e1, para poder llevar con rigurosidad el a\u00f1o escolar\u201d.<\/p>\n\n\n\n<p>Alert\u00f3 que \u201cestamos aprendiendo a vivir&nbsp; en esta pandemia. Nos corresponde a nosotros ponernos a la altura de lo que necesita nuestro pa\u00eds\u201d.<\/p>\n\n\n\n<p>\u00d1\u00e1\u00f1ez agreg\u00f3 que&nbsp;no se detiene la educaci\u00f3n, ni&nbsp; la vida, \u201cestamos en una nueva normalidad y creo que con esta televisora que el presidente Maduro ha encomendado transformar, podemos generar much\u00edsimos productos m\u00e1s all\u00e1 de las propias teleclases del curr\u00edculo escolar\u201d.<\/p>\n\n\n\n<p>Es decir, detall\u00f3, a trav\u00e9s de esta se puede formar conciencia, identidad, \u201cvisibilizar los conocimientos populares que tiene nuestro pueblo, de la Venezuela&nbsp; profunda, tutoriales, espacios&nbsp; para la discusi\u00f3n de artistas, intelectuales,&nbsp; o de quien quiera&nbsp; aportar a la venezolanidad\u201d.<\/p>\n\n\n\n<p>El tambi\u00e9n Presidente de Venezolana de Televisi\u00f3n precis\u00f3 que esta plataforma est\u00e1 bastante adelantada y mostr\u00f3 su satisfacci\u00f3n porque encontr\u00f3 mucha gente trabajando con fervor para sacar adelante esta televisora.<\/p>\n\n\n\n<p>Durante su intervenci\u00f3n estuvo acompa\u00f1ado por la viceministra de Educaci\u00f3n Inicial,&nbsp;Primaria&nbsp;y Especial del Ministerio del Poder Popular&nbsp;para la Educaci\u00f3n,&nbsp;<strong>Gisela Toro<\/strong>; las maestras de Inicial,&nbsp;<strong>Damaris Rojas<\/strong>&nbsp;y&nbsp;<strong>Esther Cabrera<\/strong>, y las maestras de Primaria,&nbsp;<strong>In\u00e9s Tapia<\/strong>&nbsp;y&nbsp;<strong>Miriam M\u00e1rquez,<\/strong>&nbsp;quienes explicaron la modalidad que se utilizara en esta nueva etapa de la educaci\u00f3n.<\/p>\n\n\n\n<p>Por su parte, la viceministra Gisela Toro manifest\u00f3 su satisfacci\u00f3n por lo que significa preparar y grabar este programa \u201cCada Familia una Escuela\u201d como una de las estrategias de esta modalidad a distancia, con la que&nbsp; arranca este A\u00f1o Escolar 2020-2021.<\/p>\n\n\n\n<p>Detall\u00f3 \u201cque es un programa desde el cual le ofrecemos a la familia venezolana las herramientas pedag\u00f3gicas para orientar ese trabajo educativo desde ese cada uno de los hogares, donde tenemos ni\u00f1as, ni\u00f1os y adolescente. Un trabajo que hacemos con mucho amor y compromiso donde reina el respeto, tratando de hacerlo lo m\u00e1s agradable posible y que sea los m\u00e1s atractivo, para que tengan acceso con alegr\u00eda a esa educaci\u00f3n que les garantiza la Constituci\u00f3n Bolivariana pero tambi\u00e9n garantiz\u00e1ndole la vida y la salud\u201d.<\/p>\n\n\n\n<p>En tanto que la profesora Esther Cabrera explic\u00f3 c\u00f3mo se van a dar las clases a los alumnos de Educaci\u00f3n Inicial, \u201cen esta modalidad a distancia est\u00e1 dirigido a Educaci\u00f3n Inicial con sus dos etapas: maternal y preescolar\u201d.<\/p>\n\n\n\n<p>Las orientaciones, acot\u00f3, son dise\u00f1adas para que las hagamos en familia \u201cdesde nuestros hogares con estrategias sencillas, recursos f\u00e1ciles de hacer, con amor y respeto y sobre todo ternura y paciencia\u201d.<\/p>\n\n\n\n<p>Tambi\u00e9n la maestra Miriam M\u00e1rquez intervino para explicar desde Educaci\u00f3n Primaria \u201cestamos trabajando con orientaciones a las familia para que puedan llevar esas actividades a nuestros ni\u00f1os desde el hogar, de manera que puedan hacer un abordaje educativo desde el amor, el respeto y desde lo l\u00fadico\u201d.&nbsp;<\/p>\n\n\n\n<figure class=\"wp-block-image\"><a href=\"https:\/\/www.vtv.gob.ve\/presentan-aula-virtual-vive-tv-nanez-maduro\/n3\/\"><img decoding=\"async\" src=\"https:\/\/www.vtv.gob.ve\/wp-content\/uploads\/2020\/09\/N3-800x445.jpg\" alt=\"\"\/><\/a><\/figure>\n\n\n\n<figure class=\"wp-block-image\"><a href=\"https:\/\/www.vtv.gob.ve\/presentan-aula-virtual-vive-tv-nanez-maduro\/n2-2\/\"><img decoding=\"async\" src=\"https:\/\/www.vtv.gob.ve\/wp-content\/uploads\/2020\/09\/n2-800x445.jpg\" alt=\"\"\/><\/a><\/figure>\n\n\n\n<figure class=\"wp-block-image\"><a href=\"https:\/\/www.vtv.gob.ve\/presentan-aula-virtual-vive-tv-nanez-maduro\/n1-6\/\"><img decoding=\"async\" src=\"https:\/\/www.vtv.gob.ve\/wp-content\/uploads\/2020\/09\/N1-800x445.jpg\" alt=\"\"\/><\/a><\/figure>\n","protected":false},"excerpt":{"rendered":"<p>Este martes&nbsp;el ministro del Poder Popular para la Comunicaci\u00f3n e Informaci\u00f3n,&nbsp;Freddy \u00d1\u00e1\u00f1ez,&nbsp;present\u00f3 el&nbsp;Aula Virtual desde VIVE &hellip; <a title=\"Presentan Aula Virtual desde VIVE TV como parte del Regreso a clases A\u00f1o Escolar 2020-2021\" class=\"hm-read-more\" href=\"https:\/\/www.mpppst.gob.ve\/mpppstweb\/index.php\/2020\/09\/16\/presentan-aula-virtual-desde-vive-tv-como-parte-del-regreso-a-clases-ano-escolar-2020-2021\/\"><span class=\"screen-reader-text\">Presentan Aula Virtual desde VIVE TV como parte del Regreso a clases A\u00f1o Escolar 2020-2021<\/span>Read more<\/a><\/p>\n","protected":false},"author":25,"featured_media":19919,"comment_status":"closed","ping_status":"closed","sticky":false,"template":"","format":"standard","meta":{"footnotes":""},"categories":[82,163],"tags":[],"yoast_head":"<!-- This site is optimized with the Yoast SEO plugin v22.5 - https:\/\/yoast.com\/wordpress\/plugins\/seo\/ -->\n<title>Presentan Aula Virtual desde VIVE TV como parte del Regreso a clases A\u00f1o Escolar 2020-2021 - MPPPST<\/title>\n<meta name=\"robots\" content=\"index, follow, max-snippet:-1, max-image-preview:large, max-video-preview:-1\" \/>\n<link rel=\"canonical\" href=\"https:\/\/www.mpppst.gob.ve\/mpppstweb\/index.php\/2020\/09\/16\/presentan-aula-virtual-desde-vive-tv-como-parte-del-regreso-a-clases-ano-escolar-2020-2021\/\" \/>\n<meta property=\"og:locale\" content=\"es_ES\" \/>\n<meta property=\"og:type\" content=\"article\" \/>\n<meta property=\"og:title\" content=\"Presentan Aula Virtual desde VIVE TV como parte del Regreso a clases A\u00f1o Escolar 2020-2021 - MPPPST\" \/>\n<meta property=\"og:description\" content=\"Este martes&nbsp;el ministro del Poder Popular para la Comunicaci\u00f3n e Informaci\u00f3n,&nbsp;Freddy \u00d1\u00e1\u00f1ez,&nbsp;present\u00f3 el&nbsp;Aula Virtual desde VIVE &hellip; Presentan Aula Virtual desde VIVE TV como parte del Regreso a clases A\u00f1o Escolar 2020-2021Read more\" \/>\n<meta property=\"og:url\" content=\"https:\/\/www.mpppst.gob.ve\/mpppstweb\/index.php\/2020\/09\/16\/presentan-aula-virtual-desde-vive-tv-como-parte-del-regreso-a-clases-ano-escolar-2020-2021\/\" \/>\n<meta property=\"og:site_name\" content=\"MPPPST\" \/>\n<meta property=\"article:published_time\" content=\"2020-09-16T14:37:04+00:00\" \/>\n<meta property=\"article:modified_time\" content=\"2020-09-16T14:37:06+00:00\" \/>\n<meta property=\"og:image\" content=\"https:\/\/www.mpppst.gob.ve\/mpppstweb\/wp-content\/uploads\/2020\/09\/Freddy-Nanez-1-768x427-1.jpg\" \/>\n\t<meta property=\"og:image:width\" content=\"768\" \/>\n\t<meta property=\"og:image:height\" content=\"427\" \/>\n\t<meta property=\"og:image:type\" content=\"image\/jpeg\" \/>\n<meta name=\"author\" content=\"MPPPST Prensa\" \/>\n<meta name=\"twitter:card\" content=\"summary_large_image\" \/>\n<meta name=\"twitter:label1\" content=\"Escrito por\" \/>\n\t<meta name=\"twitter:data1\" content=\"MPPPST Prensa\" \/>\n\t<meta name=\"twitter:label2\" content=\"Tiempo de lectura\" \/>\n\t<meta name=\"twitter:data2\" content=\"4 minutos\" \/>\n<script type=\"application\/ld+json\" class=\"yoast-schema-graph\">{\"@context\":\"https:\/\/schema.org\",\"@graph\":[{\"@type\":\"Article\",\"@id\":\"https:\/\/www.mpppst.gob.ve\/mpppstweb\/index.php\/2020\/09\/16\/presentan-aula-virtual-desde-vive-tv-como-parte-del-regreso-a-clases-ano-escolar-2020-2021\/#article\",\"isPartOf\":{\"@id\":\"https:\/\/www.mpppst.gob.ve\/mpppstweb\/index.php\/2020\/09\/16\/presentan-aula-virtual-desde-vive-tv-como-parte-del-regreso-a-clases-ano-escolar-2020-2021\/\"},\"author\":{\"name\":\"MPPPST Prensa\",\"@id\":\"https:\/\/www.mpppst.gob.ve\/mpppstweb\/#\/schema\/person\/fc187ee8ead412bd4c9304b62f900ea4\"},\"headline\":\"Presentan Aula Virtual desde VIVE TV como parte del Regreso a clases A\u00f1o Escolar 2020-2021\",\"datePublished\":\"2020-09-16T14:37:04+00:00\",\"dateModified\":\"2020-09-16T14:37:06+00:00\",\"mainEntityOfPage\":{\"@id\":\"https:\/\/www.mpppst.gob.ve\/mpppstweb\/index.php\/2020\/09\/16\/presentan-aula-virtual-desde-vive-tv-como-parte-del-regreso-a-clases-ano-escolar-2020-2021\/\"},\"wordCount\":719,\"publisher\":{\"@id\":\"https:\/\/www.mpppst.gob.ve\/mpppstweb\/#organization\"},\"image\":{\"@id\":\"https:\/\/www.mpppst.gob.ve\/mpppstweb\/index.php\/2020\/09\/16\/presentan-aula-virtual-desde-vive-tv-como-parte-del-regreso-a-clases-ano-escolar-2020-2021\/#primaryimage\"},\"thumbnailUrl\":\"https:\/\/www.mpppst.gob.ve\/mpppstweb\/wp-content\/uploads\/2020\/09\/Freddy-Nanez-1-768x427-1.jpg\",\"articleSection\":[\"Gobierno Nacional\",\"Noticias\"],\"inLanguage\":\"es\"},{\"@type\":\"WebPage\",\"@id\":\"https:\/\/www.mpppst.gob.ve\/mpppstweb\/index.php\/2020\/09\/16\/presentan-aula-virtual-desde-vive-tv-como-parte-del-regreso-a-clases-ano-escolar-2020-2021\/\",\"url\":\"https:\/\/www.mpppst.gob.ve\/mpppstweb\/index.php\/2020\/09\/16\/presentan-aula-virtual-desde-vive-tv-como-parte-del-regreso-a-clases-ano-escolar-2020-2021\/\",\"name\":\"Presentan Aula Virtual desde VIVE TV como parte del Regreso a clases A\u00f1o Escolar 2020-2021 - MPPPST\",\"isPartOf\":{\"@id\":\"https:\/\/www.mpppst.gob.ve\/mpppstweb\/#website\"},\"primaryImageOfPage\":{\"@id\":\"https:\/\/www.mpppst.gob.ve\/mpppstweb\/index.php\/2020\/09\/16\/presentan-aula-virtual-desde-vive-tv-como-parte-del-regreso-a-clases-ano-escolar-2020-2021\/#primaryimage\"},\"image\":{\"@id\":\"https:\/\/www.mpppst.gob.ve\/mpppstweb\/index.php\/2020\/09\/16\/presentan-aula-virtual-desde-vive-tv-como-parte-del-regreso-a-clases-ano-escolar-2020-2021\/#primaryimage\"},\"thumbnailUrl\":\"https:\/\/www.mpppst.gob.ve\/mpppstweb\/wp-content\/uploads\/2020\/09\/Freddy-Nanez-1-768x427-1.jpg\",\"datePublished\":\"2020-09-16T14:37:04+00:00\",\"dateModified\":\"2020-09-16T14:37:06+00:00\",\"breadcrumb\":{\"@id\":\"https:\/\/www.mpppst.gob.ve\/mpppstweb\/index.php\/2020\/09\/16\/presentan-aula-virtual-desde-vive-tv-como-parte-del-regreso-a-clases-ano-escolar-2020-2021\/#breadcrumb\"},\"inLanguage\":\"es\",\"potentialAction\":[{\"@type\":\"ReadAction\",\"target\":[\"https:\/\/www.mpppst.gob.ve\/mpppstweb\/index.php\/2020\/09\/16\/presentan-aula-virtual-desde-vive-tv-como-parte-del-regreso-a-clases-ano-escolar-2020-2021\/\"]}]},{\"@type\":\"ImageObject\",\"inLanguage\":\"es\",\"@id\":\"https:\/\/www.mpppst.gob.ve\/mpppstweb\/index.php\/2020\/09\/16\/presentan-aula-virtual-desde-vive-tv-como-parte-del-regreso-a-clases-ano-escolar-2020-2021\/#primaryimage\",\"url\":\"https:\/\/www.mpppst.gob.ve\/mpppstweb\/wp-content\/uploads\/2020\/09\/Freddy-Nanez-1-768x427-1.jpg\",\"contentUrl\":\"https:\/\/www.mpppst.gob.ve\/mpppstweb\/wp-content\/uploads\/2020\/09\/Freddy-Nanez-1-768x427-1.jpg\",\"width\":768,\"height\":427},{\"@type\":\"BreadcrumbList\",\"@id\":\"https:\/\/www.mpppst.gob.ve\/mpppstweb\/index.php\/2020\/09\/16\/presentan-aula-virtual-desde-vive-tv-como-parte-del-regreso-a-clases-ano-escolar-2020-2021\/#breadcrumb\",\"itemListElement\":[{\"@type\":\"ListItem\",\"position\":1,\"name\":\"Home\",\"item\":\"https:\/\/www.mpppst.gob.ve\/mpppstweb\/\"},{\"@type\":\"ListItem\",\"position\":2,\"name\":\"Presentan Aula Virtual desde VIVE TV como parte del Regreso a clases A\u00f1o Escolar 2020-2021\"}]},{\"@type\":\"WebSite\",\"@id\":\"https:\/\/www.mpppst.gob.ve\/mpppstweb\/#website\",\"url\":\"https:\/\/www.mpppst.gob.ve\/mpppstweb\/\",\"name\":\"MPPPST\",\"description\":\"Ministerio del Poder Popular para el Proceso Social de Trabajo\",\"publisher\":{\"@id\":\"https:\/\/www.mpppst.gob.ve\/mpppstweb\/#organization\"},\"potentialAction\":[{\"@type\":\"SearchAction\",\"target\":{\"@type\":\"EntryPoint\",\"urlTemplate\":\"https:\/\/www.mpppst.gob.ve\/mpppstweb\/?s={search_term_string}\"},\"query-input\":\"required name=search_term_string\"}],\"inLanguage\":\"es\"},{\"@type\":\"Organization\",\"@id\":\"https:\/\/www.mpppst.gob.ve\/mpppstweb\/#organization\",\"name\":\"mpppst\",\"url\":\"https:\/\/www.mpppst.gob.ve\/mpppstweb\/\",\"logo\":{\"@type\":\"ImageObject\",\"inLanguage\":\"es\",\"@id\":\"https:\/\/www.mpppst.gob.ve\/mpppstweb\/#\/schema\/logo\/image\/\",\"url\":\"https:\/\/www.mpppst.gob.ve\/mpppstweb\/wp-content\/uploads\/2025\/07\/cropped-cropped-g910.png\",\"contentUrl\":\"https:\/\/www.mpppst.gob.ve\/mpppstweb\/wp-content\/uploads\/2025\/07\/cropped-cropped-g910.png\",\"width\":1080,\"height\":241,\"caption\":\"mpppst\"},\"image\":{\"@id\":\"https:\/\/www.mpppst.gob.ve\/mpppstweb\/#\/schema\/logo\/image\/\"}},{\"@type\":\"Person\",\"@id\":\"https:\/\/www.mpppst.gob.ve\/mpppstweb\/#\/schema\/person\/fc187ee8ead412bd4c9304b62f900ea4\",\"name\":\"MPPPST Prensa\",\"url\":\"https:\/\/www.mpppst.gob.ve\/mpppstweb\/index.php\/author\/prensa-mpppst\/\"}]}<\/script>\n<!-- \/ Yoast SEO plugin. -->","yoast_head_json":{"title":"Presentan Aula Virtual desde VIVE TV como parte del Regreso a clases A\u00f1o Escolar 2020-2021 - MPPPST","robots":{"index":"index","follow":"follow","max-snippet":"max-snippet:-1","max-image-preview":"max-image-preview:large","max-video-preview":"max-video-preview:-1"},"canonical":"https:\/\/www.mpppst.gob.ve\/mpppstweb\/index.php\/2020\/09\/16\/presentan-aula-virtual-desde-vive-tv-como-parte-del-regreso-a-clases-ano-escolar-2020-2021\/","og_locale":"es_ES","og_type":"article","og_title":"Presentan Aula Virtual desde VIVE TV como parte del Regreso a clases A\u00f1o Escolar 2020-2021 - MPPPST","og_description":"Este martes&nbsp;el ministro del Poder Popular para la Comunicaci\u00f3n e Informaci\u00f3n,&nbsp;Freddy \u00d1\u00e1\u00f1ez,&nbsp;present\u00f3 el&nbsp;Aula Virtual desde VIVE &hellip; Presentan Aula Virtual desde VIVE TV como parte del Regreso a clases A\u00f1o Escolar 2020-2021Read more","og_url":"https:\/\/www.mpppst.gob.ve\/mpppstweb\/index.php\/2020\/09\/16\/presentan-aula-virtual-desde-vive-tv-como-parte-del-regreso-a-clases-ano-escolar-2020-2021\/","og_site_name":"MPPPST","article_published_time":"2020-09-16T14:37:04+00:00","article_modified_time":"2020-09-16T14:37:06+00:00","og_image":[{"width":768,"height":427,"url":"https:\/\/www.mpppst.gob.ve\/mpppstweb\/wp-content\/uploads\/2020\/09\/Freddy-Nanez-1-768x427-1.jpg","type":"image\/jpeg"}],"author":"MPPPST Prensa","twitter_card":"summary_large_image","twitter_misc":{"Escrito por":"MPPPST Prensa","Tiempo de lectura":"4 minutos"},"schema":{"@context":"https:\/\/schema.org","@graph":[{"@type":"Article","@id":"https:\/\/www.mpppst.gob.ve\/mpppstweb\/index.php\/2020\/09\/16\/presentan-aula-virtual-desde-vive-tv-como-parte-del-regreso-a-clases-ano-escolar-2020-2021\/#article","isPartOf":{"@id":"https:\/\/www.mpppst.gob.ve\/mpppstweb\/index.php\/2020\/09\/16\/presentan-aula-virtual-desde-vive-tv-como-parte-del-regreso-a-clases-ano-escolar-2020-2021\/"},"author":{"name":"MPPPST Prensa","@id":"https:\/\/www.mpppst.gob.ve\/mpppstweb\/#\/schema\/person\/fc187ee8ead412bd4c9304b62f900ea4"},"headline":"Presentan Aula Virtual desde VIVE TV como parte del Regreso a clases A\u00f1o Escolar 2020-2021","datePublished":"2020-09-16T14:37:04+00:00","dateModified":"2020-09-16T14:37:06+00:00","mainEntityOfPage":{"@id":"https:\/\/www.mpppst.gob.ve\/mpppstweb\/index.php\/2020\/09\/16\/presentan-aula-virtual-desde-vive-tv-como-parte-del-regreso-a-clases-ano-escolar-2020-2021\/"},"wordCount":719,"publisher":{"@id":"https:\/\/www.mpppst.gob.ve\/mpppstweb\/#organization"},"image":{"@id":"https:\/\/www.mpppst.gob.ve\/mpppstweb\/index.php\/2020\/09\/16\/presentan-aula-virtual-desde-vive-tv-como-parte-del-regreso-a-clases-ano-escolar-2020-2021\/#primaryimage"},"thumbnailUrl":"https:\/\/www.mpppst.gob.ve\/mpppstweb\/wp-content\/uploads\/2020\/09\/Freddy-Nanez-1-768x427-1.jpg","articleSection":["Gobierno Nacional","Noticias"],"inLanguage":"es"},{"@type":"WebPage","@id":"https:\/\/www.mpppst.gob.ve\/mpppstweb\/index.php\/2020\/09\/16\/presentan-aula-virtual-desde-vive-tv-como-parte-del-regreso-a-clases-ano-escolar-2020-2021\/","url":"https:\/\/www.mpppst.gob.ve\/mpppstweb\/index.php\/2020\/09\/16\/presentan-aula-virtual-desde-vive-tv-como-parte-del-regreso-a-clases-ano-escolar-2020-2021\/","name":"Presentan Aula Virtual desde VIVE TV como parte del Regreso a clases A\u00f1o Escolar 2020-2021 - MPPPST","isPartOf":{"@id":"https:\/\/www.mpppst.gob.ve\/mpppstweb\/#website"},"primaryImageOfPage":{"@id":"https:\/\/www.mpppst.gob.ve\/mpppstweb\/index.php\/2020\/09\/16\/presentan-aula-virtual-desde-vive-tv-como-parte-del-regreso-a-clases-ano-escolar-2020-2021\/#primaryimage"},"image":{"@id":"https:\/\/www.mpppst.gob.ve\/mpppstweb\/index.php\/2020\/09\/16\/presentan-aula-virtual-desde-vive-tv-como-parte-del-regreso-a-clases-ano-escolar-2020-2021\/#primaryimage"},"thumbnailUrl":"https:\/\/www.mpppst.gob.ve\/mpppstweb\/wp-content\/uploads\/2020\/09\/Freddy-Nanez-1-768x427-1.jpg","datePublished":"2020-09-16T14:37:04+00:00","dateModified":"2020-09-16T14:37:06+00:00","breadcrumb":{"@id":"https:\/\/www.mpppst.gob.ve\/mpppstweb\/index.php\/2020\/09\/16\/presentan-aula-virtual-desde-vive-tv-como-parte-del-regreso-a-clases-ano-escolar-2020-2021\/#breadcrumb"},"inLanguage":"es","potentialAction":[{"@type":"ReadAction","target":["https:\/\/www.mpppst.gob.ve\/mpppstweb\/index.php\/2020\/09\/16\/presentan-aula-virtual-desde-vive-tv-como-parte-del-regreso-a-clases-ano-escolar-2020-2021\/"]}]},{"@type":"ImageObject","inLanguage":"es","@id":"https:\/\/www.mpppst.gob.ve\/mpppstweb\/index.php\/2020\/09\/16\/presentan-aula-virtual-desde-vive-tv-como-parte-del-regreso-a-clases-ano-escolar-2020-2021\/#primaryimage","url":"https:\/\/www.mpppst.gob.ve\/mpppstweb\/wp-content\/uploads\/2020\/09\/Freddy-Nanez-1-768x427-1.jpg","contentUrl":"https:\/\/www.mpppst.gob.ve\/mpppstweb\/wp-content\/uploads\/2020\/09\/Freddy-Nanez-1-768x427-1.jpg","width":768,"height":427},{"@type":"BreadcrumbList","@id":"https:\/\/www.mpppst.gob.ve\/mpppstweb\/index.php\/2020\/09\/16\/presentan-aula-virtual-desde-vive-tv-como-parte-del-regreso-a-clases-ano-escolar-2020-2021\/#breadcrumb","itemListElement":[{"@type":"ListItem","position":1,"name":"Home","item":"https:\/\/www.mpppst.gob.ve\/mpppstweb\/"},{"@type":"ListItem","position":2,"name":"Presentan Aula Virtual desde VIVE TV como parte del Regreso a clases A\u00f1o Escolar 2020-2021"}]},{"@type":"WebSite","@id":"https:\/\/www.mpppst.gob.ve\/mpppstweb\/#website","url":"https:\/\/www.mpppst.gob.ve\/mpppstweb\/","name":"MPPPST","description":"Ministerio del Poder Popular para el Proceso Social de Trabajo","publisher":{"@id":"https:\/\/www.mpppst.gob.ve\/mpppstweb\/#organization"},"potentialAction":[{"@type":"SearchAction","target":{"@type":"EntryPoint","urlTemplate":"https:\/\/www.mpppst.gob.ve\/mpppstweb\/?s={search_term_string}"},"query-input":"required name=search_term_string"}],"inLanguage":"es"},{"@type":"Organization","@id":"https:\/\/www.mpppst.gob.ve\/mpppstweb\/#organization","name":"mpppst","url":"https:\/\/www.mpppst.gob.ve\/mpppstweb\/","logo":{"@type":"ImageObject","inLanguage":"es","@id":"https:\/\/www.mpppst.gob.ve\/mpppstweb\/#\/schema\/logo\/image\/","url":"https:\/\/www.mpppst.gob.ve\/mpppstweb\/wp-content\/uploads\/2025\/07\/cropped-cropped-g910.png","contentUrl":"https:\/\/www.mpppst.gob.ve\/mpppstweb\/wp-content\/uploads\/2025\/07\/cropped-cropped-g910.png","width":1080,"height":241,"caption":"mpppst"},"image":{"@id":"https:\/\/www.mpppst.gob.ve\/mpppstweb\/#\/schema\/logo\/image\/"}},{"@type":"Person","@id":"https:\/\/www.mpppst.gob.ve\/mpppstweb\/#\/schema\/person\/fc187ee8ead412bd4c9304b62f900ea4","name":"MPPPST Prensa","url":"https:\/\/www.mpppst.gob.ve\/mpppstweb\/index.php\/author\/prensa-mpppst\/"}]}},"_links":{"self":[{"href":"https:\/\/www.mpppst.gob.ve\/mpppstweb\/index.php\/wp-json\/wp\/v2\/posts\/19918"}],"collection":[{"href":"https:\/\/www.mpppst.gob.ve\/mpppstweb\/index.php\/wp-json\/wp\/v2\/posts"}],"about":[{"href":"https:\/\/www.mpppst.gob.ve\/mpppstweb\/index.php\/wp-json\/wp\/v2\/types\/post"}],"author":[{"embeddable":true,"href":"https:\/\/www.mpppst.gob.ve\/mpppstweb\/index.php\/wp-json\/wp\/v2\/users\/25"}],"replies":[{"embeddable":true,"href":"https:\/\/www.mpppst.gob.ve\/mpppstweb\/index.php\/wp-json\/wp\/v2\/comments?post=19918"}],"version-history":[{"count":1,"href":"https:\/\/www.mpppst.gob.ve\/mpppstweb\/index.php\/wp-json\/wp\/v2\/posts\/19918\/revisions"}],"predecessor-version":[{"id":19920,"href":"https:\/\/www.mpppst.gob.ve\/mpppstweb\/index.php\/wp-json\/wp\/v2\/posts\/19918\/revisions\/19920"}],"wp:featuredmedia":[{"embeddable":true,"href":"https:\/\/www.mpppst.gob.ve\/mpppstweb\/index.php\/wp-json\/wp\/v2\/media\/19919"}],"wp:attachment":[{"href":"https:\/\/www.mpppst.gob.ve\/mpppstweb\/index.php\/wp-json\/wp\/v2\/media?parent=19918"}],"wp:term":[{"taxonomy":"category","embeddable":true,"href":"https:\/\/www.mpppst.gob.ve\/mpppstweb\/index.php\/wp-json\/wp\/v2\/categories?post=19918"},{"taxonomy":"post_tag","embeddable":true,"href":"https:\/\/www.mpppst.gob.ve\/mpppstweb\/index.php\/wp-json\/wp\/v2\/tags?post=19918"}],"curies":[{"name":"wp","href":"https:\/\/api.w.org\/{rel}","templated":true}]}}