{"id":19948,"date":"2020-09-18T08:53:36","date_gmt":"2020-09-18T12:53:36","guid":{"rendered":"http:\/\/www.mpppst.gob.ve\/mpppstweb\/?p=19948"},"modified":"2020-09-18T08:53:37","modified_gmt":"2020-09-18T12:53:37","slug":"min-comercio-nacional-firma-acuerdo-con-farmacias-para-dispensar-medicamentos-directo-al-hogar","status":"publish","type":"post","link":"https:\/\/www.mpppst.gob.ve\/mpppstweb\/index.php\/2020\/09\/18\/min-comercio-nacional-firma-acuerdo-con-farmacias-para-dispensar-medicamentos-directo-al-hogar\/","title":{"rendered":"Min. Comercio Nacional firma acuerdo con farmacias para dispensar medicamentos directo al hogar"},"content":{"rendered":"\n<p class=\"wp-block-paragraph\">El Ministerio del Poder Popular de Comercio Nacional firm\u00f3 una alianza estrat\u00e9gica con farmacias para proveer a la poblaci\u00f3n de medicamentos sin necesidad de salir de sus viviendas.<\/p>\n\n\n\n<p class=\"wp-block-paragraph\">Dicha alianza se establece para proteger a la poblaci\u00f3n de la COVID-19, en el contexto del Plan de Comercializaci\u00f3n de Bienes Esenciales \u201cYo compro en Casa\u201d, donde se efectuar\u00e1 el abastecimiento de medicamentos para enfermedades cr\u00f3nicas y otras relacionadas.<\/p>\n\n\n\n<p class=\"wp-block-paragraph\">La articulaci\u00f3n y entrega de estos insumos se realizar\u00e1 a trav\u00e9s de los Comit\u00e9s Locales de Abastecimiento Popular (CLAP), a fin de evitar la aglomeraci\u00f3n y concurrencia de personas en los locales farmac\u00e9uticos.<\/p>\n\n\n\n<p class=\"wp-block-paragraph\">El mencionado acuerdo busca garantizar la variedad y surtido de productos farmac\u00e9uticos esenciales, para enfermedades cr\u00f3nicas como hipertensi\u00f3n arterial, hipotiroidismo, cardiopat\u00edas, patolog\u00edas neurol\u00f3gicas y convulsivas, diabetes, hiperplasia prost\u00e1tica, alergias, micosis, procesos infecciosos, gripe, bronquitis, asma bronquial, entre otros, a precios justos para que el pueblo pueda acceder a los medicamentos sin ser afectado por la especulaci\u00f3n.<\/p>\n\n\n\n<p class=\"wp-block-paragraph\">La ministra Eneida Laya acot\u00f3: \u201cEl Gobierno Bolivariano determina que requiere el pueblo y de all\u00ed acciona en funci\u00f3n de cubrir esas necesidades, estamos trabajando para frenar la ola especulativa y propiciando el abastecimiento\u201d, finaliz\u00f3.<\/p>\n\n\n\n<p class=\"wp-block-paragraph\">El proyecto ser\u00e1 establecido a trav\u00e9s de farmacia f\u00edsica, digital, m\u00f3vil solidaria y protecci\u00f3n social, en todas las comunidades del pa\u00eds. Prensa Web VTV<\/p>\n","protected":false},"excerpt":{"rendered":"<p>El Ministerio del Poder Popular de Comercio Nacional firm\u00f3 una alianza estrat\u00e9gica con farmacias para proveer &hellip; <a title=\"Min. Comercio Nacional firma acuerdo con farmacias para dispensar medicamentos directo al hogar\" class=\"hm-read-more\" href=\"https:\/\/www.mpppst.gob.ve\/mpppstweb\/index.php\/2020\/09\/18\/min-comercio-nacional-firma-acuerdo-con-farmacias-para-dispensar-medicamentos-directo-al-hogar\/\"><span class=\"screen-reader-text\">Min. Comercio Nacional firma acuerdo con farmacias para dispensar medicamentos directo al hogar<\/span>Leer m\u00e1s<\/a><\/p>\n","protected":false},"author":25,"featured_media":19949,"comment_status":"closed","ping_status":"closed","sticky":false,"template":"","format":"standard","meta":{"footnotes":""},"categories":[82,163],"tags":[],"class_list":["post-19948","post","type-post","status-publish","format-standard","has-post-thumbnail","hentry","category-gobierno-nacional","category-noticias"],"yoast_head":"<!-- This site is optimized with the Yoast SEO plugin v28.4 - https:\/\/yoast.com\/product\/yoast-seo-wordpress\/ -->\n<title>Min. Comercio Nacional firma acuerdo con farmacias para dispensar medicamentos directo al hogar - MPPPST<\/title>\n<meta name=\"robots\" content=\"index, follow, max-snippet:-1, max-image-preview:large, max-video-preview:-1\" \/>\n<link rel=\"canonical\" href=\"https:\/\/www.mpppst.gob.ve\/mpppstweb\/index.php\/2020\/09\/18\/min-comercio-nacional-firma-acuerdo-con-farmacias-para-dispensar-medicamentos-directo-al-hogar\/\" \/>\n<meta property=\"og:locale\" content=\"es_ES\" \/>\n<meta property=\"og:type\" content=\"article\" \/>\n<meta property=\"og:title\" content=\"Min. Comercio Nacional firma acuerdo con farmacias para dispensar medicamentos directo al hogar - MPPPST\" \/>\n<meta property=\"og:description\" content=\"El Ministerio del Poder Popular de Comercio Nacional firm\u00f3 una alianza estrat\u00e9gica con farmacias para proveer &hellip; Min. Comercio Nacional firma acuerdo con farmacias para dispensar medicamentos directo al hogarLeer m\u00e1s\" \/>\n<meta property=\"og:url\" content=\"https:\/\/www.mpppst.gob.ve\/mpppstweb\/index.php\/2020\/09\/18\/min-comercio-nacional-firma-acuerdo-con-farmacias-para-dispensar-medicamentos-directo-al-hogar\/\" \/>\n<meta property=\"og:site_name\" content=\"MPPPST\" \/>\n<meta property=\"article:publisher\" content=\"https:\/\/www.facebook.com\/mintrabajo_ve\" \/>\n<meta property=\"article:published_time\" content=\"2020-09-18T12:53:36+00:00\" \/>\n<meta property=\"article:modified_time\" content=\"2020-09-18T12:53:37+00:00\" \/>\n<meta property=\"og:image\" content=\"https:\/\/www.mpppst.gob.ve\/mpppstweb\/wp-content\/uploads\/2020\/09\/Captura-de-pantalla-2020-09-17-a-las-7.25.42-p.m.-768x427-1.png\" \/>\n\t<meta property=\"og:image:width\" content=\"768\" \/>\n\t<meta property=\"og:image:height\" content=\"427\" \/>\n\t<meta property=\"og:image:type\" content=\"image\/png\" \/>\n<meta name=\"author\" content=\"MPPPST Prensa\" \/>\n<meta name=\"twitter:card\" content=\"summary_large_image\" \/>\n<script type=\"application\/ld+json\" class=\"yoast-schema-graph\">{\"@context\":\"https:\\\/\\\/schema.org\",\"@graph\":[{\"@type\":\"Article\",\"@id\":\"https:\\\/\\\/www.mpppst.gob.ve\\\/mpppstweb\\\/index.php\\\/2020\\\/09\\\/18\\\/min-comercio-nacional-firma-acuerdo-con-farmacias-para-dispensar-medicamentos-directo-al-hogar\\\/#article\",\"isPartOf\":{\"@id\":\"https:\\\/\\\/www.mpppst.gob.ve\\\/mpppstweb\\\/index.php\\\/2020\\\/09\\\/18\\\/min-comercio-nacional-firma-acuerdo-con-farmacias-para-dispensar-medicamentos-directo-al-hogar\\\/\"},\"author\":{\"name\":\"MPPPST Prensa\",\"@id\":\"https:\\\/\\\/www.mpppst.gob.ve\\\/mpppstweb\\\/#\\\/schema\\\/person\\\/fc187ee8ead412bd4c9304b62f900ea4\"},\"headline\":\"Min. Comercio Nacional firma acuerdo con farmacias para dispensar medicamentos directo al hogar\",\"datePublished\":\"2020-09-18T12:53:36+00:00\",\"dateModified\":\"2020-09-18T12:53:37+00:00\",\"mainEntityOfPage\":{\"@id\":\"https:\\\/\\\/www.mpppst.gob.ve\\\/mpppstweb\\\/index.php\\\/2020\\\/09\\\/18\\\/min-comercio-nacional-firma-acuerdo-con-farmacias-para-dispensar-medicamentos-directo-al-hogar\\\/\"},\"wordCount\":252,\"publisher\":{\"@id\":\"https:\\\/\\\/www.mpppst.gob.ve\\\/mpppstweb\\\/#organization\"},\"image\":{\"@id\":\"https:\\\/\\\/www.mpppst.gob.ve\\\/mpppstweb\\\/index.php\\\/2020\\\/09\\\/18\\\/min-comercio-nacional-firma-acuerdo-con-farmacias-para-dispensar-medicamentos-directo-al-hogar\\\/#primaryimage\"},\"thumbnailUrl\":\"https:\\\/\\\/www.mpppst.gob.ve\\\/mpppstweb\\\/wp-content\\\/uploads\\\/2020\\\/09\\\/Captura-de-pantalla-2020-09-17-a-las-7.25.42-p.m.-768x427-1.png\",\"articleSection\":[\"Gobierno Nacional\",\"Noticias\"],\"inLanguage\":\"es\"},{\"@type\":\"WebPage\",\"@id\":\"https:\\\/\\\/www.mpppst.gob.ve\\\/mpppstweb\\\/index.php\\\/2020\\\/09\\\/18\\\/min-comercio-nacional-firma-acuerdo-con-farmacias-para-dispensar-medicamentos-directo-al-hogar\\\/\",\"url\":\"https:\\\/\\\/www.mpppst.gob.ve\\\/mpppstweb\\\/index.php\\\/2020\\\/09\\\/18\\\/min-comercio-nacional-firma-acuerdo-con-farmacias-para-dispensar-medicamentos-directo-al-hogar\\\/\",\"name\":\"Min. Comercio Nacional firma acuerdo con farmacias para dispensar medicamentos directo al hogar - MPPPST\",\"isPartOf\":{\"@id\":\"https:\\\/\\\/www.mpppst.gob.ve\\\/mpppstweb\\\/#website\"},\"primaryImageOfPage\":{\"@id\":\"https:\\\/\\\/www.mpppst.gob.ve\\\/mpppstweb\\\/index.php\\\/2020\\\/09\\\/18\\\/min-comercio-nacional-firma-acuerdo-con-farmacias-para-dispensar-medicamentos-directo-al-hogar\\\/#primaryimage\"},\"image\":{\"@id\":\"https:\\\/\\\/www.mpppst.gob.ve\\\/mpppstweb\\\/index.php\\\/2020\\\/09\\\/18\\\/min-comercio-nacional-firma-acuerdo-con-farmacias-para-dispensar-medicamentos-directo-al-hogar\\\/#primaryimage\"},\"thumbnailUrl\":\"https:\\\/\\\/www.mpppst.gob.ve\\\/mpppstweb\\\/wp-content\\\/uploads\\\/2020\\\/09\\\/Captura-de-pantalla-2020-09-17-a-las-7.25.42-p.m.-768x427-1.png\",\"datePublished\":\"2020-09-18T12:53:36+00:00\",\"dateModified\":\"2020-09-18T12:53:37+00:00\",\"breadcrumb\":{\"@id\":\"https:\\\/\\\/www.mpppst.gob.ve\\\/mpppstweb\\\/index.php\\\/2020\\\/09\\\/18\\\/min-comercio-nacional-firma-acuerdo-con-farmacias-para-dispensar-medicamentos-directo-al-hogar\\\/#breadcrumb\"},\"inLanguage\":\"es\",\"potentialAction\":[{\"@type\":\"ReadAction\",\"target\":[\"https:\\\/\\\/www.mpppst.gob.ve\\\/mpppstweb\\\/index.php\\\/2020\\\/09\\\/18\\\/min-comercio-nacional-firma-acuerdo-con-farmacias-para-dispensar-medicamentos-directo-al-hogar\\\/\"]}]},{\"@type\":\"ImageObject\",\"inLanguage\":\"es\",\"@id\":\"https:\\\/\\\/www.mpppst.gob.ve\\\/mpppstweb\\\/index.php\\\/2020\\\/09\\\/18\\\/min-comercio-nacional-firma-acuerdo-con-farmacias-para-dispensar-medicamentos-directo-al-hogar\\\/#primaryimage\",\"url\":\"https:\\\/\\\/www.mpppst.gob.ve\\\/mpppstweb\\\/wp-content\\\/uploads\\\/2020\\\/09\\\/Captura-de-pantalla-2020-09-17-a-las-7.25.42-p.m.-768x427-1.png\",\"contentUrl\":\"https:\\\/\\\/www.mpppst.gob.ve\\\/mpppstweb\\\/wp-content\\\/uploads\\\/2020\\\/09\\\/Captura-de-pantalla-2020-09-17-a-las-7.25.42-p.m.-768x427-1.png\",\"width\":768,\"height\":427},{\"@type\":\"BreadcrumbList\",\"@id\":\"https:\\\/\\\/www.mpppst.gob.ve\\\/mpppstweb\\\/index.php\\\/2020\\\/09\\\/18\\\/min-comercio-nacional-firma-acuerdo-con-farmacias-para-dispensar-medicamentos-directo-al-hogar\\\/#breadcrumb\",\"itemListElement\":[{\"@type\":\"ListItem\",\"position\":1,\"name\":\"Home\",\"item\":\"https:\\\/\\\/www.mpppst.gob.ve\\\/mpppstweb\\\/\"},{\"@type\":\"ListItem\",\"position\":2,\"name\":\"Min. Comercio Nacional firma acuerdo con farmacias para dispensar medicamentos directo al hogar\"}]},{\"@type\":\"WebSite\",\"@id\":\"https:\\\/\\\/www.mpppst.gob.ve\\\/mpppstweb\\\/#website\",\"url\":\"https:\\\/\\\/www.mpppst.gob.ve\\\/mpppstweb\\\/\",\"name\":\"MPPPST\",\"description\":\"Sitio web oficial del Ministerio del Poder Popular para el Proceso Social de Trabajo\",\"publisher\":{\"@id\":\"https:\\\/\\\/www.mpppst.gob.ve\\\/mpppstweb\\\/#organization\"},\"alternateName\":\"Ministerio del Poder Popular para el Proceso Social de Trabajo\",\"potentialAction\":[{\"@type\":\"SearchAction\",\"target\":{\"@type\":\"EntryPoint\",\"urlTemplate\":\"https:\\\/\\\/www.mpppst.gob.ve\\\/mpppstweb\\\/?s={search_term_string}\"},\"query-input\":{\"@type\":\"PropertyValueSpecification\",\"valueRequired\":true,\"valueName\":\"search_term_string\"}}],\"inLanguage\":\"es\"},{\"@type\":\"Organization\",\"@id\":\"https:\\\/\\\/www.mpppst.gob.ve\\\/mpppstweb\\\/#organization\",\"name\":\"Ministerio del Poder Popular para el Proceso Social de Trabajo\",\"alternateName\":\"MPPPST\",\"url\":\"https:\\\/\\\/www.mpppst.gob.ve\\\/mpppstweb\\\/\",\"logo\":{\"@type\":\"ImageObject\",\"inLanguage\":\"es\",\"@id\":\"https:\\\/\\\/www.mpppst.gob.ve\\\/mpppstweb\\\/#\\\/schema\\\/logo\\\/image\\\/\",\"url\":\"https:\\\/\\\/www.mpppst.gob.ve\\\/mpppstweb\\\/wp-content\\\/uploads\\\/2025\\\/07\\\/cropped-cropped-g910.png\",\"contentUrl\":\"https:\\\/\\\/www.mpppst.gob.ve\\\/mpppstweb\\\/wp-content\\\/uploads\\\/2025\\\/07\\\/cropped-cropped-g910.png\",\"width\":1080,\"height\":241,\"caption\":\"Ministerio del Poder Popular para el Proceso Social de Trabajo\"},\"image\":{\"@id\":\"https:\\\/\\\/www.mpppst.gob.ve\\\/mpppstweb\\\/#\\\/schema\\\/logo\\\/image\\\/\"},\"sameAs\":[\"https:\\\/\\\/www.facebook.com\\\/mintrabajo_ve\",\"https:\\\/\\\/www.instagram.com\\\/mintrabajo_ve\\\/\",\"https:\\\/\\\/www.tiktok.com\\\/@mintrabajo_ve\",\"https:\\\/\\\/t.me\\\/mpppst\"]},{\"@type\":\"Person\",\"@id\":\"https:\\\/\\\/www.mpppst.gob.ve\\\/mpppstweb\\\/#\\\/schema\\\/person\\\/fc187ee8ead412bd4c9304b62f900ea4\",\"name\":\"MPPPST Prensa\",\"url\":\"https:\\\/\\\/www.mpppst.gob.ve\\\/mpppstweb\\\/index.php\\\/author\\\/prensa-mpppst\\\/\"}]}<\/script>\n<!-- \/ Yoast SEO plugin. -->","yoast_head_json":{"title":"Min. Comercio Nacional firma acuerdo con farmacias para dispensar medicamentos directo al hogar - MPPPST","robots":{"index":"index","follow":"follow","max-snippet":"max-snippet:-1","max-image-preview":"max-image-preview:large","max-video-preview":"max-video-preview:-1"},"canonical":"https:\/\/www.mpppst.gob.ve\/mpppstweb\/index.php\/2020\/09\/18\/min-comercio-nacional-firma-acuerdo-con-farmacias-para-dispensar-medicamentos-directo-al-hogar\/","og_locale":"es_ES","og_type":"article","og_title":"Min. Comercio Nacional firma acuerdo con farmacias para dispensar medicamentos directo al hogar - MPPPST","og_description":"El Ministerio del Poder Popular de Comercio Nacional firm\u00f3 una alianza estrat\u00e9gica con farmacias para proveer &hellip; Min. Comercio Nacional firma acuerdo con farmacias para dispensar medicamentos directo al hogarLeer m\u00e1s","og_url":"https:\/\/www.mpppst.gob.ve\/mpppstweb\/index.php\/2020\/09\/18\/min-comercio-nacional-firma-acuerdo-con-farmacias-para-dispensar-medicamentos-directo-al-hogar\/","og_site_name":"MPPPST","article_publisher":"https:\/\/www.facebook.com\/mintrabajo_ve","article_published_time":"2020-09-18T12:53:36+00:00","article_modified_time":"2020-09-18T12:53:37+00:00","og_image":[{"width":768,"height":427,"url":"https:\/\/www.mpppst.gob.ve\/mpppstweb\/wp-content\/uploads\/2020\/09\/Captura-de-pantalla-2020-09-17-a-las-7.25.42-p.m.-768x427-1.png","type":"image\/png"}],"author":"MPPPST Prensa","twitter_card":"summary_large_image","schema":{"@context":"https:\/\/schema.org","@graph":[{"@type":"Article","@id":"https:\/\/www.mpppst.gob.ve\/mpppstweb\/index.php\/2020\/09\/18\/min-comercio-nacional-firma-acuerdo-con-farmacias-para-dispensar-medicamentos-directo-al-hogar\/#article","isPartOf":{"@id":"https:\/\/www.mpppst.gob.ve\/mpppstweb\/index.php\/2020\/09\/18\/min-comercio-nacional-firma-acuerdo-con-farmacias-para-dispensar-medicamentos-directo-al-hogar\/"},"author":{"name":"MPPPST Prensa","@id":"https:\/\/www.mpppst.gob.ve\/mpppstweb\/#\/schema\/person\/fc187ee8ead412bd4c9304b62f900ea4"},"headline":"Min. Comercio Nacional firma acuerdo con farmacias para dispensar medicamentos directo al hogar","datePublished":"2020-09-18T12:53:36+00:00","dateModified":"2020-09-18T12:53:37+00:00","mainEntityOfPage":{"@id":"https:\/\/www.mpppst.gob.ve\/mpppstweb\/index.php\/2020\/09\/18\/min-comercio-nacional-firma-acuerdo-con-farmacias-para-dispensar-medicamentos-directo-al-hogar\/"},"wordCount":252,"publisher":{"@id":"https:\/\/www.mpppst.gob.ve\/mpppstweb\/#organization"},"image":{"@id":"https:\/\/www.mpppst.gob.ve\/mpppstweb\/index.php\/2020\/09\/18\/min-comercio-nacional-firma-acuerdo-con-farmacias-para-dispensar-medicamentos-directo-al-hogar\/#primaryimage"},"thumbnailUrl":"https:\/\/www.mpppst.gob.ve\/mpppstweb\/wp-content\/uploads\/2020\/09\/Captura-de-pantalla-2020-09-17-a-las-7.25.42-p.m.-768x427-1.png","articleSection":["Gobierno Nacional","Noticias"],"inLanguage":"es"},{"@type":"WebPage","@id":"https:\/\/www.mpppst.gob.ve\/mpppstweb\/index.php\/2020\/09\/18\/min-comercio-nacional-firma-acuerdo-con-farmacias-para-dispensar-medicamentos-directo-al-hogar\/","url":"https:\/\/www.mpppst.gob.ve\/mpppstweb\/index.php\/2020\/09\/18\/min-comercio-nacional-firma-acuerdo-con-farmacias-para-dispensar-medicamentos-directo-al-hogar\/","name":"Min. Comercio Nacional firma acuerdo con farmacias para dispensar medicamentos directo al hogar - MPPPST","isPartOf":{"@id":"https:\/\/www.mpppst.gob.ve\/mpppstweb\/#website"},"primaryImageOfPage":{"@id":"https:\/\/www.mpppst.gob.ve\/mpppstweb\/index.php\/2020\/09\/18\/min-comercio-nacional-firma-acuerdo-con-farmacias-para-dispensar-medicamentos-directo-al-hogar\/#primaryimage"},"image":{"@id":"https:\/\/www.mpppst.gob.ve\/mpppstweb\/index.php\/2020\/09\/18\/min-comercio-nacional-firma-acuerdo-con-farmacias-para-dispensar-medicamentos-directo-al-hogar\/#primaryimage"},"thumbnailUrl":"https:\/\/www.mpppst.gob.ve\/mpppstweb\/wp-content\/uploads\/2020\/09\/Captura-de-pantalla-2020-09-17-a-las-7.25.42-p.m.-768x427-1.png","datePublished":"2020-09-18T12:53:36+00:00","dateModified":"2020-09-18T12:53:37+00:00","breadcrumb":{"@id":"https:\/\/www.mpppst.gob.ve\/mpppstweb\/index.php\/2020\/09\/18\/min-comercio-nacional-firma-acuerdo-con-farmacias-para-dispensar-medicamentos-directo-al-hogar\/#breadcrumb"},"inLanguage":"es","potentialAction":[{"@type":"ReadAction","target":["https:\/\/www.mpppst.gob.ve\/mpppstweb\/index.php\/2020\/09\/18\/min-comercio-nacional-firma-acuerdo-con-farmacias-para-dispensar-medicamentos-directo-al-hogar\/"]}]},{"@type":"ImageObject","inLanguage":"es","@id":"https:\/\/www.mpppst.gob.ve\/mpppstweb\/index.php\/2020\/09\/18\/min-comercio-nacional-firma-acuerdo-con-farmacias-para-dispensar-medicamentos-directo-al-hogar\/#primaryimage","url":"https:\/\/www.mpppst.gob.ve\/mpppstweb\/wp-content\/uploads\/2020\/09\/Captura-de-pantalla-2020-09-17-a-las-7.25.42-p.m.-768x427-1.png","contentUrl":"https:\/\/www.mpppst.gob.ve\/mpppstweb\/wp-content\/uploads\/2020\/09\/Captura-de-pantalla-2020-09-17-a-las-7.25.42-p.m.-768x427-1.png","width":768,"height":427},{"@type":"BreadcrumbList","@id":"https:\/\/www.mpppst.gob.ve\/mpppstweb\/index.php\/2020\/09\/18\/min-comercio-nacional-firma-acuerdo-con-farmacias-para-dispensar-medicamentos-directo-al-hogar\/#breadcrumb","itemListElement":[{"@type":"ListItem","position":1,"name":"Home","item":"https:\/\/www.mpppst.gob.ve\/mpppstweb\/"},{"@type":"ListItem","position":2,"name":"Min. Comercio Nacional firma acuerdo con farmacias para dispensar medicamentos directo al hogar"}]},{"@type":"WebSite","@id":"https:\/\/www.mpppst.gob.ve\/mpppstweb\/#website","url":"https:\/\/www.mpppst.gob.ve\/mpppstweb\/","name":"MPPPST","description":"Sitio web oficial del Ministerio del Poder Popular para el Proceso Social de Trabajo","publisher":{"@id":"https:\/\/www.mpppst.gob.ve\/mpppstweb\/#organization"},"alternateName":"Ministerio del Poder Popular para el Proceso Social de Trabajo","potentialAction":[{"@type":"SearchAction","target":{"@type":"EntryPoint","urlTemplate":"https:\/\/www.mpppst.gob.ve\/mpppstweb\/?s={search_term_string}"},"query-input":{"@type":"PropertyValueSpecification","valueRequired":true,"valueName":"search_term_string"}}],"inLanguage":"es"},{"@type":"Organization","@id":"https:\/\/www.mpppst.gob.ve\/mpppstweb\/#organization","name":"Ministerio del Poder Popular para el Proceso Social de Trabajo","alternateName":"MPPPST","url":"https:\/\/www.mpppst.gob.ve\/mpppstweb\/","logo":{"@type":"ImageObject","inLanguage":"es","@id":"https:\/\/www.mpppst.gob.ve\/mpppstweb\/#\/schema\/logo\/image\/","url":"https:\/\/www.mpppst.gob.ve\/mpppstweb\/wp-content\/uploads\/2025\/07\/cropped-cropped-g910.png","contentUrl":"https:\/\/www.mpppst.gob.ve\/mpppstweb\/wp-content\/uploads\/2025\/07\/cropped-cropped-g910.png","width":1080,"height":241,"caption":"Ministerio del Poder Popular para el Proceso Social de Trabajo"},"image":{"@id":"https:\/\/www.mpppst.gob.ve\/mpppstweb\/#\/schema\/logo\/image\/"},"sameAs":["https:\/\/www.facebook.com\/mintrabajo_ve","https:\/\/www.instagram.com\/mintrabajo_ve\/","https:\/\/www.tiktok.com\/@mintrabajo_ve","https:\/\/t.me\/mpppst"]},{"@type":"Person","@id":"https:\/\/www.mpppst.gob.ve\/mpppstweb\/#\/schema\/person\/fc187ee8ead412bd4c9304b62f900ea4","name":"MPPPST Prensa","url":"https:\/\/www.mpppst.gob.ve\/mpppstweb\/index.php\/author\/prensa-mpppst\/"}]}},"_links":{"self":[{"href":"https:\/\/www.mpppst.gob.ve\/mpppstweb\/index.php\/wp-json\/wp\/v2\/posts\/19948","targetHints":{"allow":["GET"]}}],"collection":[{"href":"https:\/\/www.mpppst.gob.ve\/mpppstweb\/index.php\/wp-json\/wp\/v2\/posts"}],"about":[{"href":"https:\/\/www.mpppst.gob.ve\/mpppstweb\/index.php\/wp-json\/wp\/v2\/types\/post"}],"author":[{"embeddable":true,"href":"https:\/\/www.mpppst.gob.ve\/mpppstweb\/index.php\/wp-json\/wp\/v2\/users\/25"}],"replies":[{"embeddable":true,"href":"https:\/\/www.mpppst.gob.ve\/mpppstweb\/index.php\/wp-json\/wp\/v2\/comments?post=19948"}],"version-history":[{"count":1,"href":"https:\/\/www.mpppst.gob.ve\/mpppstweb\/index.php\/wp-json\/wp\/v2\/posts\/19948\/revisions"}],"predecessor-version":[{"id":19950,"href":"https:\/\/www.mpppst.gob.ve\/mpppstweb\/index.php\/wp-json\/wp\/v2\/posts\/19948\/revisions\/19950"}],"wp:featuredmedia":[{"embeddable":true,"href":"https:\/\/www.mpppst.gob.ve\/mpppstweb\/index.php\/wp-json\/wp\/v2\/media\/19949"}],"wp:attachment":[{"href":"https:\/\/www.mpppst.gob.ve\/mpppstweb\/index.php\/wp-json\/wp\/v2\/media?parent=19948"}],"wp:term":[{"taxonomy":"category","embeddable":true,"href":"https:\/\/www.mpppst.gob.ve\/mpppstweb\/index.php\/wp-json\/wp\/v2\/categories?post=19948"},{"taxonomy":"post_tag","embeddable":true,"href":"https:\/\/www.mpppst.gob.ve\/mpppstweb\/index.php\/wp-json\/wp\/v2\/tags?post=19948"}],"curies":[{"name":"wp","href":"https:\/\/api.w.org\/{rel}","templated":true}]}}