{"id":19994,"date":"2020-09-22T08:48:44","date_gmt":"2020-09-22T12:48:44","guid":{"rendered":"http:\/\/www.mpppst.gob.ve\/mpppstweb\/?p=19994"},"modified":"2020-09-22T08:48:45","modified_gmt":"2020-09-22T12:48:45","slug":"oms-estima-tener-2-000-millones-de-dosis-de-vacunas-contra-covid-19-para-fines-de-2021","status":"publish","type":"post","link":"https:\/\/www.mpppst.gob.ve\/mpppstweb\/index.php\/2020\/09\/22\/oms-estima-tener-2-000-millones-de-dosis-de-vacunas-contra-covid-19-para-fines-de-2021\/","title":{"rendered":"OMS estima tener 2.000 millones de dosis de vacunas contra COVID-19 para fines de 2021"},"content":{"rendered":"\n<p class=\"wp-block-paragraph\">La&nbsp;<strong>Organizaci\u00f3n Mundial de la Salud<\/strong>&nbsp;(OMS) anunci\u00f3 una alianza con 156 naciones que integran la iniciativa global Covax con miras a lograr&nbsp;<strong>la distribuci\u00f3n equitativa de las dosis de una vacuna efectiva contra la&nbsp;<a href=\"https:\/\/www.vtv.gob.ve\/estudio-uso-mascarillas-tipo-inmunidad-covid19\/\">COVID-19<\/a>,&nbsp;<\/strong>y \u201cgarantizar que todos los pa\u00edses tengan acceso a una vacuna al mismo tiempo\u201d, adem\u00e1s de conseguir unos 2.000 millones de dosis, suficientes para inmunizar uno de cada siete seres humanos antes del final de 2021.<\/p>\n\n\n\n<p class=\"wp-block-paragraph\">La informaci\u00f3n la dio a conocer el director general de la OMS,<strong>&nbsp;Tedros Adhanom Ghebreyesus<\/strong>, quien explic\u00f3 que m\u00e1s de 90 pa\u00edses o entidades con ingresos bajos y medios van adherirse al dispositivo, as\u00ed como 64 pa\u00edses con ingresos altos.<\/p>\n\n\n\n<p class=\"wp-block-paragraph\">Entre estos figuran los compromisos de la Comisi\u00f3n Europea, en nombre de los 27 pa\u00edses miembros de la UE, m\u00e1s Noruega e Islandia, rese\u00f1an medios internacionales.<\/p>\n\n\n\n<p class=\"wp-block-paragraph\">\u201cO nadamos todos juntos o nos hundiremos juntos\u201d, subray\u00f3 el experto et\u00edope durante una conferencia de prensa, en la que pidi\u00f3 mayor compromiso mundial en esta red, que en su opini\u00f3n \u201cayudar\u00e1 a controlar la pandemia, salvar vidas, acelerar la recuperaci\u00f3n econ\u00f3mica y garantizar que la carrera por la vacuna no es una competici\u00f3n\u201d, agreg\u00f3.&nbsp;<\/p>\n\n\n\n<p class=\"wp-block-paragraph\">Nueve candidatas a vacuna se han unido tambi\u00e9n a la red Covax de desarrollo y distribuci\u00f3n, entre ellas dos que se encuentran en la \u00faltima fase de experimentaci\u00f3n, la de la estadounidense Moderna y la de AstraZeneca junto a la Universidad brit\u00e1nica de Oxford, cuyo estudio fue interrumpido durante unos d\u00edas pero ya ha sido reanudado, rese\u00f1a una nota de Telesur. Prensa Web VTV<\/p>\n","protected":false},"excerpt":{"rendered":"<p>La&nbsp;Organizaci\u00f3n Mundial de la Salud&nbsp;(OMS) anunci\u00f3 una alianza con 156 naciones que integran la iniciativa global &hellip; <a title=\"OMS estima tener 2.000 millones de dosis de vacunas contra COVID-19 para fines de 2021\" class=\"hm-read-more\" href=\"https:\/\/www.mpppst.gob.ve\/mpppstweb\/index.php\/2020\/09\/22\/oms-estima-tener-2-000-millones-de-dosis-de-vacunas-contra-covid-19-para-fines-de-2021\/\"><span class=\"screen-reader-text\">OMS estima tener 2.000 millones de dosis de vacunas contra COVID-19 para fines de 2021<\/span>Leer m\u00e1s<\/a><\/p>\n","protected":false},"author":25,"featured_media":19995,"comment_status":"closed","ping_status":"closed","sticky":false,"template":"","format":"standard","meta":{"footnotes":""},"categories":[260,163],"tags":[],"class_list":["post-19994","post","type-post","status-publish","format-standard","has-post-thumbnail","hentry","category-internacionales-2","category-noticias"],"yoast_head":"<!-- This site is optimized with the Yoast SEO plugin v28.4 - https:\/\/yoast.com\/product\/yoast-seo-wordpress\/ -->\n<title>OMS estima tener 2.000 millones de dosis de vacunas contra COVID-19 para fines de 2021 - MPPPST<\/title>\n<meta name=\"robots\" content=\"index, follow, max-snippet:-1, max-image-preview:large, max-video-preview:-1\" \/>\n<link rel=\"canonical\" href=\"https:\/\/www.mpppst.gob.ve\/mpppstweb\/index.php\/2020\/09\/22\/oms-estima-tener-2-000-millones-de-dosis-de-vacunas-contra-covid-19-para-fines-de-2021\/\" \/>\n<meta property=\"og:locale\" content=\"es_ES\" \/>\n<meta property=\"og:type\" content=\"article\" \/>\n<meta property=\"og:title\" content=\"OMS estima tener 2.000 millones de dosis de vacunas contra COVID-19 para fines de 2021 - MPPPST\" \/>\n<meta property=\"og:description\" content=\"La&nbsp;Organizaci\u00f3n Mundial de la Salud&nbsp;(OMS) anunci\u00f3 una alianza con 156 naciones que integran la iniciativa global &hellip; OMS estima tener 2.000 millones de dosis de vacunas contra COVID-19 para fines de 2021Leer m\u00e1s\" \/>\n<meta property=\"og:url\" content=\"https:\/\/www.mpppst.gob.ve\/mpppstweb\/index.php\/2020\/09\/22\/oms-estima-tener-2-000-millones-de-dosis-de-vacunas-contra-covid-19-para-fines-de-2021\/\" \/>\n<meta property=\"og:site_name\" content=\"MPPPST\" \/>\n<meta property=\"article:publisher\" content=\"https:\/\/www.facebook.com\/mintrabajo_ve\" \/>\n<meta property=\"article:published_time\" content=\"2020-09-22T12:48:44+00:00\" \/>\n<meta property=\"article:modified_time\" content=\"2020-09-22T12:48:45+00:00\" \/>\n<meta property=\"og:image\" content=\"https:\/\/www.mpppst.gob.ve\/mpppstweb\/wp-content\/uploads\/2020\/09\/1ONU.jpg\" \/>\n\t<meta property=\"og:image:width\" content=\"800\" \/>\n\t<meta property=\"og:image:height\" content=\"445\" \/>\n\t<meta property=\"og:image:type\" content=\"image\/jpeg\" \/>\n<meta name=\"author\" content=\"MPPPST Prensa\" \/>\n<meta name=\"twitter:card\" content=\"summary_large_image\" \/>\n<script type=\"application\/ld+json\" class=\"yoast-schema-graph\">{\"@context\":\"https:\\\/\\\/schema.org\",\"@graph\":[{\"@type\":\"Article\",\"@id\":\"https:\\\/\\\/www.mpppst.gob.ve\\\/mpppstweb\\\/index.php\\\/2020\\\/09\\\/22\\\/oms-estima-tener-2-000-millones-de-dosis-de-vacunas-contra-covid-19-para-fines-de-2021\\\/#article\",\"isPartOf\":{\"@id\":\"https:\\\/\\\/www.mpppst.gob.ve\\\/mpppstweb\\\/index.php\\\/2020\\\/09\\\/22\\\/oms-estima-tener-2-000-millones-de-dosis-de-vacunas-contra-covid-19-para-fines-de-2021\\\/\"},\"author\":{\"name\":\"MPPPST Prensa\",\"@id\":\"https:\\\/\\\/www.mpppst.gob.ve\\\/mpppstweb\\\/#\\\/schema\\\/person\\\/fc187ee8ead412bd4c9304b62f900ea4\"},\"headline\":\"OMS estima tener 2.000 millones de dosis de vacunas contra COVID-19 para fines de 2021\",\"datePublished\":\"2020-09-22T12:48:44+00:00\",\"dateModified\":\"2020-09-22T12:48:45+00:00\",\"mainEntityOfPage\":{\"@id\":\"https:\\\/\\\/www.mpppst.gob.ve\\\/mpppstweb\\\/index.php\\\/2020\\\/09\\\/22\\\/oms-estima-tener-2-000-millones-de-dosis-de-vacunas-contra-covid-19-para-fines-de-2021\\\/\"},\"wordCount\":294,\"publisher\":{\"@id\":\"https:\\\/\\\/www.mpppst.gob.ve\\\/mpppstweb\\\/#organization\"},\"image\":{\"@id\":\"https:\\\/\\\/www.mpppst.gob.ve\\\/mpppstweb\\\/index.php\\\/2020\\\/09\\\/22\\\/oms-estima-tener-2-000-millones-de-dosis-de-vacunas-contra-covid-19-para-fines-de-2021\\\/#primaryimage\"},\"thumbnailUrl\":\"https:\\\/\\\/www.mpppst.gob.ve\\\/mpppstweb\\\/wp-content\\\/uploads\\\/2020\\\/09\\\/1ONU.jpg\",\"articleSection\":[\"Internacionales\",\"Noticias\"],\"inLanguage\":\"es\"},{\"@type\":\"WebPage\",\"@id\":\"https:\\\/\\\/www.mpppst.gob.ve\\\/mpppstweb\\\/index.php\\\/2020\\\/09\\\/22\\\/oms-estima-tener-2-000-millones-de-dosis-de-vacunas-contra-covid-19-para-fines-de-2021\\\/\",\"url\":\"https:\\\/\\\/www.mpppst.gob.ve\\\/mpppstweb\\\/index.php\\\/2020\\\/09\\\/22\\\/oms-estima-tener-2-000-millones-de-dosis-de-vacunas-contra-covid-19-para-fines-de-2021\\\/\",\"name\":\"OMS estima tener 2.000 millones de dosis de vacunas contra COVID-19 para fines de 2021 - MPPPST\",\"isPartOf\":{\"@id\":\"https:\\\/\\\/www.mpppst.gob.ve\\\/mpppstweb\\\/#website\"},\"primaryImageOfPage\":{\"@id\":\"https:\\\/\\\/www.mpppst.gob.ve\\\/mpppstweb\\\/index.php\\\/2020\\\/09\\\/22\\\/oms-estima-tener-2-000-millones-de-dosis-de-vacunas-contra-covid-19-para-fines-de-2021\\\/#primaryimage\"},\"image\":{\"@id\":\"https:\\\/\\\/www.mpppst.gob.ve\\\/mpppstweb\\\/index.php\\\/2020\\\/09\\\/22\\\/oms-estima-tener-2-000-millones-de-dosis-de-vacunas-contra-covid-19-para-fines-de-2021\\\/#primaryimage\"},\"thumbnailUrl\":\"https:\\\/\\\/www.mpppst.gob.ve\\\/mpppstweb\\\/wp-content\\\/uploads\\\/2020\\\/09\\\/1ONU.jpg\",\"datePublished\":\"2020-09-22T12:48:44+00:00\",\"dateModified\":\"2020-09-22T12:48:45+00:00\",\"breadcrumb\":{\"@id\":\"https:\\\/\\\/www.mpppst.gob.ve\\\/mpppstweb\\\/index.php\\\/2020\\\/09\\\/22\\\/oms-estima-tener-2-000-millones-de-dosis-de-vacunas-contra-covid-19-para-fines-de-2021\\\/#breadcrumb\"},\"inLanguage\":\"es\",\"potentialAction\":[{\"@type\":\"ReadAction\",\"target\":[\"https:\\\/\\\/www.mpppst.gob.ve\\\/mpppstweb\\\/index.php\\\/2020\\\/09\\\/22\\\/oms-estima-tener-2-000-millones-de-dosis-de-vacunas-contra-covid-19-para-fines-de-2021\\\/\"]}]},{\"@type\":\"ImageObject\",\"inLanguage\":\"es\",\"@id\":\"https:\\\/\\\/www.mpppst.gob.ve\\\/mpppstweb\\\/index.php\\\/2020\\\/09\\\/22\\\/oms-estima-tener-2-000-millones-de-dosis-de-vacunas-contra-covid-19-para-fines-de-2021\\\/#primaryimage\",\"url\":\"https:\\\/\\\/www.mpppst.gob.ve\\\/mpppstweb\\\/wp-content\\\/uploads\\\/2020\\\/09\\\/1ONU.jpg\",\"contentUrl\":\"https:\\\/\\\/www.mpppst.gob.ve\\\/mpppstweb\\\/wp-content\\\/uploads\\\/2020\\\/09\\\/1ONU.jpg\",\"width\":800,\"height\":445},{\"@type\":\"BreadcrumbList\",\"@id\":\"https:\\\/\\\/www.mpppst.gob.ve\\\/mpppstweb\\\/index.php\\\/2020\\\/09\\\/22\\\/oms-estima-tener-2-000-millones-de-dosis-de-vacunas-contra-covid-19-para-fines-de-2021\\\/#breadcrumb\",\"itemListElement\":[{\"@type\":\"ListItem\",\"position\":1,\"name\":\"Home\",\"item\":\"https:\\\/\\\/www.mpppst.gob.ve\\\/mpppstweb\\\/\"},{\"@type\":\"ListItem\",\"position\":2,\"name\":\"OMS estima tener 2.000 millones de dosis de vacunas contra COVID-19 para fines de 2021\"}]},{\"@type\":\"WebSite\",\"@id\":\"https:\\\/\\\/www.mpppst.gob.ve\\\/mpppstweb\\\/#website\",\"url\":\"https:\\\/\\\/www.mpppst.gob.ve\\\/mpppstweb\\\/\",\"name\":\"MPPPST\",\"description\":\"Sitio web oficial del Ministerio del Poder Popular para el Proceso Social de Trabajo\",\"publisher\":{\"@id\":\"https:\\\/\\\/www.mpppst.gob.ve\\\/mpppstweb\\\/#organization\"},\"alternateName\":\"Ministerio del Poder Popular para el Proceso Social de Trabajo\",\"potentialAction\":[{\"@type\":\"SearchAction\",\"target\":{\"@type\":\"EntryPoint\",\"urlTemplate\":\"https:\\\/\\\/www.mpppst.gob.ve\\\/mpppstweb\\\/?s={search_term_string}\"},\"query-input\":{\"@type\":\"PropertyValueSpecification\",\"valueRequired\":true,\"valueName\":\"search_term_string\"}}],\"inLanguage\":\"es\"},{\"@type\":\"Organization\",\"@id\":\"https:\\\/\\\/www.mpppst.gob.ve\\\/mpppstweb\\\/#organization\",\"name\":\"Ministerio del Poder Popular para el Proceso Social de Trabajo\",\"alternateName\":\"MPPPST\",\"url\":\"https:\\\/\\\/www.mpppst.gob.ve\\\/mpppstweb\\\/\",\"logo\":{\"@type\":\"ImageObject\",\"inLanguage\":\"es\",\"@id\":\"https:\\\/\\\/www.mpppst.gob.ve\\\/mpppstweb\\\/#\\\/schema\\\/logo\\\/image\\\/\",\"url\":\"https:\\\/\\\/www.mpppst.gob.ve\\\/mpppstweb\\\/wp-content\\\/uploads\\\/2025\\\/07\\\/cropped-cropped-g910.png\",\"contentUrl\":\"https:\\\/\\\/www.mpppst.gob.ve\\\/mpppstweb\\\/wp-content\\\/uploads\\\/2025\\\/07\\\/cropped-cropped-g910.png\",\"width\":1080,\"height\":241,\"caption\":\"Ministerio del Poder Popular para el Proceso Social de Trabajo\"},\"image\":{\"@id\":\"https:\\\/\\\/www.mpppst.gob.ve\\\/mpppstweb\\\/#\\\/schema\\\/logo\\\/image\\\/\"},\"sameAs\":[\"https:\\\/\\\/www.facebook.com\\\/mintrabajo_ve\",\"https:\\\/\\\/www.instagram.com\\\/mintrabajo_ve\\\/\",\"https:\\\/\\\/www.tiktok.com\\\/@mintrabajo_ve\",\"https:\\\/\\\/t.me\\\/mpppst\"]},{\"@type\":\"Person\",\"@id\":\"https:\\\/\\\/www.mpppst.gob.ve\\\/mpppstweb\\\/#\\\/schema\\\/person\\\/fc187ee8ead412bd4c9304b62f900ea4\",\"name\":\"MPPPST Prensa\",\"url\":\"https:\\\/\\\/www.mpppst.gob.ve\\\/mpppstweb\\\/index.php\\\/author\\\/prensa-mpppst\\\/\"}]}<\/script>\n<!-- \/ Yoast SEO plugin. -->","yoast_head_json":{"title":"OMS estima tener 2.000 millones de dosis de vacunas contra COVID-19 para fines de 2021 - MPPPST","robots":{"index":"index","follow":"follow","max-snippet":"max-snippet:-1","max-image-preview":"max-image-preview:large","max-video-preview":"max-video-preview:-1"},"canonical":"https:\/\/www.mpppst.gob.ve\/mpppstweb\/index.php\/2020\/09\/22\/oms-estima-tener-2-000-millones-de-dosis-de-vacunas-contra-covid-19-para-fines-de-2021\/","og_locale":"es_ES","og_type":"article","og_title":"OMS estima tener 2.000 millones de dosis de vacunas contra COVID-19 para fines de 2021 - MPPPST","og_description":"La&nbsp;Organizaci\u00f3n Mundial de la Salud&nbsp;(OMS) anunci\u00f3 una alianza con 156 naciones que integran la iniciativa global &hellip; OMS estima tener 2.000 millones de dosis de vacunas contra COVID-19 para fines de 2021Leer m\u00e1s","og_url":"https:\/\/www.mpppst.gob.ve\/mpppstweb\/index.php\/2020\/09\/22\/oms-estima-tener-2-000-millones-de-dosis-de-vacunas-contra-covid-19-para-fines-de-2021\/","og_site_name":"MPPPST","article_publisher":"https:\/\/www.facebook.com\/mintrabajo_ve","article_published_time":"2020-09-22T12:48:44+00:00","article_modified_time":"2020-09-22T12:48:45+00:00","og_image":[{"width":800,"height":445,"url":"https:\/\/www.mpppst.gob.ve\/mpppstweb\/wp-content\/uploads\/2020\/09\/1ONU.jpg","type":"image\/jpeg"}],"author":"MPPPST Prensa","twitter_card":"summary_large_image","schema":{"@context":"https:\/\/schema.org","@graph":[{"@type":"Article","@id":"https:\/\/www.mpppst.gob.ve\/mpppstweb\/index.php\/2020\/09\/22\/oms-estima-tener-2-000-millones-de-dosis-de-vacunas-contra-covid-19-para-fines-de-2021\/#article","isPartOf":{"@id":"https:\/\/www.mpppst.gob.ve\/mpppstweb\/index.php\/2020\/09\/22\/oms-estima-tener-2-000-millones-de-dosis-de-vacunas-contra-covid-19-para-fines-de-2021\/"},"author":{"name":"MPPPST Prensa","@id":"https:\/\/www.mpppst.gob.ve\/mpppstweb\/#\/schema\/person\/fc187ee8ead412bd4c9304b62f900ea4"},"headline":"OMS estima tener 2.000 millones de dosis de vacunas contra COVID-19 para fines de 2021","datePublished":"2020-09-22T12:48:44+00:00","dateModified":"2020-09-22T12:48:45+00:00","mainEntityOfPage":{"@id":"https:\/\/www.mpppst.gob.ve\/mpppstweb\/index.php\/2020\/09\/22\/oms-estima-tener-2-000-millones-de-dosis-de-vacunas-contra-covid-19-para-fines-de-2021\/"},"wordCount":294,"publisher":{"@id":"https:\/\/www.mpppst.gob.ve\/mpppstweb\/#organization"},"image":{"@id":"https:\/\/www.mpppst.gob.ve\/mpppstweb\/index.php\/2020\/09\/22\/oms-estima-tener-2-000-millones-de-dosis-de-vacunas-contra-covid-19-para-fines-de-2021\/#primaryimage"},"thumbnailUrl":"https:\/\/www.mpppst.gob.ve\/mpppstweb\/wp-content\/uploads\/2020\/09\/1ONU.jpg","articleSection":["Internacionales","Noticias"],"inLanguage":"es"},{"@type":"WebPage","@id":"https:\/\/www.mpppst.gob.ve\/mpppstweb\/index.php\/2020\/09\/22\/oms-estima-tener-2-000-millones-de-dosis-de-vacunas-contra-covid-19-para-fines-de-2021\/","url":"https:\/\/www.mpppst.gob.ve\/mpppstweb\/index.php\/2020\/09\/22\/oms-estima-tener-2-000-millones-de-dosis-de-vacunas-contra-covid-19-para-fines-de-2021\/","name":"OMS estima tener 2.000 millones de dosis de vacunas contra COVID-19 para fines de 2021 - MPPPST","isPartOf":{"@id":"https:\/\/www.mpppst.gob.ve\/mpppstweb\/#website"},"primaryImageOfPage":{"@id":"https:\/\/www.mpppst.gob.ve\/mpppstweb\/index.php\/2020\/09\/22\/oms-estima-tener-2-000-millones-de-dosis-de-vacunas-contra-covid-19-para-fines-de-2021\/#primaryimage"},"image":{"@id":"https:\/\/www.mpppst.gob.ve\/mpppstweb\/index.php\/2020\/09\/22\/oms-estima-tener-2-000-millones-de-dosis-de-vacunas-contra-covid-19-para-fines-de-2021\/#primaryimage"},"thumbnailUrl":"https:\/\/www.mpppst.gob.ve\/mpppstweb\/wp-content\/uploads\/2020\/09\/1ONU.jpg","datePublished":"2020-09-22T12:48:44+00:00","dateModified":"2020-09-22T12:48:45+00:00","breadcrumb":{"@id":"https:\/\/www.mpppst.gob.ve\/mpppstweb\/index.php\/2020\/09\/22\/oms-estima-tener-2-000-millones-de-dosis-de-vacunas-contra-covid-19-para-fines-de-2021\/#breadcrumb"},"inLanguage":"es","potentialAction":[{"@type":"ReadAction","target":["https:\/\/www.mpppst.gob.ve\/mpppstweb\/index.php\/2020\/09\/22\/oms-estima-tener-2-000-millones-de-dosis-de-vacunas-contra-covid-19-para-fines-de-2021\/"]}]},{"@type":"ImageObject","inLanguage":"es","@id":"https:\/\/www.mpppst.gob.ve\/mpppstweb\/index.php\/2020\/09\/22\/oms-estima-tener-2-000-millones-de-dosis-de-vacunas-contra-covid-19-para-fines-de-2021\/#primaryimage","url":"https:\/\/www.mpppst.gob.ve\/mpppstweb\/wp-content\/uploads\/2020\/09\/1ONU.jpg","contentUrl":"https:\/\/www.mpppst.gob.ve\/mpppstweb\/wp-content\/uploads\/2020\/09\/1ONU.jpg","width":800,"height":445},{"@type":"BreadcrumbList","@id":"https:\/\/www.mpppst.gob.ve\/mpppstweb\/index.php\/2020\/09\/22\/oms-estima-tener-2-000-millones-de-dosis-de-vacunas-contra-covid-19-para-fines-de-2021\/#breadcrumb","itemListElement":[{"@type":"ListItem","position":1,"name":"Home","item":"https:\/\/www.mpppst.gob.ve\/mpppstweb\/"},{"@type":"ListItem","position":2,"name":"OMS estima tener 2.000 millones de dosis de vacunas contra COVID-19 para fines de 2021"}]},{"@type":"WebSite","@id":"https:\/\/www.mpppst.gob.ve\/mpppstweb\/#website","url":"https:\/\/www.mpppst.gob.ve\/mpppstweb\/","name":"MPPPST","description":"Sitio web oficial del Ministerio del Poder Popular para el Proceso Social de Trabajo","publisher":{"@id":"https:\/\/www.mpppst.gob.ve\/mpppstweb\/#organization"},"alternateName":"Ministerio del Poder Popular para el Proceso Social de Trabajo","potentialAction":[{"@type":"SearchAction","target":{"@type":"EntryPoint","urlTemplate":"https:\/\/www.mpppst.gob.ve\/mpppstweb\/?s={search_term_string}"},"query-input":{"@type":"PropertyValueSpecification","valueRequired":true,"valueName":"search_term_string"}}],"inLanguage":"es"},{"@type":"Organization","@id":"https:\/\/www.mpppst.gob.ve\/mpppstweb\/#organization","name":"Ministerio del Poder Popular para el Proceso Social de Trabajo","alternateName":"MPPPST","url":"https:\/\/www.mpppst.gob.ve\/mpppstweb\/","logo":{"@type":"ImageObject","inLanguage":"es","@id":"https:\/\/www.mpppst.gob.ve\/mpppstweb\/#\/schema\/logo\/image\/","url":"https:\/\/www.mpppst.gob.ve\/mpppstweb\/wp-content\/uploads\/2025\/07\/cropped-cropped-g910.png","contentUrl":"https:\/\/www.mpppst.gob.ve\/mpppstweb\/wp-content\/uploads\/2025\/07\/cropped-cropped-g910.png","width":1080,"height":241,"caption":"Ministerio del Poder Popular para el Proceso Social de Trabajo"},"image":{"@id":"https:\/\/www.mpppst.gob.ve\/mpppstweb\/#\/schema\/logo\/image\/"},"sameAs":["https:\/\/www.facebook.com\/mintrabajo_ve","https:\/\/www.instagram.com\/mintrabajo_ve\/","https:\/\/www.tiktok.com\/@mintrabajo_ve","https:\/\/t.me\/mpppst"]},{"@type":"Person","@id":"https:\/\/www.mpppst.gob.ve\/mpppstweb\/#\/schema\/person\/fc187ee8ead412bd4c9304b62f900ea4","name":"MPPPST Prensa","url":"https:\/\/www.mpppst.gob.ve\/mpppstweb\/index.php\/author\/prensa-mpppst\/"}]}},"_links":{"self":[{"href":"https:\/\/www.mpppst.gob.ve\/mpppstweb\/index.php\/wp-json\/wp\/v2\/posts\/19994","targetHints":{"allow":["GET"]}}],"collection":[{"href":"https:\/\/www.mpppst.gob.ve\/mpppstweb\/index.php\/wp-json\/wp\/v2\/posts"}],"about":[{"href":"https:\/\/www.mpppst.gob.ve\/mpppstweb\/index.php\/wp-json\/wp\/v2\/types\/post"}],"author":[{"embeddable":true,"href":"https:\/\/www.mpppst.gob.ve\/mpppstweb\/index.php\/wp-json\/wp\/v2\/users\/25"}],"replies":[{"embeddable":true,"href":"https:\/\/www.mpppst.gob.ve\/mpppstweb\/index.php\/wp-json\/wp\/v2\/comments?post=19994"}],"version-history":[{"count":1,"href":"https:\/\/www.mpppst.gob.ve\/mpppstweb\/index.php\/wp-json\/wp\/v2\/posts\/19994\/revisions"}],"predecessor-version":[{"id":19996,"href":"https:\/\/www.mpppst.gob.ve\/mpppstweb\/index.php\/wp-json\/wp\/v2\/posts\/19994\/revisions\/19996"}],"wp:featuredmedia":[{"embeddable":true,"href":"https:\/\/www.mpppst.gob.ve\/mpppstweb\/index.php\/wp-json\/wp\/v2\/media\/19995"}],"wp:attachment":[{"href":"https:\/\/www.mpppst.gob.ve\/mpppstweb\/index.php\/wp-json\/wp\/v2\/media?parent=19994"}],"wp:term":[{"taxonomy":"category","embeddable":true,"href":"https:\/\/www.mpppst.gob.ve\/mpppstweb\/index.php\/wp-json\/wp\/v2\/categories?post=19994"},{"taxonomy":"post_tag","embeddable":true,"href":"https:\/\/www.mpppst.gob.ve\/mpppstweb\/index.php\/wp-json\/wp\/v2\/tags?post=19994"}],"curies":[{"name":"wp","href":"https:\/\/api.w.org\/{rel}","templated":true}]}}