{"id":20003,"date":"2020-09-24T19:19:45","date_gmt":"2020-09-24T23:19:45","guid":{"rendered":"http:\/\/www.mpppst.gob.ve\/mpppstweb\/?p=20003"},"modified":"2020-09-24T19:19:46","modified_gmt":"2020-09-24T23:19:46","slug":"ministro-pinate-presidente-maduro-llevo-la-verdad-de-venezuela-ante-la-asamblea-general-de-las-naciones-unidas","status":"publish","type":"post","link":"https:\/\/www.mpppst.gob.ve\/mpppstweb\/index.php\/2020\/09\/24\/ministro-pinate-presidente-maduro-llevo-la-verdad-de-venezuela-ante-la-asamblea-general-de-las-naciones-unidas\/","title":{"rendered":"Ministro Pi\u00f1ate: Presidente Maduro llev\u00f3 la verdad de Venezuela ante la Asamblea General de las Naciones Unidas"},"content":{"rendered":"\n<p><\/p>\n\n\n\n<p><em>Prensa Min Proceso Social de Trabajo 24.09.2020.-<\/em> El ministro del Poder Popular para el Proceso Social de Trabajo, Eduardo Pi\u00f1ate, manifest\u00f3 este jueves que el presidente Nicol\u00e1s Maduro, alz\u00f3 la voz de la naci\u00f3n ante el mundo, durante su participaci\u00f3n en el debate general del 75\u00b0 periodo ordinario de sesiones de la Asamblea General de la Organizaci\u00f3n de las Naciones Unidas (ONU).<\/p>\n\n\n\n<p>Al respecto destac\u00f3 que el Dignatario Nacional expuso \u201cla verdad de Venezuela\u201d, ante un acumulado de campa\u00f1as de difamaci\u00f3n, mentiras, expres\u00f3 el ministro durante la transmisi\u00f3n del programa radial <em>Revoluci\u00f3n y <\/em>Trabajo<\/p>\n\n\n\n<figure class=\"wp-block-image size-large\"><img decoding=\"async\" loading=\"lazy\" width=\"1024\" height=\"576\" src=\"http:\/\/www.mpppst.gob.ve\/mpppstweb\/wp-content\/uploads\/2020\/09\/IMG-20200924-WA0039.jpg\" alt=\"\" class=\"wp-image-20004\" srcset=\"https:\/\/www.mpppst.gob.ve\/mpppstweb\/wp-content\/uploads\/2020\/09\/IMG-20200924-WA0039.jpg 1024w, https:\/\/www.mpppst.gob.ve\/mpppstweb\/wp-content\/uploads\/2020\/09\/IMG-20200924-WA0039-300x169.jpg 300w, https:\/\/www.mpppst.gob.ve\/mpppstweb\/wp-content\/uploads\/2020\/09\/IMG-20200924-WA0039-768x432.jpg 768w\" sizes=\"(max-width: 1024px) 100vw, 1024px\" \/><\/figure>\n\n\n\n<p>\u201cDe agravios contra la Rep\u00fablica y contra nuestro pueblo, fue un discurso sin desperdicio, el discurso de un estadista grande de estos tiempos y la dignidad, la valent\u00eda, el coraje, la rebeld\u00eda de los venezolanos expuesta ante los pueblos del mundo y los dignatarios de los pa\u00edses del planeta\u201d, manifest\u00f3 Pi\u00f1ate.<\/p>\n\n\n\n<p>Del mismo modo, record\u00f3 que, ante las calumnias infundadas sobre Venezuela en un \u201cinforme independiente pagado por el imperio\u201d, el Estado ha preparado un documento sobre la realidad de los Derechos Humanos en el pa\u00eds.<\/p>\n\n\n\n<p>\u201cPara rebatir la infamia, se ha preparado un informe en el cual se sistematizan las violaciones de Derechos Humanos ejecutadas por quienes promueven la violencia, la guerra, la sangre en contra de Venezuela\u201d. Dijo.<\/p>\n\n\n\n<p>Por su parte, la presidenta del Instituto Venezolano de los Seguros Sociales (IVSS), Magaly Guti\u00e9rrez, al respecto destac\u00f3 que el Jefe de Estado dio una \u201ccatedra de dignidad en la ONU\u201d.<\/p>\n\n\n\n<p>\u201cAdem\u00e1s evidenci\u00f3 en su discurso, que ni las sanciones, ni el bloqueo han podido impedir que Venezuela cumpla con la meta de proteger al pueblo en todos los aspectos, pero m\u00e1s ahora en pandemia\u201d, indic\u00f3 la invitada.<\/p>\n\n\n\n<p>As\u00ed mismo, asever\u00f3 que el pa\u00eds actualmente cuenta con sistema \u201crobusto\u201d de salud p\u00fablica, lo que ha permitido contener el virus en el territorio.<\/p>\n\n\n\n<p>Destac\u00f3 que desde el inicio de la pandemia solo el Seguro Social inici\u00f3 con 500 camas para atender a los casos graves y moderados, ahora cuentan con 825 en los 37 hospitales de IVSS a nivel nacional.<\/p>\n\n\n\n<p>\u201cHemos avanzado r\u00e1pidamente en los tratamientos y atenci\u00f3n a los pacientes en base a los protocolos de la Organizaci\u00f3n Mundial de la Salud, donde hemos aplicado terapias complementarias, farmacol\u00f3gicas, como la ozono terapia, el interfer\u00f3n entre otros\u201d.<\/p>\n\n\n\n<figure class=\"wp-block-embed-twitter wp-block-embed is-type-rich is-provider-twitter\"><div class=\"wp-block-embed__wrapper\">\nhttps:\/\/twitter.com\/MinTrabajoVE\/status\/1309111301059366913?s=19\n<\/div><\/figure>\n\n\n\n<p>Detall\u00f3 que en Distrito Capital cuenta con m\u00e1s de 16 mil personas contagiadas, 5 mil de ellos est\u00e1n activos y 10.790 personas recuperadas.<\/p>\n\n\n\n<p>\u201cExisten 252 personas hospitalizadas en el Ministerio de Salud, 82 en el IVSS, 350 pacientes distribuidos en todos los Centros Diagn\u00f3stico Integral (CDI) de Caracas, 559 pacientes en los Hoteles Sanitarios, 81 en cl\u00ednicas privadas, en el Poliedro de Caracas tenemos 487, en las residencias 685 y en las Bases de Misiones en aislamiento preventivo 10 pacientes\u201d, acot\u00f3.<\/p>\n\n\n\n<p>Asever\u00f3 que, de la totalidad de pacientes, mil 500 son asintom\u00e1ticos, 740 con insuficiencia respiratoria leve, 253 leves y 69 graves.<\/p>\n\n\n\n<p>En otro aspecto, acot\u00f3 que en lo que va de pandemia, el IVSS ha realizado 194 operaciones de neurocirug\u00eda, entre otras patolog\u00edas que son tratadas por la instituci\u00f3n.<\/p>\n\n\n\n<p>\u201cMi reconocimiento a todo el personal m\u00e9dico y al equipo de salud completo desde los milicianos hasta los directores de los hospitales estamos todos en combate y pronto saldremos de esta pandemia, ya controlamos la enfermedad pronto controlaremos esta enfermedad viral\u201d.<\/p>\n\n\n\n<figure class=\"wp-block-embed-twitter wp-block-embed is-type-rich is-provider-twitter\"><div class=\"wp-block-embed__wrapper\">\nhttps:\/\/twitter.com\/MinTrabajoVE\/status\/1309111301059366913?s=19\n<\/div><\/figure>\n","protected":false},"excerpt":{"rendered":"<p>Prensa Min Proceso Social de Trabajo 24.09.2020.- El ministro del Poder Popular para el Proceso Social &hellip; <a title=\"Ministro Pi\u00f1ate: Presidente Maduro llev\u00f3 la verdad de Venezuela ante la Asamblea General de las Naciones Unidas\" class=\"hm-read-more\" href=\"https:\/\/www.mpppst.gob.ve\/mpppstweb\/index.php\/2020\/09\/24\/ministro-pinate-presidente-maduro-llevo-la-verdad-de-venezuela-ante-la-asamblea-general-de-las-naciones-unidas\/\"><span class=\"screen-reader-text\">Ministro Pi\u00f1ate: Presidente Maduro llev\u00f3 la verdad de Venezuela ante la Asamblea General de las Naciones Unidas<\/span>Read more<\/a><\/p>\n","protected":false},"author":25,"featured_media":20005,"comment_status":"closed","ping_status":"closed","sticky":false,"template":"","format":"standard","meta":{"footnotes":""},"categories":[82,163,237],"tags":[],"yoast_head":"<!-- This site is optimized with the Yoast SEO plugin v22.5 - https:\/\/yoast.com\/wordpress\/plugins\/seo\/ -->\n<title>Ministro Pi\u00f1ate: Presidente Maduro llev\u00f3 la verdad de Venezuela ante la Asamblea General de las Naciones Unidas - MPPPST<\/title>\n<meta name=\"robots\" content=\"index, follow, max-snippet:-1, max-image-preview:large, max-video-preview:-1\" \/>\n<link rel=\"canonical\" href=\"https:\/\/www.mpppst.gob.ve\/mpppstweb\/index.php\/2020\/09\/24\/ministro-pinate-presidente-maduro-llevo-la-verdad-de-venezuela-ante-la-asamblea-general-de-las-naciones-unidas\/\" \/>\n<meta property=\"og:locale\" content=\"es_ES\" \/>\n<meta property=\"og:type\" content=\"article\" \/>\n<meta property=\"og:title\" content=\"Ministro Pi\u00f1ate: Presidente Maduro llev\u00f3 la verdad de Venezuela ante la Asamblea General de las Naciones Unidas - MPPPST\" \/>\n<meta property=\"og:description\" content=\"Prensa Min Proceso Social de Trabajo 24.09.2020.- El ministro del Poder Popular para el Proceso Social &hellip; Ministro Pi\u00f1ate: Presidente Maduro llev\u00f3 la verdad de Venezuela ante la Asamblea General de las Naciones UnidasRead more\" \/>\n<meta property=\"og:url\" content=\"https:\/\/www.mpppst.gob.ve\/mpppstweb\/index.php\/2020\/09\/24\/ministro-pinate-presidente-maduro-llevo-la-verdad-de-venezuela-ante-la-asamblea-general-de-las-naciones-unidas\/\" \/>\n<meta property=\"og:site_name\" content=\"MPPPST\" \/>\n<meta property=\"article:published_time\" content=\"2020-09-24T23:19:45+00:00\" \/>\n<meta property=\"article:modified_time\" content=\"2020-09-24T23:19:46+00:00\" \/>\n<meta property=\"og:image\" content=\"https:\/\/www.mpppst.gob.ve\/mpppstweb\/wp-content\/uploads\/2020\/09\/20200924_191541.jpg\" \/>\n\t<meta property=\"og:image:width\" content=\"720\" \/>\n\t<meta property=\"og:image:height\" content=\"540\" \/>\n\t<meta property=\"og:image:type\" content=\"image\/jpeg\" \/>\n<meta name=\"author\" content=\"MPPPST Prensa\" \/>\n<meta name=\"twitter:card\" content=\"summary_large_image\" \/>\n<meta name=\"twitter:label1\" content=\"Escrito por\" \/>\n\t<meta name=\"twitter:data1\" content=\"MPPPST Prensa\" \/>\n\t<meta name=\"twitter:label2\" content=\"Tiempo de lectura\" \/>\n\t<meta name=\"twitter:data2\" content=\"3 minutos\" \/>\n<script type=\"application\/ld+json\" class=\"yoast-schema-graph\">{\"@context\":\"https:\/\/schema.org\",\"@graph\":[{\"@type\":\"Article\",\"@id\":\"https:\/\/www.mpppst.gob.ve\/mpppstweb\/index.php\/2020\/09\/24\/ministro-pinate-presidente-maduro-llevo-la-verdad-de-venezuela-ante-la-asamblea-general-de-las-naciones-unidas\/#article\",\"isPartOf\":{\"@id\":\"https:\/\/www.mpppst.gob.ve\/mpppstweb\/index.php\/2020\/09\/24\/ministro-pinate-presidente-maduro-llevo-la-verdad-de-venezuela-ante-la-asamblea-general-de-las-naciones-unidas\/\"},\"author\":{\"name\":\"MPPPST Prensa\",\"@id\":\"https:\/\/www.mpppst.gob.ve\/mpppstweb\/#\/schema\/person\/fc187ee8ead412bd4c9304b62f900ea4\"},\"headline\":\"Ministro Pi\u00f1ate: Presidente Maduro llev\u00f3 la verdad de Venezuela ante la Asamblea General de las Naciones Unidas\",\"datePublished\":\"2020-09-24T23:19:45+00:00\",\"dateModified\":\"2020-09-24T23:19:46+00:00\",\"mainEntityOfPage\":{\"@id\":\"https:\/\/www.mpppst.gob.ve\/mpppstweb\/index.php\/2020\/09\/24\/ministro-pinate-presidente-maduro-llevo-la-verdad-de-venezuela-ante-la-asamblea-general-de-las-naciones-unidas\/\"},\"wordCount\":595,\"publisher\":{\"@id\":\"https:\/\/www.mpppst.gob.ve\/mpppstweb\/#organization\"},\"image\":{\"@id\":\"https:\/\/www.mpppst.gob.ve\/mpppstweb\/index.php\/2020\/09\/24\/ministro-pinate-presidente-maduro-llevo-la-verdad-de-venezuela-ante-la-asamblea-general-de-las-naciones-unidas\/#primaryimage\"},\"thumbnailUrl\":\"https:\/\/www.mpppst.gob.ve\/mpppstweb\/wp-content\/uploads\/2020\/09\/20200924_191541.jpg\",\"articleSection\":[\"Gobierno Nacional\",\"Noticias\",\"Procesos y organismo internacionales\"],\"inLanguage\":\"es\"},{\"@type\":\"WebPage\",\"@id\":\"https:\/\/www.mpppst.gob.ve\/mpppstweb\/index.php\/2020\/09\/24\/ministro-pinate-presidente-maduro-llevo-la-verdad-de-venezuela-ante-la-asamblea-general-de-las-naciones-unidas\/\",\"url\":\"https:\/\/www.mpppst.gob.ve\/mpppstweb\/index.php\/2020\/09\/24\/ministro-pinate-presidente-maduro-llevo-la-verdad-de-venezuela-ante-la-asamblea-general-de-las-naciones-unidas\/\",\"name\":\"Ministro Pi\u00f1ate: Presidente Maduro llev\u00f3 la verdad de Venezuela ante la Asamblea General de las Naciones Unidas - MPPPST\",\"isPartOf\":{\"@id\":\"https:\/\/www.mpppst.gob.ve\/mpppstweb\/#website\"},\"primaryImageOfPage\":{\"@id\":\"https:\/\/www.mpppst.gob.ve\/mpppstweb\/index.php\/2020\/09\/24\/ministro-pinate-presidente-maduro-llevo-la-verdad-de-venezuela-ante-la-asamblea-general-de-las-naciones-unidas\/#primaryimage\"},\"image\":{\"@id\":\"https:\/\/www.mpppst.gob.ve\/mpppstweb\/index.php\/2020\/09\/24\/ministro-pinate-presidente-maduro-llevo-la-verdad-de-venezuela-ante-la-asamblea-general-de-las-naciones-unidas\/#primaryimage\"},\"thumbnailUrl\":\"https:\/\/www.mpppst.gob.ve\/mpppstweb\/wp-content\/uploads\/2020\/09\/20200924_191541.jpg\",\"datePublished\":\"2020-09-24T23:19:45+00:00\",\"dateModified\":\"2020-09-24T23:19:46+00:00\",\"breadcrumb\":{\"@id\":\"https:\/\/www.mpppst.gob.ve\/mpppstweb\/index.php\/2020\/09\/24\/ministro-pinate-presidente-maduro-llevo-la-verdad-de-venezuela-ante-la-asamblea-general-de-las-naciones-unidas\/#breadcrumb\"},\"inLanguage\":\"es\",\"potentialAction\":[{\"@type\":\"ReadAction\",\"target\":[\"https:\/\/www.mpppst.gob.ve\/mpppstweb\/index.php\/2020\/09\/24\/ministro-pinate-presidente-maduro-llevo-la-verdad-de-venezuela-ante-la-asamblea-general-de-las-naciones-unidas\/\"]}]},{\"@type\":\"ImageObject\",\"inLanguage\":\"es\",\"@id\":\"https:\/\/www.mpppst.gob.ve\/mpppstweb\/index.php\/2020\/09\/24\/ministro-pinate-presidente-maduro-llevo-la-verdad-de-venezuela-ante-la-asamblea-general-de-las-naciones-unidas\/#primaryimage\",\"url\":\"https:\/\/www.mpppst.gob.ve\/mpppstweb\/wp-content\/uploads\/2020\/09\/20200924_191541.jpg\",\"contentUrl\":\"https:\/\/www.mpppst.gob.ve\/mpppstweb\/wp-content\/uploads\/2020\/09\/20200924_191541.jpg\",\"width\":720,\"height\":540},{\"@type\":\"BreadcrumbList\",\"@id\":\"https:\/\/www.mpppst.gob.ve\/mpppstweb\/index.php\/2020\/09\/24\/ministro-pinate-presidente-maduro-llevo-la-verdad-de-venezuela-ante-la-asamblea-general-de-las-naciones-unidas\/#breadcrumb\",\"itemListElement\":[{\"@type\":\"ListItem\",\"position\":1,\"name\":\"Home\",\"item\":\"https:\/\/www.mpppst.gob.ve\/mpppstweb\/\"},{\"@type\":\"ListItem\",\"position\":2,\"name\":\"Ministro Pi\u00f1ate: Presidente Maduro llev\u00f3 la verdad de Venezuela ante la Asamblea General de las Naciones Unidas\"}]},{\"@type\":\"WebSite\",\"@id\":\"https:\/\/www.mpppst.gob.ve\/mpppstweb\/#website\",\"url\":\"https:\/\/www.mpppst.gob.ve\/mpppstweb\/\",\"name\":\"MPPPST\",\"description\":\"Ministerio del Poder Popular para el Proceso Social de Trabajo\",\"publisher\":{\"@id\":\"https:\/\/www.mpppst.gob.ve\/mpppstweb\/#organization\"},\"potentialAction\":[{\"@type\":\"SearchAction\",\"target\":{\"@type\":\"EntryPoint\",\"urlTemplate\":\"https:\/\/www.mpppst.gob.ve\/mpppstweb\/?s={search_term_string}\"},\"query-input\":\"required name=search_term_string\"}],\"inLanguage\":\"es\"},{\"@type\":\"Organization\",\"@id\":\"https:\/\/www.mpppst.gob.ve\/mpppstweb\/#organization\",\"name\":\"mpppst\",\"url\":\"https:\/\/www.mpppst.gob.ve\/mpppstweb\/\",\"logo\":{\"@type\":\"ImageObject\",\"inLanguage\":\"es\",\"@id\":\"https:\/\/www.mpppst.gob.ve\/mpppstweb\/#\/schema\/logo\/image\/\",\"url\":\"https:\/\/www.mpppst.gob.ve\/mpppstweb\/wp-content\/uploads\/2025\/07\/cropped-cropped-g910.png\",\"contentUrl\":\"https:\/\/www.mpppst.gob.ve\/mpppstweb\/wp-content\/uploads\/2025\/07\/cropped-cropped-g910.png\",\"width\":1080,\"height\":241,\"caption\":\"mpppst\"},\"image\":{\"@id\":\"https:\/\/www.mpppst.gob.ve\/mpppstweb\/#\/schema\/logo\/image\/\"}},{\"@type\":\"Person\",\"@id\":\"https:\/\/www.mpppst.gob.ve\/mpppstweb\/#\/schema\/person\/fc187ee8ead412bd4c9304b62f900ea4\",\"name\":\"MPPPST Prensa\",\"url\":\"https:\/\/www.mpppst.gob.ve\/mpppstweb\/index.php\/author\/prensa-mpppst\/\"}]}<\/script>\n<!-- \/ Yoast SEO plugin. -->","yoast_head_json":{"title":"Ministro Pi\u00f1ate: Presidente Maduro llev\u00f3 la verdad de Venezuela ante la Asamblea General de las Naciones Unidas - MPPPST","robots":{"index":"index","follow":"follow","max-snippet":"max-snippet:-1","max-image-preview":"max-image-preview:large","max-video-preview":"max-video-preview:-1"},"canonical":"https:\/\/www.mpppst.gob.ve\/mpppstweb\/index.php\/2020\/09\/24\/ministro-pinate-presidente-maduro-llevo-la-verdad-de-venezuela-ante-la-asamblea-general-de-las-naciones-unidas\/","og_locale":"es_ES","og_type":"article","og_title":"Ministro Pi\u00f1ate: Presidente Maduro llev\u00f3 la verdad de Venezuela ante la Asamblea General de las Naciones Unidas - MPPPST","og_description":"Prensa Min Proceso Social de Trabajo 24.09.2020.- El ministro del Poder Popular para el Proceso Social &hellip; Ministro Pi\u00f1ate: Presidente Maduro llev\u00f3 la verdad de Venezuela ante la Asamblea General de las Naciones UnidasRead more","og_url":"https:\/\/www.mpppst.gob.ve\/mpppstweb\/index.php\/2020\/09\/24\/ministro-pinate-presidente-maduro-llevo-la-verdad-de-venezuela-ante-la-asamblea-general-de-las-naciones-unidas\/","og_site_name":"MPPPST","article_published_time":"2020-09-24T23:19:45+00:00","article_modified_time":"2020-09-24T23:19:46+00:00","og_image":[{"width":720,"height":540,"url":"https:\/\/www.mpppst.gob.ve\/mpppstweb\/wp-content\/uploads\/2020\/09\/20200924_191541.jpg","type":"image\/jpeg"}],"author":"MPPPST Prensa","twitter_card":"summary_large_image","twitter_misc":{"Escrito por":"MPPPST Prensa","Tiempo de lectura":"3 minutos"},"schema":{"@context":"https:\/\/schema.org","@graph":[{"@type":"Article","@id":"https:\/\/www.mpppst.gob.ve\/mpppstweb\/index.php\/2020\/09\/24\/ministro-pinate-presidente-maduro-llevo-la-verdad-de-venezuela-ante-la-asamblea-general-de-las-naciones-unidas\/#article","isPartOf":{"@id":"https:\/\/www.mpppst.gob.ve\/mpppstweb\/index.php\/2020\/09\/24\/ministro-pinate-presidente-maduro-llevo-la-verdad-de-venezuela-ante-la-asamblea-general-de-las-naciones-unidas\/"},"author":{"name":"MPPPST Prensa","@id":"https:\/\/www.mpppst.gob.ve\/mpppstweb\/#\/schema\/person\/fc187ee8ead412bd4c9304b62f900ea4"},"headline":"Ministro Pi\u00f1ate: Presidente Maduro llev\u00f3 la verdad de Venezuela ante la Asamblea General de las Naciones Unidas","datePublished":"2020-09-24T23:19:45+00:00","dateModified":"2020-09-24T23:19:46+00:00","mainEntityOfPage":{"@id":"https:\/\/www.mpppst.gob.ve\/mpppstweb\/index.php\/2020\/09\/24\/ministro-pinate-presidente-maduro-llevo-la-verdad-de-venezuela-ante-la-asamblea-general-de-las-naciones-unidas\/"},"wordCount":595,"publisher":{"@id":"https:\/\/www.mpppst.gob.ve\/mpppstweb\/#organization"},"image":{"@id":"https:\/\/www.mpppst.gob.ve\/mpppstweb\/index.php\/2020\/09\/24\/ministro-pinate-presidente-maduro-llevo-la-verdad-de-venezuela-ante-la-asamblea-general-de-las-naciones-unidas\/#primaryimage"},"thumbnailUrl":"https:\/\/www.mpppst.gob.ve\/mpppstweb\/wp-content\/uploads\/2020\/09\/20200924_191541.jpg","articleSection":["Gobierno Nacional","Noticias","Procesos y organismo internacionales"],"inLanguage":"es"},{"@type":"WebPage","@id":"https:\/\/www.mpppst.gob.ve\/mpppstweb\/index.php\/2020\/09\/24\/ministro-pinate-presidente-maduro-llevo-la-verdad-de-venezuela-ante-la-asamblea-general-de-las-naciones-unidas\/","url":"https:\/\/www.mpppst.gob.ve\/mpppstweb\/index.php\/2020\/09\/24\/ministro-pinate-presidente-maduro-llevo-la-verdad-de-venezuela-ante-la-asamblea-general-de-las-naciones-unidas\/","name":"Ministro Pi\u00f1ate: Presidente Maduro llev\u00f3 la verdad de Venezuela ante la Asamblea General de las Naciones Unidas - MPPPST","isPartOf":{"@id":"https:\/\/www.mpppst.gob.ve\/mpppstweb\/#website"},"primaryImageOfPage":{"@id":"https:\/\/www.mpppst.gob.ve\/mpppstweb\/index.php\/2020\/09\/24\/ministro-pinate-presidente-maduro-llevo-la-verdad-de-venezuela-ante-la-asamblea-general-de-las-naciones-unidas\/#primaryimage"},"image":{"@id":"https:\/\/www.mpppst.gob.ve\/mpppstweb\/index.php\/2020\/09\/24\/ministro-pinate-presidente-maduro-llevo-la-verdad-de-venezuela-ante-la-asamblea-general-de-las-naciones-unidas\/#primaryimage"},"thumbnailUrl":"https:\/\/www.mpppst.gob.ve\/mpppstweb\/wp-content\/uploads\/2020\/09\/20200924_191541.jpg","datePublished":"2020-09-24T23:19:45+00:00","dateModified":"2020-09-24T23:19:46+00:00","breadcrumb":{"@id":"https:\/\/www.mpppst.gob.ve\/mpppstweb\/index.php\/2020\/09\/24\/ministro-pinate-presidente-maduro-llevo-la-verdad-de-venezuela-ante-la-asamblea-general-de-las-naciones-unidas\/#breadcrumb"},"inLanguage":"es","potentialAction":[{"@type":"ReadAction","target":["https:\/\/www.mpppst.gob.ve\/mpppstweb\/index.php\/2020\/09\/24\/ministro-pinate-presidente-maduro-llevo-la-verdad-de-venezuela-ante-la-asamblea-general-de-las-naciones-unidas\/"]}]},{"@type":"ImageObject","inLanguage":"es","@id":"https:\/\/www.mpppst.gob.ve\/mpppstweb\/index.php\/2020\/09\/24\/ministro-pinate-presidente-maduro-llevo-la-verdad-de-venezuela-ante-la-asamblea-general-de-las-naciones-unidas\/#primaryimage","url":"https:\/\/www.mpppst.gob.ve\/mpppstweb\/wp-content\/uploads\/2020\/09\/20200924_191541.jpg","contentUrl":"https:\/\/www.mpppst.gob.ve\/mpppstweb\/wp-content\/uploads\/2020\/09\/20200924_191541.jpg","width":720,"height":540},{"@type":"BreadcrumbList","@id":"https:\/\/www.mpppst.gob.ve\/mpppstweb\/index.php\/2020\/09\/24\/ministro-pinate-presidente-maduro-llevo-la-verdad-de-venezuela-ante-la-asamblea-general-de-las-naciones-unidas\/#breadcrumb","itemListElement":[{"@type":"ListItem","position":1,"name":"Home","item":"https:\/\/www.mpppst.gob.ve\/mpppstweb\/"},{"@type":"ListItem","position":2,"name":"Ministro Pi\u00f1ate: Presidente Maduro llev\u00f3 la verdad de Venezuela ante la Asamblea General de las Naciones Unidas"}]},{"@type":"WebSite","@id":"https:\/\/www.mpppst.gob.ve\/mpppstweb\/#website","url":"https:\/\/www.mpppst.gob.ve\/mpppstweb\/","name":"MPPPST","description":"Ministerio del Poder Popular para el Proceso Social de Trabajo","publisher":{"@id":"https:\/\/www.mpppst.gob.ve\/mpppstweb\/#organization"},"potentialAction":[{"@type":"SearchAction","target":{"@type":"EntryPoint","urlTemplate":"https:\/\/www.mpppst.gob.ve\/mpppstweb\/?s={search_term_string}"},"query-input":"required name=search_term_string"}],"inLanguage":"es"},{"@type":"Organization","@id":"https:\/\/www.mpppst.gob.ve\/mpppstweb\/#organization","name":"mpppst","url":"https:\/\/www.mpppst.gob.ve\/mpppstweb\/","logo":{"@type":"ImageObject","inLanguage":"es","@id":"https:\/\/www.mpppst.gob.ve\/mpppstweb\/#\/schema\/logo\/image\/","url":"https:\/\/www.mpppst.gob.ve\/mpppstweb\/wp-content\/uploads\/2025\/07\/cropped-cropped-g910.png","contentUrl":"https:\/\/www.mpppst.gob.ve\/mpppstweb\/wp-content\/uploads\/2025\/07\/cropped-cropped-g910.png","width":1080,"height":241,"caption":"mpppst"},"image":{"@id":"https:\/\/www.mpppst.gob.ve\/mpppstweb\/#\/schema\/logo\/image\/"}},{"@type":"Person","@id":"https:\/\/www.mpppst.gob.ve\/mpppstweb\/#\/schema\/person\/fc187ee8ead412bd4c9304b62f900ea4","name":"MPPPST Prensa","url":"https:\/\/www.mpppst.gob.ve\/mpppstweb\/index.php\/author\/prensa-mpppst\/"}]}},"_links":{"self":[{"href":"https:\/\/www.mpppst.gob.ve\/mpppstweb\/index.php\/wp-json\/wp\/v2\/posts\/20003"}],"collection":[{"href":"https:\/\/www.mpppst.gob.ve\/mpppstweb\/index.php\/wp-json\/wp\/v2\/posts"}],"about":[{"href":"https:\/\/www.mpppst.gob.ve\/mpppstweb\/index.php\/wp-json\/wp\/v2\/types\/post"}],"author":[{"embeddable":true,"href":"https:\/\/www.mpppst.gob.ve\/mpppstweb\/index.php\/wp-json\/wp\/v2\/users\/25"}],"replies":[{"embeddable":true,"href":"https:\/\/www.mpppst.gob.ve\/mpppstweb\/index.php\/wp-json\/wp\/v2\/comments?post=20003"}],"version-history":[{"count":1,"href":"https:\/\/www.mpppst.gob.ve\/mpppstweb\/index.php\/wp-json\/wp\/v2\/posts\/20003\/revisions"}],"predecessor-version":[{"id":20006,"href":"https:\/\/www.mpppst.gob.ve\/mpppstweb\/index.php\/wp-json\/wp\/v2\/posts\/20003\/revisions\/20006"}],"wp:featuredmedia":[{"embeddable":true,"href":"https:\/\/www.mpppst.gob.ve\/mpppstweb\/index.php\/wp-json\/wp\/v2\/media\/20005"}],"wp:attachment":[{"href":"https:\/\/www.mpppst.gob.ve\/mpppstweb\/index.php\/wp-json\/wp\/v2\/media?parent=20003"}],"wp:term":[{"taxonomy":"category","embeddable":true,"href":"https:\/\/www.mpppst.gob.ve\/mpppstweb\/index.php\/wp-json\/wp\/v2\/categories?post=20003"},{"taxonomy":"post_tag","embeddable":true,"href":"https:\/\/www.mpppst.gob.ve\/mpppstweb\/index.php\/wp-json\/wp\/v2\/tags?post=20003"}],"curies":[{"name":"wp","href":"https:\/\/api.w.org\/{rel}","templated":true}]}}