{"id":20013,"date":"2020-09-25T11:07:05","date_gmt":"2020-09-25T15:07:05","guid":{"rendered":"http:\/\/www.mpppst.gob.ve\/mpppstweb\/?p=20013"},"modified":"2020-09-25T11:07:06","modified_gmt":"2020-09-25T15:07:06","slug":"gobierno-nacional-fortalece-motor-minero-para-impulsar-y-promover-modelo-productivo-de-la-patria","status":"publish","type":"post","link":"https:\/\/www.mpppst.gob.ve\/mpppstweb\/index.php\/2020\/09\/25\/gobierno-nacional-fortalece-motor-minero-para-impulsar-y-promover-modelo-productivo-de-la-patria\/","title":{"rendered":"Gobierno Nacional fortalece Motor Minero para impulsar y promover modelo productivo de la Patria"},"content":{"rendered":"\n<p>La vicepresidenta Ejecutiva de la Rep\u00fablica Bolivariana de Venezuela,<strong>&nbsp;Delcy Rodr\u00edguez<\/strong>, sostuvo un encuentro con los representantes de las plantas lixiviaci\u00f3n de oro, como parte de las actividades de seguimiento y fiscalizaci\u00f3n ejecutadas para el fortalecimiento del&nbsp;<strong>Motor Minero<\/strong>&nbsp;a fin de continuar impulsando el desarrollo econ\u00f3mico nacional.<\/p>\n\n\n\n<p>Durante el encuentro, realizado en la ciudad de Puerto Ordaz, estado Bol\u00edvar, estuvieron presentes los representantes de 28 plantas de procesamiento de material aur\u00edfero, de las cuales&nbsp; 21 de ellas ya se encuentran actualmente en producci\u00f3n y de siete que se espera inicien operaciones durante el \u00faltimo trimestre de este a\u00f1o.<\/p>\n\n\n\n<p>Asimismo, se cont\u00f3 con la participaci\u00f3n de la ministra del Poder Popular para Desarrollo Minero Ecol\u00f3gico,&nbsp;<strong>Magaly Henr\u00edquez;<\/strong>&nbsp;el viceministro de Seguimiento y Control del Desarrollo Ecominero, mayor&nbsp;<strong>Marco Ruiz Ramos;&nbsp;<\/strong>&nbsp;el presidente de la Corporaci\u00f3n Venezolana de Miner\u00eda (CVM), M\/G&nbsp;<strong>Carlos Osorio Zambrano;<\/strong>&nbsp;el gobernador del estado Bol\u00edvar, M\/G&nbsp;<strong>Justo Noguera;<\/strong>&nbsp;el director general de Contrainteligencia Militar (DGCIM), M\/G&nbsp;<strong>Iv\u00e1n Hern\u00e1ndez Dala<\/strong>, y el jefe del Servicio Nacional de Fiscalizaci\u00f3n e Inspecci\u00f3n Minera (Senafim),<strong>&nbsp;Alfonso de Caro.<\/strong><\/p>\n\n\n\n<p>De esta forma, el Gobierno Nacional contin\u00faa fortaleciendo el Motor Minero a trav\u00e9s de la Zona de Desarrollo Estrat\u00e9gico Nacional Arco Minero del Orinoco en el estado Bol\u00edvar, para impulsar y promover el modelo productivo de la Patria, como parte de la Agenda Econ\u00f3mica Bolivariana, refiere una nota de la Vicepresidencia de la Rep\u00fablica. \/JB<\/p>\n","protected":false},"excerpt":{"rendered":"<p>La vicepresidenta Ejecutiva de la Rep\u00fablica Bolivariana de Venezuela,&nbsp;Delcy Rodr\u00edguez, sostuvo un encuentro con los representantes &hellip; <a title=\"Gobierno Nacional fortalece Motor Minero para impulsar y promover modelo productivo de la Patria\" class=\"hm-read-more\" href=\"https:\/\/www.mpppst.gob.ve\/mpppstweb\/index.php\/2020\/09\/25\/gobierno-nacional-fortalece-motor-minero-para-impulsar-y-promover-modelo-productivo-de-la-patria\/\"><span class=\"screen-reader-text\">Gobierno Nacional fortalece Motor Minero para impulsar y promover modelo productivo de la Patria<\/span>Read more<\/a><\/p>\n","protected":false},"author":25,"featured_media":20014,"comment_status":"closed","ping_status":"closed","sticky":false,"template":"","format":"standard","meta":{"footnotes":""},"categories":[82,163],"tags":[],"yoast_head":"<!-- This site is optimized with the Yoast SEO plugin v22.5 - https:\/\/yoast.com\/wordpress\/plugins\/seo\/ -->\n<title>Gobierno Nacional fortalece Motor Minero para impulsar y promover modelo productivo de la Patria - MPPPST<\/title>\n<meta name=\"robots\" content=\"index, follow, max-snippet:-1, max-image-preview:large, max-video-preview:-1\" \/>\n<link rel=\"canonical\" href=\"https:\/\/www.mpppst.gob.ve\/mpppstweb\/index.php\/2020\/09\/25\/gobierno-nacional-fortalece-motor-minero-para-impulsar-y-promover-modelo-productivo-de-la-patria\/\" \/>\n<meta property=\"og:locale\" content=\"es_ES\" \/>\n<meta property=\"og:type\" content=\"article\" \/>\n<meta property=\"og:title\" content=\"Gobierno Nacional fortalece Motor Minero para impulsar y promover modelo productivo de la Patria - MPPPST\" \/>\n<meta property=\"og:description\" content=\"La vicepresidenta Ejecutiva de la Rep\u00fablica Bolivariana de Venezuela,&nbsp;Delcy Rodr\u00edguez, sostuvo un encuentro con los representantes &hellip; Gobierno Nacional fortalece Motor Minero para impulsar y promover modelo productivo de la PatriaRead more\" \/>\n<meta property=\"og:url\" content=\"https:\/\/www.mpppst.gob.ve\/mpppstweb\/index.php\/2020\/09\/25\/gobierno-nacional-fortalece-motor-minero-para-impulsar-y-promover-modelo-productivo-de-la-patria\/\" \/>\n<meta property=\"og:site_name\" content=\"MPPPST\" \/>\n<meta property=\"article:published_time\" content=\"2020-09-25T15:07:05+00:00\" \/>\n<meta property=\"article:modified_time\" content=\"2020-09-25T15:07:06+00:00\" \/>\n<meta property=\"og:image\" content=\"https:\/\/www.mpppst.gob.ve\/mpppstweb\/wp-content\/uploads\/2020\/09\/Delcy-Rod\u00b4rguez-768x427-1.jpg\" \/>\n\t<meta property=\"og:image:width\" content=\"768\" \/>\n\t<meta property=\"og:image:height\" content=\"427\" \/>\n\t<meta property=\"og:image:type\" content=\"image\/jpeg\" \/>\n<meta name=\"author\" content=\"MPPPST Prensa\" \/>\n<meta name=\"twitter:card\" content=\"summary_large_image\" \/>\n<meta name=\"twitter:label1\" content=\"Escrito por\" \/>\n\t<meta name=\"twitter:data1\" content=\"MPPPST Prensa\" \/>\n\t<meta name=\"twitter:label2\" content=\"Tiempo de lectura\" \/>\n\t<meta name=\"twitter:data2\" content=\"1 minuto\" \/>\n<script type=\"application\/ld+json\" class=\"yoast-schema-graph\">{\"@context\":\"https:\/\/schema.org\",\"@graph\":[{\"@type\":\"Article\",\"@id\":\"https:\/\/www.mpppst.gob.ve\/mpppstweb\/index.php\/2020\/09\/25\/gobierno-nacional-fortalece-motor-minero-para-impulsar-y-promover-modelo-productivo-de-la-patria\/#article\",\"isPartOf\":{\"@id\":\"https:\/\/www.mpppst.gob.ve\/mpppstweb\/index.php\/2020\/09\/25\/gobierno-nacional-fortalece-motor-minero-para-impulsar-y-promover-modelo-productivo-de-la-patria\/\"},\"author\":{\"name\":\"MPPPST Prensa\",\"@id\":\"https:\/\/www.mpppst.gob.ve\/mpppstweb\/#\/schema\/person\/fc187ee8ead412bd4c9304b62f900ea4\"},\"headline\":\"Gobierno Nacional fortalece Motor Minero para impulsar y promover modelo productivo de la Patria\",\"datePublished\":\"2020-09-25T15:07:05+00:00\",\"dateModified\":\"2020-09-25T15:07:06+00:00\",\"mainEntityOfPage\":{\"@id\":\"https:\/\/www.mpppst.gob.ve\/mpppstweb\/index.php\/2020\/09\/25\/gobierno-nacional-fortalece-motor-minero-para-impulsar-y-promover-modelo-productivo-de-la-patria\/\"},\"wordCount\":287,\"publisher\":{\"@id\":\"https:\/\/www.mpppst.gob.ve\/mpppstweb\/#organization\"},\"image\":{\"@id\":\"https:\/\/www.mpppst.gob.ve\/mpppstweb\/index.php\/2020\/09\/25\/gobierno-nacional-fortalece-motor-minero-para-impulsar-y-promover-modelo-productivo-de-la-patria\/#primaryimage\"},\"thumbnailUrl\":\"https:\/\/www.mpppst.gob.ve\/mpppstweb\/wp-content\/uploads\/2020\/09\/Delcy-Rod\u00b4rguez-768x427-1.jpg\",\"articleSection\":[\"Gobierno Nacional\",\"Noticias\"],\"inLanguage\":\"es\"},{\"@type\":\"WebPage\",\"@id\":\"https:\/\/www.mpppst.gob.ve\/mpppstweb\/index.php\/2020\/09\/25\/gobierno-nacional-fortalece-motor-minero-para-impulsar-y-promover-modelo-productivo-de-la-patria\/\",\"url\":\"https:\/\/www.mpppst.gob.ve\/mpppstweb\/index.php\/2020\/09\/25\/gobierno-nacional-fortalece-motor-minero-para-impulsar-y-promover-modelo-productivo-de-la-patria\/\",\"name\":\"Gobierno Nacional fortalece Motor Minero para impulsar y promover modelo productivo de la Patria - MPPPST\",\"isPartOf\":{\"@id\":\"https:\/\/www.mpppst.gob.ve\/mpppstweb\/#website\"},\"primaryImageOfPage\":{\"@id\":\"https:\/\/www.mpppst.gob.ve\/mpppstweb\/index.php\/2020\/09\/25\/gobierno-nacional-fortalece-motor-minero-para-impulsar-y-promover-modelo-productivo-de-la-patria\/#primaryimage\"},\"image\":{\"@id\":\"https:\/\/www.mpppst.gob.ve\/mpppstweb\/index.php\/2020\/09\/25\/gobierno-nacional-fortalece-motor-minero-para-impulsar-y-promover-modelo-productivo-de-la-patria\/#primaryimage\"},\"thumbnailUrl\":\"https:\/\/www.mpppst.gob.ve\/mpppstweb\/wp-content\/uploads\/2020\/09\/Delcy-Rod\u00b4rguez-768x427-1.jpg\",\"datePublished\":\"2020-09-25T15:07:05+00:00\",\"dateModified\":\"2020-09-25T15:07:06+00:00\",\"breadcrumb\":{\"@id\":\"https:\/\/www.mpppst.gob.ve\/mpppstweb\/index.php\/2020\/09\/25\/gobierno-nacional-fortalece-motor-minero-para-impulsar-y-promover-modelo-productivo-de-la-patria\/#breadcrumb\"},\"inLanguage\":\"es\",\"potentialAction\":[{\"@type\":\"ReadAction\",\"target\":[\"https:\/\/www.mpppst.gob.ve\/mpppstweb\/index.php\/2020\/09\/25\/gobierno-nacional-fortalece-motor-minero-para-impulsar-y-promover-modelo-productivo-de-la-patria\/\"]}]},{\"@type\":\"ImageObject\",\"inLanguage\":\"es\",\"@id\":\"https:\/\/www.mpppst.gob.ve\/mpppstweb\/index.php\/2020\/09\/25\/gobierno-nacional-fortalece-motor-minero-para-impulsar-y-promover-modelo-productivo-de-la-patria\/#primaryimage\",\"url\":\"https:\/\/www.mpppst.gob.ve\/mpppstweb\/wp-content\/uploads\/2020\/09\/Delcy-Rod\u00b4rguez-768x427-1.jpg\",\"contentUrl\":\"https:\/\/www.mpppst.gob.ve\/mpppstweb\/wp-content\/uploads\/2020\/09\/Delcy-Rod\u00b4rguez-768x427-1.jpg\",\"width\":768,\"height\":427},{\"@type\":\"BreadcrumbList\",\"@id\":\"https:\/\/www.mpppst.gob.ve\/mpppstweb\/index.php\/2020\/09\/25\/gobierno-nacional-fortalece-motor-minero-para-impulsar-y-promover-modelo-productivo-de-la-patria\/#breadcrumb\",\"itemListElement\":[{\"@type\":\"ListItem\",\"position\":1,\"name\":\"Home\",\"item\":\"https:\/\/www.mpppst.gob.ve\/mpppstweb\/\"},{\"@type\":\"ListItem\",\"position\":2,\"name\":\"Gobierno Nacional fortalece Motor Minero para impulsar y promover modelo productivo de la Patria\"}]},{\"@type\":\"WebSite\",\"@id\":\"https:\/\/www.mpppst.gob.ve\/mpppstweb\/#website\",\"url\":\"https:\/\/www.mpppst.gob.ve\/mpppstweb\/\",\"name\":\"MPPPST\",\"description\":\"Ministerio del Poder Popular para el Proceso Social de Trabajo\",\"publisher\":{\"@id\":\"https:\/\/www.mpppst.gob.ve\/mpppstweb\/#organization\"},\"potentialAction\":[{\"@type\":\"SearchAction\",\"target\":{\"@type\":\"EntryPoint\",\"urlTemplate\":\"https:\/\/www.mpppst.gob.ve\/mpppstweb\/?s={search_term_string}\"},\"query-input\":\"required name=search_term_string\"}],\"inLanguage\":\"es\"},{\"@type\":\"Organization\",\"@id\":\"https:\/\/www.mpppst.gob.ve\/mpppstweb\/#organization\",\"name\":\"mpppst\",\"url\":\"https:\/\/www.mpppst.gob.ve\/mpppstweb\/\",\"logo\":{\"@type\":\"ImageObject\",\"inLanguage\":\"es\",\"@id\":\"https:\/\/www.mpppst.gob.ve\/mpppstweb\/#\/schema\/logo\/image\/\",\"url\":\"https:\/\/www.mpppst.gob.ve\/mpppstweb\/wp-content\/uploads\/2025\/07\/cropped-cropped-g910.png\",\"contentUrl\":\"https:\/\/www.mpppst.gob.ve\/mpppstweb\/wp-content\/uploads\/2025\/07\/cropped-cropped-g910.png\",\"width\":1080,\"height\":241,\"caption\":\"mpppst\"},\"image\":{\"@id\":\"https:\/\/www.mpppst.gob.ve\/mpppstweb\/#\/schema\/logo\/image\/\"}},{\"@type\":\"Person\",\"@id\":\"https:\/\/www.mpppst.gob.ve\/mpppstweb\/#\/schema\/person\/fc187ee8ead412bd4c9304b62f900ea4\",\"name\":\"MPPPST Prensa\",\"url\":\"https:\/\/www.mpppst.gob.ve\/mpppstweb\/index.php\/author\/prensa-mpppst\/\"}]}<\/script>\n<!-- \/ Yoast SEO plugin. -->","yoast_head_json":{"title":"Gobierno Nacional fortalece Motor Minero para impulsar y promover modelo productivo de la Patria - MPPPST","robots":{"index":"index","follow":"follow","max-snippet":"max-snippet:-1","max-image-preview":"max-image-preview:large","max-video-preview":"max-video-preview:-1"},"canonical":"https:\/\/www.mpppst.gob.ve\/mpppstweb\/index.php\/2020\/09\/25\/gobierno-nacional-fortalece-motor-minero-para-impulsar-y-promover-modelo-productivo-de-la-patria\/","og_locale":"es_ES","og_type":"article","og_title":"Gobierno Nacional fortalece Motor Minero para impulsar y promover modelo productivo de la Patria - MPPPST","og_description":"La vicepresidenta Ejecutiva de la Rep\u00fablica Bolivariana de Venezuela,&nbsp;Delcy Rodr\u00edguez, sostuvo un encuentro con los representantes &hellip; Gobierno Nacional fortalece Motor Minero para impulsar y promover modelo productivo de la PatriaRead more","og_url":"https:\/\/www.mpppst.gob.ve\/mpppstweb\/index.php\/2020\/09\/25\/gobierno-nacional-fortalece-motor-minero-para-impulsar-y-promover-modelo-productivo-de-la-patria\/","og_site_name":"MPPPST","article_published_time":"2020-09-25T15:07:05+00:00","article_modified_time":"2020-09-25T15:07:06+00:00","og_image":[{"width":768,"height":427,"url":"https:\/\/www.mpppst.gob.ve\/mpppstweb\/wp-content\/uploads\/2020\/09\/Delcy-Rod\u00b4rguez-768x427-1.jpg","type":"image\/jpeg"}],"author":"MPPPST Prensa","twitter_card":"summary_large_image","twitter_misc":{"Escrito por":"MPPPST Prensa","Tiempo de lectura":"1 minuto"},"schema":{"@context":"https:\/\/schema.org","@graph":[{"@type":"Article","@id":"https:\/\/www.mpppst.gob.ve\/mpppstweb\/index.php\/2020\/09\/25\/gobierno-nacional-fortalece-motor-minero-para-impulsar-y-promover-modelo-productivo-de-la-patria\/#article","isPartOf":{"@id":"https:\/\/www.mpppst.gob.ve\/mpppstweb\/index.php\/2020\/09\/25\/gobierno-nacional-fortalece-motor-minero-para-impulsar-y-promover-modelo-productivo-de-la-patria\/"},"author":{"name":"MPPPST Prensa","@id":"https:\/\/www.mpppst.gob.ve\/mpppstweb\/#\/schema\/person\/fc187ee8ead412bd4c9304b62f900ea4"},"headline":"Gobierno Nacional fortalece Motor Minero para impulsar y promover modelo productivo de la Patria","datePublished":"2020-09-25T15:07:05+00:00","dateModified":"2020-09-25T15:07:06+00:00","mainEntityOfPage":{"@id":"https:\/\/www.mpppst.gob.ve\/mpppstweb\/index.php\/2020\/09\/25\/gobierno-nacional-fortalece-motor-minero-para-impulsar-y-promover-modelo-productivo-de-la-patria\/"},"wordCount":287,"publisher":{"@id":"https:\/\/www.mpppst.gob.ve\/mpppstweb\/#organization"},"image":{"@id":"https:\/\/www.mpppst.gob.ve\/mpppstweb\/index.php\/2020\/09\/25\/gobierno-nacional-fortalece-motor-minero-para-impulsar-y-promover-modelo-productivo-de-la-patria\/#primaryimage"},"thumbnailUrl":"https:\/\/www.mpppst.gob.ve\/mpppstweb\/wp-content\/uploads\/2020\/09\/Delcy-Rod\u00b4rguez-768x427-1.jpg","articleSection":["Gobierno Nacional","Noticias"],"inLanguage":"es"},{"@type":"WebPage","@id":"https:\/\/www.mpppst.gob.ve\/mpppstweb\/index.php\/2020\/09\/25\/gobierno-nacional-fortalece-motor-minero-para-impulsar-y-promover-modelo-productivo-de-la-patria\/","url":"https:\/\/www.mpppst.gob.ve\/mpppstweb\/index.php\/2020\/09\/25\/gobierno-nacional-fortalece-motor-minero-para-impulsar-y-promover-modelo-productivo-de-la-patria\/","name":"Gobierno Nacional fortalece Motor Minero para impulsar y promover modelo productivo de la Patria - MPPPST","isPartOf":{"@id":"https:\/\/www.mpppst.gob.ve\/mpppstweb\/#website"},"primaryImageOfPage":{"@id":"https:\/\/www.mpppst.gob.ve\/mpppstweb\/index.php\/2020\/09\/25\/gobierno-nacional-fortalece-motor-minero-para-impulsar-y-promover-modelo-productivo-de-la-patria\/#primaryimage"},"image":{"@id":"https:\/\/www.mpppst.gob.ve\/mpppstweb\/index.php\/2020\/09\/25\/gobierno-nacional-fortalece-motor-minero-para-impulsar-y-promover-modelo-productivo-de-la-patria\/#primaryimage"},"thumbnailUrl":"https:\/\/www.mpppst.gob.ve\/mpppstweb\/wp-content\/uploads\/2020\/09\/Delcy-Rod\u00b4rguez-768x427-1.jpg","datePublished":"2020-09-25T15:07:05+00:00","dateModified":"2020-09-25T15:07:06+00:00","breadcrumb":{"@id":"https:\/\/www.mpppst.gob.ve\/mpppstweb\/index.php\/2020\/09\/25\/gobierno-nacional-fortalece-motor-minero-para-impulsar-y-promover-modelo-productivo-de-la-patria\/#breadcrumb"},"inLanguage":"es","potentialAction":[{"@type":"ReadAction","target":["https:\/\/www.mpppst.gob.ve\/mpppstweb\/index.php\/2020\/09\/25\/gobierno-nacional-fortalece-motor-minero-para-impulsar-y-promover-modelo-productivo-de-la-patria\/"]}]},{"@type":"ImageObject","inLanguage":"es","@id":"https:\/\/www.mpppst.gob.ve\/mpppstweb\/index.php\/2020\/09\/25\/gobierno-nacional-fortalece-motor-minero-para-impulsar-y-promover-modelo-productivo-de-la-patria\/#primaryimage","url":"https:\/\/www.mpppst.gob.ve\/mpppstweb\/wp-content\/uploads\/2020\/09\/Delcy-Rod\u00b4rguez-768x427-1.jpg","contentUrl":"https:\/\/www.mpppst.gob.ve\/mpppstweb\/wp-content\/uploads\/2020\/09\/Delcy-Rod\u00b4rguez-768x427-1.jpg","width":768,"height":427},{"@type":"BreadcrumbList","@id":"https:\/\/www.mpppst.gob.ve\/mpppstweb\/index.php\/2020\/09\/25\/gobierno-nacional-fortalece-motor-minero-para-impulsar-y-promover-modelo-productivo-de-la-patria\/#breadcrumb","itemListElement":[{"@type":"ListItem","position":1,"name":"Home","item":"https:\/\/www.mpppst.gob.ve\/mpppstweb\/"},{"@type":"ListItem","position":2,"name":"Gobierno Nacional fortalece Motor Minero para impulsar y promover modelo productivo de la Patria"}]},{"@type":"WebSite","@id":"https:\/\/www.mpppst.gob.ve\/mpppstweb\/#website","url":"https:\/\/www.mpppst.gob.ve\/mpppstweb\/","name":"MPPPST","description":"Ministerio del Poder Popular para el Proceso Social de Trabajo","publisher":{"@id":"https:\/\/www.mpppst.gob.ve\/mpppstweb\/#organization"},"potentialAction":[{"@type":"SearchAction","target":{"@type":"EntryPoint","urlTemplate":"https:\/\/www.mpppst.gob.ve\/mpppstweb\/?s={search_term_string}"},"query-input":"required name=search_term_string"}],"inLanguage":"es"},{"@type":"Organization","@id":"https:\/\/www.mpppst.gob.ve\/mpppstweb\/#organization","name":"mpppst","url":"https:\/\/www.mpppst.gob.ve\/mpppstweb\/","logo":{"@type":"ImageObject","inLanguage":"es","@id":"https:\/\/www.mpppst.gob.ve\/mpppstweb\/#\/schema\/logo\/image\/","url":"https:\/\/www.mpppst.gob.ve\/mpppstweb\/wp-content\/uploads\/2025\/07\/cropped-cropped-g910.png","contentUrl":"https:\/\/www.mpppst.gob.ve\/mpppstweb\/wp-content\/uploads\/2025\/07\/cropped-cropped-g910.png","width":1080,"height":241,"caption":"mpppst"},"image":{"@id":"https:\/\/www.mpppst.gob.ve\/mpppstweb\/#\/schema\/logo\/image\/"}},{"@type":"Person","@id":"https:\/\/www.mpppst.gob.ve\/mpppstweb\/#\/schema\/person\/fc187ee8ead412bd4c9304b62f900ea4","name":"MPPPST Prensa","url":"https:\/\/www.mpppst.gob.ve\/mpppstweb\/index.php\/author\/prensa-mpppst\/"}]}},"_links":{"self":[{"href":"https:\/\/www.mpppst.gob.ve\/mpppstweb\/index.php\/wp-json\/wp\/v2\/posts\/20013"}],"collection":[{"href":"https:\/\/www.mpppst.gob.ve\/mpppstweb\/index.php\/wp-json\/wp\/v2\/posts"}],"about":[{"href":"https:\/\/www.mpppst.gob.ve\/mpppstweb\/index.php\/wp-json\/wp\/v2\/types\/post"}],"author":[{"embeddable":true,"href":"https:\/\/www.mpppst.gob.ve\/mpppstweb\/index.php\/wp-json\/wp\/v2\/users\/25"}],"replies":[{"embeddable":true,"href":"https:\/\/www.mpppst.gob.ve\/mpppstweb\/index.php\/wp-json\/wp\/v2\/comments?post=20013"}],"version-history":[{"count":1,"href":"https:\/\/www.mpppst.gob.ve\/mpppstweb\/index.php\/wp-json\/wp\/v2\/posts\/20013\/revisions"}],"predecessor-version":[{"id":20015,"href":"https:\/\/www.mpppst.gob.ve\/mpppstweb\/index.php\/wp-json\/wp\/v2\/posts\/20013\/revisions\/20015"}],"wp:featuredmedia":[{"embeddable":true,"href":"https:\/\/www.mpppst.gob.ve\/mpppstweb\/index.php\/wp-json\/wp\/v2\/media\/20014"}],"wp:attachment":[{"href":"https:\/\/www.mpppst.gob.ve\/mpppstweb\/index.php\/wp-json\/wp\/v2\/media?parent=20013"}],"wp:term":[{"taxonomy":"category","embeddable":true,"href":"https:\/\/www.mpppst.gob.ve\/mpppstweb\/index.php\/wp-json\/wp\/v2\/categories?post=20013"},{"taxonomy":"post_tag","embeddable":true,"href":"https:\/\/www.mpppst.gob.ve\/mpppstweb\/index.php\/wp-json\/wp\/v2\/tags?post=20013"}],"curies":[{"name":"wp","href":"https:\/\/api.w.org\/{rel}","templated":true}]}}