{"id":20083,"date":"2020-10-01T11:01:28","date_gmt":"2020-10-01T15:01:28","guid":{"rendered":"http:\/\/www.mpppst.gob.ve\/mpppstweb\/?p=20083"},"modified":"2020-10-01T11:02:16","modified_gmt":"2020-10-01T15:02:16","slug":"presentan-ley-antibloqueo-para-la-defensa-del-pueblo-venezolano-ante-consejo-de-vicepresidentes-y-canciller","status":"publish","type":"post","link":"https:\/\/www.mpppst.gob.ve\/mpppstweb\/index.php\/2020\/10\/01\/presentan-ley-antibloqueo-para-la-defensa-del-pueblo-venezolano-ante-consejo-de-vicepresidentes-y-canciller\/","title":{"rendered":"Presentan Ley Antibloqueo para la defensa del pueblo venezolano ante Consejo de vicepresidentes y canciller"},"content":{"rendered":"\n<p>Este mi\u00e9rcoles la Comisi\u00f3n Constituyente inici\u00f3 el debate de la&nbsp;<strong>Ley Constitucional Especial Antibloqueo para el Desarrollo Nacional y la Garant\u00eda de los Derechos Humanos<\/strong>, en la sede del Ministerio de Finanzas y adem\u00e1s se present\u00f3 el proyecto ante el Consejo de Vicepresidentes y el Canciller de la Rep\u00fablica, con miras a garantizar su aplicaci\u00f3n inmediata una vez que sea aprobada por la Asamblea Nacional Constituyente (ANC).<\/p>\n\n\n\n<p>As\u00ed lo dio a conocer este mi\u00e9rcoles la vicepresidenta Ejecutiva de la Rep\u00fablica,&nbsp;<strong>Delcy Rodr\u00edguez<\/strong>, durante una intervenci\u00f3n en el Mi\u00e9rcoles Productivo, dedicado al AgroPetro.&nbsp;<\/p>\n\n\n\n<p>\u201cLa Ley es para defender a nuestra Venezuela soberana e independiente\u201d, justific\u00f3 tras explicar que durante los encuentros se hizo la presentaci\u00f3n de la Ley y se explicaron los principios fundamentales que la rigen para la defensa del pueblo, garantizar los DDHH de la poblaci\u00f3n, consolidar el sistema complementario de ingresos, la protecci\u00f3n a los trabajadores, entre otros aspectos positivos, frente a los delitos de lesa humanidad cometidos por el Gobierno de Donald Trump. PRENSA WEB VTV<\/p>\n","protected":false},"excerpt":{"rendered":"<p>Este mi\u00e9rcoles la Comisi\u00f3n Constituyente inici\u00f3 el debate de la&nbsp;Ley Constitucional Especial Antibloqueo para el Desarrollo &hellip; <a title=\"Presentan Ley Antibloqueo para la defensa del pueblo venezolano ante Consejo de vicepresidentes y canciller\" class=\"hm-read-more\" href=\"https:\/\/www.mpppst.gob.ve\/mpppstweb\/index.php\/2020\/10\/01\/presentan-ley-antibloqueo-para-la-defensa-del-pueblo-venezolano-ante-consejo-de-vicepresidentes-y-canciller\/\"><span class=\"screen-reader-text\">Presentan Ley Antibloqueo para la defensa del pueblo venezolano ante Consejo de vicepresidentes y canciller<\/span>Read more<\/a><\/p>\n","protected":false},"author":25,"featured_media":20084,"comment_status":"closed","ping_status":"closed","sticky":false,"template":"","format":"standard","meta":{"footnotes":""},"categories":[82,163],"tags":[],"yoast_head":"<!-- This site is optimized with the Yoast SEO plugin v22.5 - https:\/\/yoast.com\/wordpress\/plugins\/seo\/ -->\n<title>Presentan Ley Antibloqueo para la defensa del pueblo venezolano ante Consejo de vicepresidentes y canciller - MPPPST<\/title>\n<meta name=\"robots\" content=\"index, follow, max-snippet:-1, max-image-preview:large, max-video-preview:-1\" \/>\n<link rel=\"canonical\" href=\"https:\/\/www.mpppst.gob.ve\/mpppstweb\/index.php\/2020\/10\/01\/presentan-ley-antibloqueo-para-la-defensa-del-pueblo-venezolano-ante-consejo-de-vicepresidentes-y-canciller\/\" \/>\n<meta property=\"og:locale\" content=\"es_ES\" \/>\n<meta property=\"og:type\" content=\"article\" \/>\n<meta property=\"og:title\" content=\"Presentan Ley Antibloqueo para la defensa del pueblo venezolano ante Consejo de vicepresidentes y canciller - MPPPST\" \/>\n<meta property=\"og:description\" content=\"Este mi\u00e9rcoles la Comisi\u00f3n Constituyente inici\u00f3 el debate de la&nbsp;Ley Constitucional Especial Antibloqueo para el Desarrollo &hellip; Presentan Ley Antibloqueo para la defensa del pueblo venezolano ante Consejo de vicepresidentes y cancillerRead more\" \/>\n<meta property=\"og:url\" content=\"https:\/\/www.mpppst.gob.ve\/mpppstweb\/index.php\/2020\/10\/01\/presentan-ley-antibloqueo-para-la-defensa-del-pueblo-venezolano-ante-consejo-de-vicepresidentes-y-canciller\/\" \/>\n<meta property=\"og:site_name\" content=\"MPPPST\" \/>\n<meta property=\"article:published_time\" content=\"2020-10-01T15:01:28+00:00\" \/>\n<meta property=\"article:modified_time\" content=\"2020-10-01T15:02:16+00:00\" \/>\n<meta property=\"og:image\" content=\"https:\/\/www.mpppst.gob.ve\/mpppstweb\/wp-content\/uploads\/2020\/10\/Captura-de-pantalla-2020-09-30-a-las-6.38.15-p.m.-768x427-1.png\" \/>\n\t<meta property=\"og:image:width\" content=\"768\" \/>\n\t<meta property=\"og:image:height\" content=\"427\" \/>\n\t<meta property=\"og:image:type\" content=\"image\/png\" \/>\n<meta name=\"author\" content=\"MPPPST Prensa\" \/>\n<meta name=\"twitter:card\" content=\"summary_large_image\" \/>\n<meta name=\"twitter:label1\" content=\"Escrito por\" \/>\n\t<meta name=\"twitter:data1\" content=\"MPPPST Prensa\" \/>\n\t<meta name=\"twitter:label2\" content=\"Tiempo de lectura\" \/>\n\t<meta name=\"twitter:data2\" content=\"1 minuto\" \/>\n<script type=\"application\/ld+json\" class=\"yoast-schema-graph\">{\"@context\":\"https:\/\/schema.org\",\"@graph\":[{\"@type\":\"Article\",\"@id\":\"https:\/\/www.mpppst.gob.ve\/mpppstweb\/index.php\/2020\/10\/01\/presentan-ley-antibloqueo-para-la-defensa-del-pueblo-venezolano-ante-consejo-de-vicepresidentes-y-canciller\/#article\",\"isPartOf\":{\"@id\":\"https:\/\/www.mpppst.gob.ve\/mpppstweb\/index.php\/2020\/10\/01\/presentan-ley-antibloqueo-para-la-defensa-del-pueblo-venezolano-ante-consejo-de-vicepresidentes-y-canciller\/\"},\"author\":{\"name\":\"MPPPST Prensa\",\"@id\":\"https:\/\/www.mpppst.gob.ve\/mpppstweb\/#\/schema\/person\/fc187ee8ead412bd4c9304b62f900ea4\"},\"headline\":\"Presentan Ley Antibloqueo para la defensa del pueblo venezolano ante Consejo de vicepresidentes y canciller\",\"datePublished\":\"2020-10-01T15:01:28+00:00\",\"dateModified\":\"2020-10-01T15:02:16+00:00\",\"mainEntityOfPage\":{\"@id\":\"https:\/\/www.mpppst.gob.ve\/mpppstweb\/index.php\/2020\/10\/01\/presentan-ley-antibloqueo-para-la-defensa-del-pueblo-venezolano-ante-consejo-de-vicepresidentes-y-canciller\/\"},\"wordCount\":201,\"publisher\":{\"@id\":\"https:\/\/www.mpppst.gob.ve\/mpppstweb\/#organization\"},\"image\":{\"@id\":\"https:\/\/www.mpppst.gob.ve\/mpppstweb\/index.php\/2020\/10\/01\/presentan-ley-antibloqueo-para-la-defensa-del-pueblo-venezolano-ante-consejo-de-vicepresidentes-y-canciller\/#primaryimage\"},\"thumbnailUrl\":\"https:\/\/www.mpppst.gob.ve\/mpppstweb\/wp-content\/uploads\/2020\/10\/Captura-de-pantalla-2020-09-30-a-las-6.38.15-p.m.-768x427-1.png\",\"articleSection\":[\"Gobierno Nacional\",\"Noticias\"],\"inLanguage\":\"es\"},{\"@type\":\"WebPage\",\"@id\":\"https:\/\/www.mpppst.gob.ve\/mpppstweb\/index.php\/2020\/10\/01\/presentan-ley-antibloqueo-para-la-defensa-del-pueblo-venezolano-ante-consejo-de-vicepresidentes-y-canciller\/\",\"url\":\"https:\/\/www.mpppst.gob.ve\/mpppstweb\/index.php\/2020\/10\/01\/presentan-ley-antibloqueo-para-la-defensa-del-pueblo-venezolano-ante-consejo-de-vicepresidentes-y-canciller\/\",\"name\":\"Presentan Ley Antibloqueo para la defensa del pueblo venezolano ante Consejo de vicepresidentes y canciller - MPPPST\",\"isPartOf\":{\"@id\":\"https:\/\/www.mpppst.gob.ve\/mpppstweb\/#website\"},\"primaryImageOfPage\":{\"@id\":\"https:\/\/www.mpppst.gob.ve\/mpppstweb\/index.php\/2020\/10\/01\/presentan-ley-antibloqueo-para-la-defensa-del-pueblo-venezolano-ante-consejo-de-vicepresidentes-y-canciller\/#primaryimage\"},\"image\":{\"@id\":\"https:\/\/www.mpppst.gob.ve\/mpppstweb\/index.php\/2020\/10\/01\/presentan-ley-antibloqueo-para-la-defensa-del-pueblo-venezolano-ante-consejo-de-vicepresidentes-y-canciller\/#primaryimage\"},\"thumbnailUrl\":\"https:\/\/www.mpppst.gob.ve\/mpppstweb\/wp-content\/uploads\/2020\/10\/Captura-de-pantalla-2020-09-30-a-las-6.38.15-p.m.-768x427-1.png\",\"datePublished\":\"2020-10-01T15:01:28+00:00\",\"dateModified\":\"2020-10-01T15:02:16+00:00\",\"breadcrumb\":{\"@id\":\"https:\/\/www.mpppst.gob.ve\/mpppstweb\/index.php\/2020\/10\/01\/presentan-ley-antibloqueo-para-la-defensa-del-pueblo-venezolano-ante-consejo-de-vicepresidentes-y-canciller\/#breadcrumb\"},\"inLanguage\":\"es\",\"potentialAction\":[{\"@type\":\"ReadAction\",\"target\":[\"https:\/\/www.mpppst.gob.ve\/mpppstweb\/index.php\/2020\/10\/01\/presentan-ley-antibloqueo-para-la-defensa-del-pueblo-venezolano-ante-consejo-de-vicepresidentes-y-canciller\/\"]}]},{\"@type\":\"ImageObject\",\"inLanguage\":\"es\",\"@id\":\"https:\/\/www.mpppst.gob.ve\/mpppstweb\/index.php\/2020\/10\/01\/presentan-ley-antibloqueo-para-la-defensa-del-pueblo-venezolano-ante-consejo-de-vicepresidentes-y-canciller\/#primaryimage\",\"url\":\"https:\/\/www.mpppst.gob.ve\/mpppstweb\/wp-content\/uploads\/2020\/10\/Captura-de-pantalla-2020-09-30-a-las-6.38.15-p.m.-768x427-1.png\",\"contentUrl\":\"https:\/\/www.mpppst.gob.ve\/mpppstweb\/wp-content\/uploads\/2020\/10\/Captura-de-pantalla-2020-09-30-a-las-6.38.15-p.m.-768x427-1.png\",\"width\":768,\"height\":427},{\"@type\":\"BreadcrumbList\",\"@id\":\"https:\/\/www.mpppst.gob.ve\/mpppstweb\/index.php\/2020\/10\/01\/presentan-ley-antibloqueo-para-la-defensa-del-pueblo-venezolano-ante-consejo-de-vicepresidentes-y-canciller\/#breadcrumb\",\"itemListElement\":[{\"@type\":\"ListItem\",\"position\":1,\"name\":\"Home\",\"item\":\"https:\/\/www.mpppst.gob.ve\/mpppstweb\/\"},{\"@type\":\"ListItem\",\"position\":2,\"name\":\"Presentan Ley Antibloqueo para la defensa del pueblo venezolano ante Consejo de vicepresidentes y canciller\"}]},{\"@type\":\"WebSite\",\"@id\":\"https:\/\/www.mpppst.gob.ve\/mpppstweb\/#website\",\"url\":\"https:\/\/www.mpppst.gob.ve\/mpppstweb\/\",\"name\":\"MPPPST\",\"description\":\"Ministerio del Poder Popular para el Proceso Social de Trabajo\",\"publisher\":{\"@id\":\"https:\/\/www.mpppst.gob.ve\/mpppstweb\/#organization\"},\"potentialAction\":[{\"@type\":\"SearchAction\",\"target\":{\"@type\":\"EntryPoint\",\"urlTemplate\":\"https:\/\/www.mpppst.gob.ve\/mpppstweb\/?s={search_term_string}\"},\"query-input\":\"required name=search_term_string\"}],\"inLanguage\":\"es\"},{\"@type\":\"Organization\",\"@id\":\"https:\/\/www.mpppst.gob.ve\/mpppstweb\/#organization\",\"name\":\"mpppst\",\"url\":\"https:\/\/www.mpppst.gob.ve\/mpppstweb\/\",\"logo\":{\"@type\":\"ImageObject\",\"inLanguage\":\"es\",\"@id\":\"https:\/\/www.mpppst.gob.ve\/mpppstweb\/#\/schema\/logo\/image\/\",\"url\":\"https:\/\/www.mpppst.gob.ve\/mpppstweb\/wp-content\/uploads\/2025\/07\/cropped-cropped-g910.png\",\"contentUrl\":\"https:\/\/www.mpppst.gob.ve\/mpppstweb\/wp-content\/uploads\/2025\/07\/cropped-cropped-g910.png\",\"width\":1080,\"height\":241,\"caption\":\"mpppst\"},\"image\":{\"@id\":\"https:\/\/www.mpppst.gob.ve\/mpppstweb\/#\/schema\/logo\/image\/\"}},{\"@type\":\"Person\",\"@id\":\"https:\/\/www.mpppst.gob.ve\/mpppstweb\/#\/schema\/person\/fc187ee8ead412bd4c9304b62f900ea4\",\"name\":\"MPPPST Prensa\",\"url\":\"https:\/\/www.mpppst.gob.ve\/mpppstweb\/index.php\/author\/prensa-mpppst\/\"}]}<\/script>\n<!-- \/ Yoast SEO plugin. -->","yoast_head_json":{"title":"Presentan Ley Antibloqueo para la defensa del pueblo venezolano ante Consejo de vicepresidentes y canciller - MPPPST","robots":{"index":"index","follow":"follow","max-snippet":"max-snippet:-1","max-image-preview":"max-image-preview:large","max-video-preview":"max-video-preview:-1"},"canonical":"https:\/\/www.mpppst.gob.ve\/mpppstweb\/index.php\/2020\/10\/01\/presentan-ley-antibloqueo-para-la-defensa-del-pueblo-venezolano-ante-consejo-de-vicepresidentes-y-canciller\/","og_locale":"es_ES","og_type":"article","og_title":"Presentan Ley Antibloqueo para la defensa del pueblo venezolano ante Consejo de vicepresidentes y canciller - MPPPST","og_description":"Este mi\u00e9rcoles la Comisi\u00f3n Constituyente inici\u00f3 el debate de la&nbsp;Ley Constitucional Especial Antibloqueo para el Desarrollo &hellip; Presentan Ley Antibloqueo para la defensa del pueblo venezolano ante Consejo de vicepresidentes y cancillerRead more","og_url":"https:\/\/www.mpppst.gob.ve\/mpppstweb\/index.php\/2020\/10\/01\/presentan-ley-antibloqueo-para-la-defensa-del-pueblo-venezolano-ante-consejo-de-vicepresidentes-y-canciller\/","og_site_name":"MPPPST","article_published_time":"2020-10-01T15:01:28+00:00","article_modified_time":"2020-10-01T15:02:16+00:00","og_image":[{"width":768,"height":427,"url":"https:\/\/www.mpppst.gob.ve\/mpppstweb\/wp-content\/uploads\/2020\/10\/Captura-de-pantalla-2020-09-30-a-las-6.38.15-p.m.-768x427-1.png","type":"image\/png"}],"author":"MPPPST Prensa","twitter_card":"summary_large_image","twitter_misc":{"Escrito por":"MPPPST Prensa","Tiempo de lectura":"1 minuto"},"schema":{"@context":"https:\/\/schema.org","@graph":[{"@type":"Article","@id":"https:\/\/www.mpppst.gob.ve\/mpppstweb\/index.php\/2020\/10\/01\/presentan-ley-antibloqueo-para-la-defensa-del-pueblo-venezolano-ante-consejo-de-vicepresidentes-y-canciller\/#article","isPartOf":{"@id":"https:\/\/www.mpppst.gob.ve\/mpppstweb\/index.php\/2020\/10\/01\/presentan-ley-antibloqueo-para-la-defensa-del-pueblo-venezolano-ante-consejo-de-vicepresidentes-y-canciller\/"},"author":{"name":"MPPPST Prensa","@id":"https:\/\/www.mpppst.gob.ve\/mpppstweb\/#\/schema\/person\/fc187ee8ead412bd4c9304b62f900ea4"},"headline":"Presentan Ley Antibloqueo para la defensa del pueblo venezolano ante Consejo de vicepresidentes y canciller","datePublished":"2020-10-01T15:01:28+00:00","dateModified":"2020-10-01T15:02:16+00:00","mainEntityOfPage":{"@id":"https:\/\/www.mpppst.gob.ve\/mpppstweb\/index.php\/2020\/10\/01\/presentan-ley-antibloqueo-para-la-defensa-del-pueblo-venezolano-ante-consejo-de-vicepresidentes-y-canciller\/"},"wordCount":201,"publisher":{"@id":"https:\/\/www.mpppst.gob.ve\/mpppstweb\/#organization"},"image":{"@id":"https:\/\/www.mpppst.gob.ve\/mpppstweb\/index.php\/2020\/10\/01\/presentan-ley-antibloqueo-para-la-defensa-del-pueblo-venezolano-ante-consejo-de-vicepresidentes-y-canciller\/#primaryimage"},"thumbnailUrl":"https:\/\/www.mpppst.gob.ve\/mpppstweb\/wp-content\/uploads\/2020\/10\/Captura-de-pantalla-2020-09-30-a-las-6.38.15-p.m.-768x427-1.png","articleSection":["Gobierno Nacional","Noticias"],"inLanguage":"es"},{"@type":"WebPage","@id":"https:\/\/www.mpppst.gob.ve\/mpppstweb\/index.php\/2020\/10\/01\/presentan-ley-antibloqueo-para-la-defensa-del-pueblo-venezolano-ante-consejo-de-vicepresidentes-y-canciller\/","url":"https:\/\/www.mpppst.gob.ve\/mpppstweb\/index.php\/2020\/10\/01\/presentan-ley-antibloqueo-para-la-defensa-del-pueblo-venezolano-ante-consejo-de-vicepresidentes-y-canciller\/","name":"Presentan Ley Antibloqueo para la defensa del pueblo venezolano ante Consejo de vicepresidentes y canciller - MPPPST","isPartOf":{"@id":"https:\/\/www.mpppst.gob.ve\/mpppstweb\/#website"},"primaryImageOfPage":{"@id":"https:\/\/www.mpppst.gob.ve\/mpppstweb\/index.php\/2020\/10\/01\/presentan-ley-antibloqueo-para-la-defensa-del-pueblo-venezolano-ante-consejo-de-vicepresidentes-y-canciller\/#primaryimage"},"image":{"@id":"https:\/\/www.mpppst.gob.ve\/mpppstweb\/index.php\/2020\/10\/01\/presentan-ley-antibloqueo-para-la-defensa-del-pueblo-venezolano-ante-consejo-de-vicepresidentes-y-canciller\/#primaryimage"},"thumbnailUrl":"https:\/\/www.mpppst.gob.ve\/mpppstweb\/wp-content\/uploads\/2020\/10\/Captura-de-pantalla-2020-09-30-a-las-6.38.15-p.m.-768x427-1.png","datePublished":"2020-10-01T15:01:28+00:00","dateModified":"2020-10-01T15:02:16+00:00","breadcrumb":{"@id":"https:\/\/www.mpppst.gob.ve\/mpppstweb\/index.php\/2020\/10\/01\/presentan-ley-antibloqueo-para-la-defensa-del-pueblo-venezolano-ante-consejo-de-vicepresidentes-y-canciller\/#breadcrumb"},"inLanguage":"es","potentialAction":[{"@type":"ReadAction","target":["https:\/\/www.mpppst.gob.ve\/mpppstweb\/index.php\/2020\/10\/01\/presentan-ley-antibloqueo-para-la-defensa-del-pueblo-venezolano-ante-consejo-de-vicepresidentes-y-canciller\/"]}]},{"@type":"ImageObject","inLanguage":"es","@id":"https:\/\/www.mpppst.gob.ve\/mpppstweb\/index.php\/2020\/10\/01\/presentan-ley-antibloqueo-para-la-defensa-del-pueblo-venezolano-ante-consejo-de-vicepresidentes-y-canciller\/#primaryimage","url":"https:\/\/www.mpppst.gob.ve\/mpppstweb\/wp-content\/uploads\/2020\/10\/Captura-de-pantalla-2020-09-30-a-las-6.38.15-p.m.-768x427-1.png","contentUrl":"https:\/\/www.mpppst.gob.ve\/mpppstweb\/wp-content\/uploads\/2020\/10\/Captura-de-pantalla-2020-09-30-a-las-6.38.15-p.m.-768x427-1.png","width":768,"height":427},{"@type":"BreadcrumbList","@id":"https:\/\/www.mpppst.gob.ve\/mpppstweb\/index.php\/2020\/10\/01\/presentan-ley-antibloqueo-para-la-defensa-del-pueblo-venezolano-ante-consejo-de-vicepresidentes-y-canciller\/#breadcrumb","itemListElement":[{"@type":"ListItem","position":1,"name":"Home","item":"https:\/\/www.mpppst.gob.ve\/mpppstweb\/"},{"@type":"ListItem","position":2,"name":"Presentan Ley Antibloqueo para la defensa del pueblo venezolano ante Consejo de vicepresidentes y canciller"}]},{"@type":"WebSite","@id":"https:\/\/www.mpppst.gob.ve\/mpppstweb\/#website","url":"https:\/\/www.mpppst.gob.ve\/mpppstweb\/","name":"MPPPST","description":"Ministerio del Poder Popular para el Proceso Social de Trabajo","publisher":{"@id":"https:\/\/www.mpppst.gob.ve\/mpppstweb\/#organization"},"potentialAction":[{"@type":"SearchAction","target":{"@type":"EntryPoint","urlTemplate":"https:\/\/www.mpppst.gob.ve\/mpppstweb\/?s={search_term_string}"},"query-input":"required name=search_term_string"}],"inLanguage":"es"},{"@type":"Organization","@id":"https:\/\/www.mpppst.gob.ve\/mpppstweb\/#organization","name":"mpppst","url":"https:\/\/www.mpppst.gob.ve\/mpppstweb\/","logo":{"@type":"ImageObject","inLanguage":"es","@id":"https:\/\/www.mpppst.gob.ve\/mpppstweb\/#\/schema\/logo\/image\/","url":"https:\/\/www.mpppst.gob.ve\/mpppstweb\/wp-content\/uploads\/2025\/07\/cropped-cropped-g910.png","contentUrl":"https:\/\/www.mpppst.gob.ve\/mpppstweb\/wp-content\/uploads\/2025\/07\/cropped-cropped-g910.png","width":1080,"height":241,"caption":"mpppst"},"image":{"@id":"https:\/\/www.mpppst.gob.ve\/mpppstweb\/#\/schema\/logo\/image\/"}},{"@type":"Person","@id":"https:\/\/www.mpppst.gob.ve\/mpppstweb\/#\/schema\/person\/fc187ee8ead412bd4c9304b62f900ea4","name":"MPPPST Prensa","url":"https:\/\/www.mpppst.gob.ve\/mpppstweb\/index.php\/author\/prensa-mpppst\/"}]}},"_links":{"self":[{"href":"https:\/\/www.mpppst.gob.ve\/mpppstweb\/index.php\/wp-json\/wp\/v2\/posts\/20083"}],"collection":[{"href":"https:\/\/www.mpppst.gob.ve\/mpppstweb\/index.php\/wp-json\/wp\/v2\/posts"}],"about":[{"href":"https:\/\/www.mpppst.gob.ve\/mpppstweb\/index.php\/wp-json\/wp\/v2\/types\/post"}],"author":[{"embeddable":true,"href":"https:\/\/www.mpppst.gob.ve\/mpppstweb\/index.php\/wp-json\/wp\/v2\/users\/25"}],"replies":[{"embeddable":true,"href":"https:\/\/www.mpppst.gob.ve\/mpppstweb\/index.php\/wp-json\/wp\/v2\/comments?post=20083"}],"version-history":[{"count":2,"href":"https:\/\/www.mpppst.gob.ve\/mpppstweb\/index.php\/wp-json\/wp\/v2\/posts\/20083\/revisions"}],"predecessor-version":[{"id":20086,"href":"https:\/\/www.mpppst.gob.ve\/mpppstweb\/index.php\/wp-json\/wp\/v2\/posts\/20083\/revisions\/20086"}],"wp:featuredmedia":[{"embeddable":true,"href":"https:\/\/www.mpppst.gob.ve\/mpppstweb\/index.php\/wp-json\/wp\/v2\/media\/20084"}],"wp:attachment":[{"href":"https:\/\/www.mpppst.gob.ve\/mpppstweb\/index.php\/wp-json\/wp\/v2\/media?parent=20083"}],"wp:term":[{"taxonomy":"category","embeddable":true,"href":"https:\/\/www.mpppst.gob.ve\/mpppstweb\/index.php\/wp-json\/wp\/v2\/categories?post=20083"},{"taxonomy":"post_tag","embeddable":true,"href":"https:\/\/www.mpppst.gob.ve\/mpppstweb\/index.php\/wp-json\/wp\/v2\/tags?post=20083"}],"curies":[{"name":"wp","href":"https:\/\/api.w.org\/{rel}","templated":true}]}}