{"id":20090,"date":"2020-10-01T11:06:09","date_gmt":"2020-10-01T15:06:09","guid":{"rendered":"http:\/\/www.mpppst.gob.ve\/mpppstweb\/?p=20090"},"modified":"2020-10-01T11:06:09","modified_gmt":"2020-10-01T15:06:09","slug":"tribunales-de-la-republica-laboraran-durante-la-semana-de-flexibilizacion-decretada-por-el-ejecutivo-nacional","status":"publish","type":"post","link":"https:\/\/www.mpppst.gob.ve\/mpppstweb\/index.php\/2020\/10\/01\/tribunales-de-la-republica-laboraran-durante-la-semana-de-flexibilizacion-decretada-por-el-ejecutivo-nacional\/","title":{"rendered":"Tribunales de la Rep\u00fablica laborar\u00e1n durante la semana de flexibilizaci\u00f3n decretada por el Ejecutivo Nacional"},"content":{"rendered":"\n<p>El&nbsp;<strong>Tribunal Supremo de Justicia (TSJ),<\/strong>&nbsp;presidido por el magistrado Maikel Moreno, aprob\u00f3 en Sala Plena la Resoluci\u00f3n N\u00b0 2020-0008, en la que se establece que los&nbsp;<strong>tribunales de la Rep\u00fablica laborar\u00e1n durante la semana de flexibilizaci\u00f3n decretada por el Ejecutivo Nacional<\/strong>, atendiendo a las recomendaciones emitidas por la Comisi\u00f3n Presidencial para la Prevenci\u00f3n, Atenci\u00f3n y Control de la COVID-19, se considerar\u00e1n h\u00e1biles de lunes a viernes para todos los juzgados del pa\u00eds debiendo tramitar y sentenciar todos los asuntos nuevos y en curso.Agrega la Resoluci\u00f3n, que durante la semana de restricci\u00f3n decretada por el Ejecutivo Nacional permanecer\u00e1n en suspenso las causas y no correr\u00e1n los lapsos, salvo para aquellas que puedan decidirse a trav\u00e9s de los medios telem\u00e1ticos, inform\u00e1ticos y de comunicaci\u00f3n (TIC) disponibles.Se\u00f1ala el documento aprobado por la&nbsp;<strong>Sala Plena<\/strong>, que en materia de amparo constitucional se considerar\u00e1n habilitados todos los d\u00edas. Los jueces y las juezas est\u00e1n en la obligaci\u00f3n de tramitar y sentenciar los procesos respectivos, refiere nota de prensa.Los Magistrados y las Magistradas de la Sala Plena del TSJ, durante el per\u00edodo de Alarma Constitucional, mantendr\u00e1n el qu\u00f3rum necesario para la deliberaci\u00f3n conforme con lo que regulan los art\u00edculos 10 y 11 de la Ley Org\u00e1nica del Tribunal Supremo de Justicia.La Resoluci\u00f3n N\u00b0 2020-0008 insta a las juezas, los jueces, funcionarias y funcionarios integrantes del Poder Judicial, as\u00ed como a las abogadas y los abogados, ciudadanas y ciudadanos en general, que asistan a los tribunales, a acatar las medidas sanitarias en la ejecuci\u00f3n de sus actividades; se hace obligatorio el uso de guantes y tapabocas en todas las sedes judiciales del pa\u00eds.Tambi\u00e9n se\u00f1ala el documento, entre otros aspectos, que se comisiona a la Comisi\u00f3n Judicial a fin de organizar el sistema de trabajo de cada una de las jurisdicciones, as\u00ed como suspender el despacho de los circuitos judiciales si en el transcurso de la vigencia de la presente Resoluci\u00f3n la Comisi\u00f3n Presidencial para el Covid-19 establezca una restricci\u00f3n de las actividades, en alguna regi\u00f3n o zona del territorio nacional, distinta a la aqu\u00ed prevista. Adem\u00e1s, la Comisi\u00f3n Judicial podr\u00e1 implementar o ejecutar sistema de trabajo digital conforme a las resoluciones vigentes dictadas por esta Sala Plena.La Direcci\u00f3n Ejecutiva de la Magistratura velar\u00e1 que los distintos Circuitos Judiciales cuenten con los implementos de bioseguridad que se requieren para su funcionamiento cumpliendo la normativa sanitaria establecida por el Ministerio del Poder Popular para la Salud en Resoluci\u00f3n N\u00ba 090 de fecha 01-06-2020.La Sala Plena en la presente Resoluci\u00f3n, al igual que en las previamente aprobadas y publicadas durante la pandemia por COVID-19, incluyendo la N\u00ba 2020-0007, reitera al pa\u00eds que la celeridad y la buena marcha de la administraci\u00f3n de justicia est\u00e1 garantizada por el Estado venezolano durante los 365 d\u00edas del a\u00f1o, con la organizaci\u00f3n que el orden jur\u00eddico establece en garant\u00eda de los derechos de la ciudadan\u00eda y tambi\u00e9n de los que corresponden al personal judicial.<\/p>\n","protected":false},"excerpt":{"rendered":"<p>El&nbsp;Tribunal Supremo de Justicia (TSJ),&nbsp;presidido por el magistrado Maikel Moreno, aprob\u00f3 en Sala Plena la Resoluci\u00f3n &hellip; <a title=\"Tribunales de la Rep\u00fablica laborar\u00e1n durante la semana de flexibilizaci\u00f3n decretada por el Ejecutivo Nacional\" class=\"hm-read-more\" href=\"https:\/\/www.mpppst.gob.ve\/mpppstweb\/index.php\/2020\/10\/01\/tribunales-de-la-republica-laboraran-durante-la-semana-de-flexibilizacion-decretada-por-el-ejecutivo-nacional\/\"><span class=\"screen-reader-text\">Tribunales de la Rep\u00fablica laborar\u00e1n durante la semana de flexibilizaci\u00f3n decretada por el Ejecutivo Nacional<\/span>Read more<\/a><\/p>\n","protected":false},"author":25,"featured_media":20091,"comment_status":"closed","ping_status":"closed","sticky":false,"template":"","format":"standard","meta":{"footnotes":""},"categories":[82,163],"tags":[],"yoast_head":"<!-- This site is optimized with the Yoast SEO plugin v22.5 - https:\/\/yoast.com\/wordpress\/plugins\/seo\/ -->\n<title>Tribunales de la Rep\u00fablica laborar\u00e1n durante la semana de flexibilizaci\u00f3n decretada por el Ejecutivo Nacional - MPPPST<\/title>\n<meta name=\"robots\" content=\"index, follow, max-snippet:-1, max-image-preview:large, max-video-preview:-1\" \/>\n<link rel=\"canonical\" href=\"https:\/\/www.mpppst.gob.ve\/mpppstweb\/index.php\/2020\/10\/01\/tribunales-de-la-republica-laboraran-durante-la-semana-de-flexibilizacion-decretada-por-el-ejecutivo-nacional\/\" \/>\n<meta property=\"og:locale\" content=\"es_ES\" \/>\n<meta property=\"og:type\" content=\"article\" \/>\n<meta property=\"og:title\" content=\"Tribunales de la Rep\u00fablica laborar\u00e1n durante la semana de flexibilizaci\u00f3n decretada por el Ejecutivo Nacional - MPPPST\" \/>\n<meta property=\"og:description\" content=\"El&nbsp;Tribunal Supremo de Justicia (TSJ),&nbsp;presidido por el magistrado Maikel Moreno, aprob\u00f3 en Sala Plena la Resoluci\u00f3n &hellip; Tribunales de la Rep\u00fablica laborar\u00e1n durante la semana de flexibilizaci\u00f3n decretada por el Ejecutivo NacionalRead more\" \/>\n<meta property=\"og:url\" content=\"https:\/\/www.mpppst.gob.ve\/mpppstweb\/index.php\/2020\/10\/01\/tribunales-de-la-republica-laboraran-durante-la-semana-de-flexibilizacion-decretada-por-el-ejecutivo-nacional\/\" \/>\n<meta property=\"og:site_name\" content=\"MPPPST\" \/>\n<meta property=\"article:published_time\" content=\"2020-10-01T15:06:09+00:00\" \/>\n<meta property=\"og:image\" content=\"https:\/\/www.mpppst.gob.ve\/mpppstweb\/wp-content\/uploads\/2020\/10\/Captura-de-pantalla-2020-10-01-a-las-10.33.55-a.m.-768x427-1.png\" \/>\n\t<meta property=\"og:image:width\" content=\"768\" \/>\n\t<meta property=\"og:image:height\" content=\"427\" \/>\n\t<meta property=\"og:image:type\" content=\"image\/png\" \/>\n<meta name=\"author\" content=\"MPPPST Prensa\" \/>\n<meta name=\"twitter:card\" content=\"summary_large_image\" \/>\n<meta name=\"twitter:label1\" content=\"Escrito por\" \/>\n\t<meta name=\"twitter:data1\" content=\"MPPPST Prensa\" \/>\n\t<meta name=\"twitter:label2\" content=\"Tiempo de lectura\" \/>\n\t<meta name=\"twitter:data2\" content=\"3 minutos\" \/>\n<script type=\"application\/ld+json\" class=\"yoast-schema-graph\">{\"@context\":\"https:\/\/schema.org\",\"@graph\":[{\"@type\":\"Article\",\"@id\":\"https:\/\/www.mpppst.gob.ve\/mpppstweb\/index.php\/2020\/10\/01\/tribunales-de-la-republica-laboraran-durante-la-semana-de-flexibilizacion-decretada-por-el-ejecutivo-nacional\/#article\",\"isPartOf\":{\"@id\":\"https:\/\/www.mpppst.gob.ve\/mpppstweb\/index.php\/2020\/10\/01\/tribunales-de-la-republica-laboraran-durante-la-semana-de-flexibilizacion-decretada-por-el-ejecutivo-nacional\/\"},\"author\":{\"name\":\"MPPPST Prensa\",\"@id\":\"https:\/\/www.mpppst.gob.ve\/mpppstweb\/#\/schema\/person\/fc187ee8ead412bd4c9304b62f900ea4\"},\"headline\":\"Tribunales de la Rep\u00fablica laborar\u00e1n durante la semana de flexibilizaci\u00f3n decretada por el Ejecutivo Nacional\",\"datePublished\":\"2020-10-01T15:06:09+00:00\",\"dateModified\":\"2020-10-01T15:06:09+00:00\",\"mainEntityOfPage\":{\"@id\":\"https:\/\/www.mpppst.gob.ve\/mpppstweb\/index.php\/2020\/10\/01\/tribunales-de-la-republica-laboraran-durante-la-semana-de-flexibilizacion-decretada-por-el-ejecutivo-nacional\/\"},\"wordCount\":560,\"publisher\":{\"@id\":\"https:\/\/www.mpppst.gob.ve\/mpppstweb\/#organization\"},\"image\":{\"@id\":\"https:\/\/www.mpppst.gob.ve\/mpppstweb\/index.php\/2020\/10\/01\/tribunales-de-la-republica-laboraran-durante-la-semana-de-flexibilizacion-decretada-por-el-ejecutivo-nacional\/#primaryimage\"},\"thumbnailUrl\":\"https:\/\/www.mpppst.gob.ve\/mpppstweb\/wp-content\/uploads\/2020\/10\/Captura-de-pantalla-2020-10-01-a-las-10.33.55-a.m.-768x427-1.png\",\"articleSection\":[\"Gobierno Nacional\",\"Noticias\"],\"inLanguage\":\"es\"},{\"@type\":\"WebPage\",\"@id\":\"https:\/\/www.mpppst.gob.ve\/mpppstweb\/index.php\/2020\/10\/01\/tribunales-de-la-republica-laboraran-durante-la-semana-de-flexibilizacion-decretada-por-el-ejecutivo-nacional\/\",\"url\":\"https:\/\/www.mpppst.gob.ve\/mpppstweb\/index.php\/2020\/10\/01\/tribunales-de-la-republica-laboraran-durante-la-semana-de-flexibilizacion-decretada-por-el-ejecutivo-nacional\/\",\"name\":\"Tribunales de la Rep\u00fablica laborar\u00e1n durante la semana de flexibilizaci\u00f3n decretada por el Ejecutivo Nacional - MPPPST\",\"isPartOf\":{\"@id\":\"https:\/\/www.mpppst.gob.ve\/mpppstweb\/#website\"},\"primaryImageOfPage\":{\"@id\":\"https:\/\/www.mpppst.gob.ve\/mpppstweb\/index.php\/2020\/10\/01\/tribunales-de-la-republica-laboraran-durante-la-semana-de-flexibilizacion-decretada-por-el-ejecutivo-nacional\/#primaryimage\"},\"image\":{\"@id\":\"https:\/\/www.mpppst.gob.ve\/mpppstweb\/index.php\/2020\/10\/01\/tribunales-de-la-republica-laboraran-durante-la-semana-de-flexibilizacion-decretada-por-el-ejecutivo-nacional\/#primaryimage\"},\"thumbnailUrl\":\"https:\/\/www.mpppst.gob.ve\/mpppstweb\/wp-content\/uploads\/2020\/10\/Captura-de-pantalla-2020-10-01-a-las-10.33.55-a.m.-768x427-1.png\",\"datePublished\":\"2020-10-01T15:06:09+00:00\",\"dateModified\":\"2020-10-01T15:06:09+00:00\",\"breadcrumb\":{\"@id\":\"https:\/\/www.mpppst.gob.ve\/mpppstweb\/index.php\/2020\/10\/01\/tribunales-de-la-republica-laboraran-durante-la-semana-de-flexibilizacion-decretada-por-el-ejecutivo-nacional\/#breadcrumb\"},\"inLanguage\":\"es\",\"potentialAction\":[{\"@type\":\"ReadAction\",\"target\":[\"https:\/\/www.mpppst.gob.ve\/mpppstweb\/index.php\/2020\/10\/01\/tribunales-de-la-republica-laboraran-durante-la-semana-de-flexibilizacion-decretada-por-el-ejecutivo-nacional\/\"]}]},{\"@type\":\"ImageObject\",\"inLanguage\":\"es\",\"@id\":\"https:\/\/www.mpppst.gob.ve\/mpppstweb\/index.php\/2020\/10\/01\/tribunales-de-la-republica-laboraran-durante-la-semana-de-flexibilizacion-decretada-por-el-ejecutivo-nacional\/#primaryimage\",\"url\":\"https:\/\/www.mpppst.gob.ve\/mpppstweb\/wp-content\/uploads\/2020\/10\/Captura-de-pantalla-2020-10-01-a-las-10.33.55-a.m.-768x427-1.png\",\"contentUrl\":\"https:\/\/www.mpppst.gob.ve\/mpppstweb\/wp-content\/uploads\/2020\/10\/Captura-de-pantalla-2020-10-01-a-las-10.33.55-a.m.-768x427-1.png\",\"width\":768,\"height\":427},{\"@type\":\"BreadcrumbList\",\"@id\":\"https:\/\/www.mpppst.gob.ve\/mpppstweb\/index.php\/2020\/10\/01\/tribunales-de-la-republica-laboraran-durante-la-semana-de-flexibilizacion-decretada-por-el-ejecutivo-nacional\/#breadcrumb\",\"itemListElement\":[{\"@type\":\"ListItem\",\"position\":1,\"name\":\"Home\",\"item\":\"https:\/\/www.mpppst.gob.ve\/mpppstweb\/\"},{\"@type\":\"ListItem\",\"position\":2,\"name\":\"Tribunales de la Rep\u00fablica laborar\u00e1n durante la semana de flexibilizaci\u00f3n decretada por el Ejecutivo Nacional\"}]},{\"@type\":\"WebSite\",\"@id\":\"https:\/\/www.mpppst.gob.ve\/mpppstweb\/#website\",\"url\":\"https:\/\/www.mpppst.gob.ve\/mpppstweb\/\",\"name\":\"MPPPST\",\"description\":\"Ministerio del Poder Popular para el Proceso Social de Trabajo\",\"publisher\":{\"@id\":\"https:\/\/www.mpppst.gob.ve\/mpppstweb\/#organization\"},\"potentialAction\":[{\"@type\":\"SearchAction\",\"target\":{\"@type\":\"EntryPoint\",\"urlTemplate\":\"https:\/\/www.mpppst.gob.ve\/mpppstweb\/?s={search_term_string}\"},\"query-input\":\"required name=search_term_string\"}],\"inLanguage\":\"es\"},{\"@type\":\"Organization\",\"@id\":\"https:\/\/www.mpppst.gob.ve\/mpppstweb\/#organization\",\"name\":\"mpppst\",\"url\":\"https:\/\/www.mpppst.gob.ve\/mpppstweb\/\",\"logo\":{\"@type\":\"ImageObject\",\"inLanguage\":\"es\",\"@id\":\"https:\/\/www.mpppst.gob.ve\/mpppstweb\/#\/schema\/logo\/image\/\",\"url\":\"https:\/\/www.mpppst.gob.ve\/mpppstweb\/wp-content\/uploads\/2025\/07\/cropped-cropped-g910.png\",\"contentUrl\":\"https:\/\/www.mpppst.gob.ve\/mpppstweb\/wp-content\/uploads\/2025\/07\/cropped-cropped-g910.png\",\"width\":1080,\"height\":241,\"caption\":\"mpppst\"},\"image\":{\"@id\":\"https:\/\/www.mpppst.gob.ve\/mpppstweb\/#\/schema\/logo\/image\/\"}},{\"@type\":\"Person\",\"@id\":\"https:\/\/www.mpppst.gob.ve\/mpppstweb\/#\/schema\/person\/fc187ee8ead412bd4c9304b62f900ea4\",\"name\":\"MPPPST Prensa\",\"url\":\"https:\/\/www.mpppst.gob.ve\/mpppstweb\/index.php\/author\/prensa-mpppst\/\"}]}<\/script>\n<!-- \/ Yoast SEO plugin. -->","yoast_head_json":{"title":"Tribunales de la Rep\u00fablica laborar\u00e1n durante la semana de flexibilizaci\u00f3n decretada por el Ejecutivo Nacional - MPPPST","robots":{"index":"index","follow":"follow","max-snippet":"max-snippet:-1","max-image-preview":"max-image-preview:large","max-video-preview":"max-video-preview:-1"},"canonical":"https:\/\/www.mpppst.gob.ve\/mpppstweb\/index.php\/2020\/10\/01\/tribunales-de-la-republica-laboraran-durante-la-semana-de-flexibilizacion-decretada-por-el-ejecutivo-nacional\/","og_locale":"es_ES","og_type":"article","og_title":"Tribunales de la Rep\u00fablica laborar\u00e1n durante la semana de flexibilizaci\u00f3n decretada por el Ejecutivo Nacional - MPPPST","og_description":"El&nbsp;Tribunal Supremo de Justicia (TSJ),&nbsp;presidido por el magistrado Maikel Moreno, aprob\u00f3 en Sala Plena la Resoluci\u00f3n &hellip; Tribunales de la Rep\u00fablica laborar\u00e1n durante la semana de flexibilizaci\u00f3n decretada por el Ejecutivo NacionalRead more","og_url":"https:\/\/www.mpppst.gob.ve\/mpppstweb\/index.php\/2020\/10\/01\/tribunales-de-la-republica-laboraran-durante-la-semana-de-flexibilizacion-decretada-por-el-ejecutivo-nacional\/","og_site_name":"MPPPST","article_published_time":"2020-10-01T15:06:09+00:00","og_image":[{"width":768,"height":427,"url":"https:\/\/www.mpppst.gob.ve\/mpppstweb\/wp-content\/uploads\/2020\/10\/Captura-de-pantalla-2020-10-01-a-las-10.33.55-a.m.-768x427-1.png","type":"image\/png"}],"author":"MPPPST Prensa","twitter_card":"summary_large_image","twitter_misc":{"Escrito por":"MPPPST Prensa","Tiempo de lectura":"3 minutos"},"schema":{"@context":"https:\/\/schema.org","@graph":[{"@type":"Article","@id":"https:\/\/www.mpppst.gob.ve\/mpppstweb\/index.php\/2020\/10\/01\/tribunales-de-la-republica-laboraran-durante-la-semana-de-flexibilizacion-decretada-por-el-ejecutivo-nacional\/#article","isPartOf":{"@id":"https:\/\/www.mpppst.gob.ve\/mpppstweb\/index.php\/2020\/10\/01\/tribunales-de-la-republica-laboraran-durante-la-semana-de-flexibilizacion-decretada-por-el-ejecutivo-nacional\/"},"author":{"name":"MPPPST Prensa","@id":"https:\/\/www.mpppst.gob.ve\/mpppstweb\/#\/schema\/person\/fc187ee8ead412bd4c9304b62f900ea4"},"headline":"Tribunales de la Rep\u00fablica laborar\u00e1n durante la semana de flexibilizaci\u00f3n decretada por el Ejecutivo Nacional","datePublished":"2020-10-01T15:06:09+00:00","dateModified":"2020-10-01T15:06:09+00:00","mainEntityOfPage":{"@id":"https:\/\/www.mpppst.gob.ve\/mpppstweb\/index.php\/2020\/10\/01\/tribunales-de-la-republica-laboraran-durante-la-semana-de-flexibilizacion-decretada-por-el-ejecutivo-nacional\/"},"wordCount":560,"publisher":{"@id":"https:\/\/www.mpppst.gob.ve\/mpppstweb\/#organization"},"image":{"@id":"https:\/\/www.mpppst.gob.ve\/mpppstweb\/index.php\/2020\/10\/01\/tribunales-de-la-republica-laboraran-durante-la-semana-de-flexibilizacion-decretada-por-el-ejecutivo-nacional\/#primaryimage"},"thumbnailUrl":"https:\/\/www.mpppst.gob.ve\/mpppstweb\/wp-content\/uploads\/2020\/10\/Captura-de-pantalla-2020-10-01-a-las-10.33.55-a.m.-768x427-1.png","articleSection":["Gobierno Nacional","Noticias"],"inLanguage":"es"},{"@type":"WebPage","@id":"https:\/\/www.mpppst.gob.ve\/mpppstweb\/index.php\/2020\/10\/01\/tribunales-de-la-republica-laboraran-durante-la-semana-de-flexibilizacion-decretada-por-el-ejecutivo-nacional\/","url":"https:\/\/www.mpppst.gob.ve\/mpppstweb\/index.php\/2020\/10\/01\/tribunales-de-la-republica-laboraran-durante-la-semana-de-flexibilizacion-decretada-por-el-ejecutivo-nacional\/","name":"Tribunales de la Rep\u00fablica laborar\u00e1n durante la semana de flexibilizaci\u00f3n decretada por el Ejecutivo Nacional - MPPPST","isPartOf":{"@id":"https:\/\/www.mpppst.gob.ve\/mpppstweb\/#website"},"primaryImageOfPage":{"@id":"https:\/\/www.mpppst.gob.ve\/mpppstweb\/index.php\/2020\/10\/01\/tribunales-de-la-republica-laboraran-durante-la-semana-de-flexibilizacion-decretada-por-el-ejecutivo-nacional\/#primaryimage"},"image":{"@id":"https:\/\/www.mpppst.gob.ve\/mpppstweb\/index.php\/2020\/10\/01\/tribunales-de-la-republica-laboraran-durante-la-semana-de-flexibilizacion-decretada-por-el-ejecutivo-nacional\/#primaryimage"},"thumbnailUrl":"https:\/\/www.mpppst.gob.ve\/mpppstweb\/wp-content\/uploads\/2020\/10\/Captura-de-pantalla-2020-10-01-a-las-10.33.55-a.m.-768x427-1.png","datePublished":"2020-10-01T15:06:09+00:00","dateModified":"2020-10-01T15:06:09+00:00","breadcrumb":{"@id":"https:\/\/www.mpppst.gob.ve\/mpppstweb\/index.php\/2020\/10\/01\/tribunales-de-la-republica-laboraran-durante-la-semana-de-flexibilizacion-decretada-por-el-ejecutivo-nacional\/#breadcrumb"},"inLanguage":"es","potentialAction":[{"@type":"ReadAction","target":["https:\/\/www.mpppst.gob.ve\/mpppstweb\/index.php\/2020\/10\/01\/tribunales-de-la-republica-laboraran-durante-la-semana-de-flexibilizacion-decretada-por-el-ejecutivo-nacional\/"]}]},{"@type":"ImageObject","inLanguage":"es","@id":"https:\/\/www.mpppst.gob.ve\/mpppstweb\/index.php\/2020\/10\/01\/tribunales-de-la-republica-laboraran-durante-la-semana-de-flexibilizacion-decretada-por-el-ejecutivo-nacional\/#primaryimage","url":"https:\/\/www.mpppst.gob.ve\/mpppstweb\/wp-content\/uploads\/2020\/10\/Captura-de-pantalla-2020-10-01-a-las-10.33.55-a.m.-768x427-1.png","contentUrl":"https:\/\/www.mpppst.gob.ve\/mpppstweb\/wp-content\/uploads\/2020\/10\/Captura-de-pantalla-2020-10-01-a-las-10.33.55-a.m.-768x427-1.png","width":768,"height":427},{"@type":"BreadcrumbList","@id":"https:\/\/www.mpppst.gob.ve\/mpppstweb\/index.php\/2020\/10\/01\/tribunales-de-la-republica-laboraran-durante-la-semana-de-flexibilizacion-decretada-por-el-ejecutivo-nacional\/#breadcrumb","itemListElement":[{"@type":"ListItem","position":1,"name":"Home","item":"https:\/\/www.mpppst.gob.ve\/mpppstweb\/"},{"@type":"ListItem","position":2,"name":"Tribunales de la Rep\u00fablica laborar\u00e1n durante la semana de flexibilizaci\u00f3n decretada por el Ejecutivo Nacional"}]},{"@type":"WebSite","@id":"https:\/\/www.mpppst.gob.ve\/mpppstweb\/#website","url":"https:\/\/www.mpppst.gob.ve\/mpppstweb\/","name":"MPPPST","description":"Ministerio del Poder Popular para el Proceso Social de Trabajo","publisher":{"@id":"https:\/\/www.mpppst.gob.ve\/mpppstweb\/#organization"},"potentialAction":[{"@type":"SearchAction","target":{"@type":"EntryPoint","urlTemplate":"https:\/\/www.mpppst.gob.ve\/mpppstweb\/?s={search_term_string}"},"query-input":"required name=search_term_string"}],"inLanguage":"es"},{"@type":"Organization","@id":"https:\/\/www.mpppst.gob.ve\/mpppstweb\/#organization","name":"mpppst","url":"https:\/\/www.mpppst.gob.ve\/mpppstweb\/","logo":{"@type":"ImageObject","inLanguage":"es","@id":"https:\/\/www.mpppst.gob.ve\/mpppstweb\/#\/schema\/logo\/image\/","url":"https:\/\/www.mpppst.gob.ve\/mpppstweb\/wp-content\/uploads\/2025\/07\/cropped-cropped-g910.png","contentUrl":"https:\/\/www.mpppst.gob.ve\/mpppstweb\/wp-content\/uploads\/2025\/07\/cropped-cropped-g910.png","width":1080,"height":241,"caption":"mpppst"},"image":{"@id":"https:\/\/www.mpppst.gob.ve\/mpppstweb\/#\/schema\/logo\/image\/"}},{"@type":"Person","@id":"https:\/\/www.mpppst.gob.ve\/mpppstweb\/#\/schema\/person\/fc187ee8ead412bd4c9304b62f900ea4","name":"MPPPST Prensa","url":"https:\/\/www.mpppst.gob.ve\/mpppstweb\/index.php\/author\/prensa-mpppst\/"}]}},"_links":{"self":[{"href":"https:\/\/www.mpppst.gob.ve\/mpppstweb\/index.php\/wp-json\/wp\/v2\/posts\/20090"}],"collection":[{"href":"https:\/\/www.mpppst.gob.ve\/mpppstweb\/index.php\/wp-json\/wp\/v2\/posts"}],"about":[{"href":"https:\/\/www.mpppst.gob.ve\/mpppstweb\/index.php\/wp-json\/wp\/v2\/types\/post"}],"author":[{"embeddable":true,"href":"https:\/\/www.mpppst.gob.ve\/mpppstweb\/index.php\/wp-json\/wp\/v2\/users\/25"}],"replies":[{"embeddable":true,"href":"https:\/\/www.mpppst.gob.ve\/mpppstweb\/index.php\/wp-json\/wp\/v2\/comments?post=20090"}],"version-history":[{"count":1,"href":"https:\/\/www.mpppst.gob.ve\/mpppstweb\/index.php\/wp-json\/wp\/v2\/posts\/20090\/revisions"}],"predecessor-version":[{"id":20092,"href":"https:\/\/www.mpppst.gob.ve\/mpppstweb\/index.php\/wp-json\/wp\/v2\/posts\/20090\/revisions\/20092"}],"wp:featuredmedia":[{"embeddable":true,"href":"https:\/\/www.mpppst.gob.ve\/mpppstweb\/index.php\/wp-json\/wp\/v2\/media\/20091"}],"wp:attachment":[{"href":"https:\/\/www.mpppst.gob.ve\/mpppstweb\/index.php\/wp-json\/wp\/v2\/media?parent=20090"}],"wp:term":[{"taxonomy":"category","embeddable":true,"href":"https:\/\/www.mpppst.gob.ve\/mpppstweb\/index.php\/wp-json\/wp\/v2\/categories?post=20090"},{"taxonomy":"post_tag","embeddable":true,"href":"https:\/\/www.mpppst.gob.ve\/mpppstweb\/index.php\/wp-json\/wp\/v2\/tags?post=20090"}],"curies":[{"name":"wp","href":"https:\/\/api.w.org\/{rel}","templated":true}]}}