{"id":20105,"date":"2020-10-02T10:47:05","date_gmt":"2020-10-02T14:47:05","guid":{"rendered":"http:\/\/www.mpppst.gob.ve\/mpppstweb\/?p=20105"},"modified":"2020-10-02T10:47:06","modified_gmt":"2020-10-02T14:47:06","slug":"a-partir-del-lunes-5-de-octubre-estaran-activas-1-568-e-s-para-normalizacion-de-distribucion-de-combustible-por-terminal-de-placas","status":"publish","type":"post","link":"https:\/\/www.mpppst.gob.ve\/mpppstweb\/index.php\/2020\/10\/02\/a-partir-del-lunes-5-de-octubre-estaran-activas-1-568-e-s-para-normalizacion-de-distribucion-de-combustible-por-terminal-de-placas\/","title":{"rendered":"A partir del lunes 5 de octubre estar\u00e1n activas 1.568 E\/S para normalizaci\u00f3n de distribuci\u00f3n de combustible por terminal de placas"},"content":{"rendered":"\n<p>El vicepresidente sectorial para el \u00c1rea Econ\u00f3mica Tareck El Aissami inform\u00f3 este jueves desde la Sala de prensa \u201cSim\u00f3n Bol\u00edvar\u201d del Palacio de Miraflores que a partir del 5 de octubre se reactivan las 1.568 estaciones de servicios en el territorio nacional, en sus distintas modalidades de atenci\u00f3n y suministro, a fin de reimpulsar la normalizaci\u00f3n del esquema para la distribuci\u00f3n de combustible en el pa\u00eds por terminal de n\u00fameros de placas con la finalidad de organizar el flujo vehicular en las estaciones de servicio.&nbsp;<\/p>\n\n\n\n<p>Se\u00f1al\u00f3 que esto forma parte de las medidas adoptadas por la Comisi\u00f3n Presidencial \u201cAl\u00ed Rodr\u00edguez Araque\u201d a partir del esfuerzo de la clase trabajadora petrolera que contribuye a superar y vencer los graves perjuicios de las medidas coercitivas unilaterales, de las agresiones, la persecuci\u00f3n y el bloqueo contra la industria petrolera nacional, y garantiza as\u00ed, la producci\u00f3n y el refinamiento de todos los productos necesarios para el desarrollo nacional, entre ellos, la gasolina que demanda el pueblo venezolano.&nbsp;&nbsp;<\/p>\n\n\n\n<p>En ese sentido, explic\u00f3 que el surtido de combustible iniciar\u00e1 el lunes 05 de octubre bajo el siguiente esquema:&nbsp;<\/p>\n\n\n\n<figure class=\"wp-block-image\"><img decoding=\"async\" src=\"https:\/\/www.vtv.gob.ve\/wp-content\/uploads\/2020\/10\/WhatsApp-Image-2020-10-01-at-11.09.17.jpeg\" alt=\"\" class=\"wp-image-273873\"\/><figcaption>Foto: PDVSA<\/figcaption><\/figure>\n\n\n\n<p>Asimismo, precis\u00f3 que en lo sucesivo se publicar\u00e1 a trav\u00e9s de los medios y las redes sociales, los respectivos d\u00edas de abastecimiento, seg\u00fan la placa que corresponda, al tiempo que ratific\u00f3 la pol\u00edtica de subsidio directo a trav\u00e9s de la Plataforma Patria, que contempla que los beneficiarios disfrutar\u00e1n del cupo mensual de 120 litros de combustible subsidiado para veh\u00edculos de cuatro ruedas, y 60 litros de combustible para el caso de motocicletas. En cuanto al sector del transporte p\u00fablico y de carga, se mantiene el subsidio directo y total del 100 por ciento<\/p>\n\n\n\n<p>El Aissami agradeci\u00f3 nombre del presidente Nicol\u00e1s Maduro Moros, del Gobierno Bolivariano y de la Comisi\u00f3n Presidencial \u201cAl\u00ed Rodr\u00edguez Araque\u201d, la labor de las trabajadoras y trabajadores del sector petrolero, \u201cespecialmente a la clase trabajadora de nuestras refiner\u00edas, quienes han hecho un extraordinario esfuerzo para reactivar nuestra poderosa industria, y que adem\u00e1s a diario, con compromiso patri\u00f3tico, han garantizado el funcionamiento de todas las \u00e1reas productivas de PDVSA, pese a las criminales persecuciones que ha estado sometida nuestra empresa estatal\u201d.<\/p>\n\n\n\n<p>Tambi\u00e9n reconoci\u00f3 la conciencia profunda del pueblo venezolano por resistir y acompa\u00f1ar el esfuerzo colectivo de nuestros trabajadores; hemos demostrado una vez m\u00e1s, que el sacrificio heroico forma parte de las virtudes patri\u00f3ticas que exhibe nuestro glorioso pueblo.<\/p>\n\n\n\n<p><strong>Lea aqu\u00ed el comunicado \u00edntegro:<\/strong><\/p>\n\n\n\n<p>La Comisi\u00f3n Presidencial \u201cAl\u00ed Rodr\u00edguez Araque\u201d, se dirige al pa\u00eds para informar sobre las recientes decisiones adoptadas en el marco de un nuevo reimpulso para la normalizaci\u00f3n del esquema de distribuci\u00f3n y comercializaci\u00f3n de combustible a nivel nacional.<\/p>\n\n\n\n<p>El esfuerzo de nuestra clase trabajadora petrolera ha sido invaluable, para superar y vencer los graves perjuicios de las medidas coercitivas unilaterales, de las agresiones, la persecuci\u00f3n y el bloqueo contra nuestra industria petrolera, y garantizar as\u00ed, la producci\u00f3n y el refinamiento de todos los productos necesarios para el desarrollo nacional, entre otros, la gasolina que demanda el pueblo venezolano. En tal sentido, informamos sobre las siguientes l\u00edneas de avance, destinadas a regularizar el suministro de combustible:<\/p>\n\n\n\n<p>PRIMERO: A partir del pr\u00f3ximo lunes 5 de octubre de 2020,se reactivan las 1.568 Estaciones de Servicio, dispuestas en todo el territorio nacional, en sus distintas modalidades de atenci\u00f3n y suministro; es decir, las estaciones que ofrecen la pol\u00edtica de subsidio directo, las estaciones que expenden el combustible a precio internacional, y que ofrecen como medio de pago divisas o criptoactivos; y por \u00faltimo, las destinadas para el transporte p\u00fablico y de carga.<\/p>\n\n\n\n<p>SEGUNDO: Se retoma el d\u00eda de suministro seg\u00fan el \u00faltimo n\u00famero de placa de cada veh\u00edculo, un m\u00e9todo ya conocido por todas y todos los venezolanos, con el prop\u00f3sito de ordenar el flujo vehicular en las estaciones de servicio. En consecuencia, el pr\u00f3ximo lunes 5 de octubre le corresponder\u00e1 equipar a los veh\u00edculos cuya placa termine en los n\u00fameros 1 y 2, el d\u00eda martes las placas terminadas en 3 y 4, el mi\u00e9rcoles 5 y 6, el jueves 7 y 8, el viernes 9 y 0, el s\u00e1bado le corresponder\u00eda nuevamente alas placas que terminen 1 y 2 y as\u00ed sucesivamente. De igual manera, a trav\u00e9s de los medios y las redes sociales se publicar\u00e1n los respectivos d\u00edas de abastecimiento, seg\u00fan la placa que corresponda.<\/p>\n\n\n\n<p>TERCERO: Se ratifica la pol\u00edtica de subsidio directo para el pueblo venezolano a trav\u00e9s de la Plataforma Patria, es decir, los beneficiarios disfrutar\u00e1n del cupo mensual de 120 litros de combustible subsidiado para veh\u00edculos de cuatro ruedas, y 60 litros de combustible para el caso de motocicletas. En cuanto al sector del transporte p\u00fablico y de carga, se mantiene el subsidio directo y total del 100%.<\/p>\n\n\n\n<p>Finalmente, queremos agradecer, a nombre del Presidente Nicol\u00e1s Maduro Moros, del Gobierno Bolivariano y de la Comisi\u00f3n Presidencial \u201cAl\u00ed Rodr\u00edguez Araque\u201d, a nuestros compa\u00f1eros, trabajadoras y trabajadores del sector petrolero, especialmente a la clase trabajadora de nuestras refiner\u00edas, quienes han hecho un extraordinario esfuerzo para reactivar nuestra poderosa industria, y que adem\u00e1s a diario, con compromiso patri\u00f3tico, han garantizado el funcionamiento de todas las \u00e1reas productivas de PDVSA, pese a las criminales persecuciones que ha estado sometida nuestra empresa estatal.<\/p>\n\n\n\n<p>Tambi\u00e9n queremos agradecer, la conciencia profunda del pueblo venezolano por resistir y acompa\u00f1ar el esfuerzo colectivo de nuestros trabajadores; hemos demostrado una vez m\u00e1s, que el sacrificio heroico forma parte de las virtudes patri\u00f3ticas que exhibe nuestro glorioso pueblo. Prensa Web VTV<\/p>\n","protected":false},"excerpt":{"rendered":"<p>El vicepresidente sectorial para el \u00c1rea Econ\u00f3mica Tareck El Aissami inform\u00f3 este jueves desde la Sala &hellip; <a title=\"A partir del lunes 5 de octubre estar\u00e1n activas 1.568 E\/S para normalizaci\u00f3n de distribuci\u00f3n de combustible por terminal de placas\" class=\"hm-read-more\" href=\"https:\/\/www.mpppst.gob.ve\/mpppstweb\/index.php\/2020\/10\/02\/a-partir-del-lunes-5-de-octubre-estaran-activas-1-568-e-s-para-normalizacion-de-distribucion-de-combustible-por-terminal-de-placas\/\"><span class=\"screen-reader-text\">A partir del lunes 5 de octubre estar\u00e1n activas 1.568 E\/S para normalizaci\u00f3n de distribuci\u00f3n de combustible por terminal de placas<\/span>Read more<\/a><\/p>\n","protected":false},"author":25,"featured_media":20106,"comment_status":"closed","ping_status":"closed","sticky":false,"template":"","format":"standard","meta":{"footnotes":""},"categories":[82,163],"tags":[],"yoast_head":"<!-- This site is optimized with the Yoast SEO plugin v22.5 - https:\/\/yoast.com\/wordpress\/plugins\/seo\/ -->\n<title>A partir del lunes 5 de octubre estar\u00e1n activas 1.568 E\/S para normalizaci\u00f3n de distribuci\u00f3n de combustible por terminal de placas - MPPPST<\/title>\n<meta name=\"robots\" content=\"index, follow, max-snippet:-1, max-image-preview:large, max-video-preview:-1\" \/>\n<link rel=\"canonical\" href=\"https:\/\/www.mpppst.gob.ve\/mpppstweb\/index.php\/2020\/10\/02\/a-partir-del-lunes-5-de-octubre-estaran-activas-1-568-e-s-para-normalizacion-de-distribucion-de-combustible-por-terminal-de-placas\/\" \/>\n<meta property=\"og:locale\" content=\"es_ES\" \/>\n<meta property=\"og:type\" content=\"article\" \/>\n<meta property=\"og:title\" content=\"A partir del lunes 5 de octubre estar\u00e1n activas 1.568 E\/S para normalizaci\u00f3n de distribuci\u00f3n de combustible por terminal de placas - MPPPST\" \/>\n<meta property=\"og:description\" content=\"El vicepresidente sectorial para el \u00c1rea Econ\u00f3mica Tareck El Aissami inform\u00f3 este jueves desde la Sala &hellip; A partir del lunes 5 de octubre estar\u00e1n activas 1.568 E\/S para normalizaci\u00f3n de distribuci\u00f3n de combustible por terminal de placasRead more\" \/>\n<meta property=\"og:url\" content=\"https:\/\/www.mpppst.gob.ve\/mpppstweb\/index.php\/2020\/10\/02\/a-partir-del-lunes-5-de-octubre-estaran-activas-1-568-e-s-para-normalizacion-de-distribucion-de-combustible-por-terminal-de-placas\/\" \/>\n<meta property=\"og:site_name\" content=\"MPPPST\" \/>\n<meta property=\"article:published_time\" content=\"2020-10-02T14:47:05+00:00\" \/>\n<meta property=\"article:modified_time\" content=\"2020-10-02T14:47:06+00:00\" \/>\n<meta property=\"og:image\" content=\"https:\/\/www.mpppst.gob.ve\/mpppstweb\/wp-content\/uploads\/2020\/10\/WhatsApp-Image-2020-10-01-at-12.04.04-768x427-1.jpeg\" \/>\n\t<meta property=\"og:image:width\" content=\"768\" \/>\n\t<meta property=\"og:image:height\" content=\"427\" \/>\n\t<meta property=\"og:image:type\" content=\"image\/jpeg\" \/>\n<meta name=\"author\" content=\"MPPPST Prensa\" \/>\n<meta name=\"twitter:card\" content=\"summary_large_image\" \/>\n<meta name=\"twitter:label1\" content=\"Escrito por\" \/>\n\t<meta name=\"twitter:data1\" content=\"MPPPST Prensa\" \/>\n\t<meta name=\"twitter:label2\" content=\"Tiempo de lectura\" \/>\n\t<meta name=\"twitter:data2\" content=\"5 minutos\" \/>\n<script type=\"application\/ld+json\" class=\"yoast-schema-graph\">{\"@context\":\"https:\/\/schema.org\",\"@graph\":[{\"@type\":\"Article\",\"@id\":\"https:\/\/www.mpppst.gob.ve\/mpppstweb\/index.php\/2020\/10\/02\/a-partir-del-lunes-5-de-octubre-estaran-activas-1-568-e-s-para-normalizacion-de-distribucion-de-combustible-por-terminal-de-placas\/#article\",\"isPartOf\":{\"@id\":\"https:\/\/www.mpppst.gob.ve\/mpppstweb\/index.php\/2020\/10\/02\/a-partir-del-lunes-5-de-octubre-estaran-activas-1-568-e-s-para-normalizacion-de-distribucion-de-combustible-por-terminal-de-placas\/\"},\"author\":{\"name\":\"MPPPST Prensa\",\"@id\":\"https:\/\/www.mpppst.gob.ve\/mpppstweb\/#\/schema\/person\/fc187ee8ead412bd4c9304b62f900ea4\"},\"headline\":\"A partir del lunes 5 de octubre estar\u00e1n activas 1.568 E\/S para normalizaci\u00f3n de distribuci\u00f3n de combustible por terminal de placas\",\"datePublished\":\"2020-10-02T14:47:05+00:00\",\"dateModified\":\"2020-10-02T14:47:06+00:00\",\"mainEntityOfPage\":{\"@id\":\"https:\/\/www.mpppst.gob.ve\/mpppstweb\/index.php\/2020\/10\/02\/a-partir-del-lunes-5-de-octubre-estaran-activas-1-568-e-s-para-normalizacion-de-distribucion-de-combustible-por-terminal-de-placas\/\"},\"wordCount\":982,\"publisher\":{\"@id\":\"https:\/\/www.mpppst.gob.ve\/mpppstweb\/#organization\"},\"image\":{\"@id\":\"https:\/\/www.mpppst.gob.ve\/mpppstweb\/index.php\/2020\/10\/02\/a-partir-del-lunes-5-de-octubre-estaran-activas-1-568-e-s-para-normalizacion-de-distribucion-de-combustible-por-terminal-de-placas\/#primaryimage\"},\"thumbnailUrl\":\"https:\/\/www.mpppst.gob.ve\/mpppstweb\/wp-content\/uploads\/2020\/10\/WhatsApp-Image-2020-10-01-at-12.04.04-768x427-1.jpeg\",\"articleSection\":[\"Gobierno Nacional\",\"Noticias\"],\"inLanguage\":\"es\"},{\"@type\":\"WebPage\",\"@id\":\"https:\/\/www.mpppst.gob.ve\/mpppstweb\/index.php\/2020\/10\/02\/a-partir-del-lunes-5-de-octubre-estaran-activas-1-568-e-s-para-normalizacion-de-distribucion-de-combustible-por-terminal-de-placas\/\",\"url\":\"https:\/\/www.mpppst.gob.ve\/mpppstweb\/index.php\/2020\/10\/02\/a-partir-del-lunes-5-de-octubre-estaran-activas-1-568-e-s-para-normalizacion-de-distribucion-de-combustible-por-terminal-de-placas\/\",\"name\":\"A partir del lunes 5 de octubre estar\u00e1n activas 1.568 E\/S para normalizaci\u00f3n de distribuci\u00f3n de combustible por terminal de placas - MPPPST\",\"isPartOf\":{\"@id\":\"https:\/\/www.mpppst.gob.ve\/mpppstweb\/#website\"},\"primaryImageOfPage\":{\"@id\":\"https:\/\/www.mpppst.gob.ve\/mpppstweb\/index.php\/2020\/10\/02\/a-partir-del-lunes-5-de-octubre-estaran-activas-1-568-e-s-para-normalizacion-de-distribucion-de-combustible-por-terminal-de-placas\/#primaryimage\"},\"image\":{\"@id\":\"https:\/\/www.mpppst.gob.ve\/mpppstweb\/index.php\/2020\/10\/02\/a-partir-del-lunes-5-de-octubre-estaran-activas-1-568-e-s-para-normalizacion-de-distribucion-de-combustible-por-terminal-de-placas\/#primaryimage\"},\"thumbnailUrl\":\"https:\/\/www.mpppst.gob.ve\/mpppstweb\/wp-content\/uploads\/2020\/10\/WhatsApp-Image-2020-10-01-at-12.04.04-768x427-1.jpeg\",\"datePublished\":\"2020-10-02T14:47:05+00:00\",\"dateModified\":\"2020-10-02T14:47:06+00:00\",\"breadcrumb\":{\"@id\":\"https:\/\/www.mpppst.gob.ve\/mpppstweb\/index.php\/2020\/10\/02\/a-partir-del-lunes-5-de-octubre-estaran-activas-1-568-e-s-para-normalizacion-de-distribucion-de-combustible-por-terminal-de-placas\/#breadcrumb\"},\"inLanguage\":\"es\",\"potentialAction\":[{\"@type\":\"ReadAction\",\"target\":[\"https:\/\/www.mpppst.gob.ve\/mpppstweb\/index.php\/2020\/10\/02\/a-partir-del-lunes-5-de-octubre-estaran-activas-1-568-e-s-para-normalizacion-de-distribucion-de-combustible-por-terminal-de-placas\/\"]}]},{\"@type\":\"ImageObject\",\"inLanguage\":\"es\",\"@id\":\"https:\/\/www.mpppst.gob.ve\/mpppstweb\/index.php\/2020\/10\/02\/a-partir-del-lunes-5-de-octubre-estaran-activas-1-568-e-s-para-normalizacion-de-distribucion-de-combustible-por-terminal-de-placas\/#primaryimage\",\"url\":\"https:\/\/www.mpppst.gob.ve\/mpppstweb\/wp-content\/uploads\/2020\/10\/WhatsApp-Image-2020-10-01-at-12.04.04-768x427-1.jpeg\",\"contentUrl\":\"https:\/\/www.mpppst.gob.ve\/mpppstweb\/wp-content\/uploads\/2020\/10\/WhatsApp-Image-2020-10-01-at-12.04.04-768x427-1.jpeg\",\"width\":768,\"height\":427},{\"@type\":\"BreadcrumbList\",\"@id\":\"https:\/\/www.mpppst.gob.ve\/mpppstweb\/index.php\/2020\/10\/02\/a-partir-del-lunes-5-de-octubre-estaran-activas-1-568-e-s-para-normalizacion-de-distribucion-de-combustible-por-terminal-de-placas\/#breadcrumb\",\"itemListElement\":[{\"@type\":\"ListItem\",\"position\":1,\"name\":\"Home\",\"item\":\"https:\/\/www.mpppst.gob.ve\/mpppstweb\/\"},{\"@type\":\"ListItem\",\"position\":2,\"name\":\"A partir del lunes 5 de octubre estar\u00e1n activas 1.568 E\/S para normalizaci\u00f3n de distribuci\u00f3n de combustible por terminal de placas\"}]},{\"@type\":\"WebSite\",\"@id\":\"https:\/\/www.mpppst.gob.ve\/mpppstweb\/#website\",\"url\":\"https:\/\/www.mpppst.gob.ve\/mpppstweb\/\",\"name\":\"MPPPST\",\"description\":\"Ministerio del Poder Popular para el Proceso Social de Trabajo\",\"publisher\":{\"@id\":\"https:\/\/www.mpppst.gob.ve\/mpppstweb\/#organization\"},\"potentialAction\":[{\"@type\":\"SearchAction\",\"target\":{\"@type\":\"EntryPoint\",\"urlTemplate\":\"https:\/\/www.mpppst.gob.ve\/mpppstweb\/?s={search_term_string}\"},\"query-input\":\"required name=search_term_string\"}],\"inLanguage\":\"es\"},{\"@type\":\"Organization\",\"@id\":\"https:\/\/www.mpppst.gob.ve\/mpppstweb\/#organization\",\"name\":\"mpppst\",\"url\":\"https:\/\/www.mpppst.gob.ve\/mpppstweb\/\",\"logo\":{\"@type\":\"ImageObject\",\"inLanguage\":\"es\",\"@id\":\"https:\/\/www.mpppst.gob.ve\/mpppstweb\/#\/schema\/logo\/image\/\",\"url\":\"https:\/\/www.mpppst.gob.ve\/mpppstweb\/wp-content\/uploads\/2025\/07\/cropped-cropped-g910.png\",\"contentUrl\":\"https:\/\/www.mpppst.gob.ve\/mpppstweb\/wp-content\/uploads\/2025\/07\/cropped-cropped-g910.png\",\"width\":1080,\"height\":241,\"caption\":\"mpppst\"},\"image\":{\"@id\":\"https:\/\/www.mpppst.gob.ve\/mpppstweb\/#\/schema\/logo\/image\/\"}},{\"@type\":\"Person\",\"@id\":\"https:\/\/www.mpppst.gob.ve\/mpppstweb\/#\/schema\/person\/fc187ee8ead412bd4c9304b62f900ea4\",\"name\":\"MPPPST Prensa\",\"url\":\"https:\/\/www.mpppst.gob.ve\/mpppstweb\/index.php\/author\/prensa-mpppst\/\"}]}<\/script>\n<!-- \/ Yoast SEO plugin. -->","yoast_head_json":{"title":"A partir del lunes 5 de octubre estar\u00e1n activas 1.568 E\/S para normalizaci\u00f3n de distribuci\u00f3n de combustible por terminal de placas - MPPPST","robots":{"index":"index","follow":"follow","max-snippet":"max-snippet:-1","max-image-preview":"max-image-preview:large","max-video-preview":"max-video-preview:-1"},"canonical":"https:\/\/www.mpppst.gob.ve\/mpppstweb\/index.php\/2020\/10\/02\/a-partir-del-lunes-5-de-octubre-estaran-activas-1-568-e-s-para-normalizacion-de-distribucion-de-combustible-por-terminal-de-placas\/","og_locale":"es_ES","og_type":"article","og_title":"A partir del lunes 5 de octubre estar\u00e1n activas 1.568 E\/S para normalizaci\u00f3n de distribuci\u00f3n de combustible por terminal de placas - MPPPST","og_description":"El vicepresidente sectorial para el \u00c1rea Econ\u00f3mica Tareck El Aissami inform\u00f3 este jueves desde la Sala &hellip; A partir del lunes 5 de octubre estar\u00e1n activas 1.568 E\/S para normalizaci\u00f3n de distribuci\u00f3n de combustible por terminal de placasRead more","og_url":"https:\/\/www.mpppst.gob.ve\/mpppstweb\/index.php\/2020\/10\/02\/a-partir-del-lunes-5-de-octubre-estaran-activas-1-568-e-s-para-normalizacion-de-distribucion-de-combustible-por-terminal-de-placas\/","og_site_name":"MPPPST","article_published_time":"2020-10-02T14:47:05+00:00","article_modified_time":"2020-10-02T14:47:06+00:00","og_image":[{"width":768,"height":427,"url":"https:\/\/www.mpppst.gob.ve\/mpppstweb\/wp-content\/uploads\/2020\/10\/WhatsApp-Image-2020-10-01-at-12.04.04-768x427-1.jpeg","type":"image\/jpeg"}],"author":"MPPPST Prensa","twitter_card":"summary_large_image","twitter_misc":{"Escrito por":"MPPPST Prensa","Tiempo de lectura":"5 minutos"},"schema":{"@context":"https:\/\/schema.org","@graph":[{"@type":"Article","@id":"https:\/\/www.mpppst.gob.ve\/mpppstweb\/index.php\/2020\/10\/02\/a-partir-del-lunes-5-de-octubre-estaran-activas-1-568-e-s-para-normalizacion-de-distribucion-de-combustible-por-terminal-de-placas\/#article","isPartOf":{"@id":"https:\/\/www.mpppst.gob.ve\/mpppstweb\/index.php\/2020\/10\/02\/a-partir-del-lunes-5-de-octubre-estaran-activas-1-568-e-s-para-normalizacion-de-distribucion-de-combustible-por-terminal-de-placas\/"},"author":{"name":"MPPPST Prensa","@id":"https:\/\/www.mpppst.gob.ve\/mpppstweb\/#\/schema\/person\/fc187ee8ead412bd4c9304b62f900ea4"},"headline":"A partir del lunes 5 de octubre estar\u00e1n activas 1.568 E\/S para normalizaci\u00f3n de distribuci\u00f3n de combustible por terminal de placas","datePublished":"2020-10-02T14:47:05+00:00","dateModified":"2020-10-02T14:47:06+00:00","mainEntityOfPage":{"@id":"https:\/\/www.mpppst.gob.ve\/mpppstweb\/index.php\/2020\/10\/02\/a-partir-del-lunes-5-de-octubre-estaran-activas-1-568-e-s-para-normalizacion-de-distribucion-de-combustible-por-terminal-de-placas\/"},"wordCount":982,"publisher":{"@id":"https:\/\/www.mpppst.gob.ve\/mpppstweb\/#organization"},"image":{"@id":"https:\/\/www.mpppst.gob.ve\/mpppstweb\/index.php\/2020\/10\/02\/a-partir-del-lunes-5-de-octubre-estaran-activas-1-568-e-s-para-normalizacion-de-distribucion-de-combustible-por-terminal-de-placas\/#primaryimage"},"thumbnailUrl":"https:\/\/www.mpppst.gob.ve\/mpppstweb\/wp-content\/uploads\/2020\/10\/WhatsApp-Image-2020-10-01-at-12.04.04-768x427-1.jpeg","articleSection":["Gobierno Nacional","Noticias"],"inLanguage":"es"},{"@type":"WebPage","@id":"https:\/\/www.mpppst.gob.ve\/mpppstweb\/index.php\/2020\/10\/02\/a-partir-del-lunes-5-de-octubre-estaran-activas-1-568-e-s-para-normalizacion-de-distribucion-de-combustible-por-terminal-de-placas\/","url":"https:\/\/www.mpppst.gob.ve\/mpppstweb\/index.php\/2020\/10\/02\/a-partir-del-lunes-5-de-octubre-estaran-activas-1-568-e-s-para-normalizacion-de-distribucion-de-combustible-por-terminal-de-placas\/","name":"A partir del lunes 5 de octubre estar\u00e1n activas 1.568 E\/S para normalizaci\u00f3n de distribuci\u00f3n de combustible por terminal de placas - MPPPST","isPartOf":{"@id":"https:\/\/www.mpppst.gob.ve\/mpppstweb\/#website"},"primaryImageOfPage":{"@id":"https:\/\/www.mpppst.gob.ve\/mpppstweb\/index.php\/2020\/10\/02\/a-partir-del-lunes-5-de-octubre-estaran-activas-1-568-e-s-para-normalizacion-de-distribucion-de-combustible-por-terminal-de-placas\/#primaryimage"},"image":{"@id":"https:\/\/www.mpppst.gob.ve\/mpppstweb\/index.php\/2020\/10\/02\/a-partir-del-lunes-5-de-octubre-estaran-activas-1-568-e-s-para-normalizacion-de-distribucion-de-combustible-por-terminal-de-placas\/#primaryimage"},"thumbnailUrl":"https:\/\/www.mpppst.gob.ve\/mpppstweb\/wp-content\/uploads\/2020\/10\/WhatsApp-Image-2020-10-01-at-12.04.04-768x427-1.jpeg","datePublished":"2020-10-02T14:47:05+00:00","dateModified":"2020-10-02T14:47:06+00:00","breadcrumb":{"@id":"https:\/\/www.mpppst.gob.ve\/mpppstweb\/index.php\/2020\/10\/02\/a-partir-del-lunes-5-de-octubre-estaran-activas-1-568-e-s-para-normalizacion-de-distribucion-de-combustible-por-terminal-de-placas\/#breadcrumb"},"inLanguage":"es","potentialAction":[{"@type":"ReadAction","target":["https:\/\/www.mpppst.gob.ve\/mpppstweb\/index.php\/2020\/10\/02\/a-partir-del-lunes-5-de-octubre-estaran-activas-1-568-e-s-para-normalizacion-de-distribucion-de-combustible-por-terminal-de-placas\/"]}]},{"@type":"ImageObject","inLanguage":"es","@id":"https:\/\/www.mpppst.gob.ve\/mpppstweb\/index.php\/2020\/10\/02\/a-partir-del-lunes-5-de-octubre-estaran-activas-1-568-e-s-para-normalizacion-de-distribucion-de-combustible-por-terminal-de-placas\/#primaryimage","url":"https:\/\/www.mpppst.gob.ve\/mpppstweb\/wp-content\/uploads\/2020\/10\/WhatsApp-Image-2020-10-01-at-12.04.04-768x427-1.jpeg","contentUrl":"https:\/\/www.mpppst.gob.ve\/mpppstweb\/wp-content\/uploads\/2020\/10\/WhatsApp-Image-2020-10-01-at-12.04.04-768x427-1.jpeg","width":768,"height":427},{"@type":"BreadcrumbList","@id":"https:\/\/www.mpppst.gob.ve\/mpppstweb\/index.php\/2020\/10\/02\/a-partir-del-lunes-5-de-octubre-estaran-activas-1-568-e-s-para-normalizacion-de-distribucion-de-combustible-por-terminal-de-placas\/#breadcrumb","itemListElement":[{"@type":"ListItem","position":1,"name":"Home","item":"https:\/\/www.mpppst.gob.ve\/mpppstweb\/"},{"@type":"ListItem","position":2,"name":"A partir del lunes 5 de octubre estar\u00e1n activas 1.568 E\/S para normalizaci\u00f3n de distribuci\u00f3n de combustible por terminal de placas"}]},{"@type":"WebSite","@id":"https:\/\/www.mpppst.gob.ve\/mpppstweb\/#website","url":"https:\/\/www.mpppst.gob.ve\/mpppstweb\/","name":"MPPPST","description":"Ministerio del Poder Popular para el Proceso Social de Trabajo","publisher":{"@id":"https:\/\/www.mpppst.gob.ve\/mpppstweb\/#organization"},"potentialAction":[{"@type":"SearchAction","target":{"@type":"EntryPoint","urlTemplate":"https:\/\/www.mpppst.gob.ve\/mpppstweb\/?s={search_term_string}"},"query-input":"required name=search_term_string"}],"inLanguage":"es"},{"@type":"Organization","@id":"https:\/\/www.mpppst.gob.ve\/mpppstweb\/#organization","name":"mpppst","url":"https:\/\/www.mpppst.gob.ve\/mpppstweb\/","logo":{"@type":"ImageObject","inLanguage":"es","@id":"https:\/\/www.mpppst.gob.ve\/mpppstweb\/#\/schema\/logo\/image\/","url":"https:\/\/www.mpppst.gob.ve\/mpppstweb\/wp-content\/uploads\/2025\/07\/cropped-cropped-g910.png","contentUrl":"https:\/\/www.mpppst.gob.ve\/mpppstweb\/wp-content\/uploads\/2025\/07\/cropped-cropped-g910.png","width":1080,"height":241,"caption":"mpppst"},"image":{"@id":"https:\/\/www.mpppst.gob.ve\/mpppstweb\/#\/schema\/logo\/image\/"}},{"@type":"Person","@id":"https:\/\/www.mpppst.gob.ve\/mpppstweb\/#\/schema\/person\/fc187ee8ead412bd4c9304b62f900ea4","name":"MPPPST Prensa","url":"https:\/\/www.mpppst.gob.ve\/mpppstweb\/index.php\/author\/prensa-mpppst\/"}]}},"_links":{"self":[{"href":"https:\/\/www.mpppst.gob.ve\/mpppstweb\/index.php\/wp-json\/wp\/v2\/posts\/20105"}],"collection":[{"href":"https:\/\/www.mpppst.gob.ve\/mpppstweb\/index.php\/wp-json\/wp\/v2\/posts"}],"about":[{"href":"https:\/\/www.mpppst.gob.ve\/mpppstweb\/index.php\/wp-json\/wp\/v2\/types\/post"}],"author":[{"embeddable":true,"href":"https:\/\/www.mpppst.gob.ve\/mpppstweb\/index.php\/wp-json\/wp\/v2\/users\/25"}],"replies":[{"embeddable":true,"href":"https:\/\/www.mpppst.gob.ve\/mpppstweb\/index.php\/wp-json\/wp\/v2\/comments?post=20105"}],"version-history":[{"count":1,"href":"https:\/\/www.mpppst.gob.ve\/mpppstweb\/index.php\/wp-json\/wp\/v2\/posts\/20105\/revisions"}],"predecessor-version":[{"id":20107,"href":"https:\/\/www.mpppst.gob.ve\/mpppstweb\/index.php\/wp-json\/wp\/v2\/posts\/20105\/revisions\/20107"}],"wp:featuredmedia":[{"embeddable":true,"href":"https:\/\/www.mpppst.gob.ve\/mpppstweb\/index.php\/wp-json\/wp\/v2\/media\/20106"}],"wp:attachment":[{"href":"https:\/\/www.mpppst.gob.ve\/mpppstweb\/index.php\/wp-json\/wp\/v2\/media?parent=20105"}],"wp:term":[{"taxonomy":"category","embeddable":true,"href":"https:\/\/www.mpppst.gob.ve\/mpppstweb\/index.php\/wp-json\/wp\/v2\/categories?post=20105"},{"taxonomy":"post_tag","embeddable":true,"href":"https:\/\/www.mpppst.gob.ve\/mpppstweb\/index.php\/wp-json\/wp\/v2\/tags?post=20105"}],"curies":[{"name":"wp","href":"https:\/\/api.w.org\/{rel}","templated":true}]}}