{"id":20111,"date":"2020-10-05T08:56:59","date_gmt":"2020-10-05T12:56:59","guid":{"rendered":"http:\/\/www.mpppst.gob.ve\/mpppstweb\/?p=20111"},"modified":"2020-10-05T08:56:59","modified_gmt":"2020-10-05T12:56:59","slug":"desde-este-lunes-esta-abierta-la-consulta-nacional-para-construir-un-programa-de-cambio-de-la-an-convocada-por-el-gppsb","status":"publish","type":"post","link":"https:\/\/www.mpppst.gob.ve\/mpppstweb\/index.php\/2020\/10\/05\/desde-este-lunes-esta-abierta-la-consulta-nacional-para-construir-un-programa-de-cambio-de-la-an-convocada-por-el-gppsb\/","title":{"rendered":"Desde este lunes est\u00e1 abierta la consulta nacional para construir un programa de cambio de la AN convocada por el GPPSB"},"content":{"rendered":"\n<p>Desde este lunes 05&nbsp; y hasta el pr\u00f3ximo 20 de octubre el pueblo venezolano est\u00e1 convocado a participar en la consulta nacional para construir un programa de cambio de la Asamblea Nacional (AN), de cara a las elecciones Parlamentarias pautadas para el pr\u00f3ximo 06 de diciembre.<\/p>\n\n\n\n<p>La consulta anunciada el pasado s\u00e1bado por el Gran Polo Patri\u00f3tico Sim\u00f3n Bol\u00edvar (GPPSB) para \u201cconstruir un Parlamento justo para el pueblo venezolano\u201d, se realizar\u00e1 por todos los medios posibles respetando las medidas de bioseguridad, para evitar la propagaci\u00f3n y contagio de la COVID-19.<\/p>\n\n\n\n<p>De acuerdo con el&nbsp;<strong>jefe del Comando Nacional de Campa\u00f1a Dar\u00edo Vivas<\/strong>,&nbsp;<a href=\"https:\/\/www.vtv.gob.ve\/jorge-rodriguez-parlamentarias-6-d-acto-muy-seguro-pandemia\/\">Jorge Rodr\u00edguez<\/a>, para lograr un nuevo Parlamento Nacional en imprescindible o\u00edr las propuestas fundamentales del pueblo que hace vida en distintos sectores de la sociedad: estudiantes, mujeres, empresarios, trabajadores, ind\u00edgenas, cultores, organizaciones no gubernamentales.<\/p>\n\n\n\n<p>\u201cQueremos saber cu\u00e1les son sus expectativas\u201d, reiter\u00f3 Rodr\u00edguez.<\/p>\n\n\n\n<p>Prensa Web VTV<\/p>\n","protected":false},"excerpt":{"rendered":"<p>Desde este lunes 05&nbsp; y hasta el pr\u00f3ximo 20 de octubre el pueblo venezolano est\u00e1 convocado &hellip; <a title=\"Desde este lunes est\u00e1 abierta la consulta nacional para construir un programa de cambio de la AN convocada por el GPPSB\" class=\"hm-read-more\" href=\"https:\/\/www.mpppst.gob.ve\/mpppstweb\/index.php\/2020\/10\/05\/desde-este-lunes-esta-abierta-la-consulta-nacional-para-construir-un-programa-de-cambio-de-la-an-convocada-por-el-gppsb\/\"><span class=\"screen-reader-text\">Desde este lunes est\u00e1 abierta la consulta nacional para construir un programa de cambio de la AN convocada por el GPPSB<\/span>Read more<\/a><\/p>\n","protected":false},"author":25,"featured_media":20112,"comment_status":"closed","ping_status":"closed","sticky":false,"template":"","format":"standard","meta":{"footnotes":""},"categories":[82,163],"tags":[],"yoast_head":"<!-- This site is optimized with the Yoast SEO plugin v22.5 - https:\/\/yoast.com\/wordpress\/plugins\/seo\/ -->\n<title>Desde este lunes est\u00e1 abierta la consulta nacional para construir un programa de cambio de la AN convocada por el GPPSB - MPPPST<\/title>\n<meta name=\"robots\" content=\"index, follow, max-snippet:-1, max-image-preview:large, max-video-preview:-1\" \/>\n<link rel=\"canonical\" href=\"https:\/\/www.mpppst.gob.ve\/mpppstweb\/index.php\/2020\/10\/05\/desde-este-lunes-esta-abierta-la-consulta-nacional-para-construir-un-programa-de-cambio-de-la-an-convocada-por-el-gppsb\/\" \/>\n<meta property=\"og:locale\" content=\"es_ES\" \/>\n<meta property=\"og:type\" content=\"article\" \/>\n<meta property=\"og:title\" content=\"Desde este lunes est\u00e1 abierta la consulta nacional para construir un programa de cambio de la AN convocada por el GPPSB - MPPPST\" \/>\n<meta property=\"og:description\" content=\"Desde este lunes 05&nbsp; y hasta el pr\u00f3ximo 20 de octubre el pueblo venezolano est\u00e1 convocado &hellip; Desde este lunes est\u00e1 abierta la consulta nacional para construir un programa de cambio de la AN convocada por el GPPSBRead more\" \/>\n<meta property=\"og:url\" content=\"https:\/\/www.mpppst.gob.ve\/mpppstweb\/index.php\/2020\/10\/05\/desde-este-lunes-esta-abierta-la-consulta-nacional-para-construir-un-programa-de-cambio-de-la-an-convocada-por-el-gppsb\/\" \/>\n<meta property=\"og:site_name\" content=\"MPPPST\" \/>\n<meta property=\"article:published_time\" content=\"2020-10-05T12:56:59+00:00\" \/>\n<meta property=\"og:image\" content=\"https:\/\/www.mpppst.gob.ve\/mpppstweb\/wp-content\/uploads\/2020\/10\/Asamblea-Nacional-800x445-1.jpg\" \/>\n\t<meta property=\"og:image:width\" content=\"800\" \/>\n\t<meta property=\"og:image:height\" content=\"445\" \/>\n\t<meta property=\"og:image:type\" content=\"image\/jpeg\" \/>\n<meta name=\"author\" content=\"MPPPST Prensa\" \/>\n<meta name=\"twitter:card\" content=\"summary_large_image\" \/>\n<meta name=\"twitter:label1\" content=\"Escrito por\" \/>\n\t<meta name=\"twitter:data1\" content=\"MPPPST Prensa\" \/>\n\t<meta name=\"twitter:label2\" content=\"Tiempo de lectura\" \/>\n\t<meta name=\"twitter:data2\" content=\"1 minuto\" \/>\n<script type=\"application\/ld+json\" class=\"yoast-schema-graph\">{\"@context\":\"https:\/\/schema.org\",\"@graph\":[{\"@type\":\"Article\",\"@id\":\"https:\/\/www.mpppst.gob.ve\/mpppstweb\/index.php\/2020\/10\/05\/desde-este-lunes-esta-abierta-la-consulta-nacional-para-construir-un-programa-de-cambio-de-la-an-convocada-por-el-gppsb\/#article\",\"isPartOf\":{\"@id\":\"https:\/\/www.mpppst.gob.ve\/mpppstweb\/index.php\/2020\/10\/05\/desde-este-lunes-esta-abierta-la-consulta-nacional-para-construir-un-programa-de-cambio-de-la-an-convocada-por-el-gppsb\/\"},\"author\":{\"name\":\"MPPPST Prensa\",\"@id\":\"https:\/\/www.mpppst.gob.ve\/mpppstweb\/#\/schema\/person\/fc187ee8ead412bd4c9304b62f900ea4\"},\"headline\":\"Desde este lunes est\u00e1 abierta la consulta nacional para construir un programa de cambio de la AN convocada por el GPPSB\",\"datePublished\":\"2020-10-05T12:56:59+00:00\",\"dateModified\":\"2020-10-05T12:56:59+00:00\",\"mainEntityOfPage\":{\"@id\":\"https:\/\/www.mpppst.gob.ve\/mpppstweb\/index.php\/2020\/10\/05\/desde-este-lunes-esta-abierta-la-consulta-nacional-para-construir-un-programa-de-cambio-de-la-an-convocada-por-el-gppsb\/\"},\"wordCount\":182,\"publisher\":{\"@id\":\"https:\/\/www.mpppst.gob.ve\/mpppstweb\/#organization\"},\"image\":{\"@id\":\"https:\/\/www.mpppst.gob.ve\/mpppstweb\/index.php\/2020\/10\/05\/desde-este-lunes-esta-abierta-la-consulta-nacional-para-construir-un-programa-de-cambio-de-la-an-convocada-por-el-gppsb\/#primaryimage\"},\"thumbnailUrl\":\"https:\/\/www.mpppst.gob.ve\/mpppstweb\/wp-content\/uploads\/2020\/10\/Asamblea-Nacional-800x445-1.jpg\",\"articleSection\":[\"Gobierno Nacional\",\"Noticias\"],\"inLanguage\":\"es\"},{\"@type\":\"WebPage\",\"@id\":\"https:\/\/www.mpppst.gob.ve\/mpppstweb\/index.php\/2020\/10\/05\/desde-este-lunes-esta-abierta-la-consulta-nacional-para-construir-un-programa-de-cambio-de-la-an-convocada-por-el-gppsb\/\",\"url\":\"https:\/\/www.mpppst.gob.ve\/mpppstweb\/index.php\/2020\/10\/05\/desde-este-lunes-esta-abierta-la-consulta-nacional-para-construir-un-programa-de-cambio-de-la-an-convocada-por-el-gppsb\/\",\"name\":\"Desde este lunes est\u00e1 abierta la consulta nacional para construir un programa de cambio de la AN convocada por el GPPSB - MPPPST\",\"isPartOf\":{\"@id\":\"https:\/\/www.mpppst.gob.ve\/mpppstweb\/#website\"},\"primaryImageOfPage\":{\"@id\":\"https:\/\/www.mpppst.gob.ve\/mpppstweb\/index.php\/2020\/10\/05\/desde-este-lunes-esta-abierta-la-consulta-nacional-para-construir-un-programa-de-cambio-de-la-an-convocada-por-el-gppsb\/#primaryimage\"},\"image\":{\"@id\":\"https:\/\/www.mpppst.gob.ve\/mpppstweb\/index.php\/2020\/10\/05\/desde-este-lunes-esta-abierta-la-consulta-nacional-para-construir-un-programa-de-cambio-de-la-an-convocada-por-el-gppsb\/#primaryimage\"},\"thumbnailUrl\":\"https:\/\/www.mpppst.gob.ve\/mpppstweb\/wp-content\/uploads\/2020\/10\/Asamblea-Nacional-800x445-1.jpg\",\"datePublished\":\"2020-10-05T12:56:59+00:00\",\"dateModified\":\"2020-10-05T12:56:59+00:00\",\"breadcrumb\":{\"@id\":\"https:\/\/www.mpppst.gob.ve\/mpppstweb\/index.php\/2020\/10\/05\/desde-este-lunes-esta-abierta-la-consulta-nacional-para-construir-un-programa-de-cambio-de-la-an-convocada-por-el-gppsb\/#breadcrumb\"},\"inLanguage\":\"es\",\"potentialAction\":[{\"@type\":\"ReadAction\",\"target\":[\"https:\/\/www.mpppst.gob.ve\/mpppstweb\/index.php\/2020\/10\/05\/desde-este-lunes-esta-abierta-la-consulta-nacional-para-construir-un-programa-de-cambio-de-la-an-convocada-por-el-gppsb\/\"]}]},{\"@type\":\"ImageObject\",\"inLanguage\":\"es\",\"@id\":\"https:\/\/www.mpppst.gob.ve\/mpppstweb\/index.php\/2020\/10\/05\/desde-este-lunes-esta-abierta-la-consulta-nacional-para-construir-un-programa-de-cambio-de-la-an-convocada-por-el-gppsb\/#primaryimage\",\"url\":\"https:\/\/www.mpppst.gob.ve\/mpppstweb\/wp-content\/uploads\/2020\/10\/Asamblea-Nacional-800x445-1.jpg\",\"contentUrl\":\"https:\/\/www.mpppst.gob.ve\/mpppstweb\/wp-content\/uploads\/2020\/10\/Asamblea-Nacional-800x445-1.jpg\",\"width\":800,\"height\":445},{\"@type\":\"BreadcrumbList\",\"@id\":\"https:\/\/www.mpppst.gob.ve\/mpppstweb\/index.php\/2020\/10\/05\/desde-este-lunes-esta-abierta-la-consulta-nacional-para-construir-un-programa-de-cambio-de-la-an-convocada-por-el-gppsb\/#breadcrumb\",\"itemListElement\":[{\"@type\":\"ListItem\",\"position\":1,\"name\":\"Home\",\"item\":\"https:\/\/www.mpppst.gob.ve\/mpppstweb\/\"},{\"@type\":\"ListItem\",\"position\":2,\"name\":\"Desde este lunes est\u00e1 abierta la consulta nacional para construir un programa de cambio de la AN convocada por el GPPSB\"}]},{\"@type\":\"WebSite\",\"@id\":\"https:\/\/www.mpppst.gob.ve\/mpppstweb\/#website\",\"url\":\"https:\/\/www.mpppst.gob.ve\/mpppstweb\/\",\"name\":\"MPPPST\",\"description\":\"Ministerio del Poder Popular para el Proceso Social de Trabajo\",\"publisher\":{\"@id\":\"https:\/\/www.mpppst.gob.ve\/mpppstweb\/#organization\"},\"potentialAction\":[{\"@type\":\"SearchAction\",\"target\":{\"@type\":\"EntryPoint\",\"urlTemplate\":\"https:\/\/www.mpppst.gob.ve\/mpppstweb\/?s={search_term_string}\"},\"query-input\":\"required name=search_term_string\"}],\"inLanguage\":\"es\"},{\"@type\":\"Organization\",\"@id\":\"https:\/\/www.mpppst.gob.ve\/mpppstweb\/#organization\",\"name\":\"mpppst\",\"url\":\"https:\/\/www.mpppst.gob.ve\/mpppstweb\/\",\"logo\":{\"@type\":\"ImageObject\",\"inLanguage\":\"es\",\"@id\":\"https:\/\/www.mpppst.gob.ve\/mpppstweb\/#\/schema\/logo\/image\/\",\"url\":\"https:\/\/www.mpppst.gob.ve\/mpppstweb\/wp-content\/uploads\/2025\/07\/cropped-cropped-g910.png\",\"contentUrl\":\"https:\/\/www.mpppst.gob.ve\/mpppstweb\/wp-content\/uploads\/2025\/07\/cropped-cropped-g910.png\",\"width\":1080,\"height\":241,\"caption\":\"mpppst\"},\"image\":{\"@id\":\"https:\/\/www.mpppst.gob.ve\/mpppstweb\/#\/schema\/logo\/image\/\"}},{\"@type\":\"Person\",\"@id\":\"https:\/\/www.mpppst.gob.ve\/mpppstweb\/#\/schema\/person\/fc187ee8ead412bd4c9304b62f900ea4\",\"name\":\"MPPPST Prensa\",\"url\":\"https:\/\/www.mpppst.gob.ve\/mpppstweb\/index.php\/author\/prensa-mpppst\/\"}]}<\/script>\n<!-- \/ Yoast SEO plugin. -->","yoast_head_json":{"title":"Desde este lunes est\u00e1 abierta la consulta nacional para construir un programa de cambio de la AN convocada por el GPPSB - MPPPST","robots":{"index":"index","follow":"follow","max-snippet":"max-snippet:-1","max-image-preview":"max-image-preview:large","max-video-preview":"max-video-preview:-1"},"canonical":"https:\/\/www.mpppst.gob.ve\/mpppstweb\/index.php\/2020\/10\/05\/desde-este-lunes-esta-abierta-la-consulta-nacional-para-construir-un-programa-de-cambio-de-la-an-convocada-por-el-gppsb\/","og_locale":"es_ES","og_type":"article","og_title":"Desde este lunes est\u00e1 abierta la consulta nacional para construir un programa de cambio de la AN convocada por el GPPSB - MPPPST","og_description":"Desde este lunes 05&nbsp; y hasta el pr\u00f3ximo 20 de octubre el pueblo venezolano est\u00e1 convocado &hellip; Desde este lunes est\u00e1 abierta la consulta nacional para construir un programa de cambio de la AN convocada por el GPPSBRead more","og_url":"https:\/\/www.mpppst.gob.ve\/mpppstweb\/index.php\/2020\/10\/05\/desde-este-lunes-esta-abierta-la-consulta-nacional-para-construir-un-programa-de-cambio-de-la-an-convocada-por-el-gppsb\/","og_site_name":"MPPPST","article_published_time":"2020-10-05T12:56:59+00:00","og_image":[{"width":800,"height":445,"url":"https:\/\/www.mpppst.gob.ve\/mpppstweb\/wp-content\/uploads\/2020\/10\/Asamblea-Nacional-800x445-1.jpg","type":"image\/jpeg"}],"author":"MPPPST Prensa","twitter_card":"summary_large_image","twitter_misc":{"Escrito por":"MPPPST Prensa","Tiempo de lectura":"1 minuto"},"schema":{"@context":"https:\/\/schema.org","@graph":[{"@type":"Article","@id":"https:\/\/www.mpppst.gob.ve\/mpppstweb\/index.php\/2020\/10\/05\/desde-este-lunes-esta-abierta-la-consulta-nacional-para-construir-un-programa-de-cambio-de-la-an-convocada-por-el-gppsb\/#article","isPartOf":{"@id":"https:\/\/www.mpppst.gob.ve\/mpppstweb\/index.php\/2020\/10\/05\/desde-este-lunes-esta-abierta-la-consulta-nacional-para-construir-un-programa-de-cambio-de-la-an-convocada-por-el-gppsb\/"},"author":{"name":"MPPPST Prensa","@id":"https:\/\/www.mpppst.gob.ve\/mpppstweb\/#\/schema\/person\/fc187ee8ead412bd4c9304b62f900ea4"},"headline":"Desde este lunes est\u00e1 abierta la consulta nacional para construir un programa de cambio de la AN convocada por el GPPSB","datePublished":"2020-10-05T12:56:59+00:00","dateModified":"2020-10-05T12:56:59+00:00","mainEntityOfPage":{"@id":"https:\/\/www.mpppst.gob.ve\/mpppstweb\/index.php\/2020\/10\/05\/desde-este-lunes-esta-abierta-la-consulta-nacional-para-construir-un-programa-de-cambio-de-la-an-convocada-por-el-gppsb\/"},"wordCount":182,"publisher":{"@id":"https:\/\/www.mpppst.gob.ve\/mpppstweb\/#organization"},"image":{"@id":"https:\/\/www.mpppst.gob.ve\/mpppstweb\/index.php\/2020\/10\/05\/desde-este-lunes-esta-abierta-la-consulta-nacional-para-construir-un-programa-de-cambio-de-la-an-convocada-por-el-gppsb\/#primaryimage"},"thumbnailUrl":"https:\/\/www.mpppst.gob.ve\/mpppstweb\/wp-content\/uploads\/2020\/10\/Asamblea-Nacional-800x445-1.jpg","articleSection":["Gobierno Nacional","Noticias"],"inLanguage":"es"},{"@type":"WebPage","@id":"https:\/\/www.mpppst.gob.ve\/mpppstweb\/index.php\/2020\/10\/05\/desde-este-lunes-esta-abierta-la-consulta-nacional-para-construir-un-programa-de-cambio-de-la-an-convocada-por-el-gppsb\/","url":"https:\/\/www.mpppst.gob.ve\/mpppstweb\/index.php\/2020\/10\/05\/desde-este-lunes-esta-abierta-la-consulta-nacional-para-construir-un-programa-de-cambio-de-la-an-convocada-por-el-gppsb\/","name":"Desde este lunes est\u00e1 abierta la consulta nacional para construir un programa de cambio de la AN convocada por el GPPSB - MPPPST","isPartOf":{"@id":"https:\/\/www.mpppst.gob.ve\/mpppstweb\/#website"},"primaryImageOfPage":{"@id":"https:\/\/www.mpppst.gob.ve\/mpppstweb\/index.php\/2020\/10\/05\/desde-este-lunes-esta-abierta-la-consulta-nacional-para-construir-un-programa-de-cambio-de-la-an-convocada-por-el-gppsb\/#primaryimage"},"image":{"@id":"https:\/\/www.mpppst.gob.ve\/mpppstweb\/index.php\/2020\/10\/05\/desde-este-lunes-esta-abierta-la-consulta-nacional-para-construir-un-programa-de-cambio-de-la-an-convocada-por-el-gppsb\/#primaryimage"},"thumbnailUrl":"https:\/\/www.mpppst.gob.ve\/mpppstweb\/wp-content\/uploads\/2020\/10\/Asamblea-Nacional-800x445-1.jpg","datePublished":"2020-10-05T12:56:59+00:00","dateModified":"2020-10-05T12:56:59+00:00","breadcrumb":{"@id":"https:\/\/www.mpppst.gob.ve\/mpppstweb\/index.php\/2020\/10\/05\/desde-este-lunes-esta-abierta-la-consulta-nacional-para-construir-un-programa-de-cambio-de-la-an-convocada-por-el-gppsb\/#breadcrumb"},"inLanguage":"es","potentialAction":[{"@type":"ReadAction","target":["https:\/\/www.mpppst.gob.ve\/mpppstweb\/index.php\/2020\/10\/05\/desde-este-lunes-esta-abierta-la-consulta-nacional-para-construir-un-programa-de-cambio-de-la-an-convocada-por-el-gppsb\/"]}]},{"@type":"ImageObject","inLanguage":"es","@id":"https:\/\/www.mpppst.gob.ve\/mpppstweb\/index.php\/2020\/10\/05\/desde-este-lunes-esta-abierta-la-consulta-nacional-para-construir-un-programa-de-cambio-de-la-an-convocada-por-el-gppsb\/#primaryimage","url":"https:\/\/www.mpppst.gob.ve\/mpppstweb\/wp-content\/uploads\/2020\/10\/Asamblea-Nacional-800x445-1.jpg","contentUrl":"https:\/\/www.mpppst.gob.ve\/mpppstweb\/wp-content\/uploads\/2020\/10\/Asamblea-Nacional-800x445-1.jpg","width":800,"height":445},{"@type":"BreadcrumbList","@id":"https:\/\/www.mpppst.gob.ve\/mpppstweb\/index.php\/2020\/10\/05\/desde-este-lunes-esta-abierta-la-consulta-nacional-para-construir-un-programa-de-cambio-de-la-an-convocada-por-el-gppsb\/#breadcrumb","itemListElement":[{"@type":"ListItem","position":1,"name":"Home","item":"https:\/\/www.mpppst.gob.ve\/mpppstweb\/"},{"@type":"ListItem","position":2,"name":"Desde este lunes est\u00e1 abierta la consulta nacional para construir un programa de cambio de la AN convocada por el GPPSB"}]},{"@type":"WebSite","@id":"https:\/\/www.mpppst.gob.ve\/mpppstweb\/#website","url":"https:\/\/www.mpppst.gob.ve\/mpppstweb\/","name":"MPPPST","description":"Ministerio del Poder Popular para el Proceso Social de Trabajo","publisher":{"@id":"https:\/\/www.mpppst.gob.ve\/mpppstweb\/#organization"},"potentialAction":[{"@type":"SearchAction","target":{"@type":"EntryPoint","urlTemplate":"https:\/\/www.mpppst.gob.ve\/mpppstweb\/?s={search_term_string}"},"query-input":"required name=search_term_string"}],"inLanguage":"es"},{"@type":"Organization","@id":"https:\/\/www.mpppst.gob.ve\/mpppstweb\/#organization","name":"mpppst","url":"https:\/\/www.mpppst.gob.ve\/mpppstweb\/","logo":{"@type":"ImageObject","inLanguage":"es","@id":"https:\/\/www.mpppst.gob.ve\/mpppstweb\/#\/schema\/logo\/image\/","url":"https:\/\/www.mpppst.gob.ve\/mpppstweb\/wp-content\/uploads\/2025\/07\/cropped-cropped-g910.png","contentUrl":"https:\/\/www.mpppst.gob.ve\/mpppstweb\/wp-content\/uploads\/2025\/07\/cropped-cropped-g910.png","width":1080,"height":241,"caption":"mpppst"},"image":{"@id":"https:\/\/www.mpppst.gob.ve\/mpppstweb\/#\/schema\/logo\/image\/"}},{"@type":"Person","@id":"https:\/\/www.mpppst.gob.ve\/mpppstweb\/#\/schema\/person\/fc187ee8ead412bd4c9304b62f900ea4","name":"MPPPST Prensa","url":"https:\/\/www.mpppst.gob.ve\/mpppstweb\/index.php\/author\/prensa-mpppst\/"}]}},"_links":{"self":[{"href":"https:\/\/www.mpppst.gob.ve\/mpppstweb\/index.php\/wp-json\/wp\/v2\/posts\/20111"}],"collection":[{"href":"https:\/\/www.mpppst.gob.ve\/mpppstweb\/index.php\/wp-json\/wp\/v2\/posts"}],"about":[{"href":"https:\/\/www.mpppst.gob.ve\/mpppstweb\/index.php\/wp-json\/wp\/v2\/types\/post"}],"author":[{"embeddable":true,"href":"https:\/\/www.mpppst.gob.ve\/mpppstweb\/index.php\/wp-json\/wp\/v2\/users\/25"}],"replies":[{"embeddable":true,"href":"https:\/\/www.mpppst.gob.ve\/mpppstweb\/index.php\/wp-json\/wp\/v2\/comments?post=20111"}],"version-history":[{"count":1,"href":"https:\/\/www.mpppst.gob.ve\/mpppstweb\/index.php\/wp-json\/wp\/v2\/posts\/20111\/revisions"}],"predecessor-version":[{"id":20113,"href":"https:\/\/www.mpppst.gob.ve\/mpppstweb\/index.php\/wp-json\/wp\/v2\/posts\/20111\/revisions\/20113"}],"wp:featuredmedia":[{"embeddable":true,"href":"https:\/\/www.mpppst.gob.ve\/mpppstweb\/index.php\/wp-json\/wp\/v2\/media\/20112"}],"wp:attachment":[{"href":"https:\/\/www.mpppst.gob.ve\/mpppstweb\/index.php\/wp-json\/wp\/v2\/media?parent=20111"}],"wp:term":[{"taxonomy":"category","embeddable":true,"href":"https:\/\/www.mpppst.gob.ve\/mpppstweb\/index.php\/wp-json\/wp\/v2\/categories?post=20111"},{"taxonomy":"post_tag","embeddable":true,"href":"https:\/\/www.mpppst.gob.ve\/mpppstweb\/index.php\/wp-json\/wp\/v2\/tags?post=20111"}],"curies":[{"name":"wp","href":"https:\/\/api.w.org\/{rel}","templated":true}]}}