{"id":20117,"date":"2020-10-05T09:03:26","date_gmt":"2020-10-05T13:03:26","guid":{"rendered":"http:\/\/www.mpppst.gob.ve\/mpppstweb\/?p=20117"},"modified":"2020-10-05T09:03:27","modified_gmt":"2020-10-05T13:03:27","slug":"mas-de-6-mil-colegios-y-liceos-abriran-desde-este-lunes-para-consultas-pedagogicas","status":"publish","type":"post","link":"https:\/\/www.mpppst.gob.ve\/mpppstweb\/index.php\/2020\/10\/05\/mas-de-6-mil-colegios-y-liceos-abriran-desde-este-lunes-para-consultas-pedagogicas\/","title":{"rendered":"M\u00e1s de 6 mil colegios y liceos abrir\u00e1n desde este lunes para Consultas Pedag\u00f3gicas"},"content":{"rendered":"\n<p>Este lunes 05 de octubre abrir\u00e1n progresivamente m\u00e1s de 6 mil&nbsp;<a href=\"https:\/\/www.vtv.gob.ve\/estudiantes-ano-escolar-niveles-modalidades\/\">colegios y liceos<\/a>&nbsp;en todo el territorio nacional a fin de realizar las Consultas Pedag\u00f3gicas de los padres, madres y estudiantes, as\u00ed lo dio a conocer este domingo el presidente de la Rep\u00fablica Bolivariana de Venezuela, Nicol\u00e1s Maduro.<\/p>\n\n\n\n<p>Detall\u00f3 que es una nueva modalidad que se va a ir estableciendo a trav\u00e9s de los Directores de los planteles educativos y los Jefes de Zona, quienes son los que le informaran a los representantes cu\u00e1ndo deber\u00e1 acudir a la instituci\u00f3n junto a sus hijos, todos con el uso de sus tapabocas y respetando las medidas de bioseguridad, a fin de que los estudiantes puedan conocer a sus maestros.&nbsp;<\/p>\n\n\n\n<p>\u201cMa\u00f1ana arranca este ensayo maravilloso, de las consultas pedag\u00f3gicas y asesor\u00eda pedag\u00f3gica. En esta fase el representante tendr\u00e1 un horario para ir con su hijo conversar con el docente\u201d sostuvo el Jefe de Estado.<\/p>\n\n\n\n<p>PrensaWeb VTV<\/p>\n","protected":false},"excerpt":{"rendered":"<p>Este lunes 05 de octubre abrir\u00e1n progresivamente m\u00e1s de 6 mil&nbsp;colegios y liceos&nbsp;en todo el territorio &hellip; <a title=\"M\u00e1s de 6 mil colegios y liceos abrir\u00e1n desde este lunes para Consultas Pedag\u00f3gicas\" class=\"hm-read-more\" href=\"https:\/\/www.mpppst.gob.ve\/mpppstweb\/index.php\/2020\/10\/05\/mas-de-6-mil-colegios-y-liceos-abriran-desde-este-lunes-para-consultas-pedagogicas\/\"><span class=\"screen-reader-text\">M\u00e1s de 6 mil colegios y liceos abrir\u00e1n desde este lunes para Consultas Pedag\u00f3gicas<\/span>Read more<\/a><\/p>\n","protected":false},"author":25,"featured_media":20118,"comment_status":"closed","ping_status":"closed","sticky":false,"template":"","format":"standard","meta":{"footnotes":""},"categories":[82,163],"tags":[],"yoast_head":"<!-- This site is optimized with the Yoast SEO plugin v22.5 - https:\/\/yoast.com\/wordpress\/plugins\/seo\/ -->\n<title>M\u00e1s de 6 mil colegios y liceos abrir\u00e1n desde este lunes para Consultas Pedag\u00f3gicas - MPPPST<\/title>\n<meta name=\"robots\" content=\"index, follow, max-snippet:-1, max-image-preview:large, max-video-preview:-1\" \/>\n<link rel=\"canonical\" href=\"https:\/\/www.mpppst.gob.ve\/mpppstweb\/index.php\/2020\/10\/05\/mas-de-6-mil-colegios-y-liceos-abriran-desde-este-lunes-para-consultas-pedagogicas\/\" \/>\n<meta property=\"og:locale\" content=\"es_ES\" \/>\n<meta property=\"og:type\" content=\"article\" \/>\n<meta property=\"og:title\" content=\"M\u00e1s de 6 mil colegios y liceos abrir\u00e1n desde este lunes para Consultas Pedag\u00f3gicas - MPPPST\" \/>\n<meta property=\"og:description\" content=\"Este lunes 05 de octubre abrir\u00e1n progresivamente m\u00e1s de 6 mil&nbsp;colegios y liceos&nbsp;en todo el territorio &hellip; M\u00e1s de 6 mil colegios y liceos abrir\u00e1n desde este lunes para Consultas Pedag\u00f3gicasRead more\" \/>\n<meta property=\"og:url\" content=\"https:\/\/www.mpppst.gob.ve\/mpppstweb\/index.php\/2020\/10\/05\/mas-de-6-mil-colegios-y-liceos-abriran-desde-este-lunes-para-consultas-pedagogicas\/\" \/>\n<meta property=\"og:site_name\" content=\"MPPPST\" \/>\n<meta property=\"article:published_time\" content=\"2020-10-05T13:03:26+00:00\" \/>\n<meta property=\"article:modified_time\" content=\"2020-10-05T13:03:27+00:00\" \/>\n<meta property=\"og:image\" content=\"https:\/\/www.mpppst.gob.ve\/mpppstweb\/wp-content\/uploads\/2020\/10\/EjWvwBeWAAMXni-768x427-1.jpg\" \/>\n\t<meta property=\"og:image:width\" content=\"768\" \/>\n\t<meta property=\"og:image:height\" content=\"427\" \/>\n\t<meta property=\"og:image:type\" content=\"image\/jpeg\" \/>\n<meta name=\"author\" content=\"MPPPST Prensa\" \/>\n<meta name=\"twitter:card\" content=\"summary_large_image\" \/>\n<meta name=\"twitter:label1\" content=\"Escrito por\" \/>\n\t<meta name=\"twitter:data1\" content=\"MPPPST Prensa\" \/>\n\t<meta name=\"twitter:label2\" content=\"Tiempo de lectura\" \/>\n\t<meta name=\"twitter:data2\" content=\"1 minuto\" \/>\n<script type=\"application\/ld+json\" class=\"yoast-schema-graph\">{\"@context\":\"https:\/\/schema.org\",\"@graph\":[{\"@type\":\"Article\",\"@id\":\"https:\/\/www.mpppst.gob.ve\/mpppstweb\/index.php\/2020\/10\/05\/mas-de-6-mil-colegios-y-liceos-abriran-desde-este-lunes-para-consultas-pedagogicas\/#article\",\"isPartOf\":{\"@id\":\"https:\/\/www.mpppst.gob.ve\/mpppstweb\/index.php\/2020\/10\/05\/mas-de-6-mil-colegios-y-liceos-abriran-desde-este-lunes-para-consultas-pedagogicas\/\"},\"author\":{\"name\":\"MPPPST Prensa\",\"@id\":\"https:\/\/www.mpppst.gob.ve\/mpppstweb\/#\/schema\/person\/fc187ee8ead412bd4c9304b62f900ea4\"},\"headline\":\"M\u00e1s de 6 mil colegios y liceos abrir\u00e1n desde este lunes para Consultas Pedag\u00f3gicas\",\"datePublished\":\"2020-10-05T13:03:26+00:00\",\"dateModified\":\"2020-10-05T13:03:27+00:00\",\"mainEntityOfPage\":{\"@id\":\"https:\/\/www.mpppst.gob.ve\/mpppstweb\/index.php\/2020\/10\/05\/mas-de-6-mil-colegios-y-liceos-abriran-desde-este-lunes-para-consultas-pedagogicas\/\"},\"wordCount\":183,\"publisher\":{\"@id\":\"https:\/\/www.mpppst.gob.ve\/mpppstweb\/#organization\"},\"image\":{\"@id\":\"https:\/\/www.mpppst.gob.ve\/mpppstweb\/index.php\/2020\/10\/05\/mas-de-6-mil-colegios-y-liceos-abriran-desde-este-lunes-para-consultas-pedagogicas\/#primaryimage\"},\"thumbnailUrl\":\"https:\/\/www.mpppst.gob.ve\/mpppstweb\/wp-content\/uploads\/2020\/10\/EjWvwBeWAAMXni-768x427-1.jpg\",\"articleSection\":[\"Gobierno Nacional\",\"Noticias\"],\"inLanguage\":\"es\"},{\"@type\":\"WebPage\",\"@id\":\"https:\/\/www.mpppst.gob.ve\/mpppstweb\/index.php\/2020\/10\/05\/mas-de-6-mil-colegios-y-liceos-abriran-desde-este-lunes-para-consultas-pedagogicas\/\",\"url\":\"https:\/\/www.mpppst.gob.ve\/mpppstweb\/index.php\/2020\/10\/05\/mas-de-6-mil-colegios-y-liceos-abriran-desde-este-lunes-para-consultas-pedagogicas\/\",\"name\":\"M\u00e1s de 6 mil colegios y liceos abrir\u00e1n desde este lunes para Consultas Pedag\u00f3gicas - MPPPST\",\"isPartOf\":{\"@id\":\"https:\/\/www.mpppst.gob.ve\/mpppstweb\/#website\"},\"primaryImageOfPage\":{\"@id\":\"https:\/\/www.mpppst.gob.ve\/mpppstweb\/index.php\/2020\/10\/05\/mas-de-6-mil-colegios-y-liceos-abriran-desde-este-lunes-para-consultas-pedagogicas\/#primaryimage\"},\"image\":{\"@id\":\"https:\/\/www.mpppst.gob.ve\/mpppstweb\/index.php\/2020\/10\/05\/mas-de-6-mil-colegios-y-liceos-abriran-desde-este-lunes-para-consultas-pedagogicas\/#primaryimage\"},\"thumbnailUrl\":\"https:\/\/www.mpppst.gob.ve\/mpppstweb\/wp-content\/uploads\/2020\/10\/EjWvwBeWAAMXni-768x427-1.jpg\",\"datePublished\":\"2020-10-05T13:03:26+00:00\",\"dateModified\":\"2020-10-05T13:03:27+00:00\",\"breadcrumb\":{\"@id\":\"https:\/\/www.mpppst.gob.ve\/mpppstweb\/index.php\/2020\/10\/05\/mas-de-6-mil-colegios-y-liceos-abriran-desde-este-lunes-para-consultas-pedagogicas\/#breadcrumb\"},\"inLanguage\":\"es\",\"potentialAction\":[{\"@type\":\"ReadAction\",\"target\":[\"https:\/\/www.mpppst.gob.ve\/mpppstweb\/index.php\/2020\/10\/05\/mas-de-6-mil-colegios-y-liceos-abriran-desde-este-lunes-para-consultas-pedagogicas\/\"]}]},{\"@type\":\"ImageObject\",\"inLanguage\":\"es\",\"@id\":\"https:\/\/www.mpppst.gob.ve\/mpppstweb\/index.php\/2020\/10\/05\/mas-de-6-mil-colegios-y-liceos-abriran-desde-este-lunes-para-consultas-pedagogicas\/#primaryimage\",\"url\":\"https:\/\/www.mpppst.gob.ve\/mpppstweb\/wp-content\/uploads\/2020\/10\/EjWvwBeWAAMXni-768x427-1.jpg\",\"contentUrl\":\"https:\/\/www.mpppst.gob.ve\/mpppstweb\/wp-content\/uploads\/2020\/10\/EjWvwBeWAAMXni-768x427-1.jpg\",\"width\":768,\"height\":427},{\"@type\":\"BreadcrumbList\",\"@id\":\"https:\/\/www.mpppst.gob.ve\/mpppstweb\/index.php\/2020\/10\/05\/mas-de-6-mil-colegios-y-liceos-abriran-desde-este-lunes-para-consultas-pedagogicas\/#breadcrumb\",\"itemListElement\":[{\"@type\":\"ListItem\",\"position\":1,\"name\":\"Home\",\"item\":\"https:\/\/www.mpppst.gob.ve\/mpppstweb\/\"},{\"@type\":\"ListItem\",\"position\":2,\"name\":\"M\u00e1s de 6 mil colegios y liceos abrir\u00e1n desde este lunes para Consultas Pedag\u00f3gicas\"}]},{\"@type\":\"WebSite\",\"@id\":\"https:\/\/www.mpppst.gob.ve\/mpppstweb\/#website\",\"url\":\"https:\/\/www.mpppst.gob.ve\/mpppstweb\/\",\"name\":\"MPPPST\",\"description\":\"Ministerio del Poder Popular para el Proceso Social de Trabajo\",\"publisher\":{\"@id\":\"https:\/\/www.mpppst.gob.ve\/mpppstweb\/#organization\"},\"potentialAction\":[{\"@type\":\"SearchAction\",\"target\":{\"@type\":\"EntryPoint\",\"urlTemplate\":\"https:\/\/www.mpppst.gob.ve\/mpppstweb\/?s={search_term_string}\"},\"query-input\":\"required name=search_term_string\"}],\"inLanguage\":\"es\"},{\"@type\":\"Organization\",\"@id\":\"https:\/\/www.mpppst.gob.ve\/mpppstweb\/#organization\",\"name\":\"mpppst\",\"url\":\"https:\/\/www.mpppst.gob.ve\/mpppstweb\/\",\"logo\":{\"@type\":\"ImageObject\",\"inLanguage\":\"es\",\"@id\":\"https:\/\/www.mpppst.gob.ve\/mpppstweb\/#\/schema\/logo\/image\/\",\"url\":\"https:\/\/www.mpppst.gob.ve\/mpppstweb\/wp-content\/uploads\/2025\/07\/cropped-cropped-g910.png\",\"contentUrl\":\"https:\/\/www.mpppst.gob.ve\/mpppstweb\/wp-content\/uploads\/2025\/07\/cropped-cropped-g910.png\",\"width\":1080,\"height\":241,\"caption\":\"mpppst\"},\"image\":{\"@id\":\"https:\/\/www.mpppst.gob.ve\/mpppstweb\/#\/schema\/logo\/image\/\"}},{\"@type\":\"Person\",\"@id\":\"https:\/\/www.mpppst.gob.ve\/mpppstweb\/#\/schema\/person\/fc187ee8ead412bd4c9304b62f900ea4\",\"name\":\"MPPPST Prensa\",\"url\":\"https:\/\/www.mpppst.gob.ve\/mpppstweb\/index.php\/author\/prensa-mpppst\/\"}]}<\/script>\n<!-- \/ Yoast SEO plugin. -->","yoast_head_json":{"title":"M\u00e1s de 6 mil colegios y liceos abrir\u00e1n desde este lunes para Consultas Pedag\u00f3gicas - MPPPST","robots":{"index":"index","follow":"follow","max-snippet":"max-snippet:-1","max-image-preview":"max-image-preview:large","max-video-preview":"max-video-preview:-1"},"canonical":"https:\/\/www.mpppst.gob.ve\/mpppstweb\/index.php\/2020\/10\/05\/mas-de-6-mil-colegios-y-liceos-abriran-desde-este-lunes-para-consultas-pedagogicas\/","og_locale":"es_ES","og_type":"article","og_title":"M\u00e1s de 6 mil colegios y liceos abrir\u00e1n desde este lunes para Consultas Pedag\u00f3gicas - MPPPST","og_description":"Este lunes 05 de octubre abrir\u00e1n progresivamente m\u00e1s de 6 mil&nbsp;colegios y liceos&nbsp;en todo el territorio &hellip; M\u00e1s de 6 mil colegios y liceos abrir\u00e1n desde este lunes para Consultas Pedag\u00f3gicasRead more","og_url":"https:\/\/www.mpppst.gob.ve\/mpppstweb\/index.php\/2020\/10\/05\/mas-de-6-mil-colegios-y-liceos-abriran-desde-este-lunes-para-consultas-pedagogicas\/","og_site_name":"MPPPST","article_published_time":"2020-10-05T13:03:26+00:00","article_modified_time":"2020-10-05T13:03:27+00:00","og_image":[{"width":768,"height":427,"url":"https:\/\/www.mpppst.gob.ve\/mpppstweb\/wp-content\/uploads\/2020\/10\/EjWvwBeWAAMXni-768x427-1.jpg","type":"image\/jpeg"}],"author":"MPPPST Prensa","twitter_card":"summary_large_image","twitter_misc":{"Escrito por":"MPPPST Prensa","Tiempo de lectura":"1 minuto"},"schema":{"@context":"https:\/\/schema.org","@graph":[{"@type":"Article","@id":"https:\/\/www.mpppst.gob.ve\/mpppstweb\/index.php\/2020\/10\/05\/mas-de-6-mil-colegios-y-liceos-abriran-desde-este-lunes-para-consultas-pedagogicas\/#article","isPartOf":{"@id":"https:\/\/www.mpppst.gob.ve\/mpppstweb\/index.php\/2020\/10\/05\/mas-de-6-mil-colegios-y-liceos-abriran-desde-este-lunes-para-consultas-pedagogicas\/"},"author":{"name":"MPPPST Prensa","@id":"https:\/\/www.mpppst.gob.ve\/mpppstweb\/#\/schema\/person\/fc187ee8ead412bd4c9304b62f900ea4"},"headline":"M\u00e1s de 6 mil colegios y liceos abrir\u00e1n desde este lunes para Consultas Pedag\u00f3gicas","datePublished":"2020-10-05T13:03:26+00:00","dateModified":"2020-10-05T13:03:27+00:00","mainEntityOfPage":{"@id":"https:\/\/www.mpppst.gob.ve\/mpppstweb\/index.php\/2020\/10\/05\/mas-de-6-mil-colegios-y-liceos-abriran-desde-este-lunes-para-consultas-pedagogicas\/"},"wordCount":183,"publisher":{"@id":"https:\/\/www.mpppst.gob.ve\/mpppstweb\/#organization"},"image":{"@id":"https:\/\/www.mpppst.gob.ve\/mpppstweb\/index.php\/2020\/10\/05\/mas-de-6-mil-colegios-y-liceos-abriran-desde-este-lunes-para-consultas-pedagogicas\/#primaryimage"},"thumbnailUrl":"https:\/\/www.mpppst.gob.ve\/mpppstweb\/wp-content\/uploads\/2020\/10\/EjWvwBeWAAMXni-768x427-1.jpg","articleSection":["Gobierno Nacional","Noticias"],"inLanguage":"es"},{"@type":"WebPage","@id":"https:\/\/www.mpppst.gob.ve\/mpppstweb\/index.php\/2020\/10\/05\/mas-de-6-mil-colegios-y-liceos-abriran-desde-este-lunes-para-consultas-pedagogicas\/","url":"https:\/\/www.mpppst.gob.ve\/mpppstweb\/index.php\/2020\/10\/05\/mas-de-6-mil-colegios-y-liceos-abriran-desde-este-lunes-para-consultas-pedagogicas\/","name":"M\u00e1s de 6 mil colegios y liceos abrir\u00e1n desde este lunes para Consultas Pedag\u00f3gicas - MPPPST","isPartOf":{"@id":"https:\/\/www.mpppst.gob.ve\/mpppstweb\/#website"},"primaryImageOfPage":{"@id":"https:\/\/www.mpppst.gob.ve\/mpppstweb\/index.php\/2020\/10\/05\/mas-de-6-mil-colegios-y-liceos-abriran-desde-este-lunes-para-consultas-pedagogicas\/#primaryimage"},"image":{"@id":"https:\/\/www.mpppst.gob.ve\/mpppstweb\/index.php\/2020\/10\/05\/mas-de-6-mil-colegios-y-liceos-abriran-desde-este-lunes-para-consultas-pedagogicas\/#primaryimage"},"thumbnailUrl":"https:\/\/www.mpppst.gob.ve\/mpppstweb\/wp-content\/uploads\/2020\/10\/EjWvwBeWAAMXni-768x427-1.jpg","datePublished":"2020-10-05T13:03:26+00:00","dateModified":"2020-10-05T13:03:27+00:00","breadcrumb":{"@id":"https:\/\/www.mpppst.gob.ve\/mpppstweb\/index.php\/2020\/10\/05\/mas-de-6-mil-colegios-y-liceos-abriran-desde-este-lunes-para-consultas-pedagogicas\/#breadcrumb"},"inLanguage":"es","potentialAction":[{"@type":"ReadAction","target":["https:\/\/www.mpppst.gob.ve\/mpppstweb\/index.php\/2020\/10\/05\/mas-de-6-mil-colegios-y-liceos-abriran-desde-este-lunes-para-consultas-pedagogicas\/"]}]},{"@type":"ImageObject","inLanguage":"es","@id":"https:\/\/www.mpppst.gob.ve\/mpppstweb\/index.php\/2020\/10\/05\/mas-de-6-mil-colegios-y-liceos-abriran-desde-este-lunes-para-consultas-pedagogicas\/#primaryimage","url":"https:\/\/www.mpppst.gob.ve\/mpppstweb\/wp-content\/uploads\/2020\/10\/EjWvwBeWAAMXni-768x427-1.jpg","contentUrl":"https:\/\/www.mpppst.gob.ve\/mpppstweb\/wp-content\/uploads\/2020\/10\/EjWvwBeWAAMXni-768x427-1.jpg","width":768,"height":427},{"@type":"BreadcrumbList","@id":"https:\/\/www.mpppst.gob.ve\/mpppstweb\/index.php\/2020\/10\/05\/mas-de-6-mil-colegios-y-liceos-abriran-desde-este-lunes-para-consultas-pedagogicas\/#breadcrumb","itemListElement":[{"@type":"ListItem","position":1,"name":"Home","item":"https:\/\/www.mpppst.gob.ve\/mpppstweb\/"},{"@type":"ListItem","position":2,"name":"M\u00e1s de 6 mil colegios y liceos abrir\u00e1n desde este lunes para Consultas Pedag\u00f3gicas"}]},{"@type":"WebSite","@id":"https:\/\/www.mpppst.gob.ve\/mpppstweb\/#website","url":"https:\/\/www.mpppst.gob.ve\/mpppstweb\/","name":"MPPPST","description":"Ministerio del Poder Popular para el Proceso Social de Trabajo","publisher":{"@id":"https:\/\/www.mpppst.gob.ve\/mpppstweb\/#organization"},"potentialAction":[{"@type":"SearchAction","target":{"@type":"EntryPoint","urlTemplate":"https:\/\/www.mpppst.gob.ve\/mpppstweb\/?s={search_term_string}"},"query-input":"required name=search_term_string"}],"inLanguage":"es"},{"@type":"Organization","@id":"https:\/\/www.mpppst.gob.ve\/mpppstweb\/#organization","name":"mpppst","url":"https:\/\/www.mpppst.gob.ve\/mpppstweb\/","logo":{"@type":"ImageObject","inLanguage":"es","@id":"https:\/\/www.mpppst.gob.ve\/mpppstweb\/#\/schema\/logo\/image\/","url":"https:\/\/www.mpppst.gob.ve\/mpppstweb\/wp-content\/uploads\/2025\/07\/cropped-cropped-g910.png","contentUrl":"https:\/\/www.mpppst.gob.ve\/mpppstweb\/wp-content\/uploads\/2025\/07\/cropped-cropped-g910.png","width":1080,"height":241,"caption":"mpppst"},"image":{"@id":"https:\/\/www.mpppst.gob.ve\/mpppstweb\/#\/schema\/logo\/image\/"}},{"@type":"Person","@id":"https:\/\/www.mpppst.gob.ve\/mpppstweb\/#\/schema\/person\/fc187ee8ead412bd4c9304b62f900ea4","name":"MPPPST Prensa","url":"https:\/\/www.mpppst.gob.ve\/mpppstweb\/index.php\/author\/prensa-mpppst\/"}]}},"_links":{"self":[{"href":"https:\/\/www.mpppst.gob.ve\/mpppstweb\/index.php\/wp-json\/wp\/v2\/posts\/20117"}],"collection":[{"href":"https:\/\/www.mpppst.gob.ve\/mpppstweb\/index.php\/wp-json\/wp\/v2\/posts"}],"about":[{"href":"https:\/\/www.mpppst.gob.ve\/mpppstweb\/index.php\/wp-json\/wp\/v2\/types\/post"}],"author":[{"embeddable":true,"href":"https:\/\/www.mpppst.gob.ve\/mpppstweb\/index.php\/wp-json\/wp\/v2\/users\/25"}],"replies":[{"embeddable":true,"href":"https:\/\/www.mpppst.gob.ve\/mpppstweb\/index.php\/wp-json\/wp\/v2\/comments?post=20117"}],"version-history":[{"count":1,"href":"https:\/\/www.mpppst.gob.ve\/mpppstweb\/index.php\/wp-json\/wp\/v2\/posts\/20117\/revisions"}],"predecessor-version":[{"id":20119,"href":"https:\/\/www.mpppst.gob.ve\/mpppstweb\/index.php\/wp-json\/wp\/v2\/posts\/20117\/revisions\/20119"}],"wp:featuredmedia":[{"embeddable":true,"href":"https:\/\/www.mpppst.gob.ve\/mpppstweb\/index.php\/wp-json\/wp\/v2\/media\/20118"}],"wp:attachment":[{"href":"https:\/\/www.mpppst.gob.ve\/mpppstweb\/index.php\/wp-json\/wp\/v2\/media?parent=20117"}],"wp:term":[{"taxonomy":"category","embeddable":true,"href":"https:\/\/www.mpppst.gob.ve\/mpppstweb\/index.php\/wp-json\/wp\/v2\/categories?post=20117"},{"taxonomy":"post_tag","embeddable":true,"href":"https:\/\/www.mpppst.gob.ve\/mpppstweb\/index.php\/wp-json\/wp\/v2\/tags?post=20117"}],"curies":[{"name":"wp","href":"https:\/\/api.w.org\/{rel}","templated":true}]}}