{"id":20133,"date":"2020-10-06T08:47:03","date_gmt":"2020-10-06T12:47:03","guid":{"rendered":"http:\/\/www.mpppst.gob.ve\/mpppstweb\/?p=20133"},"modified":"2020-10-06T08:47:04","modified_gmt":"2020-10-06T12:47:04","slug":"bcv-celebra-decision-de-justicia-britanica-sobre-caso-de-oro-secuestrado","status":"publish","type":"post","link":"https:\/\/www.mpppst.gob.ve\/mpppstweb\/index.php\/2020\/10\/06\/bcv-celebra-decision-de-justicia-britanica-sobre-caso-de-oro-secuestrado\/","title":{"rendered":"BCV celebra decisi\u00f3n de justicia brit\u00e1nica sobre caso de oro secuestrado"},"content":{"rendered":"\n<p>El Banco Central de Venezuela (BCV) salud\u00f3 este lunes la decisi\u00f3n tomada por la Justicia de Reino Unido, en el caso de las 31 toneladas de oro retenida por el Banco de Inglaterra.<\/p>\n\n\n\n<p>Mediante un comunicado, la instituci\u00f3n financiera indic\u00f3 que esta sentencia permite a Venezuela \u201cacceder a una parte de las reservas de oro de la Rep\u00fablica que se encuentran depositadas en esa instituci\u00f3n financiera\u201d.&nbsp;<\/p>\n\n\n\n<p>Este lunes un Tribunal de Apelaciones de Londres, Inglaterra, anul\u00f3 una decisi\u00f3n judicial previa que en julio pasado le otorgaba al diputado en desacato Juan Guaid\u00f3 la posibilidad de tener dominio sobre las 31 toneladas de oro del Estado venezolano retenidas en el Banco de Inglaterra, valoradas en unos mil millones de d\u00f3lares.&nbsp;<\/p>\n\n\n\n<p>Los jueces revocaron este lunes el fallo al considerar ambigua la declaraci\u00f3n del entonces ministro brit\u00e1nico de Relaciones Exteriores, Jeremy Hunt, que en febrero de 2019 reconoci\u00f3 al auto juramentado Guaid\u00f3 como supuesto \u201cpresidente interino de Venezuela\u201d.<\/p>\n\n\n\n<p><br>A continuaci\u00f3n el texto \u00edntegro del comunicado:&nbsp;El Banco Central de Venezuela (BCV) saluda la decisi\u00f3n adoptada el d\u00eda de hoy por el Tribunal de Apelaci\u00f3n de Inglaterra, en el marco de la reclamaci\u00f3n judicial incoada por este ente contra el Banco de Inglaterra, a los fines de acceder a una parte de las reservas de oro de la Rep\u00fablica que se encuentran depositadas en esa instituci\u00f3n financiera.<\/p>\n\n\n\n<p>Con este pronunciamiento, el Tribunal de Apelaci\u00f3n desestim\u00f3 la ins\u00f3lita decisi\u00f3n proferida por el juez de instancia el pasado 2 de julio de 2020, que pretendi\u00f3 desconocer a las leg\u00edtimas autoridades del Banco Central de Venezuela y los irrenunciables derechos de la instituci\u00f3n sobre los activos de la Rep\u00fablica, bajo la custodia del Banco de Inglaterra.<\/p>\n\n\n\n<p>El Banco Central de Venezuela conf\u00eda en que la investigaci\u00f3n ordenada por el Tribunal de Apelaci\u00f3n en su decisi\u00f3n confirmar\u00e1 los argumentos formulados durante el proceso judicial e, igualmente, permitir\u00e1 restablecer la legalidad quebrantada a ra\u00edz de la negativa del Banco de Inglaterra a ejecutar las instrucciones giradas por el BCV sobre la transferencia de recursos con fines humanitarios, tan necesarios para dar respuesta a la pandemia del COVID-19 en coordinaci\u00f3n con el Programa de Naciones Unidas para el Desarrollo (PNUD).<\/p>\n\n\n\n<p>El Banco Central de Venezuela reafirma que seguir\u00e1 ejerciendo todas las acciones y recursos necesarios para salvaguardar las reservas internacionales soberanas y el patrimonio sagrado de la Rep\u00fablica, que pertenecen al pueblo de Venezuela, en el marco de sus competencias y en estricta aplicaci\u00f3n de la Constituci\u00f3n y las leyes de la Rep\u00fablica, as\u00ed como en defensa del Derecho Internacional P\u00fablico.<\/p>\n","protected":false},"excerpt":{"rendered":"<p>El Banco Central de Venezuela (BCV) salud\u00f3 este lunes la decisi\u00f3n tomada por la Justicia de &hellip; <a title=\"BCV celebra decisi\u00f3n de justicia brit\u00e1nica sobre caso de oro secuestrado\" class=\"hm-read-more\" href=\"https:\/\/www.mpppst.gob.ve\/mpppstweb\/index.php\/2020\/10\/06\/bcv-celebra-decision-de-justicia-britanica-sobre-caso-de-oro-secuestrado\/\"><span class=\"screen-reader-text\">BCV celebra decisi\u00f3n de justicia brit\u00e1nica sobre caso de oro secuestrado<\/span>Read more<\/a><\/p>\n","protected":false},"author":25,"featured_media":20134,"comment_status":"closed","ping_status":"closed","sticky":false,"template":"","format":"standard","meta":{"footnotes":""},"categories":[82,163],"tags":[],"yoast_head":"<!-- This site is optimized with the Yoast SEO plugin v22.5 - https:\/\/yoast.com\/wordpress\/plugins\/seo\/ -->\n<title>BCV celebra decisi\u00f3n de justicia brit\u00e1nica sobre caso de oro secuestrado - MPPPST<\/title>\n<meta name=\"robots\" content=\"index, follow, max-snippet:-1, max-image-preview:large, max-video-preview:-1\" \/>\n<link rel=\"canonical\" href=\"https:\/\/www.mpppst.gob.ve\/mpppstweb\/index.php\/2020\/10\/06\/bcv-celebra-decision-de-justicia-britanica-sobre-caso-de-oro-secuestrado\/\" \/>\n<meta property=\"og:locale\" content=\"es_ES\" \/>\n<meta property=\"og:type\" content=\"article\" \/>\n<meta property=\"og:title\" content=\"BCV celebra decisi\u00f3n de justicia brit\u00e1nica sobre caso de oro secuestrado - MPPPST\" \/>\n<meta property=\"og:description\" content=\"El Banco Central de Venezuela (BCV) salud\u00f3 este lunes la decisi\u00f3n tomada por la Justicia de &hellip; BCV celebra decisi\u00f3n de justicia brit\u00e1nica sobre caso de oro secuestradoRead more\" \/>\n<meta property=\"og:url\" content=\"https:\/\/www.mpppst.gob.ve\/mpppstweb\/index.php\/2020\/10\/06\/bcv-celebra-decision-de-justicia-britanica-sobre-caso-de-oro-secuestrado\/\" \/>\n<meta property=\"og:site_name\" content=\"MPPPST\" \/>\n<meta property=\"article:published_time\" content=\"2020-10-06T12:47:03+00:00\" \/>\n<meta property=\"article:modified_time\" content=\"2020-10-06T12:47:04+00:00\" \/>\n<meta property=\"og:image\" content=\"https:\/\/www.mpppst.gob.ve\/mpppstweb\/wp-content\/uploads\/2020\/10\/BCV-768x427-1.jpeg\" \/>\n\t<meta property=\"og:image:width\" content=\"768\" \/>\n\t<meta property=\"og:image:height\" content=\"427\" \/>\n\t<meta property=\"og:image:type\" content=\"image\/jpeg\" \/>\n<meta name=\"author\" content=\"MPPPST Prensa\" \/>\n<meta name=\"twitter:card\" content=\"summary_large_image\" \/>\n<meta name=\"twitter:label1\" content=\"Escrito por\" \/>\n\t<meta name=\"twitter:data1\" content=\"MPPPST Prensa\" \/>\n\t<meta name=\"twitter:label2\" content=\"Tiempo de lectura\" \/>\n\t<meta name=\"twitter:data2\" content=\"2 minutos\" \/>\n<script type=\"application\/ld+json\" class=\"yoast-schema-graph\">{\"@context\":\"https:\/\/schema.org\",\"@graph\":[{\"@type\":\"Article\",\"@id\":\"https:\/\/www.mpppst.gob.ve\/mpppstweb\/index.php\/2020\/10\/06\/bcv-celebra-decision-de-justicia-britanica-sobre-caso-de-oro-secuestrado\/#article\",\"isPartOf\":{\"@id\":\"https:\/\/www.mpppst.gob.ve\/mpppstweb\/index.php\/2020\/10\/06\/bcv-celebra-decision-de-justicia-britanica-sobre-caso-de-oro-secuestrado\/\"},\"author\":{\"name\":\"MPPPST Prensa\",\"@id\":\"https:\/\/www.mpppst.gob.ve\/mpppstweb\/#\/schema\/person\/fc187ee8ead412bd4c9304b62f900ea4\"},\"headline\":\"BCV celebra decisi\u00f3n de justicia brit\u00e1nica sobre caso de oro secuestrado\",\"datePublished\":\"2020-10-06T12:47:03+00:00\",\"dateModified\":\"2020-10-06T12:47:04+00:00\",\"mainEntityOfPage\":{\"@id\":\"https:\/\/www.mpppst.gob.ve\/mpppstweb\/index.php\/2020\/10\/06\/bcv-celebra-decision-de-justicia-britanica-sobre-caso-de-oro-secuestrado\/\"},\"wordCount\":465,\"publisher\":{\"@id\":\"https:\/\/www.mpppst.gob.ve\/mpppstweb\/#organization\"},\"image\":{\"@id\":\"https:\/\/www.mpppst.gob.ve\/mpppstweb\/index.php\/2020\/10\/06\/bcv-celebra-decision-de-justicia-britanica-sobre-caso-de-oro-secuestrado\/#primaryimage\"},\"thumbnailUrl\":\"https:\/\/www.mpppst.gob.ve\/mpppstweb\/wp-content\/uploads\/2020\/10\/BCV-768x427-1.jpeg\",\"articleSection\":[\"Gobierno Nacional\",\"Noticias\"],\"inLanguage\":\"es\"},{\"@type\":\"WebPage\",\"@id\":\"https:\/\/www.mpppst.gob.ve\/mpppstweb\/index.php\/2020\/10\/06\/bcv-celebra-decision-de-justicia-britanica-sobre-caso-de-oro-secuestrado\/\",\"url\":\"https:\/\/www.mpppst.gob.ve\/mpppstweb\/index.php\/2020\/10\/06\/bcv-celebra-decision-de-justicia-britanica-sobre-caso-de-oro-secuestrado\/\",\"name\":\"BCV celebra decisi\u00f3n de justicia brit\u00e1nica sobre caso de oro secuestrado - MPPPST\",\"isPartOf\":{\"@id\":\"https:\/\/www.mpppst.gob.ve\/mpppstweb\/#website\"},\"primaryImageOfPage\":{\"@id\":\"https:\/\/www.mpppst.gob.ve\/mpppstweb\/index.php\/2020\/10\/06\/bcv-celebra-decision-de-justicia-britanica-sobre-caso-de-oro-secuestrado\/#primaryimage\"},\"image\":{\"@id\":\"https:\/\/www.mpppst.gob.ve\/mpppstweb\/index.php\/2020\/10\/06\/bcv-celebra-decision-de-justicia-britanica-sobre-caso-de-oro-secuestrado\/#primaryimage\"},\"thumbnailUrl\":\"https:\/\/www.mpppst.gob.ve\/mpppstweb\/wp-content\/uploads\/2020\/10\/BCV-768x427-1.jpeg\",\"datePublished\":\"2020-10-06T12:47:03+00:00\",\"dateModified\":\"2020-10-06T12:47:04+00:00\",\"breadcrumb\":{\"@id\":\"https:\/\/www.mpppst.gob.ve\/mpppstweb\/index.php\/2020\/10\/06\/bcv-celebra-decision-de-justicia-britanica-sobre-caso-de-oro-secuestrado\/#breadcrumb\"},\"inLanguage\":\"es\",\"potentialAction\":[{\"@type\":\"ReadAction\",\"target\":[\"https:\/\/www.mpppst.gob.ve\/mpppstweb\/index.php\/2020\/10\/06\/bcv-celebra-decision-de-justicia-britanica-sobre-caso-de-oro-secuestrado\/\"]}]},{\"@type\":\"ImageObject\",\"inLanguage\":\"es\",\"@id\":\"https:\/\/www.mpppst.gob.ve\/mpppstweb\/index.php\/2020\/10\/06\/bcv-celebra-decision-de-justicia-britanica-sobre-caso-de-oro-secuestrado\/#primaryimage\",\"url\":\"https:\/\/www.mpppst.gob.ve\/mpppstweb\/wp-content\/uploads\/2020\/10\/BCV-768x427-1.jpeg\",\"contentUrl\":\"https:\/\/www.mpppst.gob.ve\/mpppstweb\/wp-content\/uploads\/2020\/10\/BCV-768x427-1.jpeg\",\"width\":768,\"height\":427},{\"@type\":\"BreadcrumbList\",\"@id\":\"https:\/\/www.mpppst.gob.ve\/mpppstweb\/index.php\/2020\/10\/06\/bcv-celebra-decision-de-justicia-britanica-sobre-caso-de-oro-secuestrado\/#breadcrumb\",\"itemListElement\":[{\"@type\":\"ListItem\",\"position\":1,\"name\":\"Home\",\"item\":\"https:\/\/www.mpppst.gob.ve\/mpppstweb\/\"},{\"@type\":\"ListItem\",\"position\":2,\"name\":\"BCV celebra decisi\u00f3n de justicia brit\u00e1nica sobre caso de oro secuestrado\"}]},{\"@type\":\"WebSite\",\"@id\":\"https:\/\/www.mpppst.gob.ve\/mpppstweb\/#website\",\"url\":\"https:\/\/www.mpppst.gob.ve\/mpppstweb\/\",\"name\":\"MPPPST\",\"description\":\"Ministerio del Poder Popular para el Proceso Social de Trabajo\",\"publisher\":{\"@id\":\"https:\/\/www.mpppst.gob.ve\/mpppstweb\/#organization\"},\"potentialAction\":[{\"@type\":\"SearchAction\",\"target\":{\"@type\":\"EntryPoint\",\"urlTemplate\":\"https:\/\/www.mpppst.gob.ve\/mpppstweb\/?s={search_term_string}\"},\"query-input\":\"required name=search_term_string\"}],\"inLanguage\":\"es\"},{\"@type\":\"Organization\",\"@id\":\"https:\/\/www.mpppst.gob.ve\/mpppstweb\/#organization\",\"name\":\"mpppst\",\"url\":\"https:\/\/www.mpppst.gob.ve\/mpppstweb\/\",\"logo\":{\"@type\":\"ImageObject\",\"inLanguage\":\"es\",\"@id\":\"https:\/\/www.mpppst.gob.ve\/mpppstweb\/#\/schema\/logo\/image\/\",\"url\":\"https:\/\/www.mpppst.gob.ve\/mpppstweb\/wp-content\/uploads\/2025\/07\/cropped-cropped-g910.png\",\"contentUrl\":\"https:\/\/www.mpppst.gob.ve\/mpppstweb\/wp-content\/uploads\/2025\/07\/cropped-cropped-g910.png\",\"width\":1080,\"height\":241,\"caption\":\"mpppst\"},\"image\":{\"@id\":\"https:\/\/www.mpppst.gob.ve\/mpppstweb\/#\/schema\/logo\/image\/\"}},{\"@type\":\"Person\",\"@id\":\"https:\/\/www.mpppst.gob.ve\/mpppstweb\/#\/schema\/person\/fc187ee8ead412bd4c9304b62f900ea4\",\"name\":\"MPPPST Prensa\",\"url\":\"https:\/\/www.mpppst.gob.ve\/mpppstweb\/index.php\/author\/prensa-mpppst\/\"}]}<\/script>\n<!-- \/ Yoast SEO plugin. -->","yoast_head_json":{"title":"BCV celebra decisi\u00f3n de justicia brit\u00e1nica sobre caso de oro secuestrado - MPPPST","robots":{"index":"index","follow":"follow","max-snippet":"max-snippet:-1","max-image-preview":"max-image-preview:large","max-video-preview":"max-video-preview:-1"},"canonical":"https:\/\/www.mpppst.gob.ve\/mpppstweb\/index.php\/2020\/10\/06\/bcv-celebra-decision-de-justicia-britanica-sobre-caso-de-oro-secuestrado\/","og_locale":"es_ES","og_type":"article","og_title":"BCV celebra decisi\u00f3n de justicia brit\u00e1nica sobre caso de oro secuestrado - MPPPST","og_description":"El Banco Central de Venezuela (BCV) salud\u00f3 este lunes la decisi\u00f3n tomada por la Justicia de &hellip; BCV celebra decisi\u00f3n de justicia brit\u00e1nica sobre caso de oro secuestradoRead more","og_url":"https:\/\/www.mpppst.gob.ve\/mpppstweb\/index.php\/2020\/10\/06\/bcv-celebra-decision-de-justicia-britanica-sobre-caso-de-oro-secuestrado\/","og_site_name":"MPPPST","article_published_time":"2020-10-06T12:47:03+00:00","article_modified_time":"2020-10-06T12:47:04+00:00","og_image":[{"width":768,"height":427,"url":"https:\/\/www.mpppst.gob.ve\/mpppstweb\/wp-content\/uploads\/2020\/10\/BCV-768x427-1.jpeg","type":"image\/jpeg"}],"author":"MPPPST Prensa","twitter_card":"summary_large_image","twitter_misc":{"Escrito por":"MPPPST Prensa","Tiempo de lectura":"2 minutos"},"schema":{"@context":"https:\/\/schema.org","@graph":[{"@type":"Article","@id":"https:\/\/www.mpppst.gob.ve\/mpppstweb\/index.php\/2020\/10\/06\/bcv-celebra-decision-de-justicia-britanica-sobre-caso-de-oro-secuestrado\/#article","isPartOf":{"@id":"https:\/\/www.mpppst.gob.ve\/mpppstweb\/index.php\/2020\/10\/06\/bcv-celebra-decision-de-justicia-britanica-sobre-caso-de-oro-secuestrado\/"},"author":{"name":"MPPPST Prensa","@id":"https:\/\/www.mpppst.gob.ve\/mpppstweb\/#\/schema\/person\/fc187ee8ead412bd4c9304b62f900ea4"},"headline":"BCV celebra decisi\u00f3n de justicia brit\u00e1nica sobre caso de oro secuestrado","datePublished":"2020-10-06T12:47:03+00:00","dateModified":"2020-10-06T12:47:04+00:00","mainEntityOfPage":{"@id":"https:\/\/www.mpppst.gob.ve\/mpppstweb\/index.php\/2020\/10\/06\/bcv-celebra-decision-de-justicia-britanica-sobre-caso-de-oro-secuestrado\/"},"wordCount":465,"publisher":{"@id":"https:\/\/www.mpppst.gob.ve\/mpppstweb\/#organization"},"image":{"@id":"https:\/\/www.mpppst.gob.ve\/mpppstweb\/index.php\/2020\/10\/06\/bcv-celebra-decision-de-justicia-britanica-sobre-caso-de-oro-secuestrado\/#primaryimage"},"thumbnailUrl":"https:\/\/www.mpppst.gob.ve\/mpppstweb\/wp-content\/uploads\/2020\/10\/BCV-768x427-1.jpeg","articleSection":["Gobierno Nacional","Noticias"],"inLanguage":"es"},{"@type":"WebPage","@id":"https:\/\/www.mpppst.gob.ve\/mpppstweb\/index.php\/2020\/10\/06\/bcv-celebra-decision-de-justicia-britanica-sobre-caso-de-oro-secuestrado\/","url":"https:\/\/www.mpppst.gob.ve\/mpppstweb\/index.php\/2020\/10\/06\/bcv-celebra-decision-de-justicia-britanica-sobre-caso-de-oro-secuestrado\/","name":"BCV celebra decisi\u00f3n de justicia brit\u00e1nica sobre caso de oro secuestrado - MPPPST","isPartOf":{"@id":"https:\/\/www.mpppst.gob.ve\/mpppstweb\/#website"},"primaryImageOfPage":{"@id":"https:\/\/www.mpppst.gob.ve\/mpppstweb\/index.php\/2020\/10\/06\/bcv-celebra-decision-de-justicia-britanica-sobre-caso-de-oro-secuestrado\/#primaryimage"},"image":{"@id":"https:\/\/www.mpppst.gob.ve\/mpppstweb\/index.php\/2020\/10\/06\/bcv-celebra-decision-de-justicia-britanica-sobre-caso-de-oro-secuestrado\/#primaryimage"},"thumbnailUrl":"https:\/\/www.mpppst.gob.ve\/mpppstweb\/wp-content\/uploads\/2020\/10\/BCV-768x427-1.jpeg","datePublished":"2020-10-06T12:47:03+00:00","dateModified":"2020-10-06T12:47:04+00:00","breadcrumb":{"@id":"https:\/\/www.mpppst.gob.ve\/mpppstweb\/index.php\/2020\/10\/06\/bcv-celebra-decision-de-justicia-britanica-sobre-caso-de-oro-secuestrado\/#breadcrumb"},"inLanguage":"es","potentialAction":[{"@type":"ReadAction","target":["https:\/\/www.mpppst.gob.ve\/mpppstweb\/index.php\/2020\/10\/06\/bcv-celebra-decision-de-justicia-britanica-sobre-caso-de-oro-secuestrado\/"]}]},{"@type":"ImageObject","inLanguage":"es","@id":"https:\/\/www.mpppst.gob.ve\/mpppstweb\/index.php\/2020\/10\/06\/bcv-celebra-decision-de-justicia-britanica-sobre-caso-de-oro-secuestrado\/#primaryimage","url":"https:\/\/www.mpppst.gob.ve\/mpppstweb\/wp-content\/uploads\/2020\/10\/BCV-768x427-1.jpeg","contentUrl":"https:\/\/www.mpppst.gob.ve\/mpppstweb\/wp-content\/uploads\/2020\/10\/BCV-768x427-1.jpeg","width":768,"height":427},{"@type":"BreadcrumbList","@id":"https:\/\/www.mpppst.gob.ve\/mpppstweb\/index.php\/2020\/10\/06\/bcv-celebra-decision-de-justicia-britanica-sobre-caso-de-oro-secuestrado\/#breadcrumb","itemListElement":[{"@type":"ListItem","position":1,"name":"Home","item":"https:\/\/www.mpppst.gob.ve\/mpppstweb\/"},{"@type":"ListItem","position":2,"name":"BCV celebra decisi\u00f3n de justicia brit\u00e1nica sobre caso de oro secuestrado"}]},{"@type":"WebSite","@id":"https:\/\/www.mpppst.gob.ve\/mpppstweb\/#website","url":"https:\/\/www.mpppst.gob.ve\/mpppstweb\/","name":"MPPPST","description":"Ministerio del Poder Popular para el Proceso Social de Trabajo","publisher":{"@id":"https:\/\/www.mpppst.gob.ve\/mpppstweb\/#organization"},"potentialAction":[{"@type":"SearchAction","target":{"@type":"EntryPoint","urlTemplate":"https:\/\/www.mpppst.gob.ve\/mpppstweb\/?s={search_term_string}"},"query-input":"required name=search_term_string"}],"inLanguage":"es"},{"@type":"Organization","@id":"https:\/\/www.mpppst.gob.ve\/mpppstweb\/#organization","name":"mpppst","url":"https:\/\/www.mpppst.gob.ve\/mpppstweb\/","logo":{"@type":"ImageObject","inLanguage":"es","@id":"https:\/\/www.mpppst.gob.ve\/mpppstweb\/#\/schema\/logo\/image\/","url":"https:\/\/www.mpppst.gob.ve\/mpppstweb\/wp-content\/uploads\/2025\/07\/cropped-cropped-g910.png","contentUrl":"https:\/\/www.mpppst.gob.ve\/mpppstweb\/wp-content\/uploads\/2025\/07\/cropped-cropped-g910.png","width":1080,"height":241,"caption":"mpppst"},"image":{"@id":"https:\/\/www.mpppst.gob.ve\/mpppstweb\/#\/schema\/logo\/image\/"}},{"@type":"Person","@id":"https:\/\/www.mpppst.gob.ve\/mpppstweb\/#\/schema\/person\/fc187ee8ead412bd4c9304b62f900ea4","name":"MPPPST Prensa","url":"https:\/\/www.mpppst.gob.ve\/mpppstweb\/index.php\/author\/prensa-mpppst\/"}]}},"_links":{"self":[{"href":"https:\/\/www.mpppst.gob.ve\/mpppstweb\/index.php\/wp-json\/wp\/v2\/posts\/20133"}],"collection":[{"href":"https:\/\/www.mpppst.gob.ve\/mpppstweb\/index.php\/wp-json\/wp\/v2\/posts"}],"about":[{"href":"https:\/\/www.mpppst.gob.ve\/mpppstweb\/index.php\/wp-json\/wp\/v2\/types\/post"}],"author":[{"embeddable":true,"href":"https:\/\/www.mpppst.gob.ve\/mpppstweb\/index.php\/wp-json\/wp\/v2\/users\/25"}],"replies":[{"embeddable":true,"href":"https:\/\/www.mpppst.gob.ve\/mpppstweb\/index.php\/wp-json\/wp\/v2\/comments?post=20133"}],"version-history":[{"count":1,"href":"https:\/\/www.mpppst.gob.ve\/mpppstweb\/index.php\/wp-json\/wp\/v2\/posts\/20133\/revisions"}],"predecessor-version":[{"id":20135,"href":"https:\/\/www.mpppst.gob.ve\/mpppstweb\/index.php\/wp-json\/wp\/v2\/posts\/20133\/revisions\/20135"}],"wp:featuredmedia":[{"embeddable":true,"href":"https:\/\/www.mpppst.gob.ve\/mpppstweb\/index.php\/wp-json\/wp\/v2\/media\/20134"}],"wp:attachment":[{"href":"https:\/\/www.mpppst.gob.ve\/mpppstweb\/index.php\/wp-json\/wp\/v2\/media?parent=20133"}],"wp:term":[{"taxonomy":"category","embeddable":true,"href":"https:\/\/www.mpppst.gob.ve\/mpppstweb\/index.php\/wp-json\/wp\/v2\/categories?post=20133"},{"taxonomy":"post_tag","embeddable":true,"href":"https:\/\/www.mpppst.gob.ve\/mpppstweb\/index.php\/wp-json\/wp\/v2\/tags?post=20133"}],"curies":[{"name":"wp","href":"https:\/\/api.w.org\/{rel}","templated":true}]}}