{"id":20170,"date":"2020-10-07T09:57:56","date_gmt":"2020-10-07T13:57:56","guid":{"rendered":"http:\/\/www.mpppst.gob.ve\/mpppstweb\/?p=20170"},"modified":"2020-10-07T09:57:57","modified_gmt":"2020-10-07T13:57:57","slug":"presidente-nicolas-maduro-recibe-cartas-credenciales-de-embajador-de-suiza","status":"publish","type":"post","link":"https:\/\/www.mpppst.gob.ve\/mpppstweb\/index.php\/2020\/10\/07\/presidente-nicolas-maduro-recibe-cartas-credenciales-de-embajador-de-suiza\/","title":{"rendered":"Presidente Nicol\u00e1s Maduro recibe cartas credenciales de embajador de Suiza"},"content":{"rendered":"\n<p>Este martes, el presidente constitucional de la Rep\u00fablica Bolivariana de Venezuela,&nbsp;<a href=\"https:\/\/mastodon.social\/@Nicolas_Maduro\" target=\"_blank\" rel=\"noreferrer noopener\"><strong>Nicol\u00e1s Maduro Moros,<\/strong><\/a>&nbsp;recibi\u00f3 las Cartas Credenciales por parte del embajador designado de la Confederaci\u00f3n Suiza,&nbsp;<strong>J\u00fcrg Sprecher<\/strong>.<\/p>\n\n\n\n<div class=\"wp-block-image\"><figure class=\"aligncenter is-resized\"><img decoding=\"async\" loading=\"lazy\" src=\"https:\/\/www.vtv.gob.ve\/wp-content\/uploads\/2020\/10\/WhatsApp-Image-2020-10-06-at-7.10.38-PM-300x167.jpeg\" alt=\"\" class=\"wp-image-275847\" width=\"595\" height=\"331\"\/><\/figure><\/div>\n\n\n\n<p>El Mandatario Nacional fortalece as\u00ed la Diplomacia Bolivariana de Paz, profundizando las relaciones de cooperaci\u00f3n pol\u00edtica y econ\u00f3mica con todos los pa\u00edses de nuestra Am\u00e9rica, y con aquellos pa\u00edses de \u00c1frica, Asia, Europa y Ocean\u00eda, cuyos gobiernos est\u00e9n dispuestos a trabajar con base en el respeto y la cooperaci\u00f3n mutua.<\/p>\n\n\n\n<p>La relaciones bilaterales entre ambos pueblos y gobiernos existen desde comienzos del siglo XX. Venezuela es un importante proveedor de Suiza con grandes exportaciones de oro, adem\u00e1s de rubros como cacao, ron, carburos de silicio y nueces, informa el MPPRE.<\/p>\n\n\n\n<p>La actividad se desarroll\u00f3 en el Sal\u00f3n Sol del Per\u00fa, del Palacio de Miraflores, con presencia del ministro del Poder Popular para Relaciones Exteriores,&nbsp;<strong>Jorge Arreaza,<\/strong>&nbsp;otros miembros del Gabinete Ejecutivo e integrantes de la embajada de la Confederaci\u00f3n de Suiza acreditada en Venezuela. Previamente se rindieron honores por parte de la Agrupaci\u00f3n de Parada.&nbsp; \/CP<\/p>\n\n\n\n<figure><iframe allowfullscreen=\"true\" class=\"\" src=\"https:\/\/platform.twitter.com\/embed\/index.html?creatorScreenName=VTVcanal8&amp;dnt=false&amp;embedId=twitter-widget-0&amp;frame=false&amp;hideCard=false&amp;hideThread=false&amp;id=1313608191163408385&amp;lang=es&amp;origin=https%3A%2F%2Fwww.vtv.gob.ve%2Fpresidente-nicolas-maduro-recibe-cartas-credenciales-embajador-suiza%2F&amp;siteScreenName=VTVcanal8&amp;theme=light&amp;widgetsVersion=ed20a2b%3A1601588405575&amp;width=550px\"><\/iframe><\/figure>\n\n\n\n<figure><iframe allowfullscreen=\"true\" class=\"\" src=\"https:\/\/platform.twitter.com\/embed\/index.html?creatorScreenName=VTVcanal8&amp;dnt=false&amp;embedId=twitter-widget-1&amp;frame=false&amp;hideCard=false&amp;hideThread=false&amp;id=1313629996557230085&amp;lang=es&amp;origin=https%3A%2F%2Fwww.vtv.gob.ve%2Fpresidente-nicolas-maduro-recibe-cartas-credenciales-embajador-suiza%2F&amp;siteScreenName=VTVcanal8&amp;theme=light&amp;widgetsVersion=ed20a2b%3A1601588405575&amp;width=550px\"><\/iframe><\/figure>\n\n\n\n<div class=\"wp-block-image\"><figure class=\"aligncenter\"><img decoding=\"async\" src=\"https:\/\/www.vtv.gob.ve\/wp-content\/uploads\/2020\/10\/WhatsApp-Image-2020-10-06-at-7.26.02-PM.jpeg\" alt=\"\" class=\"wp-image-275869\"\/><\/figure><\/div>\n\n\n\n<div class=\"wp-block-image\"><figure class=\"aligncenter\"><img decoding=\"async\" src=\"https:\/\/www.vtv.gob.ve\/wp-content\/uploads\/2020\/10\/WhatsApp-Image-2020-10-06-at-7.26.02-PM-2.jpeg\" alt=\"\" class=\"wp-image-275867\"\/><\/figure><\/div>\n\n\n\n<div class=\"wp-block-image\"><figure class=\"aligncenter\"><img decoding=\"async\" src=\"https:\/\/www.vtv.gob.ve\/wp-content\/uploads\/2020\/10\/WhatsApp-Image-2020-10-06-at-7.26.02-PM-1.jpeg\" alt=\"\" class=\"wp-image-275866\"\/><\/figure><\/div>\n\n\n\n<div class=\"wp-block-image\"><figure class=\"aligncenter\"><img decoding=\"async\" src=\"https:\/\/www.vtv.gob.ve\/wp-content\/uploads\/2020\/10\/WhatsApp-Image-2020-10-06-at-7.26.01-PM.jpeg\" alt=\"\" class=\"wp-image-275865\"\/><\/figure><\/div>\n\n\n\n<figure class=\"wp-block-image\"><img decoding=\"async\" src=\"https:\/\/www.vtv.gob.ve\/wp-content\/uploads\/2020\/10\/WhatsApp-Image-2020-10-06-at-7.26.01-PM-2.jpeg\" alt=\"\" class=\"wp-image-275864\"\/><\/figure>\n\n\n\n<div class=\"wp-block-image\"><figure class=\"aligncenter\"><img decoding=\"async\" src=\"https:\/\/www.vtv.gob.ve\/wp-content\/uploads\/2020\/10\/WhatsApp-Image-2020-10-06-at-7.26.01-PM-1.jpeg\" alt=\"\" class=\"wp-image-275863\"\/><\/figure><\/div>\n\n\n\n<div class=\"wp-block-image\"><figure class=\"aligncenter\"><img decoding=\"async\" src=\"https:\/\/www.vtv.gob.ve\/wp-content\/uploads\/2020\/10\/WhatsApp-Image-2020-10-06-at-7.26.03-PM.jpeg\" alt=\"\" class=\"wp-image-275871\"\/><\/figure><\/div>\n","protected":false},"excerpt":{"rendered":"<p>Este martes, el presidente constitucional de la Rep\u00fablica Bolivariana de Venezuela,&nbsp;Nicol\u00e1s Maduro Moros,&nbsp;recibi\u00f3 las Cartas Credenciales &hellip; <a title=\"Presidente Nicol\u00e1s Maduro recibe cartas credenciales de embajador de Suiza\" class=\"hm-read-more\" href=\"https:\/\/www.mpppst.gob.ve\/mpppstweb\/index.php\/2020\/10\/07\/presidente-nicolas-maduro-recibe-cartas-credenciales-de-embajador-de-suiza\/\"><span class=\"screen-reader-text\">Presidente Nicol\u00e1s Maduro recibe cartas credenciales de embajador de Suiza<\/span>Read more<\/a><\/p>\n","protected":false},"author":25,"featured_media":20171,"comment_status":"closed","ping_status":"closed","sticky":false,"template":"","format":"standard","meta":{"footnotes":""},"categories":[82,163],"tags":[],"yoast_head":"<!-- This site is optimized with the Yoast SEO plugin v22.5 - https:\/\/yoast.com\/wordpress\/plugins\/seo\/ -->\n<title>Presidente Nicol\u00e1s Maduro recibe cartas credenciales de embajador de Suiza - MPPPST<\/title>\n<meta name=\"robots\" content=\"index, follow, max-snippet:-1, max-image-preview:large, max-video-preview:-1\" \/>\n<link rel=\"canonical\" href=\"https:\/\/www.mpppst.gob.ve\/mpppstweb\/index.php\/2020\/10\/07\/presidente-nicolas-maduro-recibe-cartas-credenciales-de-embajador-de-suiza\/\" \/>\n<meta property=\"og:locale\" content=\"es_ES\" \/>\n<meta property=\"og:type\" content=\"article\" \/>\n<meta property=\"og:title\" content=\"Presidente Nicol\u00e1s Maduro recibe cartas credenciales de embajador de Suiza - MPPPST\" \/>\n<meta property=\"og:description\" content=\"Este martes, el presidente constitucional de la Rep\u00fablica Bolivariana de Venezuela,&nbsp;Nicol\u00e1s Maduro Moros,&nbsp;recibi\u00f3 las Cartas Credenciales &hellip; Presidente Nicol\u00e1s Maduro recibe cartas credenciales de embajador de SuizaRead more\" \/>\n<meta property=\"og:url\" content=\"https:\/\/www.mpppst.gob.ve\/mpppstweb\/index.php\/2020\/10\/07\/presidente-nicolas-maduro-recibe-cartas-credenciales-de-embajador-de-suiza\/\" \/>\n<meta property=\"og:site_name\" content=\"MPPPST\" \/>\n<meta property=\"article:published_time\" content=\"2020-10-07T13:57:56+00:00\" \/>\n<meta property=\"article:modified_time\" content=\"2020-10-07T13:57:57+00:00\" \/>\n<meta property=\"og:image\" content=\"https:\/\/www.mpppst.gob.ve\/mpppstweb\/wp-content\/uploads\/2020\/10\/WhatsApp-Image-2020-10-06-at-7.08.51-PM-768x427-1.jpeg\" \/>\n\t<meta property=\"og:image:width\" content=\"768\" \/>\n\t<meta property=\"og:image:height\" content=\"427\" \/>\n\t<meta property=\"og:image:type\" content=\"image\/jpeg\" \/>\n<meta name=\"author\" content=\"MPPPST Prensa\" \/>\n<meta name=\"twitter:card\" content=\"summary_large_image\" \/>\n<meta name=\"twitter:label1\" content=\"Escrito por\" \/>\n\t<meta name=\"twitter:data1\" content=\"MPPPST Prensa\" \/>\n\t<meta name=\"twitter:label2\" content=\"Tiempo de lectura\" \/>\n\t<meta name=\"twitter:data2\" content=\"1 minuto\" \/>\n<script type=\"application\/ld+json\" class=\"yoast-schema-graph\">{\"@context\":\"https:\/\/schema.org\",\"@graph\":[{\"@type\":\"Article\",\"@id\":\"https:\/\/www.mpppst.gob.ve\/mpppstweb\/index.php\/2020\/10\/07\/presidente-nicolas-maduro-recibe-cartas-credenciales-de-embajador-de-suiza\/#article\",\"isPartOf\":{\"@id\":\"https:\/\/www.mpppst.gob.ve\/mpppstweb\/index.php\/2020\/10\/07\/presidente-nicolas-maduro-recibe-cartas-credenciales-de-embajador-de-suiza\/\"},\"author\":{\"name\":\"MPPPST Prensa\",\"@id\":\"https:\/\/www.mpppst.gob.ve\/mpppstweb\/#\/schema\/person\/fc187ee8ead412bd4c9304b62f900ea4\"},\"headline\":\"Presidente Nicol\u00e1s Maduro recibe cartas credenciales de embajador de Suiza\",\"datePublished\":\"2020-10-07T13:57:56+00:00\",\"dateModified\":\"2020-10-07T13:57:57+00:00\",\"mainEntityOfPage\":{\"@id\":\"https:\/\/www.mpppst.gob.ve\/mpppstweb\/index.php\/2020\/10\/07\/presidente-nicolas-maduro-recibe-cartas-credenciales-de-embajador-de-suiza\/\"},\"wordCount\":209,\"publisher\":{\"@id\":\"https:\/\/www.mpppst.gob.ve\/mpppstweb\/#organization\"},\"image\":{\"@id\":\"https:\/\/www.mpppst.gob.ve\/mpppstweb\/index.php\/2020\/10\/07\/presidente-nicolas-maduro-recibe-cartas-credenciales-de-embajador-de-suiza\/#primaryimage\"},\"thumbnailUrl\":\"https:\/\/www.mpppst.gob.ve\/mpppstweb\/wp-content\/uploads\/2020\/10\/WhatsApp-Image-2020-10-06-at-7.08.51-PM-768x427-1.jpeg\",\"articleSection\":[\"Gobierno Nacional\",\"Noticias\"],\"inLanguage\":\"es\"},{\"@type\":\"WebPage\",\"@id\":\"https:\/\/www.mpppst.gob.ve\/mpppstweb\/index.php\/2020\/10\/07\/presidente-nicolas-maduro-recibe-cartas-credenciales-de-embajador-de-suiza\/\",\"url\":\"https:\/\/www.mpppst.gob.ve\/mpppstweb\/index.php\/2020\/10\/07\/presidente-nicolas-maduro-recibe-cartas-credenciales-de-embajador-de-suiza\/\",\"name\":\"Presidente Nicol\u00e1s Maduro recibe cartas credenciales de embajador de Suiza - MPPPST\",\"isPartOf\":{\"@id\":\"https:\/\/www.mpppst.gob.ve\/mpppstweb\/#website\"},\"primaryImageOfPage\":{\"@id\":\"https:\/\/www.mpppst.gob.ve\/mpppstweb\/index.php\/2020\/10\/07\/presidente-nicolas-maduro-recibe-cartas-credenciales-de-embajador-de-suiza\/#primaryimage\"},\"image\":{\"@id\":\"https:\/\/www.mpppst.gob.ve\/mpppstweb\/index.php\/2020\/10\/07\/presidente-nicolas-maduro-recibe-cartas-credenciales-de-embajador-de-suiza\/#primaryimage\"},\"thumbnailUrl\":\"https:\/\/www.mpppst.gob.ve\/mpppstweb\/wp-content\/uploads\/2020\/10\/WhatsApp-Image-2020-10-06-at-7.08.51-PM-768x427-1.jpeg\",\"datePublished\":\"2020-10-07T13:57:56+00:00\",\"dateModified\":\"2020-10-07T13:57:57+00:00\",\"breadcrumb\":{\"@id\":\"https:\/\/www.mpppst.gob.ve\/mpppstweb\/index.php\/2020\/10\/07\/presidente-nicolas-maduro-recibe-cartas-credenciales-de-embajador-de-suiza\/#breadcrumb\"},\"inLanguage\":\"es\",\"potentialAction\":[{\"@type\":\"ReadAction\",\"target\":[\"https:\/\/www.mpppst.gob.ve\/mpppstweb\/index.php\/2020\/10\/07\/presidente-nicolas-maduro-recibe-cartas-credenciales-de-embajador-de-suiza\/\"]}]},{\"@type\":\"ImageObject\",\"inLanguage\":\"es\",\"@id\":\"https:\/\/www.mpppst.gob.ve\/mpppstweb\/index.php\/2020\/10\/07\/presidente-nicolas-maduro-recibe-cartas-credenciales-de-embajador-de-suiza\/#primaryimage\",\"url\":\"https:\/\/www.mpppst.gob.ve\/mpppstweb\/wp-content\/uploads\/2020\/10\/WhatsApp-Image-2020-10-06-at-7.08.51-PM-768x427-1.jpeg\",\"contentUrl\":\"https:\/\/www.mpppst.gob.ve\/mpppstweb\/wp-content\/uploads\/2020\/10\/WhatsApp-Image-2020-10-06-at-7.08.51-PM-768x427-1.jpeg\",\"width\":768,\"height\":427},{\"@type\":\"BreadcrumbList\",\"@id\":\"https:\/\/www.mpppst.gob.ve\/mpppstweb\/index.php\/2020\/10\/07\/presidente-nicolas-maduro-recibe-cartas-credenciales-de-embajador-de-suiza\/#breadcrumb\",\"itemListElement\":[{\"@type\":\"ListItem\",\"position\":1,\"name\":\"Home\",\"item\":\"https:\/\/www.mpppst.gob.ve\/mpppstweb\/\"},{\"@type\":\"ListItem\",\"position\":2,\"name\":\"Presidente Nicol\u00e1s Maduro recibe cartas credenciales de embajador de Suiza\"}]},{\"@type\":\"WebSite\",\"@id\":\"https:\/\/www.mpppst.gob.ve\/mpppstweb\/#website\",\"url\":\"https:\/\/www.mpppst.gob.ve\/mpppstweb\/\",\"name\":\"MPPPST\",\"description\":\"Ministerio del Poder Popular para el Proceso Social de Trabajo\",\"publisher\":{\"@id\":\"https:\/\/www.mpppst.gob.ve\/mpppstweb\/#organization\"},\"potentialAction\":[{\"@type\":\"SearchAction\",\"target\":{\"@type\":\"EntryPoint\",\"urlTemplate\":\"https:\/\/www.mpppst.gob.ve\/mpppstweb\/?s={search_term_string}\"},\"query-input\":\"required name=search_term_string\"}],\"inLanguage\":\"es\"},{\"@type\":\"Organization\",\"@id\":\"https:\/\/www.mpppst.gob.ve\/mpppstweb\/#organization\",\"name\":\"mpppst\",\"url\":\"https:\/\/www.mpppst.gob.ve\/mpppstweb\/\",\"logo\":{\"@type\":\"ImageObject\",\"inLanguage\":\"es\",\"@id\":\"https:\/\/www.mpppst.gob.ve\/mpppstweb\/#\/schema\/logo\/image\/\",\"url\":\"https:\/\/www.mpppst.gob.ve\/mpppstweb\/wp-content\/uploads\/2025\/07\/cropped-cropped-g910.png\",\"contentUrl\":\"https:\/\/www.mpppst.gob.ve\/mpppstweb\/wp-content\/uploads\/2025\/07\/cropped-cropped-g910.png\",\"width\":1080,\"height\":241,\"caption\":\"mpppst\"},\"image\":{\"@id\":\"https:\/\/www.mpppst.gob.ve\/mpppstweb\/#\/schema\/logo\/image\/\"}},{\"@type\":\"Person\",\"@id\":\"https:\/\/www.mpppst.gob.ve\/mpppstweb\/#\/schema\/person\/fc187ee8ead412bd4c9304b62f900ea4\",\"name\":\"MPPPST Prensa\",\"url\":\"https:\/\/www.mpppst.gob.ve\/mpppstweb\/index.php\/author\/prensa-mpppst\/\"}]}<\/script>\n<!-- \/ Yoast SEO plugin. -->","yoast_head_json":{"title":"Presidente Nicol\u00e1s Maduro recibe cartas credenciales de embajador de Suiza - MPPPST","robots":{"index":"index","follow":"follow","max-snippet":"max-snippet:-1","max-image-preview":"max-image-preview:large","max-video-preview":"max-video-preview:-1"},"canonical":"https:\/\/www.mpppst.gob.ve\/mpppstweb\/index.php\/2020\/10\/07\/presidente-nicolas-maduro-recibe-cartas-credenciales-de-embajador-de-suiza\/","og_locale":"es_ES","og_type":"article","og_title":"Presidente Nicol\u00e1s Maduro recibe cartas credenciales de embajador de Suiza - MPPPST","og_description":"Este martes, el presidente constitucional de la Rep\u00fablica Bolivariana de Venezuela,&nbsp;Nicol\u00e1s Maduro Moros,&nbsp;recibi\u00f3 las Cartas Credenciales &hellip; Presidente Nicol\u00e1s Maduro recibe cartas credenciales de embajador de SuizaRead more","og_url":"https:\/\/www.mpppst.gob.ve\/mpppstweb\/index.php\/2020\/10\/07\/presidente-nicolas-maduro-recibe-cartas-credenciales-de-embajador-de-suiza\/","og_site_name":"MPPPST","article_published_time":"2020-10-07T13:57:56+00:00","article_modified_time":"2020-10-07T13:57:57+00:00","og_image":[{"width":768,"height":427,"url":"https:\/\/www.mpppst.gob.ve\/mpppstweb\/wp-content\/uploads\/2020\/10\/WhatsApp-Image-2020-10-06-at-7.08.51-PM-768x427-1.jpeg","type":"image\/jpeg"}],"author":"MPPPST Prensa","twitter_card":"summary_large_image","twitter_misc":{"Escrito por":"MPPPST Prensa","Tiempo de lectura":"1 minuto"},"schema":{"@context":"https:\/\/schema.org","@graph":[{"@type":"Article","@id":"https:\/\/www.mpppst.gob.ve\/mpppstweb\/index.php\/2020\/10\/07\/presidente-nicolas-maduro-recibe-cartas-credenciales-de-embajador-de-suiza\/#article","isPartOf":{"@id":"https:\/\/www.mpppst.gob.ve\/mpppstweb\/index.php\/2020\/10\/07\/presidente-nicolas-maduro-recibe-cartas-credenciales-de-embajador-de-suiza\/"},"author":{"name":"MPPPST Prensa","@id":"https:\/\/www.mpppst.gob.ve\/mpppstweb\/#\/schema\/person\/fc187ee8ead412bd4c9304b62f900ea4"},"headline":"Presidente Nicol\u00e1s Maduro recibe cartas credenciales de embajador de Suiza","datePublished":"2020-10-07T13:57:56+00:00","dateModified":"2020-10-07T13:57:57+00:00","mainEntityOfPage":{"@id":"https:\/\/www.mpppst.gob.ve\/mpppstweb\/index.php\/2020\/10\/07\/presidente-nicolas-maduro-recibe-cartas-credenciales-de-embajador-de-suiza\/"},"wordCount":209,"publisher":{"@id":"https:\/\/www.mpppst.gob.ve\/mpppstweb\/#organization"},"image":{"@id":"https:\/\/www.mpppst.gob.ve\/mpppstweb\/index.php\/2020\/10\/07\/presidente-nicolas-maduro-recibe-cartas-credenciales-de-embajador-de-suiza\/#primaryimage"},"thumbnailUrl":"https:\/\/www.mpppst.gob.ve\/mpppstweb\/wp-content\/uploads\/2020\/10\/WhatsApp-Image-2020-10-06-at-7.08.51-PM-768x427-1.jpeg","articleSection":["Gobierno Nacional","Noticias"],"inLanguage":"es"},{"@type":"WebPage","@id":"https:\/\/www.mpppst.gob.ve\/mpppstweb\/index.php\/2020\/10\/07\/presidente-nicolas-maduro-recibe-cartas-credenciales-de-embajador-de-suiza\/","url":"https:\/\/www.mpppst.gob.ve\/mpppstweb\/index.php\/2020\/10\/07\/presidente-nicolas-maduro-recibe-cartas-credenciales-de-embajador-de-suiza\/","name":"Presidente Nicol\u00e1s Maduro recibe cartas credenciales de embajador de Suiza - MPPPST","isPartOf":{"@id":"https:\/\/www.mpppst.gob.ve\/mpppstweb\/#website"},"primaryImageOfPage":{"@id":"https:\/\/www.mpppst.gob.ve\/mpppstweb\/index.php\/2020\/10\/07\/presidente-nicolas-maduro-recibe-cartas-credenciales-de-embajador-de-suiza\/#primaryimage"},"image":{"@id":"https:\/\/www.mpppst.gob.ve\/mpppstweb\/index.php\/2020\/10\/07\/presidente-nicolas-maduro-recibe-cartas-credenciales-de-embajador-de-suiza\/#primaryimage"},"thumbnailUrl":"https:\/\/www.mpppst.gob.ve\/mpppstweb\/wp-content\/uploads\/2020\/10\/WhatsApp-Image-2020-10-06-at-7.08.51-PM-768x427-1.jpeg","datePublished":"2020-10-07T13:57:56+00:00","dateModified":"2020-10-07T13:57:57+00:00","breadcrumb":{"@id":"https:\/\/www.mpppst.gob.ve\/mpppstweb\/index.php\/2020\/10\/07\/presidente-nicolas-maduro-recibe-cartas-credenciales-de-embajador-de-suiza\/#breadcrumb"},"inLanguage":"es","potentialAction":[{"@type":"ReadAction","target":["https:\/\/www.mpppst.gob.ve\/mpppstweb\/index.php\/2020\/10\/07\/presidente-nicolas-maduro-recibe-cartas-credenciales-de-embajador-de-suiza\/"]}]},{"@type":"ImageObject","inLanguage":"es","@id":"https:\/\/www.mpppst.gob.ve\/mpppstweb\/index.php\/2020\/10\/07\/presidente-nicolas-maduro-recibe-cartas-credenciales-de-embajador-de-suiza\/#primaryimage","url":"https:\/\/www.mpppst.gob.ve\/mpppstweb\/wp-content\/uploads\/2020\/10\/WhatsApp-Image-2020-10-06-at-7.08.51-PM-768x427-1.jpeg","contentUrl":"https:\/\/www.mpppst.gob.ve\/mpppstweb\/wp-content\/uploads\/2020\/10\/WhatsApp-Image-2020-10-06-at-7.08.51-PM-768x427-1.jpeg","width":768,"height":427},{"@type":"BreadcrumbList","@id":"https:\/\/www.mpppst.gob.ve\/mpppstweb\/index.php\/2020\/10\/07\/presidente-nicolas-maduro-recibe-cartas-credenciales-de-embajador-de-suiza\/#breadcrumb","itemListElement":[{"@type":"ListItem","position":1,"name":"Home","item":"https:\/\/www.mpppst.gob.ve\/mpppstweb\/"},{"@type":"ListItem","position":2,"name":"Presidente Nicol\u00e1s Maduro recibe cartas credenciales de embajador de Suiza"}]},{"@type":"WebSite","@id":"https:\/\/www.mpppst.gob.ve\/mpppstweb\/#website","url":"https:\/\/www.mpppst.gob.ve\/mpppstweb\/","name":"MPPPST","description":"Ministerio del Poder Popular para el Proceso Social de Trabajo","publisher":{"@id":"https:\/\/www.mpppst.gob.ve\/mpppstweb\/#organization"},"potentialAction":[{"@type":"SearchAction","target":{"@type":"EntryPoint","urlTemplate":"https:\/\/www.mpppst.gob.ve\/mpppstweb\/?s={search_term_string}"},"query-input":"required name=search_term_string"}],"inLanguage":"es"},{"@type":"Organization","@id":"https:\/\/www.mpppst.gob.ve\/mpppstweb\/#organization","name":"mpppst","url":"https:\/\/www.mpppst.gob.ve\/mpppstweb\/","logo":{"@type":"ImageObject","inLanguage":"es","@id":"https:\/\/www.mpppst.gob.ve\/mpppstweb\/#\/schema\/logo\/image\/","url":"https:\/\/www.mpppst.gob.ve\/mpppstweb\/wp-content\/uploads\/2025\/07\/cropped-cropped-g910.png","contentUrl":"https:\/\/www.mpppst.gob.ve\/mpppstweb\/wp-content\/uploads\/2025\/07\/cropped-cropped-g910.png","width":1080,"height":241,"caption":"mpppst"},"image":{"@id":"https:\/\/www.mpppst.gob.ve\/mpppstweb\/#\/schema\/logo\/image\/"}},{"@type":"Person","@id":"https:\/\/www.mpppst.gob.ve\/mpppstweb\/#\/schema\/person\/fc187ee8ead412bd4c9304b62f900ea4","name":"MPPPST Prensa","url":"https:\/\/www.mpppst.gob.ve\/mpppstweb\/index.php\/author\/prensa-mpppst\/"}]}},"_links":{"self":[{"href":"https:\/\/www.mpppst.gob.ve\/mpppstweb\/index.php\/wp-json\/wp\/v2\/posts\/20170"}],"collection":[{"href":"https:\/\/www.mpppst.gob.ve\/mpppstweb\/index.php\/wp-json\/wp\/v2\/posts"}],"about":[{"href":"https:\/\/www.mpppst.gob.ve\/mpppstweb\/index.php\/wp-json\/wp\/v2\/types\/post"}],"author":[{"embeddable":true,"href":"https:\/\/www.mpppst.gob.ve\/mpppstweb\/index.php\/wp-json\/wp\/v2\/users\/25"}],"replies":[{"embeddable":true,"href":"https:\/\/www.mpppst.gob.ve\/mpppstweb\/index.php\/wp-json\/wp\/v2\/comments?post=20170"}],"version-history":[{"count":1,"href":"https:\/\/www.mpppst.gob.ve\/mpppstweb\/index.php\/wp-json\/wp\/v2\/posts\/20170\/revisions"}],"predecessor-version":[{"id":20172,"href":"https:\/\/www.mpppst.gob.ve\/mpppstweb\/index.php\/wp-json\/wp\/v2\/posts\/20170\/revisions\/20172"}],"wp:featuredmedia":[{"embeddable":true,"href":"https:\/\/www.mpppst.gob.ve\/mpppstweb\/index.php\/wp-json\/wp\/v2\/media\/20171"}],"wp:attachment":[{"href":"https:\/\/www.mpppst.gob.ve\/mpppstweb\/index.php\/wp-json\/wp\/v2\/media?parent=20170"}],"wp:term":[{"taxonomy":"category","embeddable":true,"href":"https:\/\/www.mpppst.gob.ve\/mpppstweb\/index.php\/wp-json\/wp\/v2\/categories?post=20170"},{"taxonomy":"post_tag","embeddable":true,"href":"https:\/\/www.mpppst.gob.ve\/mpppstweb\/index.php\/wp-json\/wp\/v2\/tags?post=20170"}],"curies":[{"name":"wp","href":"https:\/\/api.w.org\/{rel}","templated":true}]}}