{"id":20176,"date":"2020-10-07T10:19:20","date_gmt":"2020-10-07T14:19:20","guid":{"rendered":"http:\/\/www.mpppst.gob.ve\/mpppstweb\/?p=20176"},"modified":"2020-10-07T10:19:21","modified_gmt":"2020-10-07T14:19:21","slug":"en-tres-sencillos-pasos-dias-pymes-se-registran-para-apalancar-la-economia-en-tiempos-de-pandemia","status":"publish","type":"post","link":"https:\/\/www.mpppst.gob.ve\/mpppstweb\/index.php\/2020\/10\/07\/en-tres-sencillos-pasos-dias-pymes-se-registran-para-apalancar-la-economia-en-tiempos-de-pandemia\/","title":{"rendered":"En tres sencillos pasos\/d\u00edas PYMES se registran para apalancar la econom\u00eda en tiempos de pandemia"},"content":{"rendered":"\n<p>El&nbsp;<strong>Ministerio de Comercio Nacional,&nbsp;<\/strong>conjuntamente con el&nbsp;<strong>Servicio Aut\u00f3nomo de Registros y Notarias<\/strong>&nbsp;(Saren), han registrado a la fecha un total de 1.044 peque\u00f1as y medianas empresas como parte del impulso a este sector para el apalancamiento de la econom\u00eda nacional.<\/p>\n\n\n\n<p>As\u00ed lo inform\u00f3 la ministra de la cartera de Comercio Nacional,&nbsp;<strong>Eneida Laya,&nbsp;<\/strong>durante un contacto telef\u00f3nico con el programa Al Aire que transmite Venezolana de Televisi\u00f3n (VTV).<\/p>\n\n\n\n<p>Record\u00f3 que por instrucciones del presidente de la Rep\u00fablica Bolivariana de Venezuela,&nbsp;<strong>Nicol\u00e1s Maduro<\/strong>, el proceso de Registro Mercantil de las PYMES es totalmente gratuito, hasta tres meses una vez que finalice la pandemia, y, se decidi\u00f3 simplificar los tr\u00e1mites en tres pasos\/d\u00edas para impulsar sobre todo al sector productivo.<\/p>\n\n\n\n<p>Laya detall\u00f3 que los tres pasos son los siguientes:<\/p>\n\n\n\n<p>1. Se Solicita y se reserva el nombre<br>2. Se consignan los documentos y acuerdo del d\u00eda de la firma.<br>3. Se firma del documento.<\/p>\n\n\n\n<p>\u201cEste es parte de los beneficios a los nuevos emprendimientos que contribuyan a apalancar la econom\u00eda nacional\u201d, enfatiz\u00f3.<\/p>\n\n\n\n<p>Asimismo, inform\u00f3 que se realiza un acompa\u00f1amiento integral a las PYMES para que se bancaricen y puedan acceder a cr\u00e9ditos en la banca p\u00fablica y privada.<\/p>\n\n\n\n<p>Precis\u00f3 que a trav\u00e9s del Banco del Tesoro se han otorgado m\u00e1s de 18.000.000.000 de bol\u00edvares en cr\u00e9ditos a emprendedores.<\/p>\n\n\n\n<p>Tambi\u00e9n indic\u00f3 que estas peque\u00f1as y medianas empresas productoras tienen asegurado la colocaci\u00f3n de sus productos a trav\u00e9s del Plan de Compras Nacionales como parte del proceso de procura.<\/p>\n\n\n\n<p>Laya insisti\u00f3 en la necesidad de que los peque\u00f1os y medianos empresarios se sumen a esta iniciativa que busca potenciar el aparato productivo nacional.<\/p>\n","protected":false},"excerpt":{"rendered":"<p>El&nbsp;Ministerio de Comercio Nacional,&nbsp;conjuntamente con el&nbsp;Servicio Aut\u00f3nomo de Registros y Notarias&nbsp;(Saren), han registrado a la fecha &hellip; <a title=\"En tres sencillos pasos\/d\u00edas PYMES se registran para apalancar la econom\u00eda en tiempos de pandemia\" class=\"hm-read-more\" href=\"https:\/\/www.mpppst.gob.ve\/mpppstweb\/index.php\/2020\/10\/07\/en-tres-sencillos-pasos-dias-pymes-se-registran-para-apalancar-la-economia-en-tiempos-de-pandemia\/\"><span class=\"screen-reader-text\">En tres sencillos pasos\/d\u00edas PYMES se registran para apalancar la econom\u00eda en tiempos de pandemia<\/span>Read more<\/a><\/p>\n","protected":false},"author":25,"featured_media":20177,"comment_status":"closed","ping_status":"closed","sticky":false,"template":"","format":"standard","meta":{"footnotes":""},"categories":[82,163],"tags":[],"yoast_head":"<!-- This site is optimized with the Yoast SEO plugin v22.5 - https:\/\/yoast.com\/wordpress\/plugins\/seo\/ -->\n<title>En tres sencillos pasos\/d\u00edas PYMES se registran para apalancar la econom\u00eda en tiempos de pandemia - MPPPST<\/title>\n<meta name=\"robots\" content=\"index, follow, max-snippet:-1, max-image-preview:large, max-video-preview:-1\" \/>\n<link rel=\"canonical\" href=\"https:\/\/www.mpppst.gob.ve\/mpppstweb\/index.php\/2020\/10\/07\/en-tres-sencillos-pasos-dias-pymes-se-registran-para-apalancar-la-economia-en-tiempos-de-pandemia\/\" \/>\n<meta property=\"og:locale\" content=\"es_ES\" \/>\n<meta property=\"og:type\" content=\"article\" \/>\n<meta property=\"og:title\" content=\"En tres sencillos pasos\/d\u00edas PYMES se registran para apalancar la econom\u00eda en tiempos de pandemia - MPPPST\" \/>\n<meta property=\"og:description\" content=\"El&nbsp;Ministerio de Comercio Nacional,&nbsp;conjuntamente con el&nbsp;Servicio Aut\u00f3nomo de Registros y Notarias&nbsp;(Saren), han registrado a la fecha &hellip; En tres sencillos pasos\/d\u00edas PYMES se registran para apalancar la econom\u00eda en tiempos de pandemiaRead more\" \/>\n<meta property=\"og:url\" content=\"https:\/\/www.mpppst.gob.ve\/mpppstweb\/index.php\/2020\/10\/07\/en-tres-sencillos-pasos-dias-pymes-se-registran-para-apalancar-la-economia-en-tiempos-de-pandemia\/\" \/>\n<meta property=\"og:site_name\" content=\"MPPPST\" \/>\n<meta property=\"article:published_time\" content=\"2020-10-07T14:19:20+00:00\" \/>\n<meta property=\"article:modified_time\" content=\"2020-10-07T14:19:21+00:00\" \/>\n<meta property=\"og:image\" content=\"https:\/\/www.mpppst.gob.ve\/mpppstweb\/wp-content\/uploads\/2020\/10\/MinComercio-768x427-1.jpg\" \/>\n\t<meta property=\"og:image:width\" content=\"768\" \/>\n\t<meta property=\"og:image:height\" content=\"427\" \/>\n\t<meta property=\"og:image:type\" content=\"image\/jpeg\" \/>\n<meta name=\"author\" content=\"MPPPST Prensa\" \/>\n<meta name=\"twitter:card\" content=\"summary_large_image\" \/>\n<meta name=\"twitter:label1\" content=\"Escrito por\" \/>\n\t<meta name=\"twitter:data1\" content=\"MPPPST Prensa\" \/>\n\t<meta name=\"twitter:label2\" content=\"Tiempo de lectura\" \/>\n\t<meta name=\"twitter:data2\" content=\"1 minuto\" \/>\n<script type=\"application\/ld+json\" class=\"yoast-schema-graph\">{\"@context\":\"https:\/\/schema.org\",\"@graph\":[{\"@type\":\"Article\",\"@id\":\"https:\/\/www.mpppst.gob.ve\/mpppstweb\/index.php\/2020\/10\/07\/en-tres-sencillos-pasos-dias-pymes-se-registran-para-apalancar-la-economia-en-tiempos-de-pandemia\/#article\",\"isPartOf\":{\"@id\":\"https:\/\/www.mpppst.gob.ve\/mpppstweb\/index.php\/2020\/10\/07\/en-tres-sencillos-pasos-dias-pymes-se-registran-para-apalancar-la-economia-en-tiempos-de-pandemia\/\"},\"author\":{\"name\":\"MPPPST Prensa\",\"@id\":\"https:\/\/www.mpppst.gob.ve\/mpppstweb\/#\/schema\/person\/fc187ee8ead412bd4c9304b62f900ea4\"},\"headline\":\"En tres sencillos pasos\/d\u00edas PYMES se registran para apalancar la econom\u00eda en tiempos de pandemia\",\"datePublished\":\"2020-10-07T14:19:20+00:00\",\"dateModified\":\"2020-10-07T14:19:21+00:00\",\"mainEntityOfPage\":{\"@id\":\"https:\/\/www.mpppst.gob.ve\/mpppstweb\/index.php\/2020\/10\/07\/en-tres-sencillos-pasos-dias-pymes-se-registran-para-apalancar-la-economia-en-tiempos-de-pandemia\/\"},\"wordCount\":315,\"publisher\":{\"@id\":\"https:\/\/www.mpppst.gob.ve\/mpppstweb\/#organization\"},\"image\":{\"@id\":\"https:\/\/www.mpppst.gob.ve\/mpppstweb\/index.php\/2020\/10\/07\/en-tres-sencillos-pasos-dias-pymes-se-registran-para-apalancar-la-economia-en-tiempos-de-pandemia\/#primaryimage\"},\"thumbnailUrl\":\"https:\/\/www.mpppst.gob.ve\/mpppstweb\/wp-content\/uploads\/2020\/10\/MinComercio-768x427-1.jpg\",\"articleSection\":[\"Gobierno Nacional\",\"Noticias\"],\"inLanguage\":\"es\"},{\"@type\":\"WebPage\",\"@id\":\"https:\/\/www.mpppst.gob.ve\/mpppstweb\/index.php\/2020\/10\/07\/en-tres-sencillos-pasos-dias-pymes-se-registran-para-apalancar-la-economia-en-tiempos-de-pandemia\/\",\"url\":\"https:\/\/www.mpppst.gob.ve\/mpppstweb\/index.php\/2020\/10\/07\/en-tres-sencillos-pasos-dias-pymes-se-registran-para-apalancar-la-economia-en-tiempos-de-pandemia\/\",\"name\":\"En tres sencillos pasos\/d\u00edas PYMES se registran para apalancar la econom\u00eda en tiempos de pandemia - MPPPST\",\"isPartOf\":{\"@id\":\"https:\/\/www.mpppst.gob.ve\/mpppstweb\/#website\"},\"primaryImageOfPage\":{\"@id\":\"https:\/\/www.mpppst.gob.ve\/mpppstweb\/index.php\/2020\/10\/07\/en-tres-sencillos-pasos-dias-pymes-se-registran-para-apalancar-la-economia-en-tiempos-de-pandemia\/#primaryimage\"},\"image\":{\"@id\":\"https:\/\/www.mpppst.gob.ve\/mpppstweb\/index.php\/2020\/10\/07\/en-tres-sencillos-pasos-dias-pymes-se-registran-para-apalancar-la-economia-en-tiempos-de-pandemia\/#primaryimage\"},\"thumbnailUrl\":\"https:\/\/www.mpppst.gob.ve\/mpppstweb\/wp-content\/uploads\/2020\/10\/MinComercio-768x427-1.jpg\",\"datePublished\":\"2020-10-07T14:19:20+00:00\",\"dateModified\":\"2020-10-07T14:19:21+00:00\",\"breadcrumb\":{\"@id\":\"https:\/\/www.mpppst.gob.ve\/mpppstweb\/index.php\/2020\/10\/07\/en-tres-sencillos-pasos-dias-pymes-se-registran-para-apalancar-la-economia-en-tiempos-de-pandemia\/#breadcrumb\"},\"inLanguage\":\"es\",\"potentialAction\":[{\"@type\":\"ReadAction\",\"target\":[\"https:\/\/www.mpppst.gob.ve\/mpppstweb\/index.php\/2020\/10\/07\/en-tres-sencillos-pasos-dias-pymes-se-registran-para-apalancar-la-economia-en-tiempos-de-pandemia\/\"]}]},{\"@type\":\"ImageObject\",\"inLanguage\":\"es\",\"@id\":\"https:\/\/www.mpppst.gob.ve\/mpppstweb\/index.php\/2020\/10\/07\/en-tres-sencillos-pasos-dias-pymes-se-registran-para-apalancar-la-economia-en-tiempos-de-pandemia\/#primaryimage\",\"url\":\"https:\/\/www.mpppst.gob.ve\/mpppstweb\/wp-content\/uploads\/2020\/10\/MinComercio-768x427-1.jpg\",\"contentUrl\":\"https:\/\/www.mpppst.gob.ve\/mpppstweb\/wp-content\/uploads\/2020\/10\/MinComercio-768x427-1.jpg\",\"width\":768,\"height\":427},{\"@type\":\"BreadcrumbList\",\"@id\":\"https:\/\/www.mpppst.gob.ve\/mpppstweb\/index.php\/2020\/10\/07\/en-tres-sencillos-pasos-dias-pymes-se-registran-para-apalancar-la-economia-en-tiempos-de-pandemia\/#breadcrumb\",\"itemListElement\":[{\"@type\":\"ListItem\",\"position\":1,\"name\":\"Home\",\"item\":\"https:\/\/www.mpppst.gob.ve\/mpppstweb\/\"},{\"@type\":\"ListItem\",\"position\":2,\"name\":\"En tres sencillos pasos\/d\u00edas PYMES se registran para apalancar la econom\u00eda en tiempos de pandemia\"}]},{\"@type\":\"WebSite\",\"@id\":\"https:\/\/www.mpppst.gob.ve\/mpppstweb\/#website\",\"url\":\"https:\/\/www.mpppst.gob.ve\/mpppstweb\/\",\"name\":\"MPPPST\",\"description\":\"Ministerio del Poder Popular para el Proceso Social de Trabajo\",\"publisher\":{\"@id\":\"https:\/\/www.mpppst.gob.ve\/mpppstweb\/#organization\"},\"potentialAction\":[{\"@type\":\"SearchAction\",\"target\":{\"@type\":\"EntryPoint\",\"urlTemplate\":\"https:\/\/www.mpppst.gob.ve\/mpppstweb\/?s={search_term_string}\"},\"query-input\":\"required name=search_term_string\"}],\"inLanguage\":\"es\"},{\"@type\":\"Organization\",\"@id\":\"https:\/\/www.mpppst.gob.ve\/mpppstweb\/#organization\",\"name\":\"mpppst\",\"url\":\"https:\/\/www.mpppst.gob.ve\/mpppstweb\/\",\"logo\":{\"@type\":\"ImageObject\",\"inLanguage\":\"es\",\"@id\":\"https:\/\/www.mpppst.gob.ve\/mpppstweb\/#\/schema\/logo\/image\/\",\"url\":\"https:\/\/www.mpppst.gob.ve\/mpppstweb\/wp-content\/uploads\/2025\/07\/cropped-cropped-g910.png\",\"contentUrl\":\"https:\/\/www.mpppst.gob.ve\/mpppstweb\/wp-content\/uploads\/2025\/07\/cropped-cropped-g910.png\",\"width\":1080,\"height\":241,\"caption\":\"mpppst\"},\"image\":{\"@id\":\"https:\/\/www.mpppst.gob.ve\/mpppstweb\/#\/schema\/logo\/image\/\"}},{\"@type\":\"Person\",\"@id\":\"https:\/\/www.mpppst.gob.ve\/mpppstweb\/#\/schema\/person\/fc187ee8ead412bd4c9304b62f900ea4\",\"name\":\"MPPPST Prensa\",\"url\":\"https:\/\/www.mpppst.gob.ve\/mpppstweb\/index.php\/author\/prensa-mpppst\/\"}]}<\/script>\n<!-- \/ Yoast SEO plugin. -->","yoast_head_json":{"title":"En tres sencillos pasos\/d\u00edas PYMES se registran para apalancar la econom\u00eda en tiempos de pandemia - MPPPST","robots":{"index":"index","follow":"follow","max-snippet":"max-snippet:-1","max-image-preview":"max-image-preview:large","max-video-preview":"max-video-preview:-1"},"canonical":"https:\/\/www.mpppst.gob.ve\/mpppstweb\/index.php\/2020\/10\/07\/en-tres-sencillos-pasos-dias-pymes-se-registran-para-apalancar-la-economia-en-tiempos-de-pandemia\/","og_locale":"es_ES","og_type":"article","og_title":"En tres sencillos pasos\/d\u00edas PYMES se registran para apalancar la econom\u00eda en tiempos de pandemia - MPPPST","og_description":"El&nbsp;Ministerio de Comercio Nacional,&nbsp;conjuntamente con el&nbsp;Servicio Aut\u00f3nomo de Registros y Notarias&nbsp;(Saren), han registrado a la fecha &hellip; En tres sencillos pasos\/d\u00edas PYMES se registran para apalancar la econom\u00eda en tiempos de pandemiaRead more","og_url":"https:\/\/www.mpppst.gob.ve\/mpppstweb\/index.php\/2020\/10\/07\/en-tres-sencillos-pasos-dias-pymes-se-registran-para-apalancar-la-economia-en-tiempos-de-pandemia\/","og_site_name":"MPPPST","article_published_time":"2020-10-07T14:19:20+00:00","article_modified_time":"2020-10-07T14:19:21+00:00","og_image":[{"width":768,"height":427,"url":"https:\/\/www.mpppst.gob.ve\/mpppstweb\/wp-content\/uploads\/2020\/10\/MinComercio-768x427-1.jpg","type":"image\/jpeg"}],"author":"MPPPST Prensa","twitter_card":"summary_large_image","twitter_misc":{"Escrito por":"MPPPST Prensa","Tiempo de lectura":"1 minuto"},"schema":{"@context":"https:\/\/schema.org","@graph":[{"@type":"Article","@id":"https:\/\/www.mpppst.gob.ve\/mpppstweb\/index.php\/2020\/10\/07\/en-tres-sencillos-pasos-dias-pymes-se-registran-para-apalancar-la-economia-en-tiempos-de-pandemia\/#article","isPartOf":{"@id":"https:\/\/www.mpppst.gob.ve\/mpppstweb\/index.php\/2020\/10\/07\/en-tres-sencillos-pasos-dias-pymes-se-registran-para-apalancar-la-economia-en-tiempos-de-pandemia\/"},"author":{"name":"MPPPST Prensa","@id":"https:\/\/www.mpppst.gob.ve\/mpppstweb\/#\/schema\/person\/fc187ee8ead412bd4c9304b62f900ea4"},"headline":"En tres sencillos pasos\/d\u00edas PYMES se registran para apalancar la econom\u00eda en tiempos de pandemia","datePublished":"2020-10-07T14:19:20+00:00","dateModified":"2020-10-07T14:19:21+00:00","mainEntityOfPage":{"@id":"https:\/\/www.mpppst.gob.ve\/mpppstweb\/index.php\/2020\/10\/07\/en-tres-sencillos-pasos-dias-pymes-se-registran-para-apalancar-la-economia-en-tiempos-de-pandemia\/"},"wordCount":315,"publisher":{"@id":"https:\/\/www.mpppst.gob.ve\/mpppstweb\/#organization"},"image":{"@id":"https:\/\/www.mpppst.gob.ve\/mpppstweb\/index.php\/2020\/10\/07\/en-tres-sencillos-pasos-dias-pymes-se-registran-para-apalancar-la-economia-en-tiempos-de-pandemia\/#primaryimage"},"thumbnailUrl":"https:\/\/www.mpppst.gob.ve\/mpppstweb\/wp-content\/uploads\/2020\/10\/MinComercio-768x427-1.jpg","articleSection":["Gobierno Nacional","Noticias"],"inLanguage":"es"},{"@type":"WebPage","@id":"https:\/\/www.mpppst.gob.ve\/mpppstweb\/index.php\/2020\/10\/07\/en-tres-sencillos-pasos-dias-pymes-se-registran-para-apalancar-la-economia-en-tiempos-de-pandemia\/","url":"https:\/\/www.mpppst.gob.ve\/mpppstweb\/index.php\/2020\/10\/07\/en-tres-sencillos-pasos-dias-pymes-se-registran-para-apalancar-la-economia-en-tiempos-de-pandemia\/","name":"En tres sencillos pasos\/d\u00edas PYMES se registran para apalancar la econom\u00eda en tiempos de pandemia - MPPPST","isPartOf":{"@id":"https:\/\/www.mpppst.gob.ve\/mpppstweb\/#website"},"primaryImageOfPage":{"@id":"https:\/\/www.mpppst.gob.ve\/mpppstweb\/index.php\/2020\/10\/07\/en-tres-sencillos-pasos-dias-pymes-se-registran-para-apalancar-la-economia-en-tiempos-de-pandemia\/#primaryimage"},"image":{"@id":"https:\/\/www.mpppst.gob.ve\/mpppstweb\/index.php\/2020\/10\/07\/en-tres-sencillos-pasos-dias-pymes-se-registran-para-apalancar-la-economia-en-tiempos-de-pandemia\/#primaryimage"},"thumbnailUrl":"https:\/\/www.mpppst.gob.ve\/mpppstweb\/wp-content\/uploads\/2020\/10\/MinComercio-768x427-1.jpg","datePublished":"2020-10-07T14:19:20+00:00","dateModified":"2020-10-07T14:19:21+00:00","breadcrumb":{"@id":"https:\/\/www.mpppst.gob.ve\/mpppstweb\/index.php\/2020\/10\/07\/en-tres-sencillos-pasos-dias-pymes-se-registran-para-apalancar-la-economia-en-tiempos-de-pandemia\/#breadcrumb"},"inLanguage":"es","potentialAction":[{"@type":"ReadAction","target":["https:\/\/www.mpppst.gob.ve\/mpppstweb\/index.php\/2020\/10\/07\/en-tres-sencillos-pasos-dias-pymes-se-registran-para-apalancar-la-economia-en-tiempos-de-pandemia\/"]}]},{"@type":"ImageObject","inLanguage":"es","@id":"https:\/\/www.mpppst.gob.ve\/mpppstweb\/index.php\/2020\/10\/07\/en-tres-sencillos-pasos-dias-pymes-se-registran-para-apalancar-la-economia-en-tiempos-de-pandemia\/#primaryimage","url":"https:\/\/www.mpppst.gob.ve\/mpppstweb\/wp-content\/uploads\/2020\/10\/MinComercio-768x427-1.jpg","contentUrl":"https:\/\/www.mpppst.gob.ve\/mpppstweb\/wp-content\/uploads\/2020\/10\/MinComercio-768x427-1.jpg","width":768,"height":427},{"@type":"BreadcrumbList","@id":"https:\/\/www.mpppst.gob.ve\/mpppstweb\/index.php\/2020\/10\/07\/en-tres-sencillos-pasos-dias-pymes-se-registran-para-apalancar-la-economia-en-tiempos-de-pandemia\/#breadcrumb","itemListElement":[{"@type":"ListItem","position":1,"name":"Home","item":"https:\/\/www.mpppst.gob.ve\/mpppstweb\/"},{"@type":"ListItem","position":2,"name":"En tres sencillos pasos\/d\u00edas PYMES se registran para apalancar la econom\u00eda en tiempos de pandemia"}]},{"@type":"WebSite","@id":"https:\/\/www.mpppst.gob.ve\/mpppstweb\/#website","url":"https:\/\/www.mpppst.gob.ve\/mpppstweb\/","name":"MPPPST","description":"Ministerio del Poder Popular para el Proceso Social de Trabajo","publisher":{"@id":"https:\/\/www.mpppst.gob.ve\/mpppstweb\/#organization"},"potentialAction":[{"@type":"SearchAction","target":{"@type":"EntryPoint","urlTemplate":"https:\/\/www.mpppst.gob.ve\/mpppstweb\/?s={search_term_string}"},"query-input":"required name=search_term_string"}],"inLanguage":"es"},{"@type":"Organization","@id":"https:\/\/www.mpppst.gob.ve\/mpppstweb\/#organization","name":"mpppst","url":"https:\/\/www.mpppst.gob.ve\/mpppstweb\/","logo":{"@type":"ImageObject","inLanguage":"es","@id":"https:\/\/www.mpppst.gob.ve\/mpppstweb\/#\/schema\/logo\/image\/","url":"https:\/\/www.mpppst.gob.ve\/mpppstweb\/wp-content\/uploads\/2025\/07\/cropped-cropped-g910.png","contentUrl":"https:\/\/www.mpppst.gob.ve\/mpppstweb\/wp-content\/uploads\/2025\/07\/cropped-cropped-g910.png","width":1080,"height":241,"caption":"mpppst"},"image":{"@id":"https:\/\/www.mpppst.gob.ve\/mpppstweb\/#\/schema\/logo\/image\/"}},{"@type":"Person","@id":"https:\/\/www.mpppst.gob.ve\/mpppstweb\/#\/schema\/person\/fc187ee8ead412bd4c9304b62f900ea4","name":"MPPPST Prensa","url":"https:\/\/www.mpppst.gob.ve\/mpppstweb\/index.php\/author\/prensa-mpppst\/"}]}},"_links":{"self":[{"href":"https:\/\/www.mpppst.gob.ve\/mpppstweb\/index.php\/wp-json\/wp\/v2\/posts\/20176"}],"collection":[{"href":"https:\/\/www.mpppst.gob.ve\/mpppstweb\/index.php\/wp-json\/wp\/v2\/posts"}],"about":[{"href":"https:\/\/www.mpppst.gob.ve\/mpppstweb\/index.php\/wp-json\/wp\/v2\/types\/post"}],"author":[{"embeddable":true,"href":"https:\/\/www.mpppst.gob.ve\/mpppstweb\/index.php\/wp-json\/wp\/v2\/users\/25"}],"replies":[{"embeddable":true,"href":"https:\/\/www.mpppst.gob.ve\/mpppstweb\/index.php\/wp-json\/wp\/v2\/comments?post=20176"}],"version-history":[{"count":1,"href":"https:\/\/www.mpppst.gob.ve\/mpppstweb\/index.php\/wp-json\/wp\/v2\/posts\/20176\/revisions"}],"predecessor-version":[{"id":20178,"href":"https:\/\/www.mpppst.gob.ve\/mpppstweb\/index.php\/wp-json\/wp\/v2\/posts\/20176\/revisions\/20178"}],"wp:featuredmedia":[{"embeddable":true,"href":"https:\/\/www.mpppst.gob.ve\/mpppstweb\/index.php\/wp-json\/wp\/v2\/media\/20177"}],"wp:attachment":[{"href":"https:\/\/www.mpppst.gob.ve\/mpppstweb\/index.php\/wp-json\/wp\/v2\/media?parent=20176"}],"wp:term":[{"taxonomy":"category","embeddable":true,"href":"https:\/\/www.mpppst.gob.ve\/mpppstweb\/index.php\/wp-json\/wp\/v2\/categories?post=20176"},{"taxonomy":"post_tag","embeddable":true,"href":"https:\/\/www.mpppst.gob.ve\/mpppstweb\/index.php\/wp-json\/wp\/v2\/tags?post=20176"}],"curies":[{"name":"wp","href":"https:\/\/api.w.org\/{rel}","templated":true}]}}