{"id":20179,"date":"2020-10-07T10:21:12","date_gmt":"2020-10-07T14:21:12","guid":{"rendered":"http:\/\/www.mpppst.gob.ve\/mpppstweb\/?p=20179"},"modified":"2020-10-07T10:21:12","modified_gmt":"2020-10-07T14:21:12","slug":"congresistas-denuncian-a-ivan-duque-por-presencia-de-tropas-de-ee-uu-en-territorio-neogranadino","status":"publish","type":"post","link":"https:\/\/www.mpppst.gob.ve\/mpppstweb\/index.php\/2020\/10\/07\/congresistas-denuncian-a-ivan-duque-por-presencia-de-tropas-de-ee-uu-en-territorio-neogranadino\/","title":{"rendered":"Congresistas denuncian a Iv\u00e1n Duque por presencia de tropas de EE.UU. en territorio neogranadino"},"content":{"rendered":"\n<p>Varios congresistas de Colombia enviaron un documento a la Comisi\u00f3n de Investigaci\u00f3n y Acusaci\u00f3n de la C\u00e1mara de Representantes, para denunciar al mandatario Iv\u00e1n Duque, por la presencia de tropas de Estados Unidos (EE.UU.) en territorio neogranadino.<\/p>\n\n\n\n<p>De acuerdo con un despacho de Prensa Latina, el documento firmado por varios congresistas, entre ellos el senador Iv\u00e1n Cepeda, argumenta que Duque desobedeci\u00f3 el fallo del tribunal de Cundinamarca sobre los militares extranjeros, por lo que debe ser investigado por no respetar la separaci\u00f3n de poderes.<\/p>\n\n\n\n<p>En julio pasado, el Tribunal Administrativo de Cundinamarca orden\u00f3 que las tropas estadounidenses no pod\u00edan operar en Colombia sin autorizaci\u00f3n del Senado, tal y como lo establece la Constituci\u00f3n, no obstante, las maniobras militares estadounidenses continuaron en el pa\u00eds, sin consultar al Poder Legislativo.<\/p>\n\n\n\n<p>Los congresistas, adem\u00e1s, denunciaron los ejercicios militares conjuntos, realizados en septiembre pasado.<\/p>\n","protected":false},"excerpt":{"rendered":"<p>Varios congresistas de Colombia enviaron un documento a la Comisi\u00f3n de Investigaci\u00f3n y Acusaci\u00f3n de la &hellip; <a title=\"Congresistas denuncian a Iv\u00e1n Duque por presencia de tropas de EE.UU. en territorio neogranadino\" class=\"hm-read-more\" href=\"https:\/\/www.mpppst.gob.ve\/mpppstweb\/index.php\/2020\/10\/07\/congresistas-denuncian-a-ivan-duque-por-presencia-de-tropas-de-ee-uu-en-territorio-neogranadino\/\"><span class=\"screen-reader-text\">Congresistas denuncian a Iv\u00e1n Duque por presencia de tropas de EE.UU. en territorio neogranadino<\/span>Read more<\/a><\/p>\n","protected":false},"author":25,"featured_media":20180,"comment_status":"closed","ping_status":"closed","sticky":false,"template":"","format":"standard","meta":{"footnotes":""},"categories":[82,163],"tags":[],"yoast_head":"<!-- This site is optimized with the Yoast SEO plugin v22.5 - https:\/\/yoast.com\/wordpress\/plugins\/seo\/ -->\n<title>Congresistas denuncian a Iv\u00e1n Duque por presencia de tropas de EE.UU. en territorio neogranadino - MPPPST<\/title>\n<meta name=\"robots\" content=\"index, follow, max-snippet:-1, max-image-preview:large, max-video-preview:-1\" \/>\n<link rel=\"canonical\" href=\"https:\/\/www.mpppst.gob.ve\/mpppstweb\/index.php\/2020\/10\/07\/congresistas-denuncian-a-ivan-duque-por-presencia-de-tropas-de-ee-uu-en-territorio-neogranadino\/\" \/>\n<meta property=\"og:locale\" content=\"es_ES\" \/>\n<meta property=\"og:type\" content=\"article\" \/>\n<meta property=\"og:title\" content=\"Congresistas denuncian a Iv\u00e1n Duque por presencia de tropas de EE.UU. en territorio neogranadino - MPPPST\" \/>\n<meta property=\"og:description\" content=\"Varios congresistas de Colombia enviaron un documento a la Comisi\u00f3n de Investigaci\u00f3n y Acusaci\u00f3n de la &hellip; Congresistas denuncian a Iv\u00e1n Duque por presencia de tropas de EE.UU. en territorio neogranadinoRead more\" \/>\n<meta property=\"og:url\" content=\"https:\/\/www.mpppst.gob.ve\/mpppstweb\/index.php\/2020\/10\/07\/congresistas-denuncian-a-ivan-duque-por-presencia-de-tropas-de-ee-uu-en-territorio-neogranadino\/\" \/>\n<meta property=\"og:site_name\" content=\"MPPPST\" \/>\n<meta property=\"article:published_time\" content=\"2020-10-07T14:21:12+00:00\" \/>\n<meta property=\"og:image\" content=\"https:\/\/www.mpppst.gob.ve\/mpppstweb\/wp-content\/uploads\/2020\/10\/Congresistas-de-Colombia-768x427-1.jpg\" \/>\n\t<meta property=\"og:image:width\" content=\"768\" \/>\n\t<meta property=\"og:image:height\" content=\"427\" \/>\n\t<meta property=\"og:image:type\" content=\"image\/jpeg\" \/>\n<meta name=\"author\" content=\"MPPPST Prensa\" \/>\n<meta name=\"twitter:card\" content=\"summary_large_image\" \/>\n<meta name=\"twitter:label1\" content=\"Escrito por\" \/>\n\t<meta name=\"twitter:data1\" content=\"MPPPST Prensa\" \/>\n\t<meta name=\"twitter:label2\" content=\"Tiempo de lectura\" \/>\n\t<meta name=\"twitter:data2\" content=\"1 minuto\" \/>\n<script type=\"application\/ld+json\" class=\"yoast-schema-graph\">{\"@context\":\"https:\/\/schema.org\",\"@graph\":[{\"@type\":\"Article\",\"@id\":\"https:\/\/www.mpppst.gob.ve\/mpppstweb\/index.php\/2020\/10\/07\/congresistas-denuncian-a-ivan-duque-por-presencia-de-tropas-de-ee-uu-en-territorio-neogranadino\/#article\",\"isPartOf\":{\"@id\":\"https:\/\/www.mpppst.gob.ve\/mpppstweb\/index.php\/2020\/10\/07\/congresistas-denuncian-a-ivan-duque-por-presencia-de-tropas-de-ee-uu-en-territorio-neogranadino\/\"},\"author\":{\"name\":\"MPPPST Prensa\",\"@id\":\"https:\/\/www.mpppst.gob.ve\/mpppstweb\/#\/schema\/person\/fc187ee8ead412bd4c9304b62f900ea4\"},\"headline\":\"Congresistas denuncian a Iv\u00e1n Duque por presencia de tropas de EE.UU. en territorio neogranadino\",\"datePublished\":\"2020-10-07T14:21:12+00:00\",\"dateModified\":\"2020-10-07T14:21:12+00:00\",\"mainEntityOfPage\":{\"@id\":\"https:\/\/www.mpppst.gob.ve\/mpppstweb\/index.php\/2020\/10\/07\/congresistas-denuncian-a-ivan-duque-por-presencia-de-tropas-de-ee-uu-en-territorio-neogranadino\/\"},\"wordCount\":169,\"publisher\":{\"@id\":\"https:\/\/www.mpppst.gob.ve\/mpppstweb\/#organization\"},\"image\":{\"@id\":\"https:\/\/www.mpppst.gob.ve\/mpppstweb\/index.php\/2020\/10\/07\/congresistas-denuncian-a-ivan-duque-por-presencia-de-tropas-de-ee-uu-en-territorio-neogranadino\/#primaryimage\"},\"thumbnailUrl\":\"https:\/\/www.mpppst.gob.ve\/mpppstweb\/wp-content\/uploads\/2020\/10\/Congresistas-de-Colombia-768x427-1.jpg\",\"articleSection\":[\"Gobierno Nacional\",\"Noticias\"],\"inLanguage\":\"es\"},{\"@type\":\"WebPage\",\"@id\":\"https:\/\/www.mpppst.gob.ve\/mpppstweb\/index.php\/2020\/10\/07\/congresistas-denuncian-a-ivan-duque-por-presencia-de-tropas-de-ee-uu-en-territorio-neogranadino\/\",\"url\":\"https:\/\/www.mpppst.gob.ve\/mpppstweb\/index.php\/2020\/10\/07\/congresistas-denuncian-a-ivan-duque-por-presencia-de-tropas-de-ee-uu-en-territorio-neogranadino\/\",\"name\":\"Congresistas denuncian a Iv\u00e1n Duque por presencia de tropas de EE.UU. en territorio neogranadino - MPPPST\",\"isPartOf\":{\"@id\":\"https:\/\/www.mpppst.gob.ve\/mpppstweb\/#website\"},\"primaryImageOfPage\":{\"@id\":\"https:\/\/www.mpppst.gob.ve\/mpppstweb\/index.php\/2020\/10\/07\/congresistas-denuncian-a-ivan-duque-por-presencia-de-tropas-de-ee-uu-en-territorio-neogranadino\/#primaryimage\"},\"image\":{\"@id\":\"https:\/\/www.mpppst.gob.ve\/mpppstweb\/index.php\/2020\/10\/07\/congresistas-denuncian-a-ivan-duque-por-presencia-de-tropas-de-ee-uu-en-territorio-neogranadino\/#primaryimage\"},\"thumbnailUrl\":\"https:\/\/www.mpppst.gob.ve\/mpppstweb\/wp-content\/uploads\/2020\/10\/Congresistas-de-Colombia-768x427-1.jpg\",\"datePublished\":\"2020-10-07T14:21:12+00:00\",\"dateModified\":\"2020-10-07T14:21:12+00:00\",\"breadcrumb\":{\"@id\":\"https:\/\/www.mpppst.gob.ve\/mpppstweb\/index.php\/2020\/10\/07\/congresistas-denuncian-a-ivan-duque-por-presencia-de-tropas-de-ee-uu-en-territorio-neogranadino\/#breadcrumb\"},\"inLanguage\":\"es\",\"potentialAction\":[{\"@type\":\"ReadAction\",\"target\":[\"https:\/\/www.mpppst.gob.ve\/mpppstweb\/index.php\/2020\/10\/07\/congresistas-denuncian-a-ivan-duque-por-presencia-de-tropas-de-ee-uu-en-territorio-neogranadino\/\"]}]},{\"@type\":\"ImageObject\",\"inLanguage\":\"es\",\"@id\":\"https:\/\/www.mpppst.gob.ve\/mpppstweb\/index.php\/2020\/10\/07\/congresistas-denuncian-a-ivan-duque-por-presencia-de-tropas-de-ee-uu-en-territorio-neogranadino\/#primaryimage\",\"url\":\"https:\/\/www.mpppst.gob.ve\/mpppstweb\/wp-content\/uploads\/2020\/10\/Congresistas-de-Colombia-768x427-1.jpg\",\"contentUrl\":\"https:\/\/www.mpppst.gob.ve\/mpppstweb\/wp-content\/uploads\/2020\/10\/Congresistas-de-Colombia-768x427-1.jpg\",\"width\":768,\"height\":427},{\"@type\":\"BreadcrumbList\",\"@id\":\"https:\/\/www.mpppst.gob.ve\/mpppstweb\/index.php\/2020\/10\/07\/congresistas-denuncian-a-ivan-duque-por-presencia-de-tropas-de-ee-uu-en-territorio-neogranadino\/#breadcrumb\",\"itemListElement\":[{\"@type\":\"ListItem\",\"position\":1,\"name\":\"Home\",\"item\":\"https:\/\/www.mpppst.gob.ve\/mpppstweb\/\"},{\"@type\":\"ListItem\",\"position\":2,\"name\":\"Congresistas denuncian a Iv\u00e1n Duque por presencia de tropas de EE.UU. en territorio neogranadino\"}]},{\"@type\":\"WebSite\",\"@id\":\"https:\/\/www.mpppst.gob.ve\/mpppstweb\/#website\",\"url\":\"https:\/\/www.mpppst.gob.ve\/mpppstweb\/\",\"name\":\"MPPPST\",\"description\":\"Ministerio del Poder Popular para el Proceso Social de Trabajo\",\"publisher\":{\"@id\":\"https:\/\/www.mpppst.gob.ve\/mpppstweb\/#organization\"},\"potentialAction\":[{\"@type\":\"SearchAction\",\"target\":{\"@type\":\"EntryPoint\",\"urlTemplate\":\"https:\/\/www.mpppst.gob.ve\/mpppstweb\/?s={search_term_string}\"},\"query-input\":\"required name=search_term_string\"}],\"inLanguage\":\"es\"},{\"@type\":\"Organization\",\"@id\":\"https:\/\/www.mpppst.gob.ve\/mpppstweb\/#organization\",\"name\":\"mpppst\",\"url\":\"https:\/\/www.mpppst.gob.ve\/mpppstweb\/\",\"logo\":{\"@type\":\"ImageObject\",\"inLanguage\":\"es\",\"@id\":\"https:\/\/www.mpppst.gob.ve\/mpppstweb\/#\/schema\/logo\/image\/\",\"url\":\"https:\/\/www.mpppst.gob.ve\/mpppstweb\/wp-content\/uploads\/2025\/07\/cropped-cropped-g910.png\",\"contentUrl\":\"https:\/\/www.mpppst.gob.ve\/mpppstweb\/wp-content\/uploads\/2025\/07\/cropped-cropped-g910.png\",\"width\":1080,\"height\":241,\"caption\":\"mpppst\"},\"image\":{\"@id\":\"https:\/\/www.mpppst.gob.ve\/mpppstweb\/#\/schema\/logo\/image\/\"}},{\"@type\":\"Person\",\"@id\":\"https:\/\/www.mpppst.gob.ve\/mpppstweb\/#\/schema\/person\/fc187ee8ead412bd4c9304b62f900ea4\",\"name\":\"MPPPST Prensa\",\"url\":\"https:\/\/www.mpppst.gob.ve\/mpppstweb\/index.php\/author\/prensa-mpppst\/\"}]}<\/script>\n<!-- \/ Yoast SEO plugin. -->","yoast_head_json":{"title":"Congresistas denuncian a Iv\u00e1n Duque por presencia de tropas de EE.UU. en territorio neogranadino - MPPPST","robots":{"index":"index","follow":"follow","max-snippet":"max-snippet:-1","max-image-preview":"max-image-preview:large","max-video-preview":"max-video-preview:-1"},"canonical":"https:\/\/www.mpppst.gob.ve\/mpppstweb\/index.php\/2020\/10\/07\/congresistas-denuncian-a-ivan-duque-por-presencia-de-tropas-de-ee-uu-en-territorio-neogranadino\/","og_locale":"es_ES","og_type":"article","og_title":"Congresistas denuncian a Iv\u00e1n Duque por presencia de tropas de EE.UU. en territorio neogranadino - MPPPST","og_description":"Varios congresistas de Colombia enviaron un documento a la Comisi\u00f3n de Investigaci\u00f3n y Acusaci\u00f3n de la &hellip; Congresistas denuncian a Iv\u00e1n Duque por presencia de tropas de EE.UU. en territorio neogranadinoRead more","og_url":"https:\/\/www.mpppst.gob.ve\/mpppstweb\/index.php\/2020\/10\/07\/congresistas-denuncian-a-ivan-duque-por-presencia-de-tropas-de-ee-uu-en-territorio-neogranadino\/","og_site_name":"MPPPST","article_published_time":"2020-10-07T14:21:12+00:00","og_image":[{"width":768,"height":427,"url":"https:\/\/www.mpppst.gob.ve\/mpppstweb\/wp-content\/uploads\/2020\/10\/Congresistas-de-Colombia-768x427-1.jpg","type":"image\/jpeg"}],"author":"MPPPST Prensa","twitter_card":"summary_large_image","twitter_misc":{"Escrito por":"MPPPST Prensa","Tiempo de lectura":"1 minuto"},"schema":{"@context":"https:\/\/schema.org","@graph":[{"@type":"Article","@id":"https:\/\/www.mpppst.gob.ve\/mpppstweb\/index.php\/2020\/10\/07\/congresistas-denuncian-a-ivan-duque-por-presencia-de-tropas-de-ee-uu-en-territorio-neogranadino\/#article","isPartOf":{"@id":"https:\/\/www.mpppst.gob.ve\/mpppstweb\/index.php\/2020\/10\/07\/congresistas-denuncian-a-ivan-duque-por-presencia-de-tropas-de-ee-uu-en-territorio-neogranadino\/"},"author":{"name":"MPPPST Prensa","@id":"https:\/\/www.mpppst.gob.ve\/mpppstweb\/#\/schema\/person\/fc187ee8ead412bd4c9304b62f900ea4"},"headline":"Congresistas denuncian a Iv\u00e1n Duque por presencia de tropas de EE.UU. en territorio neogranadino","datePublished":"2020-10-07T14:21:12+00:00","dateModified":"2020-10-07T14:21:12+00:00","mainEntityOfPage":{"@id":"https:\/\/www.mpppst.gob.ve\/mpppstweb\/index.php\/2020\/10\/07\/congresistas-denuncian-a-ivan-duque-por-presencia-de-tropas-de-ee-uu-en-territorio-neogranadino\/"},"wordCount":169,"publisher":{"@id":"https:\/\/www.mpppst.gob.ve\/mpppstweb\/#organization"},"image":{"@id":"https:\/\/www.mpppst.gob.ve\/mpppstweb\/index.php\/2020\/10\/07\/congresistas-denuncian-a-ivan-duque-por-presencia-de-tropas-de-ee-uu-en-territorio-neogranadino\/#primaryimage"},"thumbnailUrl":"https:\/\/www.mpppst.gob.ve\/mpppstweb\/wp-content\/uploads\/2020\/10\/Congresistas-de-Colombia-768x427-1.jpg","articleSection":["Gobierno Nacional","Noticias"],"inLanguage":"es"},{"@type":"WebPage","@id":"https:\/\/www.mpppst.gob.ve\/mpppstweb\/index.php\/2020\/10\/07\/congresistas-denuncian-a-ivan-duque-por-presencia-de-tropas-de-ee-uu-en-territorio-neogranadino\/","url":"https:\/\/www.mpppst.gob.ve\/mpppstweb\/index.php\/2020\/10\/07\/congresistas-denuncian-a-ivan-duque-por-presencia-de-tropas-de-ee-uu-en-territorio-neogranadino\/","name":"Congresistas denuncian a Iv\u00e1n Duque por presencia de tropas de EE.UU. en territorio neogranadino - MPPPST","isPartOf":{"@id":"https:\/\/www.mpppst.gob.ve\/mpppstweb\/#website"},"primaryImageOfPage":{"@id":"https:\/\/www.mpppst.gob.ve\/mpppstweb\/index.php\/2020\/10\/07\/congresistas-denuncian-a-ivan-duque-por-presencia-de-tropas-de-ee-uu-en-territorio-neogranadino\/#primaryimage"},"image":{"@id":"https:\/\/www.mpppst.gob.ve\/mpppstweb\/index.php\/2020\/10\/07\/congresistas-denuncian-a-ivan-duque-por-presencia-de-tropas-de-ee-uu-en-territorio-neogranadino\/#primaryimage"},"thumbnailUrl":"https:\/\/www.mpppst.gob.ve\/mpppstweb\/wp-content\/uploads\/2020\/10\/Congresistas-de-Colombia-768x427-1.jpg","datePublished":"2020-10-07T14:21:12+00:00","dateModified":"2020-10-07T14:21:12+00:00","breadcrumb":{"@id":"https:\/\/www.mpppst.gob.ve\/mpppstweb\/index.php\/2020\/10\/07\/congresistas-denuncian-a-ivan-duque-por-presencia-de-tropas-de-ee-uu-en-territorio-neogranadino\/#breadcrumb"},"inLanguage":"es","potentialAction":[{"@type":"ReadAction","target":["https:\/\/www.mpppst.gob.ve\/mpppstweb\/index.php\/2020\/10\/07\/congresistas-denuncian-a-ivan-duque-por-presencia-de-tropas-de-ee-uu-en-territorio-neogranadino\/"]}]},{"@type":"ImageObject","inLanguage":"es","@id":"https:\/\/www.mpppst.gob.ve\/mpppstweb\/index.php\/2020\/10\/07\/congresistas-denuncian-a-ivan-duque-por-presencia-de-tropas-de-ee-uu-en-territorio-neogranadino\/#primaryimage","url":"https:\/\/www.mpppst.gob.ve\/mpppstweb\/wp-content\/uploads\/2020\/10\/Congresistas-de-Colombia-768x427-1.jpg","contentUrl":"https:\/\/www.mpppst.gob.ve\/mpppstweb\/wp-content\/uploads\/2020\/10\/Congresistas-de-Colombia-768x427-1.jpg","width":768,"height":427},{"@type":"BreadcrumbList","@id":"https:\/\/www.mpppst.gob.ve\/mpppstweb\/index.php\/2020\/10\/07\/congresistas-denuncian-a-ivan-duque-por-presencia-de-tropas-de-ee-uu-en-territorio-neogranadino\/#breadcrumb","itemListElement":[{"@type":"ListItem","position":1,"name":"Home","item":"https:\/\/www.mpppst.gob.ve\/mpppstweb\/"},{"@type":"ListItem","position":2,"name":"Congresistas denuncian a Iv\u00e1n Duque por presencia de tropas de EE.UU. en territorio neogranadino"}]},{"@type":"WebSite","@id":"https:\/\/www.mpppst.gob.ve\/mpppstweb\/#website","url":"https:\/\/www.mpppst.gob.ve\/mpppstweb\/","name":"MPPPST","description":"Ministerio del Poder Popular para el Proceso Social de Trabajo","publisher":{"@id":"https:\/\/www.mpppst.gob.ve\/mpppstweb\/#organization"},"potentialAction":[{"@type":"SearchAction","target":{"@type":"EntryPoint","urlTemplate":"https:\/\/www.mpppst.gob.ve\/mpppstweb\/?s={search_term_string}"},"query-input":"required name=search_term_string"}],"inLanguage":"es"},{"@type":"Organization","@id":"https:\/\/www.mpppst.gob.ve\/mpppstweb\/#organization","name":"mpppst","url":"https:\/\/www.mpppst.gob.ve\/mpppstweb\/","logo":{"@type":"ImageObject","inLanguage":"es","@id":"https:\/\/www.mpppst.gob.ve\/mpppstweb\/#\/schema\/logo\/image\/","url":"https:\/\/www.mpppst.gob.ve\/mpppstweb\/wp-content\/uploads\/2025\/07\/cropped-cropped-g910.png","contentUrl":"https:\/\/www.mpppst.gob.ve\/mpppstweb\/wp-content\/uploads\/2025\/07\/cropped-cropped-g910.png","width":1080,"height":241,"caption":"mpppst"},"image":{"@id":"https:\/\/www.mpppst.gob.ve\/mpppstweb\/#\/schema\/logo\/image\/"}},{"@type":"Person","@id":"https:\/\/www.mpppst.gob.ve\/mpppstweb\/#\/schema\/person\/fc187ee8ead412bd4c9304b62f900ea4","name":"MPPPST Prensa","url":"https:\/\/www.mpppst.gob.ve\/mpppstweb\/index.php\/author\/prensa-mpppst\/"}]}},"_links":{"self":[{"href":"https:\/\/www.mpppst.gob.ve\/mpppstweb\/index.php\/wp-json\/wp\/v2\/posts\/20179"}],"collection":[{"href":"https:\/\/www.mpppst.gob.ve\/mpppstweb\/index.php\/wp-json\/wp\/v2\/posts"}],"about":[{"href":"https:\/\/www.mpppst.gob.ve\/mpppstweb\/index.php\/wp-json\/wp\/v2\/types\/post"}],"author":[{"embeddable":true,"href":"https:\/\/www.mpppst.gob.ve\/mpppstweb\/index.php\/wp-json\/wp\/v2\/users\/25"}],"replies":[{"embeddable":true,"href":"https:\/\/www.mpppst.gob.ve\/mpppstweb\/index.php\/wp-json\/wp\/v2\/comments?post=20179"}],"version-history":[{"count":1,"href":"https:\/\/www.mpppst.gob.ve\/mpppstweb\/index.php\/wp-json\/wp\/v2\/posts\/20179\/revisions"}],"predecessor-version":[{"id":20181,"href":"https:\/\/www.mpppst.gob.ve\/mpppstweb\/index.php\/wp-json\/wp\/v2\/posts\/20179\/revisions\/20181"}],"wp:featuredmedia":[{"embeddable":true,"href":"https:\/\/www.mpppst.gob.ve\/mpppstweb\/index.php\/wp-json\/wp\/v2\/media\/20180"}],"wp:attachment":[{"href":"https:\/\/www.mpppst.gob.ve\/mpppstweb\/index.php\/wp-json\/wp\/v2\/media?parent=20179"}],"wp:term":[{"taxonomy":"category","embeddable":true,"href":"https:\/\/www.mpppst.gob.ve\/mpppstweb\/index.php\/wp-json\/wp\/v2\/categories?post=20179"},{"taxonomy":"post_tag","embeddable":true,"href":"https:\/\/www.mpppst.gob.ve\/mpppstweb\/index.php\/wp-json\/wp\/v2\/tags?post=20179"}],"curies":[{"name":"wp","href":"https:\/\/api.w.org\/{rel}","templated":true}]}}