{"id":20182,"date":"2020-10-07T10:22:51","date_gmt":"2020-10-07T14:22:51","guid":{"rendered":"http:\/\/www.mpppst.gob.ve\/mpppstweb\/?p=20182"},"modified":"2020-10-07T10:22:51","modified_gmt":"2020-10-07T14:22:51","slug":"ejecutivo-nacional-debate-proyecto-de-ley-antibloqueo-con-comuneros-de-la-patria","status":"publish","type":"post","link":"https:\/\/www.mpppst.gob.ve\/mpppstweb\/index.php\/2020\/10\/07\/ejecutivo-nacional-debate-proyecto-de-ley-antibloqueo-con-comuneros-de-la-patria\/","title":{"rendered":"Ejecutivo Nacional debate Proyecto de Ley Antibloqueo con comuneros de la Patria"},"content":{"rendered":"\n<p>La vicepresidenta Ejecutiva de la Rep\u00fablica,&nbsp;<strong>Delcy Rodr\u00edguez<\/strong>, encabez\u00f3 una reuni\u00f3n de trabajo con representantes del sector Comunas del pa\u00eds, a fin de revisar y discutir el&nbsp;<strong>Proyecto de Ley Antibloqueo,<\/strong>&nbsp;en atenci\u00f3n a las instrucciones del jefe de Estado venezolano, Nicol\u00e1s Maduro.<\/p>\n\n\n\n<p>La actividad, realizada en la sede del Ministerio del Poder Popular de Econom\u00eda, Finanzas y Comercio Exterior, cont\u00f3 con la participaci\u00f3n de la ministra para las Comunas y los Movimientos Sociales,&nbsp;<strong>Noris Herrera<\/strong>; el procurador general de la Rep\u00fablica,&nbsp;<strong>Reinaldo Mu\u00f1oz<\/strong>, el viceministro de Haciendas,&nbsp;<strong>Cristian Hern\u00e1ndez<\/strong>, el viceministro de Pol\u00edticas Antibloqueo,&nbsp;<strong>William Castillo,<\/strong>&nbsp;y el vicepresidente sectorial de Planificaci\u00f3n,&nbsp;<strong>Ricardo Men\u00e9ndez<\/strong>.<\/p>\n\n\n\n<p>Durante el encuentro, las autoridades destacaron que el Poder Popular organizado es fundamental para el desarrollo econ\u00f3mico y productivo de la Patria, en medio de bloqueos y sanciones a la Patria.<\/p>\n\n\n\n<p>La Vicepresidenta Ejecutiva explic\u00f3 que esta Ley se convierte en un instrumento para superar el bloqueo criminal, por lo que el Ejecutivo Nacional se mantiene debatiendo este instrumento legal para la defensa de los recursos del pueblo venezolano, ante las sanciones impuestas por los gobiernos imperiales que buscan socavar la soberan\u00eda y paz de la naci\u00f3n.<\/p>\n\n\n\n<p>Vale recordar que el Gobierno Bolivariano destin\u00f3 cerca de 800 mil millones de d\u00f3lares a la inversi\u00f3n social en una d\u00e9cada, acci\u00f3n que se tradujo en la reducci\u00f3n de la desigualdad a trav\u00e9s de la democratizaci\u00f3n de las riquezas, refiere una nota publicada en el sitio web de la Vicepresidencia de la Rep\u00fablica.<\/p>\n","protected":false},"excerpt":{"rendered":"<p>La vicepresidenta Ejecutiva de la Rep\u00fablica,&nbsp;Delcy Rodr\u00edguez, encabez\u00f3 una reuni\u00f3n de trabajo con representantes del sector &hellip; <a title=\"Ejecutivo Nacional debate Proyecto de Ley Antibloqueo con comuneros de la Patria\" class=\"hm-read-more\" href=\"https:\/\/www.mpppst.gob.ve\/mpppstweb\/index.php\/2020\/10\/07\/ejecutivo-nacional-debate-proyecto-de-ley-antibloqueo-con-comuneros-de-la-patria\/\"><span class=\"screen-reader-text\">Ejecutivo Nacional debate Proyecto de Ley Antibloqueo con comuneros de la Patria<\/span>Read more<\/a><\/p>\n","protected":false},"author":25,"featured_media":20183,"comment_status":"closed","ping_status":"closed","sticky":false,"template":"","format":"standard","meta":{"footnotes":""},"categories":[82,163],"tags":[],"yoast_head":"<!-- This site is optimized with the Yoast SEO plugin v22.5 - https:\/\/yoast.com\/wordpress\/plugins\/seo\/ -->\n<title>Ejecutivo Nacional debate Proyecto de Ley Antibloqueo con comuneros de la Patria - MPPPST<\/title>\n<meta name=\"robots\" content=\"index, follow, max-snippet:-1, max-image-preview:large, max-video-preview:-1\" \/>\n<link rel=\"canonical\" href=\"https:\/\/www.mpppst.gob.ve\/mpppstweb\/index.php\/2020\/10\/07\/ejecutivo-nacional-debate-proyecto-de-ley-antibloqueo-con-comuneros-de-la-patria\/\" \/>\n<meta property=\"og:locale\" content=\"es_ES\" \/>\n<meta property=\"og:type\" content=\"article\" \/>\n<meta property=\"og:title\" content=\"Ejecutivo Nacional debate Proyecto de Ley Antibloqueo con comuneros de la Patria - MPPPST\" \/>\n<meta property=\"og:description\" content=\"La vicepresidenta Ejecutiva de la Rep\u00fablica,&nbsp;Delcy Rodr\u00edguez, encabez\u00f3 una reuni\u00f3n de trabajo con representantes del sector &hellip; Ejecutivo Nacional debate Proyecto de Ley Antibloqueo con comuneros de la PatriaRead more\" \/>\n<meta property=\"og:url\" content=\"https:\/\/www.mpppst.gob.ve\/mpppstweb\/index.php\/2020\/10\/07\/ejecutivo-nacional-debate-proyecto-de-ley-antibloqueo-con-comuneros-de-la-patria\/\" \/>\n<meta property=\"og:site_name\" content=\"MPPPST\" \/>\n<meta property=\"article:published_time\" content=\"2020-10-07T14:22:51+00:00\" \/>\n<meta property=\"og:image\" content=\"https:\/\/www.mpppst.gob.ve\/mpppstweb\/wp-content\/uploads\/2020\/10\/DR-768x427-1.jpg\" \/>\n\t<meta property=\"og:image:width\" content=\"768\" \/>\n\t<meta property=\"og:image:height\" content=\"427\" \/>\n\t<meta property=\"og:image:type\" content=\"image\/jpeg\" \/>\n<meta name=\"author\" content=\"MPPPST Prensa\" \/>\n<meta name=\"twitter:card\" content=\"summary_large_image\" \/>\n<meta name=\"twitter:label1\" content=\"Escrito por\" \/>\n\t<meta name=\"twitter:data1\" content=\"MPPPST Prensa\" \/>\n\t<meta name=\"twitter:label2\" content=\"Tiempo de lectura\" \/>\n\t<meta name=\"twitter:data2\" content=\"1 minuto\" \/>\n<script type=\"application\/ld+json\" class=\"yoast-schema-graph\">{\"@context\":\"https:\/\/schema.org\",\"@graph\":[{\"@type\":\"Article\",\"@id\":\"https:\/\/www.mpppst.gob.ve\/mpppstweb\/index.php\/2020\/10\/07\/ejecutivo-nacional-debate-proyecto-de-ley-antibloqueo-con-comuneros-de-la-patria\/#article\",\"isPartOf\":{\"@id\":\"https:\/\/www.mpppst.gob.ve\/mpppstweb\/index.php\/2020\/10\/07\/ejecutivo-nacional-debate-proyecto-de-ley-antibloqueo-con-comuneros-de-la-patria\/\"},\"author\":{\"name\":\"MPPPST Prensa\",\"@id\":\"https:\/\/www.mpppst.gob.ve\/mpppstweb\/#\/schema\/person\/fc187ee8ead412bd4c9304b62f900ea4\"},\"headline\":\"Ejecutivo Nacional debate Proyecto de Ley Antibloqueo con comuneros de la Patria\",\"datePublished\":\"2020-10-07T14:22:51+00:00\",\"dateModified\":\"2020-10-07T14:22:51+00:00\",\"mainEntityOfPage\":{\"@id\":\"https:\/\/www.mpppst.gob.ve\/mpppstweb\/index.php\/2020\/10\/07\/ejecutivo-nacional-debate-proyecto-de-ley-antibloqueo-con-comuneros-de-la-patria\/\"},\"wordCount\":290,\"publisher\":{\"@id\":\"https:\/\/www.mpppst.gob.ve\/mpppstweb\/#organization\"},\"image\":{\"@id\":\"https:\/\/www.mpppst.gob.ve\/mpppstweb\/index.php\/2020\/10\/07\/ejecutivo-nacional-debate-proyecto-de-ley-antibloqueo-con-comuneros-de-la-patria\/#primaryimage\"},\"thumbnailUrl\":\"https:\/\/www.mpppst.gob.ve\/mpppstweb\/wp-content\/uploads\/2020\/10\/DR-768x427-1.jpg\",\"articleSection\":[\"Gobierno Nacional\",\"Noticias\"],\"inLanguage\":\"es\"},{\"@type\":\"WebPage\",\"@id\":\"https:\/\/www.mpppst.gob.ve\/mpppstweb\/index.php\/2020\/10\/07\/ejecutivo-nacional-debate-proyecto-de-ley-antibloqueo-con-comuneros-de-la-patria\/\",\"url\":\"https:\/\/www.mpppst.gob.ve\/mpppstweb\/index.php\/2020\/10\/07\/ejecutivo-nacional-debate-proyecto-de-ley-antibloqueo-con-comuneros-de-la-patria\/\",\"name\":\"Ejecutivo Nacional debate Proyecto de Ley Antibloqueo con comuneros de la Patria - MPPPST\",\"isPartOf\":{\"@id\":\"https:\/\/www.mpppst.gob.ve\/mpppstweb\/#website\"},\"primaryImageOfPage\":{\"@id\":\"https:\/\/www.mpppst.gob.ve\/mpppstweb\/index.php\/2020\/10\/07\/ejecutivo-nacional-debate-proyecto-de-ley-antibloqueo-con-comuneros-de-la-patria\/#primaryimage\"},\"image\":{\"@id\":\"https:\/\/www.mpppst.gob.ve\/mpppstweb\/index.php\/2020\/10\/07\/ejecutivo-nacional-debate-proyecto-de-ley-antibloqueo-con-comuneros-de-la-patria\/#primaryimage\"},\"thumbnailUrl\":\"https:\/\/www.mpppst.gob.ve\/mpppstweb\/wp-content\/uploads\/2020\/10\/DR-768x427-1.jpg\",\"datePublished\":\"2020-10-07T14:22:51+00:00\",\"dateModified\":\"2020-10-07T14:22:51+00:00\",\"breadcrumb\":{\"@id\":\"https:\/\/www.mpppst.gob.ve\/mpppstweb\/index.php\/2020\/10\/07\/ejecutivo-nacional-debate-proyecto-de-ley-antibloqueo-con-comuneros-de-la-patria\/#breadcrumb\"},\"inLanguage\":\"es\",\"potentialAction\":[{\"@type\":\"ReadAction\",\"target\":[\"https:\/\/www.mpppst.gob.ve\/mpppstweb\/index.php\/2020\/10\/07\/ejecutivo-nacional-debate-proyecto-de-ley-antibloqueo-con-comuneros-de-la-patria\/\"]}]},{\"@type\":\"ImageObject\",\"inLanguage\":\"es\",\"@id\":\"https:\/\/www.mpppst.gob.ve\/mpppstweb\/index.php\/2020\/10\/07\/ejecutivo-nacional-debate-proyecto-de-ley-antibloqueo-con-comuneros-de-la-patria\/#primaryimage\",\"url\":\"https:\/\/www.mpppst.gob.ve\/mpppstweb\/wp-content\/uploads\/2020\/10\/DR-768x427-1.jpg\",\"contentUrl\":\"https:\/\/www.mpppst.gob.ve\/mpppstweb\/wp-content\/uploads\/2020\/10\/DR-768x427-1.jpg\",\"width\":768,\"height\":427},{\"@type\":\"BreadcrumbList\",\"@id\":\"https:\/\/www.mpppst.gob.ve\/mpppstweb\/index.php\/2020\/10\/07\/ejecutivo-nacional-debate-proyecto-de-ley-antibloqueo-con-comuneros-de-la-patria\/#breadcrumb\",\"itemListElement\":[{\"@type\":\"ListItem\",\"position\":1,\"name\":\"Home\",\"item\":\"https:\/\/www.mpppst.gob.ve\/mpppstweb\/\"},{\"@type\":\"ListItem\",\"position\":2,\"name\":\"Ejecutivo Nacional debate Proyecto de Ley Antibloqueo con comuneros de la Patria\"}]},{\"@type\":\"WebSite\",\"@id\":\"https:\/\/www.mpppst.gob.ve\/mpppstweb\/#website\",\"url\":\"https:\/\/www.mpppst.gob.ve\/mpppstweb\/\",\"name\":\"MPPPST\",\"description\":\"Ministerio del Poder Popular para el Proceso Social de Trabajo\",\"publisher\":{\"@id\":\"https:\/\/www.mpppst.gob.ve\/mpppstweb\/#organization\"},\"potentialAction\":[{\"@type\":\"SearchAction\",\"target\":{\"@type\":\"EntryPoint\",\"urlTemplate\":\"https:\/\/www.mpppst.gob.ve\/mpppstweb\/?s={search_term_string}\"},\"query-input\":\"required name=search_term_string\"}],\"inLanguage\":\"es\"},{\"@type\":\"Organization\",\"@id\":\"https:\/\/www.mpppst.gob.ve\/mpppstweb\/#organization\",\"name\":\"mpppst\",\"url\":\"https:\/\/www.mpppst.gob.ve\/mpppstweb\/\",\"logo\":{\"@type\":\"ImageObject\",\"inLanguage\":\"es\",\"@id\":\"https:\/\/www.mpppst.gob.ve\/mpppstweb\/#\/schema\/logo\/image\/\",\"url\":\"https:\/\/www.mpppst.gob.ve\/mpppstweb\/wp-content\/uploads\/2025\/07\/cropped-cropped-g910.png\",\"contentUrl\":\"https:\/\/www.mpppst.gob.ve\/mpppstweb\/wp-content\/uploads\/2025\/07\/cropped-cropped-g910.png\",\"width\":1080,\"height\":241,\"caption\":\"mpppst\"},\"image\":{\"@id\":\"https:\/\/www.mpppst.gob.ve\/mpppstweb\/#\/schema\/logo\/image\/\"}},{\"@type\":\"Person\",\"@id\":\"https:\/\/www.mpppst.gob.ve\/mpppstweb\/#\/schema\/person\/fc187ee8ead412bd4c9304b62f900ea4\",\"name\":\"MPPPST Prensa\",\"url\":\"https:\/\/www.mpppst.gob.ve\/mpppstweb\/index.php\/author\/prensa-mpppst\/\"}]}<\/script>\n<!-- \/ Yoast SEO plugin. -->","yoast_head_json":{"title":"Ejecutivo Nacional debate Proyecto de Ley Antibloqueo con comuneros de la Patria - MPPPST","robots":{"index":"index","follow":"follow","max-snippet":"max-snippet:-1","max-image-preview":"max-image-preview:large","max-video-preview":"max-video-preview:-1"},"canonical":"https:\/\/www.mpppst.gob.ve\/mpppstweb\/index.php\/2020\/10\/07\/ejecutivo-nacional-debate-proyecto-de-ley-antibloqueo-con-comuneros-de-la-patria\/","og_locale":"es_ES","og_type":"article","og_title":"Ejecutivo Nacional debate Proyecto de Ley Antibloqueo con comuneros de la Patria - MPPPST","og_description":"La vicepresidenta Ejecutiva de la Rep\u00fablica,&nbsp;Delcy Rodr\u00edguez, encabez\u00f3 una reuni\u00f3n de trabajo con representantes del sector &hellip; Ejecutivo Nacional debate Proyecto de Ley Antibloqueo con comuneros de la PatriaRead more","og_url":"https:\/\/www.mpppst.gob.ve\/mpppstweb\/index.php\/2020\/10\/07\/ejecutivo-nacional-debate-proyecto-de-ley-antibloqueo-con-comuneros-de-la-patria\/","og_site_name":"MPPPST","article_published_time":"2020-10-07T14:22:51+00:00","og_image":[{"width":768,"height":427,"url":"https:\/\/www.mpppst.gob.ve\/mpppstweb\/wp-content\/uploads\/2020\/10\/DR-768x427-1.jpg","type":"image\/jpeg"}],"author":"MPPPST Prensa","twitter_card":"summary_large_image","twitter_misc":{"Escrito por":"MPPPST Prensa","Tiempo de lectura":"1 minuto"},"schema":{"@context":"https:\/\/schema.org","@graph":[{"@type":"Article","@id":"https:\/\/www.mpppst.gob.ve\/mpppstweb\/index.php\/2020\/10\/07\/ejecutivo-nacional-debate-proyecto-de-ley-antibloqueo-con-comuneros-de-la-patria\/#article","isPartOf":{"@id":"https:\/\/www.mpppst.gob.ve\/mpppstweb\/index.php\/2020\/10\/07\/ejecutivo-nacional-debate-proyecto-de-ley-antibloqueo-con-comuneros-de-la-patria\/"},"author":{"name":"MPPPST Prensa","@id":"https:\/\/www.mpppst.gob.ve\/mpppstweb\/#\/schema\/person\/fc187ee8ead412bd4c9304b62f900ea4"},"headline":"Ejecutivo Nacional debate Proyecto de Ley Antibloqueo con comuneros de la Patria","datePublished":"2020-10-07T14:22:51+00:00","dateModified":"2020-10-07T14:22:51+00:00","mainEntityOfPage":{"@id":"https:\/\/www.mpppst.gob.ve\/mpppstweb\/index.php\/2020\/10\/07\/ejecutivo-nacional-debate-proyecto-de-ley-antibloqueo-con-comuneros-de-la-patria\/"},"wordCount":290,"publisher":{"@id":"https:\/\/www.mpppst.gob.ve\/mpppstweb\/#organization"},"image":{"@id":"https:\/\/www.mpppst.gob.ve\/mpppstweb\/index.php\/2020\/10\/07\/ejecutivo-nacional-debate-proyecto-de-ley-antibloqueo-con-comuneros-de-la-patria\/#primaryimage"},"thumbnailUrl":"https:\/\/www.mpppst.gob.ve\/mpppstweb\/wp-content\/uploads\/2020\/10\/DR-768x427-1.jpg","articleSection":["Gobierno Nacional","Noticias"],"inLanguage":"es"},{"@type":"WebPage","@id":"https:\/\/www.mpppst.gob.ve\/mpppstweb\/index.php\/2020\/10\/07\/ejecutivo-nacional-debate-proyecto-de-ley-antibloqueo-con-comuneros-de-la-patria\/","url":"https:\/\/www.mpppst.gob.ve\/mpppstweb\/index.php\/2020\/10\/07\/ejecutivo-nacional-debate-proyecto-de-ley-antibloqueo-con-comuneros-de-la-patria\/","name":"Ejecutivo Nacional debate Proyecto de Ley Antibloqueo con comuneros de la Patria - MPPPST","isPartOf":{"@id":"https:\/\/www.mpppst.gob.ve\/mpppstweb\/#website"},"primaryImageOfPage":{"@id":"https:\/\/www.mpppst.gob.ve\/mpppstweb\/index.php\/2020\/10\/07\/ejecutivo-nacional-debate-proyecto-de-ley-antibloqueo-con-comuneros-de-la-patria\/#primaryimage"},"image":{"@id":"https:\/\/www.mpppst.gob.ve\/mpppstweb\/index.php\/2020\/10\/07\/ejecutivo-nacional-debate-proyecto-de-ley-antibloqueo-con-comuneros-de-la-patria\/#primaryimage"},"thumbnailUrl":"https:\/\/www.mpppst.gob.ve\/mpppstweb\/wp-content\/uploads\/2020\/10\/DR-768x427-1.jpg","datePublished":"2020-10-07T14:22:51+00:00","dateModified":"2020-10-07T14:22:51+00:00","breadcrumb":{"@id":"https:\/\/www.mpppst.gob.ve\/mpppstweb\/index.php\/2020\/10\/07\/ejecutivo-nacional-debate-proyecto-de-ley-antibloqueo-con-comuneros-de-la-patria\/#breadcrumb"},"inLanguage":"es","potentialAction":[{"@type":"ReadAction","target":["https:\/\/www.mpppst.gob.ve\/mpppstweb\/index.php\/2020\/10\/07\/ejecutivo-nacional-debate-proyecto-de-ley-antibloqueo-con-comuneros-de-la-patria\/"]}]},{"@type":"ImageObject","inLanguage":"es","@id":"https:\/\/www.mpppst.gob.ve\/mpppstweb\/index.php\/2020\/10\/07\/ejecutivo-nacional-debate-proyecto-de-ley-antibloqueo-con-comuneros-de-la-patria\/#primaryimage","url":"https:\/\/www.mpppst.gob.ve\/mpppstweb\/wp-content\/uploads\/2020\/10\/DR-768x427-1.jpg","contentUrl":"https:\/\/www.mpppst.gob.ve\/mpppstweb\/wp-content\/uploads\/2020\/10\/DR-768x427-1.jpg","width":768,"height":427},{"@type":"BreadcrumbList","@id":"https:\/\/www.mpppst.gob.ve\/mpppstweb\/index.php\/2020\/10\/07\/ejecutivo-nacional-debate-proyecto-de-ley-antibloqueo-con-comuneros-de-la-patria\/#breadcrumb","itemListElement":[{"@type":"ListItem","position":1,"name":"Home","item":"https:\/\/www.mpppst.gob.ve\/mpppstweb\/"},{"@type":"ListItem","position":2,"name":"Ejecutivo Nacional debate Proyecto de Ley Antibloqueo con comuneros de la Patria"}]},{"@type":"WebSite","@id":"https:\/\/www.mpppst.gob.ve\/mpppstweb\/#website","url":"https:\/\/www.mpppst.gob.ve\/mpppstweb\/","name":"MPPPST","description":"Ministerio del Poder Popular para el Proceso Social de Trabajo","publisher":{"@id":"https:\/\/www.mpppst.gob.ve\/mpppstweb\/#organization"},"potentialAction":[{"@type":"SearchAction","target":{"@type":"EntryPoint","urlTemplate":"https:\/\/www.mpppst.gob.ve\/mpppstweb\/?s={search_term_string}"},"query-input":"required name=search_term_string"}],"inLanguage":"es"},{"@type":"Organization","@id":"https:\/\/www.mpppst.gob.ve\/mpppstweb\/#organization","name":"mpppst","url":"https:\/\/www.mpppst.gob.ve\/mpppstweb\/","logo":{"@type":"ImageObject","inLanguage":"es","@id":"https:\/\/www.mpppst.gob.ve\/mpppstweb\/#\/schema\/logo\/image\/","url":"https:\/\/www.mpppst.gob.ve\/mpppstweb\/wp-content\/uploads\/2025\/07\/cropped-cropped-g910.png","contentUrl":"https:\/\/www.mpppst.gob.ve\/mpppstweb\/wp-content\/uploads\/2025\/07\/cropped-cropped-g910.png","width":1080,"height":241,"caption":"mpppst"},"image":{"@id":"https:\/\/www.mpppst.gob.ve\/mpppstweb\/#\/schema\/logo\/image\/"}},{"@type":"Person","@id":"https:\/\/www.mpppst.gob.ve\/mpppstweb\/#\/schema\/person\/fc187ee8ead412bd4c9304b62f900ea4","name":"MPPPST Prensa","url":"https:\/\/www.mpppst.gob.ve\/mpppstweb\/index.php\/author\/prensa-mpppst\/"}]}},"_links":{"self":[{"href":"https:\/\/www.mpppst.gob.ve\/mpppstweb\/index.php\/wp-json\/wp\/v2\/posts\/20182"}],"collection":[{"href":"https:\/\/www.mpppst.gob.ve\/mpppstweb\/index.php\/wp-json\/wp\/v2\/posts"}],"about":[{"href":"https:\/\/www.mpppst.gob.ve\/mpppstweb\/index.php\/wp-json\/wp\/v2\/types\/post"}],"author":[{"embeddable":true,"href":"https:\/\/www.mpppst.gob.ve\/mpppstweb\/index.php\/wp-json\/wp\/v2\/users\/25"}],"replies":[{"embeddable":true,"href":"https:\/\/www.mpppst.gob.ve\/mpppstweb\/index.php\/wp-json\/wp\/v2\/comments?post=20182"}],"version-history":[{"count":1,"href":"https:\/\/www.mpppst.gob.ve\/mpppstweb\/index.php\/wp-json\/wp\/v2\/posts\/20182\/revisions"}],"predecessor-version":[{"id":20184,"href":"https:\/\/www.mpppst.gob.ve\/mpppstweb\/index.php\/wp-json\/wp\/v2\/posts\/20182\/revisions\/20184"}],"wp:featuredmedia":[{"embeddable":true,"href":"https:\/\/www.mpppst.gob.ve\/mpppstweb\/index.php\/wp-json\/wp\/v2\/media\/20183"}],"wp:attachment":[{"href":"https:\/\/www.mpppst.gob.ve\/mpppstweb\/index.php\/wp-json\/wp\/v2\/media?parent=20182"}],"wp:term":[{"taxonomy":"category","embeddable":true,"href":"https:\/\/www.mpppst.gob.ve\/mpppstweb\/index.php\/wp-json\/wp\/v2\/categories?post=20182"},{"taxonomy":"post_tag","embeddable":true,"href":"https:\/\/www.mpppst.gob.ve\/mpppstweb\/index.php\/wp-json\/wp\/v2\/tags?post=20182"}],"curies":[{"name":"wp","href":"https:\/\/api.w.org\/{rel}","templated":true}]}}