{"id":20201,"date":"2020-10-08T10:21:53","date_gmt":"2020-10-08T14:21:53","guid":{"rendered":"http:\/\/www.mpppst.gob.ve\/mpppstweb\/?p=20201"},"modified":"2020-10-08T10:21:53","modified_gmt":"2020-10-08T14:21:53","slug":"maduro-proyecto-de-ley-antibloqueo-mejorado-y-corregido-sera-discutido-en-la-anc-este-jueves","status":"publish","type":"post","link":"https:\/\/www.mpppst.gob.ve\/mpppstweb\/index.php\/2020\/10\/08\/maduro-proyecto-de-ley-antibloqueo-mejorado-y-corregido-sera-discutido-en-la-anc-este-jueves\/","title":{"rendered":"Maduro: Proyecto de Ley Antibloqueo \u00abmejorado y corregido\u00bb ser\u00e1 discutido en la ANC este jueves"},"content":{"rendered":"\n<p>El presidente de la Rep\u00fablica Bolivariana de Venezuela,&nbsp;<strong>Nicol\u00e1s Maduro<\/strong>, inform\u00f3 que este jueves ser\u00e1 discutido en plenaria de la&nbsp;<strong>Asamblea Nacional Constituyente<\/strong>&nbsp;(ANC) el Proyecto de&nbsp;<strong>Ley Antibloqueo<\/strong>&nbsp;que ha sido mejorado y corregido.<\/p>\n\n\n\n<p>\u201cEstaba hablando esta ma\u00f1ana con el presidente de la ANC, Diosdado Cabello. Este jueves la discute la plenaria en la Comisi\u00f3n Especial para la Ley Antibloqueo, el proyecto definitivo. El proyecto ha sido mejorado, ampliado, corregido. Tenemos proyecto definitivo de la Ley Antibloqueo\u201d, resumi\u00f3 el Jefe de Estado durante la nueva Jornada de Mi\u00e9rcoles Productivo con el inicio del Plan de Siembra Venezuela 2020.<\/p>\n\n\n\n<p>Manifest\u00f3 tener \u00abgran fe y esperanza que con esta Ley Constitucional Antibloqueo\u00bb&nbsp;<strong>Venezuela iniciar\u00e1 un gran cambio necesario<\/strong>&nbsp;para enfrentar aqu\u00ed, con valent\u00eda, las amenazas y el bloqueo imperialista, la persecuci\u00f3n imperialista de EE.UU.\u201d.<\/p>\n\n\n\n<p>Una vez que la ANC apruebe el texto de esta Ley constitucional, el Ejecutivo decidi\u00f3 que lo presentar\u00e1 ante el&nbsp;<strong>Consejo de Estado<\/strong>&nbsp;para que este organismo solicite a la Sala Constitucional del Tribunal Supremo de Justicia (TSJ) su opini\u00f3n sobre la constitucionalidad de esta Ley Antibloqueo.<\/p>\n\n\n\n<p>\u201cTodo esto es para blindarnos, no solo para el momento coyuntural y pol\u00edtico, sino para blindarnos contra el bloqueo imperialista de aqu\u00ed en adelante, legalmente, \u00e9ticamente, blindar a la naci\u00f3n\u201d, puntualiz\u00f3.<\/p>\n\n\n\n<p>\u201cVa mi palabra, mi vida en esta Ley Antibloqueo, mi palabra y mi vida por esta Ley para que se abran los caminos en una nueva etapa de recuperaci\u00f3n del pueblo ante los crueles da\u00f1os del bloqueo imperialista\u201d, sostuvo.<\/p>\n\n\n\n<p>Prensa Web Correo del Orinoco <\/p>\n","protected":false},"excerpt":{"rendered":"<p>El presidente de la Rep\u00fablica Bolivariana de Venezuela,&nbsp;Nicol\u00e1s Maduro, inform\u00f3 que este jueves ser\u00e1 discutido en &hellip; <a title=\"Maduro: Proyecto de Ley Antibloqueo \u00abmejorado y corregido\u00bb ser\u00e1 discutido en la ANC este jueves\" class=\"hm-read-more\" href=\"https:\/\/www.mpppst.gob.ve\/mpppstweb\/index.php\/2020\/10\/08\/maduro-proyecto-de-ley-antibloqueo-mejorado-y-corregido-sera-discutido-en-la-anc-este-jueves\/\"><span class=\"screen-reader-text\">Maduro: Proyecto de Ley Antibloqueo \u00abmejorado y corregido\u00bb ser\u00e1 discutido en la ANC este jueves<\/span>Read more<\/a><\/p>\n","protected":false},"author":25,"featured_media":20202,"comment_status":"closed","ping_status":"closed","sticky":false,"template":"","format":"standard","meta":{"footnotes":""},"categories":[82,163],"tags":[],"yoast_head":"<!-- This site is optimized with the Yoast SEO plugin v22.5 - https:\/\/yoast.com\/wordpress\/plugins\/seo\/ -->\n<title>Maduro: Proyecto de Ley Antibloqueo \u00abmejorado y corregido\u00bb ser\u00e1 discutido en la ANC este jueves - MPPPST<\/title>\n<meta name=\"robots\" content=\"index, follow, max-snippet:-1, max-image-preview:large, max-video-preview:-1\" \/>\n<link rel=\"canonical\" href=\"https:\/\/www.mpppst.gob.ve\/mpppstweb\/index.php\/2020\/10\/08\/maduro-proyecto-de-ley-antibloqueo-mejorado-y-corregido-sera-discutido-en-la-anc-este-jueves\/\" \/>\n<meta property=\"og:locale\" content=\"es_ES\" \/>\n<meta property=\"og:type\" content=\"article\" \/>\n<meta property=\"og:title\" content=\"Maduro: Proyecto de Ley Antibloqueo \u00abmejorado y corregido\u00bb ser\u00e1 discutido en la ANC este jueves - MPPPST\" \/>\n<meta property=\"og:description\" content=\"El presidente de la Rep\u00fablica Bolivariana de Venezuela,&nbsp;Nicol\u00e1s Maduro, inform\u00f3 que este jueves ser\u00e1 discutido en &hellip; Maduro: Proyecto de Ley Antibloqueo \u00abmejorado y corregido\u00bb ser\u00e1 discutido en la ANC este juevesRead more\" \/>\n<meta property=\"og:url\" content=\"https:\/\/www.mpppst.gob.ve\/mpppstweb\/index.php\/2020\/10\/08\/maduro-proyecto-de-ley-antibloqueo-mejorado-y-corregido-sera-discutido-en-la-anc-este-jueves\/\" \/>\n<meta property=\"og:site_name\" content=\"MPPPST\" \/>\n<meta property=\"article:published_time\" content=\"2020-10-08T14:21:53+00:00\" \/>\n<meta property=\"og:image\" content=\"https:\/\/www.mpppst.gob.ve\/mpppstweb\/wp-content\/uploads\/2020\/10\/Nicolas-Maduro-ley-antibloqueo.jpg\" \/>\n\t<meta property=\"og:image:width\" content=\"1320\" \/>\n\t<meta property=\"og:image:height\" content=\"880\" \/>\n\t<meta property=\"og:image:type\" content=\"image\/jpeg\" \/>\n<meta name=\"author\" content=\"MPPPST Prensa\" \/>\n<meta name=\"twitter:card\" content=\"summary_large_image\" \/>\n<meta name=\"twitter:label1\" content=\"Escrito por\" \/>\n\t<meta name=\"twitter:data1\" content=\"MPPPST Prensa\" \/>\n\t<meta name=\"twitter:label2\" content=\"Tiempo de lectura\" \/>\n\t<meta name=\"twitter:data2\" content=\"1 minuto\" \/>\n<script type=\"application\/ld+json\" class=\"yoast-schema-graph\">{\"@context\":\"https:\/\/schema.org\",\"@graph\":[{\"@type\":\"Article\",\"@id\":\"https:\/\/www.mpppst.gob.ve\/mpppstweb\/index.php\/2020\/10\/08\/maduro-proyecto-de-ley-antibloqueo-mejorado-y-corregido-sera-discutido-en-la-anc-este-jueves\/#article\",\"isPartOf\":{\"@id\":\"https:\/\/www.mpppst.gob.ve\/mpppstweb\/index.php\/2020\/10\/08\/maduro-proyecto-de-ley-antibloqueo-mejorado-y-corregido-sera-discutido-en-la-anc-este-jueves\/\"},\"author\":{\"name\":\"MPPPST Prensa\",\"@id\":\"https:\/\/www.mpppst.gob.ve\/mpppstweb\/#\/schema\/person\/fc187ee8ead412bd4c9304b62f900ea4\"},\"headline\":\"Maduro: Proyecto de Ley Antibloqueo \u00abmejorado y corregido\u00bb ser\u00e1 discutido en la ANC este jueves\",\"datePublished\":\"2020-10-08T14:21:53+00:00\",\"dateModified\":\"2020-10-08T14:21:53+00:00\",\"mainEntityOfPage\":{\"@id\":\"https:\/\/www.mpppst.gob.ve\/mpppstweb\/index.php\/2020\/10\/08\/maduro-proyecto-de-ley-antibloqueo-mejorado-y-corregido-sera-discutido-en-la-anc-este-jueves\/\"},\"wordCount\":291,\"publisher\":{\"@id\":\"https:\/\/www.mpppst.gob.ve\/mpppstweb\/#organization\"},\"image\":{\"@id\":\"https:\/\/www.mpppst.gob.ve\/mpppstweb\/index.php\/2020\/10\/08\/maduro-proyecto-de-ley-antibloqueo-mejorado-y-corregido-sera-discutido-en-la-anc-este-jueves\/#primaryimage\"},\"thumbnailUrl\":\"https:\/\/www.mpppst.gob.ve\/mpppstweb\/wp-content\/uploads\/2020\/10\/Nicolas-Maduro-ley-antibloqueo.jpg\",\"articleSection\":[\"Gobierno Nacional\",\"Noticias\"],\"inLanguage\":\"es\"},{\"@type\":\"WebPage\",\"@id\":\"https:\/\/www.mpppst.gob.ve\/mpppstweb\/index.php\/2020\/10\/08\/maduro-proyecto-de-ley-antibloqueo-mejorado-y-corregido-sera-discutido-en-la-anc-este-jueves\/\",\"url\":\"https:\/\/www.mpppst.gob.ve\/mpppstweb\/index.php\/2020\/10\/08\/maduro-proyecto-de-ley-antibloqueo-mejorado-y-corregido-sera-discutido-en-la-anc-este-jueves\/\",\"name\":\"Maduro: Proyecto de Ley Antibloqueo \u00abmejorado y corregido\u00bb ser\u00e1 discutido en la ANC este jueves - MPPPST\",\"isPartOf\":{\"@id\":\"https:\/\/www.mpppst.gob.ve\/mpppstweb\/#website\"},\"primaryImageOfPage\":{\"@id\":\"https:\/\/www.mpppst.gob.ve\/mpppstweb\/index.php\/2020\/10\/08\/maduro-proyecto-de-ley-antibloqueo-mejorado-y-corregido-sera-discutido-en-la-anc-este-jueves\/#primaryimage\"},\"image\":{\"@id\":\"https:\/\/www.mpppst.gob.ve\/mpppstweb\/index.php\/2020\/10\/08\/maduro-proyecto-de-ley-antibloqueo-mejorado-y-corregido-sera-discutido-en-la-anc-este-jueves\/#primaryimage\"},\"thumbnailUrl\":\"https:\/\/www.mpppst.gob.ve\/mpppstweb\/wp-content\/uploads\/2020\/10\/Nicolas-Maduro-ley-antibloqueo.jpg\",\"datePublished\":\"2020-10-08T14:21:53+00:00\",\"dateModified\":\"2020-10-08T14:21:53+00:00\",\"breadcrumb\":{\"@id\":\"https:\/\/www.mpppst.gob.ve\/mpppstweb\/index.php\/2020\/10\/08\/maduro-proyecto-de-ley-antibloqueo-mejorado-y-corregido-sera-discutido-en-la-anc-este-jueves\/#breadcrumb\"},\"inLanguage\":\"es\",\"potentialAction\":[{\"@type\":\"ReadAction\",\"target\":[\"https:\/\/www.mpppst.gob.ve\/mpppstweb\/index.php\/2020\/10\/08\/maduro-proyecto-de-ley-antibloqueo-mejorado-y-corregido-sera-discutido-en-la-anc-este-jueves\/\"]}]},{\"@type\":\"ImageObject\",\"inLanguage\":\"es\",\"@id\":\"https:\/\/www.mpppst.gob.ve\/mpppstweb\/index.php\/2020\/10\/08\/maduro-proyecto-de-ley-antibloqueo-mejorado-y-corregido-sera-discutido-en-la-anc-este-jueves\/#primaryimage\",\"url\":\"https:\/\/www.mpppst.gob.ve\/mpppstweb\/wp-content\/uploads\/2020\/10\/Nicolas-Maduro-ley-antibloqueo.jpg\",\"contentUrl\":\"https:\/\/www.mpppst.gob.ve\/mpppstweb\/wp-content\/uploads\/2020\/10\/Nicolas-Maduro-ley-antibloqueo.jpg\",\"width\":1320,\"height\":880},{\"@type\":\"BreadcrumbList\",\"@id\":\"https:\/\/www.mpppst.gob.ve\/mpppstweb\/index.php\/2020\/10\/08\/maduro-proyecto-de-ley-antibloqueo-mejorado-y-corregido-sera-discutido-en-la-anc-este-jueves\/#breadcrumb\",\"itemListElement\":[{\"@type\":\"ListItem\",\"position\":1,\"name\":\"Home\",\"item\":\"https:\/\/www.mpppst.gob.ve\/mpppstweb\/\"},{\"@type\":\"ListItem\",\"position\":2,\"name\":\"Maduro: Proyecto de Ley Antibloqueo \u00abmejorado y corregido\u00bb ser\u00e1 discutido en la ANC este jueves\"}]},{\"@type\":\"WebSite\",\"@id\":\"https:\/\/www.mpppst.gob.ve\/mpppstweb\/#website\",\"url\":\"https:\/\/www.mpppst.gob.ve\/mpppstweb\/\",\"name\":\"MPPPST\",\"description\":\"Ministerio del Poder Popular para el Proceso Social de Trabajo\",\"publisher\":{\"@id\":\"https:\/\/www.mpppst.gob.ve\/mpppstweb\/#organization\"},\"potentialAction\":[{\"@type\":\"SearchAction\",\"target\":{\"@type\":\"EntryPoint\",\"urlTemplate\":\"https:\/\/www.mpppst.gob.ve\/mpppstweb\/?s={search_term_string}\"},\"query-input\":\"required name=search_term_string\"}],\"inLanguage\":\"es\"},{\"@type\":\"Organization\",\"@id\":\"https:\/\/www.mpppst.gob.ve\/mpppstweb\/#organization\",\"name\":\"mpppst\",\"url\":\"https:\/\/www.mpppst.gob.ve\/mpppstweb\/\",\"logo\":{\"@type\":\"ImageObject\",\"inLanguage\":\"es\",\"@id\":\"https:\/\/www.mpppst.gob.ve\/mpppstweb\/#\/schema\/logo\/image\/\",\"url\":\"https:\/\/www.mpppst.gob.ve\/mpppstweb\/wp-content\/uploads\/2025\/07\/cropped-cropped-g910.png\",\"contentUrl\":\"https:\/\/www.mpppst.gob.ve\/mpppstweb\/wp-content\/uploads\/2025\/07\/cropped-cropped-g910.png\",\"width\":1080,\"height\":241,\"caption\":\"mpppst\"},\"image\":{\"@id\":\"https:\/\/www.mpppst.gob.ve\/mpppstweb\/#\/schema\/logo\/image\/\"}},{\"@type\":\"Person\",\"@id\":\"https:\/\/www.mpppst.gob.ve\/mpppstweb\/#\/schema\/person\/fc187ee8ead412bd4c9304b62f900ea4\",\"name\":\"MPPPST Prensa\",\"url\":\"https:\/\/www.mpppst.gob.ve\/mpppstweb\/index.php\/author\/prensa-mpppst\/\"}]}<\/script>\n<!-- \/ Yoast SEO plugin. -->","yoast_head_json":{"title":"Maduro: Proyecto de Ley Antibloqueo \u00abmejorado y corregido\u00bb ser\u00e1 discutido en la ANC este jueves - MPPPST","robots":{"index":"index","follow":"follow","max-snippet":"max-snippet:-1","max-image-preview":"max-image-preview:large","max-video-preview":"max-video-preview:-1"},"canonical":"https:\/\/www.mpppst.gob.ve\/mpppstweb\/index.php\/2020\/10\/08\/maduro-proyecto-de-ley-antibloqueo-mejorado-y-corregido-sera-discutido-en-la-anc-este-jueves\/","og_locale":"es_ES","og_type":"article","og_title":"Maduro: Proyecto de Ley Antibloqueo \u00abmejorado y corregido\u00bb ser\u00e1 discutido en la ANC este jueves - MPPPST","og_description":"El presidente de la Rep\u00fablica Bolivariana de Venezuela,&nbsp;Nicol\u00e1s Maduro, inform\u00f3 que este jueves ser\u00e1 discutido en &hellip; Maduro: Proyecto de Ley Antibloqueo \u00abmejorado y corregido\u00bb ser\u00e1 discutido en la ANC este juevesRead more","og_url":"https:\/\/www.mpppst.gob.ve\/mpppstweb\/index.php\/2020\/10\/08\/maduro-proyecto-de-ley-antibloqueo-mejorado-y-corregido-sera-discutido-en-la-anc-este-jueves\/","og_site_name":"MPPPST","article_published_time":"2020-10-08T14:21:53+00:00","og_image":[{"width":1320,"height":880,"url":"https:\/\/www.mpppst.gob.ve\/mpppstweb\/wp-content\/uploads\/2020\/10\/Nicolas-Maduro-ley-antibloqueo.jpg","type":"image\/jpeg"}],"author":"MPPPST Prensa","twitter_card":"summary_large_image","twitter_misc":{"Escrito por":"MPPPST Prensa","Tiempo de lectura":"1 minuto"},"schema":{"@context":"https:\/\/schema.org","@graph":[{"@type":"Article","@id":"https:\/\/www.mpppst.gob.ve\/mpppstweb\/index.php\/2020\/10\/08\/maduro-proyecto-de-ley-antibloqueo-mejorado-y-corregido-sera-discutido-en-la-anc-este-jueves\/#article","isPartOf":{"@id":"https:\/\/www.mpppst.gob.ve\/mpppstweb\/index.php\/2020\/10\/08\/maduro-proyecto-de-ley-antibloqueo-mejorado-y-corregido-sera-discutido-en-la-anc-este-jueves\/"},"author":{"name":"MPPPST Prensa","@id":"https:\/\/www.mpppst.gob.ve\/mpppstweb\/#\/schema\/person\/fc187ee8ead412bd4c9304b62f900ea4"},"headline":"Maduro: Proyecto de Ley Antibloqueo \u00abmejorado y corregido\u00bb ser\u00e1 discutido en la ANC este jueves","datePublished":"2020-10-08T14:21:53+00:00","dateModified":"2020-10-08T14:21:53+00:00","mainEntityOfPage":{"@id":"https:\/\/www.mpppst.gob.ve\/mpppstweb\/index.php\/2020\/10\/08\/maduro-proyecto-de-ley-antibloqueo-mejorado-y-corregido-sera-discutido-en-la-anc-este-jueves\/"},"wordCount":291,"publisher":{"@id":"https:\/\/www.mpppst.gob.ve\/mpppstweb\/#organization"},"image":{"@id":"https:\/\/www.mpppst.gob.ve\/mpppstweb\/index.php\/2020\/10\/08\/maduro-proyecto-de-ley-antibloqueo-mejorado-y-corregido-sera-discutido-en-la-anc-este-jueves\/#primaryimage"},"thumbnailUrl":"https:\/\/www.mpppst.gob.ve\/mpppstweb\/wp-content\/uploads\/2020\/10\/Nicolas-Maduro-ley-antibloqueo.jpg","articleSection":["Gobierno Nacional","Noticias"],"inLanguage":"es"},{"@type":"WebPage","@id":"https:\/\/www.mpppst.gob.ve\/mpppstweb\/index.php\/2020\/10\/08\/maduro-proyecto-de-ley-antibloqueo-mejorado-y-corregido-sera-discutido-en-la-anc-este-jueves\/","url":"https:\/\/www.mpppst.gob.ve\/mpppstweb\/index.php\/2020\/10\/08\/maduro-proyecto-de-ley-antibloqueo-mejorado-y-corregido-sera-discutido-en-la-anc-este-jueves\/","name":"Maduro: Proyecto de Ley Antibloqueo \u00abmejorado y corregido\u00bb ser\u00e1 discutido en la ANC este jueves - MPPPST","isPartOf":{"@id":"https:\/\/www.mpppst.gob.ve\/mpppstweb\/#website"},"primaryImageOfPage":{"@id":"https:\/\/www.mpppst.gob.ve\/mpppstweb\/index.php\/2020\/10\/08\/maduro-proyecto-de-ley-antibloqueo-mejorado-y-corregido-sera-discutido-en-la-anc-este-jueves\/#primaryimage"},"image":{"@id":"https:\/\/www.mpppst.gob.ve\/mpppstweb\/index.php\/2020\/10\/08\/maduro-proyecto-de-ley-antibloqueo-mejorado-y-corregido-sera-discutido-en-la-anc-este-jueves\/#primaryimage"},"thumbnailUrl":"https:\/\/www.mpppst.gob.ve\/mpppstweb\/wp-content\/uploads\/2020\/10\/Nicolas-Maduro-ley-antibloqueo.jpg","datePublished":"2020-10-08T14:21:53+00:00","dateModified":"2020-10-08T14:21:53+00:00","breadcrumb":{"@id":"https:\/\/www.mpppst.gob.ve\/mpppstweb\/index.php\/2020\/10\/08\/maduro-proyecto-de-ley-antibloqueo-mejorado-y-corregido-sera-discutido-en-la-anc-este-jueves\/#breadcrumb"},"inLanguage":"es","potentialAction":[{"@type":"ReadAction","target":["https:\/\/www.mpppst.gob.ve\/mpppstweb\/index.php\/2020\/10\/08\/maduro-proyecto-de-ley-antibloqueo-mejorado-y-corregido-sera-discutido-en-la-anc-este-jueves\/"]}]},{"@type":"ImageObject","inLanguage":"es","@id":"https:\/\/www.mpppst.gob.ve\/mpppstweb\/index.php\/2020\/10\/08\/maduro-proyecto-de-ley-antibloqueo-mejorado-y-corregido-sera-discutido-en-la-anc-este-jueves\/#primaryimage","url":"https:\/\/www.mpppst.gob.ve\/mpppstweb\/wp-content\/uploads\/2020\/10\/Nicolas-Maduro-ley-antibloqueo.jpg","contentUrl":"https:\/\/www.mpppst.gob.ve\/mpppstweb\/wp-content\/uploads\/2020\/10\/Nicolas-Maduro-ley-antibloqueo.jpg","width":1320,"height":880},{"@type":"BreadcrumbList","@id":"https:\/\/www.mpppst.gob.ve\/mpppstweb\/index.php\/2020\/10\/08\/maduro-proyecto-de-ley-antibloqueo-mejorado-y-corregido-sera-discutido-en-la-anc-este-jueves\/#breadcrumb","itemListElement":[{"@type":"ListItem","position":1,"name":"Home","item":"https:\/\/www.mpppst.gob.ve\/mpppstweb\/"},{"@type":"ListItem","position":2,"name":"Maduro: Proyecto de Ley Antibloqueo \u00abmejorado y corregido\u00bb ser\u00e1 discutido en la ANC este jueves"}]},{"@type":"WebSite","@id":"https:\/\/www.mpppst.gob.ve\/mpppstweb\/#website","url":"https:\/\/www.mpppst.gob.ve\/mpppstweb\/","name":"MPPPST","description":"Ministerio del Poder Popular para el Proceso Social de Trabajo","publisher":{"@id":"https:\/\/www.mpppst.gob.ve\/mpppstweb\/#organization"},"potentialAction":[{"@type":"SearchAction","target":{"@type":"EntryPoint","urlTemplate":"https:\/\/www.mpppst.gob.ve\/mpppstweb\/?s={search_term_string}"},"query-input":"required name=search_term_string"}],"inLanguage":"es"},{"@type":"Organization","@id":"https:\/\/www.mpppst.gob.ve\/mpppstweb\/#organization","name":"mpppst","url":"https:\/\/www.mpppst.gob.ve\/mpppstweb\/","logo":{"@type":"ImageObject","inLanguage":"es","@id":"https:\/\/www.mpppst.gob.ve\/mpppstweb\/#\/schema\/logo\/image\/","url":"https:\/\/www.mpppst.gob.ve\/mpppstweb\/wp-content\/uploads\/2025\/07\/cropped-cropped-g910.png","contentUrl":"https:\/\/www.mpppst.gob.ve\/mpppstweb\/wp-content\/uploads\/2025\/07\/cropped-cropped-g910.png","width":1080,"height":241,"caption":"mpppst"},"image":{"@id":"https:\/\/www.mpppst.gob.ve\/mpppstweb\/#\/schema\/logo\/image\/"}},{"@type":"Person","@id":"https:\/\/www.mpppst.gob.ve\/mpppstweb\/#\/schema\/person\/fc187ee8ead412bd4c9304b62f900ea4","name":"MPPPST Prensa","url":"https:\/\/www.mpppst.gob.ve\/mpppstweb\/index.php\/author\/prensa-mpppst\/"}]}},"_links":{"self":[{"href":"https:\/\/www.mpppst.gob.ve\/mpppstweb\/index.php\/wp-json\/wp\/v2\/posts\/20201"}],"collection":[{"href":"https:\/\/www.mpppst.gob.ve\/mpppstweb\/index.php\/wp-json\/wp\/v2\/posts"}],"about":[{"href":"https:\/\/www.mpppst.gob.ve\/mpppstweb\/index.php\/wp-json\/wp\/v2\/types\/post"}],"author":[{"embeddable":true,"href":"https:\/\/www.mpppst.gob.ve\/mpppstweb\/index.php\/wp-json\/wp\/v2\/users\/25"}],"replies":[{"embeddable":true,"href":"https:\/\/www.mpppst.gob.ve\/mpppstweb\/index.php\/wp-json\/wp\/v2\/comments?post=20201"}],"version-history":[{"count":1,"href":"https:\/\/www.mpppst.gob.ve\/mpppstweb\/index.php\/wp-json\/wp\/v2\/posts\/20201\/revisions"}],"predecessor-version":[{"id":20203,"href":"https:\/\/www.mpppst.gob.ve\/mpppstweb\/index.php\/wp-json\/wp\/v2\/posts\/20201\/revisions\/20203"}],"wp:featuredmedia":[{"embeddable":true,"href":"https:\/\/www.mpppst.gob.ve\/mpppstweb\/index.php\/wp-json\/wp\/v2\/media\/20202"}],"wp:attachment":[{"href":"https:\/\/www.mpppst.gob.ve\/mpppstweb\/index.php\/wp-json\/wp\/v2\/media?parent=20201"}],"wp:term":[{"taxonomy":"category","embeddable":true,"href":"https:\/\/www.mpppst.gob.ve\/mpppstweb\/index.php\/wp-json\/wp\/v2\/categories?post=20201"},{"taxonomy":"post_tag","embeddable":true,"href":"https:\/\/www.mpppst.gob.ve\/mpppstweb\/index.php\/wp-json\/wp\/v2\/tags?post=20201"}],"curies":[{"name":"wp","href":"https:\/\/api.w.org\/{rel}","templated":true}]}}