{"id":20341,"date":"2020-10-23T08:28:09","date_gmt":"2020-10-23T12:28:09","guid":{"rendered":"http:\/\/www.mpppst.gob.ve\/mpppstweb\/?p=20341"},"modified":"2020-10-23T08:28:11","modified_gmt":"2020-10-23T12:28:11","slug":"campana-electoral-para-comicios-parlamentarios-iniciara-este-3-de-noviembre","status":"publish","type":"post","link":"https:\/\/www.mpppst.gob.ve\/mpppstweb\/index.php\/2020\/10\/23\/campana-electoral-para-comicios-parlamentarios-iniciara-este-3-de-noviembre\/","title":{"rendered":"Campa\u00f1a Electoral para comicios parlamentarios iniciar\u00e1 este 3 de noviembre"},"content":{"rendered":"\n<p>Desde el pr\u00f3ximo martes 3 de noviembre hasta el jueves 3 de diciembre se desarrollar\u00e1 la Campa\u00f1a Electoral para los comicios electorales de diputados y diputadas a la Asamblea Nacional (AN) el pr\u00f3ximo 6D.<\/p>\n\n\n\n<p>En ese sentido, la presidenta del Poder Electoral, Indira Alfonzo Izaguirre, inform\u00f3 que \u201cel directorio del Consejo Nacional Electoral (CNE), en su sesi\u00f3n permanente, culmin\u00f3 la discusi\u00f3n y aprobaci\u00f3n del Reglamento Especial para la Campa\u00f1a Electoral que regir\u00e1 estos comicios parlamentarios, cuyo cuerpo normativo ser\u00e1 presentado formalmente a las Organizaciones con Fines Pol\u00edticos nacionales, regionales e ind\u00edgenas que se constituyen en el m\u00e1s de 90% de las agrupaciones que se encuentran legal y leg\u00edtimamente registradas ante el CNE\u201d.<\/p>\n\n\n\n<p>Asimismo, la m\u00e1xima autoridad del ente comicial enfatiz\u00f3 que dicha decisi\u00f3n se ajusta al esp\u00edritu de colaboraci\u00f3n, equilibrio y pluralismo que caracteriza al \u00f3rgano electoral, a\u00f1adiendo que \u201cla pandemia nos obliga a innovar y ponernos a tono con nuevas metodolog\u00edas que permitan que la participaci\u00f3n y la motivaci\u00f3n de las Organizaciones con Fines Pol\u00edticos\u201d, rese\u00f1\u00f3 portal del CNE.&nbsp;<\/p>\n\n\n\n<p>Alfonzo reiter\u00f3 la importancia del respeto a \u201clos protocolos biosanitarios establecidos por el Estado a los fines de continuar en la lucha irreductible contra el flagelo de la&nbsp;<strong>COVID-19<\/strong>\u201d, finaliz\u00f3.<\/p>\n\n\n\n<figure><iframe allowfullscreen=\"true\" class=\"\" src=\"https:\/\/platform.twitter.com\/embed\/index.html?creatorScreenName=VTVcanal8&amp;dnt=false&amp;embedId=twitter-widget-0&amp;frame=false&amp;hideCard=false&amp;hideThread=false&amp;id=1319365206854799361&amp;lang=es&amp;origin=https%3A%2F%2Fwww.vtv.gob.ve%2Fcampana-electoral-comicios-parlamentarios-iniciara-3-noviembre%2F&amp;siteScreenName=VTVcanal8&amp;theme=light&amp;widgetsVersion=ed20a2b%3A1601588405575&amp;width=550px\"><\/iframe><\/figure>\n","protected":false},"excerpt":{"rendered":"<p>Desde el pr\u00f3ximo martes 3 de noviembre hasta el jueves 3 de diciembre se desarrollar\u00e1 la &hellip; <a title=\"Campa\u00f1a Electoral para comicios parlamentarios iniciar\u00e1 este 3 de noviembre\" class=\"hm-read-more\" href=\"https:\/\/www.mpppst.gob.ve\/mpppstweb\/index.php\/2020\/10\/23\/campana-electoral-para-comicios-parlamentarios-iniciara-este-3-de-noviembre\/\"><span class=\"screen-reader-text\">Campa\u00f1a Electoral para comicios parlamentarios iniciar\u00e1 este 3 de noviembre<\/span>Read more<\/a><\/p>\n","protected":false},"author":25,"featured_media":20342,"comment_status":"closed","ping_status":"closed","sticky":false,"template":"","format":"standard","meta":{"footnotes":""},"categories":[395,82,163],"tags":[],"yoast_head":"<!-- This site is optimized with the Yoast SEO plugin v22.5 - https:\/\/yoast.com\/wordpress\/plugins\/seo\/ -->\n<title>Campa\u00f1a Electoral para comicios parlamentarios iniciar\u00e1 este 3 de noviembre - MPPPST<\/title>\n<meta name=\"robots\" content=\"index, follow, max-snippet:-1, max-image-preview:large, max-video-preview:-1\" \/>\n<link rel=\"canonical\" href=\"https:\/\/www.mpppst.gob.ve\/mpppstweb\/index.php\/2020\/10\/23\/campana-electoral-para-comicios-parlamentarios-iniciara-este-3-de-noviembre\/\" \/>\n<meta property=\"og:locale\" content=\"es_ES\" \/>\n<meta property=\"og:type\" content=\"article\" \/>\n<meta property=\"og:title\" content=\"Campa\u00f1a Electoral para comicios parlamentarios iniciar\u00e1 este 3 de noviembre - MPPPST\" \/>\n<meta property=\"og:description\" content=\"Desde el pr\u00f3ximo martes 3 de noviembre hasta el jueves 3 de diciembre se desarrollar\u00e1 la &hellip; Campa\u00f1a Electoral para comicios parlamentarios iniciar\u00e1 este 3 de noviembreRead more\" \/>\n<meta property=\"og:url\" content=\"https:\/\/www.mpppst.gob.ve\/mpppstweb\/index.php\/2020\/10\/23\/campana-electoral-para-comicios-parlamentarios-iniciara-este-3-de-noviembre\/\" \/>\n<meta property=\"og:site_name\" content=\"MPPPST\" \/>\n<meta property=\"article:published_time\" content=\"2020-10-23T12:28:09+00:00\" \/>\n<meta property=\"article:modified_time\" content=\"2020-10-23T12:28:11+00:00\" \/>\n<meta property=\"og:image\" content=\"https:\/\/www.mpppst.gob.ve\/mpppstweb\/wp-content\/uploads\/2020\/10\/CNE-2-768x427-1.jpg\" \/>\n\t<meta property=\"og:image:width\" content=\"768\" \/>\n\t<meta property=\"og:image:height\" content=\"427\" \/>\n\t<meta property=\"og:image:type\" content=\"image\/jpeg\" \/>\n<meta name=\"author\" content=\"MPPPST Prensa\" \/>\n<meta name=\"twitter:card\" content=\"summary_large_image\" \/>\n<meta name=\"twitter:label1\" content=\"Escrito por\" \/>\n\t<meta name=\"twitter:data1\" content=\"MPPPST Prensa\" \/>\n\t<meta name=\"twitter:label2\" content=\"Tiempo de lectura\" \/>\n\t<meta name=\"twitter:data2\" content=\"1 minuto\" \/>\n<script type=\"application\/ld+json\" class=\"yoast-schema-graph\">{\"@context\":\"https:\/\/schema.org\",\"@graph\":[{\"@type\":\"Article\",\"@id\":\"https:\/\/www.mpppst.gob.ve\/mpppstweb\/index.php\/2020\/10\/23\/campana-electoral-para-comicios-parlamentarios-iniciara-este-3-de-noviembre\/#article\",\"isPartOf\":{\"@id\":\"https:\/\/www.mpppst.gob.ve\/mpppstweb\/index.php\/2020\/10\/23\/campana-electoral-para-comicios-parlamentarios-iniciara-este-3-de-noviembre\/\"},\"author\":{\"name\":\"MPPPST Prensa\",\"@id\":\"https:\/\/www.mpppst.gob.ve\/mpppstweb\/#\/schema\/person\/fc187ee8ead412bd4c9304b62f900ea4\"},\"headline\":\"Campa\u00f1a Electoral para comicios parlamentarios iniciar\u00e1 este 3 de noviembre\",\"datePublished\":\"2020-10-23T12:28:09+00:00\",\"dateModified\":\"2020-10-23T12:28:11+00:00\",\"mainEntityOfPage\":{\"@id\":\"https:\/\/www.mpppst.gob.ve\/mpppstweb\/index.php\/2020\/10\/23\/campana-electoral-para-comicios-parlamentarios-iniciara-este-3-de-noviembre\/\"},\"wordCount\":229,\"publisher\":{\"@id\":\"https:\/\/www.mpppst.gob.ve\/mpppstweb\/#organization\"},\"image\":{\"@id\":\"https:\/\/www.mpppst.gob.ve\/mpppstweb\/index.php\/2020\/10\/23\/campana-electoral-para-comicios-parlamentarios-iniciara-este-3-de-noviembre\/#primaryimage\"},\"thumbnailUrl\":\"https:\/\/www.mpppst.gob.ve\/mpppstweb\/wp-content\/uploads\/2020\/10\/CNE-2-768x427-1.jpg\",\"articleSection\":[\"CNE\",\"Gobierno Nacional\",\"Noticias\"],\"inLanguage\":\"es\"},{\"@type\":\"WebPage\",\"@id\":\"https:\/\/www.mpppst.gob.ve\/mpppstweb\/index.php\/2020\/10\/23\/campana-electoral-para-comicios-parlamentarios-iniciara-este-3-de-noviembre\/\",\"url\":\"https:\/\/www.mpppst.gob.ve\/mpppstweb\/index.php\/2020\/10\/23\/campana-electoral-para-comicios-parlamentarios-iniciara-este-3-de-noviembre\/\",\"name\":\"Campa\u00f1a Electoral para comicios parlamentarios iniciar\u00e1 este 3 de noviembre - MPPPST\",\"isPartOf\":{\"@id\":\"https:\/\/www.mpppst.gob.ve\/mpppstweb\/#website\"},\"primaryImageOfPage\":{\"@id\":\"https:\/\/www.mpppst.gob.ve\/mpppstweb\/index.php\/2020\/10\/23\/campana-electoral-para-comicios-parlamentarios-iniciara-este-3-de-noviembre\/#primaryimage\"},\"image\":{\"@id\":\"https:\/\/www.mpppst.gob.ve\/mpppstweb\/index.php\/2020\/10\/23\/campana-electoral-para-comicios-parlamentarios-iniciara-este-3-de-noviembre\/#primaryimage\"},\"thumbnailUrl\":\"https:\/\/www.mpppst.gob.ve\/mpppstweb\/wp-content\/uploads\/2020\/10\/CNE-2-768x427-1.jpg\",\"datePublished\":\"2020-10-23T12:28:09+00:00\",\"dateModified\":\"2020-10-23T12:28:11+00:00\",\"breadcrumb\":{\"@id\":\"https:\/\/www.mpppst.gob.ve\/mpppstweb\/index.php\/2020\/10\/23\/campana-electoral-para-comicios-parlamentarios-iniciara-este-3-de-noviembre\/#breadcrumb\"},\"inLanguage\":\"es\",\"potentialAction\":[{\"@type\":\"ReadAction\",\"target\":[\"https:\/\/www.mpppst.gob.ve\/mpppstweb\/index.php\/2020\/10\/23\/campana-electoral-para-comicios-parlamentarios-iniciara-este-3-de-noviembre\/\"]}]},{\"@type\":\"ImageObject\",\"inLanguage\":\"es\",\"@id\":\"https:\/\/www.mpppst.gob.ve\/mpppstweb\/index.php\/2020\/10\/23\/campana-electoral-para-comicios-parlamentarios-iniciara-este-3-de-noviembre\/#primaryimage\",\"url\":\"https:\/\/www.mpppst.gob.ve\/mpppstweb\/wp-content\/uploads\/2020\/10\/CNE-2-768x427-1.jpg\",\"contentUrl\":\"https:\/\/www.mpppst.gob.ve\/mpppstweb\/wp-content\/uploads\/2020\/10\/CNE-2-768x427-1.jpg\",\"width\":768,\"height\":427},{\"@type\":\"BreadcrumbList\",\"@id\":\"https:\/\/www.mpppst.gob.ve\/mpppstweb\/index.php\/2020\/10\/23\/campana-electoral-para-comicios-parlamentarios-iniciara-este-3-de-noviembre\/#breadcrumb\",\"itemListElement\":[{\"@type\":\"ListItem\",\"position\":1,\"name\":\"Home\",\"item\":\"https:\/\/www.mpppst.gob.ve\/mpppstweb\/\"},{\"@type\":\"ListItem\",\"position\":2,\"name\":\"Campa\u00f1a Electoral para comicios parlamentarios iniciar\u00e1 este 3 de noviembre\"}]},{\"@type\":\"WebSite\",\"@id\":\"https:\/\/www.mpppst.gob.ve\/mpppstweb\/#website\",\"url\":\"https:\/\/www.mpppst.gob.ve\/mpppstweb\/\",\"name\":\"MPPPST\",\"description\":\"Ministerio del Poder Popular para el Proceso Social de Trabajo\",\"publisher\":{\"@id\":\"https:\/\/www.mpppst.gob.ve\/mpppstweb\/#organization\"},\"potentialAction\":[{\"@type\":\"SearchAction\",\"target\":{\"@type\":\"EntryPoint\",\"urlTemplate\":\"https:\/\/www.mpppst.gob.ve\/mpppstweb\/?s={search_term_string}\"},\"query-input\":\"required name=search_term_string\"}],\"inLanguage\":\"es\"},{\"@type\":\"Organization\",\"@id\":\"https:\/\/www.mpppst.gob.ve\/mpppstweb\/#organization\",\"name\":\"mpppst\",\"url\":\"https:\/\/www.mpppst.gob.ve\/mpppstweb\/\",\"logo\":{\"@type\":\"ImageObject\",\"inLanguage\":\"es\",\"@id\":\"https:\/\/www.mpppst.gob.ve\/mpppstweb\/#\/schema\/logo\/image\/\",\"url\":\"https:\/\/www.mpppst.gob.ve\/mpppstweb\/wp-content\/uploads\/2025\/07\/cropped-cropped-g910.png\",\"contentUrl\":\"https:\/\/www.mpppst.gob.ve\/mpppstweb\/wp-content\/uploads\/2025\/07\/cropped-cropped-g910.png\",\"width\":1080,\"height\":241,\"caption\":\"mpppst\"},\"image\":{\"@id\":\"https:\/\/www.mpppst.gob.ve\/mpppstweb\/#\/schema\/logo\/image\/\"}},{\"@type\":\"Person\",\"@id\":\"https:\/\/www.mpppst.gob.ve\/mpppstweb\/#\/schema\/person\/fc187ee8ead412bd4c9304b62f900ea4\",\"name\":\"MPPPST Prensa\",\"url\":\"https:\/\/www.mpppst.gob.ve\/mpppstweb\/index.php\/author\/prensa-mpppst\/\"}]}<\/script>\n<!-- \/ Yoast SEO plugin. -->","yoast_head_json":{"title":"Campa\u00f1a Electoral para comicios parlamentarios iniciar\u00e1 este 3 de noviembre - MPPPST","robots":{"index":"index","follow":"follow","max-snippet":"max-snippet:-1","max-image-preview":"max-image-preview:large","max-video-preview":"max-video-preview:-1"},"canonical":"https:\/\/www.mpppst.gob.ve\/mpppstweb\/index.php\/2020\/10\/23\/campana-electoral-para-comicios-parlamentarios-iniciara-este-3-de-noviembre\/","og_locale":"es_ES","og_type":"article","og_title":"Campa\u00f1a Electoral para comicios parlamentarios iniciar\u00e1 este 3 de noviembre - MPPPST","og_description":"Desde el pr\u00f3ximo martes 3 de noviembre hasta el jueves 3 de diciembre se desarrollar\u00e1 la &hellip; Campa\u00f1a Electoral para comicios parlamentarios iniciar\u00e1 este 3 de noviembreRead more","og_url":"https:\/\/www.mpppst.gob.ve\/mpppstweb\/index.php\/2020\/10\/23\/campana-electoral-para-comicios-parlamentarios-iniciara-este-3-de-noviembre\/","og_site_name":"MPPPST","article_published_time":"2020-10-23T12:28:09+00:00","article_modified_time":"2020-10-23T12:28:11+00:00","og_image":[{"width":768,"height":427,"url":"https:\/\/www.mpppst.gob.ve\/mpppstweb\/wp-content\/uploads\/2020\/10\/CNE-2-768x427-1.jpg","type":"image\/jpeg"}],"author":"MPPPST Prensa","twitter_card":"summary_large_image","twitter_misc":{"Escrito por":"MPPPST Prensa","Tiempo de lectura":"1 minuto"},"schema":{"@context":"https:\/\/schema.org","@graph":[{"@type":"Article","@id":"https:\/\/www.mpppst.gob.ve\/mpppstweb\/index.php\/2020\/10\/23\/campana-electoral-para-comicios-parlamentarios-iniciara-este-3-de-noviembre\/#article","isPartOf":{"@id":"https:\/\/www.mpppst.gob.ve\/mpppstweb\/index.php\/2020\/10\/23\/campana-electoral-para-comicios-parlamentarios-iniciara-este-3-de-noviembre\/"},"author":{"name":"MPPPST Prensa","@id":"https:\/\/www.mpppst.gob.ve\/mpppstweb\/#\/schema\/person\/fc187ee8ead412bd4c9304b62f900ea4"},"headline":"Campa\u00f1a Electoral para comicios parlamentarios iniciar\u00e1 este 3 de noviembre","datePublished":"2020-10-23T12:28:09+00:00","dateModified":"2020-10-23T12:28:11+00:00","mainEntityOfPage":{"@id":"https:\/\/www.mpppst.gob.ve\/mpppstweb\/index.php\/2020\/10\/23\/campana-electoral-para-comicios-parlamentarios-iniciara-este-3-de-noviembre\/"},"wordCount":229,"publisher":{"@id":"https:\/\/www.mpppst.gob.ve\/mpppstweb\/#organization"},"image":{"@id":"https:\/\/www.mpppst.gob.ve\/mpppstweb\/index.php\/2020\/10\/23\/campana-electoral-para-comicios-parlamentarios-iniciara-este-3-de-noviembre\/#primaryimage"},"thumbnailUrl":"https:\/\/www.mpppst.gob.ve\/mpppstweb\/wp-content\/uploads\/2020\/10\/CNE-2-768x427-1.jpg","articleSection":["CNE","Gobierno Nacional","Noticias"],"inLanguage":"es"},{"@type":"WebPage","@id":"https:\/\/www.mpppst.gob.ve\/mpppstweb\/index.php\/2020\/10\/23\/campana-electoral-para-comicios-parlamentarios-iniciara-este-3-de-noviembre\/","url":"https:\/\/www.mpppst.gob.ve\/mpppstweb\/index.php\/2020\/10\/23\/campana-electoral-para-comicios-parlamentarios-iniciara-este-3-de-noviembre\/","name":"Campa\u00f1a Electoral para comicios parlamentarios iniciar\u00e1 este 3 de noviembre - MPPPST","isPartOf":{"@id":"https:\/\/www.mpppst.gob.ve\/mpppstweb\/#website"},"primaryImageOfPage":{"@id":"https:\/\/www.mpppst.gob.ve\/mpppstweb\/index.php\/2020\/10\/23\/campana-electoral-para-comicios-parlamentarios-iniciara-este-3-de-noviembre\/#primaryimage"},"image":{"@id":"https:\/\/www.mpppst.gob.ve\/mpppstweb\/index.php\/2020\/10\/23\/campana-electoral-para-comicios-parlamentarios-iniciara-este-3-de-noviembre\/#primaryimage"},"thumbnailUrl":"https:\/\/www.mpppst.gob.ve\/mpppstweb\/wp-content\/uploads\/2020\/10\/CNE-2-768x427-1.jpg","datePublished":"2020-10-23T12:28:09+00:00","dateModified":"2020-10-23T12:28:11+00:00","breadcrumb":{"@id":"https:\/\/www.mpppst.gob.ve\/mpppstweb\/index.php\/2020\/10\/23\/campana-electoral-para-comicios-parlamentarios-iniciara-este-3-de-noviembre\/#breadcrumb"},"inLanguage":"es","potentialAction":[{"@type":"ReadAction","target":["https:\/\/www.mpppst.gob.ve\/mpppstweb\/index.php\/2020\/10\/23\/campana-electoral-para-comicios-parlamentarios-iniciara-este-3-de-noviembre\/"]}]},{"@type":"ImageObject","inLanguage":"es","@id":"https:\/\/www.mpppst.gob.ve\/mpppstweb\/index.php\/2020\/10\/23\/campana-electoral-para-comicios-parlamentarios-iniciara-este-3-de-noviembre\/#primaryimage","url":"https:\/\/www.mpppst.gob.ve\/mpppstweb\/wp-content\/uploads\/2020\/10\/CNE-2-768x427-1.jpg","contentUrl":"https:\/\/www.mpppst.gob.ve\/mpppstweb\/wp-content\/uploads\/2020\/10\/CNE-2-768x427-1.jpg","width":768,"height":427},{"@type":"BreadcrumbList","@id":"https:\/\/www.mpppst.gob.ve\/mpppstweb\/index.php\/2020\/10\/23\/campana-electoral-para-comicios-parlamentarios-iniciara-este-3-de-noviembre\/#breadcrumb","itemListElement":[{"@type":"ListItem","position":1,"name":"Home","item":"https:\/\/www.mpppst.gob.ve\/mpppstweb\/"},{"@type":"ListItem","position":2,"name":"Campa\u00f1a Electoral para comicios parlamentarios iniciar\u00e1 este 3 de noviembre"}]},{"@type":"WebSite","@id":"https:\/\/www.mpppst.gob.ve\/mpppstweb\/#website","url":"https:\/\/www.mpppst.gob.ve\/mpppstweb\/","name":"MPPPST","description":"Ministerio del Poder Popular para el Proceso Social de Trabajo","publisher":{"@id":"https:\/\/www.mpppst.gob.ve\/mpppstweb\/#organization"},"potentialAction":[{"@type":"SearchAction","target":{"@type":"EntryPoint","urlTemplate":"https:\/\/www.mpppst.gob.ve\/mpppstweb\/?s={search_term_string}"},"query-input":"required name=search_term_string"}],"inLanguage":"es"},{"@type":"Organization","@id":"https:\/\/www.mpppst.gob.ve\/mpppstweb\/#organization","name":"mpppst","url":"https:\/\/www.mpppst.gob.ve\/mpppstweb\/","logo":{"@type":"ImageObject","inLanguage":"es","@id":"https:\/\/www.mpppst.gob.ve\/mpppstweb\/#\/schema\/logo\/image\/","url":"https:\/\/www.mpppst.gob.ve\/mpppstweb\/wp-content\/uploads\/2025\/07\/cropped-cropped-g910.png","contentUrl":"https:\/\/www.mpppst.gob.ve\/mpppstweb\/wp-content\/uploads\/2025\/07\/cropped-cropped-g910.png","width":1080,"height":241,"caption":"mpppst"},"image":{"@id":"https:\/\/www.mpppst.gob.ve\/mpppstweb\/#\/schema\/logo\/image\/"}},{"@type":"Person","@id":"https:\/\/www.mpppst.gob.ve\/mpppstweb\/#\/schema\/person\/fc187ee8ead412bd4c9304b62f900ea4","name":"MPPPST Prensa","url":"https:\/\/www.mpppst.gob.ve\/mpppstweb\/index.php\/author\/prensa-mpppst\/"}]}},"_links":{"self":[{"href":"https:\/\/www.mpppst.gob.ve\/mpppstweb\/index.php\/wp-json\/wp\/v2\/posts\/20341"}],"collection":[{"href":"https:\/\/www.mpppst.gob.ve\/mpppstweb\/index.php\/wp-json\/wp\/v2\/posts"}],"about":[{"href":"https:\/\/www.mpppst.gob.ve\/mpppstweb\/index.php\/wp-json\/wp\/v2\/types\/post"}],"author":[{"embeddable":true,"href":"https:\/\/www.mpppst.gob.ve\/mpppstweb\/index.php\/wp-json\/wp\/v2\/users\/25"}],"replies":[{"embeddable":true,"href":"https:\/\/www.mpppst.gob.ve\/mpppstweb\/index.php\/wp-json\/wp\/v2\/comments?post=20341"}],"version-history":[{"count":1,"href":"https:\/\/www.mpppst.gob.ve\/mpppstweb\/index.php\/wp-json\/wp\/v2\/posts\/20341\/revisions"}],"predecessor-version":[{"id":20343,"href":"https:\/\/www.mpppst.gob.ve\/mpppstweb\/index.php\/wp-json\/wp\/v2\/posts\/20341\/revisions\/20343"}],"wp:featuredmedia":[{"embeddable":true,"href":"https:\/\/www.mpppst.gob.ve\/mpppstweb\/index.php\/wp-json\/wp\/v2\/media\/20342"}],"wp:attachment":[{"href":"https:\/\/www.mpppst.gob.ve\/mpppstweb\/index.php\/wp-json\/wp\/v2\/media?parent=20341"}],"wp:term":[{"taxonomy":"category","embeddable":true,"href":"https:\/\/www.mpppst.gob.ve\/mpppstweb\/index.php\/wp-json\/wp\/v2\/categories?post=20341"},{"taxonomy":"post_tag","embeddable":true,"href":"https:\/\/www.mpppst.gob.ve\/mpppstweb\/index.php\/wp-json\/wp\/v2\/tags?post=20341"}],"curies":[{"name":"wp","href":"https:\/\/api.w.org\/{rel}","templated":true}]}}