{"id":20433,"date":"2020-11-06T10:00:21","date_gmt":"2020-11-06T14:00:21","guid":{"rendered":"http:\/\/www.mpppst.gob.ve\/mpppstweb\/?p=20433"},"modified":"2020-11-06T10:00:22","modified_gmt":"2020-11-06T14:00:22","slug":"debate-candidatos-de-gobierno-y-oposicion-coinciden-en-que-se-debe-recuperar-la-capacidad-productiva-del-pais","status":"publish","type":"post","link":"https:\/\/www.mpppst.gob.ve\/mpppstweb\/index.php\/2020\/11\/06\/debate-candidatos-de-gobierno-y-oposicion-coinciden-en-que-se-debe-recuperar-la-capacidad-productiva-del-pais\/","title":{"rendered":"DEBATE| Candidatos de Gobierno y Oposici\u00f3n coinciden en que se debe recuperar la capacidad productiva del pa\u00eds"},"content":{"rendered":"\n<p>Este jueves, durante una entrevista ofrecida en el programa Pulso Electoral, espacio para el<a href=\"https:\/\/www.vtv.gob.ve\/debate-candidatos-de-gobierno-y-oposicion-coinciden-en-que-es-necesario-reinstitucionalizar-la-asamblea-nacional\/\">&nbsp;debate<\/a>&nbsp;entre los candidatos a la Asamblea Nacional (AN), transmitido por Venezolana de Televisi\u00f3n (VTV) y conducido por el vicepresidente de Servicios Informativos de VTV, Julio Riob\u00f3, el candidato por el Gran Polo Patri\u00f3tico Sim\u00f3n Bol\u00edvar (GPPSB), Pedro Infante; Menfri Paris por el partido Acci\u00f3n Democr\u00e1tica (AD) y&nbsp; Martha Urbina por el Movimiento Pol\u00edtico Prociudadanos, coincidieron en que se debe recuperar la capacidad productiva del pa\u00eds.<\/p>\n\n\n\n<p>El candidato por el GPPSB, Pedro Infante, se\u00f1al\u00f3 que lo primero que se busca desde el partido es garantizar una Asamblea soberana, que se coloque del lado del pueblo y que se dedique a hacer leyes en funci\u00f3n de las necesidades de cada uno de los venezolanos.<\/p>\n\n\n\n<p>Se\u00f1al\u00f3 que como parte de del programa legislativo para el cambio 2021-2025, se han realizado una serie de propuestas de las cuales quedaron sistematizadas doce, entre ellas se encuentran las leyes para la protecci\u00f3n de la familia; econom\u00eda; servicios p\u00fablicos; parlamento comunal y cuidado de los cuidadores y aquellos sujetos de cuidado, entre otras.&nbsp;&nbsp;<\/p>\n\n\n\n<p>Mientras tanto, el candidato de la por AD, Menfri Paris, detall\u00f3 que una de las propuestas fundamentales que se deben estudiar en esta pr\u00f3xima Asamblea Nacional es la mejora de los salarios de los trabajadores, \u00abes necesario crear salarios dignos, desde AD, llevamos la propuesta de 600$ mensuales a fin de que los venezolanos tengan un mejor estilo de vida\u00bb.<\/p>\n\n\n\n<p>Por su parte, la candidata por el Movimiento Pol\u00edtico Prociudadanos, Martha Urbina, aleg\u00f3 que todos los venezolanos buscan un cambio, \u00abexisten dos maneras para solucionar este problema y es la v\u00eda de la violencia o de las elecciones democr\u00e1ticas, y desde ProCiudadanos solo tenemos una sola y es crear una enmienda constitucional pactada con el chavismo&nbsp; para llegar a unas elecciones presidenciales de inmediato\u00bb dijo.<\/p>\n","protected":false},"excerpt":{"rendered":"<p>Este jueves, durante una entrevista ofrecida en el programa Pulso Electoral, espacio para el&nbsp;debate&nbsp;entre los candidatos &hellip; <a title=\"DEBATE| Candidatos de Gobierno y Oposici\u00f3n coinciden en que se debe recuperar la capacidad productiva del pa\u00eds\" class=\"hm-read-more\" href=\"https:\/\/www.mpppst.gob.ve\/mpppstweb\/index.php\/2020\/11\/06\/debate-candidatos-de-gobierno-y-oposicion-coinciden-en-que-se-debe-recuperar-la-capacidad-productiva-del-pais\/\"><span class=\"screen-reader-text\">DEBATE| Candidatos de Gobierno y Oposici\u00f3n coinciden en que se debe recuperar la capacidad productiva del pa\u00eds<\/span>Read more<\/a><\/p>\n","protected":false},"author":25,"featured_media":20434,"comment_status":"closed","ping_status":"closed","sticky":false,"template":"","format":"standard","meta":{"footnotes":""},"categories":[82,163],"tags":[],"yoast_head":"<!-- This site is optimized with the Yoast SEO plugin v22.5 - https:\/\/yoast.com\/wordpress\/plugins\/seo\/ -->\n<title>DEBATE| Candidatos de Gobierno y Oposici\u00f3n coinciden en que se debe recuperar la capacidad productiva del pa\u00eds - MPPPST<\/title>\n<meta name=\"robots\" content=\"index, follow, max-snippet:-1, max-image-preview:large, max-video-preview:-1\" \/>\n<link rel=\"canonical\" href=\"https:\/\/www.mpppst.gob.ve\/mpppstweb\/index.php\/2020\/11\/06\/debate-candidatos-de-gobierno-y-oposicion-coinciden-en-que-se-debe-recuperar-la-capacidad-productiva-del-pais\/\" \/>\n<meta property=\"og:locale\" content=\"es_ES\" \/>\n<meta property=\"og:type\" content=\"article\" \/>\n<meta property=\"og:title\" content=\"DEBATE| Candidatos de Gobierno y Oposici\u00f3n coinciden en que se debe recuperar la capacidad productiva del pa\u00eds - MPPPST\" \/>\n<meta property=\"og:description\" content=\"Este jueves, durante una entrevista ofrecida en el programa Pulso Electoral, espacio para el&nbsp;debate&nbsp;entre los candidatos &hellip; DEBATE| Candidatos de Gobierno y Oposici\u00f3n coinciden en que se debe recuperar la capacidad productiva del pa\u00edsRead more\" \/>\n<meta property=\"og:url\" content=\"https:\/\/www.mpppst.gob.ve\/mpppstweb\/index.php\/2020\/11\/06\/debate-candidatos-de-gobierno-y-oposicion-coinciden-en-que-se-debe-recuperar-la-capacidad-productiva-del-pais\/\" \/>\n<meta property=\"og:site_name\" content=\"MPPPST\" \/>\n<meta property=\"article:published_time\" content=\"2020-11-06T14:00:21+00:00\" \/>\n<meta property=\"article:modified_time\" content=\"2020-11-06T14:00:22+00:00\" \/>\n<meta property=\"og:image\" content=\"https:\/\/www.mpppst.gob.ve\/mpppstweb\/wp-content\/uploads\/2020\/11\/WhatsApp-Image-2020-11-05-at-10.14.28-PM-768x427-1.jpeg\" \/>\n\t<meta property=\"og:image:width\" content=\"768\" \/>\n\t<meta property=\"og:image:height\" content=\"427\" \/>\n\t<meta property=\"og:image:type\" content=\"image\/jpeg\" \/>\n<meta name=\"author\" content=\"MPPPST Prensa\" \/>\n<meta name=\"twitter:card\" content=\"summary_large_image\" \/>\n<meta name=\"twitter:label1\" content=\"Escrito por\" \/>\n\t<meta name=\"twitter:data1\" content=\"MPPPST Prensa\" \/>\n\t<meta name=\"twitter:label2\" content=\"Tiempo de lectura\" \/>\n\t<meta name=\"twitter:data2\" content=\"2 minutos\" \/>\n<script type=\"application\/ld+json\" class=\"yoast-schema-graph\">{\"@context\":\"https:\/\/schema.org\",\"@graph\":[{\"@type\":\"Article\",\"@id\":\"https:\/\/www.mpppst.gob.ve\/mpppstweb\/index.php\/2020\/11\/06\/debate-candidatos-de-gobierno-y-oposicion-coinciden-en-que-se-debe-recuperar-la-capacidad-productiva-del-pais\/#article\",\"isPartOf\":{\"@id\":\"https:\/\/www.mpppst.gob.ve\/mpppstweb\/index.php\/2020\/11\/06\/debate-candidatos-de-gobierno-y-oposicion-coinciden-en-que-se-debe-recuperar-la-capacidad-productiva-del-pais\/\"},\"author\":{\"name\":\"MPPPST Prensa\",\"@id\":\"https:\/\/www.mpppst.gob.ve\/mpppstweb\/#\/schema\/person\/fc187ee8ead412bd4c9304b62f900ea4\"},\"headline\":\"DEBATE| Candidatos de Gobierno y Oposici\u00f3n coinciden en que se debe recuperar la capacidad productiva del pa\u00eds\",\"datePublished\":\"2020-11-06T14:00:21+00:00\",\"dateModified\":\"2020-11-06T14:00:22+00:00\",\"mainEntityOfPage\":{\"@id\":\"https:\/\/www.mpppst.gob.ve\/mpppstweb\/index.php\/2020\/11\/06\/debate-candidatos-de-gobierno-y-oposicion-coinciden-en-que-se-debe-recuperar-la-capacidad-productiva-del-pais\/\"},\"wordCount\":348,\"publisher\":{\"@id\":\"https:\/\/www.mpppst.gob.ve\/mpppstweb\/#organization\"},\"image\":{\"@id\":\"https:\/\/www.mpppst.gob.ve\/mpppstweb\/index.php\/2020\/11\/06\/debate-candidatos-de-gobierno-y-oposicion-coinciden-en-que-se-debe-recuperar-la-capacidad-productiva-del-pais\/#primaryimage\"},\"thumbnailUrl\":\"https:\/\/www.mpppst.gob.ve\/mpppstweb\/wp-content\/uploads\/2020\/11\/WhatsApp-Image-2020-11-05-at-10.14.28-PM-768x427-1.jpeg\",\"articleSection\":[\"Gobierno Nacional\",\"Noticias\"],\"inLanguage\":\"es\"},{\"@type\":\"WebPage\",\"@id\":\"https:\/\/www.mpppst.gob.ve\/mpppstweb\/index.php\/2020\/11\/06\/debate-candidatos-de-gobierno-y-oposicion-coinciden-en-que-se-debe-recuperar-la-capacidad-productiva-del-pais\/\",\"url\":\"https:\/\/www.mpppst.gob.ve\/mpppstweb\/index.php\/2020\/11\/06\/debate-candidatos-de-gobierno-y-oposicion-coinciden-en-que-se-debe-recuperar-la-capacidad-productiva-del-pais\/\",\"name\":\"DEBATE| Candidatos de Gobierno y Oposici\u00f3n coinciden en que se debe recuperar la capacidad productiva del pa\u00eds - MPPPST\",\"isPartOf\":{\"@id\":\"https:\/\/www.mpppst.gob.ve\/mpppstweb\/#website\"},\"primaryImageOfPage\":{\"@id\":\"https:\/\/www.mpppst.gob.ve\/mpppstweb\/index.php\/2020\/11\/06\/debate-candidatos-de-gobierno-y-oposicion-coinciden-en-que-se-debe-recuperar-la-capacidad-productiva-del-pais\/#primaryimage\"},\"image\":{\"@id\":\"https:\/\/www.mpppst.gob.ve\/mpppstweb\/index.php\/2020\/11\/06\/debate-candidatos-de-gobierno-y-oposicion-coinciden-en-que-se-debe-recuperar-la-capacidad-productiva-del-pais\/#primaryimage\"},\"thumbnailUrl\":\"https:\/\/www.mpppst.gob.ve\/mpppstweb\/wp-content\/uploads\/2020\/11\/WhatsApp-Image-2020-11-05-at-10.14.28-PM-768x427-1.jpeg\",\"datePublished\":\"2020-11-06T14:00:21+00:00\",\"dateModified\":\"2020-11-06T14:00:22+00:00\",\"breadcrumb\":{\"@id\":\"https:\/\/www.mpppst.gob.ve\/mpppstweb\/index.php\/2020\/11\/06\/debate-candidatos-de-gobierno-y-oposicion-coinciden-en-que-se-debe-recuperar-la-capacidad-productiva-del-pais\/#breadcrumb\"},\"inLanguage\":\"es\",\"potentialAction\":[{\"@type\":\"ReadAction\",\"target\":[\"https:\/\/www.mpppst.gob.ve\/mpppstweb\/index.php\/2020\/11\/06\/debate-candidatos-de-gobierno-y-oposicion-coinciden-en-que-se-debe-recuperar-la-capacidad-productiva-del-pais\/\"]}]},{\"@type\":\"ImageObject\",\"inLanguage\":\"es\",\"@id\":\"https:\/\/www.mpppst.gob.ve\/mpppstweb\/index.php\/2020\/11\/06\/debate-candidatos-de-gobierno-y-oposicion-coinciden-en-que-se-debe-recuperar-la-capacidad-productiva-del-pais\/#primaryimage\",\"url\":\"https:\/\/www.mpppst.gob.ve\/mpppstweb\/wp-content\/uploads\/2020\/11\/WhatsApp-Image-2020-11-05-at-10.14.28-PM-768x427-1.jpeg\",\"contentUrl\":\"https:\/\/www.mpppst.gob.ve\/mpppstweb\/wp-content\/uploads\/2020\/11\/WhatsApp-Image-2020-11-05-at-10.14.28-PM-768x427-1.jpeg\",\"width\":768,\"height\":427},{\"@type\":\"BreadcrumbList\",\"@id\":\"https:\/\/www.mpppst.gob.ve\/mpppstweb\/index.php\/2020\/11\/06\/debate-candidatos-de-gobierno-y-oposicion-coinciden-en-que-se-debe-recuperar-la-capacidad-productiva-del-pais\/#breadcrumb\",\"itemListElement\":[{\"@type\":\"ListItem\",\"position\":1,\"name\":\"Home\",\"item\":\"https:\/\/www.mpppst.gob.ve\/mpppstweb\/\"},{\"@type\":\"ListItem\",\"position\":2,\"name\":\"DEBATE| Candidatos de Gobierno y Oposici\u00f3n coinciden en que se debe recuperar la capacidad productiva del pa\u00eds\"}]},{\"@type\":\"WebSite\",\"@id\":\"https:\/\/www.mpppst.gob.ve\/mpppstweb\/#website\",\"url\":\"https:\/\/www.mpppst.gob.ve\/mpppstweb\/\",\"name\":\"MPPPST\",\"description\":\"Ministerio del Poder Popular para el Proceso Social de Trabajo\",\"publisher\":{\"@id\":\"https:\/\/www.mpppst.gob.ve\/mpppstweb\/#organization\"},\"potentialAction\":[{\"@type\":\"SearchAction\",\"target\":{\"@type\":\"EntryPoint\",\"urlTemplate\":\"https:\/\/www.mpppst.gob.ve\/mpppstweb\/?s={search_term_string}\"},\"query-input\":\"required name=search_term_string\"}],\"inLanguage\":\"es\"},{\"@type\":\"Organization\",\"@id\":\"https:\/\/www.mpppst.gob.ve\/mpppstweb\/#organization\",\"name\":\"mpppst\",\"url\":\"https:\/\/www.mpppst.gob.ve\/mpppstweb\/\",\"logo\":{\"@type\":\"ImageObject\",\"inLanguage\":\"es\",\"@id\":\"https:\/\/www.mpppst.gob.ve\/mpppstweb\/#\/schema\/logo\/image\/\",\"url\":\"https:\/\/www.mpppst.gob.ve\/mpppstweb\/wp-content\/uploads\/2025\/07\/cropped-cropped-g910.png\",\"contentUrl\":\"https:\/\/www.mpppst.gob.ve\/mpppstweb\/wp-content\/uploads\/2025\/07\/cropped-cropped-g910.png\",\"width\":1080,\"height\":241,\"caption\":\"mpppst\"},\"image\":{\"@id\":\"https:\/\/www.mpppst.gob.ve\/mpppstweb\/#\/schema\/logo\/image\/\"}},{\"@type\":\"Person\",\"@id\":\"https:\/\/www.mpppst.gob.ve\/mpppstweb\/#\/schema\/person\/fc187ee8ead412bd4c9304b62f900ea4\",\"name\":\"MPPPST Prensa\",\"url\":\"https:\/\/www.mpppst.gob.ve\/mpppstweb\/index.php\/author\/prensa-mpppst\/\"}]}<\/script>\n<!-- \/ Yoast SEO plugin. -->","yoast_head_json":{"title":"DEBATE| Candidatos de Gobierno y Oposici\u00f3n coinciden en que se debe recuperar la capacidad productiva del pa\u00eds - MPPPST","robots":{"index":"index","follow":"follow","max-snippet":"max-snippet:-1","max-image-preview":"max-image-preview:large","max-video-preview":"max-video-preview:-1"},"canonical":"https:\/\/www.mpppst.gob.ve\/mpppstweb\/index.php\/2020\/11\/06\/debate-candidatos-de-gobierno-y-oposicion-coinciden-en-que-se-debe-recuperar-la-capacidad-productiva-del-pais\/","og_locale":"es_ES","og_type":"article","og_title":"DEBATE| Candidatos de Gobierno y Oposici\u00f3n coinciden en que se debe recuperar la capacidad productiva del pa\u00eds - MPPPST","og_description":"Este jueves, durante una entrevista ofrecida en el programa Pulso Electoral, espacio para el&nbsp;debate&nbsp;entre los candidatos &hellip; DEBATE| Candidatos de Gobierno y Oposici\u00f3n coinciden en que se debe recuperar la capacidad productiva del pa\u00edsRead more","og_url":"https:\/\/www.mpppst.gob.ve\/mpppstweb\/index.php\/2020\/11\/06\/debate-candidatos-de-gobierno-y-oposicion-coinciden-en-que-se-debe-recuperar-la-capacidad-productiva-del-pais\/","og_site_name":"MPPPST","article_published_time":"2020-11-06T14:00:21+00:00","article_modified_time":"2020-11-06T14:00:22+00:00","og_image":[{"width":768,"height":427,"url":"https:\/\/www.mpppst.gob.ve\/mpppstweb\/wp-content\/uploads\/2020\/11\/WhatsApp-Image-2020-11-05-at-10.14.28-PM-768x427-1.jpeg","type":"image\/jpeg"}],"author":"MPPPST Prensa","twitter_card":"summary_large_image","twitter_misc":{"Escrito por":"MPPPST Prensa","Tiempo de lectura":"2 minutos"},"schema":{"@context":"https:\/\/schema.org","@graph":[{"@type":"Article","@id":"https:\/\/www.mpppst.gob.ve\/mpppstweb\/index.php\/2020\/11\/06\/debate-candidatos-de-gobierno-y-oposicion-coinciden-en-que-se-debe-recuperar-la-capacidad-productiva-del-pais\/#article","isPartOf":{"@id":"https:\/\/www.mpppst.gob.ve\/mpppstweb\/index.php\/2020\/11\/06\/debate-candidatos-de-gobierno-y-oposicion-coinciden-en-que-se-debe-recuperar-la-capacidad-productiva-del-pais\/"},"author":{"name":"MPPPST Prensa","@id":"https:\/\/www.mpppst.gob.ve\/mpppstweb\/#\/schema\/person\/fc187ee8ead412bd4c9304b62f900ea4"},"headline":"DEBATE| Candidatos de Gobierno y Oposici\u00f3n coinciden en que se debe recuperar la capacidad productiva del pa\u00eds","datePublished":"2020-11-06T14:00:21+00:00","dateModified":"2020-11-06T14:00:22+00:00","mainEntityOfPage":{"@id":"https:\/\/www.mpppst.gob.ve\/mpppstweb\/index.php\/2020\/11\/06\/debate-candidatos-de-gobierno-y-oposicion-coinciden-en-que-se-debe-recuperar-la-capacidad-productiva-del-pais\/"},"wordCount":348,"publisher":{"@id":"https:\/\/www.mpppst.gob.ve\/mpppstweb\/#organization"},"image":{"@id":"https:\/\/www.mpppst.gob.ve\/mpppstweb\/index.php\/2020\/11\/06\/debate-candidatos-de-gobierno-y-oposicion-coinciden-en-que-se-debe-recuperar-la-capacidad-productiva-del-pais\/#primaryimage"},"thumbnailUrl":"https:\/\/www.mpppst.gob.ve\/mpppstweb\/wp-content\/uploads\/2020\/11\/WhatsApp-Image-2020-11-05-at-10.14.28-PM-768x427-1.jpeg","articleSection":["Gobierno Nacional","Noticias"],"inLanguage":"es"},{"@type":"WebPage","@id":"https:\/\/www.mpppst.gob.ve\/mpppstweb\/index.php\/2020\/11\/06\/debate-candidatos-de-gobierno-y-oposicion-coinciden-en-que-se-debe-recuperar-la-capacidad-productiva-del-pais\/","url":"https:\/\/www.mpppst.gob.ve\/mpppstweb\/index.php\/2020\/11\/06\/debate-candidatos-de-gobierno-y-oposicion-coinciden-en-que-se-debe-recuperar-la-capacidad-productiva-del-pais\/","name":"DEBATE| Candidatos de Gobierno y Oposici\u00f3n coinciden en que se debe recuperar la capacidad productiva del pa\u00eds - MPPPST","isPartOf":{"@id":"https:\/\/www.mpppst.gob.ve\/mpppstweb\/#website"},"primaryImageOfPage":{"@id":"https:\/\/www.mpppst.gob.ve\/mpppstweb\/index.php\/2020\/11\/06\/debate-candidatos-de-gobierno-y-oposicion-coinciden-en-que-se-debe-recuperar-la-capacidad-productiva-del-pais\/#primaryimage"},"image":{"@id":"https:\/\/www.mpppst.gob.ve\/mpppstweb\/index.php\/2020\/11\/06\/debate-candidatos-de-gobierno-y-oposicion-coinciden-en-que-se-debe-recuperar-la-capacidad-productiva-del-pais\/#primaryimage"},"thumbnailUrl":"https:\/\/www.mpppst.gob.ve\/mpppstweb\/wp-content\/uploads\/2020\/11\/WhatsApp-Image-2020-11-05-at-10.14.28-PM-768x427-1.jpeg","datePublished":"2020-11-06T14:00:21+00:00","dateModified":"2020-11-06T14:00:22+00:00","breadcrumb":{"@id":"https:\/\/www.mpppst.gob.ve\/mpppstweb\/index.php\/2020\/11\/06\/debate-candidatos-de-gobierno-y-oposicion-coinciden-en-que-se-debe-recuperar-la-capacidad-productiva-del-pais\/#breadcrumb"},"inLanguage":"es","potentialAction":[{"@type":"ReadAction","target":["https:\/\/www.mpppst.gob.ve\/mpppstweb\/index.php\/2020\/11\/06\/debate-candidatos-de-gobierno-y-oposicion-coinciden-en-que-se-debe-recuperar-la-capacidad-productiva-del-pais\/"]}]},{"@type":"ImageObject","inLanguage":"es","@id":"https:\/\/www.mpppst.gob.ve\/mpppstweb\/index.php\/2020\/11\/06\/debate-candidatos-de-gobierno-y-oposicion-coinciden-en-que-se-debe-recuperar-la-capacidad-productiva-del-pais\/#primaryimage","url":"https:\/\/www.mpppst.gob.ve\/mpppstweb\/wp-content\/uploads\/2020\/11\/WhatsApp-Image-2020-11-05-at-10.14.28-PM-768x427-1.jpeg","contentUrl":"https:\/\/www.mpppst.gob.ve\/mpppstweb\/wp-content\/uploads\/2020\/11\/WhatsApp-Image-2020-11-05-at-10.14.28-PM-768x427-1.jpeg","width":768,"height":427},{"@type":"BreadcrumbList","@id":"https:\/\/www.mpppst.gob.ve\/mpppstweb\/index.php\/2020\/11\/06\/debate-candidatos-de-gobierno-y-oposicion-coinciden-en-que-se-debe-recuperar-la-capacidad-productiva-del-pais\/#breadcrumb","itemListElement":[{"@type":"ListItem","position":1,"name":"Home","item":"https:\/\/www.mpppst.gob.ve\/mpppstweb\/"},{"@type":"ListItem","position":2,"name":"DEBATE| Candidatos de Gobierno y Oposici\u00f3n coinciden en que se debe recuperar la capacidad productiva del pa\u00eds"}]},{"@type":"WebSite","@id":"https:\/\/www.mpppst.gob.ve\/mpppstweb\/#website","url":"https:\/\/www.mpppst.gob.ve\/mpppstweb\/","name":"MPPPST","description":"Ministerio del Poder Popular para el Proceso Social de Trabajo","publisher":{"@id":"https:\/\/www.mpppst.gob.ve\/mpppstweb\/#organization"},"potentialAction":[{"@type":"SearchAction","target":{"@type":"EntryPoint","urlTemplate":"https:\/\/www.mpppst.gob.ve\/mpppstweb\/?s={search_term_string}"},"query-input":"required name=search_term_string"}],"inLanguage":"es"},{"@type":"Organization","@id":"https:\/\/www.mpppst.gob.ve\/mpppstweb\/#organization","name":"mpppst","url":"https:\/\/www.mpppst.gob.ve\/mpppstweb\/","logo":{"@type":"ImageObject","inLanguage":"es","@id":"https:\/\/www.mpppst.gob.ve\/mpppstweb\/#\/schema\/logo\/image\/","url":"https:\/\/www.mpppst.gob.ve\/mpppstweb\/wp-content\/uploads\/2025\/07\/cropped-cropped-g910.png","contentUrl":"https:\/\/www.mpppst.gob.ve\/mpppstweb\/wp-content\/uploads\/2025\/07\/cropped-cropped-g910.png","width":1080,"height":241,"caption":"mpppst"},"image":{"@id":"https:\/\/www.mpppst.gob.ve\/mpppstweb\/#\/schema\/logo\/image\/"}},{"@type":"Person","@id":"https:\/\/www.mpppst.gob.ve\/mpppstweb\/#\/schema\/person\/fc187ee8ead412bd4c9304b62f900ea4","name":"MPPPST Prensa","url":"https:\/\/www.mpppst.gob.ve\/mpppstweb\/index.php\/author\/prensa-mpppst\/"}]}},"_links":{"self":[{"href":"https:\/\/www.mpppst.gob.ve\/mpppstweb\/index.php\/wp-json\/wp\/v2\/posts\/20433"}],"collection":[{"href":"https:\/\/www.mpppst.gob.ve\/mpppstweb\/index.php\/wp-json\/wp\/v2\/posts"}],"about":[{"href":"https:\/\/www.mpppst.gob.ve\/mpppstweb\/index.php\/wp-json\/wp\/v2\/types\/post"}],"author":[{"embeddable":true,"href":"https:\/\/www.mpppst.gob.ve\/mpppstweb\/index.php\/wp-json\/wp\/v2\/users\/25"}],"replies":[{"embeddable":true,"href":"https:\/\/www.mpppst.gob.ve\/mpppstweb\/index.php\/wp-json\/wp\/v2\/comments?post=20433"}],"version-history":[{"count":1,"href":"https:\/\/www.mpppst.gob.ve\/mpppstweb\/index.php\/wp-json\/wp\/v2\/posts\/20433\/revisions"}],"predecessor-version":[{"id":20435,"href":"https:\/\/www.mpppst.gob.ve\/mpppstweb\/index.php\/wp-json\/wp\/v2\/posts\/20433\/revisions\/20435"}],"wp:featuredmedia":[{"embeddable":true,"href":"https:\/\/www.mpppst.gob.ve\/mpppstweb\/index.php\/wp-json\/wp\/v2\/media\/20434"}],"wp:attachment":[{"href":"https:\/\/www.mpppst.gob.ve\/mpppstweb\/index.php\/wp-json\/wp\/v2\/media?parent=20433"}],"wp:term":[{"taxonomy":"category","embeddable":true,"href":"https:\/\/www.mpppst.gob.ve\/mpppstweb\/index.php\/wp-json\/wp\/v2\/categories?post=20433"},{"taxonomy":"post_tag","embeddable":true,"href":"https:\/\/www.mpppst.gob.ve\/mpppstweb\/index.php\/wp-json\/wp\/v2\/tags?post=20433"}],"curies":[{"name":"wp","href":"https:\/\/api.w.org\/{rel}","templated":true}]}}