{"id":20436,"date":"2020-11-06T10:02:27","date_gmt":"2020-11-06T14:02:27","guid":{"rendered":"http:\/\/www.mpppst.gob.ve\/mpppstweb\/?p=20436"},"modified":"2020-11-06T10:02:28","modified_gmt":"2020-11-06T14:02:28","slug":"sector-empresarial-realizo-encuentro-con-autoridades-regionales-de-ocumare-del-tuy-para-fortalecer-motor-productivo","status":"publish","type":"post","link":"https:\/\/www.mpppst.gob.ve\/mpppstweb\/index.php\/2020\/11\/06\/sector-empresarial-realizo-encuentro-con-autoridades-regionales-de-ocumare-del-tuy-para-fortalecer-motor-productivo\/","title":{"rendered":"Sector empresarial realiz\u00f3 encuentro con autoridades regionales de Ocumare del Tuy para fortalecer motor productivo"},"content":{"rendered":"\n<p>En pro de fortalecer el motor productivo del municipio Tom\u00e1s Lander, se llev\u00f3 a cabo un encuentro entre autoridades nacionales y regionales del gremio empresarial y comerciantes e industriales de la poblaci\u00f3n ocumare\u00f1a.<\/p>\n\n\n\n<p>La reuni\u00f3n tuvo lugar en el gimnasio vertical Hugo Ch\u00e1vez y cont\u00f3 con la participaci\u00f3n del Jefe Nacional del Comando del Sector Empresarial y Presidente de Fedeindustria, Orlando Camacho, el Secretario de Emprendimiento de la Gobernaci\u00f3n de Miranda, Ricardo Moreno y representantes de la alcald\u00eda de Tom\u00e1s Lander, quienes se encargaron de debatir y hacer sus planteamientos con al menos 32 empresarios de la jurisdicci\u00f3n con miras a&nbsp; impulsar la peque\u00f1a y mediana industria de la entidad.<\/p>\n\n\n\n<p>En su intervenci\u00f3n, Orlando Camacho destac\u00f3 que la econom\u00eda se debe recuperar como un sistema de&nbsp; consumo, \u00ablas ventas deben planificar para vender m\u00e1s y no solo eso, sino donde el consumidor tambi\u00e9n adquiera un buen producto\u00bb, dijo.<\/p>\n\n\n\n<p>Asimismo, resalt\u00f3 que se deben simplificar los tr\u00e1mites empresariales, destacando que en la actualidad las plataformas digitales est\u00e1n a la vanguardia y prestas para para tales fines, \u201cas\u00ed como se pueden hacer reuniones por Zoom y WhatsApp, tambi\u00e9n puede gestionarse el registro de una empresa, no esperando el usuario hasta dos meses para hacerlo\u201d indic\u00f3.<\/p>\n\n\n\n<div class=\"wp-block-image\"><figure class=\"aligncenter\"><img decoding=\"async\" src=\"https:\/\/www.vtv.gob.ve\/wp-content\/uploads\/2020\/11\/Fedeindustria-2.jpg\" alt=\"\" class=\"wp-image-287616\"\/><\/figure><\/div>\n\n\n\n<p>Por su parte el alcalde de la localidad, Genkerve Tovar, agradeci\u00f3 a las autoridades por el aporte que se le pueda otorgar en estos tiempos a los comerciantes.<\/p>\n\n\n\n<p>\u201cEs importante este tipo de encuentros para as\u00ed decirles al gremio del comercio, a los industriales, que no est\u00e1n solos, y que hay un Gobierno que est\u00e1 ocupado en fortalecer d\u00eda a d\u00eda este importante sector para sacar el pa\u00eds adelante\u201d, a\u00f1adi\u00f3.<\/p>\n\n\n\n<p>En la acci\u00f3n tambi\u00e9n se dieron cita el secretario de Gobierno del municipio, Ismael Mar\u00edn, el director de Industria y comercio, Henry Gonz\u00e1lez&nbsp; y la superintendente de la localidad,&nbsp; Inca Ortiz.<\/p>\n\n\n\n<div class=\"wp-block-image\"><figure class=\"aligncenter\"><img decoding=\"async\" src=\"https:\/\/www.vtv.gob.ve\/wp-content\/uploads\/2020\/11\/Fedeindustria-1.jpg\" alt=\"\" class=\"wp-image-287617\"\/><\/figure><\/div>\n","protected":false},"excerpt":{"rendered":"<p>En pro de fortalecer el motor productivo del municipio Tom\u00e1s Lander, se llev\u00f3 a cabo un &hellip; <a title=\"Sector empresarial realiz\u00f3 encuentro con autoridades regionales de Ocumare del Tuy para fortalecer motor productivo\" class=\"hm-read-more\" href=\"https:\/\/www.mpppst.gob.ve\/mpppstweb\/index.php\/2020\/11\/06\/sector-empresarial-realizo-encuentro-con-autoridades-regionales-de-ocumare-del-tuy-para-fortalecer-motor-productivo\/\"><span class=\"screen-reader-text\">Sector empresarial realiz\u00f3 encuentro con autoridades regionales de Ocumare del Tuy para fortalecer motor productivo<\/span>Read more<\/a><\/p>\n","protected":false},"author":25,"featured_media":20437,"comment_status":"closed","ping_status":"closed","sticky":false,"template":"","format":"standard","meta":{"footnotes":""},"categories":[163],"tags":[],"yoast_head":"<!-- This site is optimized with the Yoast SEO plugin v22.5 - https:\/\/yoast.com\/wordpress\/plugins\/seo\/ -->\n<title>Sector empresarial realiz\u00f3 encuentro con autoridades regionales de Ocumare del Tuy para fortalecer motor productivo - MPPPST<\/title>\n<meta name=\"robots\" content=\"index, follow, max-snippet:-1, max-image-preview:large, max-video-preview:-1\" \/>\n<link rel=\"canonical\" href=\"https:\/\/www.mpppst.gob.ve\/mpppstweb\/index.php\/2020\/11\/06\/sector-empresarial-realizo-encuentro-con-autoridades-regionales-de-ocumare-del-tuy-para-fortalecer-motor-productivo\/\" \/>\n<meta property=\"og:locale\" content=\"es_ES\" \/>\n<meta property=\"og:type\" content=\"article\" \/>\n<meta property=\"og:title\" content=\"Sector empresarial realiz\u00f3 encuentro con autoridades regionales de Ocumare del Tuy para fortalecer motor productivo - MPPPST\" \/>\n<meta property=\"og:description\" content=\"En pro de fortalecer el motor productivo del municipio Tom\u00e1s Lander, se llev\u00f3 a cabo un &hellip; Sector empresarial realiz\u00f3 encuentro con autoridades regionales de Ocumare del Tuy para fortalecer motor productivoRead more\" \/>\n<meta property=\"og:url\" content=\"https:\/\/www.mpppst.gob.ve\/mpppstweb\/index.php\/2020\/11\/06\/sector-empresarial-realizo-encuentro-con-autoridades-regionales-de-ocumare-del-tuy-para-fortalecer-motor-productivo\/\" \/>\n<meta property=\"og:site_name\" content=\"MPPPST\" \/>\n<meta property=\"article:published_time\" content=\"2020-11-06T14:02:27+00:00\" \/>\n<meta property=\"article:modified_time\" content=\"2020-11-06T14:02:28+00:00\" \/>\n<meta property=\"og:image\" content=\"https:\/\/www.mpppst.gob.ve\/mpppstweb\/wp-content\/uploads\/2020\/11\/Fedeindustria-768x427-1.jpg\" \/>\n\t<meta property=\"og:image:width\" content=\"768\" \/>\n\t<meta property=\"og:image:height\" content=\"427\" \/>\n\t<meta property=\"og:image:type\" content=\"image\/jpeg\" \/>\n<meta name=\"author\" content=\"MPPPST Prensa\" \/>\n<meta name=\"twitter:card\" content=\"summary_large_image\" \/>\n<meta name=\"twitter:label1\" content=\"Escrito por\" \/>\n\t<meta name=\"twitter:data1\" content=\"MPPPST Prensa\" \/>\n\t<meta name=\"twitter:label2\" content=\"Tiempo de lectura\" \/>\n\t<meta name=\"twitter:data2\" content=\"2 minutos\" \/>\n<script type=\"application\/ld+json\" class=\"yoast-schema-graph\">{\"@context\":\"https:\/\/schema.org\",\"@graph\":[{\"@type\":\"Article\",\"@id\":\"https:\/\/www.mpppst.gob.ve\/mpppstweb\/index.php\/2020\/11\/06\/sector-empresarial-realizo-encuentro-con-autoridades-regionales-de-ocumare-del-tuy-para-fortalecer-motor-productivo\/#article\",\"isPartOf\":{\"@id\":\"https:\/\/www.mpppst.gob.ve\/mpppstweb\/index.php\/2020\/11\/06\/sector-empresarial-realizo-encuentro-con-autoridades-regionales-de-ocumare-del-tuy-para-fortalecer-motor-productivo\/\"},\"author\":{\"name\":\"MPPPST Prensa\",\"@id\":\"https:\/\/www.mpppst.gob.ve\/mpppstweb\/#\/schema\/person\/fc187ee8ead412bd4c9304b62f900ea4\"},\"headline\":\"Sector empresarial realiz\u00f3 encuentro con autoridades regionales de Ocumare del Tuy para fortalecer motor productivo\",\"datePublished\":\"2020-11-06T14:02:27+00:00\",\"dateModified\":\"2020-11-06T14:02:28+00:00\",\"mainEntityOfPage\":{\"@id\":\"https:\/\/www.mpppst.gob.ve\/mpppstweb\/index.php\/2020\/11\/06\/sector-empresarial-realizo-encuentro-con-autoridades-regionales-de-ocumare-del-tuy-para-fortalecer-motor-productivo\/\"},\"wordCount\":349,\"publisher\":{\"@id\":\"https:\/\/www.mpppst.gob.ve\/mpppstweb\/#organization\"},\"image\":{\"@id\":\"https:\/\/www.mpppst.gob.ve\/mpppstweb\/index.php\/2020\/11\/06\/sector-empresarial-realizo-encuentro-con-autoridades-regionales-de-ocumare-del-tuy-para-fortalecer-motor-productivo\/#primaryimage\"},\"thumbnailUrl\":\"https:\/\/www.mpppst.gob.ve\/mpppstweb\/wp-content\/uploads\/2020\/11\/Fedeindustria-768x427-1.jpg\",\"articleSection\":[\"Noticias\"],\"inLanguage\":\"es\"},{\"@type\":\"WebPage\",\"@id\":\"https:\/\/www.mpppst.gob.ve\/mpppstweb\/index.php\/2020\/11\/06\/sector-empresarial-realizo-encuentro-con-autoridades-regionales-de-ocumare-del-tuy-para-fortalecer-motor-productivo\/\",\"url\":\"https:\/\/www.mpppst.gob.ve\/mpppstweb\/index.php\/2020\/11\/06\/sector-empresarial-realizo-encuentro-con-autoridades-regionales-de-ocumare-del-tuy-para-fortalecer-motor-productivo\/\",\"name\":\"Sector empresarial realiz\u00f3 encuentro con autoridades regionales de Ocumare del Tuy para fortalecer motor productivo - MPPPST\",\"isPartOf\":{\"@id\":\"https:\/\/www.mpppst.gob.ve\/mpppstweb\/#website\"},\"primaryImageOfPage\":{\"@id\":\"https:\/\/www.mpppst.gob.ve\/mpppstweb\/index.php\/2020\/11\/06\/sector-empresarial-realizo-encuentro-con-autoridades-regionales-de-ocumare-del-tuy-para-fortalecer-motor-productivo\/#primaryimage\"},\"image\":{\"@id\":\"https:\/\/www.mpppst.gob.ve\/mpppstweb\/index.php\/2020\/11\/06\/sector-empresarial-realizo-encuentro-con-autoridades-regionales-de-ocumare-del-tuy-para-fortalecer-motor-productivo\/#primaryimage\"},\"thumbnailUrl\":\"https:\/\/www.mpppst.gob.ve\/mpppstweb\/wp-content\/uploads\/2020\/11\/Fedeindustria-768x427-1.jpg\",\"datePublished\":\"2020-11-06T14:02:27+00:00\",\"dateModified\":\"2020-11-06T14:02:28+00:00\",\"breadcrumb\":{\"@id\":\"https:\/\/www.mpppst.gob.ve\/mpppstweb\/index.php\/2020\/11\/06\/sector-empresarial-realizo-encuentro-con-autoridades-regionales-de-ocumare-del-tuy-para-fortalecer-motor-productivo\/#breadcrumb\"},\"inLanguage\":\"es\",\"potentialAction\":[{\"@type\":\"ReadAction\",\"target\":[\"https:\/\/www.mpppst.gob.ve\/mpppstweb\/index.php\/2020\/11\/06\/sector-empresarial-realizo-encuentro-con-autoridades-regionales-de-ocumare-del-tuy-para-fortalecer-motor-productivo\/\"]}]},{\"@type\":\"ImageObject\",\"inLanguage\":\"es\",\"@id\":\"https:\/\/www.mpppst.gob.ve\/mpppstweb\/index.php\/2020\/11\/06\/sector-empresarial-realizo-encuentro-con-autoridades-regionales-de-ocumare-del-tuy-para-fortalecer-motor-productivo\/#primaryimage\",\"url\":\"https:\/\/www.mpppst.gob.ve\/mpppstweb\/wp-content\/uploads\/2020\/11\/Fedeindustria-768x427-1.jpg\",\"contentUrl\":\"https:\/\/www.mpppst.gob.ve\/mpppstweb\/wp-content\/uploads\/2020\/11\/Fedeindustria-768x427-1.jpg\",\"width\":768,\"height\":427},{\"@type\":\"BreadcrumbList\",\"@id\":\"https:\/\/www.mpppst.gob.ve\/mpppstweb\/index.php\/2020\/11\/06\/sector-empresarial-realizo-encuentro-con-autoridades-regionales-de-ocumare-del-tuy-para-fortalecer-motor-productivo\/#breadcrumb\",\"itemListElement\":[{\"@type\":\"ListItem\",\"position\":1,\"name\":\"Home\",\"item\":\"https:\/\/www.mpppst.gob.ve\/mpppstweb\/\"},{\"@type\":\"ListItem\",\"position\":2,\"name\":\"Sector empresarial realiz\u00f3 encuentro con autoridades regionales de Ocumare del Tuy para fortalecer motor productivo\"}]},{\"@type\":\"WebSite\",\"@id\":\"https:\/\/www.mpppst.gob.ve\/mpppstweb\/#website\",\"url\":\"https:\/\/www.mpppst.gob.ve\/mpppstweb\/\",\"name\":\"MPPPST\",\"description\":\"Ministerio del Poder Popular para el Proceso Social de Trabajo\",\"publisher\":{\"@id\":\"https:\/\/www.mpppst.gob.ve\/mpppstweb\/#organization\"},\"potentialAction\":[{\"@type\":\"SearchAction\",\"target\":{\"@type\":\"EntryPoint\",\"urlTemplate\":\"https:\/\/www.mpppst.gob.ve\/mpppstweb\/?s={search_term_string}\"},\"query-input\":\"required name=search_term_string\"}],\"inLanguage\":\"es\"},{\"@type\":\"Organization\",\"@id\":\"https:\/\/www.mpppst.gob.ve\/mpppstweb\/#organization\",\"name\":\"mpppst\",\"url\":\"https:\/\/www.mpppst.gob.ve\/mpppstweb\/\",\"logo\":{\"@type\":\"ImageObject\",\"inLanguage\":\"es\",\"@id\":\"https:\/\/www.mpppst.gob.ve\/mpppstweb\/#\/schema\/logo\/image\/\",\"url\":\"https:\/\/www.mpppst.gob.ve\/mpppstweb\/wp-content\/uploads\/2025\/07\/cropped-cropped-g910.png\",\"contentUrl\":\"https:\/\/www.mpppst.gob.ve\/mpppstweb\/wp-content\/uploads\/2025\/07\/cropped-cropped-g910.png\",\"width\":1080,\"height\":241,\"caption\":\"mpppst\"},\"image\":{\"@id\":\"https:\/\/www.mpppst.gob.ve\/mpppstweb\/#\/schema\/logo\/image\/\"}},{\"@type\":\"Person\",\"@id\":\"https:\/\/www.mpppst.gob.ve\/mpppstweb\/#\/schema\/person\/fc187ee8ead412bd4c9304b62f900ea4\",\"name\":\"MPPPST Prensa\",\"url\":\"https:\/\/www.mpppst.gob.ve\/mpppstweb\/index.php\/author\/prensa-mpppst\/\"}]}<\/script>\n<!-- \/ Yoast SEO plugin. -->","yoast_head_json":{"title":"Sector empresarial realiz\u00f3 encuentro con autoridades regionales de Ocumare del Tuy para fortalecer motor productivo - MPPPST","robots":{"index":"index","follow":"follow","max-snippet":"max-snippet:-1","max-image-preview":"max-image-preview:large","max-video-preview":"max-video-preview:-1"},"canonical":"https:\/\/www.mpppst.gob.ve\/mpppstweb\/index.php\/2020\/11\/06\/sector-empresarial-realizo-encuentro-con-autoridades-regionales-de-ocumare-del-tuy-para-fortalecer-motor-productivo\/","og_locale":"es_ES","og_type":"article","og_title":"Sector empresarial realiz\u00f3 encuentro con autoridades regionales de Ocumare del Tuy para fortalecer motor productivo - MPPPST","og_description":"En pro de fortalecer el motor productivo del municipio Tom\u00e1s Lander, se llev\u00f3 a cabo un &hellip; Sector empresarial realiz\u00f3 encuentro con autoridades regionales de Ocumare del Tuy para fortalecer motor productivoRead more","og_url":"https:\/\/www.mpppst.gob.ve\/mpppstweb\/index.php\/2020\/11\/06\/sector-empresarial-realizo-encuentro-con-autoridades-regionales-de-ocumare-del-tuy-para-fortalecer-motor-productivo\/","og_site_name":"MPPPST","article_published_time":"2020-11-06T14:02:27+00:00","article_modified_time":"2020-11-06T14:02:28+00:00","og_image":[{"width":768,"height":427,"url":"https:\/\/www.mpppst.gob.ve\/mpppstweb\/wp-content\/uploads\/2020\/11\/Fedeindustria-768x427-1.jpg","type":"image\/jpeg"}],"author":"MPPPST Prensa","twitter_card":"summary_large_image","twitter_misc":{"Escrito por":"MPPPST Prensa","Tiempo de lectura":"2 minutos"},"schema":{"@context":"https:\/\/schema.org","@graph":[{"@type":"Article","@id":"https:\/\/www.mpppst.gob.ve\/mpppstweb\/index.php\/2020\/11\/06\/sector-empresarial-realizo-encuentro-con-autoridades-regionales-de-ocumare-del-tuy-para-fortalecer-motor-productivo\/#article","isPartOf":{"@id":"https:\/\/www.mpppst.gob.ve\/mpppstweb\/index.php\/2020\/11\/06\/sector-empresarial-realizo-encuentro-con-autoridades-regionales-de-ocumare-del-tuy-para-fortalecer-motor-productivo\/"},"author":{"name":"MPPPST Prensa","@id":"https:\/\/www.mpppst.gob.ve\/mpppstweb\/#\/schema\/person\/fc187ee8ead412bd4c9304b62f900ea4"},"headline":"Sector empresarial realiz\u00f3 encuentro con autoridades regionales de Ocumare del Tuy para fortalecer motor productivo","datePublished":"2020-11-06T14:02:27+00:00","dateModified":"2020-11-06T14:02:28+00:00","mainEntityOfPage":{"@id":"https:\/\/www.mpppst.gob.ve\/mpppstweb\/index.php\/2020\/11\/06\/sector-empresarial-realizo-encuentro-con-autoridades-regionales-de-ocumare-del-tuy-para-fortalecer-motor-productivo\/"},"wordCount":349,"publisher":{"@id":"https:\/\/www.mpppst.gob.ve\/mpppstweb\/#organization"},"image":{"@id":"https:\/\/www.mpppst.gob.ve\/mpppstweb\/index.php\/2020\/11\/06\/sector-empresarial-realizo-encuentro-con-autoridades-regionales-de-ocumare-del-tuy-para-fortalecer-motor-productivo\/#primaryimage"},"thumbnailUrl":"https:\/\/www.mpppst.gob.ve\/mpppstweb\/wp-content\/uploads\/2020\/11\/Fedeindustria-768x427-1.jpg","articleSection":["Noticias"],"inLanguage":"es"},{"@type":"WebPage","@id":"https:\/\/www.mpppst.gob.ve\/mpppstweb\/index.php\/2020\/11\/06\/sector-empresarial-realizo-encuentro-con-autoridades-regionales-de-ocumare-del-tuy-para-fortalecer-motor-productivo\/","url":"https:\/\/www.mpppst.gob.ve\/mpppstweb\/index.php\/2020\/11\/06\/sector-empresarial-realizo-encuentro-con-autoridades-regionales-de-ocumare-del-tuy-para-fortalecer-motor-productivo\/","name":"Sector empresarial realiz\u00f3 encuentro con autoridades regionales de Ocumare del Tuy para fortalecer motor productivo - MPPPST","isPartOf":{"@id":"https:\/\/www.mpppst.gob.ve\/mpppstweb\/#website"},"primaryImageOfPage":{"@id":"https:\/\/www.mpppst.gob.ve\/mpppstweb\/index.php\/2020\/11\/06\/sector-empresarial-realizo-encuentro-con-autoridades-regionales-de-ocumare-del-tuy-para-fortalecer-motor-productivo\/#primaryimage"},"image":{"@id":"https:\/\/www.mpppst.gob.ve\/mpppstweb\/index.php\/2020\/11\/06\/sector-empresarial-realizo-encuentro-con-autoridades-regionales-de-ocumare-del-tuy-para-fortalecer-motor-productivo\/#primaryimage"},"thumbnailUrl":"https:\/\/www.mpppst.gob.ve\/mpppstweb\/wp-content\/uploads\/2020\/11\/Fedeindustria-768x427-1.jpg","datePublished":"2020-11-06T14:02:27+00:00","dateModified":"2020-11-06T14:02:28+00:00","breadcrumb":{"@id":"https:\/\/www.mpppst.gob.ve\/mpppstweb\/index.php\/2020\/11\/06\/sector-empresarial-realizo-encuentro-con-autoridades-regionales-de-ocumare-del-tuy-para-fortalecer-motor-productivo\/#breadcrumb"},"inLanguage":"es","potentialAction":[{"@type":"ReadAction","target":["https:\/\/www.mpppst.gob.ve\/mpppstweb\/index.php\/2020\/11\/06\/sector-empresarial-realizo-encuentro-con-autoridades-regionales-de-ocumare-del-tuy-para-fortalecer-motor-productivo\/"]}]},{"@type":"ImageObject","inLanguage":"es","@id":"https:\/\/www.mpppst.gob.ve\/mpppstweb\/index.php\/2020\/11\/06\/sector-empresarial-realizo-encuentro-con-autoridades-regionales-de-ocumare-del-tuy-para-fortalecer-motor-productivo\/#primaryimage","url":"https:\/\/www.mpppst.gob.ve\/mpppstweb\/wp-content\/uploads\/2020\/11\/Fedeindustria-768x427-1.jpg","contentUrl":"https:\/\/www.mpppst.gob.ve\/mpppstweb\/wp-content\/uploads\/2020\/11\/Fedeindustria-768x427-1.jpg","width":768,"height":427},{"@type":"BreadcrumbList","@id":"https:\/\/www.mpppst.gob.ve\/mpppstweb\/index.php\/2020\/11\/06\/sector-empresarial-realizo-encuentro-con-autoridades-regionales-de-ocumare-del-tuy-para-fortalecer-motor-productivo\/#breadcrumb","itemListElement":[{"@type":"ListItem","position":1,"name":"Home","item":"https:\/\/www.mpppst.gob.ve\/mpppstweb\/"},{"@type":"ListItem","position":2,"name":"Sector empresarial realiz\u00f3 encuentro con autoridades regionales de Ocumare del Tuy para fortalecer motor productivo"}]},{"@type":"WebSite","@id":"https:\/\/www.mpppst.gob.ve\/mpppstweb\/#website","url":"https:\/\/www.mpppst.gob.ve\/mpppstweb\/","name":"MPPPST","description":"Ministerio del Poder Popular para el Proceso Social de Trabajo","publisher":{"@id":"https:\/\/www.mpppst.gob.ve\/mpppstweb\/#organization"},"potentialAction":[{"@type":"SearchAction","target":{"@type":"EntryPoint","urlTemplate":"https:\/\/www.mpppst.gob.ve\/mpppstweb\/?s={search_term_string}"},"query-input":"required name=search_term_string"}],"inLanguage":"es"},{"@type":"Organization","@id":"https:\/\/www.mpppst.gob.ve\/mpppstweb\/#organization","name":"mpppst","url":"https:\/\/www.mpppst.gob.ve\/mpppstweb\/","logo":{"@type":"ImageObject","inLanguage":"es","@id":"https:\/\/www.mpppst.gob.ve\/mpppstweb\/#\/schema\/logo\/image\/","url":"https:\/\/www.mpppst.gob.ve\/mpppstweb\/wp-content\/uploads\/2025\/07\/cropped-cropped-g910.png","contentUrl":"https:\/\/www.mpppst.gob.ve\/mpppstweb\/wp-content\/uploads\/2025\/07\/cropped-cropped-g910.png","width":1080,"height":241,"caption":"mpppst"},"image":{"@id":"https:\/\/www.mpppst.gob.ve\/mpppstweb\/#\/schema\/logo\/image\/"}},{"@type":"Person","@id":"https:\/\/www.mpppst.gob.ve\/mpppstweb\/#\/schema\/person\/fc187ee8ead412bd4c9304b62f900ea4","name":"MPPPST Prensa","url":"https:\/\/www.mpppst.gob.ve\/mpppstweb\/index.php\/author\/prensa-mpppst\/"}]}},"_links":{"self":[{"href":"https:\/\/www.mpppst.gob.ve\/mpppstweb\/index.php\/wp-json\/wp\/v2\/posts\/20436"}],"collection":[{"href":"https:\/\/www.mpppst.gob.ve\/mpppstweb\/index.php\/wp-json\/wp\/v2\/posts"}],"about":[{"href":"https:\/\/www.mpppst.gob.ve\/mpppstweb\/index.php\/wp-json\/wp\/v2\/types\/post"}],"author":[{"embeddable":true,"href":"https:\/\/www.mpppst.gob.ve\/mpppstweb\/index.php\/wp-json\/wp\/v2\/users\/25"}],"replies":[{"embeddable":true,"href":"https:\/\/www.mpppst.gob.ve\/mpppstweb\/index.php\/wp-json\/wp\/v2\/comments?post=20436"}],"version-history":[{"count":1,"href":"https:\/\/www.mpppst.gob.ve\/mpppstweb\/index.php\/wp-json\/wp\/v2\/posts\/20436\/revisions"}],"predecessor-version":[{"id":20438,"href":"https:\/\/www.mpppst.gob.ve\/mpppstweb\/index.php\/wp-json\/wp\/v2\/posts\/20436\/revisions\/20438"}],"wp:featuredmedia":[{"embeddable":true,"href":"https:\/\/www.mpppst.gob.ve\/mpppstweb\/index.php\/wp-json\/wp\/v2\/media\/20437"}],"wp:attachment":[{"href":"https:\/\/www.mpppst.gob.ve\/mpppstweb\/index.php\/wp-json\/wp\/v2\/media?parent=20436"}],"wp:term":[{"taxonomy":"category","embeddable":true,"href":"https:\/\/www.mpppst.gob.ve\/mpppstweb\/index.php\/wp-json\/wp\/v2\/categories?post=20436"},{"taxonomy":"post_tag","embeddable":true,"href":"https:\/\/www.mpppst.gob.ve\/mpppstweb\/index.php\/wp-json\/wp\/v2\/tags?post=20436"}],"curies":[{"name":"wp","href":"https:\/\/api.w.org\/{rel}","templated":true}]}}