{"id":20439,"date":"2020-11-07T19:01:51","date_gmt":"2020-11-07T23:01:51","guid":{"rendered":"http:\/\/www.mpppst.gob.ve\/mpppstweb\/?p=20439"},"modified":"2020-11-07T19:12:17","modified_gmt":"2020-11-07T23:12:17","slug":"opinion-cuando-la-democracia-es-de-segundo-grado","status":"publish","type":"post","link":"https:\/\/www.mpppst.gob.ve\/mpppstweb\/index.php\/2020\/11\/07\/opinion-cuando-la-democracia-es-de-segundo-grado\/","title":{"rendered":"Opini\u00f3n: CUANDO LA DEMOCRACIA ES DE SEGUNDO GRADO"},"content":{"rendered":"\n<p><br>Por Eduardo Pi\u00f1ate R.<br>Las elecciones presidenciales en los EEUU se realizaron el pasado martes 3 de noviembre. Cuando estoy escribiendo es 7 de ese mes, es decir, han pasado cuatro d\u00edas y todav\u00eda no se conocen oficialmente los resultados de esas elecciones. Adicionalmente, antes del 3\/11 ya hab\u00edan votado en los d\u00edas y semanas anteriores unos 80 millones de estadounidenses a trav\u00e9s de la modalidad del voto por correo y desde hac\u00eda rato, el presidente y candidato a la reelecci\u00f3n, el fascista y supremacista Donald Trump, denunci\u00f3 fraude y amenaz\u00f3 con diversas maniobras \u2013unas legales, la mayor\u00eda no- para impedir su derrota. Si la mitad de eso hubiera pasado en Venezuela (o en cualquier otro pa\u00eds cuyo pueblo y gobierno siguen un curso independiente del hegemonismo imperialista), el esc\u00e1ndalo mundial ser\u00eda may\u00fasculo, ser\u00eda la confirmaci\u00f3n m\u00e1s que evidente de que aqu\u00ed habr\u00eda una horrenda y criminal dictadura que ni siquiera respetar\u00eda el voto de su pueblo. Pero, como eso no pas\u00f3 ni va a pasar en Venezuela, sino en los Estados Unidos de Norteam\u00e9rica, es normal; la canalla medi\u00e1tica mundial, los intelectuales y pol\u00edticos de derecha en todas partes, la OEA o el cartel de Lima; no dicen nada, a lo sumo lo celebran como una de las \u201ccosas simp\u00e1ticas\u201d del sistema electoral estadounidense y las amenazas e intentos de chantaje de Trump, algo que, si bien no se celebra \u2013dicen los m\u00e1s cr\u00edticos-, tampoco se condena.<br>Como se sabe, los presidentes en los Estados Unidos no son electos en votaci\u00f3n universal, directa y secreta, como en Venezuela y en la mayor\u00eda de los pa\u00edses del continente. En EEUU los presidentes se definen en elecciones de segundo grado, es decir, los millones de estadounidenses que votaron el 3 y los que lo hicieron antes por correo, no eligieron al presidente, sino a 587 colegios electorales, cuya composici\u00f3n partidista depende de la cantidad de votos de cada partido en cada estado de la Uni\u00f3n y el que tiene la mayor\u00eda en un colegio electoral se lleva todo; quiere decir que, si por ejemplo en una estado que elige tres colegios electorales (unos estados tienen m\u00e1s colegios electorales que otros dependiendo de la base poblacional, con lo cual algunos estados pesan m\u00e1s que otros en la elecci\u00f3n), un partido saca 60% de los votos populares y otro 40%, esos tres votos \u2013uno por colegio electoral- ser\u00e1n para el partido que obtuvo el 60% como si fueran el 100%.<br>Al d\u00eda de hoy, se dice que Biden tiene la mayor\u00eda de los colegios electorales con una diferencia importante con Trump, pero el magnate sigue pataleando y los apologistas del sistema observan con simpat\u00eda y de manera c\u00f3mplice. Ellos aspiran a un mundo as\u00ed, no olvidemos sus declaraciones luego de la victoria del MAS y Lu\u00eds Arce en Bolivia. Quieren una democracia de segundo grado y nos pretenden dar clases de democracia, pero con nosotros no van a poder. Seguimos venciendo.<br>Caracas, 7 de noviembre de 2020<\/p>\n","protected":false},"excerpt":{"rendered":"<p>Por Eduardo Pi\u00f1ate R.Las elecciones presidenciales en los EEUU se realizaron el pasado martes 3 de &hellip; <a title=\"Opini\u00f3n: CUANDO LA DEMOCRACIA ES DE SEGUNDO GRADO\" class=\"hm-read-more\" href=\"https:\/\/www.mpppst.gob.ve\/mpppstweb\/index.php\/2020\/11\/07\/opinion-cuando-la-democracia-es-de-segundo-grado\/\"><span class=\"screen-reader-text\">Opini\u00f3n: CUANDO LA DEMOCRACIA ES DE SEGUNDO GRADO<\/span>Read more<\/a><\/p>\n","protected":false},"author":25,"featured_media":20442,"comment_status":"closed","ping_status":"closed","sticky":false,"template":"","format":"standard","meta":{"footnotes":""},"categories":[82,163,404],"tags":[],"yoast_head":"<!-- This site is optimized with the Yoast SEO plugin v22.5 - https:\/\/yoast.com\/wordpress\/plugins\/seo\/ -->\n<title>Opini\u00f3n: CUANDO LA DEMOCRACIA ES DE SEGUNDO GRADO - MPPPST<\/title>\n<meta name=\"robots\" content=\"index, follow, max-snippet:-1, max-image-preview:large, max-video-preview:-1\" \/>\n<link rel=\"canonical\" href=\"https:\/\/www.mpppst.gob.ve\/mpppstweb\/index.php\/2020\/11\/07\/opinion-cuando-la-democracia-es-de-segundo-grado\/\" \/>\n<meta property=\"og:locale\" content=\"es_ES\" \/>\n<meta property=\"og:type\" content=\"article\" \/>\n<meta property=\"og:title\" content=\"Opini\u00f3n: CUANDO LA DEMOCRACIA ES DE SEGUNDO GRADO - MPPPST\" \/>\n<meta property=\"og:description\" content=\"Por Eduardo Pi\u00f1ate R.Las elecciones presidenciales en los EEUU se realizaron el pasado martes 3 de &hellip; Opini\u00f3n: CUANDO LA DEMOCRACIA ES DE SEGUNDO GRADORead more\" \/>\n<meta property=\"og:url\" content=\"https:\/\/www.mpppst.gob.ve\/mpppstweb\/index.php\/2020\/11\/07\/opinion-cuando-la-democracia-es-de-segundo-grado\/\" \/>\n<meta property=\"og:site_name\" content=\"MPPPST\" \/>\n<meta property=\"article:published_time\" content=\"2020-11-07T23:01:51+00:00\" \/>\n<meta property=\"article:modified_time\" content=\"2020-11-07T23:12:17+00:00\" \/>\n<meta property=\"og:image\" content=\"https:\/\/www.mpppst.gob.ve\/mpppstweb\/wp-content\/uploads\/2020\/11\/IMG-20201027-WA0012.jpg\" \/>\n\t<meta property=\"og:image:width\" content=\"1080\" \/>\n\t<meta property=\"og:image:height\" content=\"608\" \/>\n\t<meta property=\"og:image:type\" content=\"image\/jpeg\" \/>\n<meta name=\"author\" content=\"MPPPST Prensa\" \/>\n<meta name=\"twitter:card\" content=\"summary_large_image\" \/>\n<meta name=\"twitter:label1\" content=\"Escrito por\" \/>\n\t<meta name=\"twitter:data1\" content=\"MPPPST Prensa\" \/>\n\t<meta name=\"twitter:label2\" content=\"Tiempo de lectura\" \/>\n\t<meta name=\"twitter:data2\" content=\"3 minutos\" \/>\n<script type=\"application\/ld+json\" class=\"yoast-schema-graph\">{\"@context\":\"https:\/\/schema.org\",\"@graph\":[{\"@type\":\"Article\",\"@id\":\"https:\/\/www.mpppst.gob.ve\/mpppstweb\/index.php\/2020\/11\/07\/opinion-cuando-la-democracia-es-de-segundo-grado\/#article\",\"isPartOf\":{\"@id\":\"https:\/\/www.mpppst.gob.ve\/mpppstweb\/index.php\/2020\/11\/07\/opinion-cuando-la-democracia-es-de-segundo-grado\/\"},\"author\":{\"name\":\"MPPPST Prensa\",\"@id\":\"https:\/\/www.mpppst.gob.ve\/mpppstweb\/#\/schema\/person\/fc187ee8ead412bd4c9304b62f900ea4\"},\"headline\":\"Opini\u00f3n: CUANDO LA DEMOCRACIA ES DE SEGUNDO GRADO\",\"datePublished\":\"2020-11-07T23:01:51+00:00\",\"dateModified\":\"2020-11-07T23:12:17+00:00\",\"mainEntityOfPage\":{\"@id\":\"https:\/\/www.mpppst.gob.ve\/mpppstweb\/index.php\/2020\/11\/07\/opinion-cuando-la-democracia-es-de-segundo-grado\/\"},\"wordCount\":530,\"publisher\":{\"@id\":\"https:\/\/www.mpppst.gob.ve\/mpppstweb\/#organization\"},\"image\":{\"@id\":\"https:\/\/www.mpppst.gob.ve\/mpppstweb\/index.php\/2020\/11\/07\/opinion-cuando-la-democracia-es-de-segundo-grado\/#primaryimage\"},\"thumbnailUrl\":\"https:\/\/www.mpppst.gob.ve\/mpppstweb\/wp-content\/uploads\/2020\/11\/IMG-20201027-WA0012.jpg\",\"articleSection\":[\"Gobierno Nacional\",\"Noticias\",\"Opini\u00f3n\"],\"inLanguage\":\"es\"},{\"@type\":\"WebPage\",\"@id\":\"https:\/\/www.mpppst.gob.ve\/mpppstweb\/index.php\/2020\/11\/07\/opinion-cuando-la-democracia-es-de-segundo-grado\/\",\"url\":\"https:\/\/www.mpppst.gob.ve\/mpppstweb\/index.php\/2020\/11\/07\/opinion-cuando-la-democracia-es-de-segundo-grado\/\",\"name\":\"Opini\u00f3n: CUANDO LA DEMOCRACIA ES DE SEGUNDO GRADO - MPPPST\",\"isPartOf\":{\"@id\":\"https:\/\/www.mpppst.gob.ve\/mpppstweb\/#website\"},\"primaryImageOfPage\":{\"@id\":\"https:\/\/www.mpppst.gob.ve\/mpppstweb\/index.php\/2020\/11\/07\/opinion-cuando-la-democracia-es-de-segundo-grado\/#primaryimage\"},\"image\":{\"@id\":\"https:\/\/www.mpppst.gob.ve\/mpppstweb\/index.php\/2020\/11\/07\/opinion-cuando-la-democracia-es-de-segundo-grado\/#primaryimage\"},\"thumbnailUrl\":\"https:\/\/www.mpppst.gob.ve\/mpppstweb\/wp-content\/uploads\/2020\/11\/IMG-20201027-WA0012.jpg\",\"datePublished\":\"2020-11-07T23:01:51+00:00\",\"dateModified\":\"2020-11-07T23:12:17+00:00\",\"breadcrumb\":{\"@id\":\"https:\/\/www.mpppst.gob.ve\/mpppstweb\/index.php\/2020\/11\/07\/opinion-cuando-la-democracia-es-de-segundo-grado\/#breadcrumb\"},\"inLanguage\":\"es\",\"potentialAction\":[{\"@type\":\"ReadAction\",\"target\":[\"https:\/\/www.mpppst.gob.ve\/mpppstweb\/index.php\/2020\/11\/07\/opinion-cuando-la-democracia-es-de-segundo-grado\/\"]}]},{\"@type\":\"ImageObject\",\"inLanguage\":\"es\",\"@id\":\"https:\/\/www.mpppst.gob.ve\/mpppstweb\/index.php\/2020\/11\/07\/opinion-cuando-la-democracia-es-de-segundo-grado\/#primaryimage\",\"url\":\"https:\/\/www.mpppst.gob.ve\/mpppstweb\/wp-content\/uploads\/2020\/11\/IMG-20201027-WA0012.jpg\",\"contentUrl\":\"https:\/\/www.mpppst.gob.ve\/mpppstweb\/wp-content\/uploads\/2020\/11\/IMG-20201027-WA0012.jpg\",\"width\":1080,\"height\":608},{\"@type\":\"BreadcrumbList\",\"@id\":\"https:\/\/www.mpppst.gob.ve\/mpppstweb\/index.php\/2020\/11\/07\/opinion-cuando-la-democracia-es-de-segundo-grado\/#breadcrumb\",\"itemListElement\":[{\"@type\":\"ListItem\",\"position\":1,\"name\":\"Home\",\"item\":\"https:\/\/www.mpppst.gob.ve\/mpppstweb\/\"},{\"@type\":\"ListItem\",\"position\":2,\"name\":\"Opini\u00f3n: CUANDO LA DEMOCRACIA ES DE SEGUNDO GRADO\"}]},{\"@type\":\"WebSite\",\"@id\":\"https:\/\/www.mpppst.gob.ve\/mpppstweb\/#website\",\"url\":\"https:\/\/www.mpppst.gob.ve\/mpppstweb\/\",\"name\":\"MPPPST\",\"description\":\"Ministerio del Poder Popular para el Proceso Social de Trabajo\",\"publisher\":{\"@id\":\"https:\/\/www.mpppst.gob.ve\/mpppstweb\/#organization\"},\"potentialAction\":[{\"@type\":\"SearchAction\",\"target\":{\"@type\":\"EntryPoint\",\"urlTemplate\":\"https:\/\/www.mpppst.gob.ve\/mpppstweb\/?s={search_term_string}\"},\"query-input\":\"required name=search_term_string\"}],\"inLanguage\":\"es\"},{\"@type\":\"Organization\",\"@id\":\"https:\/\/www.mpppst.gob.ve\/mpppstweb\/#organization\",\"name\":\"mpppst\",\"url\":\"https:\/\/www.mpppst.gob.ve\/mpppstweb\/\",\"logo\":{\"@type\":\"ImageObject\",\"inLanguage\":\"es\",\"@id\":\"https:\/\/www.mpppst.gob.ve\/mpppstweb\/#\/schema\/logo\/image\/\",\"url\":\"https:\/\/www.mpppst.gob.ve\/mpppstweb\/wp-content\/uploads\/2025\/07\/cropped-cropped-g910.png\",\"contentUrl\":\"https:\/\/www.mpppst.gob.ve\/mpppstweb\/wp-content\/uploads\/2025\/07\/cropped-cropped-g910.png\",\"width\":1080,\"height\":241,\"caption\":\"mpppst\"},\"image\":{\"@id\":\"https:\/\/www.mpppst.gob.ve\/mpppstweb\/#\/schema\/logo\/image\/\"}},{\"@type\":\"Person\",\"@id\":\"https:\/\/www.mpppst.gob.ve\/mpppstweb\/#\/schema\/person\/fc187ee8ead412bd4c9304b62f900ea4\",\"name\":\"MPPPST Prensa\",\"url\":\"https:\/\/www.mpppst.gob.ve\/mpppstweb\/index.php\/author\/prensa-mpppst\/\"}]}<\/script>\n<!-- \/ Yoast SEO plugin. -->","yoast_head_json":{"title":"Opini\u00f3n: CUANDO LA DEMOCRACIA ES DE SEGUNDO GRADO - MPPPST","robots":{"index":"index","follow":"follow","max-snippet":"max-snippet:-1","max-image-preview":"max-image-preview:large","max-video-preview":"max-video-preview:-1"},"canonical":"https:\/\/www.mpppst.gob.ve\/mpppstweb\/index.php\/2020\/11\/07\/opinion-cuando-la-democracia-es-de-segundo-grado\/","og_locale":"es_ES","og_type":"article","og_title":"Opini\u00f3n: CUANDO LA DEMOCRACIA ES DE SEGUNDO GRADO - MPPPST","og_description":"Por Eduardo Pi\u00f1ate R.Las elecciones presidenciales en los EEUU se realizaron el pasado martes 3 de &hellip; Opini\u00f3n: CUANDO LA DEMOCRACIA ES DE SEGUNDO GRADORead more","og_url":"https:\/\/www.mpppst.gob.ve\/mpppstweb\/index.php\/2020\/11\/07\/opinion-cuando-la-democracia-es-de-segundo-grado\/","og_site_name":"MPPPST","article_published_time":"2020-11-07T23:01:51+00:00","article_modified_time":"2020-11-07T23:12:17+00:00","og_image":[{"width":1080,"height":608,"url":"https:\/\/www.mpppst.gob.ve\/mpppstweb\/wp-content\/uploads\/2020\/11\/IMG-20201027-WA0012.jpg","type":"image\/jpeg"}],"author":"MPPPST Prensa","twitter_card":"summary_large_image","twitter_misc":{"Escrito por":"MPPPST Prensa","Tiempo de lectura":"3 minutos"},"schema":{"@context":"https:\/\/schema.org","@graph":[{"@type":"Article","@id":"https:\/\/www.mpppst.gob.ve\/mpppstweb\/index.php\/2020\/11\/07\/opinion-cuando-la-democracia-es-de-segundo-grado\/#article","isPartOf":{"@id":"https:\/\/www.mpppst.gob.ve\/mpppstweb\/index.php\/2020\/11\/07\/opinion-cuando-la-democracia-es-de-segundo-grado\/"},"author":{"name":"MPPPST Prensa","@id":"https:\/\/www.mpppst.gob.ve\/mpppstweb\/#\/schema\/person\/fc187ee8ead412bd4c9304b62f900ea4"},"headline":"Opini\u00f3n: CUANDO LA DEMOCRACIA ES DE SEGUNDO GRADO","datePublished":"2020-11-07T23:01:51+00:00","dateModified":"2020-11-07T23:12:17+00:00","mainEntityOfPage":{"@id":"https:\/\/www.mpppst.gob.ve\/mpppstweb\/index.php\/2020\/11\/07\/opinion-cuando-la-democracia-es-de-segundo-grado\/"},"wordCount":530,"publisher":{"@id":"https:\/\/www.mpppst.gob.ve\/mpppstweb\/#organization"},"image":{"@id":"https:\/\/www.mpppst.gob.ve\/mpppstweb\/index.php\/2020\/11\/07\/opinion-cuando-la-democracia-es-de-segundo-grado\/#primaryimage"},"thumbnailUrl":"https:\/\/www.mpppst.gob.ve\/mpppstweb\/wp-content\/uploads\/2020\/11\/IMG-20201027-WA0012.jpg","articleSection":["Gobierno Nacional","Noticias","Opini\u00f3n"],"inLanguage":"es"},{"@type":"WebPage","@id":"https:\/\/www.mpppst.gob.ve\/mpppstweb\/index.php\/2020\/11\/07\/opinion-cuando-la-democracia-es-de-segundo-grado\/","url":"https:\/\/www.mpppst.gob.ve\/mpppstweb\/index.php\/2020\/11\/07\/opinion-cuando-la-democracia-es-de-segundo-grado\/","name":"Opini\u00f3n: CUANDO LA DEMOCRACIA ES DE SEGUNDO GRADO - MPPPST","isPartOf":{"@id":"https:\/\/www.mpppst.gob.ve\/mpppstweb\/#website"},"primaryImageOfPage":{"@id":"https:\/\/www.mpppst.gob.ve\/mpppstweb\/index.php\/2020\/11\/07\/opinion-cuando-la-democracia-es-de-segundo-grado\/#primaryimage"},"image":{"@id":"https:\/\/www.mpppst.gob.ve\/mpppstweb\/index.php\/2020\/11\/07\/opinion-cuando-la-democracia-es-de-segundo-grado\/#primaryimage"},"thumbnailUrl":"https:\/\/www.mpppst.gob.ve\/mpppstweb\/wp-content\/uploads\/2020\/11\/IMG-20201027-WA0012.jpg","datePublished":"2020-11-07T23:01:51+00:00","dateModified":"2020-11-07T23:12:17+00:00","breadcrumb":{"@id":"https:\/\/www.mpppst.gob.ve\/mpppstweb\/index.php\/2020\/11\/07\/opinion-cuando-la-democracia-es-de-segundo-grado\/#breadcrumb"},"inLanguage":"es","potentialAction":[{"@type":"ReadAction","target":["https:\/\/www.mpppst.gob.ve\/mpppstweb\/index.php\/2020\/11\/07\/opinion-cuando-la-democracia-es-de-segundo-grado\/"]}]},{"@type":"ImageObject","inLanguage":"es","@id":"https:\/\/www.mpppst.gob.ve\/mpppstweb\/index.php\/2020\/11\/07\/opinion-cuando-la-democracia-es-de-segundo-grado\/#primaryimage","url":"https:\/\/www.mpppst.gob.ve\/mpppstweb\/wp-content\/uploads\/2020\/11\/IMG-20201027-WA0012.jpg","contentUrl":"https:\/\/www.mpppst.gob.ve\/mpppstweb\/wp-content\/uploads\/2020\/11\/IMG-20201027-WA0012.jpg","width":1080,"height":608},{"@type":"BreadcrumbList","@id":"https:\/\/www.mpppst.gob.ve\/mpppstweb\/index.php\/2020\/11\/07\/opinion-cuando-la-democracia-es-de-segundo-grado\/#breadcrumb","itemListElement":[{"@type":"ListItem","position":1,"name":"Home","item":"https:\/\/www.mpppst.gob.ve\/mpppstweb\/"},{"@type":"ListItem","position":2,"name":"Opini\u00f3n: CUANDO LA DEMOCRACIA ES DE SEGUNDO GRADO"}]},{"@type":"WebSite","@id":"https:\/\/www.mpppst.gob.ve\/mpppstweb\/#website","url":"https:\/\/www.mpppst.gob.ve\/mpppstweb\/","name":"MPPPST","description":"Ministerio del Poder Popular para el Proceso Social de Trabajo","publisher":{"@id":"https:\/\/www.mpppst.gob.ve\/mpppstweb\/#organization"},"potentialAction":[{"@type":"SearchAction","target":{"@type":"EntryPoint","urlTemplate":"https:\/\/www.mpppst.gob.ve\/mpppstweb\/?s={search_term_string}"},"query-input":"required name=search_term_string"}],"inLanguage":"es"},{"@type":"Organization","@id":"https:\/\/www.mpppst.gob.ve\/mpppstweb\/#organization","name":"mpppst","url":"https:\/\/www.mpppst.gob.ve\/mpppstweb\/","logo":{"@type":"ImageObject","inLanguage":"es","@id":"https:\/\/www.mpppst.gob.ve\/mpppstweb\/#\/schema\/logo\/image\/","url":"https:\/\/www.mpppst.gob.ve\/mpppstweb\/wp-content\/uploads\/2025\/07\/cropped-cropped-g910.png","contentUrl":"https:\/\/www.mpppst.gob.ve\/mpppstweb\/wp-content\/uploads\/2025\/07\/cropped-cropped-g910.png","width":1080,"height":241,"caption":"mpppst"},"image":{"@id":"https:\/\/www.mpppst.gob.ve\/mpppstweb\/#\/schema\/logo\/image\/"}},{"@type":"Person","@id":"https:\/\/www.mpppst.gob.ve\/mpppstweb\/#\/schema\/person\/fc187ee8ead412bd4c9304b62f900ea4","name":"MPPPST Prensa","url":"https:\/\/www.mpppst.gob.ve\/mpppstweb\/index.php\/author\/prensa-mpppst\/"}]}},"_links":{"self":[{"href":"https:\/\/www.mpppst.gob.ve\/mpppstweb\/index.php\/wp-json\/wp\/v2\/posts\/20439"}],"collection":[{"href":"https:\/\/www.mpppst.gob.ve\/mpppstweb\/index.php\/wp-json\/wp\/v2\/posts"}],"about":[{"href":"https:\/\/www.mpppst.gob.ve\/mpppstweb\/index.php\/wp-json\/wp\/v2\/types\/post"}],"author":[{"embeddable":true,"href":"https:\/\/www.mpppst.gob.ve\/mpppstweb\/index.php\/wp-json\/wp\/v2\/users\/25"}],"replies":[{"embeddable":true,"href":"https:\/\/www.mpppst.gob.ve\/mpppstweb\/index.php\/wp-json\/wp\/v2\/comments?post=20439"}],"version-history":[{"count":1,"href":"https:\/\/www.mpppst.gob.ve\/mpppstweb\/index.php\/wp-json\/wp\/v2\/posts\/20439\/revisions"}],"predecessor-version":[{"id":20441,"href":"https:\/\/www.mpppst.gob.ve\/mpppstweb\/index.php\/wp-json\/wp\/v2\/posts\/20439\/revisions\/20441"}],"wp:featuredmedia":[{"embeddable":true,"href":"https:\/\/www.mpppst.gob.ve\/mpppstweb\/index.php\/wp-json\/wp\/v2\/media\/20442"}],"wp:attachment":[{"href":"https:\/\/www.mpppst.gob.ve\/mpppstweb\/index.php\/wp-json\/wp\/v2\/media?parent=20439"}],"wp:term":[{"taxonomy":"category","embeddable":true,"href":"https:\/\/www.mpppst.gob.ve\/mpppstweb\/index.php\/wp-json\/wp\/v2\/categories?post=20439"},{"taxonomy":"post_tag","embeddable":true,"href":"https:\/\/www.mpppst.gob.ve\/mpppstweb\/index.php\/wp-json\/wp\/v2\/tags?post=20439"}],"curies":[{"name":"wp","href":"https:\/\/api.w.org\/{rel}","templated":true}]}}