{"id":20443,"date":"2020-11-10T11:32:33","date_gmt":"2020-11-10T15:32:33","guid":{"rendered":"http:\/\/www.mpppst.gob.ve\/mpppstweb\/?p=20443"},"modified":"2020-11-10T11:32:35","modified_gmt":"2020-11-10T15:32:35","slug":"ministro-nanez-congreso-venezuela-digital-2020-invita-a-defender-la-verdad-del-pais-mas-asediado-en-los-ultimos-tiempos","status":"publish","type":"post","link":"https:\/\/www.mpppst.gob.ve\/mpppstweb\/index.php\/2020\/11\/10\/ministro-nanez-congreso-venezuela-digital-2020-invita-a-defender-la-verdad-del-pais-mas-asediado-en-los-ultimos-tiempos\/","title":{"rendered":"Ministro \u00d1\u00e1\u00f1ez: Congreso Venezuela Digital 2020 invita a defender la verdad del pa\u00eds m\u00e1s asediado en los \u00faltimos tiempos"},"content":{"rendered":"\n<p>Este lunes arranc\u00f3 el&nbsp;<strong>Congreso Venezuela Digital, Comunicadores y Comunicadoras 3.0<\/strong>&nbsp;con la participaci\u00f3n de m\u00e1s de 900 personas, espacio de formaci\u00f3n y crecimiento que \u201c<strong>invita a defender la verdad de Venezuela<\/strong>, el pa\u00eds m\u00e1s asediado econ\u00f3mica, pol\u00edtica y medi\u00e1ticamente en los \u00faltimos tiempos\u201d, afirm\u00f3 el ministro del Poder Popular para la Comunicaci\u00f3n y la Informaci\u00f3n, Freddy \u00d1\u00e1\u00f1ez.<\/p>\n\n\n\n<p>Durante su discurso de bienvenida,&nbsp; indic\u00f3 que los participantes podr\u00e1n adquirir herramientas para, desde \u201cel mundo digital, el mundo de las redes sociales, transformar discursos liberadores, con contenidos liberadores, y transformar la percepci\u00f3n de la Revoluci\u00f3n posible en la humanidad\u201d.<\/p>\n\n\n\n<p>Como antecedente a lo que ocurre en el \u00e1mbito 2.0 y 3.0, explic\u00f3 que en 1964 el fil\u00f3sofo y escritor canadiense&nbsp;<strong>Marshall McLuhan<\/strong>&nbsp;public\u00f3 el libro&nbsp;<em>Comprender los medios de comunicaci\u00f3n:&nbsp;<\/em><em>las extensiones del ser humano<\/em>;&nbsp; \u201clibro que hace parte de una obra pionera en el an\u00e1lisis de las nuevas tecnolog\u00edas de la comunicaci\u00f3n y su impacto directo en las relaciones sociales\u201d.<\/p>\n\n\n\n<p>Sostiene que este libro plantea dos inquietudes que siguen vigentes y resultan interesantes para este congreso:<br>1) Los medios son extensiones de nuestro cuerpo; la radio es la extensi\u00f3n de nuestro o\u00eddo,&nbsp; la televisi\u00f3n de nuestra vista y el internet y los mundos 2.0 y 3.0 -que el propio McLuhan predijo en los a\u00f1os 80- vendr\u00edan a ser la extensi\u00f3n de nuestro cerebro, de nuestra conciencia y de nuestro inconsciente.<\/p>\n\n\n\n<p>2) El medio es el mensaje, lo que revierte el axioma de la teor\u00eda de los medios de comunicaci\u00f3n hasta el momento vigentes, seg\u00fan el cual solo el mensaje constitu\u00eda el gran poder de los medios de comunicaci\u00f3n; incluso en la d\u00e9cada de los 60 y de los 70 se pensaba que el mensaje podr\u00eda estar oculto, que hab\u00eda un mensaje subliminal que pod\u00eda dominar la mente y el cuerpo de los seres humanos. Pero m\u00e1s McLuhan pensaba que todo esto era una distracci\u00f3n para \u00e9l lo que se jugaba verdaderamente importante para el ser humano eran las formas como las nuevas tecnolog\u00edas se iban a inocular en las relaciones sociales e interpersonales y tambi\u00e9n en las relaciones de nosotros con nuestro propio cuerpo.<\/p>\n\n\n\n<p>En este sentido, subray\u00f3 que para McLuhan \u201cera el propio medio el que produc\u00eda un discurso y un sentido\u201d.<\/p>\n\n\n\n<p>Por otra parte, indic\u00f3 que en 1975, el fil\u00f3sofo franc\u00e9s&nbsp;<strong>Michel Foucault<\/strong>, escribe el libro V<em>igilar y castigar<\/em>. El tambi\u00e9n psic\u00f3logo y educador estudia el poder y c\u00f3mo ha evolucionado la t\u00e9cnica del poder para ejercer el control absoluto sobre las poblaciones.&nbsp;<\/p>\n\n\n\n<p>Para esto Foucault nos retrotrae al Siglo XVIII, donde muestra la arquitectura de un t\u00e9cnico utilitarista llamado&nbsp;Jeremy Bentham, quien ide\u00f3 la c\u00e1rcel m\u00e1s perfecta y eficiente del mundo, el pan\u00f3ptico, una estructura circular con una torre en el medio donde un carcelario pod\u00eda vigilar hasta 100 presidiarios.<\/p>\n\n\n\n<p>Describi\u00f3 el Ministro, que los presidiarios no pod\u00edan saber si el carcelario estaba cheque\u00e1ndolos, vigil\u00e1ndolos,&nbsp; observ\u00e1ndolos, por lo tanto la vigilancia se convert\u00eda en una vigilancia interna y as\u00ed el presidiario se volv\u00eda a su propio vigilante. De esta manera se hac\u00eda mucho m\u00e1s eficiente la forma carcelaria.<\/p>\n\n\n\n<p>Coment\u00f3 que para Michel Foucault, este es el embri\u00f3n de un poder, que se convirti\u00f3 a la vez en econ\u00f3mico, cultural y pol\u00edtico: el neoliberalismo.<\/p>\n\n\n\n<p>\u00d1\u00e1\u00f1ez sostiene que Michel Foucault plantea que el neoliberalismo ha llegado a constituir una manera de control social a trav\u00e9s de la biopol\u00edtica, el control de nuestro cuerpo, el control de nuestra percepci\u00f3n y as\u00ed el control de nuestras vidas.<\/p>\n\n\n\n<p>\u201cSi unimos las teor\u00edas de Michel Foucault con las teor\u00edas de Marshall McLuhan nos da como resultado las corporaciones transnacionales 2.0 y 3.0\u201d, plante\u00f3 el Ministro.<\/p>\n\n\n\n<p>En este orden de ideas, afirm\u00f3 que es posible hacer una revoluci\u00f3n en el pan\u00f3ptico digital en el que se ha convertido el mundo, \u201ces posible hacer una transformaci\u00f3n en las nuevas tecnolog\u00edas de los medios de comunicaci\u00f3n, cuando ellas est\u00e1n directamente utilizadas no para extender nuestros cuerpos, sino para amputar nuestros propios sentidos\u201d.<\/p>\n\n\n\n<p>El Ministro manifest\u00f3 que para eso se convoc\u00f3 este Congreso Venezuela Digital, Comunicadores y Comunicadoras 3.0, en el que \u201cactivistas de las comunidades, de los barrios, de las calles y de las veredas han hecho presencia en el mundo digital, en el mundo de las redes sociales, para transformar discursos liberadores, con contenidos liberadores, tambi\u00e9n la percepci\u00f3n de la Revoluci\u00f3n posible en la humanidad.\u00a0 <\/p>\n","protected":false},"excerpt":{"rendered":"<p>Este lunes arranc\u00f3 el&nbsp;Congreso Venezuela Digital, Comunicadores y Comunicadoras 3.0&nbsp;con la participaci\u00f3n de m\u00e1s de 900 &hellip; <a title=\"Ministro \u00d1\u00e1\u00f1ez: Congreso Venezuela Digital 2020 invita a defender la verdad del pa\u00eds m\u00e1s asediado en los \u00faltimos tiempos\" class=\"hm-read-more\" href=\"https:\/\/www.mpppst.gob.ve\/mpppstweb\/index.php\/2020\/11\/10\/ministro-nanez-congreso-venezuela-digital-2020-invita-a-defender-la-verdad-del-pais-mas-asediado-en-los-ultimos-tiempos\/\"><span class=\"screen-reader-text\">Ministro \u00d1\u00e1\u00f1ez: Congreso Venezuela Digital 2020 invita a defender la verdad del pa\u00eds m\u00e1s asediado en los \u00faltimos tiempos<\/span>Read more<\/a><\/p>\n","protected":false},"author":25,"featured_media":20444,"comment_status":"closed","ping_status":"closed","sticky":false,"template":"","format":"standard","meta":{"footnotes":""},"categories":[82,360,163],"tags":[],"yoast_head":"<!-- This site is optimized with the Yoast SEO plugin v22.5 - https:\/\/yoast.com\/wordpress\/plugins\/seo\/ -->\n<title>Ministro \u00d1\u00e1\u00f1ez: Congreso Venezuela Digital 2020 invita a defender la verdad del pa\u00eds m\u00e1s asediado en los \u00faltimos tiempos - MPPPST<\/title>\n<meta name=\"robots\" content=\"index, follow, max-snippet:-1, max-image-preview:large, max-video-preview:-1\" \/>\n<link rel=\"canonical\" href=\"https:\/\/www.mpppst.gob.ve\/mpppstweb\/index.php\/2020\/11\/10\/ministro-nanez-congreso-venezuela-digital-2020-invita-a-defender-la-verdad-del-pais-mas-asediado-en-los-ultimos-tiempos\/\" \/>\n<meta property=\"og:locale\" content=\"es_ES\" \/>\n<meta property=\"og:type\" content=\"article\" \/>\n<meta property=\"og:title\" content=\"Ministro \u00d1\u00e1\u00f1ez: Congreso Venezuela Digital 2020 invita a defender la verdad del pa\u00eds m\u00e1s asediado en los \u00faltimos tiempos - MPPPST\" \/>\n<meta property=\"og:description\" content=\"Este lunes arranc\u00f3 el&nbsp;Congreso Venezuela Digital, Comunicadores y Comunicadoras 3.0&nbsp;con la participaci\u00f3n de m\u00e1s de 900 &hellip; Ministro \u00d1\u00e1\u00f1ez: Congreso Venezuela Digital 2020 invita a defender la verdad del pa\u00eds m\u00e1s asediado en los \u00faltimos tiemposRead more\" \/>\n<meta property=\"og:url\" content=\"https:\/\/www.mpppst.gob.ve\/mpppstweb\/index.php\/2020\/11\/10\/ministro-nanez-congreso-venezuela-digital-2020-invita-a-defender-la-verdad-del-pais-mas-asediado-en-los-ultimos-tiempos\/\" \/>\n<meta property=\"og:site_name\" content=\"MPPPST\" \/>\n<meta property=\"article:published_time\" content=\"2020-11-10T15:32:33+00:00\" \/>\n<meta property=\"article:modified_time\" content=\"2020-11-10T15:32:35+00:00\" \/>\n<meta property=\"og:image\" content=\"https:\/\/www.mpppst.gob.ve\/mpppstweb\/wp-content\/uploads\/2020\/11\/25bf28de-68a1-43f0-821d-5483b1ce18e4-768x427-1.jpg\" \/>\n\t<meta property=\"og:image:width\" content=\"768\" \/>\n\t<meta property=\"og:image:height\" content=\"427\" \/>\n\t<meta property=\"og:image:type\" content=\"image\/jpeg\" \/>\n<meta name=\"author\" content=\"MPPPST Prensa\" \/>\n<meta name=\"twitter:card\" content=\"summary_large_image\" \/>\n<meta name=\"twitter:label1\" content=\"Escrito por\" \/>\n\t<meta name=\"twitter:data1\" content=\"MPPPST Prensa\" \/>\n\t<meta name=\"twitter:label2\" content=\"Tiempo de lectura\" \/>\n\t<meta name=\"twitter:data2\" content=\"4 minutos\" \/>\n<script type=\"application\/ld+json\" class=\"yoast-schema-graph\">{\"@context\":\"https:\/\/schema.org\",\"@graph\":[{\"@type\":\"Article\",\"@id\":\"https:\/\/www.mpppst.gob.ve\/mpppstweb\/index.php\/2020\/11\/10\/ministro-nanez-congreso-venezuela-digital-2020-invita-a-defender-la-verdad-del-pais-mas-asediado-en-los-ultimos-tiempos\/#article\",\"isPartOf\":{\"@id\":\"https:\/\/www.mpppst.gob.ve\/mpppstweb\/index.php\/2020\/11\/10\/ministro-nanez-congreso-venezuela-digital-2020-invita-a-defender-la-verdad-del-pais-mas-asediado-en-los-ultimos-tiempos\/\"},\"author\":{\"name\":\"MPPPST Prensa\",\"@id\":\"https:\/\/www.mpppst.gob.ve\/mpppstweb\/#\/schema\/person\/fc187ee8ead412bd4c9304b62f900ea4\"},\"headline\":\"Ministro \u00d1\u00e1\u00f1ez: Congreso Venezuela Digital 2020 invita a defender la verdad del pa\u00eds m\u00e1s asediado en los \u00faltimos tiempos\",\"datePublished\":\"2020-11-10T15:32:33+00:00\",\"dateModified\":\"2020-11-10T15:32:35+00:00\",\"mainEntityOfPage\":{\"@id\":\"https:\/\/www.mpppst.gob.ve\/mpppstweb\/index.php\/2020\/11\/10\/ministro-nanez-congreso-venezuela-digital-2020-invita-a-defender-la-verdad-del-pais-mas-asediado-en-los-ultimos-tiempos\/\"},\"wordCount\":811,\"publisher\":{\"@id\":\"https:\/\/www.mpppst.gob.ve\/mpppstweb\/#organization\"},\"image\":{\"@id\":\"https:\/\/www.mpppst.gob.ve\/mpppstweb\/index.php\/2020\/11\/10\/ministro-nanez-congreso-venezuela-digital-2020-invita-a-defender-la-verdad-del-pais-mas-asediado-en-los-ultimos-tiempos\/#primaryimage\"},\"thumbnailUrl\":\"https:\/\/www.mpppst.gob.ve\/mpppstweb\/wp-content\/uploads\/2020\/11\/25bf28de-68a1-43f0-821d-5483b1ce18e4-768x427-1.jpg\",\"articleSection\":[\"Gobierno Nacional\",\"Movimientos Sociales\",\"Noticias\"],\"inLanguage\":\"es\"},{\"@type\":\"WebPage\",\"@id\":\"https:\/\/www.mpppst.gob.ve\/mpppstweb\/index.php\/2020\/11\/10\/ministro-nanez-congreso-venezuela-digital-2020-invita-a-defender-la-verdad-del-pais-mas-asediado-en-los-ultimos-tiempos\/\",\"url\":\"https:\/\/www.mpppst.gob.ve\/mpppstweb\/index.php\/2020\/11\/10\/ministro-nanez-congreso-venezuela-digital-2020-invita-a-defender-la-verdad-del-pais-mas-asediado-en-los-ultimos-tiempos\/\",\"name\":\"Ministro \u00d1\u00e1\u00f1ez: Congreso Venezuela Digital 2020 invita a defender la verdad del pa\u00eds m\u00e1s asediado en los \u00faltimos tiempos - MPPPST\",\"isPartOf\":{\"@id\":\"https:\/\/www.mpppst.gob.ve\/mpppstweb\/#website\"},\"primaryImageOfPage\":{\"@id\":\"https:\/\/www.mpppst.gob.ve\/mpppstweb\/index.php\/2020\/11\/10\/ministro-nanez-congreso-venezuela-digital-2020-invita-a-defender-la-verdad-del-pais-mas-asediado-en-los-ultimos-tiempos\/#primaryimage\"},\"image\":{\"@id\":\"https:\/\/www.mpppst.gob.ve\/mpppstweb\/index.php\/2020\/11\/10\/ministro-nanez-congreso-venezuela-digital-2020-invita-a-defender-la-verdad-del-pais-mas-asediado-en-los-ultimos-tiempos\/#primaryimage\"},\"thumbnailUrl\":\"https:\/\/www.mpppst.gob.ve\/mpppstweb\/wp-content\/uploads\/2020\/11\/25bf28de-68a1-43f0-821d-5483b1ce18e4-768x427-1.jpg\",\"datePublished\":\"2020-11-10T15:32:33+00:00\",\"dateModified\":\"2020-11-10T15:32:35+00:00\",\"breadcrumb\":{\"@id\":\"https:\/\/www.mpppst.gob.ve\/mpppstweb\/index.php\/2020\/11\/10\/ministro-nanez-congreso-venezuela-digital-2020-invita-a-defender-la-verdad-del-pais-mas-asediado-en-los-ultimos-tiempos\/#breadcrumb\"},\"inLanguage\":\"es\",\"potentialAction\":[{\"@type\":\"ReadAction\",\"target\":[\"https:\/\/www.mpppst.gob.ve\/mpppstweb\/index.php\/2020\/11\/10\/ministro-nanez-congreso-venezuela-digital-2020-invita-a-defender-la-verdad-del-pais-mas-asediado-en-los-ultimos-tiempos\/\"]}]},{\"@type\":\"ImageObject\",\"inLanguage\":\"es\",\"@id\":\"https:\/\/www.mpppst.gob.ve\/mpppstweb\/index.php\/2020\/11\/10\/ministro-nanez-congreso-venezuela-digital-2020-invita-a-defender-la-verdad-del-pais-mas-asediado-en-los-ultimos-tiempos\/#primaryimage\",\"url\":\"https:\/\/www.mpppst.gob.ve\/mpppstweb\/wp-content\/uploads\/2020\/11\/25bf28de-68a1-43f0-821d-5483b1ce18e4-768x427-1.jpg\",\"contentUrl\":\"https:\/\/www.mpppst.gob.ve\/mpppstweb\/wp-content\/uploads\/2020\/11\/25bf28de-68a1-43f0-821d-5483b1ce18e4-768x427-1.jpg\",\"width\":768,\"height\":427},{\"@type\":\"BreadcrumbList\",\"@id\":\"https:\/\/www.mpppst.gob.ve\/mpppstweb\/index.php\/2020\/11\/10\/ministro-nanez-congreso-venezuela-digital-2020-invita-a-defender-la-verdad-del-pais-mas-asediado-en-los-ultimos-tiempos\/#breadcrumb\",\"itemListElement\":[{\"@type\":\"ListItem\",\"position\":1,\"name\":\"Home\",\"item\":\"https:\/\/www.mpppst.gob.ve\/mpppstweb\/\"},{\"@type\":\"ListItem\",\"position\":2,\"name\":\"Ministro \u00d1\u00e1\u00f1ez: Congreso Venezuela Digital 2020 invita a defender la verdad del pa\u00eds m\u00e1s asediado en los \u00faltimos tiempos\"}]},{\"@type\":\"WebSite\",\"@id\":\"https:\/\/www.mpppst.gob.ve\/mpppstweb\/#website\",\"url\":\"https:\/\/www.mpppst.gob.ve\/mpppstweb\/\",\"name\":\"MPPPST\",\"description\":\"Ministerio del Poder Popular para el Proceso Social de Trabajo\",\"publisher\":{\"@id\":\"https:\/\/www.mpppst.gob.ve\/mpppstweb\/#organization\"},\"potentialAction\":[{\"@type\":\"SearchAction\",\"target\":{\"@type\":\"EntryPoint\",\"urlTemplate\":\"https:\/\/www.mpppst.gob.ve\/mpppstweb\/?s={search_term_string}\"},\"query-input\":\"required name=search_term_string\"}],\"inLanguage\":\"es\"},{\"@type\":\"Organization\",\"@id\":\"https:\/\/www.mpppst.gob.ve\/mpppstweb\/#organization\",\"name\":\"mpppst\",\"url\":\"https:\/\/www.mpppst.gob.ve\/mpppstweb\/\",\"logo\":{\"@type\":\"ImageObject\",\"inLanguage\":\"es\",\"@id\":\"https:\/\/www.mpppst.gob.ve\/mpppstweb\/#\/schema\/logo\/image\/\",\"url\":\"https:\/\/www.mpppst.gob.ve\/mpppstweb\/wp-content\/uploads\/2025\/07\/cropped-cropped-g910.png\",\"contentUrl\":\"https:\/\/www.mpppst.gob.ve\/mpppstweb\/wp-content\/uploads\/2025\/07\/cropped-cropped-g910.png\",\"width\":1080,\"height\":241,\"caption\":\"mpppst\"},\"image\":{\"@id\":\"https:\/\/www.mpppst.gob.ve\/mpppstweb\/#\/schema\/logo\/image\/\"}},{\"@type\":\"Person\",\"@id\":\"https:\/\/www.mpppst.gob.ve\/mpppstweb\/#\/schema\/person\/fc187ee8ead412bd4c9304b62f900ea4\",\"name\":\"MPPPST Prensa\",\"url\":\"https:\/\/www.mpppst.gob.ve\/mpppstweb\/index.php\/author\/prensa-mpppst\/\"}]}<\/script>\n<!-- \/ Yoast SEO plugin. -->","yoast_head_json":{"title":"Ministro \u00d1\u00e1\u00f1ez: Congreso Venezuela Digital 2020 invita a defender la verdad del pa\u00eds m\u00e1s asediado en los \u00faltimos tiempos - MPPPST","robots":{"index":"index","follow":"follow","max-snippet":"max-snippet:-1","max-image-preview":"max-image-preview:large","max-video-preview":"max-video-preview:-1"},"canonical":"https:\/\/www.mpppst.gob.ve\/mpppstweb\/index.php\/2020\/11\/10\/ministro-nanez-congreso-venezuela-digital-2020-invita-a-defender-la-verdad-del-pais-mas-asediado-en-los-ultimos-tiempos\/","og_locale":"es_ES","og_type":"article","og_title":"Ministro \u00d1\u00e1\u00f1ez: Congreso Venezuela Digital 2020 invita a defender la verdad del pa\u00eds m\u00e1s asediado en los \u00faltimos tiempos - MPPPST","og_description":"Este lunes arranc\u00f3 el&nbsp;Congreso Venezuela Digital, Comunicadores y Comunicadoras 3.0&nbsp;con la participaci\u00f3n de m\u00e1s de 900 &hellip; Ministro \u00d1\u00e1\u00f1ez: Congreso Venezuela Digital 2020 invita a defender la verdad del pa\u00eds m\u00e1s asediado en los \u00faltimos tiemposRead more","og_url":"https:\/\/www.mpppst.gob.ve\/mpppstweb\/index.php\/2020\/11\/10\/ministro-nanez-congreso-venezuela-digital-2020-invita-a-defender-la-verdad-del-pais-mas-asediado-en-los-ultimos-tiempos\/","og_site_name":"MPPPST","article_published_time":"2020-11-10T15:32:33+00:00","article_modified_time":"2020-11-10T15:32:35+00:00","og_image":[{"width":768,"height":427,"url":"https:\/\/www.mpppst.gob.ve\/mpppstweb\/wp-content\/uploads\/2020\/11\/25bf28de-68a1-43f0-821d-5483b1ce18e4-768x427-1.jpg","type":"image\/jpeg"}],"author":"MPPPST Prensa","twitter_card":"summary_large_image","twitter_misc":{"Escrito por":"MPPPST Prensa","Tiempo de lectura":"4 minutos"},"schema":{"@context":"https:\/\/schema.org","@graph":[{"@type":"Article","@id":"https:\/\/www.mpppst.gob.ve\/mpppstweb\/index.php\/2020\/11\/10\/ministro-nanez-congreso-venezuela-digital-2020-invita-a-defender-la-verdad-del-pais-mas-asediado-en-los-ultimos-tiempos\/#article","isPartOf":{"@id":"https:\/\/www.mpppst.gob.ve\/mpppstweb\/index.php\/2020\/11\/10\/ministro-nanez-congreso-venezuela-digital-2020-invita-a-defender-la-verdad-del-pais-mas-asediado-en-los-ultimos-tiempos\/"},"author":{"name":"MPPPST Prensa","@id":"https:\/\/www.mpppst.gob.ve\/mpppstweb\/#\/schema\/person\/fc187ee8ead412bd4c9304b62f900ea4"},"headline":"Ministro \u00d1\u00e1\u00f1ez: Congreso Venezuela Digital 2020 invita a defender la verdad del pa\u00eds m\u00e1s asediado en los \u00faltimos tiempos","datePublished":"2020-11-10T15:32:33+00:00","dateModified":"2020-11-10T15:32:35+00:00","mainEntityOfPage":{"@id":"https:\/\/www.mpppst.gob.ve\/mpppstweb\/index.php\/2020\/11\/10\/ministro-nanez-congreso-venezuela-digital-2020-invita-a-defender-la-verdad-del-pais-mas-asediado-en-los-ultimos-tiempos\/"},"wordCount":811,"publisher":{"@id":"https:\/\/www.mpppst.gob.ve\/mpppstweb\/#organization"},"image":{"@id":"https:\/\/www.mpppst.gob.ve\/mpppstweb\/index.php\/2020\/11\/10\/ministro-nanez-congreso-venezuela-digital-2020-invita-a-defender-la-verdad-del-pais-mas-asediado-en-los-ultimos-tiempos\/#primaryimage"},"thumbnailUrl":"https:\/\/www.mpppst.gob.ve\/mpppstweb\/wp-content\/uploads\/2020\/11\/25bf28de-68a1-43f0-821d-5483b1ce18e4-768x427-1.jpg","articleSection":["Gobierno Nacional","Movimientos Sociales","Noticias"],"inLanguage":"es"},{"@type":"WebPage","@id":"https:\/\/www.mpppst.gob.ve\/mpppstweb\/index.php\/2020\/11\/10\/ministro-nanez-congreso-venezuela-digital-2020-invita-a-defender-la-verdad-del-pais-mas-asediado-en-los-ultimos-tiempos\/","url":"https:\/\/www.mpppst.gob.ve\/mpppstweb\/index.php\/2020\/11\/10\/ministro-nanez-congreso-venezuela-digital-2020-invita-a-defender-la-verdad-del-pais-mas-asediado-en-los-ultimos-tiempos\/","name":"Ministro \u00d1\u00e1\u00f1ez: Congreso Venezuela Digital 2020 invita a defender la verdad del pa\u00eds m\u00e1s asediado en los \u00faltimos tiempos - MPPPST","isPartOf":{"@id":"https:\/\/www.mpppst.gob.ve\/mpppstweb\/#website"},"primaryImageOfPage":{"@id":"https:\/\/www.mpppst.gob.ve\/mpppstweb\/index.php\/2020\/11\/10\/ministro-nanez-congreso-venezuela-digital-2020-invita-a-defender-la-verdad-del-pais-mas-asediado-en-los-ultimos-tiempos\/#primaryimage"},"image":{"@id":"https:\/\/www.mpppst.gob.ve\/mpppstweb\/index.php\/2020\/11\/10\/ministro-nanez-congreso-venezuela-digital-2020-invita-a-defender-la-verdad-del-pais-mas-asediado-en-los-ultimos-tiempos\/#primaryimage"},"thumbnailUrl":"https:\/\/www.mpppst.gob.ve\/mpppstweb\/wp-content\/uploads\/2020\/11\/25bf28de-68a1-43f0-821d-5483b1ce18e4-768x427-1.jpg","datePublished":"2020-11-10T15:32:33+00:00","dateModified":"2020-11-10T15:32:35+00:00","breadcrumb":{"@id":"https:\/\/www.mpppst.gob.ve\/mpppstweb\/index.php\/2020\/11\/10\/ministro-nanez-congreso-venezuela-digital-2020-invita-a-defender-la-verdad-del-pais-mas-asediado-en-los-ultimos-tiempos\/#breadcrumb"},"inLanguage":"es","potentialAction":[{"@type":"ReadAction","target":["https:\/\/www.mpppst.gob.ve\/mpppstweb\/index.php\/2020\/11\/10\/ministro-nanez-congreso-venezuela-digital-2020-invita-a-defender-la-verdad-del-pais-mas-asediado-en-los-ultimos-tiempos\/"]}]},{"@type":"ImageObject","inLanguage":"es","@id":"https:\/\/www.mpppst.gob.ve\/mpppstweb\/index.php\/2020\/11\/10\/ministro-nanez-congreso-venezuela-digital-2020-invita-a-defender-la-verdad-del-pais-mas-asediado-en-los-ultimos-tiempos\/#primaryimage","url":"https:\/\/www.mpppst.gob.ve\/mpppstweb\/wp-content\/uploads\/2020\/11\/25bf28de-68a1-43f0-821d-5483b1ce18e4-768x427-1.jpg","contentUrl":"https:\/\/www.mpppst.gob.ve\/mpppstweb\/wp-content\/uploads\/2020\/11\/25bf28de-68a1-43f0-821d-5483b1ce18e4-768x427-1.jpg","width":768,"height":427},{"@type":"BreadcrumbList","@id":"https:\/\/www.mpppst.gob.ve\/mpppstweb\/index.php\/2020\/11\/10\/ministro-nanez-congreso-venezuela-digital-2020-invita-a-defender-la-verdad-del-pais-mas-asediado-en-los-ultimos-tiempos\/#breadcrumb","itemListElement":[{"@type":"ListItem","position":1,"name":"Home","item":"https:\/\/www.mpppst.gob.ve\/mpppstweb\/"},{"@type":"ListItem","position":2,"name":"Ministro \u00d1\u00e1\u00f1ez: Congreso Venezuela Digital 2020 invita a defender la verdad del pa\u00eds m\u00e1s asediado en los \u00faltimos tiempos"}]},{"@type":"WebSite","@id":"https:\/\/www.mpppst.gob.ve\/mpppstweb\/#website","url":"https:\/\/www.mpppst.gob.ve\/mpppstweb\/","name":"MPPPST","description":"Ministerio del Poder Popular para el Proceso Social de Trabajo","publisher":{"@id":"https:\/\/www.mpppst.gob.ve\/mpppstweb\/#organization"},"potentialAction":[{"@type":"SearchAction","target":{"@type":"EntryPoint","urlTemplate":"https:\/\/www.mpppst.gob.ve\/mpppstweb\/?s={search_term_string}"},"query-input":"required name=search_term_string"}],"inLanguage":"es"},{"@type":"Organization","@id":"https:\/\/www.mpppst.gob.ve\/mpppstweb\/#organization","name":"mpppst","url":"https:\/\/www.mpppst.gob.ve\/mpppstweb\/","logo":{"@type":"ImageObject","inLanguage":"es","@id":"https:\/\/www.mpppst.gob.ve\/mpppstweb\/#\/schema\/logo\/image\/","url":"https:\/\/www.mpppst.gob.ve\/mpppstweb\/wp-content\/uploads\/2025\/07\/cropped-cropped-g910.png","contentUrl":"https:\/\/www.mpppst.gob.ve\/mpppstweb\/wp-content\/uploads\/2025\/07\/cropped-cropped-g910.png","width":1080,"height":241,"caption":"mpppst"},"image":{"@id":"https:\/\/www.mpppst.gob.ve\/mpppstweb\/#\/schema\/logo\/image\/"}},{"@type":"Person","@id":"https:\/\/www.mpppst.gob.ve\/mpppstweb\/#\/schema\/person\/fc187ee8ead412bd4c9304b62f900ea4","name":"MPPPST Prensa","url":"https:\/\/www.mpppst.gob.ve\/mpppstweb\/index.php\/author\/prensa-mpppst\/"}]}},"_links":{"self":[{"href":"https:\/\/www.mpppst.gob.ve\/mpppstweb\/index.php\/wp-json\/wp\/v2\/posts\/20443"}],"collection":[{"href":"https:\/\/www.mpppst.gob.ve\/mpppstweb\/index.php\/wp-json\/wp\/v2\/posts"}],"about":[{"href":"https:\/\/www.mpppst.gob.ve\/mpppstweb\/index.php\/wp-json\/wp\/v2\/types\/post"}],"author":[{"embeddable":true,"href":"https:\/\/www.mpppst.gob.ve\/mpppstweb\/index.php\/wp-json\/wp\/v2\/users\/25"}],"replies":[{"embeddable":true,"href":"https:\/\/www.mpppst.gob.ve\/mpppstweb\/index.php\/wp-json\/wp\/v2\/comments?post=20443"}],"version-history":[{"count":1,"href":"https:\/\/www.mpppst.gob.ve\/mpppstweb\/index.php\/wp-json\/wp\/v2\/posts\/20443\/revisions"}],"predecessor-version":[{"id":20445,"href":"https:\/\/www.mpppst.gob.ve\/mpppstweb\/index.php\/wp-json\/wp\/v2\/posts\/20443\/revisions\/20445"}],"wp:featuredmedia":[{"embeddable":true,"href":"https:\/\/www.mpppst.gob.ve\/mpppstweb\/index.php\/wp-json\/wp\/v2\/media\/20444"}],"wp:attachment":[{"href":"https:\/\/www.mpppst.gob.ve\/mpppstweb\/index.php\/wp-json\/wp\/v2\/media?parent=20443"}],"wp:term":[{"taxonomy":"category","embeddable":true,"href":"https:\/\/www.mpppst.gob.ve\/mpppstweb\/index.php\/wp-json\/wp\/v2\/categories?post=20443"},{"taxonomy":"post_tag","embeddable":true,"href":"https:\/\/www.mpppst.gob.ve\/mpppstweb\/index.php\/wp-json\/wp\/v2\/tags?post=20443"}],"curies":[{"name":"wp","href":"https:\/\/api.w.org\/{rel}","templated":true}]}}