{"id":20449,"date":"2020-11-10T11:37:07","date_gmt":"2020-11-10T15:37:07","guid":{"rendered":"http:\/\/www.mpppst.gob.ve\/mpppstweb\/?p=20449"},"modified":"2020-11-10T11:37:08","modified_gmt":"2020-11-10T15:37:08","slug":"gobierno-bolivariano-dota-de-60-vehiculos-al-centro-de-refinacion-paraguana","status":"publish","type":"post","link":"https:\/\/www.mpppst.gob.ve\/mpppstweb\/index.php\/2020\/11\/10\/gobierno-bolivariano-dota-de-60-vehiculos-al-centro-de-refinacion-paraguana\/","title":{"rendered":"Gobierno Bolivariano dota de 60 veh\u00edculos al Centro de Refinaci\u00f3n Paraguan\u00e1"},"content":{"rendered":"\n<p>Al menos 60 veh\u00edculos fueron entregados al Consejo Productivo de Trabajadores del Centro de Refinaci\u00f3n de Paraguan\u00e1 de Petr\u00f3leos de Venezuela (PDVSA) en el estado Falc\u00f3n, para fortalecer las operaciones de las Refiner\u00edas de Amuay y Card\u00f3n.<\/p>\n\n\n\n<p>As\u00ed lo inform\u00f3 el vicepresidente Sectorial del \u00c1rea Econ\u00f3mica y ministro del Poder Popular de Petr\u00f3leo, Tareck El Aissami. Esta dotaci\u00f3n de flota de veh\u00edculos tambi\u00e9n se realiza con el objetivo de elevar la capacidad de movilidad y reforzar las instalaciones f\u00edsicas de la empresa.<\/p>\n\n\n\n<p>Record\u00f3 que \u201chemos sido objeto de ataques terroristas que han provocado da\u00f1os a estructuras f\u00edsicas de este centro de refinaci\u00f3n\u201d.&nbsp;<\/p>\n\n\n\n<p>Adem\u00e1s, manifest\u00f3 que los veh\u00edculos adjudicados a la clase trabajadora son para realizar las tareas fundamentales y garantizar los procesos productivos del Centro de Refinaci\u00f3n Paraguan\u00e1 (CRP).<\/p>\n\n\n\n<figure class=\"wp-block-image\"><img decoding=\"async\" src=\"https:\/\/www.vtv.gob.ve\/wp-content\/uploads\/2020\/11\/vehiculos-2-300x167.jpg\" alt=\"Gobierno Bolivariano dota 60 veh\u00edculos al Centro de Refinaci\u00f3n Paraguan\u00e1 \" class=\"wp-image-289131\"\/><figcaption>En el acto las primeras llaves de la flota fueron recibidas por el Jefe del Estado Mayor de los CPT Jos\u00e9 Uray<\/figcaption><\/figure>\n\n\n\n<p>La actividad cont\u00f3 con la presencia del gobernador del estado Falc\u00f3n, V\u00edctor Clark; el jefe de la Zona Operativa de Defensa Integral (ZODI) Falc\u00f3n, Vicealmirante Edward Centeno; el gerente General del CRP,&nbsp; Luis M\u00e1rquez; el jefe del Estado Mayor de los CPTT del CRP, Jos\u00e9 Uray y el vicepresidente de Refinaci\u00f3n de PDVSA, Gabriel Oliveros.&nbsp;<\/p>\n\n\n\n<h5 class=\"wp-block-heading\"><strong>PDVSA invencible<\/strong><\/h5>\n\n\n\n<p>El Vicepresidente Sectorial para el \u00c1rea Econ\u00f3mica fue enf\u00e1tico al afirmar que \u201cPDVSA es invencible, por su fuerza y por su moral; que esta dotaci\u00f3n se constituya en m\u00e1s compromiso, m\u00e1s producci\u00f3n, para volver a levantar a PDVSA y colocarla en el sitial que siempre ha estado, en la vanguardia de los nuevos tiempos, de la nueva historia que estamos escribiendo\u201d.<\/p>\n\n\n\n<p>Reiter\u00f3 que, a pesar de las medidas coercitivas impuestas contra el pueblo venezolano por el Gobierno norteamericano, con el apoyo de los enemigos de la Patria, \u201cpara bloquearnos, perseguir nuestros recursos y asfixiar a la industria petrolera venezolana; a Venezuela no la rinde ning\u00fan imperio, nosotros estamos movidos por la fuerza de la dignidad, la fuerza de la clase trabajadora petrolera, nos mueve el amor a la Patria, eso es invencible contra cualquier ataque terrorista, contra cualquier mente criminal que pretenda hacer da\u00f1o\u201d, asever\u00f3.<\/p>\n\n\n\n<p>El Aissami reiter\u00f3 su agradecimiento a la clase trabajadora petrolera por el compromiso demostrado, agregando que paulatinamente \u201cvamos a ir fortaleciendo todas las \u00e1reas; hemos iniciado en las refiner\u00edas para que garanticemos con ello el combustible para nuestro pueblo\u201d.<\/p>\n\n\n\n<p>\u201cVenezuela tiene un rol protag\u00f3nico en la construcci\u00f3n del nuevo comienzo econ\u00f3mico post-pandemia, y con la producci\u00f3n petrolera vamos a avanzar en la diversificaci\u00f3n econ\u00f3mica y productiva de todos los sectores\u201d, concluy\u00f3.<\/p>\n\n\n\n<h4 class=\"wp-block-heading\">En video<\/h4>\n\n\n\n<figure><iframe loading=\"lazy\" width=\"800\" height=\"600\" src=\"https:\/\/www.dailymotion.com\/embed\/video\/x7xcule\" allowfullscreen=\"\"><\/iframe><\/figure>\n","protected":false},"excerpt":{"rendered":"<p>Al menos 60 veh\u00edculos fueron entregados al Consejo Productivo de Trabajadores del Centro de Refinaci\u00f3n de &hellip; <a title=\"Gobierno Bolivariano dota de 60 veh\u00edculos al Centro de Refinaci\u00f3n Paraguan\u00e1\" class=\"hm-read-more\" href=\"https:\/\/www.mpppst.gob.ve\/mpppstweb\/index.php\/2020\/11\/10\/gobierno-bolivariano-dota-de-60-vehiculos-al-centro-de-refinacion-paraguana\/\"><span class=\"screen-reader-text\">Gobierno Bolivariano dota de 60 veh\u00edculos al Centro de Refinaci\u00f3n Paraguan\u00e1<\/span>Read more<\/a><\/p>\n","protected":false},"author":25,"featured_media":20450,"comment_status":"closed","ping_status":"closed","sticky":false,"template":"","format":"standard","meta":{"footnotes":""},"categories":[82,163],"tags":[],"yoast_head":"<!-- This site is optimized with the Yoast SEO plugin v22.5 - https:\/\/yoast.com\/wordpress\/plugins\/seo\/ -->\n<title>Gobierno Bolivariano dota de 60 veh\u00edculos al Centro de Refinaci\u00f3n Paraguan\u00e1 - MPPPST<\/title>\n<meta name=\"robots\" content=\"index, follow, max-snippet:-1, max-image-preview:large, max-video-preview:-1\" \/>\n<link rel=\"canonical\" href=\"https:\/\/www.mpppst.gob.ve\/mpppstweb\/index.php\/2020\/11\/10\/gobierno-bolivariano-dota-de-60-vehiculos-al-centro-de-refinacion-paraguana\/\" \/>\n<meta property=\"og:locale\" content=\"es_ES\" \/>\n<meta property=\"og:type\" content=\"article\" \/>\n<meta property=\"og:title\" content=\"Gobierno Bolivariano dota de 60 veh\u00edculos al Centro de Refinaci\u00f3n Paraguan\u00e1 - MPPPST\" \/>\n<meta property=\"og:description\" content=\"Al menos 60 veh\u00edculos fueron entregados al Consejo Productivo de Trabajadores del Centro de Refinaci\u00f3n de &hellip; Gobierno Bolivariano dota de 60 veh\u00edculos al Centro de Refinaci\u00f3n Paraguan\u00e1Read more\" \/>\n<meta property=\"og:url\" content=\"https:\/\/www.mpppst.gob.ve\/mpppstweb\/index.php\/2020\/11\/10\/gobierno-bolivariano-dota-de-60-vehiculos-al-centro-de-refinacion-paraguana\/\" \/>\n<meta property=\"og:site_name\" content=\"MPPPST\" \/>\n<meta property=\"article:published_time\" content=\"2020-11-10T15:37:07+00:00\" \/>\n<meta property=\"article:modified_time\" content=\"2020-11-10T15:37:08+00:00\" \/>\n<meta property=\"og:image\" content=\"https:\/\/www.mpppst.gob.ve\/mpppstweb\/wp-content\/uploads\/2020\/11\/vehiculos-768x427-1.jpg\" \/>\n\t<meta property=\"og:image:width\" content=\"768\" \/>\n\t<meta property=\"og:image:height\" content=\"427\" \/>\n\t<meta property=\"og:image:type\" content=\"image\/jpeg\" \/>\n<meta name=\"author\" content=\"MPPPST Prensa\" \/>\n<meta name=\"twitter:card\" content=\"summary_large_image\" \/>\n<meta name=\"twitter:label1\" content=\"Escrito por\" \/>\n\t<meta name=\"twitter:data1\" content=\"MPPPST Prensa\" \/>\n\t<meta name=\"twitter:label2\" content=\"Tiempo de lectura\" \/>\n\t<meta name=\"twitter:data2\" content=\"2 minutos\" \/>\n<script type=\"application\/ld+json\" class=\"yoast-schema-graph\">{\"@context\":\"https:\/\/schema.org\",\"@graph\":[{\"@type\":\"Article\",\"@id\":\"https:\/\/www.mpppst.gob.ve\/mpppstweb\/index.php\/2020\/11\/10\/gobierno-bolivariano-dota-de-60-vehiculos-al-centro-de-refinacion-paraguana\/#article\",\"isPartOf\":{\"@id\":\"https:\/\/www.mpppst.gob.ve\/mpppstweb\/index.php\/2020\/11\/10\/gobierno-bolivariano-dota-de-60-vehiculos-al-centro-de-refinacion-paraguana\/\"},\"author\":{\"name\":\"MPPPST Prensa\",\"@id\":\"https:\/\/www.mpppst.gob.ve\/mpppstweb\/#\/schema\/person\/fc187ee8ead412bd4c9304b62f900ea4\"},\"headline\":\"Gobierno Bolivariano dota de 60 veh\u00edculos al Centro de Refinaci\u00f3n Paraguan\u00e1\",\"datePublished\":\"2020-11-10T15:37:07+00:00\",\"dateModified\":\"2020-11-10T15:37:08+00:00\",\"mainEntityOfPage\":{\"@id\":\"https:\/\/www.mpppst.gob.ve\/mpppstweb\/index.php\/2020\/11\/10\/gobierno-bolivariano-dota-de-60-vehiculos-al-centro-de-refinacion-paraguana\/\"},\"wordCount\":478,\"publisher\":{\"@id\":\"https:\/\/www.mpppst.gob.ve\/mpppstweb\/#organization\"},\"image\":{\"@id\":\"https:\/\/www.mpppst.gob.ve\/mpppstweb\/index.php\/2020\/11\/10\/gobierno-bolivariano-dota-de-60-vehiculos-al-centro-de-refinacion-paraguana\/#primaryimage\"},\"thumbnailUrl\":\"https:\/\/www.mpppst.gob.ve\/mpppstweb\/wp-content\/uploads\/2020\/11\/vehiculos-768x427-1.jpg\",\"articleSection\":[\"Gobierno Nacional\",\"Noticias\"],\"inLanguage\":\"es\"},{\"@type\":\"WebPage\",\"@id\":\"https:\/\/www.mpppst.gob.ve\/mpppstweb\/index.php\/2020\/11\/10\/gobierno-bolivariano-dota-de-60-vehiculos-al-centro-de-refinacion-paraguana\/\",\"url\":\"https:\/\/www.mpppst.gob.ve\/mpppstweb\/index.php\/2020\/11\/10\/gobierno-bolivariano-dota-de-60-vehiculos-al-centro-de-refinacion-paraguana\/\",\"name\":\"Gobierno Bolivariano dota de 60 veh\u00edculos al Centro de Refinaci\u00f3n Paraguan\u00e1 - MPPPST\",\"isPartOf\":{\"@id\":\"https:\/\/www.mpppst.gob.ve\/mpppstweb\/#website\"},\"primaryImageOfPage\":{\"@id\":\"https:\/\/www.mpppst.gob.ve\/mpppstweb\/index.php\/2020\/11\/10\/gobierno-bolivariano-dota-de-60-vehiculos-al-centro-de-refinacion-paraguana\/#primaryimage\"},\"image\":{\"@id\":\"https:\/\/www.mpppst.gob.ve\/mpppstweb\/index.php\/2020\/11\/10\/gobierno-bolivariano-dota-de-60-vehiculos-al-centro-de-refinacion-paraguana\/#primaryimage\"},\"thumbnailUrl\":\"https:\/\/www.mpppst.gob.ve\/mpppstweb\/wp-content\/uploads\/2020\/11\/vehiculos-768x427-1.jpg\",\"datePublished\":\"2020-11-10T15:37:07+00:00\",\"dateModified\":\"2020-11-10T15:37:08+00:00\",\"breadcrumb\":{\"@id\":\"https:\/\/www.mpppst.gob.ve\/mpppstweb\/index.php\/2020\/11\/10\/gobierno-bolivariano-dota-de-60-vehiculos-al-centro-de-refinacion-paraguana\/#breadcrumb\"},\"inLanguage\":\"es\",\"potentialAction\":[{\"@type\":\"ReadAction\",\"target\":[\"https:\/\/www.mpppst.gob.ve\/mpppstweb\/index.php\/2020\/11\/10\/gobierno-bolivariano-dota-de-60-vehiculos-al-centro-de-refinacion-paraguana\/\"]}]},{\"@type\":\"ImageObject\",\"inLanguage\":\"es\",\"@id\":\"https:\/\/www.mpppst.gob.ve\/mpppstweb\/index.php\/2020\/11\/10\/gobierno-bolivariano-dota-de-60-vehiculos-al-centro-de-refinacion-paraguana\/#primaryimage\",\"url\":\"https:\/\/www.mpppst.gob.ve\/mpppstweb\/wp-content\/uploads\/2020\/11\/vehiculos-768x427-1.jpg\",\"contentUrl\":\"https:\/\/www.mpppst.gob.ve\/mpppstweb\/wp-content\/uploads\/2020\/11\/vehiculos-768x427-1.jpg\",\"width\":768,\"height\":427},{\"@type\":\"BreadcrumbList\",\"@id\":\"https:\/\/www.mpppst.gob.ve\/mpppstweb\/index.php\/2020\/11\/10\/gobierno-bolivariano-dota-de-60-vehiculos-al-centro-de-refinacion-paraguana\/#breadcrumb\",\"itemListElement\":[{\"@type\":\"ListItem\",\"position\":1,\"name\":\"Home\",\"item\":\"https:\/\/www.mpppst.gob.ve\/mpppstweb\/\"},{\"@type\":\"ListItem\",\"position\":2,\"name\":\"Gobierno Bolivariano dota de 60 veh\u00edculos al Centro de Refinaci\u00f3n Paraguan\u00e1\"}]},{\"@type\":\"WebSite\",\"@id\":\"https:\/\/www.mpppst.gob.ve\/mpppstweb\/#website\",\"url\":\"https:\/\/www.mpppst.gob.ve\/mpppstweb\/\",\"name\":\"MPPPST\",\"description\":\"Ministerio del Poder Popular para el Proceso Social de Trabajo\",\"publisher\":{\"@id\":\"https:\/\/www.mpppst.gob.ve\/mpppstweb\/#organization\"},\"potentialAction\":[{\"@type\":\"SearchAction\",\"target\":{\"@type\":\"EntryPoint\",\"urlTemplate\":\"https:\/\/www.mpppst.gob.ve\/mpppstweb\/?s={search_term_string}\"},\"query-input\":\"required name=search_term_string\"}],\"inLanguage\":\"es\"},{\"@type\":\"Organization\",\"@id\":\"https:\/\/www.mpppst.gob.ve\/mpppstweb\/#organization\",\"name\":\"mpppst\",\"url\":\"https:\/\/www.mpppst.gob.ve\/mpppstweb\/\",\"logo\":{\"@type\":\"ImageObject\",\"inLanguage\":\"es\",\"@id\":\"https:\/\/www.mpppst.gob.ve\/mpppstweb\/#\/schema\/logo\/image\/\",\"url\":\"https:\/\/www.mpppst.gob.ve\/mpppstweb\/wp-content\/uploads\/2025\/07\/cropped-cropped-g910.png\",\"contentUrl\":\"https:\/\/www.mpppst.gob.ve\/mpppstweb\/wp-content\/uploads\/2025\/07\/cropped-cropped-g910.png\",\"width\":1080,\"height\":241,\"caption\":\"mpppst\"},\"image\":{\"@id\":\"https:\/\/www.mpppst.gob.ve\/mpppstweb\/#\/schema\/logo\/image\/\"}},{\"@type\":\"Person\",\"@id\":\"https:\/\/www.mpppst.gob.ve\/mpppstweb\/#\/schema\/person\/fc187ee8ead412bd4c9304b62f900ea4\",\"name\":\"MPPPST Prensa\",\"url\":\"https:\/\/www.mpppst.gob.ve\/mpppstweb\/index.php\/author\/prensa-mpppst\/\"}]}<\/script>\n<!-- \/ Yoast SEO plugin. -->","yoast_head_json":{"title":"Gobierno Bolivariano dota de 60 veh\u00edculos al Centro de Refinaci\u00f3n Paraguan\u00e1 - MPPPST","robots":{"index":"index","follow":"follow","max-snippet":"max-snippet:-1","max-image-preview":"max-image-preview:large","max-video-preview":"max-video-preview:-1"},"canonical":"https:\/\/www.mpppst.gob.ve\/mpppstweb\/index.php\/2020\/11\/10\/gobierno-bolivariano-dota-de-60-vehiculos-al-centro-de-refinacion-paraguana\/","og_locale":"es_ES","og_type":"article","og_title":"Gobierno Bolivariano dota de 60 veh\u00edculos al Centro de Refinaci\u00f3n Paraguan\u00e1 - MPPPST","og_description":"Al menos 60 veh\u00edculos fueron entregados al Consejo Productivo de Trabajadores del Centro de Refinaci\u00f3n de &hellip; Gobierno Bolivariano dota de 60 veh\u00edculos al Centro de Refinaci\u00f3n Paraguan\u00e1Read more","og_url":"https:\/\/www.mpppst.gob.ve\/mpppstweb\/index.php\/2020\/11\/10\/gobierno-bolivariano-dota-de-60-vehiculos-al-centro-de-refinacion-paraguana\/","og_site_name":"MPPPST","article_published_time":"2020-11-10T15:37:07+00:00","article_modified_time":"2020-11-10T15:37:08+00:00","og_image":[{"width":768,"height":427,"url":"https:\/\/www.mpppst.gob.ve\/mpppstweb\/wp-content\/uploads\/2020\/11\/vehiculos-768x427-1.jpg","type":"image\/jpeg"}],"author":"MPPPST Prensa","twitter_card":"summary_large_image","twitter_misc":{"Escrito por":"MPPPST Prensa","Tiempo de lectura":"2 minutos"},"schema":{"@context":"https:\/\/schema.org","@graph":[{"@type":"Article","@id":"https:\/\/www.mpppst.gob.ve\/mpppstweb\/index.php\/2020\/11\/10\/gobierno-bolivariano-dota-de-60-vehiculos-al-centro-de-refinacion-paraguana\/#article","isPartOf":{"@id":"https:\/\/www.mpppst.gob.ve\/mpppstweb\/index.php\/2020\/11\/10\/gobierno-bolivariano-dota-de-60-vehiculos-al-centro-de-refinacion-paraguana\/"},"author":{"name":"MPPPST Prensa","@id":"https:\/\/www.mpppst.gob.ve\/mpppstweb\/#\/schema\/person\/fc187ee8ead412bd4c9304b62f900ea4"},"headline":"Gobierno Bolivariano dota de 60 veh\u00edculos al Centro de Refinaci\u00f3n Paraguan\u00e1","datePublished":"2020-11-10T15:37:07+00:00","dateModified":"2020-11-10T15:37:08+00:00","mainEntityOfPage":{"@id":"https:\/\/www.mpppst.gob.ve\/mpppstweb\/index.php\/2020\/11\/10\/gobierno-bolivariano-dota-de-60-vehiculos-al-centro-de-refinacion-paraguana\/"},"wordCount":478,"publisher":{"@id":"https:\/\/www.mpppst.gob.ve\/mpppstweb\/#organization"},"image":{"@id":"https:\/\/www.mpppst.gob.ve\/mpppstweb\/index.php\/2020\/11\/10\/gobierno-bolivariano-dota-de-60-vehiculos-al-centro-de-refinacion-paraguana\/#primaryimage"},"thumbnailUrl":"https:\/\/www.mpppst.gob.ve\/mpppstweb\/wp-content\/uploads\/2020\/11\/vehiculos-768x427-1.jpg","articleSection":["Gobierno Nacional","Noticias"],"inLanguage":"es"},{"@type":"WebPage","@id":"https:\/\/www.mpppst.gob.ve\/mpppstweb\/index.php\/2020\/11\/10\/gobierno-bolivariano-dota-de-60-vehiculos-al-centro-de-refinacion-paraguana\/","url":"https:\/\/www.mpppst.gob.ve\/mpppstweb\/index.php\/2020\/11\/10\/gobierno-bolivariano-dota-de-60-vehiculos-al-centro-de-refinacion-paraguana\/","name":"Gobierno Bolivariano dota de 60 veh\u00edculos al Centro de Refinaci\u00f3n Paraguan\u00e1 - MPPPST","isPartOf":{"@id":"https:\/\/www.mpppst.gob.ve\/mpppstweb\/#website"},"primaryImageOfPage":{"@id":"https:\/\/www.mpppst.gob.ve\/mpppstweb\/index.php\/2020\/11\/10\/gobierno-bolivariano-dota-de-60-vehiculos-al-centro-de-refinacion-paraguana\/#primaryimage"},"image":{"@id":"https:\/\/www.mpppst.gob.ve\/mpppstweb\/index.php\/2020\/11\/10\/gobierno-bolivariano-dota-de-60-vehiculos-al-centro-de-refinacion-paraguana\/#primaryimage"},"thumbnailUrl":"https:\/\/www.mpppst.gob.ve\/mpppstweb\/wp-content\/uploads\/2020\/11\/vehiculos-768x427-1.jpg","datePublished":"2020-11-10T15:37:07+00:00","dateModified":"2020-11-10T15:37:08+00:00","breadcrumb":{"@id":"https:\/\/www.mpppst.gob.ve\/mpppstweb\/index.php\/2020\/11\/10\/gobierno-bolivariano-dota-de-60-vehiculos-al-centro-de-refinacion-paraguana\/#breadcrumb"},"inLanguage":"es","potentialAction":[{"@type":"ReadAction","target":["https:\/\/www.mpppst.gob.ve\/mpppstweb\/index.php\/2020\/11\/10\/gobierno-bolivariano-dota-de-60-vehiculos-al-centro-de-refinacion-paraguana\/"]}]},{"@type":"ImageObject","inLanguage":"es","@id":"https:\/\/www.mpppst.gob.ve\/mpppstweb\/index.php\/2020\/11\/10\/gobierno-bolivariano-dota-de-60-vehiculos-al-centro-de-refinacion-paraguana\/#primaryimage","url":"https:\/\/www.mpppst.gob.ve\/mpppstweb\/wp-content\/uploads\/2020\/11\/vehiculos-768x427-1.jpg","contentUrl":"https:\/\/www.mpppst.gob.ve\/mpppstweb\/wp-content\/uploads\/2020\/11\/vehiculos-768x427-1.jpg","width":768,"height":427},{"@type":"BreadcrumbList","@id":"https:\/\/www.mpppst.gob.ve\/mpppstweb\/index.php\/2020\/11\/10\/gobierno-bolivariano-dota-de-60-vehiculos-al-centro-de-refinacion-paraguana\/#breadcrumb","itemListElement":[{"@type":"ListItem","position":1,"name":"Home","item":"https:\/\/www.mpppst.gob.ve\/mpppstweb\/"},{"@type":"ListItem","position":2,"name":"Gobierno Bolivariano dota de 60 veh\u00edculos al Centro de Refinaci\u00f3n Paraguan\u00e1"}]},{"@type":"WebSite","@id":"https:\/\/www.mpppst.gob.ve\/mpppstweb\/#website","url":"https:\/\/www.mpppst.gob.ve\/mpppstweb\/","name":"MPPPST","description":"Ministerio del Poder Popular para el Proceso Social de Trabajo","publisher":{"@id":"https:\/\/www.mpppst.gob.ve\/mpppstweb\/#organization"},"potentialAction":[{"@type":"SearchAction","target":{"@type":"EntryPoint","urlTemplate":"https:\/\/www.mpppst.gob.ve\/mpppstweb\/?s={search_term_string}"},"query-input":"required name=search_term_string"}],"inLanguage":"es"},{"@type":"Organization","@id":"https:\/\/www.mpppst.gob.ve\/mpppstweb\/#organization","name":"mpppst","url":"https:\/\/www.mpppst.gob.ve\/mpppstweb\/","logo":{"@type":"ImageObject","inLanguage":"es","@id":"https:\/\/www.mpppst.gob.ve\/mpppstweb\/#\/schema\/logo\/image\/","url":"https:\/\/www.mpppst.gob.ve\/mpppstweb\/wp-content\/uploads\/2025\/07\/cropped-cropped-g910.png","contentUrl":"https:\/\/www.mpppst.gob.ve\/mpppstweb\/wp-content\/uploads\/2025\/07\/cropped-cropped-g910.png","width":1080,"height":241,"caption":"mpppst"},"image":{"@id":"https:\/\/www.mpppst.gob.ve\/mpppstweb\/#\/schema\/logo\/image\/"}},{"@type":"Person","@id":"https:\/\/www.mpppst.gob.ve\/mpppstweb\/#\/schema\/person\/fc187ee8ead412bd4c9304b62f900ea4","name":"MPPPST Prensa","url":"https:\/\/www.mpppst.gob.ve\/mpppstweb\/index.php\/author\/prensa-mpppst\/"}]}},"_links":{"self":[{"href":"https:\/\/www.mpppst.gob.ve\/mpppstweb\/index.php\/wp-json\/wp\/v2\/posts\/20449"}],"collection":[{"href":"https:\/\/www.mpppst.gob.ve\/mpppstweb\/index.php\/wp-json\/wp\/v2\/posts"}],"about":[{"href":"https:\/\/www.mpppst.gob.ve\/mpppstweb\/index.php\/wp-json\/wp\/v2\/types\/post"}],"author":[{"embeddable":true,"href":"https:\/\/www.mpppst.gob.ve\/mpppstweb\/index.php\/wp-json\/wp\/v2\/users\/25"}],"replies":[{"embeddable":true,"href":"https:\/\/www.mpppst.gob.ve\/mpppstweb\/index.php\/wp-json\/wp\/v2\/comments?post=20449"}],"version-history":[{"count":1,"href":"https:\/\/www.mpppst.gob.ve\/mpppstweb\/index.php\/wp-json\/wp\/v2\/posts\/20449\/revisions"}],"predecessor-version":[{"id":20451,"href":"https:\/\/www.mpppst.gob.ve\/mpppstweb\/index.php\/wp-json\/wp\/v2\/posts\/20449\/revisions\/20451"}],"wp:featuredmedia":[{"embeddable":true,"href":"https:\/\/www.mpppst.gob.ve\/mpppstweb\/index.php\/wp-json\/wp\/v2\/media\/20450"}],"wp:attachment":[{"href":"https:\/\/www.mpppst.gob.ve\/mpppstweb\/index.php\/wp-json\/wp\/v2\/media?parent=20449"}],"wp:term":[{"taxonomy":"category","embeddable":true,"href":"https:\/\/www.mpppst.gob.ve\/mpppstweb\/index.php\/wp-json\/wp\/v2\/categories?post=20449"},{"taxonomy":"post_tag","embeddable":true,"href":"https:\/\/www.mpppst.gob.ve\/mpppstweb\/index.php\/wp-json\/wp\/v2\/tags?post=20449"}],"curies":[{"name":"wp","href":"https:\/\/api.w.org\/{rel}","templated":true}]}}